{"id":1298,"date":"2013-10-15T00:00:00","date_gmt":"2013-10-15T00:00:00","guid":{"rendered":""},"modified":"2022-01-20T17:39:00","modified_gmt":"2022-01-20T17:39:00","slug":"603c6d8076822","status":"publish","type":"post","link":"https:\/\/consejoderectores.cl\/en\/2013\/10\/15\/603c6d8076822\/","title":{"rendered":"Executive Vice President of CRUCH criticizes artificial increase in average high school grades"},"content":{"rendered":"<blockquote><p>Rector Juan Manuel Zolezzi pointed out that measures like these not only constitute an ethical problem, but also a technical one, because they could harm future generations of the institution that decides to artificially increase its grade point average.<\/p><\/blockquote>\n<p>In the context of the seminar &quot;For a new Technical Education for Chile&quot;, held by the Senate presidency, Education 2020 and the Teachers&#039; Association, the executive vice president of CRUCH and rector of the University of Santiago, Juan Manuel Zolezzi, referred to the decision of the Javiera Carrera High School to increase the average grades of its fourth year of high school with a view to improving its Ranking score.<\/p>\n<p>The rector pointed out that \u201cin education, we strive for truth and the common good. There is an ethical problem in proposing a solution of this nature, in addition to a technical one. This is because it may produce a marginal benefit this year, but the students of future generations will be the most harmed, as the average and maximum grades of that school will increase, since the Grade Ranking is calculated based on the three previous graduating classes. In the end, grades will be worthless at that school.\u201d.<\/p>\n<p>The rector called for calm and urged people to ask questions if they have any doubts. The CRUCH (Council of Rectors of Chilean Universities) seeks excellence and inclusion with this measure; the country and the students have requested it, and we believe we must aim for the common good.<\/p>\n<p>Regarding the criticism that this was a rushed and last-minute decision, he stated that \u201cthe implementation of the Ranking was announced two years ago, and this year&#039;s change was approved in May. At that time, the CRUCH (Council of Rectors of Chilean Universities) approved a minimum of 10% (Teaching Points) in the weighting of the Grade Ranking, and now the universities have published their weightings, on the date they do every year.\u201d.<\/p>\n<p>&nbsp;<\/p>\n<p><em>*Photo: Education 2020.<\/em><\/p>","protected":false},"excerpt":{"rendered":"<p>El rector Juan Manuel Zolezzi se\u00f1al\u00f3 que medidas como \u00e9stas no solo constituyen un problema \u00e9tico, sino que tambi\u00e9n t\u00e9cnico, debido a que podr\u00edan perjudicar a las generaciones venideras del establecimiento que decide aumentar artificialmente su promedio de notas. En el marco del seminario \u201cPor una nueva Educaci\u00f3n T\u00e9cnica para Chile\u201d, realizado por la presidencia [&hellip;]<\/p>\n","protected":false},"author":1,"featured_media":5690,"comment_status":"open","ping_status":"open","sticky":false,"template":"","format":"standard","meta":{"_acf_changed":false,"footnotes":""},"categories":[3],"tags":[],"class_list":["post-1298","post","type-post","status-publish","format-standard","has-post-thumbnail","hentry","category-noticias"],"acf":[],"yoast_head":"<!-- This site is optimized with the Yoast SEO plugin v27.1.1 - https:\/\/yoast.com\/product\/yoast-seo-wordpress\/ -->\n<title>Vicepresidente ejecutivo del CRUCH critica aumento artificial de promedios de las Notas de Ense\u00f1anza Media - Consejo de Rectoras y Rectores de las Universidades Chilenas<\/title>\n<meta name=\"robots\" content=\"index, follow, max-snippet:-1, max-image-preview:large, max-video-preview:-1\" \/>\n<link rel=\"canonical\" href=\"https:\/\/consejoderectores.cl\/en\/2013\/10\/15\/603c6d8076822\/\" \/>\n<meta property=\"og:locale\" content=\"en_US\" \/>\n<meta property=\"og:type\" content=\"article\" \/>\n<meta property=\"og:title\" content=\"Vicepresidente ejecutivo del CRUCH critica aumento artificial de promedios de las Notas de Ense\u00f1anza Media - Consejo de Rectoras y Rectores de las Universidades Chilenas\" \/>\n<meta property=\"og:description\" content=\"El rector Juan Manuel Zolezzi se\u00f1al\u00f3 que medidas como \u00e9stas no solo constituyen un problema \u00e9tico, sino que tambi\u00e9n t\u00e9cnico, debido a que podr\u00edan perjudicar a las generaciones venideras del establecimiento que decide aumentar artificialmente su promedio de notas. En el marco del seminario \u201cPor una nueva Educaci\u00f3n T\u00e9cnica para Chile\u201d, realizado por la presidencia [&hellip;]\" \/>\n<meta property=\"og:url\" content=\"https:\/\/consejoderectores.cl\/en\/2013\/10\/15\/603c6d8076822\/\" \/>\n<meta property=\"og:site_name\" content=\"Consejo de Rectoras y Rectores de las Universidades Chilenas\" \/>\n<meta property=\"article:published_time\" content=\"2013-10-15T00:00:00+00:00\" \/>\n<meta property=\"article:modified_time\" content=\"2022-01-20T17:39:00+00:00\" \/>\n<meta property=\"og:image\" content=\"https:\/\/consejoderectores.cl\/wp-content\/uploads\/2013\/10\/1379937_10151763939933337_82988364_n.jpg\" \/>\n\t<meta property=\"og:image:width\" content=\"960\" \/>\n\t<meta property=\"og:image:height\" content=\"640\" \/>\n\t<meta property=\"og:image:type\" content=\"image\/jpeg\" \/>\n<meta name=\"author\" content=\"Consejo de Rectores de las Universidades Chilenas\" \/>\n<meta name=\"twitter:card\" content=\"summary_large_image\" \/>\n<meta name=\"twitter:creator\" content=\"@CRUCH_cl\" \/>\n<meta name=\"twitter:site\" content=\"@CRUCH_cl\" \/>\n<meta name=\"twitter:label1\" content=\"Written by\" \/>\n\t<meta name=\"twitter:data1\" content=\"Consejo de Rectores de las Universidades Chilenas\" \/>\n\t<meta name=\"twitter:label2\" content=\"Est. reading time\" \/>\n\t<meta name=\"twitter:data2\" content=\"2 minutes\" \/>\n<script type=\"application\/ld+json\" class=\"yoast-schema-graph\">{\"@context\":\"https:\/\/schema.org\",\"@graph\":[{\"@type\":\"Article\",\"@id\":\"https:\/\/consejoderectores.cl\/2013\/10\/15\/603c6d8076822\/#article\",\"isPartOf\":{\"@id\":\"https:\/\/consejoderectores.cl\/2013\/10\/15\/603c6d8076822\/\"},\"author\":{\"name\":\"Consejo de Rectores de las Universidades Chilenas\",\"@id\":\"https:\/\/consejoderectores.cl\/en\/#\/schema\/person\/d863e44afde067fd4b57fac66ced709e\"},\"headline\":\"Vicepresidente ejecutivo del CRUCH critica aumento artificial de promedios de las Notas de Ense\u00f1anza Media\",\"datePublished\":\"2013-10-15T00:00:00+00:00\",\"dateModified\":\"2022-01-20T17:39:00+00:00\",\"mainEntityOfPage\":{\"@id\":\"https:\/\/consejoderectores.cl\/2013\/10\/15\/603c6d8076822\/\"},\"wordCount\":361,\"commentCount\":0,\"publisher\":{\"@id\":\"https:\/\/consejoderectores.cl\/en\/#organization\"},\"image\":{\"@id\":\"https:\/\/consejoderectores.cl\/2013\/10\/15\/603c6d8076822\/#primaryimage\"},\"thumbnailUrl\":\"https:\/\/consejoderectores.cl\/wp-content\/uploads\/2013\/10\/1379937_10151763939933337_82988364_n.jpg\",\"articleSection\":[\"Noticias\"],\"inLanguage\":\"en-US\",\"potentialAction\":[{\"@type\":\"CommentAction\",\"name\":\"Comment\",\"target\":[\"https:\/\/consejoderectores.cl\/2013\/10\/15\/603c6d8076822\/#respond\"]}]},{\"@type\":\"WebPage\",\"@id\":\"https:\/\/consejoderectores.cl\/2013\/10\/15\/603c6d8076822\/\",\"url\":\"https:\/\/consejoderectores.cl\/2013\/10\/15\/603c6d8076822\/\",\"name\":\"Vicepresidente ejecutivo del CRUCH critica aumento artificial de promedios de las Notas de Ense\u00f1anza Media - Consejo de Rectoras y Rectores de las Universidades Chilenas\",\"isPartOf\":{\"@id\":\"https:\/\/consejoderectores.cl\/en\/#website\"},\"primaryImageOfPage\":{\"@id\":\"https:\/\/consejoderectores.cl\/2013\/10\/15\/603c6d8076822\/#primaryimage\"},\"image\":{\"@id\":\"https:\/\/consejoderectores.cl\/2013\/10\/15\/603c6d8076822\/#primaryimage\"},\"thumbnailUrl\":\"https:\/\/consejoderectores.cl\/wp-content\/uploads\/2013\/10\/1379937_10151763939933337_82988364_n.jpg\",\"datePublished\":\"2013-10-15T00:00:00+00:00\",\"dateModified\":\"2022-01-20T17:39:00+00:00\",\"breadcrumb\":{\"@id\":\"https:\/\/consejoderectores.cl\/2013\/10\/15\/603c6d8076822\/#breadcrumb\"},\"inLanguage\":\"en-US\",\"potentialAction\":[{\"@type\":\"ReadAction\",\"target\":[\"https:\/\/consejoderectores.cl\/2013\/10\/15\/603c6d8076822\/\"]}]},{\"@type\":\"ImageObject\",\"inLanguage\":\"en-US\",\"@id\":\"https:\/\/consejoderectores.cl\/2013\/10\/15\/603c6d8076822\/#primaryimage\",\"url\":\"https:\/\/consejoderectores.cl\/wp-content\/uploads\/2013\/10\/1379937_10151763939933337_82988364_n.jpg\",\"contentUrl\":\"https:\/\/consejoderectores.cl\/wp-content\/uploads\/2013\/10\/1379937_10151763939933337_82988364_n.jpg\",\"width\":960,\"height\":640},{\"@type\":\"BreadcrumbList\",\"@id\":\"https:\/\/consejoderectores.cl\/2013\/10\/15\/603c6d8076822\/#breadcrumb\",\"itemListElement\":[{\"@type\":\"ListItem\",\"position\":1,\"name\":\"Home\",\"item\":\"https:\/\/consejoderectores.cl\/\"},{\"@type\":\"ListItem\",\"position\":2,\"name\":\"Vicepresidente ejecutivo del CRUCH critica aumento artificial de promedios de las Notas de Ense\u00f1anza Media\"}]},{\"@type\":\"WebSite\",\"@id\":\"https:\/\/consejoderectores.cl\/en\/#website\",\"url\":\"https:\/\/consejoderectores.cl\/en\/\",\"name\":\"Consejo de Rectoras y Rectores de las Universidades Chilenas\",\"description\":\"\",\"publisher\":{\"@id\":\"https:\/\/consejoderectores.cl\/en\/#organization\"},\"potentialAction\":[{\"@type\":\"SearchAction\",\"target\":{\"@type\":\"EntryPoint\",\"urlTemplate\":\"https:\/\/consejoderectores.cl\/en\/?s={search_term_string}\"},\"query-input\":{\"@type\":\"PropertyValueSpecification\",\"valueRequired\":true,\"valueName\":\"search_term_string\"}}],\"inLanguage\":\"en-US\"},{\"@type\":\"Organization\",\"@id\":\"https:\/\/consejoderectores.cl\/en\/#organization\",\"name\":\"Consejo de Rectoras y Rectores de las Universidades Chilenas\",\"url\":\"https:\/\/consejoderectores.cl\/en\/\",\"logo\":{\"@type\":\"ImageObject\",\"inLanguage\":\"en-US\",\"@id\":\"https:\/\/consejoderectores.cl\/en\/#\/schema\/logo\/image\/\",\"url\":\"https:\/\/consejoderectores.cl\/wp-content\/uploads\/2025\/12\/logoheader_2025.png\",\"contentUrl\":\"https:\/\/consejoderectores.cl\/wp-content\/uploads\/2025\/12\/logoheader_2025.png\",\"width\":666,\"height\":305,\"caption\":\"Consejo de Rectoras y Rectores de las Universidades Chilenas\"},\"image\":{\"@id\":\"https:\/\/consejoderectores.cl\/en\/#\/schema\/logo\/image\/\"},\"sameAs\":[\"https:\/\/x.com\/CRUCH_cl\",\"https:\/\/www.instagram.com\/consejoderectores\/\",\"https:\/\/www.linkedin.com\/company\/cruch\/\",\"https:\/\/www.youtube.com\/channel\/UCzgIFRCsDlKoFpimiQmEaOA\"]},{\"@type\":\"Person\",\"@id\":\"https:\/\/consejoderectores.cl\/en\/#\/schema\/person\/d863e44afde067fd4b57fac66ced709e\",\"name\":\"Consejo de Rectores de las Universidades Chilenas\",\"image\":{\"@type\":\"ImageObject\",\"inLanguage\":\"en-US\",\"@id\":\"https:\/\/consejoderectores.cl\/en\/#\/schema\/person\/image\/\",\"url\":\"https:\/\/secure.gravatar.com\/avatar\/c31e2a02401f041926afb8ee21ab666f0925814fe85d25a5c8db80e23722dfc1?s=96&d=mm&r=g\",\"contentUrl\":\"https:\/\/secure.gravatar.com\/avatar\/c31e2a02401f041926afb8ee21ab666f0925814fe85d25a5c8db80e23722dfc1?s=96&d=mm&r=g\",\"caption\":\"Consejo de Rectores de las Universidades Chilenas\"},\"sameAs\":[\"https:\/\/www.consejoderectores.cl\"],\"url\":\"https:\/\/consejoderectores.cl\/en\/author\/cruch\/\"}]}<\/script>\n<!-- \/ Yoast SEO plugin. -->","yoast_head_json":{"title":"Vicepresidente ejecutivo del CRUCH critica aumento artificial de promedios de las Notas de Ense\u00f1anza Media - Consejo de Rectoras y Rectores de las Universidades Chilenas","robots":{"index":"index","follow":"follow","max-snippet":"max-snippet:-1","max-image-preview":"max-image-preview:large","max-video-preview":"max-video-preview:-1"},"canonical":"https:\/\/consejoderectores.cl\/en\/2013\/10\/15\/603c6d8076822\/","og_locale":"en_US","og_type":"article","og_title":"Vicepresidente ejecutivo del CRUCH critica aumento artificial de promedios de las Notas de Ense\u00f1anza Media - Consejo de Rectoras y Rectores de las Universidades Chilenas","og_description":"El rector Juan Manuel Zolezzi se\u00f1al\u00f3 que medidas como \u00e9stas no solo constituyen un problema \u00e9tico, sino que tambi\u00e9n t\u00e9cnico, debido a que podr\u00edan perjudicar a las generaciones venideras del establecimiento que decide aumentar artificialmente su promedio de notas. En el marco del seminario \u201cPor una nueva Educaci\u00f3n T\u00e9cnica para Chile\u201d, realizado por la presidencia [&hellip;]","og_url":"https:\/\/consejoderectores.cl\/en\/2013\/10\/15\/603c6d8076822\/","og_site_name":"Consejo de Rectoras y Rectores de las Universidades Chilenas","article_published_time":"2013-10-15T00:00:00+00:00","article_modified_time":"2022-01-20T17:39:00+00:00","og_image":[{"width":960,"height":640,"url":"https:\/\/consejoderectores.cl\/wp-content\/uploads\/2013\/10\/1379937_10151763939933337_82988364_n.jpg","type":"image\/jpeg"}],"author":"Consejo de Rectores de las Universidades Chilenas","twitter_card":"summary_large_image","twitter_creator":"@CRUCH_cl","twitter_site":"@CRUCH_cl","twitter_misc":{"Written by":"Consejo de Rectores de las Universidades Chilenas","Est. reading time":"2 minutes"},"schema":{"@context":"https:\/\/schema.org","@graph":[{"@type":"Article","@id":"https:\/\/consejoderectores.cl\/2013\/10\/15\/603c6d8076822\/#article","isPartOf":{"@id":"https:\/\/consejoderectores.cl\/2013\/10\/15\/603c6d8076822\/"},"author":{"name":"Consejo de Rectores de las Universidades Chilenas","@id":"https:\/\/consejoderectores.cl\/en\/#\/schema\/person\/d863e44afde067fd4b57fac66ced709e"},"headline":"Vicepresidente ejecutivo del CRUCH critica aumento artificial de promedios de las Notas de Ense\u00f1anza Media","datePublished":"2013-10-15T00:00:00+00:00","dateModified":"2022-01-20T17:39:00+00:00","mainEntityOfPage":{"@id":"https:\/\/consejoderectores.cl\/2013\/10\/15\/603c6d8076822\/"},"wordCount":361,"commentCount":0,"publisher":{"@id":"https:\/\/consejoderectores.cl\/en\/#organization"},"image":{"@id":"https:\/\/consejoderectores.cl\/2013\/10\/15\/603c6d8076822\/#primaryimage"},"thumbnailUrl":"https:\/\/consejoderectores.cl\/wp-content\/uploads\/2013\/10\/1379937_10151763939933337_82988364_n.jpg","articleSection":["Noticias"],"inLanguage":"en-US","potentialAction":[{"@type":"CommentAction","name":"Comment","target":["https:\/\/consejoderectores.cl\/2013\/10\/15\/603c6d8076822\/#respond"]}]},{"@type":"WebPage","@id":"https:\/\/consejoderectores.cl\/2013\/10\/15\/603c6d8076822\/","url":"https:\/\/consejoderectores.cl\/2013\/10\/15\/603c6d8076822\/","name":"Vicepresidente ejecutivo del CRUCH critica aumento artificial de promedios de las Notas de Ense\u00f1anza Media - Consejo de Rectoras y Rectores de las Universidades Chilenas","isPartOf":{"@id":"https:\/\/consejoderectores.cl\/en\/#website"},"primaryImageOfPage":{"@id":"https:\/\/consejoderectores.cl\/2013\/10\/15\/603c6d8076822\/#primaryimage"},"image":{"@id":"https:\/\/consejoderectores.cl\/2013\/10\/15\/603c6d8076822\/#primaryimage"},"thumbnailUrl":"https:\/\/consejoderectores.cl\/wp-content\/uploads\/2013\/10\/1379937_10151763939933337_82988364_n.jpg","datePublished":"2013-10-15T00:00:00+00:00","dateModified":"2022-01-20T17:39:00+00:00","breadcrumb":{"@id":"https:\/\/consejoderectores.cl\/2013\/10\/15\/603c6d8076822\/#breadcrumb"},"inLanguage":"en-US","potentialAction":[{"@type":"ReadAction","target":["https:\/\/consejoderectores.cl\/2013\/10\/15\/603c6d8076822\/"]}]},{"@type":"ImageObject","inLanguage":"en-US","@id":"https:\/\/consejoderectores.cl\/2013\/10\/15\/603c6d8076822\/#primaryimage","url":"https:\/\/consejoderectores.cl\/wp-content\/uploads\/2013\/10\/1379937_10151763939933337_82988364_n.jpg","contentUrl":"https:\/\/consejoderectores.cl\/wp-content\/uploads\/2013\/10\/1379937_10151763939933337_82988364_n.jpg","width":960,"height":640},{"@type":"BreadcrumbList","@id":"https:\/\/consejoderectores.cl\/2013\/10\/15\/603c6d8076822\/#breadcrumb","itemListElement":[{"@type":"ListItem","position":1,"name":"Home","item":"https:\/\/consejoderectores.cl\/"},{"@type":"ListItem","position":2,"name":"Vicepresidente ejecutivo del CRUCH critica aumento artificial de promedios de las Notas de Ense\u00f1anza Media"}]},{"@type":"WebSite","@id":"https:\/\/consejoderectores.cl\/en\/#website","url":"https:\/\/consejoderectores.cl\/en\/","name":"Council of Rectors of Chilean Universities","description":"","publisher":{"@id":"https:\/\/consejoderectores.cl\/en\/#organization"},"potentialAction":[{"@type":"SearchAction","target":{"@type":"EntryPoint","urlTemplate":"https:\/\/consejoderectores.cl\/en\/?s={search_term_string}"},"query-input":{"@type":"PropertyValueSpecification","valueRequired":true,"valueName":"search_term_string"}}],"inLanguage":"en-US"},{"@type":"Organization","@id":"https:\/\/consejoderectores.cl\/en\/#organization","name":"Council of Rectors of Chilean Universities","url":"https:\/\/consejoderectores.cl\/en\/","logo":{"@type":"ImageObject","inLanguage":"en-US","@id":"https:\/\/consejoderectores.cl\/en\/#\/schema\/logo\/image\/","url":"https:\/\/consejoderectores.cl\/wp-content\/uploads\/2025\/12\/logoheader_2025.png","contentUrl":"https:\/\/consejoderectores.cl\/wp-content\/uploads\/2025\/12\/logoheader_2025.png","width":666,"height":305,"caption":"Consejo de Rectoras y Rectores de las Universidades Chilenas"},"image":{"@id":"https:\/\/consejoderectores.cl\/en\/#\/schema\/logo\/image\/"},"sameAs":["https:\/\/x.com\/CRUCH_cl","https:\/\/www.instagram.com\/consejoderectores\/","https:\/\/www.linkedin.com\/company\/cruch\/","https:\/\/www.youtube.com\/channel\/UCzgIFRCsDlKoFpimiQmEaOA"]},{"@type":"Person","@id":"https:\/\/consejoderectores.cl\/en\/#\/schema\/person\/d863e44afde067fd4b57fac66ced709e","name":"Council of Rectors of Chilean Universities","image":{"@type":"ImageObject","inLanguage":"en-US","@id":"https:\/\/consejoderectores.cl\/en\/#\/schema\/person\/image\/","url":"https:\/\/secure.gravatar.com\/avatar\/c31e2a02401f041926afb8ee21ab666f0925814fe85d25a5c8db80e23722dfc1?s=96&d=mm&r=g","contentUrl":"https:\/\/secure.gravatar.com\/avatar\/c31e2a02401f041926afb8ee21ab666f0925814fe85d25a5c8db80e23722dfc1?s=96&d=mm&r=g","caption":"Consejo de Rectores de las Universidades Chilenas"},"sameAs":["https:\/\/www.consejoderectores.cl"],"url":"https:\/\/consejoderectores.cl\/en\/author\/cruch\/"}]}},"_links":{"self":[{"href":"https:\/\/consejoderectores.cl\/en\/wp-json\/wp\/v2\/posts\/1298","targetHints":{"allow":["GET"]}}],"collection":[{"href":"https:\/\/consejoderectores.cl\/en\/wp-json\/wp\/v2\/posts"}],"about":[{"href":"https:\/\/consejoderectores.cl\/en\/wp-json\/wp\/v2\/types\/post"}],"author":[{"embeddable":true,"href":"https:\/\/consejoderectores.cl\/en\/wp-json\/wp\/v2\/users\/1"}],"replies":[{"embeddable":true,"href":"https:\/\/consejoderectores.cl\/en\/wp-json\/wp\/v2\/comments?post=1298"}],"version-history":[{"count":3,"href":"https:\/\/consejoderectores.cl\/en\/wp-json\/wp\/v2\/posts\/1298\/revisions"}],"predecessor-version":[{"id":5692,"href":"https:\/\/consejoderectores.cl\/en\/wp-json\/wp\/v2\/posts\/1298\/revisions\/5692"}],"wp:featuredmedia":[{"embeddable":true,"href":"https:\/\/consejoderectores.cl\/en\/wp-json\/wp\/v2\/media\/5690"}],"wp:attachment":[{"href":"https:\/\/consejoderectores.cl\/en\/wp-json\/wp\/v2\/media?parent=1298"}],"wp:term":[{"taxonomy":"category","embeddable":true,"href":"https:\/\/consejoderectores.cl\/en\/wp-json\/wp\/v2\/categories?post=1298"},{"taxonomy":"post_tag","embeddable":true,"href":"https:\/\/consejoderectores.cl\/en\/wp-json\/wp\/v2\/tags?post=1298"}],"curies":[{"name":"wp","href":"https:\/\/api.w.org\/{rel}","templated":true}]}}