{"id":12978,"date":"2025-08-29T00:42:57","date_gmt":"2025-08-29T00:42:57","guid":{"rendered":"https:\/\/consejoderectores.cl\/?p=12978"},"modified":"2025-08-29T00:42:57","modified_gmt":"2025-08-29T00:42:57","slug":"cruch-acuerda-profundizar-sus-propuestas-al-proyecto-fes-ante-proximo-debate-legislativo","status":"publish","type":"post","link":"https:\/\/consejoderectores.cl\/en\/2025\/08\/29\/cruch-acuerda-profundizar-sus-propuestas-al-proyecto-fes-ante-proximo-debate-legislativo\/","title":{"rendered":"CRUCH agrees to deepen its proposals to the FES project ahead of the next legislative debate"},"content":{"rendered":"<blockquote><p>The Council will put forward proposals regarding co-payments and will advance a risk analysis. Furthermore, the plenary session of university presidents emphasized the need for the project to incorporate university autonomy.<\/p>\n<p>The Undersecretary of Higher Education, V\u00edctor Orellana, stated that \u201cwe have always expressed our willingness to listen and build an agreement together, so we especially value the proposal that CRUCH will send us.\u201d.<\/p><\/blockquote>\n<p>The impact of the Public Financing for Higher Education (FES) bill was once again at the center of the debate of the Council of Rectors of Chilean Universities (CRUCH).<\/p>\n<p>At the meeting on Thursday, August 28, in addition to analyzing proposals to extend the co-payment prepared by the CRUCH Economic Commission, new aspects were raised that should be considered in the project.<\/p>\n<p>The executive vice president of CRUCH and rector of the University of Tarapac\u00e1 (UTA), Emilio Rodr\u00edguez, highlighted the<img loading=\"lazy\" decoding=\"async\" class=\"wp-image-12980 alignright\" src=\"https:\/\/consejoderectores.cl\/wp-content\/uploads\/2025\/08\/Testera_UTEM-e1756427996225.jpeg\" alt=\"\" width=\"398\" height=\"298\" \/> The importance of broadening the perspective on the project, at least in three aspects, was emphasized. He commented that \u201ctoday we spoke with the university presidents and agreed that it is essential to incorporate a risk analysis of certain aspects or variables that must be simulated and modeled.\u201d Furthermore, \u201csince the project has a very significant state funding component, university autonomy must be safeguarded. While it is protected by various laws, we believe it would send a strong signal if this autonomy were also incorporated into the project,\u201d Rodr\u00edguez indicated. Thirdly, \u201cif this is a higher education funding system, it should consider other elements, such as contributions to the supply of programs. We believe this is a fundamental issue, given that investment in science, technology, knowledge, and innovation is quite low in the country,\u201d the executive vice president affirmed.<\/p>\n<p>The Undersecretary of Higher Education, V\u00edctor Orellana, who participated in the session held at the Metropolitan Technological University, expressed his receptiveness to the proposals from the Council of Rectors of Chilean Universities (CRUCH). \u201cFor the Government, the second legislative stage is a key opportunity for dialogue and reaching agreements. We have always expressed our willingness to listen and build consensus together, so we especially value the proposal that CRUCH will submit. Once received, we will study it with the same spirit of collaboration and openness that we have maintained thus far, appropriately balancing the needs of individuals, higher education institutions, and the country.\u201d.<\/p>\n<p>It is worth remembering that the FES Project is currently in the Senate to continue its legislative process, after the Chamber of Deputies approved the law in general and in particular.<\/p>\n<p><strong>About<\/strong><strong>the co-payment<\/strong><\/p>\n<p>The president of the CRUCH Economic Commission and rector of the University of Talca, Carlos Torres, elaborated on the factors that justify co-payment.<\/p>\n<p>\u201cRegardless of setting regulated fees based on costs, there are certain differences between institutions that cater to specific educational projects that are impossible to represent in a generalist model. In that sense, we believe that co-payments are based primarily on this difference in approaches, in the educational perspectives that each institution recognized under Law 21.091 has,\u201d Torres stated.<\/p>\n<p>He added that \u201cwe also see that the composition of university study programs is quite dissimilar. And this, of course, implies income and cost structures that are also differentiated. Furthermore, there are certain characteristics that are more specific to the location of the institution, the regulations to which it is subject, which also generate differences that are impossible to capture in a generalist model.\u201d.<\/p>\n<p>In conclusion, \u201cwe see that co-payments would provide flexibility to accommodate these differences within the proposed model. And, of course, it must be understood that universities, with their income, ultimately produce public goods. Therefore, to the extent that this income enters the institution, it will materialize into a benefit for society,\u201d stated the president of the Economic Commission.<\/p>\n<p>The CRUCh will maintain an active advocacy agenda to present and discuss this proposal with parliamentarians and government authorities, seeking to ensure that the final legal framework recognizes the diversity of the system and guarantees its long-term financial viability.<\/p>\n<p><strong>CRUCH Commemorative Book<\/strong><\/p>\n<p>Another milestone that marked the session was the presentation of the CRUCH commemorative book \u201c70 years building the knowledge, development and future of Chile\u201d.<\/p>\n<p>The book includes a historical overview of the Council&#039;s early years and its main achievements over the past decade (2014-2024), as well as columns by government officials, National Prize winners in various fields, and the presidents of CRUCH universities. The content covers topics such as university institutional frameworks; science and technology; arts and humanities; quality teaching; territorial development; and CRUCH&#039;s strategic challenges leading up to 2030.<\/p>\n<p><img loading=\"lazy\" decoding=\"async\" class=\"wp-image-12979 aligncenter\" src=\"https:\/\/consejoderectores.cl\/wp-content\/uploads\/2025\/08\/Sesion_UTEM.jpeg\" alt=\"\" width=\"605\" height=\"454\" srcset=\"https:\/\/consejoderectores.cl\/wp-content\/uploads\/2025\/08\/Sesion_UTEM.jpeg 1280w, https:\/\/consejoderectores.cl\/wp-content\/uploads\/2025\/08\/Sesion_UTEM-300x225.jpeg 300w, https:\/\/consejoderectores.cl\/wp-content\/uploads\/2025\/08\/Sesion_UTEM-1024x768.jpeg 1024w, https:\/\/consejoderectores.cl\/wp-content\/uploads\/2025\/08\/Sesion_UTEM-768x576.jpeg 768w, https:\/\/consejoderectores.cl\/wp-content\/uploads\/2025\/08\/Sesion_UTEM-16x12.jpeg 16w, https:\/\/consejoderectores.cl\/wp-content\/uploads\/2025\/08\/Sesion_UTEM-320x240.jpeg 320w, https:\/\/consejoderectores.cl\/wp-content\/uploads\/2025\/08\/Sesion_UTEM-480x360.jpeg 480w, https:\/\/consejoderectores.cl\/wp-content\/uploads\/2025\/08\/Sesion_UTEM-800x600.jpeg 800w, https:\/\/consejoderectores.cl\/wp-content\/uploads\/2025\/08\/Sesion_UTEM-848x636.jpeg 848w, https:\/\/consejoderectores.cl\/wp-content\/uploads\/2025\/08\/Sesion_UTEM-1140x855.jpeg 1140w, https:\/\/consejoderectores.cl\/wp-content\/uploads\/2025\/08\/Sesion_UTEM-1170x878.jpeg 1170w\" sizes=\"auto, (max-width: 605px) 100vw, 605px\" \/><\/p>\n<p>&nbsp;<\/p>\n<p><strong>Text and photographs: CRUCH Communications<\/strong><\/p>","protected":false},"excerpt":{"rendered":"<p>El Consejo plantear\u00e1\u00a0propuestas en relaci\u00f3n al copago y avanzar\u00e1\u00a0en un an\u00e1lisis de riesgos.\u00a0Adem\u00e1s,\u00a0en el pleno de rectoras y rectores se enfatiz\u00f3 la necesidad de que\u00a0 el proyecto incorpore\u00a0la autonom\u00eda universitaria. El subsecretario de educaci\u00f3n superior, V\u00edctor Orellana, se\u00f1al\u00f3 que \u201chemos manifestado siempre nuestra disposici\u00f3n a escuchar y construir un acuerdo en conjunto, por lo que [&hellip;]<\/p>\n","protected":false},"author":1,"featured_media":12981,"comment_status":"open","ping_status":"open","sticky":false,"template":"","format":"standard","meta":{"_acf_changed":false,"footnotes":""},"categories":[3,13],"tags":[],"class_list":["post-12978","post","type-post","status-publish","format-standard","has-post-thumbnail","hentry","category-noticias","category-noticias-carrusel"],"acf":[],"yoast_head":"<!-- This site is optimized with the Yoast SEO plugin v27.1.1 - https:\/\/yoast.com\/product\/yoast-seo-wordpress\/ -->\n<title>CRUCH acuerda profundizar sus propuestas al proyecto FES ante pr\u00f3ximo debate legislativo - Consejo de Rectoras y Rectores de las Universidades Chilenas<\/title>\n<meta name=\"robots\" content=\"index, follow, max-snippet:-1, max-image-preview:large, max-video-preview:-1\" \/>\n<link rel=\"canonical\" href=\"https:\/\/consejoderectores.cl\/en\/2025\/08\/29\/cruch-acuerda-profundizar-sus-propuestas-al-proyecto-fes-ante-proximo-debate-legislativo\/\" \/>\n<meta property=\"og:locale\" content=\"en_US\" \/>\n<meta property=\"og:type\" content=\"article\" \/>\n<meta property=\"og:title\" content=\"CRUCH acuerda profundizar sus propuestas al proyecto FES ante pr\u00f3ximo debate legislativo - Consejo de Rectoras y Rectores de las Universidades Chilenas\" \/>\n<meta property=\"og:description\" content=\"El Consejo plantear\u00e1\u00a0propuestas en relaci\u00f3n al copago y avanzar\u00e1\u00a0en un an\u00e1lisis de riesgos.\u00a0Adem\u00e1s,\u00a0en el pleno de rectoras y rectores se enfatiz\u00f3 la necesidad de que\u00a0 el proyecto incorpore\u00a0la autonom\u00eda universitaria. El subsecretario de educaci\u00f3n superior, V\u00edctor Orellana, se\u00f1al\u00f3 que \u201chemos manifestado siempre nuestra disposici\u00f3n a escuchar y construir un acuerdo en conjunto, por lo que [&hellip;]\" \/>\n<meta property=\"og:url\" content=\"https:\/\/consejoderectores.cl\/en\/2025\/08\/29\/cruch-acuerda-profundizar-sus-propuestas-al-proyecto-fes-ante-proximo-debate-legislativo\/\" \/>\n<meta property=\"og:site_name\" content=\"Consejo de Rectoras y Rectores de las Universidades Chilenas\" \/>\n<meta property=\"article:published_time\" content=\"2025-08-29T00:42:57+00:00\" \/>\n<meta property=\"og:image\" content=\"https:\/\/consejoderectores.cl\/wp-content\/uploads\/2025\/08\/3_UTEM.jpeg\" \/>\n\t<meta property=\"og:image:width\" content=\"1280\" \/>\n\t<meta property=\"og:image:height\" content=\"960\" \/>\n\t<meta property=\"og:image:type\" content=\"image\/jpeg\" \/>\n<meta name=\"author\" content=\"Consejo de Rectores de las Universidades Chilenas\" \/>\n<meta name=\"twitter:card\" content=\"summary_large_image\" \/>\n<meta name=\"twitter:creator\" content=\"@CRUCH_cl\" \/>\n<meta name=\"twitter:site\" content=\"@CRUCH_cl\" \/>\n<meta name=\"twitter:label1\" content=\"Written by\" \/>\n\t<meta name=\"twitter:data1\" content=\"Consejo de Rectores de las Universidades Chilenas\" \/>\n\t<meta name=\"twitter:label2\" content=\"Est. reading time\" \/>\n\t<meta name=\"twitter:data2\" content=\"5 minutes\" \/>\n<script type=\"application\/ld+json\" class=\"yoast-schema-graph\">{\"@context\":\"https:\/\/schema.org\",\"@graph\":[{\"@type\":\"Article\",\"@id\":\"https:\/\/consejoderectores.cl\/2025\/08\/29\/cruch-acuerda-profundizar-sus-propuestas-al-proyecto-fes-ante-proximo-debate-legislativo\/#article\",\"isPartOf\":{\"@id\":\"https:\/\/consejoderectores.cl\/2025\/08\/29\/cruch-acuerda-profundizar-sus-propuestas-al-proyecto-fes-ante-proximo-debate-legislativo\/\"},\"author\":{\"name\":\"Consejo de Rectores de las Universidades Chilenas\",\"@id\":\"https:\/\/consejoderectores.cl\/en\/#\/schema\/person\/d863e44afde067fd4b57fac66ced709e\"},\"headline\":\"CRUCH acuerda profundizar sus propuestas al proyecto FES ante pr\u00f3ximo debate legislativo\",\"datePublished\":\"2025-08-29T00:42:57+00:00\",\"mainEntityOfPage\":{\"@id\":\"https:\/\/consejoderectores.cl\/2025\/08\/29\/cruch-acuerda-profundizar-sus-propuestas-al-proyecto-fes-ante-proximo-debate-legislativo\/\"},\"wordCount\":903,\"commentCount\":0,\"publisher\":{\"@id\":\"https:\/\/consejoderectores.cl\/en\/#organization\"},\"image\":{\"@id\":\"https:\/\/consejoderectores.cl\/2025\/08\/29\/cruch-acuerda-profundizar-sus-propuestas-al-proyecto-fes-ante-proximo-debate-legislativo\/#primaryimage\"},\"thumbnailUrl\":\"https:\/\/consejoderectores.cl\/wp-content\/uploads\/2025\/08\/3_UTEM.jpeg\",\"articleSection\":[\"Noticias\",\"Noticias Carrusel\"],\"inLanguage\":\"en-US\",\"potentialAction\":[{\"@type\":\"CommentAction\",\"name\":\"Comment\",\"target\":[\"https:\/\/consejoderectores.cl\/2025\/08\/29\/cruch-acuerda-profundizar-sus-propuestas-al-proyecto-fes-ante-proximo-debate-legislativo\/#respond\"]}]},{\"@type\":\"WebPage\",\"@id\":\"https:\/\/consejoderectores.cl\/2025\/08\/29\/cruch-acuerda-profundizar-sus-propuestas-al-proyecto-fes-ante-proximo-debate-legislativo\/\",\"url\":\"https:\/\/consejoderectores.cl\/2025\/08\/29\/cruch-acuerda-profundizar-sus-propuestas-al-proyecto-fes-ante-proximo-debate-legislativo\/\",\"name\":\"CRUCH acuerda profundizar sus propuestas al proyecto FES ante pr\u00f3ximo debate legislativo - Consejo de Rectoras y Rectores de las Universidades Chilenas\",\"isPartOf\":{\"@id\":\"https:\/\/consejoderectores.cl\/en\/#website\"},\"primaryImageOfPage\":{\"@id\":\"https:\/\/consejoderectores.cl\/2025\/08\/29\/cruch-acuerda-profundizar-sus-propuestas-al-proyecto-fes-ante-proximo-debate-legislativo\/#primaryimage\"},\"image\":{\"@id\":\"https:\/\/consejoderectores.cl\/2025\/08\/29\/cruch-acuerda-profundizar-sus-propuestas-al-proyecto-fes-ante-proximo-debate-legislativo\/#primaryimage\"},\"thumbnailUrl\":\"https:\/\/consejoderectores.cl\/wp-content\/uploads\/2025\/08\/3_UTEM.jpeg\",\"datePublished\":\"2025-08-29T00:42:57+00:00\",\"breadcrumb\":{\"@id\":\"https:\/\/consejoderectores.cl\/2025\/08\/29\/cruch-acuerda-profundizar-sus-propuestas-al-proyecto-fes-ante-proximo-debate-legislativo\/#breadcrumb\"},\"inLanguage\":\"en-US\",\"potentialAction\":[{\"@type\":\"ReadAction\",\"target\":[\"https:\/\/consejoderectores.cl\/2025\/08\/29\/cruch-acuerda-profundizar-sus-propuestas-al-proyecto-fes-ante-proximo-debate-legislativo\/\"]}]},{\"@type\":\"ImageObject\",\"inLanguage\":\"en-US\",\"@id\":\"https:\/\/consejoderectores.cl\/2025\/08\/29\/cruch-acuerda-profundizar-sus-propuestas-al-proyecto-fes-ante-proximo-debate-legislativo\/#primaryimage\",\"url\":\"https:\/\/consejoderectores.cl\/wp-content\/uploads\/2025\/08\/3_UTEM.jpeg\",\"contentUrl\":\"https:\/\/consejoderectores.cl\/wp-content\/uploads\/2025\/08\/3_UTEM.jpeg\",\"width\":1280,\"height\":960},{\"@type\":\"BreadcrumbList\",\"@id\":\"https:\/\/consejoderectores.cl\/2025\/08\/29\/cruch-acuerda-profundizar-sus-propuestas-al-proyecto-fes-ante-proximo-debate-legislativo\/#breadcrumb\",\"itemListElement\":[{\"@type\":\"ListItem\",\"position\":1,\"name\":\"Home\",\"item\":\"https:\/\/consejoderectores.cl\/\"},{\"@type\":\"ListItem\",\"position\":2,\"name\":\"CRUCH acuerda profundizar sus propuestas al proyecto FES ante pr\u00f3ximo debate legislativo\"}]},{\"@type\":\"WebSite\",\"@id\":\"https:\/\/consejoderectores.cl\/en\/#website\",\"url\":\"https:\/\/consejoderectores.cl\/en\/\",\"name\":\"Consejo de Rectoras y Rectores de las Universidades Chilenas\",\"description\":\"\",\"publisher\":{\"@id\":\"https:\/\/consejoderectores.cl\/en\/#organization\"},\"potentialAction\":[{\"@type\":\"SearchAction\",\"target\":{\"@type\":\"EntryPoint\",\"urlTemplate\":\"https:\/\/consejoderectores.cl\/en\/?s={search_term_string}\"},\"query-input\":{\"@type\":\"PropertyValueSpecification\",\"valueRequired\":true,\"valueName\":\"search_term_string\"}}],\"inLanguage\":\"en-US\"},{\"@type\":\"Organization\",\"@id\":\"https:\/\/consejoderectores.cl\/en\/#organization\",\"name\":\"Consejo de Rectoras y Rectores de las Universidades Chilenas\",\"url\":\"https:\/\/consejoderectores.cl\/en\/\",\"logo\":{\"@type\":\"ImageObject\",\"inLanguage\":\"en-US\",\"@id\":\"https:\/\/consejoderectores.cl\/en\/#\/schema\/logo\/image\/\",\"url\":\"https:\/\/consejoderectores.cl\/wp-content\/uploads\/2025\/12\/logoheader_2025.png\",\"contentUrl\":\"https:\/\/consejoderectores.cl\/wp-content\/uploads\/2025\/12\/logoheader_2025.png\",\"width\":666,\"height\":305,\"caption\":\"Consejo de Rectoras y Rectores de las Universidades Chilenas\"},\"image\":{\"@id\":\"https:\/\/consejoderectores.cl\/en\/#\/schema\/logo\/image\/\"},\"sameAs\":[\"https:\/\/x.com\/CRUCH_cl\",\"https:\/\/www.instagram.com\/consejoderectores\/\",\"https:\/\/www.linkedin.com\/company\/cruch\/\",\"https:\/\/www.youtube.com\/channel\/UCzgIFRCsDlKoFpimiQmEaOA\"]},{\"@type\":\"Person\",\"@id\":\"https:\/\/consejoderectores.cl\/en\/#\/schema\/person\/d863e44afde067fd4b57fac66ced709e\",\"name\":\"Consejo de Rectores de las Universidades Chilenas\",\"image\":{\"@type\":\"ImageObject\",\"inLanguage\":\"en-US\",\"@id\":\"https:\/\/consejoderectores.cl\/en\/#\/schema\/person\/image\/\",\"url\":\"https:\/\/secure.gravatar.com\/avatar\/c31e2a02401f041926afb8ee21ab666f0925814fe85d25a5c8db80e23722dfc1?s=96&d=mm&r=g\",\"contentUrl\":\"https:\/\/secure.gravatar.com\/avatar\/c31e2a02401f041926afb8ee21ab666f0925814fe85d25a5c8db80e23722dfc1?s=96&d=mm&r=g\",\"caption\":\"Consejo de Rectores de las Universidades Chilenas\"},\"sameAs\":[\"https:\/\/www.consejoderectores.cl\"],\"url\":\"https:\/\/consejoderectores.cl\/en\/author\/cruch\/\"}]}<\/script>\n<!-- \/ Yoast SEO plugin. -->","yoast_head_json":{"title":"CRUCH acuerda profundizar sus propuestas al proyecto FES ante pr\u00f3ximo debate legislativo - Consejo de Rectoras y Rectores de las Universidades Chilenas","robots":{"index":"index","follow":"follow","max-snippet":"max-snippet:-1","max-image-preview":"max-image-preview:large","max-video-preview":"max-video-preview:-1"},"canonical":"https:\/\/consejoderectores.cl\/en\/2025\/08\/29\/cruch-acuerda-profundizar-sus-propuestas-al-proyecto-fes-ante-proximo-debate-legislativo\/","og_locale":"en_US","og_type":"article","og_title":"CRUCH acuerda profundizar sus propuestas al proyecto FES ante pr\u00f3ximo debate legislativo - Consejo de Rectoras y Rectores de las Universidades Chilenas","og_description":"El Consejo plantear\u00e1\u00a0propuestas en relaci\u00f3n al copago y avanzar\u00e1\u00a0en un an\u00e1lisis de riesgos.\u00a0Adem\u00e1s,\u00a0en el pleno de rectoras y rectores se enfatiz\u00f3 la necesidad de que\u00a0 el proyecto incorpore\u00a0la autonom\u00eda universitaria. El subsecretario de educaci\u00f3n superior, V\u00edctor Orellana, se\u00f1al\u00f3 que \u201chemos manifestado siempre nuestra disposici\u00f3n a escuchar y construir un acuerdo en conjunto, por lo que [&hellip;]","og_url":"https:\/\/consejoderectores.cl\/en\/2025\/08\/29\/cruch-acuerda-profundizar-sus-propuestas-al-proyecto-fes-ante-proximo-debate-legislativo\/","og_site_name":"Consejo de Rectoras y Rectores de las Universidades Chilenas","article_published_time":"2025-08-29T00:42:57+00:00","og_image":[{"width":1280,"height":960,"url":"https:\/\/consejoderectores.cl\/wp-content\/uploads\/2025\/08\/3_UTEM.jpeg","type":"image\/jpeg"}],"author":"Consejo de Rectores de las Universidades Chilenas","twitter_card":"summary_large_image","twitter_creator":"@CRUCH_cl","twitter_site":"@CRUCH_cl","twitter_misc":{"Written by":"Consejo de Rectores de las Universidades Chilenas","Est. reading time":"5 minutes"},"schema":{"@context":"https:\/\/schema.org","@graph":[{"@type":"Article","@id":"https:\/\/consejoderectores.cl\/2025\/08\/29\/cruch-acuerda-profundizar-sus-propuestas-al-proyecto-fes-ante-proximo-debate-legislativo\/#article","isPartOf":{"@id":"https:\/\/consejoderectores.cl\/2025\/08\/29\/cruch-acuerda-profundizar-sus-propuestas-al-proyecto-fes-ante-proximo-debate-legislativo\/"},"author":{"name":"Consejo de Rectores de las Universidades Chilenas","@id":"https:\/\/consejoderectores.cl\/en\/#\/schema\/person\/d863e44afde067fd4b57fac66ced709e"},"headline":"CRUCH acuerda profundizar sus propuestas al proyecto FES ante pr\u00f3ximo debate legislativo","datePublished":"2025-08-29T00:42:57+00:00","mainEntityOfPage":{"@id":"https:\/\/consejoderectores.cl\/2025\/08\/29\/cruch-acuerda-profundizar-sus-propuestas-al-proyecto-fes-ante-proximo-debate-legislativo\/"},"wordCount":903,"commentCount":0,"publisher":{"@id":"https:\/\/consejoderectores.cl\/en\/#organization"},"image":{"@id":"https:\/\/consejoderectores.cl\/2025\/08\/29\/cruch-acuerda-profundizar-sus-propuestas-al-proyecto-fes-ante-proximo-debate-legislativo\/#primaryimage"},"thumbnailUrl":"https:\/\/consejoderectores.cl\/wp-content\/uploads\/2025\/08\/3_UTEM.jpeg","articleSection":["Noticias","Noticias Carrusel"],"inLanguage":"en-US","potentialAction":[{"@type":"CommentAction","name":"Comment","target":["https:\/\/consejoderectores.cl\/2025\/08\/29\/cruch-acuerda-profundizar-sus-propuestas-al-proyecto-fes-ante-proximo-debate-legislativo\/#respond"]}]},{"@type":"WebPage","@id":"https:\/\/consejoderectores.cl\/2025\/08\/29\/cruch-acuerda-profundizar-sus-propuestas-al-proyecto-fes-ante-proximo-debate-legislativo\/","url":"https:\/\/consejoderectores.cl\/2025\/08\/29\/cruch-acuerda-profundizar-sus-propuestas-al-proyecto-fes-ante-proximo-debate-legislativo\/","name":"CRUCH acuerda profundizar sus propuestas al proyecto FES ante pr\u00f3ximo debate legislativo - Consejo de Rectoras y Rectores de las Universidades Chilenas","isPartOf":{"@id":"https:\/\/consejoderectores.cl\/en\/#website"},"primaryImageOfPage":{"@id":"https:\/\/consejoderectores.cl\/2025\/08\/29\/cruch-acuerda-profundizar-sus-propuestas-al-proyecto-fes-ante-proximo-debate-legislativo\/#primaryimage"},"image":{"@id":"https:\/\/consejoderectores.cl\/2025\/08\/29\/cruch-acuerda-profundizar-sus-propuestas-al-proyecto-fes-ante-proximo-debate-legislativo\/#primaryimage"},"thumbnailUrl":"https:\/\/consejoderectores.cl\/wp-content\/uploads\/2025\/08\/3_UTEM.jpeg","datePublished":"2025-08-29T00:42:57+00:00","breadcrumb":{"@id":"https:\/\/consejoderectores.cl\/2025\/08\/29\/cruch-acuerda-profundizar-sus-propuestas-al-proyecto-fes-ante-proximo-debate-legislativo\/#breadcrumb"},"inLanguage":"en-US","potentialAction":[{"@type":"ReadAction","target":["https:\/\/consejoderectores.cl\/2025\/08\/29\/cruch-acuerda-profundizar-sus-propuestas-al-proyecto-fes-ante-proximo-debate-legislativo\/"]}]},{"@type":"ImageObject","inLanguage":"en-US","@id":"https:\/\/consejoderectores.cl\/2025\/08\/29\/cruch-acuerda-profundizar-sus-propuestas-al-proyecto-fes-ante-proximo-debate-legislativo\/#primaryimage","url":"https:\/\/consejoderectores.cl\/wp-content\/uploads\/2025\/08\/3_UTEM.jpeg","contentUrl":"https:\/\/consejoderectores.cl\/wp-content\/uploads\/2025\/08\/3_UTEM.jpeg","width":1280,"height":960},{"@type":"BreadcrumbList","@id":"https:\/\/consejoderectores.cl\/2025\/08\/29\/cruch-acuerda-profundizar-sus-propuestas-al-proyecto-fes-ante-proximo-debate-legislativo\/#breadcrumb","itemListElement":[{"@type":"ListItem","position":1,"name":"Home","item":"https:\/\/consejoderectores.cl\/"},{"@type":"ListItem","position":2,"name":"CRUCH acuerda profundizar sus propuestas al proyecto FES ante pr\u00f3ximo debate legislativo"}]},{"@type":"WebSite","@id":"https:\/\/consejoderectores.cl\/en\/#website","url":"https:\/\/consejoderectores.cl\/en\/","name":"Council of Rectors of Chilean Universities","description":"","publisher":{"@id":"https:\/\/consejoderectores.cl\/en\/#organization"},"potentialAction":[{"@type":"SearchAction","target":{"@type":"EntryPoint","urlTemplate":"https:\/\/consejoderectores.cl\/en\/?s={search_term_string}"},"query-input":{"@type":"PropertyValueSpecification","valueRequired":true,"valueName":"search_term_string"}}],"inLanguage":"en-US"},{"@type":"Organization","@id":"https:\/\/consejoderectores.cl\/en\/#organization","name":"Council of Rectors of Chilean Universities","url":"https:\/\/consejoderectores.cl\/en\/","logo":{"@type":"ImageObject","inLanguage":"en-US","@id":"https:\/\/consejoderectores.cl\/en\/#\/schema\/logo\/image\/","url":"https:\/\/consejoderectores.cl\/wp-content\/uploads\/2025\/12\/logoheader_2025.png","contentUrl":"https:\/\/consejoderectores.cl\/wp-content\/uploads\/2025\/12\/logoheader_2025.png","width":666,"height":305,"caption":"Consejo de Rectoras y Rectores de las Universidades Chilenas"},"image":{"@id":"https:\/\/consejoderectores.cl\/en\/#\/schema\/logo\/image\/"},"sameAs":["https:\/\/x.com\/CRUCH_cl","https:\/\/www.instagram.com\/consejoderectores\/","https:\/\/www.linkedin.com\/company\/cruch\/","https:\/\/www.youtube.com\/channel\/UCzgIFRCsDlKoFpimiQmEaOA"]},{"@type":"Person","@id":"https:\/\/consejoderectores.cl\/en\/#\/schema\/person\/d863e44afde067fd4b57fac66ced709e","name":"Council of Rectors of Chilean Universities","image":{"@type":"ImageObject","inLanguage":"en-US","@id":"https:\/\/consejoderectores.cl\/en\/#\/schema\/person\/image\/","url":"https:\/\/secure.gravatar.com\/avatar\/c31e2a02401f041926afb8ee21ab666f0925814fe85d25a5c8db80e23722dfc1?s=96&d=mm&r=g","contentUrl":"https:\/\/secure.gravatar.com\/avatar\/c31e2a02401f041926afb8ee21ab666f0925814fe85d25a5c8db80e23722dfc1?s=96&d=mm&r=g","caption":"Consejo de Rectores de las Universidades Chilenas"},"sameAs":["https:\/\/www.consejoderectores.cl"],"url":"https:\/\/consejoderectores.cl\/en\/author\/cruch\/"}]}},"_links":{"self":[{"href":"https:\/\/consejoderectores.cl\/en\/wp-json\/wp\/v2\/posts\/12978","targetHints":{"allow":["GET"]}}],"collection":[{"href":"https:\/\/consejoderectores.cl\/en\/wp-json\/wp\/v2\/posts"}],"about":[{"href":"https:\/\/consejoderectores.cl\/en\/wp-json\/wp\/v2\/types\/post"}],"author":[{"embeddable":true,"href":"https:\/\/consejoderectores.cl\/en\/wp-json\/wp\/v2\/users\/1"}],"replies":[{"embeddable":true,"href":"https:\/\/consejoderectores.cl\/en\/wp-json\/wp\/v2\/comments?post=12978"}],"version-history":[{"count":1,"href":"https:\/\/consejoderectores.cl\/en\/wp-json\/wp\/v2\/posts\/12978\/revisions"}],"predecessor-version":[{"id":12982,"href":"https:\/\/consejoderectores.cl\/en\/wp-json\/wp\/v2\/posts\/12978\/revisions\/12982"}],"wp:featuredmedia":[{"embeddable":true,"href":"https:\/\/consejoderectores.cl\/en\/wp-json\/wp\/v2\/media\/12981"}],"wp:attachment":[{"href":"https:\/\/consejoderectores.cl\/en\/wp-json\/wp\/v2\/media?parent=12978"}],"wp:term":[{"taxonomy":"category","embeddable":true,"href":"https:\/\/consejoderectores.cl\/en\/wp-json\/wp\/v2\/categories?post=12978"},{"taxonomy":"post_tag","embeddable":true,"href":"https:\/\/consejoderectores.cl\/en\/wp-json\/wp\/v2\/tags?post=12978"}],"curies":[{"name":"wp","href":"https:\/\/api.w.org\/{rel}","templated":true}]}}