{"id":1284,"date":"2013-08-06T00:00:00","date_gmt":"2013-08-06T00:00:00","guid":{"rendered":""},"modified":"2022-01-20T19:14:54","modified_gmt":"2022-01-20T19:14:54","slug":"603c6d8075df0","status":"publish","type":"post","link":"https:\/\/consejoderectores.cl\/en\/2013\/08\/06\/603c6d8075df0\/","title":{"rendered":"Successful second Science and Technology Colloquium in Antofagasta organized by CRUCH"},"content":{"rendered":"<blockquote><p>The Council of Rectors successfully held its second science and technology colloquium, this time in the city of Antofagasta. Young researchers pledged to continue meeting to discuss the challenges facing the northern region in terms of research development.<\/p><\/blockquote>\n<div>The second Science and Technology Colloquium was held at the University of Antofagasta, with the participation of young researchers from universities belonging to the Council of Rectors (CRUCH) located between Arica and La Serena. The colloquium was presided over by Rector Dr. Alberto Loyola, who emphasized the importance of this debate and the commitment to presenting proposals to political actors. He also affirmed his university&#039;s commitment to continuing this dialogue and exchange among academics in the northern macro-region.<\/div>\n<div><\/div>\n<div>The colloquium brought together young people from diverse disciplines, including natural sciences, applied sciences, humanities and social sciences; who were able to share their visions and expectations on scientific and technological development in the northern part of the country, along with the contributions of outstanding academics such as Jorge Pinto (National History Prize), Mar\u00eda Teresa Ruiz (National Science Prize) and Luis Cisternas (researcher at the University of Antofagasta and the Scientific and Technological Research Center of the Antofagasta Region, CICITEM).<\/div>\n<div>The main debate centered on the urgent need for science and technology policies that consider the important role played by Chile&#039;s regions. Participants called for a decentralization of decision-making and resources to strengthen existing capabilities and resources in each territory. Equally important was the discussion of the complex challenges young people face in entering the country&#039;s university and productive sectors, especially after completing their doctoral degrees. From this perspective, the role and commitment of universities to promote scientific work, foster opportunities for young people to integrate into the workforce, and develop strategies to address the country&#039;s complex new knowledge and development challenges were examined.<\/div>\n<div>Based on the experience of the guests \u2013 Pinto, Ruiz and Cisternas \u2013 it was possible to delve deeper into the importance of the articulation of basic sciences, applied sciences and strategic sciences, the recognition of the research trajectories and contribution to the development of the country of each generation and the conviction that scientific work cannot be detached from the needs and imperatives of our country.<\/div>\n<div>At the end of this activity, the young researchers agreed to maintain a meeting space, which will allow them to advance in a task of academic collaboration networks and in the challenge of placing arguments and proposals for scientific development in northern Chile on the political agenda.<\/div>","protected":false},"excerpt":{"rendered":"<p>El Consejo de Rectores llev\u00f3 a cabo con \u00e9xito el segundo coloquio de ciencia y tecnolog\u00eda, esta vez en la ciudad de Antofagasta. Los investigadores j\u00f3venes se comprometieron a seguir reuni\u00e9ndose para discutir las problem\u00e1ticas de la zona norte en materia de desarrollo de la investigaci\u00f3n. Con la participaci\u00f3n de j\u00f3venes investigadores de las universidades [&hellip;]<\/p>\n","protected":false},"author":1,"featured_media":5732,"comment_status":"open","ping_status":"open","sticky":false,"template":"","format":"standard","meta":{"_acf_changed":false,"footnotes":""},"categories":[3],"tags":[],"class_list":["post-1284","post","type-post","status-publish","format-standard","has-post-thumbnail","hentry","category-noticias"],"acf":[],"yoast_head":"<!-- This site is optimized with the Yoast SEO plugin v27.1.1 - https:\/\/yoast.com\/product\/yoast-seo-wordpress\/ -->\n<title>Exitoso segundo Coloquio de Ciencia y Tecnolog\u00eda en Antofagasta organizado por el CRUCH - Consejo de Rectoras y Rectores de las Universidades Chilenas<\/title>\n<meta name=\"robots\" content=\"index, follow, max-snippet:-1, max-image-preview:large, max-video-preview:-1\" \/>\n<link rel=\"canonical\" href=\"https:\/\/consejoderectores.cl\/en\/2013\/08\/06\/603c6d8075df0\/\" \/>\n<meta property=\"og:locale\" content=\"en_US\" \/>\n<meta property=\"og:type\" content=\"article\" \/>\n<meta property=\"og:title\" content=\"Exitoso segundo Coloquio de Ciencia y Tecnolog\u00eda en Antofagasta organizado por el CRUCH - Consejo de Rectoras y Rectores de las Universidades Chilenas\" \/>\n<meta property=\"og:description\" content=\"El Consejo de Rectores llev\u00f3 a cabo con \u00e9xito el segundo coloquio de ciencia y tecnolog\u00eda, esta vez en la ciudad de Antofagasta. Los investigadores j\u00f3venes se comprometieron a seguir reuni\u00e9ndose para discutir las problem\u00e1ticas de la zona norte en materia de desarrollo de la investigaci\u00f3n. Con la participaci\u00f3n de j\u00f3venes investigadores de las universidades [&hellip;]\" \/>\n<meta property=\"og:url\" content=\"https:\/\/consejoderectores.cl\/en\/2013\/08\/06\/603c6d8075df0\/\" \/>\n<meta property=\"og:site_name\" content=\"Consejo de Rectoras y Rectores de las Universidades Chilenas\" \/>\n<meta property=\"article:published_time\" content=\"2013-08-06T00:00:00+00:00\" \/>\n<meta property=\"article:modified_time\" content=\"2022-01-20T19:14:54+00:00\" \/>\n<meta property=\"og:image\" content=\"https:\/\/consejoderectores.cl\/wp-content\/uploads\/2013\/08\/banner-libro-6-1000x520-1.jpg\" \/>\n\t<meta property=\"og:image:width\" content=\"1000\" \/>\n\t<meta property=\"og:image:height\" content=\"520\" \/>\n\t<meta property=\"og:image:type\" content=\"image\/jpeg\" \/>\n<meta name=\"author\" content=\"Consejo de Rectores de las Universidades Chilenas\" \/>\n<meta name=\"twitter:card\" content=\"summary_large_image\" \/>\n<meta name=\"twitter:creator\" content=\"@CRUCH_cl\" \/>\n<meta name=\"twitter:site\" content=\"@CRUCH_cl\" \/>\n<meta name=\"twitter:label1\" content=\"Written by\" \/>\n\t<meta name=\"twitter:data1\" content=\"Consejo de Rectores de las Universidades Chilenas\" \/>\n\t<meta name=\"twitter:label2\" content=\"Est. reading time\" \/>\n\t<meta name=\"twitter:data2\" content=\"2 minutes\" \/>\n<script type=\"application\/ld+json\" class=\"yoast-schema-graph\">{\"@context\":\"https:\/\/schema.org\",\"@graph\":[{\"@type\":\"Article\",\"@id\":\"https:\/\/consejoderectores.cl\/en\/2013\/08\/06\/603c6d8075df0\/#article\",\"isPartOf\":{\"@id\":\"https:\/\/consejoderectores.cl\/en\/2013\/08\/06\/603c6d8075df0\/\"},\"author\":{\"name\":\"Consejo de Rectores de las Universidades Chilenas\",\"@id\":\"https:\/\/consejoderectores.cl\/en\/#\/schema\/person\/d863e44afde067fd4b57fac66ced709e\"},\"headline\":\"Exitoso segundo Coloquio de Ciencia y Tecnolog\u00eda en Antofagasta organizado por el CRUCH\",\"datePublished\":\"2013-08-06T00:00:00+00:00\",\"dateModified\":\"2022-01-20T19:14:54+00:00\",\"mainEntityOfPage\":{\"@id\":\"https:\/\/consejoderectores.cl\/en\/2013\/08\/06\/603c6d8075df0\/\"},\"wordCount\":507,\"commentCount\":0,\"publisher\":{\"@id\":\"https:\/\/consejoderectores.cl\/en\/#organization\"},\"image\":{\"@id\":\"https:\/\/consejoderectores.cl\/en\/2013\/08\/06\/603c6d8075df0\/#primaryimage\"},\"thumbnailUrl\":\"https:\/\/consejoderectores.cl\/wp-content\/uploads\/2013\/08\/banner-libro-6-1000x520-1.jpg\",\"articleSection\":[\"Noticias\"],\"inLanguage\":\"en-US\",\"potentialAction\":[{\"@type\":\"CommentAction\",\"name\":\"Comment\",\"target\":[\"https:\/\/consejoderectores.cl\/en\/2013\/08\/06\/603c6d8075df0\/#respond\"]}]},{\"@type\":\"WebPage\",\"@id\":\"https:\/\/consejoderectores.cl\/en\/2013\/08\/06\/603c6d8075df0\/\",\"url\":\"https:\/\/consejoderectores.cl\/en\/2013\/08\/06\/603c6d8075df0\/\",\"name\":\"Exitoso segundo Coloquio de Ciencia y Tecnolog\u00eda en Antofagasta organizado por el CRUCH - Consejo de Rectoras y Rectores de las Universidades Chilenas\",\"isPartOf\":{\"@id\":\"https:\/\/consejoderectores.cl\/en\/#website\"},\"primaryImageOfPage\":{\"@id\":\"https:\/\/consejoderectores.cl\/en\/2013\/08\/06\/603c6d8075df0\/#primaryimage\"},\"image\":{\"@id\":\"https:\/\/consejoderectores.cl\/en\/2013\/08\/06\/603c6d8075df0\/#primaryimage\"},\"thumbnailUrl\":\"https:\/\/consejoderectores.cl\/wp-content\/uploads\/2013\/08\/banner-libro-6-1000x520-1.jpg\",\"datePublished\":\"2013-08-06T00:00:00+00:00\",\"dateModified\":\"2022-01-20T19:14:54+00:00\",\"breadcrumb\":{\"@id\":\"https:\/\/consejoderectores.cl\/en\/2013\/08\/06\/603c6d8075df0\/#breadcrumb\"},\"inLanguage\":\"en-US\",\"potentialAction\":[{\"@type\":\"ReadAction\",\"target\":[\"https:\/\/consejoderectores.cl\/en\/2013\/08\/06\/603c6d8075df0\/\"]}]},{\"@type\":\"ImageObject\",\"inLanguage\":\"en-US\",\"@id\":\"https:\/\/consejoderectores.cl\/en\/2013\/08\/06\/603c6d8075df0\/#primaryimage\",\"url\":\"https:\/\/consejoderectores.cl\/wp-content\/uploads\/2013\/08\/banner-libro-6-1000x520-1.jpg\",\"contentUrl\":\"https:\/\/consejoderectores.cl\/wp-content\/uploads\/2013\/08\/banner-libro-6-1000x520-1.jpg\",\"width\":1000,\"height\":520},{\"@type\":\"BreadcrumbList\",\"@id\":\"https:\/\/consejoderectores.cl\/en\/2013\/08\/06\/603c6d8075df0\/#breadcrumb\",\"itemListElement\":[{\"@type\":\"ListItem\",\"position\":1,\"name\":\"Home\",\"item\":\"https:\/\/consejoderectores.cl\/\"},{\"@type\":\"ListItem\",\"position\":2,\"name\":\"Exitoso segundo Coloquio de Ciencia y Tecnolog\u00eda en Antofagasta organizado por el CRUCH\"}]},{\"@type\":\"WebSite\",\"@id\":\"https:\/\/consejoderectores.cl\/en\/#website\",\"url\":\"https:\/\/consejoderectores.cl\/en\/\",\"name\":\"Consejo de Rectoras y Rectores de las Universidades Chilenas\",\"description\":\"\",\"publisher\":{\"@id\":\"https:\/\/consejoderectores.cl\/en\/#organization\"},\"potentialAction\":[{\"@type\":\"SearchAction\",\"target\":{\"@type\":\"EntryPoint\",\"urlTemplate\":\"https:\/\/consejoderectores.cl\/en\/?s={search_term_string}\"},\"query-input\":{\"@type\":\"PropertyValueSpecification\",\"valueRequired\":true,\"valueName\":\"search_term_string\"}}],\"inLanguage\":\"en-US\"},{\"@type\":\"Organization\",\"@id\":\"https:\/\/consejoderectores.cl\/en\/#organization\",\"name\":\"Consejo de Rectoras y Rectores de las Universidades Chilenas\",\"url\":\"https:\/\/consejoderectores.cl\/en\/\",\"logo\":{\"@type\":\"ImageObject\",\"inLanguage\":\"en-US\",\"@id\":\"https:\/\/consejoderectores.cl\/en\/#\/schema\/logo\/image\/\",\"url\":\"https:\/\/consejoderectores.cl\/wp-content\/uploads\/2025\/12\/logoheader_2025.png\",\"contentUrl\":\"https:\/\/consejoderectores.cl\/wp-content\/uploads\/2025\/12\/logoheader_2025.png\",\"width\":666,\"height\":305,\"caption\":\"Consejo de Rectoras y Rectores de las Universidades Chilenas\"},\"image\":{\"@id\":\"https:\/\/consejoderectores.cl\/en\/#\/schema\/logo\/image\/\"},\"sameAs\":[\"https:\/\/x.com\/CRUCH_cl\",\"https:\/\/www.instagram.com\/consejoderectores\/\",\"https:\/\/www.linkedin.com\/company\/cruch\/\",\"https:\/\/www.youtube.com\/channel\/UCzgIFRCsDlKoFpimiQmEaOA\"]},{\"@type\":\"Person\",\"@id\":\"https:\/\/consejoderectores.cl\/en\/#\/schema\/person\/d863e44afde067fd4b57fac66ced709e\",\"name\":\"Consejo de Rectores de las Universidades Chilenas\",\"image\":{\"@type\":\"ImageObject\",\"inLanguage\":\"en-US\",\"@id\":\"https:\/\/consejoderectores.cl\/en\/#\/schema\/person\/image\/\",\"url\":\"https:\/\/secure.gravatar.com\/avatar\/c31e2a02401f041926afb8ee21ab666f0925814fe85d25a5c8db80e23722dfc1?s=96&d=mm&r=g\",\"contentUrl\":\"https:\/\/secure.gravatar.com\/avatar\/c31e2a02401f041926afb8ee21ab666f0925814fe85d25a5c8db80e23722dfc1?s=96&d=mm&r=g\",\"caption\":\"Consejo de Rectores de las Universidades Chilenas\"},\"sameAs\":[\"https:\/\/www.consejoderectores.cl\"],\"url\":\"https:\/\/consejoderectores.cl\/en\/author\/cruch\/\"}]}<\/script>\n<!-- \/ Yoast SEO plugin. -->","yoast_head_json":{"title":"Exitoso segundo Coloquio de Ciencia y Tecnolog\u00eda en Antofagasta organizado por el CRUCH - Consejo de Rectoras y Rectores de las Universidades Chilenas","robots":{"index":"index","follow":"follow","max-snippet":"max-snippet:-1","max-image-preview":"max-image-preview:large","max-video-preview":"max-video-preview:-1"},"canonical":"https:\/\/consejoderectores.cl\/en\/2013\/08\/06\/603c6d8075df0\/","og_locale":"en_US","og_type":"article","og_title":"Exitoso segundo Coloquio de Ciencia y Tecnolog\u00eda en Antofagasta organizado por el CRUCH - Consejo de Rectoras y Rectores de las Universidades Chilenas","og_description":"El Consejo de Rectores llev\u00f3 a cabo con \u00e9xito el segundo coloquio de ciencia y tecnolog\u00eda, esta vez en la ciudad de Antofagasta. Los investigadores j\u00f3venes se comprometieron a seguir reuni\u00e9ndose para discutir las problem\u00e1ticas de la zona norte en materia de desarrollo de la investigaci\u00f3n. Con la participaci\u00f3n de j\u00f3venes investigadores de las universidades [&hellip;]","og_url":"https:\/\/consejoderectores.cl\/en\/2013\/08\/06\/603c6d8075df0\/","og_site_name":"Consejo de Rectoras y Rectores de las Universidades Chilenas","article_published_time":"2013-08-06T00:00:00+00:00","article_modified_time":"2022-01-20T19:14:54+00:00","og_image":[{"width":1000,"height":520,"url":"https:\/\/consejoderectores.cl\/wp-content\/uploads\/2013\/08\/banner-libro-6-1000x520-1.jpg","type":"image\/jpeg"}],"author":"Consejo de Rectores de las Universidades Chilenas","twitter_card":"summary_large_image","twitter_creator":"@CRUCH_cl","twitter_site":"@CRUCH_cl","twitter_misc":{"Written by":"Consejo de Rectores de las Universidades Chilenas","Est. reading time":"2 minutes"},"schema":{"@context":"https:\/\/schema.org","@graph":[{"@type":"Article","@id":"https:\/\/consejoderectores.cl\/en\/2013\/08\/06\/603c6d8075df0\/#article","isPartOf":{"@id":"https:\/\/consejoderectores.cl\/en\/2013\/08\/06\/603c6d8075df0\/"},"author":{"name":"Consejo de Rectores de las Universidades Chilenas","@id":"https:\/\/consejoderectores.cl\/en\/#\/schema\/person\/d863e44afde067fd4b57fac66ced709e"},"headline":"Exitoso segundo Coloquio de Ciencia y Tecnolog\u00eda en Antofagasta organizado por el CRUCH","datePublished":"2013-08-06T00:00:00+00:00","dateModified":"2022-01-20T19:14:54+00:00","mainEntityOfPage":{"@id":"https:\/\/consejoderectores.cl\/en\/2013\/08\/06\/603c6d8075df0\/"},"wordCount":507,"commentCount":0,"publisher":{"@id":"https:\/\/consejoderectores.cl\/en\/#organization"},"image":{"@id":"https:\/\/consejoderectores.cl\/en\/2013\/08\/06\/603c6d8075df0\/#primaryimage"},"thumbnailUrl":"https:\/\/consejoderectores.cl\/wp-content\/uploads\/2013\/08\/banner-libro-6-1000x520-1.jpg","articleSection":["Noticias"],"inLanguage":"en-US","potentialAction":[{"@type":"CommentAction","name":"Comment","target":["https:\/\/consejoderectores.cl\/en\/2013\/08\/06\/603c6d8075df0\/#respond"]}]},{"@type":"WebPage","@id":"https:\/\/consejoderectores.cl\/en\/2013\/08\/06\/603c6d8075df0\/","url":"https:\/\/consejoderectores.cl\/en\/2013\/08\/06\/603c6d8075df0\/","name":"Exitoso segundo Coloquio de Ciencia y Tecnolog\u00eda en Antofagasta organizado por el CRUCH - Consejo de Rectoras y Rectores de las Universidades Chilenas","isPartOf":{"@id":"https:\/\/consejoderectores.cl\/en\/#website"},"primaryImageOfPage":{"@id":"https:\/\/consejoderectores.cl\/en\/2013\/08\/06\/603c6d8075df0\/#primaryimage"},"image":{"@id":"https:\/\/consejoderectores.cl\/en\/2013\/08\/06\/603c6d8075df0\/#primaryimage"},"thumbnailUrl":"https:\/\/consejoderectores.cl\/wp-content\/uploads\/2013\/08\/banner-libro-6-1000x520-1.jpg","datePublished":"2013-08-06T00:00:00+00:00","dateModified":"2022-01-20T19:14:54+00:00","breadcrumb":{"@id":"https:\/\/consejoderectores.cl\/en\/2013\/08\/06\/603c6d8075df0\/#breadcrumb"},"inLanguage":"en-US","potentialAction":[{"@type":"ReadAction","target":["https:\/\/consejoderectores.cl\/en\/2013\/08\/06\/603c6d8075df0\/"]}]},{"@type":"ImageObject","inLanguage":"en-US","@id":"https:\/\/consejoderectores.cl\/en\/2013\/08\/06\/603c6d8075df0\/#primaryimage","url":"https:\/\/consejoderectores.cl\/wp-content\/uploads\/2013\/08\/banner-libro-6-1000x520-1.jpg","contentUrl":"https:\/\/consejoderectores.cl\/wp-content\/uploads\/2013\/08\/banner-libro-6-1000x520-1.jpg","width":1000,"height":520},{"@type":"BreadcrumbList","@id":"https:\/\/consejoderectores.cl\/en\/2013\/08\/06\/603c6d8075df0\/#breadcrumb","itemListElement":[{"@type":"ListItem","position":1,"name":"Home","item":"https:\/\/consejoderectores.cl\/"},{"@type":"ListItem","position":2,"name":"Exitoso segundo Coloquio de Ciencia y Tecnolog\u00eda en Antofagasta organizado por el CRUCH"}]},{"@type":"WebSite","@id":"https:\/\/consejoderectores.cl\/en\/#website","url":"https:\/\/consejoderectores.cl\/en\/","name":"Council of Rectors of Chilean Universities","description":"","publisher":{"@id":"https:\/\/consejoderectores.cl\/en\/#organization"},"potentialAction":[{"@type":"SearchAction","target":{"@type":"EntryPoint","urlTemplate":"https:\/\/consejoderectores.cl\/en\/?s={search_term_string}"},"query-input":{"@type":"PropertyValueSpecification","valueRequired":true,"valueName":"search_term_string"}}],"inLanguage":"en-US"},{"@type":"Organization","@id":"https:\/\/consejoderectores.cl\/en\/#organization","name":"Council of Rectors of Chilean Universities","url":"https:\/\/consejoderectores.cl\/en\/","logo":{"@type":"ImageObject","inLanguage":"en-US","@id":"https:\/\/consejoderectores.cl\/en\/#\/schema\/logo\/image\/","url":"https:\/\/consejoderectores.cl\/wp-content\/uploads\/2025\/12\/logoheader_2025.png","contentUrl":"https:\/\/consejoderectores.cl\/wp-content\/uploads\/2025\/12\/logoheader_2025.png","width":666,"height":305,"caption":"Consejo de Rectoras y Rectores de las Universidades Chilenas"},"image":{"@id":"https:\/\/consejoderectores.cl\/en\/#\/schema\/logo\/image\/"},"sameAs":["https:\/\/x.com\/CRUCH_cl","https:\/\/www.instagram.com\/consejoderectores\/","https:\/\/www.linkedin.com\/company\/cruch\/","https:\/\/www.youtube.com\/channel\/UCzgIFRCsDlKoFpimiQmEaOA"]},{"@type":"Person","@id":"https:\/\/consejoderectores.cl\/en\/#\/schema\/person\/d863e44afde067fd4b57fac66ced709e","name":"Council of Rectors of Chilean Universities","image":{"@type":"ImageObject","inLanguage":"en-US","@id":"https:\/\/consejoderectores.cl\/en\/#\/schema\/person\/image\/","url":"https:\/\/secure.gravatar.com\/avatar\/c31e2a02401f041926afb8ee21ab666f0925814fe85d25a5c8db80e23722dfc1?s=96&d=mm&r=g","contentUrl":"https:\/\/secure.gravatar.com\/avatar\/c31e2a02401f041926afb8ee21ab666f0925814fe85d25a5c8db80e23722dfc1?s=96&d=mm&r=g","caption":"Consejo de Rectores de las Universidades Chilenas"},"sameAs":["https:\/\/www.consejoderectores.cl"],"url":"https:\/\/consejoderectores.cl\/en\/author\/cruch\/"}]}},"_links":{"self":[{"href":"https:\/\/consejoderectores.cl\/en\/wp-json\/wp\/v2\/posts\/1284","targetHints":{"allow":["GET"]}}],"collection":[{"href":"https:\/\/consejoderectores.cl\/en\/wp-json\/wp\/v2\/posts"}],"about":[{"href":"https:\/\/consejoderectores.cl\/en\/wp-json\/wp\/v2\/types\/post"}],"author":[{"embeddable":true,"href":"https:\/\/consejoderectores.cl\/en\/wp-json\/wp\/v2\/users\/1"}],"replies":[{"embeddable":true,"href":"https:\/\/consejoderectores.cl\/en\/wp-json\/wp\/v2\/comments?post=1284"}],"version-history":[{"count":4,"href":"https:\/\/consejoderectores.cl\/en\/wp-json\/wp\/v2\/posts\/1284\/revisions"}],"predecessor-version":[{"id":5733,"href":"https:\/\/consejoderectores.cl\/en\/wp-json\/wp\/v2\/posts\/1284\/revisions\/5733"}],"wp:featuredmedia":[{"embeddable":true,"href":"https:\/\/consejoderectores.cl\/en\/wp-json\/wp\/v2\/media\/5732"}],"wp:attachment":[{"href":"https:\/\/consejoderectores.cl\/en\/wp-json\/wp\/v2\/media?parent=1284"}],"wp:term":[{"taxonomy":"category","embeddable":true,"href":"https:\/\/consejoderectores.cl\/en\/wp-json\/wp\/v2\/categories?post=1284"},{"taxonomy":"post_tag","embeddable":true,"href":"https:\/\/consejoderectores.cl\/en\/wp-json\/wp\/v2\/tags?post=1284"}],"curies":[{"name":"wp","href":"https:\/\/api.w.org\/{rel}","templated":true}]}}