{"id":1283,"date":"2013-07-25T00:00:00","date_gmt":"2013-07-25T00:00:00","guid":{"rendered":""},"modified":"2022-01-20T19:18:25","modified_gmt":"2022-01-20T19:18:25","slug":"603c6d8075d2d","status":"publish","type":"post","link":"https:\/\/consejoderectores.cl\/en\/2013\/07\/25\/603c6d8075d2d\/","title":{"rendered":"Rector Zolezzi: \u201cWe will collaborate with the Ministry of Education, but we reserve the right to disagree with the project.\u201d"},"content":{"rendered":"<blockquote><p>In the session, held in Antofagasta, the Council of Rectors ratified its position on the bill, stating that the prohibition of profit-making for universities must be explicitly stated in it.<\/p><\/blockquote>\n<div>The Council of Rectors of Chilean Universities (CRUCH) held its monthly plenary session, organized by the University of Antofagasta.<\/div>\n<div><\/div>\n<div>The executive vice president of the Council of Rectors, Juan Manuel Zolezzi, indicated that part of the discussion was focused on the guidelines that the Executive committed to preparing to change the draft law on Superintendence.<\/div>\n<div><\/div>\n<div>\u201cWe have met with the minister, but we are concerned about this issue,\u201d the rector stated, arguing that so far, the only thing known is the previous project, developed under the leadership of the Minister of Education, Felipe Bulnes. \u201cWe don&#039;t know the future project and we are worried about being involved in a situation we don&#039;t want. We will cooperate fully with the ministry, but we reserve the right to agree or disagree with the outcome,\u201d he indicated.<\/div>\n<div><\/div>\n<div>In another matter, it is worth noting that this CRUCH session began with a minute of silence in memory of Fernando Castillo Velasco, former rector of the Catholic University who passed away last week.<\/div>\n<div><\/div>\n<div><em>*Photo: University of Antofagasta.<\/em><\/div>\n<div><\/div>","protected":false},"excerpt":{"rendered":"<p>En la sesi\u00f3n, celebrada en Antofagasta, el Consejo de Rectores ratific\u00f3 su postura acerca del proyecto de ley, se\u00f1alando que debe quedar expl\u00edcita en \u00e9l la prohibici\u00f3n de lucrar para las universidades. El Consejo de Rectores de las Universidades Chilenas (CRUCH) tuvo su sesi\u00f3n plenaria mensual, organizada por la Universidad de Antofagasta. El vicepresidente ejecutivo [&hellip;]<\/p>\n","protected":false},"author":1,"featured_media":5739,"comment_status":"open","ping_status":"open","sticky":false,"template":"","format":"standard","meta":{"_acf_changed":false,"footnotes":""},"categories":[3],"tags":[],"class_list":["post-1283","post","type-post","status-publish","format-standard","has-post-thumbnail","hentry","category-noticias"],"acf":[],"yoast_head":"<!-- This site is optimized with the Yoast SEO plugin v27.1.1 - https:\/\/yoast.com\/product\/yoast-seo-wordpress\/ -->\n<title>Rector Zolezzi: \u201cColaboraremos con el MINEDUC, pero nos reservamos el derecho a discrepar con el proyecto\u201d - Consejo de Rectoras y Rectores de las Universidades Chilenas<\/title>\n<meta name=\"robots\" content=\"index, follow, max-snippet:-1, max-image-preview:large, max-video-preview:-1\" \/>\n<link rel=\"canonical\" href=\"https:\/\/consejoderectores.cl\/en\/2013\/07\/25\/603c6d8075d2d\/\" \/>\n<meta property=\"og:locale\" content=\"en_US\" \/>\n<meta property=\"og:type\" content=\"article\" \/>\n<meta property=\"og:title\" content=\"Rector Zolezzi: \u201cColaboraremos con el MINEDUC, pero nos reservamos el derecho a discrepar con el proyecto\u201d - Consejo de Rectoras y Rectores de las Universidades Chilenas\" \/>\n<meta property=\"og:description\" content=\"En la sesi\u00f3n, celebrada en Antofagasta, el Consejo de Rectores ratific\u00f3 su postura acerca del proyecto de ley, se\u00f1alando que debe quedar expl\u00edcita en \u00e9l la prohibici\u00f3n de lucrar para las universidades. El Consejo de Rectores de las Universidades Chilenas (CRUCH) tuvo su sesi\u00f3n plenaria mensual, organizada por la Universidad de Antofagasta. El vicepresidente ejecutivo [&hellip;]\" \/>\n<meta property=\"og:url\" content=\"https:\/\/consejoderectores.cl\/en\/2013\/07\/25\/603c6d8075d2d\/\" \/>\n<meta property=\"og:site_name\" content=\"Consejo de Rectoras y Rectores de las Universidades Chilenas\" \/>\n<meta property=\"article:published_time\" content=\"2013-07-25T00:00:00+00:00\" \/>\n<meta property=\"article:modified_time\" content=\"2022-01-20T19:18:25+00:00\" \/>\n<meta property=\"og:image\" content=\"https:\/\/consejoderectores.cl\/wp-content\/uploads\/2013\/07\/WEB-9085-B-.jpg\" \/>\n\t<meta property=\"og:image:width\" content=\"600\" \/>\n\t<meta property=\"og:image:height\" content=\"400\" \/>\n\t<meta property=\"og:image:type\" content=\"image\/jpeg\" \/>\n<meta name=\"author\" content=\"Consejo de Rectores de las Universidades Chilenas\" \/>\n<meta name=\"twitter:card\" content=\"summary_large_image\" \/>\n<meta name=\"twitter:creator\" content=\"@CRUCH_cl\" \/>\n<meta name=\"twitter:site\" content=\"@CRUCH_cl\" \/>\n<meta name=\"twitter:label1\" content=\"Written by\" \/>\n\t<meta name=\"twitter:data1\" content=\"Consejo de Rectores de las Universidades Chilenas\" \/>\n\t<meta name=\"twitter:label2\" content=\"Est. reading time\" \/>\n\t<meta name=\"twitter:data2\" content=\"1 minute\" \/>\n<script type=\"application\/ld+json\" class=\"yoast-schema-graph\">{\"@context\":\"https:\/\/schema.org\",\"@graph\":[{\"@type\":\"Article\",\"@id\":\"https:\/\/consejoderectores.cl\/en\/2013\/07\/25\/603c6d8075d2d\/#article\",\"isPartOf\":{\"@id\":\"https:\/\/consejoderectores.cl\/en\/2013\/07\/25\/603c6d8075d2d\/\"},\"author\":{\"name\":\"Consejo de Rectores de las Universidades Chilenas\",\"@id\":\"https:\/\/consejoderectores.cl\/en\/#\/schema\/person\/d863e44afde067fd4b57fac66ced709e\"},\"headline\":\"Rector Zolezzi: \u201cColaboraremos con el MINEDUC, pero nos reservamos el derecho a discrepar con el proyecto\u201d\",\"datePublished\":\"2013-07-25T00:00:00+00:00\",\"dateModified\":\"2022-01-20T19:18:25+00:00\",\"mainEntityOfPage\":{\"@id\":\"https:\/\/consejoderectores.cl\/en\/2013\/07\/25\/603c6d8075d2d\/\"},\"wordCount\":232,\"commentCount\":0,\"publisher\":{\"@id\":\"https:\/\/consejoderectores.cl\/en\/#organization\"},\"image\":{\"@id\":\"https:\/\/consejoderectores.cl\/en\/2013\/07\/25\/603c6d8075d2d\/#primaryimage\"},\"thumbnailUrl\":\"https:\/\/consejoderectores.cl\/wp-content\/uploads\/2013\/07\/WEB-9085-B-.jpg\",\"articleSection\":[\"Noticias\"],\"inLanguage\":\"en-US\",\"potentialAction\":[{\"@type\":\"CommentAction\",\"name\":\"Comment\",\"target\":[\"https:\/\/consejoderectores.cl\/en\/2013\/07\/25\/603c6d8075d2d\/#respond\"]}]},{\"@type\":\"WebPage\",\"@id\":\"https:\/\/consejoderectores.cl\/en\/2013\/07\/25\/603c6d8075d2d\/\",\"url\":\"https:\/\/consejoderectores.cl\/en\/2013\/07\/25\/603c6d8075d2d\/\",\"name\":\"Rector Zolezzi: \u201cColaboraremos con el MINEDUC, pero nos reservamos el derecho a discrepar con el proyecto\u201d - Consejo de Rectoras y Rectores de las Universidades Chilenas\",\"isPartOf\":{\"@id\":\"https:\/\/consejoderectores.cl\/en\/#website\"},\"primaryImageOfPage\":{\"@id\":\"https:\/\/consejoderectores.cl\/en\/2013\/07\/25\/603c6d8075d2d\/#primaryimage\"},\"image\":{\"@id\":\"https:\/\/consejoderectores.cl\/en\/2013\/07\/25\/603c6d8075d2d\/#primaryimage\"},\"thumbnailUrl\":\"https:\/\/consejoderectores.cl\/wp-content\/uploads\/2013\/07\/WEB-9085-B-.jpg\",\"datePublished\":\"2013-07-25T00:00:00+00:00\",\"dateModified\":\"2022-01-20T19:18:25+00:00\",\"breadcrumb\":{\"@id\":\"https:\/\/consejoderectores.cl\/en\/2013\/07\/25\/603c6d8075d2d\/#breadcrumb\"},\"inLanguage\":\"en-US\",\"potentialAction\":[{\"@type\":\"ReadAction\",\"target\":[\"https:\/\/consejoderectores.cl\/en\/2013\/07\/25\/603c6d8075d2d\/\"]}]},{\"@type\":\"ImageObject\",\"inLanguage\":\"en-US\",\"@id\":\"https:\/\/consejoderectores.cl\/en\/2013\/07\/25\/603c6d8075d2d\/#primaryimage\",\"url\":\"https:\/\/consejoderectores.cl\/wp-content\/uploads\/2013\/07\/WEB-9085-B-.jpg\",\"contentUrl\":\"https:\/\/consejoderectores.cl\/wp-content\/uploads\/2013\/07\/WEB-9085-B-.jpg\",\"width\":600,\"height\":400},{\"@type\":\"BreadcrumbList\",\"@id\":\"https:\/\/consejoderectores.cl\/en\/2013\/07\/25\/603c6d8075d2d\/#breadcrumb\",\"itemListElement\":[{\"@type\":\"ListItem\",\"position\":1,\"name\":\"Home\",\"item\":\"https:\/\/consejoderectores.cl\/\"},{\"@type\":\"ListItem\",\"position\":2,\"name\":\"Rector Zolezzi: \u201cColaboraremos con el MINEDUC, pero nos reservamos el derecho a discrepar con el proyecto\u201d\"}]},{\"@type\":\"WebSite\",\"@id\":\"https:\/\/consejoderectores.cl\/en\/#website\",\"url\":\"https:\/\/consejoderectores.cl\/en\/\",\"name\":\"Consejo de Rectoras y Rectores de las Universidades Chilenas\",\"description\":\"\",\"publisher\":{\"@id\":\"https:\/\/consejoderectores.cl\/en\/#organization\"},\"potentialAction\":[{\"@type\":\"SearchAction\",\"target\":{\"@type\":\"EntryPoint\",\"urlTemplate\":\"https:\/\/consejoderectores.cl\/en\/?s={search_term_string}\"},\"query-input\":{\"@type\":\"PropertyValueSpecification\",\"valueRequired\":true,\"valueName\":\"search_term_string\"}}],\"inLanguage\":\"en-US\"},{\"@type\":\"Organization\",\"@id\":\"https:\/\/consejoderectores.cl\/en\/#organization\",\"name\":\"Consejo de Rectoras y Rectores de las Universidades Chilenas\",\"url\":\"https:\/\/consejoderectores.cl\/en\/\",\"logo\":{\"@type\":\"ImageObject\",\"inLanguage\":\"en-US\",\"@id\":\"https:\/\/consejoderectores.cl\/en\/#\/schema\/logo\/image\/\",\"url\":\"https:\/\/consejoderectores.cl\/wp-content\/uploads\/2025\/12\/logoheader_2025.png\",\"contentUrl\":\"https:\/\/consejoderectores.cl\/wp-content\/uploads\/2025\/12\/logoheader_2025.png\",\"width\":666,\"height\":305,\"caption\":\"Consejo de Rectoras y Rectores de las Universidades Chilenas\"},\"image\":{\"@id\":\"https:\/\/consejoderectores.cl\/en\/#\/schema\/logo\/image\/\"},\"sameAs\":[\"https:\/\/x.com\/CRUCH_cl\",\"https:\/\/www.instagram.com\/consejoderectores\/\",\"https:\/\/www.linkedin.com\/company\/cruch\/\",\"https:\/\/www.youtube.com\/channel\/UCzgIFRCsDlKoFpimiQmEaOA\"]},{\"@type\":\"Person\",\"@id\":\"https:\/\/consejoderectores.cl\/en\/#\/schema\/person\/d863e44afde067fd4b57fac66ced709e\",\"name\":\"Consejo de Rectores de las Universidades Chilenas\",\"image\":{\"@type\":\"ImageObject\",\"inLanguage\":\"en-US\",\"@id\":\"https:\/\/consejoderectores.cl\/en\/#\/schema\/person\/image\/\",\"url\":\"https:\/\/secure.gravatar.com\/avatar\/c31e2a02401f041926afb8ee21ab666f0925814fe85d25a5c8db80e23722dfc1?s=96&d=mm&r=g\",\"contentUrl\":\"https:\/\/secure.gravatar.com\/avatar\/c31e2a02401f041926afb8ee21ab666f0925814fe85d25a5c8db80e23722dfc1?s=96&d=mm&r=g\",\"caption\":\"Consejo de Rectores de las Universidades Chilenas\"},\"sameAs\":[\"https:\/\/www.consejoderectores.cl\"],\"url\":\"https:\/\/consejoderectores.cl\/en\/author\/cruch\/\"}]}<\/script>\n<!-- \/ Yoast SEO plugin. -->","yoast_head_json":{"title":"Rector Zolezzi: \u201cColaboraremos con el MINEDUC, pero nos reservamos el derecho a discrepar con el proyecto\u201d - Consejo de Rectoras y Rectores de las Universidades Chilenas","robots":{"index":"index","follow":"follow","max-snippet":"max-snippet:-1","max-image-preview":"max-image-preview:large","max-video-preview":"max-video-preview:-1"},"canonical":"https:\/\/consejoderectores.cl\/en\/2013\/07\/25\/603c6d8075d2d\/","og_locale":"en_US","og_type":"article","og_title":"Rector Zolezzi: \u201cColaboraremos con el MINEDUC, pero nos reservamos el derecho a discrepar con el proyecto\u201d - Consejo de Rectoras y Rectores de las Universidades Chilenas","og_description":"En la sesi\u00f3n, celebrada en Antofagasta, el Consejo de Rectores ratific\u00f3 su postura acerca del proyecto de ley, se\u00f1alando que debe quedar expl\u00edcita en \u00e9l la prohibici\u00f3n de lucrar para las universidades. El Consejo de Rectores de las Universidades Chilenas (CRUCH) tuvo su sesi\u00f3n plenaria mensual, organizada por la Universidad de Antofagasta. El vicepresidente ejecutivo [&hellip;]","og_url":"https:\/\/consejoderectores.cl\/en\/2013\/07\/25\/603c6d8075d2d\/","og_site_name":"Consejo de Rectoras y Rectores de las Universidades Chilenas","article_published_time":"2013-07-25T00:00:00+00:00","article_modified_time":"2022-01-20T19:18:25+00:00","og_image":[{"width":600,"height":400,"url":"https:\/\/consejoderectores.cl\/wp-content\/uploads\/2013\/07\/WEB-9085-B-.jpg","type":"image\/jpeg"}],"author":"Consejo de Rectores de las Universidades Chilenas","twitter_card":"summary_large_image","twitter_creator":"@CRUCH_cl","twitter_site":"@CRUCH_cl","twitter_misc":{"Written by":"Consejo de Rectores de las Universidades Chilenas","Est. reading time":"1 minute"},"schema":{"@context":"https:\/\/schema.org","@graph":[{"@type":"Article","@id":"https:\/\/consejoderectores.cl\/en\/2013\/07\/25\/603c6d8075d2d\/#article","isPartOf":{"@id":"https:\/\/consejoderectores.cl\/en\/2013\/07\/25\/603c6d8075d2d\/"},"author":{"name":"Consejo de Rectores de las Universidades Chilenas","@id":"https:\/\/consejoderectores.cl\/en\/#\/schema\/person\/d863e44afde067fd4b57fac66ced709e"},"headline":"Rector Zolezzi: \u201cColaboraremos con el MINEDUC, pero nos reservamos el derecho a discrepar con el proyecto\u201d","datePublished":"2013-07-25T00:00:00+00:00","dateModified":"2022-01-20T19:18:25+00:00","mainEntityOfPage":{"@id":"https:\/\/consejoderectores.cl\/en\/2013\/07\/25\/603c6d8075d2d\/"},"wordCount":232,"commentCount":0,"publisher":{"@id":"https:\/\/consejoderectores.cl\/en\/#organization"},"image":{"@id":"https:\/\/consejoderectores.cl\/en\/2013\/07\/25\/603c6d8075d2d\/#primaryimage"},"thumbnailUrl":"https:\/\/consejoderectores.cl\/wp-content\/uploads\/2013\/07\/WEB-9085-B-.jpg","articleSection":["Noticias"],"inLanguage":"en-US","potentialAction":[{"@type":"CommentAction","name":"Comment","target":["https:\/\/consejoderectores.cl\/en\/2013\/07\/25\/603c6d8075d2d\/#respond"]}]},{"@type":"WebPage","@id":"https:\/\/consejoderectores.cl\/en\/2013\/07\/25\/603c6d8075d2d\/","url":"https:\/\/consejoderectores.cl\/en\/2013\/07\/25\/603c6d8075d2d\/","name":"Rector Zolezzi: \u201cColaboraremos con el MINEDUC, pero nos reservamos el derecho a discrepar con el proyecto\u201d - Consejo de Rectoras y Rectores de las Universidades Chilenas","isPartOf":{"@id":"https:\/\/consejoderectores.cl\/en\/#website"},"primaryImageOfPage":{"@id":"https:\/\/consejoderectores.cl\/en\/2013\/07\/25\/603c6d8075d2d\/#primaryimage"},"image":{"@id":"https:\/\/consejoderectores.cl\/en\/2013\/07\/25\/603c6d8075d2d\/#primaryimage"},"thumbnailUrl":"https:\/\/consejoderectores.cl\/wp-content\/uploads\/2013\/07\/WEB-9085-B-.jpg","datePublished":"2013-07-25T00:00:00+00:00","dateModified":"2022-01-20T19:18:25+00:00","breadcrumb":{"@id":"https:\/\/consejoderectores.cl\/en\/2013\/07\/25\/603c6d8075d2d\/#breadcrumb"},"inLanguage":"en-US","potentialAction":[{"@type":"ReadAction","target":["https:\/\/consejoderectores.cl\/en\/2013\/07\/25\/603c6d8075d2d\/"]}]},{"@type":"ImageObject","inLanguage":"en-US","@id":"https:\/\/consejoderectores.cl\/en\/2013\/07\/25\/603c6d8075d2d\/#primaryimage","url":"https:\/\/consejoderectores.cl\/wp-content\/uploads\/2013\/07\/WEB-9085-B-.jpg","contentUrl":"https:\/\/consejoderectores.cl\/wp-content\/uploads\/2013\/07\/WEB-9085-B-.jpg","width":600,"height":400},{"@type":"BreadcrumbList","@id":"https:\/\/consejoderectores.cl\/en\/2013\/07\/25\/603c6d8075d2d\/#breadcrumb","itemListElement":[{"@type":"ListItem","position":1,"name":"Home","item":"https:\/\/consejoderectores.cl\/"},{"@type":"ListItem","position":2,"name":"Rector Zolezzi: \u201cColaboraremos con el MINEDUC, pero nos reservamos el derecho a discrepar con el proyecto\u201d"}]},{"@type":"WebSite","@id":"https:\/\/consejoderectores.cl\/en\/#website","url":"https:\/\/consejoderectores.cl\/en\/","name":"Council of Rectors of Chilean Universities","description":"","publisher":{"@id":"https:\/\/consejoderectores.cl\/en\/#organization"},"potentialAction":[{"@type":"SearchAction","target":{"@type":"EntryPoint","urlTemplate":"https:\/\/consejoderectores.cl\/en\/?s={search_term_string}"},"query-input":{"@type":"PropertyValueSpecification","valueRequired":true,"valueName":"search_term_string"}}],"inLanguage":"en-US"},{"@type":"Organization","@id":"https:\/\/consejoderectores.cl\/en\/#organization","name":"Council of Rectors of Chilean Universities","url":"https:\/\/consejoderectores.cl\/en\/","logo":{"@type":"ImageObject","inLanguage":"en-US","@id":"https:\/\/consejoderectores.cl\/en\/#\/schema\/logo\/image\/","url":"https:\/\/consejoderectores.cl\/wp-content\/uploads\/2025\/12\/logoheader_2025.png","contentUrl":"https:\/\/consejoderectores.cl\/wp-content\/uploads\/2025\/12\/logoheader_2025.png","width":666,"height":305,"caption":"Consejo de Rectoras y Rectores de las Universidades Chilenas"},"image":{"@id":"https:\/\/consejoderectores.cl\/en\/#\/schema\/logo\/image\/"},"sameAs":["https:\/\/x.com\/CRUCH_cl","https:\/\/www.instagram.com\/consejoderectores\/","https:\/\/www.linkedin.com\/company\/cruch\/","https:\/\/www.youtube.com\/channel\/UCzgIFRCsDlKoFpimiQmEaOA"]},{"@type":"Person","@id":"https:\/\/consejoderectores.cl\/en\/#\/schema\/person\/d863e44afde067fd4b57fac66ced709e","name":"Council of Rectors of Chilean Universities","image":{"@type":"ImageObject","inLanguage":"en-US","@id":"https:\/\/consejoderectores.cl\/en\/#\/schema\/person\/image\/","url":"https:\/\/secure.gravatar.com\/avatar\/c31e2a02401f041926afb8ee21ab666f0925814fe85d25a5c8db80e23722dfc1?s=96&d=mm&r=g","contentUrl":"https:\/\/secure.gravatar.com\/avatar\/c31e2a02401f041926afb8ee21ab666f0925814fe85d25a5c8db80e23722dfc1?s=96&d=mm&r=g","caption":"Consejo de Rectores de las Universidades Chilenas"},"sameAs":["https:\/\/www.consejoderectores.cl"],"url":"https:\/\/consejoderectores.cl\/en\/author\/cruch\/"}]}},"_links":{"self":[{"href":"https:\/\/consejoderectores.cl\/en\/wp-json\/wp\/v2\/posts\/1283","targetHints":{"allow":["GET"]}}],"collection":[{"href":"https:\/\/consejoderectores.cl\/en\/wp-json\/wp\/v2\/posts"}],"about":[{"href":"https:\/\/consejoderectores.cl\/en\/wp-json\/wp\/v2\/types\/post"}],"author":[{"embeddable":true,"href":"https:\/\/consejoderectores.cl\/en\/wp-json\/wp\/v2\/users\/1"}],"replies":[{"embeddable":true,"href":"https:\/\/consejoderectores.cl\/en\/wp-json\/wp\/v2\/comments?post=1283"}],"version-history":[{"count":2,"href":"https:\/\/consejoderectores.cl\/en\/wp-json\/wp\/v2\/posts\/1283\/revisions"}],"predecessor-version":[{"id":5740,"href":"https:\/\/consejoderectores.cl\/en\/wp-json\/wp\/v2\/posts\/1283\/revisions\/5740"}],"wp:featuredmedia":[{"embeddable":true,"href":"https:\/\/consejoderectores.cl\/en\/wp-json\/wp\/v2\/media\/5739"}],"wp:attachment":[{"href":"https:\/\/consejoderectores.cl\/en\/wp-json\/wp\/v2\/media?parent=1283"}],"wp:term":[{"taxonomy":"category","embeddable":true,"href":"https:\/\/consejoderectores.cl\/en\/wp-json\/wp\/v2\/categories?post=1283"},{"taxonomy":"post_tag","embeddable":true,"href":"https:\/\/consejoderectores.cl\/en\/wp-json\/wp\/v2\/tags?post=1283"}],"curies":[{"name":"wp","href":"https:\/\/api.w.org\/{rel}","templated":true}]}}