{"id":1281,"date":"2013-07-15T00:00:00","date_gmt":"2013-07-15T00:00:00","guid":{"rendered":""},"modified":"2022-01-20T19:22:04","modified_gmt":"2022-01-20T19:22:04","slug":"603c6d8075ba2","status":"publish","type":"post","link":"https:\/\/consejoderectores.cl\/en\/2013\/07\/15\/603c6d8075ba2\/","title":{"rendered":"Council of Rectors participates in university meeting in Panama"},"content":{"rendered":"<blockquote>\n<p class=\"p1\">The meeting of university networks and Councils of Rectors of Latin America and the Caribbean was held at the University of Panama. Representing CRUCH was its executive director, Mar\u00eda Teresa Marshall.<\/p>\n<\/blockquote>\n<p class=\"p1\">The Fifth Meeting of University Networks and Councils of Rectors of the region, convened by the UNESCO International Institute for Higher Education in Latin America and the Caribbean (IESALC), was held at the University of Panama. The Council of Rectors of Chilean Universities was represented by its Executive Director, Mar\u00eda Teresa Marshall.<\/p>\n<p class=\"p1\">This meeting provided a space for reflection and dialogue on the trends, impact, and new challenges in higher education. Among the priorities of this discussion were internationalization and knowledge production and management.<\/p>\n<p class=\"p1\">At the opening of the event, Dr. Pedro Henr\u00edquez, director of IESALC, stated that Latin America and the Caribbean require a strong higher education system to effectively address the region&#039;s challenges, with a particular focus on greater progress in equity and inclusion, considering higher education as a public good and a human right. In his remarks, he called for this open debate, recognizing IESALC as a think tank for Latin America.<\/p>\n<p class=\"p1\">Among the speakers, it is worth highlighting the presentation by Dr. Ismail Serageldin, director of the Library of Alexandria, who referred to the meaning of the knowledge revolution and its implications for university systems, emphasizing the importance of universities for current societies and the challenges they must address in the field of research, teaching and learning, and community engagement.<\/p>\n<p class=\"p1\">The INFOACES project (Comprehensive Information System on Higher Education Institutions in Latin America for the Common Area of Higher Education with Europe), led by Dr. Jos\u00e9 Miguel Carot of the Polytechnic University of Valencia, was also presented. Dr. Carot emphasized how quality challenges increasingly demand more and more complex information for decision-making. He also highlighted the importance of information systems that enable academic cooperation, institutional development, and a vision for a common area of higher education in synergy with the European Union. The project&#039;s results will be hosted on IESALC and will provide a common set of indicators and an IT platform, offering new tools for management.<\/p>\n<p class=\"p1\">Another relevant presentation was the report on student mobility and the reflections presented by RELAIRES, an organization that is promoting the construction of a student mobility platform that actively involves the entire region and gathers the various existing options and networks.<\/p>","protected":false},"excerpt":{"rendered":"<p>El encuentro de redes universitarias y Consejos de Rectores de Am\u00e9rica Latina y el Caribe, se celebr\u00f3 en la Universidad de Panam\u00e1. En representaci\u00f3n del CRUCH asisti\u00f3 su directora ejecutiva, Mar\u00eda Teresa Marshall. En la Universidad de Panam\u00e1 se realiz\u00f3 el Quinto Encuentro de Redes Universitarias y Consejos de Rectores de la regi\u00f3n convocado por [&hellip;]<\/p>\n","protected":false},"author":1,"featured_media":3592,"comment_status":"open","ping_status":"open","sticky":false,"template":"","format":"standard","meta":{"_acf_changed":false,"footnotes":""},"categories":[3],"tags":[],"class_list":["post-1281","post","type-post","status-publish","format-standard","has-post-thumbnail","hentry","category-noticias"],"acf":[],"yoast_head":"<!-- This site is optimized with the Yoast SEO plugin v27.1.1 - https:\/\/yoast.com\/product\/yoast-seo-wordpress\/ -->\n<title>Consejo de Rectores participa en encuentro universitario en Panam\u00e1 - Consejo de Rectoras y Rectores de las Universidades Chilenas<\/title>\n<meta name=\"robots\" content=\"index, follow, max-snippet:-1, max-image-preview:large, max-video-preview:-1\" \/>\n<link rel=\"canonical\" href=\"https:\/\/consejoderectores.cl\/en\/2013\/07\/15\/603c6d8075ba2\/\" \/>\n<meta property=\"og:locale\" content=\"en_US\" \/>\n<meta property=\"og:type\" content=\"article\" \/>\n<meta property=\"og:title\" content=\"Consejo de Rectores participa en encuentro universitario en Panam\u00e1 - Consejo de Rectoras y Rectores de las Universidades Chilenas\" \/>\n<meta property=\"og:description\" content=\"El encuentro de redes universitarias y Consejos de Rectores de Am\u00e9rica Latina y el Caribe, se celebr\u00f3 en la Universidad de Panam\u00e1. En representaci\u00f3n del CRUCH asisti\u00f3 su directora ejecutiva, Mar\u00eda Teresa Marshall. En la Universidad de Panam\u00e1 se realiz\u00f3 el Quinto Encuentro de Redes Universitarias y Consejos de Rectores de la regi\u00f3n convocado por [&hellip;]\" \/>\n<meta property=\"og:url\" content=\"https:\/\/consejoderectores.cl\/en\/2013\/07\/15\/603c6d8075ba2\/\" \/>\n<meta property=\"og:site_name\" content=\"Consejo de Rectoras y Rectores de las Universidades Chilenas\" \/>\n<meta property=\"article:published_time\" content=\"2013-07-15T00:00:00+00:00\" \/>\n<meta property=\"article:modified_time\" content=\"2022-01-20T19:22:04+00:00\" \/>\n<meta property=\"og:image\" content=\"https:\/\/consejoderectores.cl\/wp-content\/uploads\/2021\/10\/declaraciones-publicas.jpg\" \/>\n\t<meta property=\"og:image:width\" content=\"1024\" \/>\n\t<meta property=\"og:image:height\" content=\"500\" \/>\n\t<meta property=\"og:image:type\" content=\"image\/jpeg\" \/>\n<meta name=\"author\" content=\"Consejo de Rectores de las Universidades Chilenas\" \/>\n<meta name=\"twitter:card\" content=\"summary_large_image\" \/>\n<meta name=\"twitter:creator\" content=\"@CRUCH_cl\" \/>\n<meta name=\"twitter:site\" content=\"@CRUCH_cl\" \/>\n<meta name=\"twitter:label1\" content=\"Written by\" \/>\n\t<meta name=\"twitter:data1\" content=\"Consejo de Rectores de las Universidades Chilenas\" \/>\n\t<meta name=\"twitter:label2\" content=\"Est. reading time\" \/>\n\t<meta name=\"twitter:data2\" content=\"2 minutes\" \/>\n<script type=\"application\/ld+json\" class=\"yoast-schema-graph\">{\"@context\":\"https:\/\/schema.org\",\"@graph\":[{\"@type\":\"Article\",\"@id\":\"https:\/\/consejoderectores.cl\/2013\/07\/15\/603c6d8075ba2\/#article\",\"isPartOf\":{\"@id\":\"https:\/\/consejoderectores.cl\/2013\/07\/15\/603c6d8075ba2\/\"},\"author\":{\"name\":\"Consejo de Rectores de las Universidades Chilenas\",\"@id\":\"https:\/\/consejoderectores.cl\/en\/#\/schema\/person\/d863e44afde067fd4b57fac66ced709e\"},\"headline\":\"Consejo de Rectores participa en encuentro universitario en Panam\u00e1\",\"datePublished\":\"2013-07-15T00:00:00+00:00\",\"dateModified\":\"2022-01-20T19:22:04+00:00\",\"mainEntityOfPage\":{\"@id\":\"https:\/\/consejoderectores.cl\/2013\/07\/15\/603c6d8075ba2\/\"},\"wordCount\":504,\"commentCount\":0,\"publisher\":{\"@id\":\"https:\/\/consejoderectores.cl\/en\/#organization\"},\"image\":{\"@id\":\"https:\/\/consejoderectores.cl\/2013\/07\/15\/603c6d8075ba2\/#primaryimage\"},\"thumbnailUrl\":\"https:\/\/consejoderectores.cl\/wp-content\/uploads\/2021\/10\/declaraciones-publicas.jpg\",\"articleSection\":[\"Noticias\"],\"inLanguage\":\"en-US\",\"potentialAction\":[{\"@type\":\"CommentAction\",\"name\":\"Comment\",\"target\":[\"https:\/\/consejoderectores.cl\/2013\/07\/15\/603c6d8075ba2\/#respond\"]}]},{\"@type\":\"WebPage\",\"@id\":\"https:\/\/consejoderectores.cl\/2013\/07\/15\/603c6d8075ba2\/\",\"url\":\"https:\/\/consejoderectores.cl\/2013\/07\/15\/603c6d8075ba2\/\",\"name\":\"Consejo de Rectores participa en encuentro universitario en Panam\u00e1 - Consejo de Rectoras y Rectores de las Universidades Chilenas\",\"isPartOf\":{\"@id\":\"https:\/\/consejoderectores.cl\/en\/#website\"},\"primaryImageOfPage\":{\"@id\":\"https:\/\/consejoderectores.cl\/2013\/07\/15\/603c6d8075ba2\/#primaryimage\"},\"image\":{\"@id\":\"https:\/\/consejoderectores.cl\/2013\/07\/15\/603c6d8075ba2\/#primaryimage\"},\"thumbnailUrl\":\"https:\/\/consejoderectores.cl\/wp-content\/uploads\/2021\/10\/declaraciones-publicas.jpg\",\"datePublished\":\"2013-07-15T00:00:00+00:00\",\"dateModified\":\"2022-01-20T19:22:04+00:00\",\"breadcrumb\":{\"@id\":\"https:\/\/consejoderectores.cl\/2013\/07\/15\/603c6d8075ba2\/#breadcrumb\"},\"inLanguage\":\"en-US\",\"potentialAction\":[{\"@type\":\"ReadAction\",\"target\":[\"https:\/\/consejoderectores.cl\/2013\/07\/15\/603c6d8075ba2\/\"]}]},{\"@type\":\"ImageObject\",\"inLanguage\":\"en-US\",\"@id\":\"https:\/\/consejoderectores.cl\/2013\/07\/15\/603c6d8075ba2\/#primaryimage\",\"url\":\"https:\/\/consejoderectores.cl\/wp-content\/uploads\/2021\/10\/declaraciones-publicas.jpg\",\"contentUrl\":\"https:\/\/consejoderectores.cl\/wp-content\/uploads\/2021\/10\/declaraciones-publicas.jpg\",\"width\":1024,\"height\":500},{\"@type\":\"BreadcrumbList\",\"@id\":\"https:\/\/consejoderectores.cl\/2013\/07\/15\/603c6d8075ba2\/#breadcrumb\",\"itemListElement\":[{\"@type\":\"ListItem\",\"position\":1,\"name\":\"Home\",\"item\":\"https:\/\/consejoderectores.cl\/\"},{\"@type\":\"ListItem\",\"position\":2,\"name\":\"Consejo de Rectores participa en encuentro universitario en Panam\u00e1\"}]},{\"@type\":\"WebSite\",\"@id\":\"https:\/\/consejoderectores.cl\/en\/#website\",\"url\":\"https:\/\/consejoderectores.cl\/en\/\",\"name\":\"Consejo de Rectoras y Rectores de las Universidades Chilenas\",\"description\":\"\",\"publisher\":{\"@id\":\"https:\/\/consejoderectores.cl\/en\/#organization\"},\"potentialAction\":[{\"@type\":\"SearchAction\",\"target\":{\"@type\":\"EntryPoint\",\"urlTemplate\":\"https:\/\/consejoderectores.cl\/en\/?s={search_term_string}\"},\"query-input\":{\"@type\":\"PropertyValueSpecification\",\"valueRequired\":true,\"valueName\":\"search_term_string\"}}],\"inLanguage\":\"en-US\"},{\"@type\":\"Organization\",\"@id\":\"https:\/\/consejoderectores.cl\/en\/#organization\",\"name\":\"Consejo de Rectoras y Rectores de las Universidades Chilenas\",\"url\":\"https:\/\/consejoderectores.cl\/en\/\",\"logo\":{\"@type\":\"ImageObject\",\"inLanguage\":\"en-US\",\"@id\":\"https:\/\/consejoderectores.cl\/en\/#\/schema\/logo\/image\/\",\"url\":\"https:\/\/consejoderectores.cl\/wp-content\/uploads\/2025\/12\/logoheader_2025.png\",\"contentUrl\":\"https:\/\/consejoderectores.cl\/wp-content\/uploads\/2025\/12\/logoheader_2025.png\",\"width\":666,\"height\":305,\"caption\":\"Consejo de Rectoras y Rectores de las Universidades Chilenas\"},\"image\":{\"@id\":\"https:\/\/consejoderectores.cl\/en\/#\/schema\/logo\/image\/\"},\"sameAs\":[\"https:\/\/x.com\/CRUCH_cl\",\"https:\/\/www.instagram.com\/consejoderectores\/\",\"https:\/\/www.linkedin.com\/company\/cruch\/\",\"https:\/\/www.youtube.com\/channel\/UCzgIFRCsDlKoFpimiQmEaOA\"]},{\"@type\":\"Person\",\"@id\":\"https:\/\/consejoderectores.cl\/en\/#\/schema\/person\/d863e44afde067fd4b57fac66ced709e\",\"name\":\"Consejo de Rectores de las Universidades Chilenas\",\"image\":{\"@type\":\"ImageObject\",\"inLanguage\":\"en-US\",\"@id\":\"https:\/\/consejoderectores.cl\/en\/#\/schema\/person\/image\/\",\"url\":\"https:\/\/secure.gravatar.com\/avatar\/c31e2a02401f041926afb8ee21ab666f0925814fe85d25a5c8db80e23722dfc1?s=96&d=mm&r=g\",\"contentUrl\":\"https:\/\/secure.gravatar.com\/avatar\/c31e2a02401f041926afb8ee21ab666f0925814fe85d25a5c8db80e23722dfc1?s=96&d=mm&r=g\",\"caption\":\"Consejo de Rectores de las Universidades Chilenas\"},\"sameAs\":[\"https:\/\/www.consejoderectores.cl\"],\"url\":\"https:\/\/consejoderectores.cl\/en\/author\/cruch\/\"}]}<\/script>\n<!-- \/ Yoast SEO plugin. -->","yoast_head_json":{"title":"Consejo de Rectores participa en encuentro universitario en Panam\u00e1 - Consejo de Rectoras y Rectores de las Universidades Chilenas","robots":{"index":"index","follow":"follow","max-snippet":"max-snippet:-1","max-image-preview":"max-image-preview:large","max-video-preview":"max-video-preview:-1"},"canonical":"https:\/\/consejoderectores.cl\/en\/2013\/07\/15\/603c6d8075ba2\/","og_locale":"en_US","og_type":"article","og_title":"Consejo de Rectores participa en encuentro universitario en Panam\u00e1 - Consejo de Rectoras y Rectores de las Universidades Chilenas","og_description":"El encuentro de redes universitarias y Consejos de Rectores de Am\u00e9rica Latina y el Caribe, se celebr\u00f3 en la Universidad de Panam\u00e1. En representaci\u00f3n del CRUCH asisti\u00f3 su directora ejecutiva, Mar\u00eda Teresa Marshall. En la Universidad de Panam\u00e1 se realiz\u00f3 el Quinto Encuentro de Redes Universitarias y Consejos de Rectores de la regi\u00f3n convocado por [&hellip;]","og_url":"https:\/\/consejoderectores.cl\/en\/2013\/07\/15\/603c6d8075ba2\/","og_site_name":"Consejo de Rectoras y Rectores de las Universidades Chilenas","article_published_time":"2013-07-15T00:00:00+00:00","article_modified_time":"2022-01-20T19:22:04+00:00","og_image":[{"width":1024,"height":500,"url":"https:\/\/consejoderectores.cl\/wp-content\/uploads\/2021\/10\/declaraciones-publicas.jpg","type":"image\/jpeg"}],"author":"Consejo de Rectores de las Universidades Chilenas","twitter_card":"summary_large_image","twitter_creator":"@CRUCH_cl","twitter_site":"@CRUCH_cl","twitter_misc":{"Written by":"Consejo de Rectores de las Universidades Chilenas","Est. reading time":"2 minutes"},"schema":{"@context":"https:\/\/schema.org","@graph":[{"@type":"Article","@id":"https:\/\/consejoderectores.cl\/2013\/07\/15\/603c6d8075ba2\/#article","isPartOf":{"@id":"https:\/\/consejoderectores.cl\/2013\/07\/15\/603c6d8075ba2\/"},"author":{"name":"Consejo de Rectores de las Universidades Chilenas","@id":"https:\/\/consejoderectores.cl\/en\/#\/schema\/person\/d863e44afde067fd4b57fac66ced709e"},"headline":"Consejo de Rectores participa en encuentro universitario en Panam\u00e1","datePublished":"2013-07-15T00:00:00+00:00","dateModified":"2022-01-20T19:22:04+00:00","mainEntityOfPage":{"@id":"https:\/\/consejoderectores.cl\/2013\/07\/15\/603c6d8075ba2\/"},"wordCount":504,"commentCount":0,"publisher":{"@id":"https:\/\/consejoderectores.cl\/en\/#organization"},"image":{"@id":"https:\/\/consejoderectores.cl\/2013\/07\/15\/603c6d8075ba2\/#primaryimage"},"thumbnailUrl":"https:\/\/consejoderectores.cl\/wp-content\/uploads\/2021\/10\/declaraciones-publicas.jpg","articleSection":["Noticias"],"inLanguage":"en-US","potentialAction":[{"@type":"CommentAction","name":"Comment","target":["https:\/\/consejoderectores.cl\/2013\/07\/15\/603c6d8075ba2\/#respond"]}]},{"@type":"WebPage","@id":"https:\/\/consejoderectores.cl\/2013\/07\/15\/603c6d8075ba2\/","url":"https:\/\/consejoderectores.cl\/2013\/07\/15\/603c6d8075ba2\/","name":"Consejo de Rectores participa en encuentro universitario en Panam\u00e1 - Consejo de Rectoras y Rectores de las Universidades Chilenas","isPartOf":{"@id":"https:\/\/consejoderectores.cl\/en\/#website"},"primaryImageOfPage":{"@id":"https:\/\/consejoderectores.cl\/2013\/07\/15\/603c6d8075ba2\/#primaryimage"},"image":{"@id":"https:\/\/consejoderectores.cl\/2013\/07\/15\/603c6d8075ba2\/#primaryimage"},"thumbnailUrl":"https:\/\/consejoderectores.cl\/wp-content\/uploads\/2021\/10\/declaraciones-publicas.jpg","datePublished":"2013-07-15T00:00:00+00:00","dateModified":"2022-01-20T19:22:04+00:00","breadcrumb":{"@id":"https:\/\/consejoderectores.cl\/2013\/07\/15\/603c6d8075ba2\/#breadcrumb"},"inLanguage":"en-US","potentialAction":[{"@type":"ReadAction","target":["https:\/\/consejoderectores.cl\/2013\/07\/15\/603c6d8075ba2\/"]}]},{"@type":"ImageObject","inLanguage":"en-US","@id":"https:\/\/consejoderectores.cl\/2013\/07\/15\/603c6d8075ba2\/#primaryimage","url":"https:\/\/consejoderectores.cl\/wp-content\/uploads\/2021\/10\/declaraciones-publicas.jpg","contentUrl":"https:\/\/consejoderectores.cl\/wp-content\/uploads\/2021\/10\/declaraciones-publicas.jpg","width":1024,"height":500},{"@type":"BreadcrumbList","@id":"https:\/\/consejoderectores.cl\/2013\/07\/15\/603c6d8075ba2\/#breadcrumb","itemListElement":[{"@type":"ListItem","position":1,"name":"Home","item":"https:\/\/consejoderectores.cl\/"},{"@type":"ListItem","position":2,"name":"Consejo de Rectores participa en encuentro universitario en Panam\u00e1"}]},{"@type":"WebSite","@id":"https:\/\/consejoderectores.cl\/en\/#website","url":"https:\/\/consejoderectores.cl\/en\/","name":"Council of Rectors of Chilean Universities","description":"","publisher":{"@id":"https:\/\/consejoderectores.cl\/en\/#organization"},"potentialAction":[{"@type":"SearchAction","target":{"@type":"EntryPoint","urlTemplate":"https:\/\/consejoderectores.cl\/en\/?s={search_term_string}"},"query-input":{"@type":"PropertyValueSpecification","valueRequired":true,"valueName":"search_term_string"}}],"inLanguage":"en-US"},{"@type":"Organization","@id":"https:\/\/consejoderectores.cl\/en\/#organization","name":"Council of Rectors of Chilean Universities","url":"https:\/\/consejoderectores.cl\/en\/","logo":{"@type":"ImageObject","inLanguage":"en-US","@id":"https:\/\/consejoderectores.cl\/en\/#\/schema\/logo\/image\/","url":"https:\/\/consejoderectores.cl\/wp-content\/uploads\/2025\/12\/logoheader_2025.png","contentUrl":"https:\/\/consejoderectores.cl\/wp-content\/uploads\/2025\/12\/logoheader_2025.png","width":666,"height":305,"caption":"Consejo de Rectoras y Rectores de las Universidades Chilenas"},"image":{"@id":"https:\/\/consejoderectores.cl\/en\/#\/schema\/logo\/image\/"},"sameAs":["https:\/\/x.com\/CRUCH_cl","https:\/\/www.instagram.com\/consejoderectores\/","https:\/\/www.linkedin.com\/company\/cruch\/","https:\/\/www.youtube.com\/channel\/UCzgIFRCsDlKoFpimiQmEaOA"]},{"@type":"Person","@id":"https:\/\/consejoderectores.cl\/en\/#\/schema\/person\/d863e44afde067fd4b57fac66ced709e","name":"Council of Rectors of Chilean Universities","image":{"@type":"ImageObject","inLanguage":"en-US","@id":"https:\/\/consejoderectores.cl\/en\/#\/schema\/person\/image\/","url":"https:\/\/secure.gravatar.com\/avatar\/c31e2a02401f041926afb8ee21ab666f0925814fe85d25a5c8db80e23722dfc1?s=96&d=mm&r=g","contentUrl":"https:\/\/secure.gravatar.com\/avatar\/c31e2a02401f041926afb8ee21ab666f0925814fe85d25a5c8db80e23722dfc1?s=96&d=mm&r=g","caption":"Consejo de Rectores de las Universidades Chilenas"},"sameAs":["https:\/\/www.consejoderectores.cl"],"url":"https:\/\/consejoderectores.cl\/en\/author\/cruch\/"}]}},"_links":{"self":[{"href":"https:\/\/consejoderectores.cl\/en\/wp-json\/wp\/v2\/posts\/1281","targetHints":{"allow":["GET"]}}],"collection":[{"href":"https:\/\/consejoderectores.cl\/en\/wp-json\/wp\/v2\/posts"}],"about":[{"href":"https:\/\/consejoderectores.cl\/en\/wp-json\/wp\/v2\/types\/post"}],"author":[{"embeddable":true,"href":"https:\/\/consejoderectores.cl\/en\/wp-json\/wp\/v2\/users\/1"}],"replies":[{"embeddable":true,"href":"https:\/\/consejoderectores.cl\/en\/wp-json\/wp\/v2\/comments?post=1281"}],"version-history":[{"count":3,"href":"https:\/\/consejoderectores.cl\/en\/wp-json\/wp\/v2\/posts\/1281\/revisions"}],"predecessor-version":[{"id":5745,"href":"https:\/\/consejoderectores.cl\/en\/wp-json\/wp\/v2\/posts\/1281\/revisions\/5745"}],"wp:featuredmedia":[{"embeddable":true,"href":"https:\/\/consejoderectores.cl\/en\/wp-json\/wp\/v2\/media\/3592"}],"wp:attachment":[{"href":"https:\/\/consejoderectores.cl\/en\/wp-json\/wp\/v2\/media?parent=1281"}],"wp:term":[{"taxonomy":"category","embeddable":true,"href":"https:\/\/consejoderectores.cl\/en\/wp-json\/wp\/v2\/categories?post=1281"},{"taxonomy":"post_tag","embeddable":true,"href":"https:\/\/consejoderectores.cl\/en\/wp-json\/wp\/v2\/tags?post=1281"}],"curies":[{"name":"wp","href":"https:\/\/api.w.org\/{rel}","templated":true}]}}