{"id":1277,"date":"2013-06-28T00:00:00","date_gmt":"2013-06-28T00:00:00","guid":{"rendered":""},"modified":"2022-01-21T14:10:24","modified_gmt":"2022-01-21T14:10:24","slug":"603c6d8075896","status":"publish","type":"post","link":"https:\/\/consejoderectores.cl\/en\/2013\/06\/28\/603c6d8075896\/","title":{"rendered":"Executive Vice President of CRUCH, Juan Manuel Zolezzi: \u201cWe reject the occupations and violence from every point of view\u201d"},"content":{"rendered":"<blockquote>\n<p class=\"p1\">At the monthly meeting of the Council of Rectors, held in Talca, representatives from the 25 universities of the CRUCH (Council of Rectors of Chilean Universities) analyzed the student protests. They also received a visit from the new Head of the Higher Education Division of the Ministry of Education, Alberto V\u00e1squez.<\/p>\n<\/blockquote>\n<p class=\"p1\">The Council of Rectors met at the Catholic University of Maule in Talca for its monthly meeting. The meeting, which was also attended by Alberto V\u00e1squez, head of the Higher Education Division (DIVESUP) of the Ministry of Education (MINEDUC), addressed collaborative work with the Ministry, a proposed initiative, and the current state of student protests.<\/p>\n<p class=\"p1\">At the end of the meeting, the executive vice president of the Council of Rectors, Juan Manuel Zolezzi, expressed the institution&#039;s opinion regarding the mobilizations.<\/p>\n<p class=\"p1\">\u201cThe Council is extremely concerned about what is happening. We believe that violence begets more violence. We think that preventing academics, students, and staff from accessing their places of study and work is counterproductive, and therefore we reject the occupations, strikes, and violence from every perspective,\u201d the university official stated.<\/p>","protected":false},"excerpt":{"rendered":"<p>En la sesi\u00f3n mensual del Consejo de Rectores, celebrada en Talca, los representantes de las 25 universidades del CRUCH analizaron las movilizaciones estudiantiles. Adem\u00e1s, recibieron la visita del nuevo Jefe de la Divisi\u00f3n de Educaci\u00f3n Superior del Ministerio de Educaci\u00f3n, Alberto V\u00e1squez. El Consejo de Rectores se reuni\u00f3 en dependencias de la Universidad Cat\u00f3lica del [&hellip;]<\/p>\n","protected":false},"author":1,"featured_media":3592,"comment_status":"open","ping_status":"open","sticky":false,"template":"","format":"standard","meta":{"_acf_changed":false,"footnotes":""},"categories":[3],"tags":[],"class_list":["post-1277","post","type-post","status-publish","format-standard","has-post-thumbnail","hentry","category-noticias"],"acf":[],"yoast_head":"<!-- This site is optimized with the Yoast SEO plugin v27.1.1 - https:\/\/yoast.com\/product\/yoast-seo-wordpress\/ -->\n<title>Vicepresidente ejecutivo del CRUCH, Juan Manuel Zolezzi: \u201cRechazamos las tomas y la violencia desde todo punto de vista\u201d - Consejo de Rectoras y Rectores de las Universidades Chilenas<\/title>\n<meta name=\"robots\" content=\"index, follow, max-snippet:-1, max-image-preview:large, max-video-preview:-1\" \/>\n<link rel=\"canonical\" href=\"https:\/\/consejoderectores.cl\/en\/2013\/06\/28\/603c6d8075896\/\" \/>\n<meta property=\"og:locale\" content=\"en_US\" \/>\n<meta property=\"og:type\" content=\"article\" \/>\n<meta property=\"og:title\" content=\"Vicepresidente ejecutivo del CRUCH, Juan Manuel Zolezzi: \u201cRechazamos las tomas y la violencia desde todo punto de vista\u201d - Consejo de Rectoras y Rectores de las Universidades Chilenas\" \/>\n<meta property=\"og:description\" content=\"En la sesi\u00f3n mensual del Consejo de Rectores, celebrada en Talca, los representantes de las 25 universidades del CRUCH analizaron las movilizaciones estudiantiles. Adem\u00e1s, recibieron la visita del nuevo Jefe de la Divisi\u00f3n de Educaci\u00f3n Superior del Ministerio de Educaci\u00f3n, Alberto V\u00e1squez. El Consejo de Rectores se reuni\u00f3 en dependencias de la Universidad Cat\u00f3lica del [&hellip;]\" \/>\n<meta property=\"og:url\" content=\"https:\/\/consejoderectores.cl\/en\/2013\/06\/28\/603c6d8075896\/\" \/>\n<meta property=\"og:site_name\" content=\"Consejo de Rectoras y Rectores de las Universidades Chilenas\" \/>\n<meta property=\"article:published_time\" content=\"2013-06-28T00:00:00+00:00\" \/>\n<meta property=\"article:modified_time\" content=\"2022-01-21T14:10:24+00:00\" \/>\n<meta property=\"og:image\" content=\"https:\/\/consejoderectores.cl\/wp-content\/uploads\/2021\/10\/declaraciones-publicas.jpg\" \/>\n\t<meta property=\"og:image:width\" content=\"1024\" \/>\n\t<meta property=\"og:image:height\" content=\"500\" \/>\n\t<meta property=\"og:image:type\" content=\"image\/jpeg\" \/>\n<meta name=\"author\" content=\"Consejo de Rectores de las Universidades Chilenas\" \/>\n<meta name=\"twitter:card\" content=\"summary_large_image\" \/>\n<meta name=\"twitter:creator\" content=\"@CRUCH_cl\" \/>\n<meta name=\"twitter:site\" content=\"@CRUCH_cl\" \/>\n<meta name=\"twitter:label1\" content=\"Written by\" \/>\n\t<meta name=\"twitter:data1\" content=\"Consejo de Rectores de las Universidades Chilenas\" \/>\n\t<meta name=\"twitter:label2\" content=\"Est. reading time\" \/>\n\t<meta name=\"twitter:data2\" content=\"1 minute\" \/>\n<script type=\"application\/ld+json\" class=\"yoast-schema-graph\">{\"@context\":\"https:\/\/schema.org\",\"@graph\":[{\"@type\":\"Article\",\"@id\":\"https:\/\/consejoderectores.cl\/2013\/06\/28\/603c6d8075896\/#article\",\"isPartOf\":{\"@id\":\"https:\/\/consejoderectores.cl\/2013\/06\/28\/603c6d8075896\/\"},\"author\":{\"name\":\"Consejo de Rectores de las Universidades Chilenas\",\"@id\":\"https:\/\/consejoderectores.cl\/en\/#\/schema\/person\/d863e44afde067fd4b57fac66ced709e\"},\"headline\":\"Vicepresidente ejecutivo del CRUCH, Juan Manuel Zolezzi: \u201cRechazamos las tomas y la violencia desde todo punto de vista\u201d\",\"datePublished\":\"2013-06-28T00:00:00+00:00\",\"dateModified\":\"2022-01-21T14:10:24+00:00\",\"mainEntityOfPage\":{\"@id\":\"https:\/\/consejoderectores.cl\/2013\/06\/28\/603c6d8075896\/\"},\"wordCount\":227,\"commentCount\":0,\"publisher\":{\"@id\":\"https:\/\/consejoderectores.cl\/en\/#organization\"},\"image\":{\"@id\":\"https:\/\/consejoderectores.cl\/2013\/06\/28\/603c6d8075896\/#primaryimage\"},\"thumbnailUrl\":\"https:\/\/consejoderectores.cl\/wp-content\/uploads\/2021\/10\/declaraciones-publicas.jpg\",\"articleSection\":[\"Noticias\"],\"inLanguage\":\"en-US\",\"potentialAction\":[{\"@type\":\"CommentAction\",\"name\":\"Comment\",\"target\":[\"https:\/\/consejoderectores.cl\/2013\/06\/28\/603c6d8075896\/#respond\"]}]},{\"@type\":\"WebPage\",\"@id\":\"https:\/\/consejoderectores.cl\/2013\/06\/28\/603c6d8075896\/\",\"url\":\"https:\/\/consejoderectores.cl\/2013\/06\/28\/603c6d8075896\/\",\"name\":\"Vicepresidente ejecutivo del CRUCH, Juan Manuel Zolezzi: \u201cRechazamos las tomas y la violencia desde todo punto de vista\u201d - Consejo de Rectoras y Rectores de las Universidades Chilenas\",\"isPartOf\":{\"@id\":\"https:\/\/consejoderectores.cl\/en\/#website\"},\"primaryImageOfPage\":{\"@id\":\"https:\/\/consejoderectores.cl\/2013\/06\/28\/603c6d8075896\/#primaryimage\"},\"image\":{\"@id\":\"https:\/\/consejoderectores.cl\/2013\/06\/28\/603c6d8075896\/#primaryimage\"},\"thumbnailUrl\":\"https:\/\/consejoderectores.cl\/wp-content\/uploads\/2021\/10\/declaraciones-publicas.jpg\",\"datePublished\":\"2013-06-28T00:00:00+00:00\",\"dateModified\":\"2022-01-21T14:10:24+00:00\",\"breadcrumb\":{\"@id\":\"https:\/\/consejoderectores.cl\/2013\/06\/28\/603c6d8075896\/#breadcrumb\"},\"inLanguage\":\"en-US\",\"potentialAction\":[{\"@type\":\"ReadAction\",\"target\":[\"https:\/\/consejoderectores.cl\/2013\/06\/28\/603c6d8075896\/\"]}]},{\"@type\":\"ImageObject\",\"inLanguage\":\"en-US\",\"@id\":\"https:\/\/consejoderectores.cl\/2013\/06\/28\/603c6d8075896\/#primaryimage\",\"url\":\"https:\/\/consejoderectores.cl\/wp-content\/uploads\/2021\/10\/declaraciones-publicas.jpg\",\"contentUrl\":\"https:\/\/consejoderectores.cl\/wp-content\/uploads\/2021\/10\/declaraciones-publicas.jpg\",\"width\":1024,\"height\":500},{\"@type\":\"BreadcrumbList\",\"@id\":\"https:\/\/consejoderectores.cl\/2013\/06\/28\/603c6d8075896\/#breadcrumb\",\"itemListElement\":[{\"@type\":\"ListItem\",\"position\":1,\"name\":\"Home\",\"item\":\"https:\/\/consejoderectores.cl\/\"},{\"@type\":\"ListItem\",\"position\":2,\"name\":\"Vicepresidente ejecutivo del CRUCH, Juan Manuel Zolezzi: \u201cRechazamos las tomas y la violencia desde todo punto de vista\u201d\"}]},{\"@type\":\"WebSite\",\"@id\":\"https:\/\/consejoderectores.cl\/en\/#website\",\"url\":\"https:\/\/consejoderectores.cl\/en\/\",\"name\":\"Consejo de Rectoras y Rectores de las Universidades Chilenas\",\"description\":\"\",\"publisher\":{\"@id\":\"https:\/\/consejoderectores.cl\/en\/#organization\"},\"potentialAction\":[{\"@type\":\"SearchAction\",\"target\":{\"@type\":\"EntryPoint\",\"urlTemplate\":\"https:\/\/consejoderectores.cl\/en\/?s={search_term_string}\"},\"query-input\":{\"@type\":\"PropertyValueSpecification\",\"valueRequired\":true,\"valueName\":\"search_term_string\"}}],\"inLanguage\":\"en-US\"},{\"@type\":\"Organization\",\"@id\":\"https:\/\/consejoderectores.cl\/en\/#organization\",\"name\":\"Consejo de Rectoras y Rectores de las Universidades Chilenas\",\"url\":\"https:\/\/consejoderectores.cl\/en\/\",\"logo\":{\"@type\":\"ImageObject\",\"inLanguage\":\"en-US\",\"@id\":\"https:\/\/consejoderectores.cl\/en\/#\/schema\/logo\/image\/\",\"url\":\"https:\/\/consejoderectores.cl\/wp-content\/uploads\/2025\/12\/logoheader_2025.png\",\"contentUrl\":\"https:\/\/consejoderectores.cl\/wp-content\/uploads\/2025\/12\/logoheader_2025.png\",\"width\":666,\"height\":305,\"caption\":\"Consejo de Rectoras y Rectores de las Universidades Chilenas\"},\"image\":{\"@id\":\"https:\/\/consejoderectores.cl\/en\/#\/schema\/logo\/image\/\"},\"sameAs\":[\"https:\/\/x.com\/CRUCH_cl\",\"https:\/\/www.instagram.com\/consejoderectores\/\",\"https:\/\/www.linkedin.com\/company\/cruch\/\",\"https:\/\/www.youtube.com\/channel\/UCzgIFRCsDlKoFpimiQmEaOA\"]},{\"@type\":\"Person\",\"@id\":\"https:\/\/consejoderectores.cl\/en\/#\/schema\/person\/d863e44afde067fd4b57fac66ced709e\",\"name\":\"Consejo de Rectores de las Universidades Chilenas\",\"image\":{\"@type\":\"ImageObject\",\"inLanguage\":\"en-US\",\"@id\":\"https:\/\/consejoderectores.cl\/en\/#\/schema\/person\/image\/\",\"url\":\"https:\/\/secure.gravatar.com\/avatar\/c31e2a02401f041926afb8ee21ab666f0925814fe85d25a5c8db80e23722dfc1?s=96&d=mm&r=g\",\"contentUrl\":\"https:\/\/secure.gravatar.com\/avatar\/c31e2a02401f041926afb8ee21ab666f0925814fe85d25a5c8db80e23722dfc1?s=96&d=mm&r=g\",\"caption\":\"Consejo de Rectores de las Universidades Chilenas\"},\"sameAs\":[\"https:\/\/www.consejoderectores.cl\"],\"url\":\"https:\/\/consejoderectores.cl\/en\/author\/cruch\/\"}]}<\/script>\n<!-- \/ Yoast SEO plugin. -->","yoast_head_json":{"title":"Vicepresidente ejecutivo del CRUCH, Juan Manuel Zolezzi: \u201cRechazamos las tomas y la violencia desde todo punto de vista\u201d - Consejo de Rectoras y Rectores de las Universidades Chilenas","robots":{"index":"index","follow":"follow","max-snippet":"max-snippet:-1","max-image-preview":"max-image-preview:large","max-video-preview":"max-video-preview:-1"},"canonical":"https:\/\/consejoderectores.cl\/en\/2013\/06\/28\/603c6d8075896\/","og_locale":"en_US","og_type":"article","og_title":"Vicepresidente ejecutivo del CRUCH, Juan Manuel Zolezzi: \u201cRechazamos las tomas y la violencia desde todo punto de vista\u201d - Consejo de Rectoras y Rectores de las Universidades Chilenas","og_description":"En la sesi\u00f3n mensual del Consejo de Rectores, celebrada en Talca, los representantes de las 25 universidades del CRUCH analizaron las movilizaciones estudiantiles. Adem\u00e1s, recibieron la visita del nuevo Jefe de la Divisi\u00f3n de Educaci\u00f3n Superior del Ministerio de Educaci\u00f3n, Alberto V\u00e1squez. El Consejo de Rectores se reuni\u00f3 en dependencias de la Universidad Cat\u00f3lica del [&hellip;]","og_url":"https:\/\/consejoderectores.cl\/en\/2013\/06\/28\/603c6d8075896\/","og_site_name":"Consejo de Rectoras y Rectores de las Universidades Chilenas","article_published_time":"2013-06-28T00:00:00+00:00","article_modified_time":"2022-01-21T14:10:24+00:00","og_image":[{"width":1024,"height":500,"url":"https:\/\/consejoderectores.cl\/wp-content\/uploads\/2021\/10\/declaraciones-publicas.jpg","type":"image\/jpeg"}],"author":"Consejo de Rectores de las Universidades Chilenas","twitter_card":"summary_large_image","twitter_creator":"@CRUCH_cl","twitter_site":"@CRUCH_cl","twitter_misc":{"Written by":"Consejo de Rectores de las Universidades Chilenas","Est. reading time":"1 minute"},"schema":{"@context":"https:\/\/schema.org","@graph":[{"@type":"Article","@id":"https:\/\/consejoderectores.cl\/2013\/06\/28\/603c6d8075896\/#article","isPartOf":{"@id":"https:\/\/consejoderectores.cl\/2013\/06\/28\/603c6d8075896\/"},"author":{"name":"Consejo de Rectores de las Universidades Chilenas","@id":"https:\/\/consejoderectores.cl\/en\/#\/schema\/person\/d863e44afde067fd4b57fac66ced709e"},"headline":"Vicepresidente ejecutivo del CRUCH, Juan Manuel Zolezzi: \u201cRechazamos las tomas y la violencia desde todo punto de vista\u201d","datePublished":"2013-06-28T00:00:00+00:00","dateModified":"2022-01-21T14:10:24+00:00","mainEntityOfPage":{"@id":"https:\/\/consejoderectores.cl\/2013\/06\/28\/603c6d8075896\/"},"wordCount":227,"commentCount":0,"publisher":{"@id":"https:\/\/consejoderectores.cl\/en\/#organization"},"image":{"@id":"https:\/\/consejoderectores.cl\/2013\/06\/28\/603c6d8075896\/#primaryimage"},"thumbnailUrl":"https:\/\/consejoderectores.cl\/wp-content\/uploads\/2021\/10\/declaraciones-publicas.jpg","articleSection":["Noticias"],"inLanguage":"en-US","potentialAction":[{"@type":"CommentAction","name":"Comment","target":["https:\/\/consejoderectores.cl\/2013\/06\/28\/603c6d8075896\/#respond"]}]},{"@type":"WebPage","@id":"https:\/\/consejoderectores.cl\/2013\/06\/28\/603c6d8075896\/","url":"https:\/\/consejoderectores.cl\/2013\/06\/28\/603c6d8075896\/","name":"Vicepresidente ejecutivo del CRUCH, Juan Manuel Zolezzi: \u201cRechazamos las tomas y la violencia desde todo punto de vista\u201d - Consejo de Rectoras y Rectores de las Universidades Chilenas","isPartOf":{"@id":"https:\/\/consejoderectores.cl\/en\/#website"},"primaryImageOfPage":{"@id":"https:\/\/consejoderectores.cl\/2013\/06\/28\/603c6d8075896\/#primaryimage"},"image":{"@id":"https:\/\/consejoderectores.cl\/2013\/06\/28\/603c6d8075896\/#primaryimage"},"thumbnailUrl":"https:\/\/consejoderectores.cl\/wp-content\/uploads\/2021\/10\/declaraciones-publicas.jpg","datePublished":"2013-06-28T00:00:00+00:00","dateModified":"2022-01-21T14:10:24+00:00","breadcrumb":{"@id":"https:\/\/consejoderectores.cl\/2013\/06\/28\/603c6d8075896\/#breadcrumb"},"inLanguage":"en-US","potentialAction":[{"@type":"ReadAction","target":["https:\/\/consejoderectores.cl\/2013\/06\/28\/603c6d8075896\/"]}]},{"@type":"ImageObject","inLanguage":"en-US","@id":"https:\/\/consejoderectores.cl\/2013\/06\/28\/603c6d8075896\/#primaryimage","url":"https:\/\/consejoderectores.cl\/wp-content\/uploads\/2021\/10\/declaraciones-publicas.jpg","contentUrl":"https:\/\/consejoderectores.cl\/wp-content\/uploads\/2021\/10\/declaraciones-publicas.jpg","width":1024,"height":500},{"@type":"BreadcrumbList","@id":"https:\/\/consejoderectores.cl\/2013\/06\/28\/603c6d8075896\/#breadcrumb","itemListElement":[{"@type":"ListItem","position":1,"name":"Home","item":"https:\/\/consejoderectores.cl\/"},{"@type":"ListItem","position":2,"name":"Vicepresidente ejecutivo del CRUCH, Juan Manuel Zolezzi: \u201cRechazamos las tomas y la violencia desde todo punto de vista\u201d"}]},{"@type":"WebSite","@id":"https:\/\/consejoderectores.cl\/en\/#website","url":"https:\/\/consejoderectores.cl\/en\/","name":"Council of Rectors of Chilean Universities","description":"","publisher":{"@id":"https:\/\/consejoderectores.cl\/en\/#organization"},"potentialAction":[{"@type":"SearchAction","target":{"@type":"EntryPoint","urlTemplate":"https:\/\/consejoderectores.cl\/en\/?s={search_term_string}"},"query-input":{"@type":"PropertyValueSpecification","valueRequired":true,"valueName":"search_term_string"}}],"inLanguage":"en-US"},{"@type":"Organization","@id":"https:\/\/consejoderectores.cl\/en\/#organization","name":"Council of Rectors of Chilean Universities","url":"https:\/\/consejoderectores.cl\/en\/","logo":{"@type":"ImageObject","inLanguage":"en-US","@id":"https:\/\/consejoderectores.cl\/en\/#\/schema\/logo\/image\/","url":"https:\/\/consejoderectores.cl\/wp-content\/uploads\/2025\/12\/logoheader_2025.png","contentUrl":"https:\/\/consejoderectores.cl\/wp-content\/uploads\/2025\/12\/logoheader_2025.png","width":666,"height":305,"caption":"Consejo de Rectoras y Rectores de las Universidades Chilenas"},"image":{"@id":"https:\/\/consejoderectores.cl\/en\/#\/schema\/logo\/image\/"},"sameAs":["https:\/\/x.com\/CRUCH_cl","https:\/\/www.instagram.com\/consejoderectores\/","https:\/\/www.linkedin.com\/company\/cruch\/","https:\/\/www.youtube.com\/channel\/UCzgIFRCsDlKoFpimiQmEaOA"]},{"@type":"Person","@id":"https:\/\/consejoderectores.cl\/en\/#\/schema\/person\/d863e44afde067fd4b57fac66ced709e","name":"Council of Rectors of Chilean Universities","image":{"@type":"ImageObject","inLanguage":"en-US","@id":"https:\/\/consejoderectores.cl\/en\/#\/schema\/person\/image\/","url":"https:\/\/secure.gravatar.com\/avatar\/c31e2a02401f041926afb8ee21ab666f0925814fe85d25a5c8db80e23722dfc1?s=96&d=mm&r=g","contentUrl":"https:\/\/secure.gravatar.com\/avatar\/c31e2a02401f041926afb8ee21ab666f0925814fe85d25a5c8db80e23722dfc1?s=96&d=mm&r=g","caption":"Consejo de Rectores de las Universidades Chilenas"},"sameAs":["https:\/\/www.consejoderectores.cl"],"url":"https:\/\/consejoderectores.cl\/en\/author\/cruch\/"}]}},"_links":{"self":[{"href":"https:\/\/consejoderectores.cl\/en\/wp-json\/wp\/v2\/posts\/1277","targetHints":{"allow":["GET"]}}],"collection":[{"href":"https:\/\/consejoderectores.cl\/en\/wp-json\/wp\/v2\/posts"}],"about":[{"href":"https:\/\/consejoderectores.cl\/en\/wp-json\/wp\/v2\/types\/post"}],"author":[{"embeddable":true,"href":"https:\/\/consejoderectores.cl\/en\/wp-json\/wp\/v2\/users\/1"}],"replies":[{"embeddable":true,"href":"https:\/\/consejoderectores.cl\/en\/wp-json\/wp\/v2\/comments?post=1277"}],"version-history":[{"count":2,"href":"https:\/\/consejoderectores.cl\/en\/wp-json\/wp\/v2\/posts\/1277\/revisions"}],"predecessor-version":[{"id":5755,"href":"https:\/\/consejoderectores.cl\/en\/wp-json\/wp\/v2\/posts\/1277\/revisions\/5755"}],"wp:featuredmedia":[{"embeddable":true,"href":"https:\/\/consejoderectores.cl\/en\/wp-json\/wp\/v2\/media\/3592"}],"wp:attachment":[{"href":"https:\/\/consejoderectores.cl\/en\/wp-json\/wp\/v2\/media?parent=1277"}],"wp:term":[{"taxonomy":"category","embeddable":true,"href":"https:\/\/consejoderectores.cl\/en\/wp-json\/wp\/v2\/categories?post=1277"},{"taxonomy":"post_tag","embeddable":true,"href":"https:\/\/consejoderectores.cl\/en\/wp-json\/wp\/v2\/tags?post=1277"}],"curies":[{"name":"wp","href":"https:\/\/api.w.org\/{rel}","templated":true}]}}