{"id":1262,"date":"2013-06-07T00:00:00","date_gmt":"2013-06-07T00:00:00","guid":{"rendered":""},"modified":"2022-01-21T15:27:18","modified_gmt":"2022-01-21T15:27:18","slug":"603c6d8074e1f","status":"publish","type":"post","link":"https:\/\/consejoderectores.cl\/en\/2013\/06\/07\/603c6d8074e1f\/","title":{"rendered":"Carolina Foundation and Council of Rectors deliver results of scholarships for short postdoctoral stays in Spain"},"content":{"rendered":"<blockquote><p>The beneficiaries are students from the University of Valpara\u00edso and the Catholic University of Maule.<\/p><\/blockquote>\n<p>Through an agreement between the Council of Rectors and the Carolina Foundation, two students from CRUCH institutions will be able to spend up to three months at Spanish universities.<\/p>\n<p>According to the Carolina Foundation, those selected for the 2013-2014 academic year are Carolina Guzm\u00e1n, from the University of Valpara\u00edso, who will undertake her postdoctoral stay at the University of Barcelona and Marcelo Rioseco, from the Catholic University of Maule, who will go to the University of Alicante.<\/p>\n<p>Each of them will benefit from round-trip tickets, medical insurance and a monthly allowance of 1,200 euros.<\/p>","protected":false},"excerpt":{"rendered":"<p>Los beneficiados son estudiantes de la Universidad de Valpara\u00edso y de la Universidad Cat\u00f3lica del Maule. A trav\u00e9s de un convenio entre el Consejo de Rectores y la Fundaci\u00f3n Carolina, dos estudiantes de instituciones del CRUCH podr\u00e1n realizar estancias de hasta tres meses en universidades espa\u00f1olas. Seg\u00fan inform\u00f3 la Fundaci\u00f3n Carolina, los seleccionados para el [&hellip;]<\/p>\n","protected":false},"author":1,"featured_media":3592,"comment_status":"open","ping_status":"open","sticky":false,"template":"","format":"standard","meta":{"_acf_changed":false,"footnotes":""},"categories":[3],"tags":[],"class_list":["post-1262","post","type-post","status-publish","format-standard","has-post-thumbnail","hentry","category-noticias"],"acf":[],"yoast_head":"<!-- This site is optimized with the Yoast SEO plugin v27.1.1 - https:\/\/yoast.com\/product\/yoast-seo-wordpress\/ -->\n<title>Fundaci\u00f3n Carolina y Consejo de Rectores entregan resultados de becas para estancias cortas postdoctorales en Espa\u00f1a - Consejo de Rectoras y Rectores de las Universidades Chilenas<\/title>\n<meta name=\"robots\" content=\"index, follow, max-snippet:-1, max-image-preview:large, max-video-preview:-1\" \/>\n<link rel=\"canonical\" href=\"https:\/\/consejoderectores.cl\/en\/2013\/06\/07\/603c6d8074e1f\/\" \/>\n<meta property=\"og:locale\" content=\"en_US\" \/>\n<meta property=\"og:type\" content=\"article\" \/>\n<meta property=\"og:title\" content=\"Fundaci\u00f3n Carolina y Consejo de Rectores entregan resultados de becas para estancias cortas postdoctorales en Espa\u00f1a - Consejo de Rectoras y Rectores de las Universidades Chilenas\" \/>\n<meta property=\"og:description\" content=\"Los beneficiados son estudiantes de la Universidad de Valpara\u00edso y de la Universidad Cat\u00f3lica del Maule. A trav\u00e9s de un convenio entre el Consejo de Rectores y la Fundaci\u00f3n Carolina, dos estudiantes de instituciones del CRUCH podr\u00e1n realizar estancias de hasta tres meses en universidades espa\u00f1olas. Seg\u00fan inform\u00f3 la Fundaci\u00f3n Carolina, los seleccionados para el [&hellip;]\" \/>\n<meta property=\"og:url\" content=\"https:\/\/consejoderectores.cl\/en\/2013\/06\/07\/603c6d8074e1f\/\" \/>\n<meta property=\"og:site_name\" content=\"Consejo de Rectoras y Rectores de las Universidades Chilenas\" \/>\n<meta property=\"article:published_time\" content=\"2013-06-07T00:00:00+00:00\" \/>\n<meta property=\"article:modified_time\" content=\"2022-01-21T15:27:18+00:00\" \/>\n<meta property=\"og:image\" content=\"https:\/\/consejoderectores.cl\/wp-content\/uploads\/2021\/10\/declaraciones-publicas.jpg\" \/>\n\t<meta property=\"og:image:width\" content=\"1024\" \/>\n\t<meta property=\"og:image:height\" content=\"500\" \/>\n\t<meta property=\"og:image:type\" content=\"image\/jpeg\" \/>\n<meta name=\"author\" content=\"Consejo de Rectores de las Universidades Chilenas\" \/>\n<meta name=\"twitter:card\" content=\"summary_large_image\" \/>\n<meta name=\"twitter:creator\" content=\"@CRUCH_cl\" \/>\n<meta name=\"twitter:site\" content=\"@CRUCH_cl\" \/>\n<meta name=\"twitter:label1\" content=\"Written by\" \/>\n\t<meta name=\"twitter:data1\" content=\"Consejo de Rectores de las Universidades Chilenas\" \/>\n\t<meta name=\"twitter:label2\" content=\"Est. reading time\" \/>\n\t<meta name=\"twitter:data2\" content=\"1 minute\" \/>\n<script type=\"application\/ld+json\" class=\"yoast-schema-graph\">{\"@context\":\"https:\/\/schema.org\",\"@graph\":[{\"@type\":\"Article\",\"@id\":\"https:\/\/consejoderectores.cl\/2013\/06\/07\/603c6d8074e1f\/#article\",\"isPartOf\":{\"@id\":\"https:\/\/consejoderectores.cl\/2013\/06\/07\/603c6d8074e1f\/\"},\"author\":{\"name\":\"Consejo de Rectores de las Universidades Chilenas\",\"@id\":\"https:\/\/consejoderectores.cl\/en\/#\/schema\/person\/d863e44afde067fd4b57fac66ced709e\"},\"headline\":\"Fundaci\u00f3n Carolina y Consejo de Rectores entregan resultados de becas para estancias cortas postdoctorales en Espa\u00f1a\",\"datePublished\":\"2013-06-07T00:00:00+00:00\",\"dateModified\":\"2022-01-21T15:27:18+00:00\",\"mainEntityOfPage\":{\"@id\":\"https:\/\/consejoderectores.cl\/2013\/06\/07\/603c6d8074e1f\/\"},\"wordCount\":145,\"commentCount\":0,\"publisher\":{\"@id\":\"https:\/\/consejoderectores.cl\/en\/#organization\"},\"image\":{\"@id\":\"https:\/\/consejoderectores.cl\/2013\/06\/07\/603c6d8074e1f\/#primaryimage\"},\"thumbnailUrl\":\"https:\/\/consejoderectores.cl\/wp-content\/uploads\/2021\/10\/declaraciones-publicas.jpg\",\"articleSection\":[\"Noticias\"],\"inLanguage\":\"en-US\",\"potentialAction\":[{\"@type\":\"CommentAction\",\"name\":\"Comment\",\"target\":[\"https:\/\/consejoderectores.cl\/2013\/06\/07\/603c6d8074e1f\/#respond\"]}]},{\"@type\":\"WebPage\",\"@id\":\"https:\/\/consejoderectores.cl\/2013\/06\/07\/603c6d8074e1f\/\",\"url\":\"https:\/\/consejoderectores.cl\/2013\/06\/07\/603c6d8074e1f\/\",\"name\":\"Fundaci\u00f3n Carolina y Consejo de Rectores entregan resultados de becas para estancias cortas postdoctorales en Espa\u00f1a - Consejo de Rectoras y Rectores de las Universidades Chilenas\",\"isPartOf\":{\"@id\":\"https:\/\/consejoderectores.cl\/en\/#website\"},\"primaryImageOfPage\":{\"@id\":\"https:\/\/consejoderectores.cl\/2013\/06\/07\/603c6d8074e1f\/#primaryimage\"},\"image\":{\"@id\":\"https:\/\/consejoderectores.cl\/2013\/06\/07\/603c6d8074e1f\/#primaryimage\"},\"thumbnailUrl\":\"https:\/\/consejoderectores.cl\/wp-content\/uploads\/2021\/10\/declaraciones-publicas.jpg\",\"datePublished\":\"2013-06-07T00:00:00+00:00\",\"dateModified\":\"2022-01-21T15:27:18+00:00\",\"breadcrumb\":{\"@id\":\"https:\/\/consejoderectores.cl\/2013\/06\/07\/603c6d8074e1f\/#breadcrumb\"},\"inLanguage\":\"en-US\",\"potentialAction\":[{\"@type\":\"ReadAction\",\"target\":[\"https:\/\/consejoderectores.cl\/2013\/06\/07\/603c6d8074e1f\/\"]}]},{\"@type\":\"ImageObject\",\"inLanguage\":\"en-US\",\"@id\":\"https:\/\/consejoderectores.cl\/2013\/06\/07\/603c6d8074e1f\/#primaryimage\",\"url\":\"https:\/\/consejoderectores.cl\/wp-content\/uploads\/2021\/10\/declaraciones-publicas.jpg\",\"contentUrl\":\"https:\/\/consejoderectores.cl\/wp-content\/uploads\/2021\/10\/declaraciones-publicas.jpg\",\"width\":1024,\"height\":500},{\"@type\":\"BreadcrumbList\",\"@id\":\"https:\/\/consejoderectores.cl\/2013\/06\/07\/603c6d8074e1f\/#breadcrumb\",\"itemListElement\":[{\"@type\":\"ListItem\",\"position\":1,\"name\":\"Home\",\"item\":\"https:\/\/consejoderectores.cl\/\"},{\"@type\":\"ListItem\",\"position\":2,\"name\":\"Fundaci\u00f3n Carolina y Consejo de Rectores entregan resultados de becas para estancias cortas postdoctorales en Espa\u00f1a\"}]},{\"@type\":\"WebSite\",\"@id\":\"https:\/\/consejoderectores.cl\/en\/#website\",\"url\":\"https:\/\/consejoderectores.cl\/en\/\",\"name\":\"Consejo de Rectoras y Rectores de las Universidades Chilenas\",\"description\":\"\",\"publisher\":{\"@id\":\"https:\/\/consejoderectores.cl\/en\/#organization\"},\"potentialAction\":[{\"@type\":\"SearchAction\",\"target\":{\"@type\":\"EntryPoint\",\"urlTemplate\":\"https:\/\/consejoderectores.cl\/en\/?s={search_term_string}\"},\"query-input\":{\"@type\":\"PropertyValueSpecification\",\"valueRequired\":true,\"valueName\":\"search_term_string\"}}],\"inLanguage\":\"en-US\"},{\"@type\":\"Organization\",\"@id\":\"https:\/\/consejoderectores.cl\/en\/#organization\",\"name\":\"Consejo de Rectoras y Rectores de las Universidades Chilenas\",\"url\":\"https:\/\/consejoderectores.cl\/en\/\",\"logo\":{\"@type\":\"ImageObject\",\"inLanguage\":\"en-US\",\"@id\":\"https:\/\/consejoderectores.cl\/en\/#\/schema\/logo\/image\/\",\"url\":\"https:\/\/consejoderectores.cl\/wp-content\/uploads\/2025\/12\/logoheader_2025.png\",\"contentUrl\":\"https:\/\/consejoderectores.cl\/wp-content\/uploads\/2025\/12\/logoheader_2025.png\",\"width\":666,\"height\":305,\"caption\":\"Consejo de Rectoras y Rectores de las Universidades Chilenas\"},\"image\":{\"@id\":\"https:\/\/consejoderectores.cl\/en\/#\/schema\/logo\/image\/\"},\"sameAs\":[\"https:\/\/x.com\/CRUCH_cl\",\"https:\/\/www.instagram.com\/consejoderectores\/\",\"https:\/\/www.linkedin.com\/company\/cruch\/\",\"https:\/\/www.youtube.com\/channel\/UCzgIFRCsDlKoFpimiQmEaOA\"]},{\"@type\":\"Person\",\"@id\":\"https:\/\/consejoderectores.cl\/en\/#\/schema\/person\/d863e44afde067fd4b57fac66ced709e\",\"name\":\"Consejo de Rectores de las Universidades Chilenas\",\"image\":{\"@type\":\"ImageObject\",\"inLanguage\":\"en-US\",\"@id\":\"https:\/\/consejoderectores.cl\/en\/#\/schema\/person\/image\/\",\"url\":\"https:\/\/secure.gravatar.com\/avatar\/c31e2a02401f041926afb8ee21ab666f0925814fe85d25a5c8db80e23722dfc1?s=96&d=mm&r=g\",\"contentUrl\":\"https:\/\/secure.gravatar.com\/avatar\/c31e2a02401f041926afb8ee21ab666f0925814fe85d25a5c8db80e23722dfc1?s=96&d=mm&r=g\",\"caption\":\"Consejo de Rectores de las Universidades Chilenas\"},\"sameAs\":[\"https:\/\/www.consejoderectores.cl\"],\"url\":\"https:\/\/consejoderectores.cl\/en\/author\/cruch\/\"}]}<\/script>\n<!-- \/ Yoast SEO plugin. -->","yoast_head_json":{"title":"Fundaci\u00f3n Carolina y Consejo de Rectores entregan resultados de becas para estancias cortas postdoctorales en Espa\u00f1a - Consejo de Rectoras y Rectores de las Universidades Chilenas","robots":{"index":"index","follow":"follow","max-snippet":"max-snippet:-1","max-image-preview":"max-image-preview:large","max-video-preview":"max-video-preview:-1"},"canonical":"https:\/\/consejoderectores.cl\/en\/2013\/06\/07\/603c6d8074e1f\/","og_locale":"en_US","og_type":"article","og_title":"Fundaci\u00f3n Carolina y Consejo de Rectores entregan resultados de becas para estancias cortas postdoctorales en Espa\u00f1a - Consejo de Rectoras y Rectores de las Universidades Chilenas","og_description":"Los beneficiados son estudiantes de la Universidad de Valpara\u00edso y de la Universidad Cat\u00f3lica del Maule. A trav\u00e9s de un convenio entre el Consejo de Rectores y la Fundaci\u00f3n Carolina, dos estudiantes de instituciones del CRUCH podr\u00e1n realizar estancias de hasta tres meses en universidades espa\u00f1olas. Seg\u00fan inform\u00f3 la Fundaci\u00f3n Carolina, los seleccionados para el [&hellip;]","og_url":"https:\/\/consejoderectores.cl\/en\/2013\/06\/07\/603c6d8074e1f\/","og_site_name":"Consejo de Rectoras y Rectores de las Universidades Chilenas","article_published_time":"2013-06-07T00:00:00+00:00","article_modified_time":"2022-01-21T15:27:18+00:00","og_image":[{"width":1024,"height":500,"url":"https:\/\/consejoderectores.cl\/wp-content\/uploads\/2021\/10\/declaraciones-publicas.jpg","type":"image\/jpeg"}],"author":"Consejo de Rectores de las Universidades Chilenas","twitter_card":"summary_large_image","twitter_creator":"@CRUCH_cl","twitter_site":"@CRUCH_cl","twitter_misc":{"Written by":"Consejo de Rectores de las Universidades Chilenas","Est. reading time":"1 minute"},"schema":{"@context":"https:\/\/schema.org","@graph":[{"@type":"Article","@id":"https:\/\/consejoderectores.cl\/2013\/06\/07\/603c6d8074e1f\/#article","isPartOf":{"@id":"https:\/\/consejoderectores.cl\/2013\/06\/07\/603c6d8074e1f\/"},"author":{"name":"Consejo de Rectores de las Universidades Chilenas","@id":"https:\/\/consejoderectores.cl\/en\/#\/schema\/person\/d863e44afde067fd4b57fac66ced709e"},"headline":"Fundaci\u00f3n Carolina y Consejo de Rectores entregan resultados de becas para estancias cortas postdoctorales en Espa\u00f1a","datePublished":"2013-06-07T00:00:00+00:00","dateModified":"2022-01-21T15:27:18+00:00","mainEntityOfPage":{"@id":"https:\/\/consejoderectores.cl\/2013\/06\/07\/603c6d8074e1f\/"},"wordCount":145,"commentCount":0,"publisher":{"@id":"https:\/\/consejoderectores.cl\/en\/#organization"},"image":{"@id":"https:\/\/consejoderectores.cl\/2013\/06\/07\/603c6d8074e1f\/#primaryimage"},"thumbnailUrl":"https:\/\/consejoderectores.cl\/wp-content\/uploads\/2021\/10\/declaraciones-publicas.jpg","articleSection":["Noticias"],"inLanguage":"en-US","potentialAction":[{"@type":"CommentAction","name":"Comment","target":["https:\/\/consejoderectores.cl\/2013\/06\/07\/603c6d8074e1f\/#respond"]}]},{"@type":"WebPage","@id":"https:\/\/consejoderectores.cl\/2013\/06\/07\/603c6d8074e1f\/","url":"https:\/\/consejoderectores.cl\/2013\/06\/07\/603c6d8074e1f\/","name":"Fundaci\u00f3n Carolina y Consejo de Rectores entregan resultados de becas para estancias cortas postdoctorales en Espa\u00f1a - Consejo de Rectoras y Rectores de las Universidades Chilenas","isPartOf":{"@id":"https:\/\/consejoderectores.cl\/en\/#website"},"primaryImageOfPage":{"@id":"https:\/\/consejoderectores.cl\/2013\/06\/07\/603c6d8074e1f\/#primaryimage"},"image":{"@id":"https:\/\/consejoderectores.cl\/2013\/06\/07\/603c6d8074e1f\/#primaryimage"},"thumbnailUrl":"https:\/\/consejoderectores.cl\/wp-content\/uploads\/2021\/10\/declaraciones-publicas.jpg","datePublished":"2013-06-07T00:00:00+00:00","dateModified":"2022-01-21T15:27:18+00:00","breadcrumb":{"@id":"https:\/\/consejoderectores.cl\/2013\/06\/07\/603c6d8074e1f\/#breadcrumb"},"inLanguage":"en-US","potentialAction":[{"@type":"ReadAction","target":["https:\/\/consejoderectores.cl\/2013\/06\/07\/603c6d8074e1f\/"]}]},{"@type":"ImageObject","inLanguage":"en-US","@id":"https:\/\/consejoderectores.cl\/2013\/06\/07\/603c6d8074e1f\/#primaryimage","url":"https:\/\/consejoderectores.cl\/wp-content\/uploads\/2021\/10\/declaraciones-publicas.jpg","contentUrl":"https:\/\/consejoderectores.cl\/wp-content\/uploads\/2021\/10\/declaraciones-publicas.jpg","width":1024,"height":500},{"@type":"BreadcrumbList","@id":"https:\/\/consejoderectores.cl\/2013\/06\/07\/603c6d8074e1f\/#breadcrumb","itemListElement":[{"@type":"ListItem","position":1,"name":"Home","item":"https:\/\/consejoderectores.cl\/"},{"@type":"ListItem","position":2,"name":"Fundaci\u00f3n Carolina y Consejo de Rectores entregan resultados de becas para estancias cortas postdoctorales en Espa\u00f1a"}]},{"@type":"WebSite","@id":"https:\/\/consejoderectores.cl\/en\/#website","url":"https:\/\/consejoderectores.cl\/en\/","name":"Council of Rectors of Chilean Universities","description":"","publisher":{"@id":"https:\/\/consejoderectores.cl\/en\/#organization"},"potentialAction":[{"@type":"SearchAction","target":{"@type":"EntryPoint","urlTemplate":"https:\/\/consejoderectores.cl\/en\/?s={search_term_string}"},"query-input":{"@type":"PropertyValueSpecification","valueRequired":true,"valueName":"search_term_string"}}],"inLanguage":"en-US"},{"@type":"Organization","@id":"https:\/\/consejoderectores.cl\/en\/#organization","name":"Council of Rectors of Chilean Universities","url":"https:\/\/consejoderectores.cl\/en\/","logo":{"@type":"ImageObject","inLanguage":"en-US","@id":"https:\/\/consejoderectores.cl\/en\/#\/schema\/logo\/image\/","url":"https:\/\/consejoderectores.cl\/wp-content\/uploads\/2025\/12\/logoheader_2025.png","contentUrl":"https:\/\/consejoderectores.cl\/wp-content\/uploads\/2025\/12\/logoheader_2025.png","width":666,"height":305,"caption":"Consejo de Rectoras y Rectores de las Universidades Chilenas"},"image":{"@id":"https:\/\/consejoderectores.cl\/en\/#\/schema\/logo\/image\/"},"sameAs":["https:\/\/x.com\/CRUCH_cl","https:\/\/www.instagram.com\/consejoderectores\/","https:\/\/www.linkedin.com\/company\/cruch\/","https:\/\/www.youtube.com\/channel\/UCzgIFRCsDlKoFpimiQmEaOA"]},{"@type":"Person","@id":"https:\/\/consejoderectores.cl\/en\/#\/schema\/person\/d863e44afde067fd4b57fac66ced709e","name":"Council of Rectors of Chilean Universities","image":{"@type":"ImageObject","inLanguage":"en-US","@id":"https:\/\/consejoderectores.cl\/en\/#\/schema\/person\/image\/","url":"https:\/\/secure.gravatar.com\/avatar\/c31e2a02401f041926afb8ee21ab666f0925814fe85d25a5c8db80e23722dfc1?s=96&d=mm&r=g","contentUrl":"https:\/\/secure.gravatar.com\/avatar\/c31e2a02401f041926afb8ee21ab666f0925814fe85d25a5c8db80e23722dfc1?s=96&d=mm&r=g","caption":"Consejo de Rectores de las Universidades Chilenas"},"sameAs":["https:\/\/www.consejoderectores.cl"],"url":"https:\/\/consejoderectores.cl\/en\/author\/cruch\/"}]}},"_links":{"self":[{"href":"https:\/\/consejoderectores.cl\/en\/wp-json\/wp\/v2\/posts\/1262","targetHints":{"allow":["GET"]}}],"collection":[{"href":"https:\/\/consejoderectores.cl\/en\/wp-json\/wp\/v2\/posts"}],"about":[{"href":"https:\/\/consejoderectores.cl\/en\/wp-json\/wp\/v2\/types\/post"}],"author":[{"embeddable":true,"href":"https:\/\/consejoderectores.cl\/en\/wp-json\/wp\/v2\/users\/1"}],"replies":[{"embeddable":true,"href":"https:\/\/consejoderectores.cl\/en\/wp-json\/wp\/v2\/comments?post=1262"}],"version-history":[{"count":2,"href":"https:\/\/consejoderectores.cl\/en\/wp-json\/wp\/v2\/posts\/1262\/revisions"}],"predecessor-version":[{"id":5764,"href":"https:\/\/consejoderectores.cl\/en\/wp-json\/wp\/v2\/posts\/1262\/revisions\/5764"}],"wp:featuredmedia":[{"embeddable":true,"href":"https:\/\/consejoderectores.cl\/en\/wp-json\/wp\/v2\/media\/3592"}],"wp:attachment":[{"href":"https:\/\/consejoderectores.cl\/en\/wp-json\/wp\/v2\/media?parent=1262"}],"wp:term":[{"taxonomy":"category","embeddable":true,"href":"https:\/\/consejoderectores.cl\/en\/wp-json\/wp\/v2\/categories?post=1262"},{"taxonomy":"post_tag","embeddable":true,"href":"https:\/\/consejoderectores.cl\/en\/wp-json\/wp\/v2\/tags?post=1262"}],"curies":[{"name":"wp","href":"https:\/\/api.w.org\/{rel}","templated":true}]}}