{"id":1247,"date":"2013-05-15T00:00:00","date_gmt":"2013-05-15T00:00:00","guid":{"rendered":""},"modified":"2022-01-21T17:31:21","modified_gmt":"2022-01-21T17:31:21","slug":"603c6d807438c","status":"publish","type":"post","link":"https:\/\/consejoderectores.cl\/en\/2013\/05\/15\/603c6d807438c\/","title":{"rendered":"The Ministry of Education releases figures from the socioeconomic re-evaluation process after meeting with the executive vice president of CRUCH."},"content":{"rendered":"<blockquote><p>\u00abWe want them to be certain that no student requiring financial support will be left without assistance,\u201d stated Rector Juan Manuel Zolezzi. The Ministry of Education also announced the opening of an appeals process, which will conclude on May 30.<\/p><\/blockquote>\n<p>The Executive Vice President of the Council of Rectors, Juan Manuel Zolezzi, met with Minister Carolina Schmidt at the Ministry of Education to review the figures for the socioeconomic re-evaluation process for students at CRUCH universities. During the meeting, it was reported that 137,751 students renewed their scholarships or loans, while 715 transitioned from scholarships to full-time financial aid, 412 lost benefits, and 3,770 upper-level students received one of these benefits for the first time. Meanwhile, 1,975 students are currently undergoing a review of their financial records.<\/p>\n<p>\u201cWe have come to this meeting with the Minister of Education because we are concerned about our students. We want them to be certain that no student who requires financial support will be left unprotected,\u201d said Rector Zolezzi.<\/p>\n<p>The Ministry of Education (MINEDUC) reported that students who have not yet submitted their information should send it to their universities as soon as possible, while those who need to appeal their result should go directly to the Ministry of Education.<\/p>","protected":false},"excerpt":{"rendered":"<p>\u00abQueremos que ellos tengan la certeza que ning\u00fan estudiante que requiera apoyo econ\u00f3mico quedar\u00e1 desprotegido\u201d, se\u00f1al\u00f3 el rector Juan Manuel Zolezzi. El MINEDUC tambi\u00e9n inform\u00f3 de la apertura de un proceso de apelaci\u00f3n, que finalizar\u00e1 el 30 de mayo. El vicepresidente ejecutivo del Consejo de Rectores, Juan Manuel Zolezzi, concurri\u00f3 a las dependencias del Ministerio [&hellip;]<\/p>\n","protected":false},"author":1,"featured_media":3592,"comment_status":"open","ping_status":"open","sticky":false,"template":"","format":"standard","meta":{"_acf_changed":false,"footnotes":""},"categories":[3],"tags":[],"class_list":["post-1247","post","type-post","status-publish","format-standard","has-post-thumbnail","hentry","category-noticias"],"acf":[],"yoast_head":"<!-- This site is optimized with the Yoast SEO plugin v27.1.1 - https:\/\/yoast.com\/product\/yoast-seo-wordpress\/ -->\n<title>Ministerio de Educaci\u00f3n da a conocer cifras de proceso de reevaluacion socioecon\u00f3mica tras reunirse con vicepresidente ejecutivo del CRUCH - Consejo de Rectoras y Rectores de las Universidades Chilenas<\/title>\n<meta name=\"robots\" content=\"index, follow, max-snippet:-1, max-image-preview:large, max-video-preview:-1\" \/>\n<link rel=\"canonical\" href=\"https:\/\/consejoderectores.cl\/en\/2013\/05\/15\/603c6d807438c\/\" \/>\n<meta property=\"og:locale\" content=\"en_US\" \/>\n<meta property=\"og:type\" content=\"article\" \/>\n<meta property=\"og:title\" content=\"Ministerio de Educaci\u00f3n da a conocer cifras de proceso de reevaluacion socioecon\u00f3mica tras reunirse con vicepresidente ejecutivo del CRUCH - Consejo de Rectoras y Rectores de las Universidades Chilenas\" \/>\n<meta property=\"og:description\" content=\"\u00abQueremos que ellos tengan la certeza que ning\u00fan estudiante que requiera apoyo econ\u00f3mico quedar\u00e1 desprotegido\u201d, se\u00f1al\u00f3 el rector Juan Manuel Zolezzi. El MINEDUC tambi\u00e9n inform\u00f3 de la apertura de un proceso de apelaci\u00f3n, que finalizar\u00e1 el 30 de mayo. El vicepresidente ejecutivo del Consejo de Rectores, Juan Manuel Zolezzi, concurri\u00f3 a las dependencias del Ministerio [&hellip;]\" \/>\n<meta property=\"og:url\" content=\"https:\/\/consejoderectores.cl\/en\/2013\/05\/15\/603c6d807438c\/\" \/>\n<meta property=\"og:site_name\" content=\"Consejo de Rectoras y Rectores de las Universidades Chilenas\" \/>\n<meta property=\"article:published_time\" content=\"2013-05-15T00:00:00+00:00\" \/>\n<meta property=\"article:modified_time\" content=\"2022-01-21T17:31:21+00:00\" \/>\n<meta property=\"og:image\" content=\"https:\/\/consejoderectores.cl\/wp-content\/uploads\/2021\/10\/declaraciones-publicas.jpg\" \/>\n\t<meta property=\"og:image:width\" content=\"1024\" \/>\n\t<meta property=\"og:image:height\" content=\"500\" \/>\n\t<meta property=\"og:image:type\" content=\"image\/jpeg\" \/>\n<meta name=\"author\" content=\"Consejo de Rectores de las Universidades Chilenas\" \/>\n<meta name=\"twitter:card\" content=\"summary_large_image\" \/>\n<meta name=\"twitter:creator\" content=\"@CRUCH_cl\" \/>\n<meta name=\"twitter:site\" content=\"@CRUCH_cl\" \/>\n<meta name=\"twitter:label1\" content=\"Written by\" \/>\n\t<meta name=\"twitter:data1\" content=\"Consejo de Rectores de las Universidades Chilenas\" \/>\n\t<meta name=\"twitter:label2\" content=\"Est. reading time\" \/>\n\t<meta name=\"twitter:data2\" content=\"1 minute\" \/>\n<script type=\"application\/ld+json\" class=\"yoast-schema-graph\">{\"@context\":\"https:\/\/schema.org\",\"@graph\":[{\"@type\":\"Article\",\"@id\":\"https:\/\/consejoderectores.cl\/2013\/05\/15\/603c6d807438c\/#article\",\"isPartOf\":{\"@id\":\"https:\/\/consejoderectores.cl\/2013\/05\/15\/603c6d807438c\/\"},\"author\":{\"name\":\"Consejo de Rectores de las Universidades Chilenas\",\"@id\":\"https:\/\/consejoderectores.cl\/en\/#\/schema\/person\/d863e44afde067fd4b57fac66ced709e\"},\"headline\":\"Ministerio de Educaci\u00f3n da a conocer cifras de proceso de reevaluacion socioecon\u00f3mica tras reunirse con vicepresidente ejecutivo del CRUCH\",\"datePublished\":\"2013-05-15T00:00:00+00:00\",\"dateModified\":\"2022-01-21T17:31:21+00:00\",\"mainEntityOfPage\":{\"@id\":\"https:\/\/consejoderectores.cl\/2013\/05\/15\/603c6d807438c\/\"},\"wordCount\":240,\"commentCount\":0,\"publisher\":{\"@id\":\"https:\/\/consejoderectores.cl\/en\/#organization\"},\"image\":{\"@id\":\"https:\/\/consejoderectores.cl\/2013\/05\/15\/603c6d807438c\/#primaryimage\"},\"thumbnailUrl\":\"https:\/\/consejoderectores.cl\/wp-content\/uploads\/2021\/10\/declaraciones-publicas.jpg\",\"articleSection\":[\"Noticias\"],\"inLanguage\":\"en-US\",\"potentialAction\":[{\"@type\":\"CommentAction\",\"name\":\"Comment\",\"target\":[\"https:\/\/consejoderectores.cl\/2013\/05\/15\/603c6d807438c\/#respond\"]}]},{\"@type\":\"WebPage\",\"@id\":\"https:\/\/consejoderectores.cl\/2013\/05\/15\/603c6d807438c\/\",\"url\":\"https:\/\/consejoderectores.cl\/2013\/05\/15\/603c6d807438c\/\",\"name\":\"Ministerio de Educaci\u00f3n da a conocer cifras de proceso de reevaluacion socioecon\u00f3mica tras reunirse con vicepresidente ejecutivo del CRUCH - Consejo de Rectoras y Rectores de las Universidades Chilenas\",\"isPartOf\":{\"@id\":\"https:\/\/consejoderectores.cl\/en\/#website\"},\"primaryImageOfPage\":{\"@id\":\"https:\/\/consejoderectores.cl\/2013\/05\/15\/603c6d807438c\/#primaryimage\"},\"image\":{\"@id\":\"https:\/\/consejoderectores.cl\/2013\/05\/15\/603c6d807438c\/#primaryimage\"},\"thumbnailUrl\":\"https:\/\/consejoderectores.cl\/wp-content\/uploads\/2021\/10\/declaraciones-publicas.jpg\",\"datePublished\":\"2013-05-15T00:00:00+00:00\",\"dateModified\":\"2022-01-21T17:31:21+00:00\",\"breadcrumb\":{\"@id\":\"https:\/\/consejoderectores.cl\/2013\/05\/15\/603c6d807438c\/#breadcrumb\"},\"inLanguage\":\"en-US\",\"potentialAction\":[{\"@type\":\"ReadAction\",\"target\":[\"https:\/\/consejoderectores.cl\/2013\/05\/15\/603c6d807438c\/\"]}]},{\"@type\":\"ImageObject\",\"inLanguage\":\"en-US\",\"@id\":\"https:\/\/consejoderectores.cl\/2013\/05\/15\/603c6d807438c\/#primaryimage\",\"url\":\"https:\/\/consejoderectores.cl\/wp-content\/uploads\/2021\/10\/declaraciones-publicas.jpg\",\"contentUrl\":\"https:\/\/consejoderectores.cl\/wp-content\/uploads\/2021\/10\/declaraciones-publicas.jpg\",\"width\":1024,\"height\":500},{\"@type\":\"BreadcrumbList\",\"@id\":\"https:\/\/consejoderectores.cl\/2013\/05\/15\/603c6d807438c\/#breadcrumb\",\"itemListElement\":[{\"@type\":\"ListItem\",\"position\":1,\"name\":\"Home\",\"item\":\"https:\/\/consejoderectores.cl\/\"},{\"@type\":\"ListItem\",\"position\":2,\"name\":\"Ministerio de Educaci\u00f3n da a conocer cifras de proceso de reevaluacion socioecon\u00f3mica tras reunirse con vicepresidente ejecutivo del CRUCH\"}]},{\"@type\":\"WebSite\",\"@id\":\"https:\/\/consejoderectores.cl\/en\/#website\",\"url\":\"https:\/\/consejoderectores.cl\/en\/\",\"name\":\"Consejo de Rectoras y Rectores de las Universidades Chilenas\",\"description\":\"\",\"publisher\":{\"@id\":\"https:\/\/consejoderectores.cl\/en\/#organization\"},\"potentialAction\":[{\"@type\":\"SearchAction\",\"target\":{\"@type\":\"EntryPoint\",\"urlTemplate\":\"https:\/\/consejoderectores.cl\/en\/?s={search_term_string}\"},\"query-input\":{\"@type\":\"PropertyValueSpecification\",\"valueRequired\":true,\"valueName\":\"search_term_string\"}}],\"inLanguage\":\"en-US\"},{\"@type\":\"Organization\",\"@id\":\"https:\/\/consejoderectores.cl\/en\/#organization\",\"name\":\"Consejo de Rectoras y Rectores de las Universidades Chilenas\",\"url\":\"https:\/\/consejoderectores.cl\/en\/\",\"logo\":{\"@type\":\"ImageObject\",\"inLanguage\":\"en-US\",\"@id\":\"https:\/\/consejoderectores.cl\/en\/#\/schema\/logo\/image\/\",\"url\":\"https:\/\/consejoderectores.cl\/wp-content\/uploads\/2025\/12\/logoheader_2025.png\",\"contentUrl\":\"https:\/\/consejoderectores.cl\/wp-content\/uploads\/2025\/12\/logoheader_2025.png\",\"width\":666,\"height\":305,\"caption\":\"Consejo de Rectoras y Rectores de las Universidades Chilenas\"},\"image\":{\"@id\":\"https:\/\/consejoderectores.cl\/en\/#\/schema\/logo\/image\/\"},\"sameAs\":[\"https:\/\/x.com\/CRUCH_cl\",\"https:\/\/www.instagram.com\/consejoderectores\/\",\"https:\/\/www.linkedin.com\/company\/cruch\/\",\"https:\/\/www.youtube.com\/channel\/UCzgIFRCsDlKoFpimiQmEaOA\"]},{\"@type\":\"Person\",\"@id\":\"https:\/\/consejoderectores.cl\/en\/#\/schema\/person\/d863e44afde067fd4b57fac66ced709e\",\"name\":\"Consejo de Rectores de las Universidades Chilenas\",\"image\":{\"@type\":\"ImageObject\",\"inLanguage\":\"en-US\",\"@id\":\"https:\/\/consejoderectores.cl\/en\/#\/schema\/person\/image\/\",\"url\":\"https:\/\/secure.gravatar.com\/avatar\/c31e2a02401f041926afb8ee21ab666f0925814fe85d25a5c8db80e23722dfc1?s=96&d=mm&r=g\",\"contentUrl\":\"https:\/\/secure.gravatar.com\/avatar\/c31e2a02401f041926afb8ee21ab666f0925814fe85d25a5c8db80e23722dfc1?s=96&d=mm&r=g\",\"caption\":\"Consejo de Rectores de las Universidades Chilenas\"},\"sameAs\":[\"https:\/\/www.consejoderectores.cl\"],\"url\":\"https:\/\/consejoderectores.cl\/en\/author\/cruch\/\"}]}<\/script>\n<!-- \/ Yoast SEO plugin. -->","yoast_head_json":{"title":"Ministerio de Educaci\u00f3n da a conocer cifras de proceso de reevaluacion socioecon\u00f3mica tras reunirse con vicepresidente ejecutivo del CRUCH - Consejo de Rectoras y Rectores de las Universidades Chilenas","robots":{"index":"index","follow":"follow","max-snippet":"max-snippet:-1","max-image-preview":"max-image-preview:large","max-video-preview":"max-video-preview:-1"},"canonical":"https:\/\/consejoderectores.cl\/en\/2013\/05\/15\/603c6d807438c\/","og_locale":"en_US","og_type":"article","og_title":"Ministerio de Educaci\u00f3n da a conocer cifras de proceso de reevaluacion socioecon\u00f3mica tras reunirse con vicepresidente ejecutivo del CRUCH - Consejo de Rectoras y Rectores de las Universidades Chilenas","og_description":"\u00abQueremos que ellos tengan la certeza que ning\u00fan estudiante que requiera apoyo econ\u00f3mico quedar\u00e1 desprotegido\u201d, se\u00f1al\u00f3 el rector Juan Manuel Zolezzi. El MINEDUC tambi\u00e9n inform\u00f3 de la apertura de un proceso de apelaci\u00f3n, que finalizar\u00e1 el 30 de mayo. El vicepresidente ejecutivo del Consejo de Rectores, Juan Manuel Zolezzi, concurri\u00f3 a las dependencias del Ministerio [&hellip;]","og_url":"https:\/\/consejoderectores.cl\/en\/2013\/05\/15\/603c6d807438c\/","og_site_name":"Consejo de Rectoras y Rectores de las Universidades Chilenas","article_published_time":"2013-05-15T00:00:00+00:00","article_modified_time":"2022-01-21T17:31:21+00:00","og_image":[{"width":1024,"height":500,"url":"https:\/\/consejoderectores.cl\/wp-content\/uploads\/2021\/10\/declaraciones-publicas.jpg","type":"image\/jpeg"}],"author":"Consejo de Rectores de las Universidades Chilenas","twitter_card":"summary_large_image","twitter_creator":"@CRUCH_cl","twitter_site":"@CRUCH_cl","twitter_misc":{"Written by":"Consejo de Rectores de las Universidades Chilenas","Est. reading time":"1 minute"},"schema":{"@context":"https:\/\/schema.org","@graph":[{"@type":"Article","@id":"https:\/\/consejoderectores.cl\/2013\/05\/15\/603c6d807438c\/#article","isPartOf":{"@id":"https:\/\/consejoderectores.cl\/2013\/05\/15\/603c6d807438c\/"},"author":{"name":"Consejo de Rectores de las Universidades Chilenas","@id":"https:\/\/consejoderectores.cl\/en\/#\/schema\/person\/d863e44afde067fd4b57fac66ced709e"},"headline":"Ministerio de Educaci\u00f3n da a conocer cifras de proceso de reevaluacion socioecon\u00f3mica tras reunirse con vicepresidente ejecutivo del CRUCH","datePublished":"2013-05-15T00:00:00+00:00","dateModified":"2022-01-21T17:31:21+00:00","mainEntityOfPage":{"@id":"https:\/\/consejoderectores.cl\/2013\/05\/15\/603c6d807438c\/"},"wordCount":240,"commentCount":0,"publisher":{"@id":"https:\/\/consejoderectores.cl\/en\/#organization"},"image":{"@id":"https:\/\/consejoderectores.cl\/2013\/05\/15\/603c6d807438c\/#primaryimage"},"thumbnailUrl":"https:\/\/consejoderectores.cl\/wp-content\/uploads\/2021\/10\/declaraciones-publicas.jpg","articleSection":["Noticias"],"inLanguage":"en-US","potentialAction":[{"@type":"CommentAction","name":"Comment","target":["https:\/\/consejoderectores.cl\/2013\/05\/15\/603c6d807438c\/#respond"]}]},{"@type":"WebPage","@id":"https:\/\/consejoderectores.cl\/2013\/05\/15\/603c6d807438c\/","url":"https:\/\/consejoderectores.cl\/2013\/05\/15\/603c6d807438c\/","name":"Ministerio de Educaci\u00f3n da a conocer cifras de proceso de reevaluacion socioecon\u00f3mica tras reunirse con vicepresidente ejecutivo del CRUCH - Consejo de Rectoras y Rectores de las Universidades Chilenas","isPartOf":{"@id":"https:\/\/consejoderectores.cl\/en\/#website"},"primaryImageOfPage":{"@id":"https:\/\/consejoderectores.cl\/2013\/05\/15\/603c6d807438c\/#primaryimage"},"image":{"@id":"https:\/\/consejoderectores.cl\/2013\/05\/15\/603c6d807438c\/#primaryimage"},"thumbnailUrl":"https:\/\/consejoderectores.cl\/wp-content\/uploads\/2021\/10\/declaraciones-publicas.jpg","datePublished":"2013-05-15T00:00:00+00:00","dateModified":"2022-01-21T17:31:21+00:00","breadcrumb":{"@id":"https:\/\/consejoderectores.cl\/2013\/05\/15\/603c6d807438c\/#breadcrumb"},"inLanguage":"en-US","potentialAction":[{"@type":"ReadAction","target":["https:\/\/consejoderectores.cl\/2013\/05\/15\/603c6d807438c\/"]}]},{"@type":"ImageObject","inLanguage":"en-US","@id":"https:\/\/consejoderectores.cl\/2013\/05\/15\/603c6d807438c\/#primaryimage","url":"https:\/\/consejoderectores.cl\/wp-content\/uploads\/2021\/10\/declaraciones-publicas.jpg","contentUrl":"https:\/\/consejoderectores.cl\/wp-content\/uploads\/2021\/10\/declaraciones-publicas.jpg","width":1024,"height":500},{"@type":"BreadcrumbList","@id":"https:\/\/consejoderectores.cl\/2013\/05\/15\/603c6d807438c\/#breadcrumb","itemListElement":[{"@type":"ListItem","position":1,"name":"Home","item":"https:\/\/consejoderectores.cl\/"},{"@type":"ListItem","position":2,"name":"Ministerio de Educaci\u00f3n da a conocer cifras de proceso de reevaluacion socioecon\u00f3mica tras reunirse con vicepresidente ejecutivo del CRUCH"}]},{"@type":"WebSite","@id":"https:\/\/consejoderectores.cl\/en\/#website","url":"https:\/\/consejoderectores.cl\/en\/","name":"Council of Rectors of Chilean Universities","description":"","publisher":{"@id":"https:\/\/consejoderectores.cl\/en\/#organization"},"potentialAction":[{"@type":"SearchAction","target":{"@type":"EntryPoint","urlTemplate":"https:\/\/consejoderectores.cl\/en\/?s={search_term_string}"},"query-input":{"@type":"PropertyValueSpecification","valueRequired":true,"valueName":"search_term_string"}}],"inLanguage":"en-US"},{"@type":"Organization","@id":"https:\/\/consejoderectores.cl\/en\/#organization","name":"Council of Rectors of Chilean Universities","url":"https:\/\/consejoderectores.cl\/en\/","logo":{"@type":"ImageObject","inLanguage":"en-US","@id":"https:\/\/consejoderectores.cl\/en\/#\/schema\/logo\/image\/","url":"https:\/\/consejoderectores.cl\/wp-content\/uploads\/2025\/12\/logoheader_2025.png","contentUrl":"https:\/\/consejoderectores.cl\/wp-content\/uploads\/2025\/12\/logoheader_2025.png","width":666,"height":305,"caption":"Consejo de Rectoras y Rectores de las Universidades Chilenas"},"image":{"@id":"https:\/\/consejoderectores.cl\/en\/#\/schema\/logo\/image\/"},"sameAs":["https:\/\/x.com\/CRUCH_cl","https:\/\/www.instagram.com\/consejoderectores\/","https:\/\/www.linkedin.com\/company\/cruch\/","https:\/\/www.youtube.com\/channel\/UCzgIFRCsDlKoFpimiQmEaOA"]},{"@type":"Person","@id":"https:\/\/consejoderectores.cl\/en\/#\/schema\/person\/d863e44afde067fd4b57fac66ced709e","name":"Council of Rectors of Chilean Universities","image":{"@type":"ImageObject","inLanguage":"en-US","@id":"https:\/\/consejoderectores.cl\/en\/#\/schema\/person\/image\/","url":"https:\/\/secure.gravatar.com\/avatar\/c31e2a02401f041926afb8ee21ab666f0925814fe85d25a5c8db80e23722dfc1?s=96&d=mm&r=g","contentUrl":"https:\/\/secure.gravatar.com\/avatar\/c31e2a02401f041926afb8ee21ab666f0925814fe85d25a5c8db80e23722dfc1?s=96&d=mm&r=g","caption":"Consejo de Rectores de las Universidades Chilenas"},"sameAs":["https:\/\/www.consejoderectores.cl"],"url":"https:\/\/consejoderectores.cl\/en\/author\/cruch\/"}]}},"_links":{"self":[{"href":"https:\/\/consejoderectores.cl\/en\/wp-json\/wp\/v2\/posts\/1247","targetHints":{"allow":["GET"]}}],"collection":[{"href":"https:\/\/consejoderectores.cl\/en\/wp-json\/wp\/v2\/posts"}],"about":[{"href":"https:\/\/consejoderectores.cl\/en\/wp-json\/wp\/v2\/types\/post"}],"author":[{"embeddable":true,"href":"https:\/\/consejoderectores.cl\/en\/wp-json\/wp\/v2\/users\/1"}],"replies":[{"embeddable":true,"href":"https:\/\/consejoderectores.cl\/en\/wp-json\/wp\/v2\/comments?post=1247"}],"version-history":[{"count":2,"href":"https:\/\/consejoderectores.cl\/en\/wp-json\/wp\/v2\/posts\/1247\/revisions"}],"predecessor-version":[{"id":5779,"href":"https:\/\/consejoderectores.cl\/en\/wp-json\/wp\/v2\/posts\/1247\/revisions\/5779"}],"wp:featuredmedia":[{"embeddable":true,"href":"https:\/\/consejoderectores.cl\/en\/wp-json\/wp\/v2\/media\/3592"}],"wp:attachment":[{"href":"https:\/\/consejoderectores.cl\/en\/wp-json\/wp\/v2\/media?parent=1247"}],"wp:term":[{"taxonomy":"category","embeddable":true,"href":"https:\/\/consejoderectores.cl\/en\/wp-json\/wp\/v2\/categories?post=1247"},{"taxonomy":"post_tag","embeddable":true,"href":"https:\/\/consejoderectores.cl\/en\/wp-json\/wp\/v2\/tags?post=1247"}],"curies":[{"name":"wp","href":"https:\/\/api.w.org\/{rel}","templated":true}]}}