{"id":1246,"date":"2013-05-07T00:00:00","date_gmt":"2013-05-07T00:00:00","guid":{"rendered":""},"modified":"2022-01-21T17:35:39","modified_gmt":"2022-01-21T17:35:39","slug":"603c6d80742de","status":"publish","type":"post","link":"https:\/\/consejoderectores.cl\/en\/2013\/05\/07\/603c6d80742de\/","title":{"rendered":"The Commission for Strengthening Grade Rankings receives student representatives and representatives from the Ministry of Education"},"content":{"rendered":"<blockquote>\n<p class=\"p1\">At the meeting, the guests praised the implementation of this tool and proposed ideas for strengthening it. The commission members shared the work that has been done in the working group on this matter.<\/p>\n<\/blockquote>\n<p>With representatives from the Ministry of Education and the Confederation of Chilean Students (CONFECH) in attendance, the commission studying the strengthening of the grade ranking system within the Unified University Admission System resumed its work, aiming to propose ways to enhance the impact of this mechanism on the university admissions process. This follows the presentation of some preliminary proposals to the plenary session of the Council of Rectors held in Punta Arenas on April 25.<\/p>\n<p>In this way, the Council&#039;s commitment to opening the debate on the proposed changes to the Single Admission System is reaffirmed.<\/p>\n<p>Guillermo Marshall, the team coordinator, and team members Francisco Javier Gil, Eduardo Rodr\u00edguez, Jorge Hern\u00e1ndez, and Mariana Gonz\u00e1lez attended this session, which was held at the CRUCH facilities.<\/p>\n<p>As part of their work plan, for this session they received a visit from Andr\u00e9s Barrios, from the Ministry of Education and the representatives of CONFECH Victoria Moreau, president of the Federation of Students of the Federico Santa Mar\u00eda Technical University Santiago campus; Andres Coubl\u00e9, vice president of the Federation of the Catholic University and Leonardo Espinoza, president of the Federation of the Federico Santa Mar\u00eda University main campus.<\/p>\n<p>The guests shared their views on the implementation of the Ranking last year as well as their expectations regarding potential changes.<\/p>\n<p>Andr\u00e9s Barrios stated that the ranking is a good tool, but that the Ministry of Education believes it requires adjustments. The students, meanwhile, valued it as a measure of equity and suggested it could be improved by increasing its weight in the university admissions process.<\/p>\n<p>The members of the committee appreciated the contributions received and noted that some issues are already being addressed within the Council of Rectors. For example, the students indicated that it was important to adjust the grading scale for high school diplomas, a measure that was approved by the full Council of Rectors on April 25.<\/p>\n<p>&nbsp;<\/p>\n<div><\/div>\n<p>&nbsp;<\/p>","protected":false},"excerpt":{"rendered":"<p>En la reuni\u00f3n, los invitados valoraron la implementaci\u00f3n de este instrumento y propusieron ideas para su fortalecimiento. Los miembros de la comisi\u00f3n compartieron el trabajo que se ha hecho en el grupo de trabajo al respecto. Con la presencia de invitados del Ministerio de Educaci\u00f3n y de la Confederaci\u00f3n de Estudiantes de Chile (CONFECH), la [&hellip;]<\/p>\n","protected":false},"author":1,"featured_media":3592,"comment_status":"open","ping_status":"open","sticky":false,"template":"","format":"standard","meta":{"_acf_changed":false,"footnotes":""},"categories":[3],"tags":[],"class_list":["post-1246","post","type-post","status-publish","format-standard","has-post-thumbnail","hentry","category-noticias"],"acf":[],"yoast_head":"<!-- This site is optimized with the Yoast SEO plugin v27.1.1 - https:\/\/yoast.com\/product\/yoast-seo-wordpress\/ -->\n<title>Comisi\u00f3n de Fortalecimiento de Ranking de Notas recibe a representantes estudiantiles y del MINEDUC - Consejo de Rectoras y Rectores de las Universidades Chilenas<\/title>\n<meta name=\"robots\" content=\"index, follow, max-snippet:-1, max-image-preview:large, max-video-preview:-1\" \/>\n<link rel=\"canonical\" href=\"https:\/\/consejoderectores.cl\/en\/2013\/05\/07\/603c6d80742de\/\" \/>\n<meta property=\"og:locale\" content=\"en_US\" \/>\n<meta property=\"og:type\" content=\"article\" \/>\n<meta property=\"og:title\" content=\"Comisi\u00f3n de Fortalecimiento de Ranking de Notas recibe a representantes estudiantiles y del MINEDUC - Consejo de Rectoras y Rectores de las Universidades Chilenas\" \/>\n<meta property=\"og:description\" content=\"En la reuni\u00f3n, los invitados valoraron la implementaci\u00f3n de este instrumento y propusieron ideas para su fortalecimiento. Los miembros de la comisi\u00f3n compartieron el trabajo que se ha hecho en el grupo de trabajo al respecto. Con la presencia de invitados del Ministerio de Educaci\u00f3n y de la Confederaci\u00f3n de Estudiantes de Chile (CONFECH), la [&hellip;]\" \/>\n<meta property=\"og:url\" content=\"https:\/\/consejoderectores.cl\/en\/2013\/05\/07\/603c6d80742de\/\" \/>\n<meta property=\"og:site_name\" content=\"Consejo de Rectoras y Rectores de las Universidades Chilenas\" \/>\n<meta property=\"article:published_time\" content=\"2013-05-07T00:00:00+00:00\" \/>\n<meta property=\"article:modified_time\" content=\"2022-01-21T17:35:39+00:00\" \/>\n<meta property=\"og:image\" content=\"https:\/\/consejoderectores.cl\/wp-content\/uploads\/2021\/10\/declaraciones-publicas.jpg\" \/>\n\t<meta property=\"og:image:width\" content=\"1024\" \/>\n\t<meta property=\"og:image:height\" content=\"500\" \/>\n\t<meta property=\"og:image:type\" content=\"image\/jpeg\" \/>\n<meta name=\"author\" content=\"Consejo de Rectores de las Universidades Chilenas\" \/>\n<meta name=\"twitter:card\" content=\"summary_large_image\" \/>\n<meta name=\"twitter:creator\" content=\"@CRUCH_cl\" \/>\n<meta name=\"twitter:site\" content=\"@CRUCH_cl\" \/>\n<meta name=\"twitter:label1\" content=\"Written by\" \/>\n\t<meta name=\"twitter:data1\" content=\"Consejo de Rectores de las Universidades Chilenas\" \/>\n\t<meta name=\"twitter:label2\" content=\"Est. reading time\" \/>\n\t<meta name=\"twitter:data2\" content=\"2 minutes\" \/>\n<script type=\"application\/ld+json\" class=\"yoast-schema-graph\">{\"@context\":\"https:\/\/schema.org\",\"@graph\":[{\"@type\":\"Article\",\"@id\":\"https:\/\/consejoderectores.cl\/en\/2013\/05\/07\/603c6d80742de\/#article\",\"isPartOf\":{\"@id\":\"https:\/\/consejoderectores.cl\/en\/2013\/05\/07\/603c6d80742de\/\"},\"author\":{\"name\":\"Consejo de Rectores de las Universidades Chilenas\",\"@id\":\"https:\/\/consejoderectores.cl\/en\/#\/schema\/person\/d863e44afde067fd4b57fac66ced709e\"},\"headline\":\"Comisi\u00f3n de Fortalecimiento de Ranking de Notas recibe a representantes estudiantiles y del MINEDUC\",\"datePublished\":\"2013-05-07T00:00:00+00:00\",\"dateModified\":\"2022-01-21T17:35:39+00:00\",\"mainEntityOfPage\":{\"@id\":\"https:\/\/consejoderectores.cl\/en\/2013\/05\/07\/603c6d80742de\/\"},\"wordCount\":434,\"commentCount\":0,\"publisher\":{\"@id\":\"https:\/\/consejoderectores.cl\/en\/#organization\"},\"image\":{\"@id\":\"https:\/\/consejoderectores.cl\/en\/2013\/05\/07\/603c6d80742de\/#primaryimage\"},\"thumbnailUrl\":\"https:\/\/consejoderectores.cl\/wp-content\/uploads\/2021\/10\/declaraciones-publicas.jpg\",\"articleSection\":[\"Noticias\"],\"inLanguage\":\"en-US\",\"potentialAction\":[{\"@type\":\"CommentAction\",\"name\":\"Comment\",\"target\":[\"https:\/\/consejoderectores.cl\/en\/2013\/05\/07\/603c6d80742de\/#respond\"]}]},{\"@type\":\"WebPage\",\"@id\":\"https:\/\/consejoderectores.cl\/en\/2013\/05\/07\/603c6d80742de\/\",\"url\":\"https:\/\/consejoderectores.cl\/en\/2013\/05\/07\/603c6d80742de\/\",\"name\":\"Comisi\u00f3n de Fortalecimiento de Ranking de Notas recibe a representantes estudiantiles y del MINEDUC - Consejo de Rectoras y Rectores de las Universidades Chilenas\",\"isPartOf\":{\"@id\":\"https:\/\/consejoderectores.cl\/en\/#website\"},\"primaryImageOfPage\":{\"@id\":\"https:\/\/consejoderectores.cl\/en\/2013\/05\/07\/603c6d80742de\/#primaryimage\"},\"image\":{\"@id\":\"https:\/\/consejoderectores.cl\/en\/2013\/05\/07\/603c6d80742de\/#primaryimage\"},\"thumbnailUrl\":\"https:\/\/consejoderectores.cl\/wp-content\/uploads\/2021\/10\/declaraciones-publicas.jpg\",\"datePublished\":\"2013-05-07T00:00:00+00:00\",\"dateModified\":\"2022-01-21T17:35:39+00:00\",\"breadcrumb\":{\"@id\":\"https:\/\/consejoderectores.cl\/en\/2013\/05\/07\/603c6d80742de\/#breadcrumb\"},\"inLanguage\":\"en-US\",\"potentialAction\":[{\"@type\":\"ReadAction\",\"target\":[\"https:\/\/consejoderectores.cl\/en\/2013\/05\/07\/603c6d80742de\/\"]}]},{\"@type\":\"ImageObject\",\"inLanguage\":\"en-US\",\"@id\":\"https:\/\/consejoderectores.cl\/en\/2013\/05\/07\/603c6d80742de\/#primaryimage\",\"url\":\"https:\/\/consejoderectores.cl\/wp-content\/uploads\/2021\/10\/declaraciones-publicas.jpg\",\"contentUrl\":\"https:\/\/consejoderectores.cl\/wp-content\/uploads\/2021\/10\/declaraciones-publicas.jpg\",\"width\":1024,\"height\":500},{\"@type\":\"BreadcrumbList\",\"@id\":\"https:\/\/consejoderectores.cl\/en\/2013\/05\/07\/603c6d80742de\/#breadcrumb\",\"itemListElement\":[{\"@type\":\"ListItem\",\"position\":1,\"name\":\"Home\",\"item\":\"https:\/\/consejoderectores.cl\/\"},{\"@type\":\"ListItem\",\"position\":2,\"name\":\"Comisi\u00f3n de Fortalecimiento de Ranking de Notas recibe a representantes estudiantiles y del MINEDUC\"}]},{\"@type\":\"WebSite\",\"@id\":\"https:\/\/consejoderectores.cl\/en\/#website\",\"url\":\"https:\/\/consejoderectores.cl\/en\/\",\"name\":\"Consejo de Rectoras y Rectores de las Universidades Chilenas\",\"description\":\"\",\"publisher\":{\"@id\":\"https:\/\/consejoderectores.cl\/en\/#organization\"},\"potentialAction\":[{\"@type\":\"SearchAction\",\"target\":{\"@type\":\"EntryPoint\",\"urlTemplate\":\"https:\/\/consejoderectores.cl\/en\/?s={search_term_string}\"},\"query-input\":{\"@type\":\"PropertyValueSpecification\",\"valueRequired\":true,\"valueName\":\"search_term_string\"}}],\"inLanguage\":\"en-US\"},{\"@type\":\"Organization\",\"@id\":\"https:\/\/consejoderectores.cl\/en\/#organization\",\"name\":\"Consejo de Rectoras y Rectores de las Universidades Chilenas\",\"url\":\"https:\/\/consejoderectores.cl\/en\/\",\"logo\":{\"@type\":\"ImageObject\",\"inLanguage\":\"en-US\",\"@id\":\"https:\/\/consejoderectores.cl\/en\/#\/schema\/logo\/image\/\",\"url\":\"https:\/\/consejoderectores.cl\/wp-content\/uploads\/2025\/12\/logoheader_2025.png\",\"contentUrl\":\"https:\/\/consejoderectores.cl\/wp-content\/uploads\/2025\/12\/logoheader_2025.png\",\"width\":666,\"height\":305,\"caption\":\"Consejo de Rectoras y Rectores de las Universidades Chilenas\"},\"image\":{\"@id\":\"https:\/\/consejoderectores.cl\/en\/#\/schema\/logo\/image\/\"},\"sameAs\":[\"https:\/\/x.com\/CRUCH_cl\",\"https:\/\/www.instagram.com\/consejoderectores\/\",\"https:\/\/www.linkedin.com\/company\/cruch\/\",\"https:\/\/www.youtube.com\/channel\/UCzgIFRCsDlKoFpimiQmEaOA\"]},{\"@type\":\"Person\",\"@id\":\"https:\/\/consejoderectores.cl\/en\/#\/schema\/person\/d863e44afde067fd4b57fac66ced709e\",\"name\":\"Consejo de Rectores de las Universidades Chilenas\",\"image\":{\"@type\":\"ImageObject\",\"inLanguage\":\"en-US\",\"@id\":\"https:\/\/consejoderectores.cl\/en\/#\/schema\/person\/image\/\",\"url\":\"https:\/\/secure.gravatar.com\/avatar\/c31e2a02401f041926afb8ee21ab666f0925814fe85d25a5c8db80e23722dfc1?s=96&d=mm&r=g\",\"contentUrl\":\"https:\/\/secure.gravatar.com\/avatar\/c31e2a02401f041926afb8ee21ab666f0925814fe85d25a5c8db80e23722dfc1?s=96&d=mm&r=g\",\"caption\":\"Consejo de Rectores de las Universidades Chilenas\"},\"sameAs\":[\"https:\/\/www.consejoderectores.cl\"],\"url\":\"https:\/\/consejoderectores.cl\/en\/author\/cruch\/\"}]}<\/script>\n<!-- \/ Yoast SEO plugin. -->","yoast_head_json":{"title":"Comisi\u00f3n de Fortalecimiento de Ranking de Notas recibe a representantes estudiantiles y del MINEDUC - Consejo de Rectoras y Rectores de las Universidades Chilenas","robots":{"index":"index","follow":"follow","max-snippet":"max-snippet:-1","max-image-preview":"max-image-preview:large","max-video-preview":"max-video-preview:-1"},"canonical":"https:\/\/consejoderectores.cl\/en\/2013\/05\/07\/603c6d80742de\/","og_locale":"en_US","og_type":"article","og_title":"Comisi\u00f3n de Fortalecimiento de Ranking de Notas recibe a representantes estudiantiles y del MINEDUC - Consejo de Rectoras y Rectores de las Universidades Chilenas","og_description":"En la reuni\u00f3n, los invitados valoraron la implementaci\u00f3n de este instrumento y propusieron ideas para su fortalecimiento. Los miembros de la comisi\u00f3n compartieron el trabajo que se ha hecho en el grupo de trabajo al respecto. Con la presencia de invitados del Ministerio de Educaci\u00f3n y de la Confederaci\u00f3n de Estudiantes de Chile (CONFECH), la [&hellip;]","og_url":"https:\/\/consejoderectores.cl\/en\/2013\/05\/07\/603c6d80742de\/","og_site_name":"Consejo de Rectoras y Rectores de las Universidades Chilenas","article_published_time":"2013-05-07T00:00:00+00:00","article_modified_time":"2022-01-21T17:35:39+00:00","og_image":[{"width":1024,"height":500,"url":"https:\/\/consejoderectores.cl\/wp-content\/uploads\/2021\/10\/declaraciones-publicas.jpg","type":"image\/jpeg"}],"author":"Consejo de Rectores de las Universidades Chilenas","twitter_card":"summary_large_image","twitter_creator":"@CRUCH_cl","twitter_site":"@CRUCH_cl","twitter_misc":{"Written by":"Consejo de Rectores de las Universidades Chilenas","Est. reading time":"2 minutes"},"schema":{"@context":"https:\/\/schema.org","@graph":[{"@type":"Article","@id":"https:\/\/consejoderectores.cl\/en\/2013\/05\/07\/603c6d80742de\/#article","isPartOf":{"@id":"https:\/\/consejoderectores.cl\/en\/2013\/05\/07\/603c6d80742de\/"},"author":{"name":"Consejo de Rectores de las Universidades Chilenas","@id":"https:\/\/consejoderectores.cl\/en\/#\/schema\/person\/d863e44afde067fd4b57fac66ced709e"},"headline":"Comisi\u00f3n de Fortalecimiento de Ranking de Notas recibe a representantes estudiantiles y del MINEDUC","datePublished":"2013-05-07T00:00:00+00:00","dateModified":"2022-01-21T17:35:39+00:00","mainEntityOfPage":{"@id":"https:\/\/consejoderectores.cl\/en\/2013\/05\/07\/603c6d80742de\/"},"wordCount":434,"commentCount":0,"publisher":{"@id":"https:\/\/consejoderectores.cl\/en\/#organization"},"image":{"@id":"https:\/\/consejoderectores.cl\/en\/2013\/05\/07\/603c6d80742de\/#primaryimage"},"thumbnailUrl":"https:\/\/consejoderectores.cl\/wp-content\/uploads\/2021\/10\/declaraciones-publicas.jpg","articleSection":["Noticias"],"inLanguage":"en-US","potentialAction":[{"@type":"CommentAction","name":"Comment","target":["https:\/\/consejoderectores.cl\/en\/2013\/05\/07\/603c6d80742de\/#respond"]}]},{"@type":"WebPage","@id":"https:\/\/consejoderectores.cl\/en\/2013\/05\/07\/603c6d80742de\/","url":"https:\/\/consejoderectores.cl\/en\/2013\/05\/07\/603c6d80742de\/","name":"Comisi\u00f3n de Fortalecimiento de Ranking de Notas recibe a representantes estudiantiles y del MINEDUC - Consejo de Rectoras y Rectores de las Universidades Chilenas","isPartOf":{"@id":"https:\/\/consejoderectores.cl\/en\/#website"},"primaryImageOfPage":{"@id":"https:\/\/consejoderectores.cl\/en\/2013\/05\/07\/603c6d80742de\/#primaryimage"},"image":{"@id":"https:\/\/consejoderectores.cl\/en\/2013\/05\/07\/603c6d80742de\/#primaryimage"},"thumbnailUrl":"https:\/\/consejoderectores.cl\/wp-content\/uploads\/2021\/10\/declaraciones-publicas.jpg","datePublished":"2013-05-07T00:00:00+00:00","dateModified":"2022-01-21T17:35:39+00:00","breadcrumb":{"@id":"https:\/\/consejoderectores.cl\/en\/2013\/05\/07\/603c6d80742de\/#breadcrumb"},"inLanguage":"en-US","potentialAction":[{"@type":"ReadAction","target":["https:\/\/consejoderectores.cl\/en\/2013\/05\/07\/603c6d80742de\/"]}]},{"@type":"ImageObject","inLanguage":"en-US","@id":"https:\/\/consejoderectores.cl\/en\/2013\/05\/07\/603c6d80742de\/#primaryimage","url":"https:\/\/consejoderectores.cl\/wp-content\/uploads\/2021\/10\/declaraciones-publicas.jpg","contentUrl":"https:\/\/consejoderectores.cl\/wp-content\/uploads\/2021\/10\/declaraciones-publicas.jpg","width":1024,"height":500},{"@type":"BreadcrumbList","@id":"https:\/\/consejoderectores.cl\/en\/2013\/05\/07\/603c6d80742de\/#breadcrumb","itemListElement":[{"@type":"ListItem","position":1,"name":"Home","item":"https:\/\/consejoderectores.cl\/"},{"@type":"ListItem","position":2,"name":"Comisi\u00f3n de Fortalecimiento de Ranking de Notas recibe a representantes estudiantiles y del MINEDUC"}]},{"@type":"WebSite","@id":"https:\/\/consejoderectores.cl\/en\/#website","url":"https:\/\/consejoderectores.cl\/en\/","name":"Council of Rectors of Chilean Universities","description":"","publisher":{"@id":"https:\/\/consejoderectores.cl\/en\/#organization"},"potentialAction":[{"@type":"SearchAction","target":{"@type":"EntryPoint","urlTemplate":"https:\/\/consejoderectores.cl\/en\/?s={search_term_string}"},"query-input":{"@type":"PropertyValueSpecification","valueRequired":true,"valueName":"search_term_string"}}],"inLanguage":"en-US"},{"@type":"Organization","@id":"https:\/\/consejoderectores.cl\/en\/#organization","name":"Council of Rectors of Chilean Universities","url":"https:\/\/consejoderectores.cl\/en\/","logo":{"@type":"ImageObject","inLanguage":"en-US","@id":"https:\/\/consejoderectores.cl\/en\/#\/schema\/logo\/image\/","url":"https:\/\/consejoderectores.cl\/wp-content\/uploads\/2025\/12\/logoheader_2025.png","contentUrl":"https:\/\/consejoderectores.cl\/wp-content\/uploads\/2025\/12\/logoheader_2025.png","width":666,"height":305,"caption":"Consejo de Rectoras y Rectores de las Universidades Chilenas"},"image":{"@id":"https:\/\/consejoderectores.cl\/en\/#\/schema\/logo\/image\/"},"sameAs":["https:\/\/x.com\/CRUCH_cl","https:\/\/www.instagram.com\/consejoderectores\/","https:\/\/www.linkedin.com\/company\/cruch\/","https:\/\/www.youtube.com\/channel\/UCzgIFRCsDlKoFpimiQmEaOA"]},{"@type":"Person","@id":"https:\/\/consejoderectores.cl\/en\/#\/schema\/person\/d863e44afde067fd4b57fac66ced709e","name":"Council of Rectors of Chilean Universities","image":{"@type":"ImageObject","inLanguage":"en-US","@id":"https:\/\/consejoderectores.cl\/en\/#\/schema\/person\/image\/","url":"https:\/\/secure.gravatar.com\/avatar\/c31e2a02401f041926afb8ee21ab666f0925814fe85d25a5c8db80e23722dfc1?s=96&d=mm&r=g","contentUrl":"https:\/\/secure.gravatar.com\/avatar\/c31e2a02401f041926afb8ee21ab666f0925814fe85d25a5c8db80e23722dfc1?s=96&d=mm&r=g","caption":"Consejo de Rectores de las Universidades Chilenas"},"sameAs":["https:\/\/www.consejoderectores.cl"],"url":"https:\/\/consejoderectores.cl\/en\/author\/cruch\/"}]}},"_links":{"self":[{"href":"https:\/\/consejoderectores.cl\/en\/wp-json\/wp\/v2\/posts\/1246","targetHints":{"allow":["GET"]}}],"collection":[{"href":"https:\/\/consejoderectores.cl\/en\/wp-json\/wp\/v2\/posts"}],"about":[{"href":"https:\/\/consejoderectores.cl\/en\/wp-json\/wp\/v2\/types\/post"}],"author":[{"embeddable":true,"href":"https:\/\/consejoderectores.cl\/en\/wp-json\/wp\/v2\/users\/1"}],"replies":[{"embeddable":true,"href":"https:\/\/consejoderectores.cl\/en\/wp-json\/wp\/v2\/comments?post=1246"}],"version-history":[{"count":2,"href":"https:\/\/consejoderectores.cl\/en\/wp-json\/wp\/v2\/posts\/1246\/revisions"}],"predecessor-version":[{"id":5781,"href":"https:\/\/consejoderectores.cl\/en\/wp-json\/wp\/v2\/posts\/1246\/revisions\/5781"}],"wp:featuredmedia":[{"embeddable":true,"href":"https:\/\/consejoderectores.cl\/en\/wp-json\/wp\/v2\/media\/3592"}],"wp:attachment":[{"href":"https:\/\/consejoderectores.cl\/en\/wp-json\/wp\/v2\/media?parent=1246"}],"wp:term":[{"taxonomy":"category","embeddable":true,"href":"https:\/\/consejoderectores.cl\/en\/wp-json\/wp\/v2\/categories?post=1246"},{"taxonomy":"post_tag","embeddable":true,"href":"https:\/\/consejoderectores.cl\/en\/wp-json\/wp\/v2\/tags?post=1246"}],"curies":[{"name":"wp","href":"https:\/\/api.w.org\/{rel}","templated":true}]}}