{"id":12456,"date":"2025-03-27T19:43:35","date_gmt":"2025-03-27T19:43:35","guid":{"rendered":"https:\/\/consejoderectores.cl\/?p=12456"},"modified":"2025-04-01T18:00:13","modified_gmt":"2025-04-01T18:00:13","slug":"mineduc-y-cruch-acuerdan-fortalecer-la-formacion-inicial-docente-para-enfrentar-la-escasez-de-profesionales","status":"publish","type":"post","link":"https:\/\/consejoderectores.cl\/en\/2025\/03\/27\/mineduc-y-cruch-acuerdan-fortalecer-la-formacion-inicial-docente-para-enfrentar-la-escasez-de-profesionales\/","title":{"rendered":"Ministry of Education and CRUCH agree to strengthen initial teacher training to address the shortage of professionals"},"content":{"rendered":"<blockquote><p><strong>The proposal includes promoting the attraction and retention of teaching talent, linking with the school system, developing continuing education, and implementing monitoring mechanisms.<\/strong><\/p>\n<p><strong>The declaration was signed by Minister Nicol\u00e1s Cataldo and by the executive vice president of CRUCH, Emilio Rodr\u00edguez, during the plenary session held at the University of Santiago.<\/strong><\/p><\/blockquote>\n<p>The Ministry of Education and the Council of Rectors and Rectors of Chilean Universities (CRUCH) signed this Thursday, March 27, the \u201c<a href=\"https:\/\/consejoderectores.cl\/wp-content\/uploads\/2025\/04\/Declaracion-por-el-futuro-con-firmas.pdf\">Agreement for the Future of Teacher Training in Chile<\/a>\u201d, in which they propose five lines of action to strengthen teacher training and thus address the shortage of teachers in classrooms.<\/p>\n<p>The declaration was signed by Minister Nicol\u00e1s Cataldo and by the Executive Vice President of CRUCH, Emilio Rodr\u00edguez, during the organization&#039;s regular session, held at the University of Santiago. In it, both parties commit to advancing &quot;a teacher training system that guarantees quality, equity in the present, and sustainability for the future.&quot;.<\/p>\n<p>The Ministry and the university rectors state in the agreement that &quot;it is essential to redesign the admission mechanisms for teacher training programs, ensuring that access to teacher education is equitable and aligned with the needs of the school system,&quot; and valuing the educational trajectories of the applicants.<\/p>\n<p>Furthermore, they believe that the admission model for teacher training programs should combine academic excellence and socio-emotional skills; consider continuing education pathways; guarantee quality standards; and have a technical body that periodically updates the admission requirements for teacher training programs.<\/p>\n<p><img loading=\"lazy\" decoding=\"async\" class=\"wp-image-12462 alignright\" src=\"https:\/\/consejoderectores.cl\/wp-content\/uploads\/2025\/03\/Acuerdo-firmado-CRUCH-MINEDUC-300x252.jpeg\" alt=\"\" width=\"349\" height=\"293\" srcset=\"https:\/\/consejoderectores.cl\/wp-content\/uploads\/2025\/03\/Acuerdo-firmado-CRUCH-MINEDUC-300x252.jpeg 300w, https:\/\/consejoderectores.cl\/wp-content\/uploads\/2025\/03\/Acuerdo-firmado-CRUCH-MINEDUC-768x646.jpeg 768w, https:\/\/consejoderectores.cl\/wp-content\/uploads\/2025\/03\/Acuerdo-firmado-CRUCH-MINEDUC-14x12.jpeg 14w, https:\/\/consejoderectores.cl\/wp-content\/uploads\/2025\/03\/Acuerdo-firmado-CRUCH-MINEDUC-320x269.jpeg 320w, https:\/\/consejoderectores.cl\/wp-content\/uploads\/2025\/03\/Acuerdo-firmado-CRUCH-MINEDUC-480x404.jpeg 480w, https:\/\/consejoderectores.cl\/wp-content\/uploads\/2025\/03\/Acuerdo-firmado-CRUCH-MINEDUC-800x673.jpeg 800w, https:\/\/consejoderectores.cl\/wp-content\/uploads\/2025\/03\/Acuerdo-firmado-CRUCH-MINEDUC-848x713.jpeg 848w, https:\/\/consejoderectores.cl\/wp-content\/uploads\/2025\/03\/Acuerdo-firmado-CRUCH-MINEDUC.jpeg 905w\" sizes=\"auto, (max-width: 349px) 100vw, 349px\" \/><\/p>\n<p>To make this a reality, the Ministry of Education and the Council of Rectors of Chilean Universities (CRUCH) agree:<\/p>\n<ol>\n<li><strong>Promote an updated, flexible, and equitable regulatory framework<\/strong> that guarantees an admissions system for teacher training programs based on academic and vocational merit; and the evaluation of the quality of teacher training programs and degrees, based on contextual conditions, that fosters continuous improvement of academic processes and outcomes<\/li>\n<li><strong>Promote and encourage policies to attract and retain teaching talent<\/strong>, through incentives that strengthen access, retention and progression in the teaching career.<\/li>\n<li><strong>Develop joint strategies for engagement with the school system<\/strong>, promoting the relationship between universities and educational establishments throughout teacher training.<\/li>\n<li><strong>Promote the development of continuing education programs and support for teachers&#039; professional careers<\/strong>, with an emphasis on support during the first years of employment and on further studies for professionals who wish to pursue teaching careers. In particular, implementing a program for beginning teachers during their first four years of practice and promoting the development of further studies programs in higher education institutions.<\/li>\n<li><strong>Implement monitoring mechanisms <\/strong>that will ensure that changes in the teacher training system are effective and respond to the needs of the country and its respective territories.<\/li>\n<\/ol>\n<p>He <strong>Minister Nicol\u00e1s Cataldo<\/strong> He stated that the lack of teachers is not a problem of university entrance scores, tuition fees, or quotas, but rather &quot;a problem of national development, of sustainable development at the regional level, because the shortage of teachers occurs in certain areas and territories. Therefore, it is important to reflect on the variables that influence this.&quot;.<\/p>\n<p>Therefore, the minister added, the signing of this agreement complements the implementation of the National Teacher Plan, which addresses these issues, and the upcoming introduction to Congress of a bill that will improve access to teacher training programs. \u201cThis is a long-term proposal that will allow us to have more and better teachers in the future.\u201d.<\/p>\n<p>He <strong>Emilio Rodr\u00edguez, executive vice president of CRUCH and rector of the University of Tarapac\u00e1 (UTA),<\/strong> He noted that \u201ctoday, what we have committed to with the Ministry is to specifically address long-term development, resolving the challenge we have today in the short term, but with a long-range, systemic view.\u201d.<\/p>\n<p>He added that \u201cfor this perspective we have the support of all the universities in the Council of Rectors and Rectors, with their main experts, which has been built from a commission led by the rector of PUCV, the rector of UMCE and the rector of the University of Playa Ancha, who have worked on this systemic perspective.\u201d.<\/p>\n<p>The <strong>Rector of the Metropolitan University of Educational Sciences (UMCE), Elisa Araya,<\/strong> She stated that \u201cwe are satisfied with this agreement\u201d and pointed out that in the Faculties of Education and universities of the CRUCH there is a \u201cknow-how\u201d that must be valued in order to reach agreements that favor initial teacher training.\u201d.<\/p>\n<p>Rector Araya added that \u201cthe country must recognize, support, and restore confidence in schools and teachers, which is a fundamental element of quality. Schools are a reflection of the country; therefore, it is a commitment not only of the Ministry and universities, but also of society as a whole.\u201d.<\/p>\n<p>Meanwhile, the <strong>Rector of the Pontifical Catholic University of Valpara\u00edso (PUCV), Nelson V\u00e1squez,<\/strong> He emphasized that \u201cwe greatly value this agreement signed with the Ministry of Education, which aims to comprehensively address the issue of teacher training.\u201d.<\/p>\n<p>V\u00e1squez emphasized that the rectors of CRUCH are committed to contributing to &quot;improving the school system by enhancing teacher training&quot; and that &quot;as education improves in the country&#039;s schools and high schools, young people and families will have more opportunities to enter universities and technical training centers, thus creating job opportunities in an increasingly complex world.&quot;.<\/p>\n<p><strong>New members of the Council<\/strong><\/p>\n<p>On the other hand, the full Council welcomed the rectors of the Catholic University of the North (UCN), Mar\u00eda Cecilia Hern\u00e1ndez; the Catholic University of Temuco (UCT), Marcela Momberg; and the Pontifical Catholic University of Chile (UC), Juan Carlos de la Llera. The rectors assumed their positions at their respective institutions in March.<\/p>\n<p>Also participating in Thursday&#039;s session were the Minister of Science, Technology, Knowledge and Innovation, Ais\u00e9n Etcheverry; the Undersecretary of Higher Education, V\u00edctor Orellana; and the president of the Advisory Council for the Development Strategy for Higher Education, Pablo Gonz\u00e1lez.<\/p>\n<p><img loading=\"lazy\" decoding=\"async\" class=\"wp-image-12461 aligncenter\" src=\"https:\/\/consejoderectores.cl\/wp-content\/uploads\/2025\/03\/Foto-grupal-CRUCH-USACH-300x162.png\" alt=\"\" width=\"427\" height=\"231\" srcset=\"https:\/\/consejoderectores.cl\/wp-content\/uploads\/2025\/03\/Foto-grupal-CRUCH-USACH-300x162.png 300w, https:\/\/consejoderectores.cl\/wp-content\/uploads\/2025\/03\/Foto-grupal-CRUCH-USACH-1024x553.png 1024w, https:\/\/consejoderectores.cl\/wp-content\/uploads\/2025\/03\/Foto-grupal-CRUCH-USACH-768x415.png 768w, https:\/\/consejoderectores.cl\/wp-content\/uploads\/2025\/03\/Foto-grupal-CRUCH-USACH-18x10.png 18w, https:\/\/consejoderectores.cl\/wp-content\/uploads\/2025\/03\/Foto-grupal-CRUCH-USACH-320x173.png 320w, https:\/\/consejoderectores.cl\/wp-content\/uploads\/2025\/03\/Foto-grupal-CRUCH-USACH-480x259.png 480w, https:\/\/consejoderectores.cl\/wp-content\/uploads\/2025\/03\/Foto-grupal-CRUCH-USACH-800x432.png 800w, https:\/\/consejoderectores.cl\/wp-content\/uploads\/2025\/03\/Foto-grupal-CRUCH-USACH-848x458.png 848w, https:\/\/consejoderectores.cl\/wp-content\/uploads\/2025\/03\/Foto-grupal-CRUCH-USACH-1140x615.png 1140w, https:\/\/consejoderectores.cl\/wp-content\/uploads\/2025\/03\/Foto-grupal-CRUCH-USACH-1170x632.png 1170w, https:\/\/consejoderectores.cl\/wp-content\/uploads\/2025\/03\/Foto-grupal-CRUCH-USACH.png 1280w\" sizes=\"auto, (max-width: 427px) 100vw, 427px\" \/><\/p>\n<p>&nbsp;<\/p>\n<p>See &quot;\u00ab<a href=\"https:\/\/consejoderectores.cl\/wp-content\/uploads\/2025\/04\/Declaracion-por-el-futuro-con-firmas.pdf\">Agreement for the Future of Teacher Training in Chile<\/a>\u201d<\/p>\n<p>&nbsp;<\/p>\n<p><strong>Text:<\/strong> MINEDUC and CRUCH Communications<\/p>\n<p><strong>Photos:<\/strong> CRUCH Communications<\/p>","protected":false},"excerpt":{"rendered":"<p>La propuesta contempla el fomento de la atracci\u00f3n y retenci\u00f3n de talentos pedag\u00f3gicos, la vinculaci\u00f3n con el sistema escolar, el desarrollo de la formaci\u00f3n continua y la implementaci\u00f3n de mecanismos de monitoreo. La declaraci\u00f3n fue firmada por el ministro Nicol\u00e1s Cataldo y por el vicepresidente ejecutivo del CRUCH, Emilio Rodr\u00edguez, durante la sesi\u00f3n plenaria que [&hellip;]<\/p>\n","protected":false},"author":1,"featured_media":12460,"comment_status":"open","ping_status":"open","sticky":false,"template":"","format":"standard","meta":{"_acf_changed":false,"footnotes":""},"categories":[3,13],"tags":[],"class_list":["post-12456","post","type-post","status-publish","format-standard","has-post-thumbnail","hentry","category-noticias","category-noticias-carrusel"],"acf":[],"yoast_head":"<!-- This site is optimized with the Yoast SEO plugin v27.1.1 - https:\/\/yoast.com\/product\/yoast-seo-wordpress\/ -->\n<title>Mineduc y CRUCH acuerdan fortalecer la formaci\u00f3n inicial docente para enfrentar la escasez de profesionales - Consejo de Rectoras y Rectores de las Universidades Chilenas<\/title>\n<meta name=\"robots\" content=\"index, follow, max-snippet:-1, max-image-preview:large, max-video-preview:-1\" \/>\n<link rel=\"canonical\" href=\"https:\/\/consejoderectores.cl\/en\/2025\/03\/27\/mineduc-y-cruch-acuerdan-fortalecer-la-formacion-inicial-docente-para-enfrentar-la-escasez-de-profesionales\/\" \/>\n<meta property=\"og:locale\" content=\"en_US\" \/>\n<meta property=\"og:type\" content=\"article\" \/>\n<meta property=\"og:title\" content=\"Mineduc y CRUCH acuerdan fortalecer la formaci\u00f3n inicial docente para enfrentar la escasez de profesionales - Consejo de Rectoras y Rectores de las Universidades Chilenas\" \/>\n<meta property=\"og:description\" content=\"La propuesta contempla el fomento de la atracci\u00f3n y retenci\u00f3n de talentos pedag\u00f3gicos, la vinculaci\u00f3n con el sistema escolar, el desarrollo de la formaci\u00f3n continua y la implementaci\u00f3n de mecanismos de monitoreo. La declaraci\u00f3n fue firmada por el ministro Nicol\u00e1s Cataldo y por el vicepresidente ejecutivo del CRUCH, Emilio Rodr\u00edguez, durante la sesi\u00f3n plenaria que [&hellip;]\" \/>\n<meta property=\"og:url\" content=\"https:\/\/consejoderectores.cl\/en\/2025\/03\/27\/mineduc-y-cruch-acuerdan-fortalecer-la-formacion-inicial-docente-para-enfrentar-la-escasez-de-profesionales\/\" \/>\n<meta property=\"og:site_name\" content=\"Consejo de Rectoras y Rectores de las Universidades Chilenas\" \/>\n<meta property=\"article:published_time\" content=\"2025-03-27T19:43:35+00:00\" \/>\n<meta property=\"article:modified_time\" content=\"2025-04-01T18:00:13+00:00\" \/>\n<meta property=\"og:image\" content=\"https:\/\/consejoderectores.cl\/wp-content\/uploads\/2025\/03\/Portada-noticia-Dcelaracion-Mineduc-CRUCH-1024x429.png\" \/>\n\t<meta property=\"og:image:width\" content=\"1024\" \/>\n\t<meta property=\"og:image:height\" content=\"429\" \/>\n\t<meta property=\"og:image:type\" content=\"image\/png\" \/>\n<meta name=\"author\" content=\"Consejo de Rectores de las Universidades Chilenas\" \/>\n<meta name=\"twitter:card\" content=\"summary_large_image\" \/>\n<meta name=\"twitter:creator\" content=\"@CRUCH_cl\" \/>\n<meta name=\"twitter:site\" content=\"@CRUCH_cl\" \/>\n<meta name=\"twitter:label1\" content=\"Written by\" \/>\n\t<meta name=\"twitter:data1\" content=\"Consejo de Rectores de las Universidades Chilenas\" \/>\n\t<meta name=\"twitter:label2\" content=\"Est. reading time\" \/>\n\t<meta name=\"twitter:data2\" content=\"6 minutes\" \/>\n<script type=\"application\/ld+json\" class=\"yoast-schema-graph\">{\"@context\":\"https:\/\/schema.org\",\"@graph\":[{\"@type\":\"Article\",\"@id\":\"https:\/\/consejoderectores.cl\/2025\/03\/27\/mineduc-y-cruch-acuerdan-fortalecer-la-formacion-inicial-docente-para-enfrentar-la-escasez-de-profesionales\/#article\",\"isPartOf\":{\"@id\":\"https:\/\/consejoderectores.cl\/2025\/03\/27\/mineduc-y-cruch-acuerdan-fortalecer-la-formacion-inicial-docente-para-enfrentar-la-escasez-de-profesionales\/\"},\"author\":{\"name\":\"Consejo de Rectores de las Universidades Chilenas\",\"@id\":\"https:\/\/consejoderectores.cl\/en\/#\/schema\/person\/d863e44afde067fd4b57fac66ced709e\"},\"headline\":\"Mineduc y CRUCH acuerdan fortalecer la formaci\u00f3n inicial docente para enfrentar la escasez de profesionales\",\"datePublished\":\"2025-03-27T19:43:35+00:00\",\"dateModified\":\"2025-04-01T18:00:13+00:00\",\"mainEntityOfPage\":{\"@id\":\"https:\/\/consejoderectores.cl\/2025\/03\/27\/mineduc-y-cruch-acuerdan-fortalecer-la-formacion-inicial-docente-para-enfrentar-la-escasez-de-profesionales\/\"},\"wordCount\":1224,\"commentCount\":0,\"publisher\":{\"@id\":\"https:\/\/consejoderectores.cl\/en\/#organization\"},\"image\":{\"@id\":\"https:\/\/consejoderectores.cl\/2025\/03\/27\/mineduc-y-cruch-acuerdan-fortalecer-la-formacion-inicial-docente-para-enfrentar-la-escasez-de-profesionales\/#primaryimage\"},\"thumbnailUrl\":\"https:\/\/consejoderectores.cl\/wp-content\/uploads\/2025\/03\/Portada-noticia-Dcelaracion-Mineduc-CRUCH.png\",\"articleSection\":[\"Noticias\",\"Noticias Carrusel\"],\"inLanguage\":\"en-US\",\"potentialAction\":[{\"@type\":\"CommentAction\",\"name\":\"Comment\",\"target\":[\"https:\/\/consejoderectores.cl\/2025\/03\/27\/mineduc-y-cruch-acuerdan-fortalecer-la-formacion-inicial-docente-para-enfrentar-la-escasez-de-profesionales\/#respond\"]}]},{\"@type\":\"WebPage\",\"@id\":\"https:\/\/consejoderectores.cl\/2025\/03\/27\/mineduc-y-cruch-acuerdan-fortalecer-la-formacion-inicial-docente-para-enfrentar-la-escasez-de-profesionales\/\",\"url\":\"https:\/\/consejoderectores.cl\/2025\/03\/27\/mineduc-y-cruch-acuerdan-fortalecer-la-formacion-inicial-docente-para-enfrentar-la-escasez-de-profesionales\/\",\"name\":\"Mineduc y CRUCH acuerdan fortalecer la formaci\u00f3n inicial docente para enfrentar la escasez de profesionales - Consejo de Rectoras y Rectores de las Universidades Chilenas\",\"isPartOf\":{\"@id\":\"https:\/\/consejoderectores.cl\/en\/#website\"},\"primaryImageOfPage\":{\"@id\":\"https:\/\/consejoderectores.cl\/2025\/03\/27\/mineduc-y-cruch-acuerdan-fortalecer-la-formacion-inicial-docente-para-enfrentar-la-escasez-de-profesionales\/#primaryimage\"},\"image\":{\"@id\":\"https:\/\/consejoderectores.cl\/2025\/03\/27\/mineduc-y-cruch-acuerdan-fortalecer-la-formacion-inicial-docente-para-enfrentar-la-escasez-de-profesionales\/#primaryimage\"},\"thumbnailUrl\":\"https:\/\/consejoderectores.cl\/wp-content\/uploads\/2025\/03\/Portada-noticia-Dcelaracion-Mineduc-CRUCH.png\",\"datePublished\":\"2025-03-27T19:43:35+00:00\",\"dateModified\":\"2025-04-01T18:00:13+00:00\",\"breadcrumb\":{\"@id\":\"https:\/\/consejoderectores.cl\/2025\/03\/27\/mineduc-y-cruch-acuerdan-fortalecer-la-formacion-inicial-docente-para-enfrentar-la-escasez-de-profesionales\/#breadcrumb\"},\"inLanguage\":\"en-US\",\"potentialAction\":[{\"@type\":\"ReadAction\",\"target\":[\"https:\/\/consejoderectores.cl\/2025\/03\/27\/mineduc-y-cruch-acuerdan-fortalecer-la-formacion-inicial-docente-para-enfrentar-la-escasez-de-profesionales\/\"]}]},{\"@type\":\"ImageObject\",\"inLanguage\":\"en-US\",\"@id\":\"https:\/\/consejoderectores.cl\/2025\/03\/27\/mineduc-y-cruch-acuerdan-fortalecer-la-formacion-inicial-docente-para-enfrentar-la-escasez-de-profesionales\/#primaryimage\",\"url\":\"https:\/\/consejoderectores.cl\/wp-content\/uploads\/2025\/03\/Portada-noticia-Dcelaracion-Mineduc-CRUCH.png\",\"contentUrl\":\"https:\/\/consejoderectores.cl\/wp-content\/uploads\/2025\/03\/Portada-noticia-Dcelaracion-Mineduc-CRUCH.png\",\"width\":2880,\"height\":1206},{\"@type\":\"BreadcrumbList\",\"@id\":\"https:\/\/consejoderectores.cl\/2025\/03\/27\/mineduc-y-cruch-acuerdan-fortalecer-la-formacion-inicial-docente-para-enfrentar-la-escasez-de-profesionales\/#breadcrumb\",\"itemListElement\":[{\"@type\":\"ListItem\",\"position\":1,\"name\":\"Home\",\"item\":\"https:\/\/consejoderectores.cl\/\"},{\"@type\":\"ListItem\",\"position\":2,\"name\":\"Mineduc y CRUCH acuerdan fortalecer la formaci\u00f3n inicial docente para enfrentar la escasez de profesionales\"}]},{\"@type\":\"WebSite\",\"@id\":\"https:\/\/consejoderectores.cl\/en\/#website\",\"url\":\"https:\/\/consejoderectores.cl\/en\/\",\"name\":\"Consejo de Rectoras y Rectores de las Universidades Chilenas\",\"description\":\"\",\"publisher\":{\"@id\":\"https:\/\/consejoderectores.cl\/en\/#organization\"},\"potentialAction\":[{\"@type\":\"SearchAction\",\"target\":{\"@type\":\"EntryPoint\",\"urlTemplate\":\"https:\/\/consejoderectores.cl\/en\/?s={search_term_string}\"},\"query-input\":{\"@type\":\"PropertyValueSpecification\",\"valueRequired\":true,\"valueName\":\"search_term_string\"}}],\"inLanguage\":\"en-US\"},{\"@type\":\"Organization\",\"@id\":\"https:\/\/consejoderectores.cl\/en\/#organization\",\"name\":\"Consejo de Rectoras y Rectores de las Universidades Chilenas\",\"url\":\"https:\/\/consejoderectores.cl\/en\/\",\"logo\":{\"@type\":\"ImageObject\",\"inLanguage\":\"en-US\",\"@id\":\"https:\/\/consejoderectores.cl\/en\/#\/schema\/logo\/image\/\",\"url\":\"https:\/\/consejoderectores.cl\/wp-content\/uploads\/2025\/12\/logoheader_2025.png\",\"contentUrl\":\"https:\/\/consejoderectores.cl\/wp-content\/uploads\/2025\/12\/logoheader_2025.png\",\"width\":666,\"height\":305,\"caption\":\"Consejo de Rectoras y Rectores de las Universidades Chilenas\"},\"image\":{\"@id\":\"https:\/\/consejoderectores.cl\/en\/#\/schema\/logo\/image\/\"},\"sameAs\":[\"https:\/\/x.com\/CRUCH_cl\",\"https:\/\/www.instagram.com\/consejoderectores\/\",\"https:\/\/www.linkedin.com\/company\/cruch\/\",\"https:\/\/www.youtube.com\/channel\/UCzgIFRCsDlKoFpimiQmEaOA\"]},{\"@type\":\"Person\",\"@id\":\"https:\/\/consejoderectores.cl\/en\/#\/schema\/person\/d863e44afde067fd4b57fac66ced709e\",\"name\":\"Consejo de Rectores de las Universidades Chilenas\",\"image\":{\"@type\":\"ImageObject\",\"inLanguage\":\"en-US\",\"@id\":\"https:\/\/consejoderectores.cl\/en\/#\/schema\/person\/image\/\",\"url\":\"https:\/\/secure.gravatar.com\/avatar\/c31e2a02401f041926afb8ee21ab666f0925814fe85d25a5c8db80e23722dfc1?s=96&d=mm&r=g\",\"contentUrl\":\"https:\/\/secure.gravatar.com\/avatar\/c31e2a02401f041926afb8ee21ab666f0925814fe85d25a5c8db80e23722dfc1?s=96&d=mm&r=g\",\"caption\":\"Consejo de Rectores de las Universidades Chilenas\"},\"sameAs\":[\"https:\/\/www.consejoderectores.cl\"],\"url\":\"https:\/\/consejoderectores.cl\/en\/author\/cruch\/\"}]}<\/script>\n<!-- \/ Yoast SEO plugin. -->","yoast_head_json":{"title":"Mineduc y CRUCH acuerdan fortalecer la formaci\u00f3n inicial docente para enfrentar la escasez de profesionales - Consejo de Rectoras y Rectores de las Universidades Chilenas","robots":{"index":"index","follow":"follow","max-snippet":"max-snippet:-1","max-image-preview":"max-image-preview:large","max-video-preview":"max-video-preview:-1"},"canonical":"https:\/\/consejoderectores.cl\/en\/2025\/03\/27\/mineduc-y-cruch-acuerdan-fortalecer-la-formacion-inicial-docente-para-enfrentar-la-escasez-de-profesionales\/","og_locale":"en_US","og_type":"article","og_title":"Mineduc y CRUCH acuerdan fortalecer la formaci\u00f3n inicial docente para enfrentar la escasez de profesionales - Consejo de Rectoras y Rectores de las Universidades Chilenas","og_description":"La propuesta contempla el fomento de la atracci\u00f3n y retenci\u00f3n de talentos pedag\u00f3gicos, la vinculaci\u00f3n con el sistema escolar, el desarrollo de la formaci\u00f3n continua y la implementaci\u00f3n de mecanismos de monitoreo. La declaraci\u00f3n fue firmada por el ministro Nicol\u00e1s Cataldo y por el vicepresidente ejecutivo del CRUCH, Emilio Rodr\u00edguez, durante la sesi\u00f3n plenaria que [&hellip;]","og_url":"https:\/\/consejoderectores.cl\/en\/2025\/03\/27\/mineduc-y-cruch-acuerdan-fortalecer-la-formacion-inicial-docente-para-enfrentar-la-escasez-de-profesionales\/","og_site_name":"Consejo de Rectoras y Rectores de las Universidades Chilenas","article_published_time":"2025-03-27T19:43:35+00:00","article_modified_time":"2025-04-01T18:00:13+00:00","og_image":[{"width":1024,"height":429,"url":"https:\/\/consejoderectores.cl\/wp-content\/uploads\/2025\/03\/Portada-noticia-Dcelaracion-Mineduc-CRUCH-1024x429.png","type":"image\/png"}],"author":"Consejo de Rectores de las Universidades Chilenas","twitter_card":"summary_large_image","twitter_creator":"@CRUCH_cl","twitter_site":"@CRUCH_cl","twitter_misc":{"Written by":"Consejo de Rectores de las Universidades Chilenas","Est. reading time":"6 minutes"},"schema":{"@context":"https:\/\/schema.org","@graph":[{"@type":"Article","@id":"https:\/\/consejoderectores.cl\/2025\/03\/27\/mineduc-y-cruch-acuerdan-fortalecer-la-formacion-inicial-docente-para-enfrentar-la-escasez-de-profesionales\/#article","isPartOf":{"@id":"https:\/\/consejoderectores.cl\/2025\/03\/27\/mineduc-y-cruch-acuerdan-fortalecer-la-formacion-inicial-docente-para-enfrentar-la-escasez-de-profesionales\/"},"author":{"name":"Consejo de Rectores de las Universidades Chilenas","@id":"https:\/\/consejoderectores.cl\/en\/#\/schema\/person\/d863e44afde067fd4b57fac66ced709e"},"headline":"Mineduc y CRUCH acuerdan fortalecer la formaci\u00f3n inicial docente para enfrentar la escasez de profesionales","datePublished":"2025-03-27T19:43:35+00:00","dateModified":"2025-04-01T18:00:13+00:00","mainEntityOfPage":{"@id":"https:\/\/consejoderectores.cl\/2025\/03\/27\/mineduc-y-cruch-acuerdan-fortalecer-la-formacion-inicial-docente-para-enfrentar-la-escasez-de-profesionales\/"},"wordCount":1224,"commentCount":0,"publisher":{"@id":"https:\/\/consejoderectores.cl\/en\/#organization"},"image":{"@id":"https:\/\/consejoderectores.cl\/2025\/03\/27\/mineduc-y-cruch-acuerdan-fortalecer-la-formacion-inicial-docente-para-enfrentar-la-escasez-de-profesionales\/#primaryimage"},"thumbnailUrl":"https:\/\/consejoderectores.cl\/wp-content\/uploads\/2025\/03\/Portada-noticia-Dcelaracion-Mineduc-CRUCH.png","articleSection":["Noticias","Noticias Carrusel"],"inLanguage":"en-US","potentialAction":[{"@type":"CommentAction","name":"Comment","target":["https:\/\/consejoderectores.cl\/2025\/03\/27\/mineduc-y-cruch-acuerdan-fortalecer-la-formacion-inicial-docente-para-enfrentar-la-escasez-de-profesionales\/#respond"]}]},{"@type":"WebPage","@id":"https:\/\/consejoderectores.cl\/2025\/03\/27\/mineduc-y-cruch-acuerdan-fortalecer-la-formacion-inicial-docente-para-enfrentar-la-escasez-de-profesionales\/","url":"https:\/\/consejoderectores.cl\/2025\/03\/27\/mineduc-y-cruch-acuerdan-fortalecer-la-formacion-inicial-docente-para-enfrentar-la-escasez-de-profesionales\/","name":"Mineduc y CRUCH acuerdan fortalecer la formaci\u00f3n inicial docente para enfrentar la escasez de profesionales - Consejo de Rectoras y Rectores de las Universidades Chilenas","isPartOf":{"@id":"https:\/\/consejoderectores.cl\/en\/#website"},"primaryImageOfPage":{"@id":"https:\/\/consejoderectores.cl\/2025\/03\/27\/mineduc-y-cruch-acuerdan-fortalecer-la-formacion-inicial-docente-para-enfrentar-la-escasez-de-profesionales\/#primaryimage"},"image":{"@id":"https:\/\/consejoderectores.cl\/2025\/03\/27\/mineduc-y-cruch-acuerdan-fortalecer-la-formacion-inicial-docente-para-enfrentar-la-escasez-de-profesionales\/#primaryimage"},"thumbnailUrl":"https:\/\/consejoderectores.cl\/wp-content\/uploads\/2025\/03\/Portada-noticia-Dcelaracion-Mineduc-CRUCH.png","datePublished":"2025-03-27T19:43:35+00:00","dateModified":"2025-04-01T18:00:13+00:00","breadcrumb":{"@id":"https:\/\/consejoderectores.cl\/2025\/03\/27\/mineduc-y-cruch-acuerdan-fortalecer-la-formacion-inicial-docente-para-enfrentar-la-escasez-de-profesionales\/#breadcrumb"},"inLanguage":"en-US","potentialAction":[{"@type":"ReadAction","target":["https:\/\/consejoderectores.cl\/2025\/03\/27\/mineduc-y-cruch-acuerdan-fortalecer-la-formacion-inicial-docente-para-enfrentar-la-escasez-de-profesionales\/"]}]},{"@type":"ImageObject","inLanguage":"en-US","@id":"https:\/\/consejoderectores.cl\/2025\/03\/27\/mineduc-y-cruch-acuerdan-fortalecer-la-formacion-inicial-docente-para-enfrentar-la-escasez-de-profesionales\/#primaryimage","url":"https:\/\/consejoderectores.cl\/wp-content\/uploads\/2025\/03\/Portada-noticia-Dcelaracion-Mineduc-CRUCH.png","contentUrl":"https:\/\/consejoderectores.cl\/wp-content\/uploads\/2025\/03\/Portada-noticia-Dcelaracion-Mineduc-CRUCH.png","width":2880,"height":1206},{"@type":"BreadcrumbList","@id":"https:\/\/consejoderectores.cl\/2025\/03\/27\/mineduc-y-cruch-acuerdan-fortalecer-la-formacion-inicial-docente-para-enfrentar-la-escasez-de-profesionales\/#breadcrumb","itemListElement":[{"@type":"ListItem","position":1,"name":"Home","item":"https:\/\/consejoderectores.cl\/"},{"@type":"ListItem","position":2,"name":"Mineduc y CRUCH acuerdan fortalecer la formaci\u00f3n inicial docente para enfrentar la escasez de profesionales"}]},{"@type":"WebSite","@id":"https:\/\/consejoderectores.cl\/en\/#website","url":"https:\/\/consejoderectores.cl\/en\/","name":"Council of Rectors of Chilean Universities","description":"","publisher":{"@id":"https:\/\/consejoderectores.cl\/en\/#organization"},"potentialAction":[{"@type":"SearchAction","target":{"@type":"EntryPoint","urlTemplate":"https:\/\/consejoderectores.cl\/en\/?s={search_term_string}"},"query-input":{"@type":"PropertyValueSpecification","valueRequired":true,"valueName":"search_term_string"}}],"inLanguage":"en-US"},{"@type":"Organization","@id":"https:\/\/consejoderectores.cl\/en\/#organization","name":"Council of Rectors of Chilean Universities","url":"https:\/\/consejoderectores.cl\/en\/","logo":{"@type":"ImageObject","inLanguage":"en-US","@id":"https:\/\/consejoderectores.cl\/en\/#\/schema\/logo\/image\/","url":"https:\/\/consejoderectores.cl\/wp-content\/uploads\/2025\/12\/logoheader_2025.png","contentUrl":"https:\/\/consejoderectores.cl\/wp-content\/uploads\/2025\/12\/logoheader_2025.png","width":666,"height":305,"caption":"Consejo de Rectoras y Rectores de las Universidades Chilenas"},"image":{"@id":"https:\/\/consejoderectores.cl\/en\/#\/schema\/logo\/image\/"},"sameAs":["https:\/\/x.com\/CRUCH_cl","https:\/\/www.instagram.com\/consejoderectores\/","https:\/\/www.linkedin.com\/company\/cruch\/","https:\/\/www.youtube.com\/channel\/UCzgIFRCsDlKoFpimiQmEaOA"]},{"@type":"Person","@id":"https:\/\/consejoderectores.cl\/en\/#\/schema\/person\/d863e44afde067fd4b57fac66ced709e","name":"Council of Rectors of Chilean Universities","image":{"@type":"ImageObject","inLanguage":"en-US","@id":"https:\/\/consejoderectores.cl\/en\/#\/schema\/person\/image\/","url":"https:\/\/secure.gravatar.com\/avatar\/c31e2a02401f041926afb8ee21ab666f0925814fe85d25a5c8db80e23722dfc1?s=96&d=mm&r=g","contentUrl":"https:\/\/secure.gravatar.com\/avatar\/c31e2a02401f041926afb8ee21ab666f0925814fe85d25a5c8db80e23722dfc1?s=96&d=mm&r=g","caption":"Consejo de Rectores de las Universidades Chilenas"},"sameAs":["https:\/\/www.consejoderectores.cl"],"url":"https:\/\/consejoderectores.cl\/en\/author\/cruch\/"}]}},"_links":{"self":[{"href":"https:\/\/consejoderectores.cl\/en\/wp-json\/wp\/v2\/posts\/12456","targetHints":{"allow":["GET"]}}],"collection":[{"href":"https:\/\/consejoderectores.cl\/en\/wp-json\/wp\/v2\/posts"}],"about":[{"href":"https:\/\/consejoderectores.cl\/en\/wp-json\/wp\/v2\/types\/post"}],"author":[{"embeddable":true,"href":"https:\/\/consejoderectores.cl\/en\/wp-json\/wp\/v2\/users\/1"}],"replies":[{"embeddable":true,"href":"https:\/\/consejoderectores.cl\/en\/wp-json\/wp\/v2\/comments?post=12456"}],"version-history":[{"count":7,"href":"https:\/\/consejoderectores.cl\/en\/wp-json\/wp\/v2\/posts\/12456\/revisions"}],"predecessor-version":[{"id":12482,"href":"https:\/\/consejoderectores.cl\/en\/wp-json\/wp\/v2\/posts\/12456\/revisions\/12482"}],"wp:featuredmedia":[{"embeddable":true,"href":"https:\/\/consejoderectores.cl\/en\/wp-json\/wp\/v2\/media\/12460"}],"wp:attachment":[{"href":"https:\/\/consejoderectores.cl\/en\/wp-json\/wp\/v2\/media?parent=12456"}],"wp:term":[{"taxonomy":"category","embeddable":true,"href":"https:\/\/consejoderectores.cl\/en\/wp-json\/wp\/v2\/categories?post=12456"},{"taxonomy":"post_tag","embeddable":true,"href":"https:\/\/consejoderectores.cl\/en\/wp-json\/wp\/v2\/tags?post=12456"}],"curies":[{"name":"wp","href":"https:\/\/api.w.org\/{rel}","templated":true}]}}