{"id":1240,"date":"2013-04-05T00:00:00","date_gmt":"2013-04-05T00:00:00","guid":{"rendered":""},"modified":"2022-01-21T18:15:16","modified_gmt":"2022-01-21T18:15:16","slug":"603c6d8073eca","status":"publish","type":"post","link":"https:\/\/consejoderectores.cl\/en\/2013\/04\/05\/603c6d8073eca\/","title":{"rendered":"The Council of Rectors establishes committees to propose improvements to the PSU and the Grade Ranking"},"content":{"rendered":"<blockquote><p>These are two committees that will establish a timeline for improvements to the PSU (University Selection Test) and the Grade Ranking system, which will be evaluated by university rectors at their next meeting. In addition, a working group will develop a proposal to introduce changes to the Indirect Fiscal Contribution.<\/p><\/blockquote>\n<p>The Council of Rectors established two committees to examine and propose a timeline for improvements to university admissions instruments: the University Selection Tests (PSU) and the Grade Ranking. The proposals will be evaluated by the full Council of Rectors on April 25.<\/p>\n<p>In addition to these committees, a third working group will develop a proposal for changes to the Indirect Fiscal Contribution.<\/p>\n<p>After the commissions are formed, they have a period of three weeks to set short, medium and long-term agendas, in order to continue their work during the following months.<\/p>\n<p>The Ranking Commission is made up of the Vice-Rector of the Catholic University, Guillermo Marshall and coordinator of the working group; Francisco Javier Gil, advisor on inclusion policies of UNESCO, Catholic University and University of Santiago; Eduardo Rodr\u00edguez, director of the Department of Educational Evaluation, Measurement and Registration (DEMRE) of the University of Chile; and Mariana Gonz\u00e1lez, in charge of Studies of CRUCH.<\/p>\n<p>Also in attendance were professionals Jorge Hern\u00e1ndez, head of the Studies and Research Unit of DEMRE; Uwe Kramp, member of said unit; and Claudio Vargas, head of the History Commission of DEMRE.<\/p>\n<p>Meanwhile, the commission that will analyze changes to the University Selection Tests will be made up of Mar\u00eda Elena Gonz\u00e1lez, an academic from the University of Tarapac\u00e1, who will coordinate the group; Juan Manuel Zolezzi, rector of the University of Santiago and executive vice president of CRUCH; Jorge Manzi, member of the Technical Advisory Committee and director of MIDE UC; Patricio Aceituno, vice-rector of Academic Affairs of the University of Chile; Mariana Gonz\u00e1lez from CRUCH and Eduardo Rodr\u00edguez, from DEMRE.<\/p>\n<p>The Ministry of Education representatives are yet to be determined. Those attending this first meeting included Juan Jos\u00e9 Ugarte, Head of the Higher Education Division (DIVESUP) of the Ministry of Education, and Jorge Hern\u00e1ndez, Uwe Kramp, and Claudio Vargas from DEMRE.<\/p>\n<p>The Ranking Committee&#039;s first steps will include conducting simulations to assess how to enhance the impact of this tool on the admissions process. Both committees have finalized their meeting schedules for the next two weeks.<\/p>\n<p>These two working groups will be joined by a commission to analyze the proposed changes to the Indirect Fiscal Contribution system, which will be made up of the rectors Sergio Bravo, from the University of La Frontera and H\u00e9ctor Gaete from the University of B\u00edo-B\u00edo, the vice-rector Guillermo Marshall, from the Catholic University, plus a representative from the University of Chile and another from the University of Santiago.<\/p>","protected":false},"excerpt":{"rendered":"<p>Se trata de dos comit\u00e9s que establecer\u00e1n el cronograma de mejor\u00edas a las PSU y al Ranking de Notas, el que ser\u00e1 evaluado por los rectores en su pr\u00f3xima sesi\u00f3n. A esto se suma un grupo de trabajo que elaborar\u00e1 una propuesta para introducir cambios al Aporte Fiscal Indirecto. El Consejo de Rectores constituy\u00f3 dos [&hellip;]<\/p>\n","protected":false},"author":1,"featured_media":3592,"comment_status":"open","ping_status":"open","sticky":false,"template":"","format":"standard","meta":{"_acf_changed":false,"footnotes":""},"categories":[3],"tags":[],"class_list":["post-1240","post","type-post","status-publish","format-standard","has-post-thumbnail","hentry","category-noticias"],"acf":[],"yoast_head":"<!-- This site is optimized with the Yoast SEO plugin v27.1.1 - https:\/\/yoast.com\/product\/yoast-seo-wordpress\/ -->\n<title>Consejo de Rectores constituye comisiones para proponer mejoras a PSU y Ranking de Notas - Consejo de Rectoras y Rectores de las Universidades Chilenas<\/title>\n<meta name=\"robots\" content=\"index, follow, max-snippet:-1, max-image-preview:large, max-video-preview:-1\" \/>\n<link rel=\"canonical\" href=\"https:\/\/consejoderectores.cl\/en\/2013\/04\/05\/603c6d8073eca\/\" \/>\n<meta property=\"og:locale\" content=\"en_US\" \/>\n<meta property=\"og:type\" content=\"article\" \/>\n<meta property=\"og:title\" content=\"Consejo de Rectores constituye comisiones para proponer mejoras a PSU y Ranking de Notas - Consejo de Rectoras y Rectores de las Universidades Chilenas\" \/>\n<meta property=\"og:description\" content=\"Se trata de dos comit\u00e9s que establecer\u00e1n el cronograma de mejor\u00edas a las PSU y al Ranking de Notas, el que ser\u00e1 evaluado por los rectores en su pr\u00f3xima sesi\u00f3n. A esto se suma un grupo de trabajo que elaborar\u00e1 una propuesta para introducir cambios al Aporte Fiscal Indirecto. El Consejo de Rectores constituy\u00f3 dos [&hellip;]\" \/>\n<meta property=\"og:url\" content=\"https:\/\/consejoderectores.cl\/en\/2013\/04\/05\/603c6d8073eca\/\" \/>\n<meta property=\"og:site_name\" content=\"Consejo de Rectoras y Rectores de las Universidades Chilenas\" \/>\n<meta property=\"article:published_time\" content=\"2013-04-05T00:00:00+00:00\" \/>\n<meta property=\"article:modified_time\" content=\"2022-01-21T18:15:16+00:00\" \/>\n<meta property=\"og:image\" content=\"https:\/\/consejoderectores.cl\/wp-content\/uploads\/2021\/10\/declaraciones-publicas.jpg\" \/>\n\t<meta property=\"og:image:width\" content=\"1024\" \/>\n\t<meta property=\"og:image:height\" content=\"500\" \/>\n\t<meta property=\"og:image:type\" content=\"image\/jpeg\" \/>\n<meta name=\"author\" content=\"Consejo de Rectores de las Universidades Chilenas\" \/>\n<meta name=\"twitter:card\" content=\"summary_large_image\" \/>\n<meta name=\"twitter:creator\" content=\"@CRUCH_cl\" \/>\n<meta name=\"twitter:site\" content=\"@CRUCH_cl\" \/>\n<meta name=\"twitter:label1\" content=\"Written by\" \/>\n\t<meta name=\"twitter:data1\" content=\"Consejo de Rectores de las Universidades Chilenas\" \/>\n\t<meta name=\"twitter:label2\" content=\"Est. reading time\" \/>\n\t<meta name=\"twitter:data2\" content=\"3 minutes\" \/>\n<script type=\"application\/ld+json\" class=\"yoast-schema-graph\">{\"@context\":\"https:\/\/schema.org\",\"@graph\":[{\"@type\":\"Article\",\"@id\":\"https:\/\/consejoderectores.cl\/2013\/04\/05\/603c6d8073eca\/#article\",\"isPartOf\":{\"@id\":\"https:\/\/consejoderectores.cl\/2013\/04\/05\/603c6d8073eca\/\"},\"author\":{\"name\":\"Consejo de Rectores de las Universidades Chilenas\",\"@id\":\"https:\/\/consejoderectores.cl\/en\/#\/schema\/person\/d863e44afde067fd4b57fac66ced709e\"},\"headline\":\"Consejo de Rectores constituye comisiones para proponer mejoras a PSU y Ranking de Notas\",\"datePublished\":\"2013-04-05T00:00:00+00:00\",\"dateModified\":\"2022-01-21T18:15:16+00:00\",\"mainEntityOfPage\":{\"@id\":\"https:\/\/consejoderectores.cl\/2013\/04\/05\/603c6d8073eca\/\"},\"wordCount\":528,\"commentCount\":0,\"publisher\":{\"@id\":\"https:\/\/consejoderectores.cl\/en\/#organization\"},\"image\":{\"@id\":\"https:\/\/consejoderectores.cl\/2013\/04\/05\/603c6d8073eca\/#primaryimage\"},\"thumbnailUrl\":\"https:\/\/consejoderectores.cl\/wp-content\/uploads\/2021\/10\/declaraciones-publicas.jpg\",\"articleSection\":[\"Noticias\"],\"inLanguage\":\"en-US\",\"potentialAction\":[{\"@type\":\"CommentAction\",\"name\":\"Comment\",\"target\":[\"https:\/\/consejoderectores.cl\/2013\/04\/05\/603c6d8073eca\/#respond\"]}]},{\"@type\":\"WebPage\",\"@id\":\"https:\/\/consejoderectores.cl\/2013\/04\/05\/603c6d8073eca\/\",\"url\":\"https:\/\/consejoderectores.cl\/2013\/04\/05\/603c6d8073eca\/\",\"name\":\"Consejo de Rectores constituye comisiones para proponer mejoras a PSU y Ranking de Notas - Consejo de Rectoras y Rectores de las Universidades Chilenas\",\"isPartOf\":{\"@id\":\"https:\/\/consejoderectores.cl\/en\/#website\"},\"primaryImageOfPage\":{\"@id\":\"https:\/\/consejoderectores.cl\/2013\/04\/05\/603c6d8073eca\/#primaryimage\"},\"image\":{\"@id\":\"https:\/\/consejoderectores.cl\/2013\/04\/05\/603c6d8073eca\/#primaryimage\"},\"thumbnailUrl\":\"https:\/\/consejoderectores.cl\/wp-content\/uploads\/2021\/10\/declaraciones-publicas.jpg\",\"datePublished\":\"2013-04-05T00:00:00+00:00\",\"dateModified\":\"2022-01-21T18:15:16+00:00\",\"breadcrumb\":{\"@id\":\"https:\/\/consejoderectores.cl\/2013\/04\/05\/603c6d8073eca\/#breadcrumb\"},\"inLanguage\":\"en-US\",\"potentialAction\":[{\"@type\":\"ReadAction\",\"target\":[\"https:\/\/consejoderectores.cl\/2013\/04\/05\/603c6d8073eca\/\"]}]},{\"@type\":\"ImageObject\",\"inLanguage\":\"en-US\",\"@id\":\"https:\/\/consejoderectores.cl\/2013\/04\/05\/603c6d8073eca\/#primaryimage\",\"url\":\"https:\/\/consejoderectores.cl\/wp-content\/uploads\/2021\/10\/declaraciones-publicas.jpg\",\"contentUrl\":\"https:\/\/consejoderectores.cl\/wp-content\/uploads\/2021\/10\/declaraciones-publicas.jpg\",\"width\":1024,\"height\":500},{\"@type\":\"BreadcrumbList\",\"@id\":\"https:\/\/consejoderectores.cl\/2013\/04\/05\/603c6d8073eca\/#breadcrumb\",\"itemListElement\":[{\"@type\":\"ListItem\",\"position\":1,\"name\":\"Home\",\"item\":\"https:\/\/consejoderectores.cl\/\"},{\"@type\":\"ListItem\",\"position\":2,\"name\":\"Consejo de Rectores constituye comisiones para proponer mejoras a PSU y Ranking de Notas\"}]},{\"@type\":\"WebSite\",\"@id\":\"https:\/\/consejoderectores.cl\/en\/#website\",\"url\":\"https:\/\/consejoderectores.cl\/en\/\",\"name\":\"Consejo de Rectoras y Rectores de las Universidades Chilenas\",\"description\":\"\",\"publisher\":{\"@id\":\"https:\/\/consejoderectores.cl\/en\/#organization\"},\"potentialAction\":[{\"@type\":\"SearchAction\",\"target\":{\"@type\":\"EntryPoint\",\"urlTemplate\":\"https:\/\/consejoderectores.cl\/en\/?s={search_term_string}\"},\"query-input\":{\"@type\":\"PropertyValueSpecification\",\"valueRequired\":true,\"valueName\":\"search_term_string\"}}],\"inLanguage\":\"en-US\"},{\"@type\":\"Organization\",\"@id\":\"https:\/\/consejoderectores.cl\/en\/#organization\",\"name\":\"Consejo de Rectoras y Rectores de las Universidades Chilenas\",\"url\":\"https:\/\/consejoderectores.cl\/en\/\",\"logo\":{\"@type\":\"ImageObject\",\"inLanguage\":\"en-US\",\"@id\":\"https:\/\/consejoderectores.cl\/en\/#\/schema\/logo\/image\/\",\"url\":\"https:\/\/consejoderectores.cl\/wp-content\/uploads\/2025\/12\/logoheader_2025.png\",\"contentUrl\":\"https:\/\/consejoderectores.cl\/wp-content\/uploads\/2025\/12\/logoheader_2025.png\",\"width\":666,\"height\":305,\"caption\":\"Consejo de Rectoras y Rectores de las Universidades Chilenas\"},\"image\":{\"@id\":\"https:\/\/consejoderectores.cl\/en\/#\/schema\/logo\/image\/\"},\"sameAs\":[\"https:\/\/x.com\/CRUCH_cl\",\"https:\/\/www.instagram.com\/consejoderectores\/\",\"https:\/\/www.linkedin.com\/company\/cruch\/\",\"https:\/\/www.youtube.com\/channel\/UCzgIFRCsDlKoFpimiQmEaOA\"]},{\"@type\":\"Person\",\"@id\":\"https:\/\/consejoderectores.cl\/en\/#\/schema\/person\/d863e44afde067fd4b57fac66ced709e\",\"name\":\"Consejo de Rectores de las Universidades Chilenas\",\"image\":{\"@type\":\"ImageObject\",\"inLanguage\":\"en-US\",\"@id\":\"https:\/\/consejoderectores.cl\/en\/#\/schema\/person\/image\/\",\"url\":\"https:\/\/secure.gravatar.com\/avatar\/c31e2a02401f041926afb8ee21ab666f0925814fe85d25a5c8db80e23722dfc1?s=96&d=mm&r=g\",\"contentUrl\":\"https:\/\/secure.gravatar.com\/avatar\/c31e2a02401f041926afb8ee21ab666f0925814fe85d25a5c8db80e23722dfc1?s=96&d=mm&r=g\",\"caption\":\"Consejo de Rectores de las Universidades Chilenas\"},\"sameAs\":[\"https:\/\/www.consejoderectores.cl\"],\"url\":\"https:\/\/consejoderectores.cl\/en\/author\/cruch\/\"}]}<\/script>\n<!-- \/ Yoast SEO plugin. -->","yoast_head_json":{"title":"Consejo de Rectores constituye comisiones para proponer mejoras a PSU y Ranking de Notas - Consejo de Rectoras y Rectores de las Universidades Chilenas","robots":{"index":"index","follow":"follow","max-snippet":"max-snippet:-1","max-image-preview":"max-image-preview:large","max-video-preview":"max-video-preview:-1"},"canonical":"https:\/\/consejoderectores.cl\/en\/2013\/04\/05\/603c6d8073eca\/","og_locale":"en_US","og_type":"article","og_title":"Consejo de Rectores constituye comisiones para proponer mejoras a PSU y Ranking de Notas - Consejo de Rectoras y Rectores de las Universidades Chilenas","og_description":"Se trata de dos comit\u00e9s que establecer\u00e1n el cronograma de mejor\u00edas a las PSU y al Ranking de Notas, el que ser\u00e1 evaluado por los rectores en su pr\u00f3xima sesi\u00f3n. A esto se suma un grupo de trabajo que elaborar\u00e1 una propuesta para introducir cambios al Aporte Fiscal Indirecto. El Consejo de Rectores constituy\u00f3 dos [&hellip;]","og_url":"https:\/\/consejoderectores.cl\/en\/2013\/04\/05\/603c6d8073eca\/","og_site_name":"Consejo de Rectoras y Rectores de las Universidades Chilenas","article_published_time":"2013-04-05T00:00:00+00:00","article_modified_time":"2022-01-21T18:15:16+00:00","og_image":[{"width":1024,"height":500,"url":"https:\/\/consejoderectores.cl\/wp-content\/uploads\/2021\/10\/declaraciones-publicas.jpg","type":"image\/jpeg"}],"author":"Consejo de Rectores de las Universidades Chilenas","twitter_card":"summary_large_image","twitter_creator":"@CRUCH_cl","twitter_site":"@CRUCH_cl","twitter_misc":{"Written by":"Consejo de Rectores de las Universidades Chilenas","Est. reading time":"3 minutes"},"schema":{"@context":"https:\/\/schema.org","@graph":[{"@type":"Article","@id":"https:\/\/consejoderectores.cl\/2013\/04\/05\/603c6d8073eca\/#article","isPartOf":{"@id":"https:\/\/consejoderectores.cl\/2013\/04\/05\/603c6d8073eca\/"},"author":{"name":"Consejo de Rectores de las Universidades Chilenas","@id":"https:\/\/consejoderectores.cl\/en\/#\/schema\/person\/d863e44afde067fd4b57fac66ced709e"},"headline":"Consejo de Rectores constituye comisiones para proponer mejoras a PSU y Ranking de Notas","datePublished":"2013-04-05T00:00:00+00:00","dateModified":"2022-01-21T18:15:16+00:00","mainEntityOfPage":{"@id":"https:\/\/consejoderectores.cl\/2013\/04\/05\/603c6d8073eca\/"},"wordCount":528,"commentCount":0,"publisher":{"@id":"https:\/\/consejoderectores.cl\/en\/#organization"},"image":{"@id":"https:\/\/consejoderectores.cl\/2013\/04\/05\/603c6d8073eca\/#primaryimage"},"thumbnailUrl":"https:\/\/consejoderectores.cl\/wp-content\/uploads\/2021\/10\/declaraciones-publicas.jpg","articleSection":["Noticias"],"inLanguage":"en-US","potentialAction":[{"@type":"CommentAction","name":"Comment","target":["https:\/\/consejoderectores.cl\/2013\/04\/05\/603c6d8073eca\/#respond"]}]},{"@type":"WebPage","@id":"https:\/\/consejoderectores.cl\/2013\/04\/05\/603c6d8073eca\/","url":"https:\/\/consejoderectores.cl\/2013\/04\/05\/603c6d8073eca\/","name":"Consejo de Rectores constituye comisiones para proponer mejoras a PSU y Ranking de Notas - Consejo de Rectoras y Rectores de las Universidades Chilenas","isPartOf":{"@id":"https:\/\/consejoderectores.cl\/en\/#website"},"primaryImageOfPage":{"@id":"https:\/\/consejoderectores.cl\/2013\/04\/05\/603c6d8073eca\/#primaryimage"},"image":{"@id":"https:\/\/consejoderectores.cl\/2013\/04\/05\/603c6d8073eca\/#primaryimage"},"thumbnailUrl":"https:\/\/consejoderectores.cl\/wp-content\/uploads\/2021\/10\/declaraciones-publicas.jpg","datePublished":"2013-04-05T00:00:00+00:00","dateModified":"2022-01-21T18:15:16+00:00","breadcrumb":{"@id":"https:\/\/consejoderectores.cl\/2013\/04\/05\/603c6d8073eca\/#breadcrumb"},"inLanguage":"en-US","potentialAction":[{"@type":"ReadAction","target":["https:\/\/consejoderectores.cl\/2013\/04\/05\/603c6d8073eca\/"]}]},{"@type":"ImageObject","inLanguage":"en-US","@id":"https:\/\/consejoderectores.cl\/2013\/04\/05\/603c6d8073eca\/#primaryimage","url":"https:\/\/consejoderectores.cl\/wp-content\/uploads\/2021\/10\/declaraciones-publicas.jpg","contentUrl":"https:\/\/consejoderectores.cl\/wp-content\/uploads\/2021\/10\/declaraciones-publicas.jpg","width":1024,"height":500},{"@type":"BreadcrumbList","@id":"https:\/\/consejoderectores.cl\/2013\/04\/05\/603c6d8073eca\/#breadcrumb","itemListElement":[{"@type":"ListItem","position":1,"name":"Home","item":"https:\/\/consejoderectores.cl\/"},{"@type":"ListItem","position":2,"name":"Consejo de Rectores constituye comisiones para proponer mejoras a PSU y Ranking de Notas"}]},{"@type":"WebSite","@id":"https:\/\/consejoderectores.cl\/en\/#website","url":"https:\/\/consejoderectores.cl\/en\/","name":"Council of Rectors of Chilean Universities","description":"","publisher":{"@id":"https:\/\/consejoderectores.cl\/en\/#organization"},"potentialAction":[{"@type":"SearchAction","target":{"@type":"EntryPoint","urlTemplate":"https:\/\/consejoderectores.cl\/en\/?s={search_term_string}"},"query-input":{"@type":"PropertyValueSpecification","valueRequired":true,"valueName":"search_term_string"}}],"inLanguage":"en-US"},{"@type":"Organization","@id":"https:\/\/consejoderectores.cl\/en\/#organization","name":"Council of Rectors of Chilean Universities","url":"https:\/\/consejoderectores.cl\/en\/","logo":{"@type":"ImageObject","inLanguage":"en-US","@id":"https:\/\/consejoderectores.cl\/en\/#\/schema\/logo\/image\/","url":"https:\/\/consejoderectores.cl\/wp-content\/uploads\/2025\/12\/logoheader_2025.png","contentUrl":"https:\/\/consejoderectores.cl\/wp-content\/uploads\/2025\/12\/logoheader_2025.png","width":666,"height":305,"caption":"Consejo de Rectoras y Rectores de las Universidades Chilenas"},"image":{"@id":"https:\/\/consejoderectores.cl\/en\/#\/schema\/logo\/image\/"},"sameAs":["https:\/\/x.com\/CRUCH_cl","https:\/\/www.instagram.com\/consejoderectores\/","https:\/\/www.linkedin.com\/company\/cruch\/","https:\/\/www.youtube.com\/channel\/UCzgIFRCsDlKoFpimiQmEaOA"]},{"@type":"Person","@id":"https:\/\/consejoderectores.cl\/en\/#\/schema\/person\/d863e44afde067fd4b57fac66ced709e","name":"Council of Rectors of Chilean Universities","image":{"@type":"ImageObject","inLanguage":"en-US","@id":"https:\/\/consejoderectores.cl\/en\/#\/schema\/person\/image\/","url":"https:\/\/secure.gravatar.com\/avatar\/c31e2a02401f041926afb8ee21ab666f0925814fe85d25a5c8db80e23722dfc1?s=96&d=mm&r=g","contentUrl":"https:\/\/secure.gravatar.com\/avatar\/c31e2a02401f041926afb8ee21ab666f0925814fe85d25a5c8db80e23722dfc1?s=96&d=mm&r=g","caption":"Consejo de Rectores de las Universidades Chilenas"},"sameAs":["https:\/\/www.consejoderectores.cl"],"url":"https:\/\/consejoderectores.cl\/en\/author\/cruch\/"}]}},"_links":{"self":[{"href":"https:\/\/consejoderectores.cl\/en\/wp-json\/wp\/v2\/posts\/1240","targetHints":{"allow":["GET"]}}],"collection":[{"href":"https:\/\/consejoderectores.cl\/en\/wp-json\/wp\/v2\/posts"}],"about":[{"href":"https:\/\/consejoderectores.cl\/en\/wp-json\/wp\/v2\/types\/post"}],"author":[{"embeddable":true,"href":"https:\/\/consejoderectores.cl\/en\/wp-json\/wp\/v2\/users\/1"}],"replies":[{"embeddable":true,"href":"https:\/\/consejoderectores.cl\/en\/wp-json\/wp\/v2\/comments?post=1240"}],"version-history":[{"count":3,"href":"https:\/\/consejoderectores.cl\/en\/wp-json\/wp\/v2\/posts\/1240\/revisions"}],"predecessor-version":[{"id":5793,"href":"https:\/\/consejoderectores.cl\/en\/wp-json\/wp\/v2\/posts\/1240\/revisions\/5793"}],"wp:featuredmedia":[{"embeddable":true,"href":"https:\/\/consejoderectores.cl\/en\/wp-json\/wp\/v2\/media\/3592"}],"wp:attachment":[{"href":"https:\/\/consejoderectores.cl\/en\/wp-json\/wp\/v2\/media?parent=1240"}],"wp:term":[{"taxonomy":"category","embeddable":true,"href":"https:\/\/consejoderectores.cl\/en\/wp-json\/wp\/v2\/categories?post=1240"},{"taxonomy":"post_tag","embeddable":true,"href":"https:\/\/consejoderectores.cl\/en\/wp-json\/wp\/v2\/tags?post=1240"}],"curies":[{"name":"wp","href":"https:\/\/api.w.org\/{rel}","templated":true}]}}