{"id":12381,"date":"2025-01-31T07:53:00","date_gmt":"2025-01-31T07:53:00","guid":{"rendered":"https:\/\/consejoderectores.cl\/?p=12381"},"modified":"2025-02-05T20:42:22","modified_gmt":"2025-02-05T20:42:22","slug":"historica-participacion-de-mujeres-en-el-cruch-siete-rectoras-integraran-este-organismo-de-educacion-superior","status":"publish","type":"post","link":"https:\/\/consejoderectores.cl\/en\/2025\/01\/31\/historica-participacion-de-mujeres-en-el-cruch-siete-rectoras-integraran-este-organismo-de-educacion-superior\/","title":{"rendered":"Historic participation of women in CRUCH: seven female rectors will be part of this higher education body"},"content":{"rendered":"<blockquote><p><strong>With the addition of Mar\u00eda Cecilia Hern\u00e1ndez (UCN) and Marcela Momberg (UCT), the Council of Rectors of Chilean Universities (CRUCH) will reach its highest level of female representation in its more than 70-year history. Executive Vice President Emilio Rodr\u00edguez highlighted this progress as a reflection of the universities&#039; commitment to gender equality.<\/strong><\/p>\n<p><strong>The current rectors, Rosa Dev\u00e9s (UChile), Luperfina Rojas (ULS), Elisa Araya (UMCE), Marisol Dur\u00e1n (UTEM) and Fernanda Kri (UOH), celebrate the arrival of the new members and agree that it will bring diversity to the leadership and management of the Council.<\/strong><\/p><\/blockquote>\n<p>At the next plenary session of the Council of Rectors of Chilean Universities (CRUCH), on Thursday, March 27, two new rectors will be integrated: Mar\u00eda Cecilia Hern\u00e1ndez, from the Catholic University of the North (UCN) and Marcela Momberg, from the Catholic University of Temuco (UCT), both recently elected in their respective academic institutions.<\/p>\n<p>Together with the five female rectors who are currently part of the Council, there will be 7 in total, a historic number in the more than 70-year history of this higher education organization.<\/p>\n<p>The rectors <strong>Rosa Dev\u00e9s from the University of Chile (UChile), Luperfina Rojas from the University of La Serena (ULS), Elisa Araya from the Metropolitan University of Educational Sciences (UMCE), Marisol Dur\u00e1n from the Metropolitan Technological University (UTEM), Fernanda Kri from the University of O&#039;Higgins, and the executive vice president of CRUCH, Emilio Rodr\u00edguez<\/strong>, They celebrate the arrival and anticipate that their participation will bring diversity to the leadership and management of the Council.<\/p>\n<p>For the <strong>Rector of the University of Chile, Rosa Dev\u00e9s<\/strong>, \u201cThe addition of two new female rectors to CRUCH is great news, because they are outstanding academics with extensive experience in university management, which will serve as an incentive for new female leaders.\u201d.<\/p>\n<p>The r<strong>UOH rector, Fernanda Kri<\/strong>, She, who also serves on the CRUCH Gender Equality Commission, maintains that \u201cit is very important that today we have a greater number of female rectors, because CRUCH is an institution that brings together universities of different types, where we have always highly valued diversity. However, for a long time they were only men. That has been changing in recent years and we hope it continues to do so.\u201d.<\/p>\n<p>For his part, the <strong>Executive Vice President and Rector of the University of Tarapac\u00e1 (UTA), Emilio Rodr\u00edguez<\/strong>, She believes that \u201cthis is a significant step that demonstrates how our universities are progressing in gender equality. Each female rector, both current and recently elected, serves as a role model, illuminating the hopes of thousands of people who see in their example that doors can be opened, and that they are being opened.\u201d.<\/p>\n<p>Meanwhile, the <strong>UMCE Rector, Elisa Araya<\/strong>, She points out that it is an important step \u201cbecause we have been underrepresented and now we are beginning to be more present. This is also a message to the female academics at our universities so that they feel that the path of management, administration, deans, vice-rectors and rectors is also a path that belongs to them.\u201d.<\/p>\n<p>Along the same lines, the<strong> Rector of the ULS, Luperfina Rojas<\/strong>, says that \u201cit is a significant step towards gender equality in Higher Education institutions, responding to a historical demand for a fairer and more diverse arrangement in decision-making spaces.\u201d.<\/p>\n<p>The <strong>UTEM Rector, Marisol Dur\u00e1n<\/strong>, She highlights that \u201cit is a historic milestone, as it will be the first time in the history of the Council of Rectors, we are talking about 1954, more than 70 years, that seven women will be part of the Council, <a href=\"https:\/\/consejoderectores.cl\/en\/el-consejo\/rectores-del-cruch\/\">out of a total of 30 members<\/a>. He adds that \u201cthis composition of the CRUCH was unthinkable ten years ago. This has been possible after the mobilizations of 2018 and 2019, due to the great demands that have existed in our country and worldwide.\u201d.<\/p>\n<p><strong>Starting point<\/strong><\/p>\n<p>From the perspective of the rector of the ULS, \u201cthis progress should be considered as a starting point and not as an end, since there is still a long way to go in promoting gender policies that strengthen the participation and development of female leadership at all levels of Chilean universities.\u201d.<\/p>\n<p>Along the same lines, the rector of the University of Chile emphasizes that \u201cwhile we are still far from parity, each new female rector contributes significantly to gender equity in this important institution, reducing the inconsistency between our pro-equality rhetoric and reality.\u201d The rector of the University of O&#039;Higgins agrees, also stating that \u201cwe still have a long way to go to achieve parity, but we are making progress on a path that is never easy.\u201d.<\/p>\n<p>The rector of UTEM states that \u201cthe results observed in different institutions are a consequence of public policy on gender equality and also respond to demands that have long been present in our society. In this sense, universities are adapting to the expectations of our country.\u201d An example of this is her participation in the Executive Committee of CRUCH, \u201cbecause thanks to the support and conviction of the five rectors, I am representing the more inclusive and diverse perspectives of the women who are part of the Council.\u201d.<\/p>\n<p><strong>New dynamics and leadership styles<\/strong><\/p>\n<p>There is convergence in the positions of the rectors and the executive vice president regarding the effects that this new configuration of the plenary will have.<\/p>\n<p>Rector Emilio Rodr\u00edguez comments that \u201cinternational evidence and the state of the art show that decision-making processes improve significantly in their design and implementation when there is gender diversity. In turn, gender diversity builds harmony, commitment, and relationships of trust, based on substantive aspects and a holistic perspective.\u201d.<\/p>\n<p>According to the rector of the University of Chile, &quot;the diversity of perspectives and experiences can only enrich management, so these changes can only be seen as something very positive.&quot;.<\/p>\n<p>According to the rectors Marisol Dur\u00e1n (UTEM), Luperfina Rojas (ULS) and Fernanda Kri (UOH), the presence of more female rectors will enrich the debate and decision-making.<\/p>\n<p>\u201cThe participation of five female rectors in CRUCH has already had a positive impact on the Council&#039;s dynamics, since it has promoted more collaborative leadership styles, which has fostered consensus building and a more comprehensive vision in decision-making,\u201d says Rector Rojas.<\/p>\n<p>Rector Dur\u00e1n adds that in decision-making, \u201cgender perspectives, more inclusive and more diverse approaches can be introduced, with a positive impact also on the organizational culture of the Council.\u201d.<\/p>\n<p>Regarding leadership styles, the rector of UOH states that \u201cwomen have leadership styles that are different from those of men, we have different perspectives on solving problems, and these perspectives will enrich the decisions made in the Council, so I am sure it will be a tremendous contribution.\u201d.<\/p>\n<p>Finally, the rector of UMCE recalls that in <a href=\"https:\/\/consejoderectores.cl\/en\/2023\/01\/12\/cruch-aprueba-de-forma-unanime-cambio-de-nombre-a-consejo-de-rectoras-y-rectores\/\">In 2023, the plenary session adopted the decision to change the name of the Council<\/a>, incorporating the word \u201cRectors\u201d. \u201cOur fellow rectors, when making the decision to add rectors to the name, publicly acknowledged the importance and the different perspectives that women bring when they are in management positions.\u201d.<\/p>\n<p><strong>The new rectors<\/strong><\/p>\n<p>Mar\u00eda Cecilia Hern\u00e1ndez will be the first woman to assume the position of rector at the Catholic University of the North. The ceremony will take place on March 10 and will mark the beginning of her five-year term (2025\u20132029).<\/p>\n<p>The current dean of the Faculty of Engineering and Geological Sciences, a metallurgical civil engineer from the University of Concepci\u00f3n and a PhD in Chemistry from the University of Barcelona (Spain), has worked at the university for the past 11 years, where she has held positions such as director of the Department of Metallurgical and Mining Engineering (DIMM) and vice-rector of Research and Technological Development. She has also participated in numerous scientific and research projects.<\/p>\n<p>Meanwhile, the new rector of the Catholic University of Temuco, Marcela Momberg, will assume her position on March 17 for the same term (2025-2029). She is the current vice-rector and professor in the Faculty of Law, Economics, and Administration, and has 29 years of experience in higher education.<\/p>\n<p>She is a lawyer, holds a degree in Legal and Social Sciences (Universidad Finis Terrae) and a Master&#039;s degree in Private Law (Universidad de Concepci\u00f3n), in addition to several diplomas.<\/p>\n<p>At UCT, she has held various positions and coordinated several processes, including institutional accreditation, cross-cutting institutional policies, and initiatives aligned with the 2030 Institutional Development Plan, focusing on areas such as quality assurance, sustainability, and digital transformation. She has also represented the university in national and international networks.<\/p>\n<p>Momberg will be the second woman to lead the university in its 65-year history. The first was Rector M\u00f3nica Jim\u00e9nez \u2013 from 2004 to 2008 \u2013 who was also the first woman to join the Council of Rectors of Chilean Universities (CRUCH).<\/p>\n<p><strong>Text: CRUCH Communications<\/strong><\/p>","protected":false},"excerpt":{"rendered":"<p>Con la incorporaci\u00f3n de Mar\u00eda Cecilia Hern\u00e1ndez (UCN) y Marcela Momberg (UCT), el Consejo de Rectoras y Rectores de las Universidades Chilenas (CRUCH) alcanzar\u00e1 la mayor presencia de mujeres en sus m\u00e1s de 70 a\u00f1os de historia. El vicepresidente ejecutivo, Emilio Rodr\u00edguez, destac\u00f3 este avance como un reflejo del compromiso de las universidades con la [&hellip;]<\/p>\n","protected":false},"author":1,"featured_media":12383,"comment_status":"open","ping_status":"open","sticky":false,"template":"","format":"standard","meta":{"_acf_changed":false,"footnotes":""},"categories":[3,13],"tags":[],"class_list":["post-12381","post","type-post","status-publish","format-standard","has-post-thumbnail","hentry","category-noticias","category-noticias-carrusel"],"acf":[],"yoast_head":"<!-- This site is optimized with the Yoast SEO plugin v27.1.1 - https:\/\/yoast.com\/product\/yoast-seo-wordpress\/ -->\n<title>Hist\u00f3rica participaci\u00f3n de mujeres en el CRUCH: siete rectoras integrar\u00e1n este organismo de educaci\u00f3n superior - Consejo de Rectoras y Rectores de las Universidades Chilenas<\/title>\n<meta name=\"robots\" content=\"index, follow, max-snippet:-1, max-image-preview:large, max-video-preview:-1\" \/>\n<link rel=\"canonical\" href=\"http:\/\/consejoderectores.cl\/en\/2025\/01\/31\/historica-participacion-de-mujeres-en-el-cruch-siete-rectoras-integraran-este-organismo-de-educacion-superior\/\" \/>\n<meta property=\"og:locale\" content=\"en_US\" \/>\n<meta property=\"og:type\" content=\"article\" \/>\n<meta property=\"og:title\" content=\"Hist\u00f3rica participaci\u00f3n de mujeres en el CRUCH: siete rectoras integrar\u00e1n este organismo de educaci\u00f3n superior - Consejo de Rectoras y Rectores de las Universidades Chilenas\" \/>\n<meta property=\"og:description\" content=\"Con la incorporaci\u00f3n de Mar\u00eda Cecilia Hern\u00e1ndez (UCN) y Marcela Momberg (UCT), el Consejo de Rectoras y Rectores de las Universidades Chilenas (CRUCH) alcanzar\u00e1 la mayor presencia de mujeres en sus m\u00e1s de 70 a\u00f1os de historia. El vicepresidente ejecutivo, Emilio Rodr\u00edguez, destac\u00f3 este avance como un reflejo del compromiso de las universidades con la [&hellip;]\" \/>\n<meta property=\"og:url\" content=\"http:\/\/consejoderectores.cl\/en\/2025\/01\/31\/historica-participacion-de-mujeres-en-el-cruch-siete-rectoras-integraran-este-organismo-de-educacion-superior\/\" \/>\n<meta property=\"og:site_name\" content=\"Consejo de Rectoras y Rectores de las Universidades Chilenas\" \/>\n<meta property=\"article:published_time\" content=\"2025-01-31T07:53:00+00:00\" \/>\n<meta property=\"article:modified_time\" content=\"2025-02-05T20:42:22+00:00\" \/>\n<meta property=\"og:image\" content=\"https:\/\/consejoderectores.cl\/wp-content\/uploads\/2025\/01\/2-nuevas-rectoras-en-CRUCH-1024x429.png\" \/>\n\t<meta property=\"og:image:width\" content=\"1024\" \/>\n\t<meta property=\"og:image:height\" content=\"429\" \/>\n\t<meta property=\"og:image:type\" content=\"image\/png\" \/>\n<meta name=\"author\" content=\"Consejo de Rectores de las Universidades Chilenas\" \/>\n<meta name=\"twitter:card\" content=\"summary_large_image\" \/>\n<meta name=\"twitter:creator\" content=\"@CRUCH_cl\" \/>\n<meta name=\"twitter:site\" content=\"@CRUCH_cl\" \/>\n<meta name=\"twitter:label1\" content=\"Written by\" \/>\n\t<meta name=\"twitter:data1\" content=\"Consejo de Rectores de las Universidades Chilenas\" \/>\n\t<meta name=\"twitter:label2\" content=\"Est. reading time\" \/>\n\t<meta name=\"twitter:data2\" content=\"7 minutes\" \/>\n<script type=\"application\/ld+json\" class=\"yoast-schema-graph\">{\"@context\":\"https:\/\/schema.org\",\"@graph\":[{\"@type\":\"Article\",\"@id\":\"http:\/\/consejoderectores.cl\/en\/2025\/01\/31\/historica-participacion-de-mujeres-en-el-cruch-siete-rectoras-integraran-este-organismo-de-educacion-superior\/#article\",\"isPartOf\":{\"@id\":\"http:\/\/consejoderectores.cl\/en\/2025\/01\/31\/historica-participacion-de-mujeres-en-el-cruch-siete-rectoras-integraran-este-organismo-de-educacion-superior\/\"},\"author\":{\"name\":\"Consejo de Rectores de las Universidades Chilenas\",\"@id\":\"https:\/\/consejoderectores.cl\/en\/#\/schema\/person\/d863e44afde067fd4b57fac66ced709e\"},\"headline\":\"Hist\u00f3rica participaci\u00f3n de mujeres en el CRUCH: siete rectoras integrar\u00e1n este organismo de educaci\u00f3n superior\",\"datePublished\":\"2025-01-31T07:53:00+00:00\",\"dateModified\":\"2025-02-05T20:42:22+00:00\",\"mainEntityOfPage\":{\"@id\":\"http:\/\/consejoderectores.cl\/en\/2025\/01\/31\/historica-participacion-de-mujeres-en-el-cruch-siete-rectoras-integraran-este-organismo-de-educacion-superior\/\"},\"wordCount\":1682,\"commentCount\":0,\"publisher\":{\"@id\":\"https:\/\/consejoderectores.cl\/en\/#organization\"},\"image\":{\"@id\":\"http:\/\/consejoderectores.cl\/en\/2025\/01\/31\/historica-participacion-de-mujeres-en-el-cruch-siete-rectoras-integraran-este-organismo-de-educacion-superior\/#primaryimage\"},\"thumbnailUrl\":\"https:\/\/consejoderectores.cl\/wp-content\/uploads\/2025\/01\/2-nuevas-rectoras-en-CRUCH.png\",\"articleSection\":[\"Noticias\",\"Noticias Carrusel\"],\"inLanguage\":\"en-US\",\"potentialAction\":[{\"@type\":\"CommentAction\",\"name\":\"Comment\",\"target\":[\"http:\/\/consejoderectores.cl\/en\/2025\/01\/31\/historica-participacion-de-mujeres-en-el-cruch-siete-rectoras-integraran-este-organismo-de-educacion-superior\/#respond\"]}]},{\"@type\":\"WebPage\",\"@id\":\"http:\/\/consejoderectores.cl\/en\/2025\/01\/31\/historica-participacion-de-mujeres-en-el-cruch-siete-rectoras-integraran-este-organismo-de-educacion-superior\/\",\"url\":\"http:\/\/consejoderectores.cl\/en\/2025\/01\/31\/historica-participacion-de-mujeres-en-el-cruch-siete-rectoras-integraran-este-organismo-de-educacion-superior\/\",\"name\":\"Hist\u00f3rica participaci\u00f3n de mujeres en el CRUCH: siete rectoras integrar\u00e1n este organismo de educaci\u00f3n superior - Consejo de Rectoras y Rectores de las Universidades Chilenas\",\"isPartOf\":{\"@id\":\"https:\/\/consejoderectores.cl\/en\/#website\"},\"primaryImageOfPage\":{\"@id\":\"http:\/\/consejoderectores.cl\/en\/2025\/01\/31\/historica-participacion-de-mujeres-en-el-cruch-siete-rectoras-integraran-este-organismo-de-educacion-superior\/#primaryimage\"},\"image\":{\"@id\":\"http:\/\/consejoderectores.cl\/en\/2025\/01\/31\/historica-participacion-de-mujeres-en-el-cruch-siete-rectoras-integraran-este-organismo-de-educacion-superior\/#primaryimage\"},\"thumbnailUrl\":\"https:\/\/consejoderectores.cl\/wp-content\/uploads\/2025\/01\/2-nuevas-rectoras-en-CRUCH.png\",\"datePublished\":\"2025-01-31T07:53:00+00:00\",\"dateModified\":\"2025-02-05T20:42:22+00:00\",\"breadcrumb\":{\"@id\":\"http:\/\/consejoderectores.cl\/en\/2025\/01\/31\/historica-participacion-de-mujeres-en-el-cruch-siete-rectoras-integraran-este-organismo-de-educacion-superior\/#breadcrumb\"},\"inLanguage\":\"en-US\",\"potentialAction\":[{\"@type\":\"ReadAction\",\"target\":[\"http:\/\/consejoderectores.cl\/en\/2025\/01\/31\/historica-participacion-de-mujeres-en-el-cruch-siete-rectoras-integraran-este-organismo-de-educacion-superior\/\"]}]},{\"@type\":\"ImageObject\",\"inLanguage\":\"en-US\",\"@id\":\"http:\/\/consejoderectores.cl\/en\/2025\/01\/31\/historica-participacion-de-mujeres-en-el-cruch-siete-rectoras-integraran-este-organismo-de-educacion-superior\/#primaryimage\",\"url\":\"https:\/\/consejoderectores.cl\/wp-content\/uploads\/2025\/01\/2-nuevas-rectoras-en-CRUCH.png\",\"contentUrl\":\"https:\/\/consejoderectores.cl\/wp-content\/uploads\/2025\/01\/2-nuevas-rectoras-en-CRUCH.png\",\"width\":2880,\"height\":1206},{\"@type\":\"BreadcrumbList\",\"@id\":\"http:\/\/consejoderectores.cl\/en\/2025\/01\/31\/historica-participacion-de-mujeres-en-el-cruch-siete-rectoras-integraran-este-organismo-de-educacion-superior\/#breadcrumb\",\"itemListElement\":[{\"@type\":\"ListItem\",\"position\":1,\"name\":\"Home\",\"item\":\"https:\/\/consejoderectores.cl\/\"},{\"@type\":\"ListItem\",\"position\":2,\"name\":\"Hist\u00f3rica participaci\u00f3n de mujeres en el CRUCH: siete rectoras integrar\u00e1n este organismo de educaci\u00f3n superior\"}]},{\"@type\":\"WebSite\",\"@id\":\"https:\/\/consejoderectores.cl\/en\/#website\",\"url\":\"https:\/\/consejoderectores.cl\/en\/\",\"name\":\"Consejo de Rectoras y Rectores de las Universidades Chilenas\",\"description\":\"\",\"publisher\":{\"@id\":\"https:\/\/consejoderectores.cl\/en\/#organization\"},\"potentialAction\":[{\"@type\":\"SearchAction\",\"target\":{\"@type\":\"EntryPoint\",\"urlTemplate\":\"https:\/\/consejoderectores.cl\/en\/?s={search_term_string}\"},\"query-input\":{\"@type\":\"PropertyValueSpecification\",\"valueRequired\":true,\"valueName\":\"search_term_string\"}}],\"inLanguage\":\"en-US\"},{\"@type\":\"Organization\",\"@id\":\"https:\/\/consejoderectores.cl\/en\/#organization\",\"name\":\"Consejo de Rectoras y Rectores de las Universidades Chilenas\",\"url\":\"https:\/\/consejoderectores.cl\/en\/\",\"logo\":{\"@type\":\"ImageObject\",\"inLanguage\":\"en-US\",\"@id\":\"https:\/\/consejoderectores.cl\/en\/#\/schema\/logo\/image\/\",\"url\":\"https:\/\/consejoderectores.cl\/wp-content\/uploads\/2025\/12\/logoheader_2025.png\",\"contentUrl\":\"https:\/\/consejoderectores.cl\/wp-content\/uploads\/2025\/12\/logoheader_2025.png\",\"width\":666,\"height\":305,\"caption\":\"Consejo de Rectoras y Rectores de las Universidades Chilenas\"},\"image\":{\"@id\":\"https:\/\/consejoderectores.cl\/en\/#\/schema\/logo\/image\/\"},\"sameAs\":[\"https:\/\/x.com\/CRUCH_cl\",\"https:\/\/www.instagram.com\/consejoderectores\/\",\"https:\/\/www.linkedin.com\/company\/cruch\/\",\"https:\/\/www.youtube.com\/channel\/UCzgIFRCsDlKoFpimiQmEaOA\"]},{\"@type\":\"Person\",\"@id\":\"https:\/\/consejoderectores.cl\/en\/#\/schema\/person\/d863e44afde067fd4b57fac66ced709e\",\"name\":\"Consejo de Rectores de las Universidades Chilenas\",\"image\":{\"@type\":\"ImageObject\",\"inLanguage\":\"en-US\",\"@id\":\"https:\/\/consejoderectores.cl\/en\/#\/schema\/person\/image\/\",\"url\":\"https:\/\/secure.gravatar.com\/avatar\/c31e2a02401f041926afb8ee21ab666f0925814fe85d25a5c8db80e23722dfc1?s=96&d=mm&r=g\",\"contentUrl\":\"https:\/\/secure.gravatar.com\/avatar\/c31e2a02401f041926afb8ee21ab666f0925814fe85d25a5c8db80e23722dfc1?s=96&d=mm&r=g\",\"caption\":\"Consejo de Rectores de las Universidades Chilenas\"},\"sameAs\":[\"https:\/\/www.consejoderectores.cl\"],\"url\":\"https:\/\/consejoderectores.cl\/en\/author\/cruch\/\"}]}<\/script>\n<!-- \/ Yoast SEO plugin. -->","yoast_head_json":{"title":"Hist\u00f3rica participaci\u00f3n de mujeres en el CRUCH: siete rectoras integrar\u00e1n este organismo de educaci\u00f3n superior - Consejo de Rectoras y Rectores de las Universidades Chilenas","robots":{"index":"index","follow":"follow","max-snippet":"max-snippet:-1","max-image-preview":"max-image-preview:large","max-video-preview":"max-video-preview:-1"},"canonical":"http:\/\/consejoderectores.cl\/en\/2025\/01\/31\/historica-participacion-de-mujeres-en-el-cruch-siete-rectoras-integraran-este-organismo-de-educacion-superior\/","og_locale":"en_US","og_type":"article","og_title":"Hist\u00f3rica participaci\u00f3n de mujeres en el CRUCH: siete rectoras integrar\u00e1n este organismo de educaci\u00f3n superior - Consejo de Rectoras y Rectores de las Universidades Chilenas","og_description":"Con la incorporaci\u00f3n de Mar\u00eda Cecilia Hern\u00e1ndez (UCN) y Marcela Momberg (UCT), el Consejo de Rectoras y Rectores de las Universidades Chilenas (CRUCH) alcanzar\u00e1 la mayor presencia de mujeres en sus m\u00e1s de 70 a\u00f1os de historia. El vicepresidente ejecutivo, Emilio Rodr\u00edguez, destac\u00f3 este avance como un reflejo del compromiso de las universidades con la [&hellip;]","og_url":"http:\/\/consejoderectores.cl\/en\/2025\/01\/31\/historica-participacion-de-mujeres-en-el-cruch-siete-rectoras-integraran-este-organismo-de-educacion-superior\/","og_site_name":"Consejo de Rectoras y Rectores de las Universidades Chilenas","article_published_time":"2025-01-31T07:53:00+00:00","article_modified_time":"2025-02-05T20:42:22+00:00","og_image":[{"width":1024,"height":429,"url":"https:\/\/consejoderectores.cl\/wp-content\/uploads\/2025\/01\/2-nuevas-rectoras-en-CRUCH-1024x429.png","type":"image\/png"}],"author":"Consejo de Rectores de las Universidades Chilenas","twitter_card":"summary_large_image","twitter_creator":"@CRUCH_cl","twitter_site":"@CRUCH_cl","twitter_misc":{"Written by":"Consejo de Rectores de las Universidades Chilenas","Est. reading time":"7 minutes"},"schema":{"@context":"https:\/\/schema.org","@graph":[{"@type":"Article","@id":"http:\/\/consejoderectores.cl\/en\/2025\/01\/31\/historica-participacion-de-mujeres-en-el-cruch-siete-rectoras-integraran-este-organismo-de-educacion-superior\/#article","isPartOf":{"@id":"http:\/\/consejoderectores.cl\/en\/2025\/01\/31\/historica-participacion-de-mujeres-en-el-cruch-siete-rectoras-integraran-este-organismo-de-educacion-superior\/"},"author":{"name":"Consejo de Rectores de las Universidades Chilenas","@id":"https:\/\/consejoderectores.cl\/en\/#\/schema\/person\/d863e44afde067fd4b57fac66ced709e"},"headline":"Hist\u00f3rica participaci\u00f3n de mujeres en el CRUCH: siete rectoras integrar\u00e1n este organismo de educaci\u00f3n superior","datePublished":"2025-01-31T07:53:00+00:00","dateModified":"2025-02-05T20:42:22+00:00","mainEntityOfPage":{"@id":"http:\/\/consejoderectores.cl\/en\/2025\/01\/31\/historica-participacion-de-mujeres-en-el-cruch-siete-rectoras-integraran-este-organismo-de-educacion-superior\/"},"wordCount":1682,"commentCount":0,"publisher":{"@id":"https:\/\/consejoderectores.cl\/en\/#organization"},"image":{"@id":"http:\/\/consejoderectores.cl\/en\/2025\/01\/31\/historica-participacion-de-mujeres-en-el-cruch-siete-rectoras-integraran-este-organismo-de-educacion-superior\/#primaryimage"},"thumbnailUrl":"https:\/\/consejoderectores.cl\/wp-content\/uploads\/2025\/01\/2-nuevas-rectoras-en-CRUCH.png","articleSection":["Noticias","Noticias Carrusel"],"inLanguage":"en-US","potentialAction":[{"@type":"CommentAction","name":"Comment","target":["http:\/\/consejoderectores.cl\/en\/2025\/01\/31\/historica-participacion-de-mujeres-en-el-cruch-siete-rectoras-integraran-este-organismo-de-educacion-superior\/#respond"]}]},{"@type":"WebPage","@id":"http:\/\/consejoderectores.cl\/en\/2025\/01\/31\/historica-participacion-de-mujeres-en-el-cruch-siete-rectoras-integraran-este-organismo-de-educacion-superior\/","url":"http:\/\/consejoderectores.cl\/en\/2025\/01\/31\/historica-participacion-de-mujeres-en-el-cruch-siete-rectoras-integraran-este-organismo-de-educacion-superior\/","name":"Hist\u00f3rica participaci\u00f3n de mujeres en el CRUCH: siete rectoras integrar\u00e1n este organismo de educaci\u00f3n superior - Consejo de Rectoras y Rectores de las Universidades Chilenas","isPartOf":{"@id":"https:\/\/consejoderectores.cl\/en\/#website"},"primaryImageOfPage":{"@id":"http:\/\/consejoderectores.cl\/en\/2025\/01\/31\/historica-participacion-de-mujeres-en-el-cruch-siete-rectoras-integraran-este-organismo-de-educacion-superior\/#primaryimage"},"image":{"@id":"http:\/\/consejoderectores.cl\/en\/2025\/01\/31\/historica-participacion-de-mujeres-en-el-cruch-siete-rectoras-integraran-este-organismo-de-educacion-superior\/#primaryimage"},"thumbnailUrl":"https:\/\/consejoderectores.cl\/wp-content\/uploads\/2025\/01\/2-nuevas-rectoras-en-CRUCH.png","datePublished":"2025-01-31T07:53:00+00:00","dateModified":"2025-02-05T20:42:22+00:00","breadcrumb":{"@id":"http:\/\/consejoderectores.cl\/en\/2025\/01\/31\/historica-participacion-de-mujeres-en-el-cruch-siete-rectoras-integraran-este-organismo-de-educacion-superior\/#breadcrumb"},"inLanguage":"en-US","potentialAction":[{"@type":"ReadAction","target":["http:\/\/consejoderectores.cl\/en\/2025\/01\/31\/historica-participacion-de-mujeres-en-el-cruch-siete-rectoras-integraran-este-organismo-de-educacion-superior\/"]}]},{"@type":"ImageObject","inLanguage":"en-US","@id":"http:\/\/consejoderectores.cl\/en\/2025\/01\/31\/historica-participacion-de-mujeres-en-el-cruch-siete-rectoras-integraran-este-organismo-de-educacion-superior\/#primaryimage","url":"https:\/\/consejoderectores.cl\/wp-content\/uploads\/2025\/01\/2-nuevas-rectoras-en-CRUCH.png","contentUrl":"https:\/\/consejoderectores.cl\/wp-content\/uploads\/2025\/01\/2-nuevas-rectoras-en-CRUCH.png","width":2880,"height":1206},{"@type":"BreadcrumbList","@id":"http:\/\/consejoderectores.cl\/en\/2025\/01\/31\/historica-participacion-de-mujeres-en-el-cruch-siete-rectoras-integraran-este-organismo-de-educacion-superior\/#breadcrumb","itemListElement":[{"@type":"ListItem","position":1,"name":"Home","item":"https:\/\/consejoderectores.cl\/"},{"@type":"ListItem","position":2,"name":"Hist\u00f3rica participaci\u00f3n de mujeres en el CRUCH: siete rectoras integrar\u00e1n este organismo de educaci\u00f3n superior"}]},{"@type":"WebSite","@id":"https:\/\/consejoderectores.cl\/en\/#website","url":"https:\/\/consejoderectores.cl\/en\/","name":"Council of Rectors of Chilean Universities","description":"","publisher":{"@id":"https:\/\/consejoderectores.cl\/en\/#organization"},"potentialAction":[{"@type":"SearchAction","target":{"@type":"EntryPoint","urlTemplate":"https:\/\/consejoderectores.cl\/en\/?s={search_term_string}"},"query-input":{"@type":"PropertyValueSpecification","valueRequired":true,"valueName":"search_term_string"}}],"inLanguage":"en-US"},{"@type":"Organization","@id":"https:\/\/consejoderectores.cl\/en\/#organization","name":"Council of Rectors of Chilean Universities","url":"https:\/\/consejoderectores.cl\/en\/","logo":{"@type":"ImageObject","inLanguage":"en-US","@id":"https:\/\/consejoderectores.cl\/en\/#\/schema\/logo\/image\/","url":"https:\/\/consejoderectores.cl\/wp-content\/uploads\/2025\/12\/logoheader_2025.png","contentUrl":"https:\/\/consejoderectores.cl\/wp-content\/uploads\/2025\/12\/logoheader_2025.png","width":666,"height":305,"caption":"Consejo de Rectoras y Rectores de las Universidades Chilenas"},"image":{"@id":"https:\/\/consejoderectores.cl\/en\/#\/schema\/logo\/image\/"},"sameAs":["https:\/\/x.com\/CRUCH_cl","https:\/\/www.instagram.com\/consejoderectores\/","https:\/\/www.linkedin.com\/company\/cruch\/","https:\/\/www.youtube.com\/channel\/UCzgIFRCsDlKoFpimiQmEaOA"]},{"@type":"Person","@id":"https:\/\/consejoderectores.cl\/en\/#\/schema\/person\/d863e44afde067fd4b57fac66ced709e","name":"Council of Rectors of Chilean Universities","image":{"@type":"ImageObject","inLanguage":"en-US","@id":"https:\/\/consejoderectores.cl\/en\/#\/schema\/person\/image\/","url":"https:\/\/secure.gravatar.com\/avatar\/c31e2a02401f041926afb8ee21ab666f0925814fe85d25a5c8db80e23722dfc1?s=96&d=mm&r=g","contentUrl":"https:\/\/secure.gravatar.com\/avatar\/c31e2a02401f041926afb8ee21ab666f0925814fe85d25a5c8db80e23722dfc1?s=96&d=mm&r=g","caption":"Consejo de Rectores de las Universidades Chilenas"},"sameAs":["https:\/\/www.consejoderectores.cl"],"url":"https:\/\/consejoderectores.cl\/en\/author\/cruch\/"}]}},"_links":{"self":[{"href":"https:\/\/consejoderectores.cl\/en\/wp-json\/wp\/v2\/posts\/12381","targetHints":{"allow":["GET"]}}],"collection":[{"href":"https:\/\/consejoderectores.cl\/en\/wp-json\/wp\/v2\/posts"}],"about":[{"href":"https:\/\/consejoderectores.cl\/en\/wp-json\/wp\/v2\/types\/post"}],"author":[{"embeddable":true,"href":"https:\/\/consejoderectores.cl\/en\/wp-json\/wp\/v2\/users\/1"}],"replies":[{"embeddable":true,"href":"https:\/\/consejoderectores.cl\/en\/wp-json\/wp\/v2\/comments?post=12381"}],"version-history":[{"count":3,"href":"https:\/\/consejoderectores.cl\/en\/wp-json\/wp\/v2\/posts\/12381\/revisions"}],"predecessor-version":[{"id":12398,"href":"https:\/\/consejoderectores.cl\/en\/wp-json\/wp\/v2\/posts\/12381\/revisions\/12398"}],"wp:featuredmedia":[{"embeddable":true,"href":"https:\/\/consejoderectores.cl\/en\/wp-json\/wp\/v2\/media\/12383"}],"wp:attachment":[{"href":"https:\/\/consejoderectores.cl\/en\/wp-json\/wp\/v2\/media?parent=12381"}],"wp:term":[{"taxonomy":"category","embeddable":true,"href":"https:\/\/consejoderectores.cl\/en\/wp-json\/wp\/v2\/categories?post=12381"},{"taxonomy":"post_tag","embeddable":true,"href":"https:\/\/consejoderectores.cl\/en\/wp-json\/wp\/v2\/tags?post=12381"}],"curies":[{"name":"wp","href":"https:\/\/api.w.org\/{rel}","templated":true}]}}