{"id":1237,"date":"2013-03-25T00:00:00","date_gmt":"2013-03-25T00:00:00","guid":{"rendered":""},"modified":"2022-01-21T18:27:09","modified_gmt":"2022-01-21T18:27:09","slug":"603c6d8073cbf","status":"publish","type":"post","link":"https:\/\/consejoderectores.cl\/en\/2013\/03\/25\/603c6d8073cbf\/","title":{"rendered":"Seminar on Science and Technology Policy brings together University of Melbourne and CRUCH"},"content":{"rendered":"<blockquote><p>Within the framework of academic and scientific collaboration agreements between the universities of Australia and Chile, a meeting was held on Monday, March 25, at the University of Santiago, between the delegation from the University of Melbourne, headed by its rector Glyn Davis, and academics from the CRUCH universities.<\/p><\/blockquote>\n<p>The purpose of the seminar was to share research and funding strategies, as well as to learn about our realities, strengthen alliances and initiate alternatives for academic collaboration, advancing in common projects in the areas of earth sciences, sustainability, architecture, engineering and climate change.<\/p>\n<p>The meeting was chaired by the executive vice president of CRUCH and rector of the University of Santiago, Juan Manuel Zolezzi, who welcomed attendees, emphasizing that \u201cwe know the importance of Australia and its universities, we are aware of its progress, and we know it is a land of discovery and innovation.\u201d Also participating were Rector Ignacio S\u00e1nchez of the Pontifical Catholic University of Chile and Rector Luis Alberto Loyola of the University of Antofagasta.<\/p>\n<p>The first part of the seminar focused on sharing information about research funding policies and the challenges faced by universities in Chile and Australia in the various areas of higher education.<\/p>\n<p>In his presentation, the Chancellor of the University of Melbourne, Glyn Davies, placed particular emphasis on the future role of universities: will the university of the future continue to be a campus for learning or merely a facilitator of knowledge transmission? He also presented the Coursera e-learning program, which currently offers seven courses to a total of 110,000 enrolled students, thus raising topics for future debate.<\/p>\n<p>The first panel opened with a presentation by Rector Luis Alberto Loyola on the development of scientific research at CRUCH universities, followed by a presentation by the president of the National Commission of Science and Technology (CONICYT), Jos\u00e9 Miguel Aguilera, who presented the research funding policy for science and technology at this institution.<\/p>\n<p>A presentation was also given by the Production Development Corporation (CORFO), led by the Deputy Director of Technology Transfer, Dar\u00edo Morales, on the InnovaChile program. This first panel concluded with a presentation by the Director of the Center of Excellence in Nanoscience (CEDENNA), Dora Altbir, who highlighted the successful advances in nanoscience and nanotechnology achieved through the Collaborative Research Program.<\/p>\n<p>The second panel was led by academics from the University of Melbourne, with Vice-Chancellor for Research Jim McCluskey opening with a presentation on the possibilities of collaboration in scientific research between UMEL and the CRUCH universities.<\/p>\n<p>Next, four academics gave brief presentations in their respective areas: Rick Roush in Agriculture and Environment; Tom Kvan in Architecture; Iven Mareels in Engineering; and Rod Keenan in Climate Change.<\/p>\n<p>After sharing lunch, the second part of the meeting began with four parallel workshops, in which Australian and Chilean academics shared their experiences focused on four themes: agriculture and the environment, architecture, engineering, and climate change. These workshops facilitated direct contact between academics in their respective fields to explore possibilities for future collaborations and thus enhance scientific research.<\/p>\n<p>At the close of this seminar, the dialogue between researchers was valued, which allows new projects to emerge, recalling the words of Rector Zolezzi, &quot;that our responsibility as universities is not only the generation and dissemination of knowledge, but that knowledge becomes practical and improves the quality of life of citizens.&quot;.<\/p>\n<div><\/div>\n<div><\/div>\n<div>\n<p class=\"p1\">\n<\/div>","protected":false},"excerpt":{"rendered":"<p>En el marco de los acuerdos de colaboraci\u00f3n acad\u00e9mica y cient\u00edfica entre las universidades de Australia y Chile se realiz\u00f3 el d\u00eda lunes 25 de marzo, en la Universidad de Santiago, el encuentro entre la delegaci\u00f3n de la Universidad de Melbourne, encabezada por su rector Glyn Davis, y acad\u00e9micos de las universidades del CRUCH. El [&hellip;]<\/p>\n","protected":false},"author":1,"featured_media":3592,"comment_status":"open","ping_status":"open","sticky":false,"template":"","format":"standard","meta":{"_acf_changed":false,"footnotes":""},"categories":[3],"tags":[],"class_list":["post-1237","post","type-post","status-publish","format-standard","has-post-thumbnail","hentry","category-noticias"],"acf":[],"yoast_head":"<!-- This site is optimized with the Yoast SEO plugin v27.1.1 - https:\/\/yoast.com\/product\/yoast-seo-wordpress\/ -->\n<title>Seminario en pol\u00edticas de Ciencia y Tecnolog\u00eda reuni\u00f3 a Universidad de Melbourne y CRUCH - Consejo de Rectoras y Rectores de las Universidades Chilenas<\/title>\n<meta name=\"robots\" content=\"index, follow, max-snippet:-1, max-image-preview:large, max-video-preview:-1\" \/>\n<link rel=\"canonical\" href=\"http:\/\/consejoderectores.cl\/en\/2013\/03\/25\/603c6d8073cbf\/\" \/>\n<meta property=\"og:locale\" content=\"en_US\" \/>\n<meta property=\"og:type\" content=\"article\" \/>\n<meta property=\"og:title\" content=\"Seminario en pol\u00edticas de Ciencia y Tecnolog\u00eda reuni\u00f3 a Universidad de Melbourne y CRUCH - Consejo de Rectoras y Rectores de las Universidades Chilenas\" \/>\n<meta property=\"og:description\" content=\"En el marco de los acuerdos de colaboraci\u00f3n acad\u00e9mica y cient\u00edfica entre las universidades de Australia y Chile se realiz\u00f3 el d\u00eda lunes 25 de marzo, en la Universidad de Santiago, el encuentro entre la delegaci\u00f3n de la Universidad de Melbourne, encabezada por su rector Glyn Davis, y acad\u00e9micos de las universidades del CRUCH. El [&hellip;]\" \/>\n<meta property=\"og:url\" content=\"http:\/\/consejoderectores.cl\/en\/2013\/03\/25\/603c6d8073cbf\/\" \/>\n<meta property=\"og:site_name\" content=\"Consejo de Rectoras y Rectores de las Universidades Chilenas\" \/>\n<meta property=\"article:published_time\" content=\"2013-03-25T00:00:00+00:00\" \/>\n<meta property=\"article:modified_time\" content=\"2022-01-21T18:27:09+00:00\" \/>\n<meta property=\"og:image\" content=\"https:\/\/consejoderectores.cl\/wp-content\/uploads\/2021\/10\/declaraciones-publicas.jpg\" \/>\n\t<meta property=\"og:image:width\" content=\"1024\" \/>\n\t<meta property=\"og:image:height\" content=\"500\" \/>\n\t<meta property=\"og:image:type\" content=\"image\/jpeg\" \/>\n<meta name=\"author\" content=\"Consejo de Rectores de las Universidades Chilenas\" \/>\n<meta name=\"twitter:card\" content=\"summary_large_image\" \/>\n<meta name=\"twitter:creator\" content=\"@CRUCH_cl\" \/>\n<meta name=\"twitter:site\" content=\"@CRUCH_cl\" \/>\n<meta name=\"twitter:label1\" content=\"Written by\" \/>\n\t<meta name=\"twitter:data1\" content=\"Consejo de Rectores de las Universidades Chilenas\" \/>\n\t<meta name=\"twitter:label2\" content=\"Est. reading time\" \/>\n\t<meta name=\"twitter:data2\" content=\"3 minutes\" \/>\n<script type=\"application\/ld+json\" class=\"yoast-schema-graph\">{\"@context\":\"https:\/\/schema.org\",\"@graph\":[{\"@type\":\"Article\",\"@id\":\"http:\/\/consejoderectores.cl\/en\/2013\/03\/25\/603c6d8073cbf\/#article\",\"isPartOf\":{\"@id\":\"http:\/\/consejoderectores.cl\/en\/2013\/03\/25\/603c6d8073cbf\/\"},\"author\":{\"name\":\"Consejo de Rectores de las Universidades Chilenas\",\"@id\":\"https:\/\/consejoderectores.cl\/en\/#\/schema\/person\/d863e44afde067fd4b57fac66ced709e\"},\"headline\":\"Seminario en pol\u00edticas de Ciencia y Tecnolog\u00eda reuni\u00f3 a Universidad de Melbourne y CRUCH\",\"datePublished\":\"2013-03-25T00:00:00+00:00\",\"dateModified\":\"2022-01-21T18:27:09+00:00\",\"mainEntityOfPage\":{\"@id\":\"http:\/\/consejoderectores.cl\/en\/2013\/03\/25\/603c6d8073cbf\/\"},\"wordCount\":672,\"commentCount\":0,\"publisher\":{\"@id\":\"https:\/\/consejoderectores.cl\/en\/#organization\"},\"image\":{\"@id\":\"http:\/\/consejoderectores.cl\/en\/2013\/03\/25\/603c6d8073cbf\/#primaryimage\"},\"thumbnailUrl\":\"https:\/\/consejoderectores.cl\/wp-content\/uploads\/2021\/10\/declaraciones-publicas.jpg\",\"articleSection\":[\"Noticias\"],\"inLanguage\":\"en-US\",\"potentialAction\":[{\"@type\":\"CommentAction\",\"name\":\"Comment\",\"target\":[\"http:\/\/consejoderectores.cl\/en\/2013\/03\/25\/603c6d8073cbf\/#respond\"]}]},{\"@type\":\"WebPage\",\"@id\":\"http:\/\/consejoderectores.cl\/en\/2013\/03\/25\/603c6d8073cbf\/\",\"url\":\"http:\/\/consejoderectores.cl\/en\/2013\/03\/25\/603c6d8073cbf\/\",\"name\":\"Seminario en pol\u00edticas de Ciencia y Tecnolog\u00eda reuni\u00f3 a Universidad de Melbourne y CRUCH - Consejo de Rectoras y Rectores de las Universidades Chilenas\",\"isPartOf\":{\"@id\":\"https:\/\/consejoderectores.cl\/en\/#website\"},\"primaryImageOfPage\":{\"@id\":\"http:\/\/consejoderectores.cl\/en\/2013\/03\/25\/603c6d8073cbf\/#primaryimage\"},\"image\":{\"@id\":\"http:\/\/consejoderectores.cl\/en\/2013\/03\/25\/603c6d8073cbf\/#primaryimage\"},\"thumbnailUrl\":\"https:\/\/consejoderectores.cl\/wp-content\/uploads\/2021\/10\/declaraciones-publicas.jpg\",\"datePublished\":\"2013-03-25T00:00:00+00:00\",\"dateModified\":\"2022-01-21T18:27:09+00:00\",\"breadcrumb\":{\"@id\":\"http:\/\/consejoderectores.cl\/en\/2013\/03\/25\/603c6d8073cbf\/#breadcrumb\"},\"inLanguage\":\"en-US\",\"potentialAction\":[{\"@type\":\"ReadAction\",\"target\":[\"http:\/\/consejoderectores.cl\/en\/2013\/03\/25\/603c6d8073cbf\/\"]}]},{\"@type\":\"ImageObject\",\"inLanguage\":\"en-US\",\"@id\":\"http:\/\/consejoderectores.cl\/en\/2013\/03\/25\/603c6d8073cbf\/#primaryimage\",\"url\":\"https:\/\/consejoderectores.cl\/wp-content\/uploads\/2021\/10\/declaraciones-publicas.jpg\",\"contentUrl\":\"https:\/\/consejoderectores.cl\/wp-content\/uploads\/2021\/10\/declaraciones-publicas.jpg\",\"width\":1024,\"height\":500},{\"@type\":\"BreadcrumbList\",\"@id\":\"http:\/\/consejoderectores.cl\/en\/2013\/03\/25\/603c6d8073cbf\/#breadcrumb\",\"itemListElement\":[{\"@type\":\"ListItem\",\"position\":1,\"name\":\"Home\",\"item\":\"https:\/\/consejoderectores.cl\/\"},{\"@type\":\"ListItem\",\"position\":2,\"name\":\"Seminario en pol\u00edticas de Ciencia y Tecnolog\u00eda reuni\u00f3 a Universidad de Melbourne y CRUCH\"}]},{\"@type\":\"WebSite\",\"@id\":\"https:\/\/consejoderectores.cl\/en\/#website\",\"url\":\"https:\/\/consejoderectores.cl\/en\/\",\"name\":\"Consejo de Rectoras y Rectores de las Universidades Chilenas\",\"description\":\"\",\"publisher\":{\"@id\":\"https:\/\/consejoderectores.cl\/en\/#organization\"},\"potentialAction\":[{\"@type\":\"SearchAction\",\"target\":{\"@type\":\"EntryPoint\",\"urlTemplate\":\"https:\/\/consejoderectores.cl\/en\/?s={search_term_string}\"},\"query-input\":{\"@type\":\"PropertyValueSpecification\",\"valueRequired\":true,\"valueName\":\"search_term_string\"}}],\"inLanguage\":\"en-US\"},{\"@type\":\"Organization\",\"@id\":\"https:\/\/consejoderectores.cl\/en\/#organization\",\"name\":\"Consejo de Rectoras y Rectores de las Universidades Chilenas\",\"url\":\"https:\/\/consejoderectores.cl\/en\/\",\"logo\":{\"@type\":\"ImageObject\",\"inLanguage\":\"en-US\",\"@id\":\"https:\/\/consejoderectores.cl\/en\/#\/schema\/logo\/image\/\",\"url\":\"https:\/\/consejoderectores.cl\/wp-content\/uploads\/2025\/12\/logoheader_2025.png\",\"contentUrl\":\"https:\/\/consejoderectores.cl\/wp-content\/uploads\/2025\/12\/logoheader_2025.png\",\"width\":666,\"height\":305,\"caption\":\"Consejo de Rectoras y Rectores de las Universidades Chilenas\"},\"image\":{\"@id\":\"https:\/\/consejoderectores.cl\/en\/#\/schema\/logo\/image\/\"},\"sameAs\":[\"https:\/\/x.com\/CRUCH_cl\",\"https:\/\/www.instagram.com\/consejoderectores\/\",\"https:\/\/www.linkedin.com\/company\/cruch\/\",\"https:\/\/www.youtube.com\/channel\/UCzgIFRCsDlKoFpimiQmEaOA\"]},{\"@type\":\"Person\",\"@id\":\"https:\/\/consejoderectores.cl\/en\/#\/schema\/person\/d863e44afde067fd4b57fac66ced709e\",\"name\":\"Consejo de Rectores de las Universidades Chilenas\",\"image\":{\"@type\":\"ImageObject\",\"inLanguage\":\"en-US\",\"@id\":\"https:\/\/consejoderectores.cl\/en\/#\/schema\/person\/image\/\",\"url\":\"https:\/\/secure.gravatar.com\/avatar\/c31e2a02401f041926afb8ee21ab666f0925814fe85d25a5c8db80e23722dfc1?s=96&d=mm&r=g\",\"contentUrl\":\"https:\/\/secure.gravatar.com\/avatar\/c31e2a02401f041926afb8ee21ab666f0925814fe85d25a5c8db80e23722dfc1?s=96&d=mm&r=g\",\"caption\":\"Consejo de Rectores de las Universidades Chilenas\"},\"sameAs\":[\"https:\/\/www.consejoderectores.cl\"],\"url\":\"https:\/\/consejoderectores.cl\/en\/author\/cruch\/\"}]}<\/script>\n<!-- \/ Yoast SEO plugin. -->","yoast_head_json":{"title":"Seminar on Science and Technology policies brought together the University of Melbourne and CRUCH - Council of Rectors of Chilean Universities","robots":{"index":"index","follow":"follow","max-snippet":"max-snippet:-1","max-image-preview":"max-image-preview:large","max-video-preview":"max-video-preview:-1"},"canonical":"http:\/\/consejoderectores.cl\/en\/2013\/03\/25\/603c6d8073cbf\/","og_locale":"en_US","og_type":"article","og_title":"Seminario en pol\u00edticas de Ciencia y Tecnolog\u00eda reuni\u00f3 a Universidad de Melbourne y CRUCH - Consejo de Rectoras y Rectores de las Universidades Chilenas","og_description":"En el marco de los acuerdos de colaboraci\u00f3n acad\u00e9mica y cient\u00edfica entre las universidades de Australia y Chile se realiz\u00f3 el d\u00eda lunes 25 de marzo, en la Universidad de Santiago, el encuentro entre la delegaci\u00f3n de la Universidad de Melbourne, encabezada por su rector Glyn Davis, y acad\u00e9micos de las universidades del CRUCH. El [&hellip;]","og_url":"http:\/\/consejoderectores.cl\/en\/2013\/03\/25\/603c6d8073cbf\/","og_site_name":"Consejo de Rectoras y Rectores de las Universidades Chilenas","article_published_time":"2013-03-25T00:00:00+00:00","article_modified_time":"2022-01-21T18:27:09+00:00","og_image":[{"width":1024,"height":500,"url":"https:\/\/consejoderectores.cl\/wp-content\/uploads\/2021\/10\/declaraciones-publicas.jpg","type":"image\/jpeg"}],"author":"Consejo de Rectores de las Universidades Chilenas","twitter_card":"summary_large_image","twitter_creator":"@CRUCH_cl","twitter_site":"@CRUCH_cl","twitter_misc":{"Written by":"Consejo de Rectores de las Universidades Chilenas","Est. reading time":"3 minutes"},"schema":{"@context":"https:\/\/schema.org","@graph":[{"@type":"Article","@id":"http:\/\/consejoderectores.cl\/en\/2013\/03\/25\/603c6d8073cbf\/#article","isPartOf":{"@id":"http:\/\/consejoderectores.cl\/en\/2013\/03\/25\/603c6d8073cbf\/"},"author":{"name":"Consejo de Rectores de las Universidades Chilenas","@id":"https:\/\/consejoderectores.cl\/en\/#\/schema\/person\/d863e44afde067fd4b57fac66ced709e"},"headline":"Seminario en pol\u00edticas de Ciencia y Tecnolog\u00eda reuni\u00f3 a Universidad de Melbourne y CRUCH","datePublished":"2013-03-25T00:00:00+00:00","dateModified":"2022-01-21T18:27:09+00:00","mainEntityOfPage":{"@id":"http:\/\/consejoderectores.cl\/en\/2013\/03\/25\/603c6d8073cbf\/"},"wordCount":672,"commentCount":0,"publisher":{"@id":"https:\/\/consejoderectores.cl\/en\/#organization"},"image":{"@id":"http:\/\/consejoderectores.cl\/en\/2013\/03\/25\/603c6d8073cbf\/#primaryimage"},"thumbnailUrl":"https:\/\/consejoderectores.cl\/wp-content\/uploads\/2021\/10\/declaraciones-publicas.jpg","articleSection":["Noticias"],"inLanguage":"en-US","potentialAction":[{"@type":"CommentAction","name":"Comment","target":["http:\/\/consejoderectores.cl\/en\/2013\/03\/25\/603c6d8073cbf\/#respond"]}]},{"@type":"WebPage","@id":"http:\/\/consejoderectores.cl\/en\/2013\/03\/25\/603c6d8073cbf\/","url":"http:\/\/consejoderectores.cl\/en\/2013\/03\/25\/603c6d8073cbf\/","name":"Seminar on Science and Technology policies brought together the University of Melbourne and CRUCH - Council of Rectors of Chilean Universities","isPartOf":{"@id":"https:\/\/consejoderectores.cl\/en\/#website"},"primaryImageOfPage":{"@id":"http:\/\/consejoderectores.cl\/en\/2013\/03\/25\/603c6d8073cbf\/#primaryimage"},"image":{"@id":"http:\/\/consejoderectores.cl\/en\/2013\/03\/25\/603c6d8073cbf\/#primaryimage"},"thumbnailUrl":"https:\/\/consejoderectores.cl\/wp-content\/uploads\/2021\/10\/declaraciones-publicas.jpg","datePublished":"2013-03-25T00:00:00+00:00","dateModified":"2022-01-21T18:27:09+00:00","breadcrumb":{"@id":"http:\/\/consejoderectores.cl\/en\/2013\/03\/25\/603c6d8073cbf\/#breadcrumb"},"inLanguage":"en-US","potentialAction":[{"@type":"ReadAction","target":["http:\/\/consejoderectores.cl\/en\/2013\/03\/25\/603c6d8073cbf\/"]}]},{"@type":"ImageObject","inLanguage":"en-US","@id":"http:\/\/consejoderectores.cl\/en\/2013\/03\/25\/603c6d8073cbf\/#primaryimage","url":"https:\/\/consejoderectores.cl\/wp-content\/uploads\/2021\/10\/declaraciones-publicas.jpg","contentUrl":"https:\/\/consejoderectores.cl\/wp-content\/uploads\/2021\/10\/declaraciones-publicas.jpg","width":1024,"height":500},{"@type":"BreadcrumbList","@id":"http:\/\/consejoderectores.cl\/en\/2013\/03\/25\/603c6d8073cbf\/#breadcrumb","itemListElement":[{"@type":"ListItem","position":1,"name":"Home","item":"https:\/\/consejoderectores.cl\/"},{"@type":"ListItem","position":2,"name":"Seminario en pol\u00edticas de Ciencia y Tecnolog\u00eda reuni\u00f3 a Universidad de Melbourne y CRUCH"}]},{"@type":"WebSite","@id":"https:\/\/consejoderectores.cl\/en\/#website","url":"https:\/\/consejoderectores.cl\/en\/","name":"Council of Rectors of Chilean Universities","description":"","publisher":{"@id":"https:\/\/consejoderectores.cl\/en\/#organization"},"potentialAction":[{"@type":"SearchAction","target":{"@type":"EntryPoint","urlTemplate":"https:\/\/consejoderectores.cl\/en\/?s={search_term_string}"},"query-input":{"@type":"PropertyValueSpecification","valueRequired":true,"valueName":"search_term_string"}}],"inLanguage":"en-US"},{"@type":"Organization","@id":"https:\/\/consejoderectores.cl\/en\/#organization","name":"Council of Rectors of Chilean Universities","url":"https:\/\/consejoderectores.cl\/en\/","logo":{"@type":"ImageObject","inLanguage":"en-US","@id":"https:\/\/consejoderectores.cl\/en\/#\/schema\/logo\/image\/","url":"https:\/\/consejoderectores.cl\/wp-content\/uploads\/2025\/12\/logoheader_2025.png","contentUrl":"https:\/\/consejoderectores.cl\/wp-content\/uploads\/2025\/12\/logoheader_2025.png","width":666,"height":305,"caption":"Consejo de Rectoras y Rectores de las Universidades Chilenas"},"image":{"@id":"https:\/\/consejoderectores.cl\/en\/#\/schema\/logo\/image\/"},"sameAs":["https:\/\/x.com\/CRUCH_cl","https:\/\/www.instagram.com\/consejoderectores\/","https:\/\/www.linkedin.com\/company\/cruch\/","https:\/\/www.youtube.com\/channel\/UCzgIFRCsDlKoFpimiQmEaOA"]},{"@type":"Person","@id":"https:\/\/consejoderectores.cl\/en\/#\/schema\/person\/d863e44afde067fd4b57fac66ced709e","name":"Council of Rectors of Chilean Universities","image":{"@type":"ImageObject","inLanguage":"en-US","@id":"https:\/\/consejoderectores.cl\/en\/#\/schema\/person\/image\/","url":"https:\/\/secure.gravatar.com\/avatar\/c31e2a02401f041926afb8ee21ab666f0925814fe85d25a5c8db80e23722dfc1?s=96&d=mm&r=g","contentUrl":"https:\/\/secure.gravatar.com\/avatar\/c31e2a02401f041926afb8ee21ab666f0925814fe85d25a5c8db80e23722dfc1?s=96&d=mm&r=g","caption":"Consejo de Rectores de las Universidades Chilenas"},"sameAs":["https:\/\/www.consejoderectores.cl"],"url":"https:\/\/consejoderectores.cl\/en\/author\/cruch\/"}]}},"_links":{"self":[{"href":"https:\/\/consejoderectores.cl\/en\/wp-json\/wp\/v2\/posts\/1237","targetHints":{"allow":["GET"]}}],"collection":[{"href":"https:\/\/consejoderectores.cl\/en\/wp-json\/wp\/v2\/posts"}],"about":[{"href":"https:\/\/consejoderectores.cl\/en\/wp-json\/wp\/v2\/types\/post"}],"author":[{"embeddable":true,"href":"https:\/\/consejoderectores.cl\/en\/wp-json\/wp\/v2\/users\/1"}],"replies":[{"embeddable":true,"href":"https:\/\/consejoderectores.cl\/en\/wp-json\/wp\/v2\/comments?post=1237"}],"version-history":[{"count":2,"href":"https:\/\/consejoderectores.cl\/en\/wp-json\/wp\/v2\/posts\/1237\/revisions"}],"predecessor-version":[{"id":5802,"href":"https:\/\/consejoderectores.cl\/en\/wp-json\/wp\/v2\/posts\/1237\/revisions\/5802"}],"wp:featuredmedia":[{"embeddable":true,"href":"https:\/\/consejoderectores.cl\/en\/wp-json\/wp\/v2\/media\/3592"}],"wp:attachment":[{"href":"https:\/\/consejoderectores.cl\/en\/wp-json\/wp\/v2\/media?parent=1237"}],"wp:term":[{"taxonomy":"category","embeddable":true,"href":"https:\/\/consejoderectores.cl\/en\/wp-json\/wp\/v2\/categories?post=1237"},{"taxonomy":"post_tag","embeddable":true,"href":"https:\/\/consejoderectores.cl\/en\/wp-json\/wp\/v2\/tags?post=1237"}],"curies":[{"name":"wp","href":"https:\/\/api.w.org\/{rel}","templated":true}]}}