{"id":1234,"date":"2013-03-19T00:00:00","date_gmt":"2013-03-19T00:00:00","guid":{"rendered":""},"modified":"2022-01-21T18:45:59","modified_gmt":"2022-01-21T18:45:59","slug":"603c6d8073ab1","status":"publish","type":"post","link":"https:\/\/consejoderectores.cl\/en\/2013\/03\/19\/603c6d8073ab1\/","title":{"rendered":"Council of Rectors receives CONFECH board"},"content":{"rendered":"<blockquote><p>With the aim of maintaining dialogue between the two groups, the Executive Committee of the Council of Rectors met with leaders of the Confederation of Students of Chile. During the meeting, rectors and students discussed issues such as concerns for students at the University of the Sea and their families.<\/p><\/blockquote>\n<p>The Executive Committee of the Council of Rectors, headed by its vice president, Rector Juan Manuel Zolezzi, received the student leaders of the Confederation of Students of Chile (CONFECH), Diego Vela, president of the Federation of the Catholic University, Andr\u00e9s Fielbaum from the University of Chile and Mario Dom\u00ednguez from the University of Valpara\u00edso.<\/p>\n<p>Also present on behalf of the university rectors were Ignacio S\u00e1nchez, from the Catholic University, Aldo Valle from the University of Valpara\u00edso, H\u00e9ctor Gaete, from the University of B\u00edo-B\u00edo and Emilio Rodr\u00edguez from the University of Tarapac\u00e1.<\/p>\n<p>During the meeting, both parties discussed the issues that will shape the higher education agenda this year, with particular emphasis on concerns for the future of Universidad del Mar students and their families. The dialogue took place as the courts declared the university bankrupt and appointed a trustee to seize its assets.<\/p>\n<p>\u201cThis meeting has been enriching in terms of listening to the students\u201d concerns on fundamental issues in higher education,\u201c Rector Zolezzi noted, recalling that a document outlining points of agreement between students and university presidents has existed since mid-2011. \u201dWe want to hold a ceremony to sign it, as it embodies the essence of what we aspire to in public education.\u201d.<\/p>\n<p>Regarding the conflict at Universidad del Mar, he stated that \u201cit is a constant concern. We see that each day, instead of being resolved and easing the burden on families, it becomes more complex, especially now with the issue of the trustee.\u201d The rector also noted that there is concern within the Council of Rectors because \u201cthe solutions proposed so far for relocating the students have failed.\u201d.<\/p>\n<p>The students also gave the meeting a positive assessment. \u201cIt was a good meeting, in which we expressed our willingness to reach an understanding and find common ground, as well as seek concrete reforms in higher education,\u201d said Diego Vela, president of the Catholic University Student Federation.<\/p>\n<div><\/div>","protected":false},"excerpt":{"rendered":"<p>Con el \u00e1nimo de mantener el di\u00e1logo entre ambas instancias, el Comit\u00e9 Ejecutivo del Consejo de Rectores recibi\u00f3 a los dirigentes de la Confederaci\u00f3n de Estudiantes de Chile. En la cita, rectores y estudiantes comentaron temas tales como la preocupaci\u00f3n por \u00a0los estudiantes de la Universidad del Mar y sus familias. El Comit\u00e9 Ejecutivo del [&hellip;]<\/p>\n","protected":false},"author":1,"featured_media":3592,"comment_status":"open","ping_status":"open","sticky":false,"template":"","format":"standard","meta":{"_acf_changed":false,"footnotes":""},"categories":[3],"tags":[],"class_list":["post-1234","post","type-post","status-publish","format-standard","has-post-thumbnail","hentry","category-noticias"],"acf":[],"yoast_head":"<!-- This site is optimized with the Yoast SEO plugin v27.1.1 - https:\/\/yoast.com\/product\/yoast-seo-wordpress\/ -->\n<title>Consejo de Rectores recibe a mesa directiva de la CONFECH - Consejo de Rectoras y Rectores de las Universidades Chilenas<\/title>\n<meta name=\"robots\" content=\"index, follow, max-snippet:-1, max-image-preview:large, max-video-preview:-1\" \/>\n<link rel=\"canonical\" href=\"https:\/\/consejoderectores.cl\/en\/2013\/03\/19\/603c6d8073ab1\/\" \/>\n<meta property=\"og:locale\" content=\"en_US\" \/>\n<meta property=\"og:type\" content=\"article\" \/>\n<meta property=\"og:title\" content=\"Consejo de Rectores recibe a mesa directiva de la CONFECH - Consejo de Rectoras y Rectores de las Universidades Chilenas\" \/>\n<meta property=\"og:description\" content=\"Con el \u00e1nimo de mantener el di\u00e1logo entre ambas instancias, el Comit\u00e9 Ejecutivo del Consejo de Rectores recibi\u00f3 a los dirigentes de la Confederaci\u00f3n de Estudiantes de Chile. En la cita, rectores y estudiantes comentaron temas tales como la preocupaci\u00f3n por \u00a0los estudiantes de la Universidad del Mar y sus familias. El Comit\u00e9 Ejecutivo del [&hellip;]\" \/>\n<meta property=\"og:url\" content=\"https:\/\/consejoderectores.cl\/en\/2013\/03\/19\/603c6d8073ab1\/\" \/>\n<meta property=\"og:site_name\" content=\"Consejo de Rectoras y Rectores de las Universidades Chilenas\" \/>\n<meta property=\"article:published_time\" content=\"2013-03-19T00:00:00+00:00\" \/>\n<meta property=\"article:modified_time\" content=\"2022-01-21T18:45:59+00:00\" \/>\n<meta property=\"og:image\" content=\"https:\/\/consejoderectores.cl\/wp-content\/uploads\/2021\/10\/declaraciones-publicas.jpg\" \/>\n\t<meta property=\"og:image:width\" content=\"1024\" \/>\n\t<meta property=\"og:image:height\" content=\"500\" \/>\n\t<meta property=\"og:image:type\" content=\"image\/jpeg\" \/>\n<meta name=\"author\" content=\"Consejo de Rectores de las Universidades Chilenas\" \/>\n<meta name=\"twitter:card\" content=\"summary_large_image\" \/>\n<meta name=\"twitter:creator\" content=\"@CRUCH_cl\" \/>\n<meta name=\"twitter:site\" content=\"@CRUCH_cl\" \/>\n<meta name=\"twitter:label1\" content=\"Written by\" \/>\n\t<meta name=\"twitter:data1\" content=\"Consejo de Rectores de las Universidades Chilenas\" \/>\n\t<meta name=\"twitter:label2\" content=\"Est. reading time\" \/>\n\t<meta name=\"twitter:data2\" content=\"2 minutes\" \/>\n<script type=\"application\/ld+json\" class=\"yoast-schema-graph\">{\"@context\":\"https:\/\/schema.org\",\"@graph\":[{\"@type\":\"Article\",\"@id\":\"https:\/\/consejoderectores.cl\/2013\/03\/19\/603c6d8073ab1\/#article\",\"isPartOf\":{\"@id\":\"https:\/\/consejoderectores.cl\/2013\/03\/19\/603c6d8073ab1\/\"},\"author\":{\"name\":\"Consejo de Rectores de las Universidades Chilenas\",\"@id\":\"https:\/\/consejoderectores.cl\/en\/#\/schema\/person\/d863e44afde067fd4b57fac66ced709e\"},\"headline\":\"Consejo de Rectores recibe a mesa directiva de la CONFECH\",\"datePublished\":\"2013-03-19T00:00:00+00:00\",\"dateModified\":\"2022-01-21T18:45:59+00:00\",\"mainEntityOfPage\":{\"@id\":\"https:\/\/consejoderectores.cl\/2013\/03\/19\/603c6d8073ab1\/\"},\"wordCount\":447,\"commentCount\":0,\"publisher\":{\"@id\":\"https:\/\/consejoderectores.cl\/en\/#organization\"},\"image\":{\"@id\":\"https:\/\/consejoderectores.cl\/2013\/03\/19\/603c6d8073ab1\/#primaryimage\"},\"thumbnailUrl\":\"https:\/\/consejoderectores.cl\/wp-content\/uploads\/2021\/10\/declaraciones-publicas.jpg\",\"articleSection\":[\"Noticias\"],\"inLanguage\":\"en-US\",\"potentialAction\":[{\"@type\":\"CommentAction\",\"name\":\"Comment\",\"target\":[\"https:\/\/consejoderectores.cl\/2013\/03\/19\/603c6d8073ab1\/#respond\"]}]},{\"@type\":\"WebPage\",\"@id\":\"https:\/\/consejoderectores.cl\/2013\/03\/19\/603c6d8073ab1\/\",\"url\":\"https:\/\/consejoderectores.cl\/2013\/03\/19\/603c6d8073ab1\/\",\"name\":\"Consejo de Rectores recibe a mesa directiva de la CONFECH - Consejo de Rectoras y Rectores de las Universidades Chilenas\",\"isPartOf\":{\"@id\":\"https:\/\/consejoderectores.cl\/en\/#website\"},\"primaryImageOfPage\":{\"@id\":\"https:\/\/consejoderectores.cl\/2013\/03\/19\/603c6d8073ab1\/#primaryimage\"},\"image\":{\"@id\":\"https:\/\/consejoderectores.cl\/2013\/03\/19\/603c6d8073ab1\/#primaryimage\"},\"thumbnailUrl\":\"https:\/\/consejoderectores.cl\/wp-content\/uploads\/2021\/10\/declaraciones-publicas.jpg\",\"datePublished\":\"2013-03-19T00:00:00+00:00\",\"dateModified\":\"2022-01-21T18:45:59+00:00\",\"breadcrumb\":{\"@id\":\"https:\/\/consejoderectores.cl\/2013\/03\/19\/603c6d8073ab1\/#breadcrumb\"},\"inLanguage\":\"en-US\",\"potentialAction\":[{\"@type\":\"ReadAction\",\"target\":[\"https:\/\/consejoderectores.cl\/2013\/03\/19\/603c6d8073ab1\/\"]}]},{\"@type\":\"ImageObject\",\"inLanguage\":\"en-US\",\"@id\":\"https:\/\/consejoderectores.cl\/2013\/03\/19\/603c6d8073ab1\/#primaryimage\",\"url\":\"https:\/\/consejoderectores.cl\/wp-content\/uploads\/2021\/10\/declaraciones-publicas.jpg\",\"contentUrl\":\"https:\/\/consejoderectores.cl\/wp-content\/uploads\/2021\/10\/declaraciones-publicas.jpg\",\"width\":1024,\"height\":500},{\"@type\":\"BreadcrumbList\",\"@id\":\"https:\/\/consejoderectores.cl\/2013\/03\/19\/603c6d8073ab1\/#breadcrumb\",\"itemListElement\":[{\"@type\":\"ListItem\",\"position\":1,\"name\":\"Home\",\"item\":\"https:\/\/consejoderectores.cl\/\"},{\"@type\":\"ListItem\",\"position\":2,\"name\":\"Consejo de Rectores recibe a mesa directiva de la CONFECH\"}]},{\"@type\":\"WebSite\",\"@id\":\"https:\/\/consejoderectores.cl\/en\/#website\",\"url\":\"https:\/\/consejoderectores.cl\/en\/\",\"name\":\"Consejo de Rectoras y Rectores de las Universidades Chilenas\",\"description\":\"\",\"publisher\":{\"@id\":\"https:\/\/consejoderectores.cl\/en\/#organization\"},\"potentialAction\":[{\"@type\":\"SearchAction\",\"target\":{\"@type\":\"EntryPoint\",\"urlTemplate\":\"https:\/\/consejoderectores.cl\/en\/?s={search_term_string}\"},\"query-input\":{\"@type\":\"PropertyValueSpecification\",\"valueRequired\":true,\"valueName\":\"search_term_string\"}}],\"inLanguage\":\"en-US\"},{\"@type\":\"Organization\",\"@id\":\"https:\/\/consejoderectores.cl\/en\/#organization\",\"name\":\"Consejo de Rectoras y Rectores de las Universidades Chilenas\",\"url\":\"https:\/\/consejoderectores.cl\/en\/\",\"logo\":{\"@type\":\"ImageObject\",\"inLanguage\":\"en-US\",\"@id\":\"https:\/\/consejoderectores.cl\/en\/#\/schema\/logo\/image\/\",\"url\":\"https:\/\/consejoderectores.cl\/wp-content\/uploads\/2025\/12\/logoheader_2025.png\",\"contentUrl\":\"https:\/\/consejoderectores.cl\/wp-content\/uploads\/2025\/12\/logoheader_2025.png\",\"width\":666,\"height\":305,\"caption\":\"Consejo de Rectoras y Rectores de las Universidades Chilenas\"},\"image\":{\"@id\":\"https:\/\/consejoderectores.cl\/en\/#\/schema\/logo\/image\/\"},\"sameAs\":[\"https:\/\/x.com\/CRUCH_cl\",\"https:\/\/www.instagram.com\/consejoderectores\/\",\"https:\/\/www.linkedin.com\/company\/cruch\/\",\"https:\/\/www.youtube.com\/channel\/UCzgIFRCsDlKoFpimiQmEaOA\"]},{\"@type\":\"Person\",\"@id\":\"https:\/\/consejoderectores.cl\/en\/#\/schema\/person\/d863e44afde067fd4b57fac66ced709e\",\"name\":\"Consejo de Rectores de las Universidades Chilenas\",\"image\":{\"@type\":\"ImageObject\",\"inLanguage\":\"en-US\",\"@id\":\"https:\/\/consejoderectores.cl\/en\/#\/schema\/person\/image\/\",\"url\":\"https:\/\/secure.gravatar.com\/avatar\/c31e2a02401f041926afb8ee21ab666f0925814fe85d25a5c8db80e23722dfc1?s=96&d=mm&r=g\",\"contentUrl\":\"https:\/\/secure.gravatar.com\/avatar\/c31e2a02401f041926afb8ee21ab666f0925814fe85d25a5c8db80e23722dfc1?s=96&d=mm&r=g\",\"caption\":\"Consejo de Rectores de las Universidades Chilenas\"},\"sameAs\":[\"https:\/\/www.consejoderectores.cl\"],\"url\":\"https:\/\/consejoderectores.cl\/en\/author\/cruch\/\"}]}<\/script>\n<!-- \/ Yoast SEO plugin. -->","yoast_head_json":{"title":"Consejo de Rectores recibe a mesa directiva de la CONFECH - Consejo de Rectoras y Rectores de las Universidades Chilenas","robots":{"index":"index","follow":"follow","max-snippet":"max-snippet:-1","max-image-preview":"max-image-preview:large","max-video-preview":"max-video-preview:-1"},"canonical":"https:\/\/consejoderectores.cl\/en\/2013\/03\/19\/603c6d8073ab1\/","og_locale":"en_US","og_type":"article","og_title":"Consejo de Rectores recibe a mesa directiva de la CONFECH - Consejo de Rectoras y Rectores de las Universidades Chilenas","og_description":"Con el \u00e1nimo de mantener el di\u00e1logo entre ambas instancias, el Comit\u00e9 Ejecutivo del Consejo de Rectores recibi\u00f3 a los dirigentes de la Confederaci\u00f3n de Estudiantes de Chile. En la cita, rectores y estudiantes comentaron temas tales como la preocupaci\u00f3n por \u00a0los estudiantes de la Universidad del Mar y sus familias. El Comit\u00e9 Ejecutivo del [&hellip;]","og_url":"https:\/\/consejoderectores.cl\/en\/2013\/03\/19\/603c6d8073ab1\/","og_site_name":"Consejo de Rectoras y Rectores de las Universidades Chilenas","article_published_time":"2013-03-19T00:00:00+00:00","article_modified_time":"2022-01-21T18:45:59+00:00","og_image":[{"width":1024,"height":500,"url":"https:\/\/consejoderectores.cl\/wp-content\/uploads\/2021\/10\/declaraciones-publicas.jpg","type":"image\/jpeg"}],"author":"Consejo de Rectores de las Universidades Chilenas","twitter_card":"summary_large_image","twitter_creator":"@CRUCH_cl","twitter_site":"@CRUCH_cl","twitter_misc":{"Written by":"Consejo de Rectores de las Universidades Chilenas","Est. reading time":"2 minutes"},"schema":{"@context":"https:\/\/schema.org","@graph":[{"@type":"Article","@id":"https:\/\/consejoderectores.cl\/2013\/03\/19\/603c6d8073ab1\/#article","isPartOf":{"@id":"https:\/\/consejoderectores.cl\/2013\/03\/19\/603c6d8073ab1\/"},"author":{"name":"Consejo de Rectores de las Universidades Chilenas","@id":"https:\/\/consejoderectores.cl\/en\/#\/schema\/person\/d863e44afde067fd4b57fac66ced709e"},"headline":"Consejo de Rectores recibe a mesa directiva de la CONFECH","datePublished":"2013-03-19T00:00:00+00:00","dateModified":"2022-01-21T18:45:59+00:00","mainEntityOfPage":{"@id":"https:\/\/consejoderectores.cl\/2013\/03\/19\/603c6d8073ab1\/"},"wordCount":447,"commentCount":0,"publisher":{"@id":"https:\/\/consejoderectores.cl\/en\/#organization"},"image":{"@id":"https:\/\/consejoderectores.cl\/2013\/03\/19\/603c6d8073ab1\/#primaryimage"},"thumbnailUrl":"https:\/\/consejoderectores.cl\/wp-content\/uploads\/2021\/10\/declaraciones-publicas.jpg","articleSection":["Noticias"],"inLanguage":"en-US","potentialAction":[{"@type":"CommentAction","name":"Comment","target":["https:\/\/consejoderectores.cl\/2013\/03\/19\/603c6d8073ab1\/#respond"]}]},{"@type":"WebPage","@id":"https:\/\/consejoderectores.cl\/2013\/03\/19\/603c6d8073ab1\/","url":"https:\/\/consejoderectores.cl\/2013\/03\/19\/603c6d8073ab1\/","name":"Consejo de Rectores recibe a mesa directiva de la CONFECH - Consejo de Rectoras y Rectores de las Universidades Chilenas","isPartOf":{"@id":"https:\/\/consejoderectores.cl\/en\/#website"},"primaryImageOfPage":{"@id":"https:\/\/consejoderectores.cl\/2013\/03\/19\/603c6d8073ab1\/#primaryimage"},"image":{"@id":"https:\/\/consejoderectores.cl\/2013\/03\/19\/603c6d8073ab1\/#primaryimage"},"thumbnailUrl":"https:\/\/consejoderectores.cl\/wp-content\/uploads\/2021\/10\/declaraciones-publicas.jpg","datePublished":"2013-03-19T00:00:00+00:00","dateModified":"2022-01-21T18:45:59+00:00","breadcrumb":{"@id":"https:\/\/consejoderectores.cl\/2013\/03\/19\/603c6d8073ab1\/#breadcrumb"},"inLanguage":"en-US","potentialAction":[{"@type":"ReadAction","target":["https:\/\/consejoderectores.cl\/2013\/03\/19\/603c6d8073ab1\/"]}]},{"@type":"ImageObject","inLanguage":"en-US","@id":"https:\/\/consejoderectores.cl\/2013\/03\/19\/603c6d8073ab1\/#primaryimage","url":"https:\/\/consejoderectores.cl\/wp-content\/uploads\/2021\/10\/declaraciones-publicas.jpg","contentUrl":"https:\/\/consejoderectores.cl\/wp-content\/uploads\/2021\/10\/declaraciones-publicas.jpg","width":1024,"height":500},{"@type":"BreadcrumbList","@id":"https:\/\/consejoderectores.cl\/2013\/03\/19\/603c6d8073ab1\/#breadcrumb","itemListElement":[{"@type":"ListItem","position":1,"name":"Home","item":"https:\/\/consejoderectores.cl\/"},{"@type":"ListItem","position":2,"name":"Consejo de Rectores recibe a mesa directiva de la CONFECH"}]},{"@type":"WebSite","@id":"https:\/\/consejoderectores.cl\/en\/#website","url":"https:\/\/consejoderectores.cl\/en\/","name":"Council of Rectors of Chilean Universities","description":"","publisher":{"@id":"https:\/\/consejoderectores.cl\/en\/#organization"},"potentialAction":[{"@type":"SearchAction","target":{"@type":"EntryPoint","urlTemplate":"https:\/\/consejoderectores.cl\/en\/?s={search_term_string}"},"query-input":{"@type":"PropertyValueSpecification","valueRequired":true,"valueName":"search_term_string"}}],"inLanguage":"en-US"},{"@type":"Organization","@id":"https:\/\/consejoderectores.cl\/en\/#organization","name":"Council of Rectors of Chilean Universities","url":"https:\/\/consejoderectores.cl\/en\/","logo":{"@type":"ImageObject","inLanguage":"en-US","@id":"https:\/\/consejoderectores.cl\/en\/#\/schema\/logo\/image\/","url":"https:\/\/consejoderectores.cl\/wp-content\/uploads\/2025\/12\/logoheader_2025.png","contentUrl":"https:\/\/consejoderectores.cl\/wp-content\/uploads\/2025\/12\/logoheader_2025.png","width":666,"height":305,"caption":"Consejo de Rectoras y Rectores de las Universidades Chilenas"},"image":{"@id":"https:\/\/consejoderectores.cl\/en\/#\/schema\/logo\/image\/"},"sameAs":["https:\/\/x.com\/CRUCH_cl","https:\/\/www.instagram.com\/consejoderectores\/","https:\/\/www.linkedin.com\/company\/cruch\/","https:\/\/www.youtube.com\/channel\/UCzgIFRCsDlKoFpimiQmEaOA"]},{"@type":"Person","@id":"https:\/\/consejoderectores.cl\/en\/#\/schema\/person\/d863e44afde067fd4b57fac66ced709e","name":"Council of Rectors of Chilean Universities","image":{"@type":"ImageObject","inLanguage":"en-US","@id":"https:\/\/consejoderectores.cl\/en\/#\/schema\/person\/image\/","url":"https:\/\/secure.gravatar.com\/avatar\/c31e2a02401f041926afb8ee21ab666f0925814fe85d25a5c8db80e23722dfc1?s=96&d=mm&r=g","contentUrl":"https:\/\/secure.gravatar.com\/avatar\/c31e2a02401f041926afb8ee21ab666f0925814fe85d25a5c8db80e23722dfc1?s=96&d=mm&r=g","caption":"Consejo de Rectores de las Universidades Chilenas"},"sameAs":["https:\/\/www.consejoderectores.cl"],"url":"https:\/\/consejoderectores.cl\/en\/author\/cruch\/"}]}},"_links":{"self":[{"href":"https:\/\/consejoderectores.cl\/en\/wp-json\/wp\/v2\/posts\/1234","targetHints":{"allow":["GET"]}}],"collection":[{"href":"https:\/\/consejoderectores.cl\/en\/wp-json\/wp\/v2\/posts"}],"about":[{"href":"https:\/\/consejoderectores.cl\/en\/wp-json\/wp\/v2\/types\/post"}],"author":[{"embeddable":true,"href":"https:\/\/consejoderectores.cl\/en\/wp-json\/wp\/v2\/users\/1"}],"replies":[{"embeddable":true,"href":"https:\/\/consejoderectores.cl\/en\/wp-json\/wp\/v2\/comments?post=1234"}],"version-history":[{"count":2,"href":"https:\/\/consejoderectores.cl\/en\/wp-json\/wp\/v2\/posts\/1234\/revisions"}],"predecessor-version":[{"id":5811,"href":"https:\/\/consejoderectores.cl\/en\/wp-json\/wp\/v2\/posts\/1234\/revisions\/5811"}],"wp:featuredmedia":[{"embeddable":true,"href":"https:\/\/consejoderectores.cl\/en\/wp-json\/wp\/v2\/media\/3592"}],"wp:attachment":[{"href":"https:\/\/consejoderectores.cl\/en\/wp-json\/wp\/v2\/media?parent=1234"}],"wp:term":[{"taxonomy":"category","embeddable":true,"href":"https:\/\/consejoderectores.cl\/en\/wp-json\/wp\/v2\/categories?post=1234"},{"taxonomy":"post_tag","embeddable":true,"href":"https:\/\/consejoderectores.cl\/en\/wp-json\/wp\/v2\/tags?post=1234"}],"curies":[{"name":"wp","href":"https:\/\/api.w.org\/{rel}","templated":true}]}}