{"id":12225,"date":"2025-01-09T19:22:09","date_gmt":"2025-01-09T19:22:09","guid":{"rendered":"https:\/\/consejoderectores.cl\/?p=12225"},"modified":"2025-01-10T15:43:55","modified_gmt":"2025-01-10T15:43:55","slug":"vicepresidente-ejecutivo-del-cruch-el-gasto-en-educacion-superior-en-chile-es-relativamente-alto-pero-se-trata-de-una-mirada-parcial-si-no-se-contempla-la-inversion-en-idi","status":"publish","type":"post","link":"https:\/\/consejoderectores.cl\/en\/2025\/01\/09\/vicepresidente-ejecutivo-del-cruch-el-gasto-en-educacion-superior-en-chile-es-relativamente-alto-pero-se-trata-de-una-mirada-parcial-si-no-se-contempla-la-inversion-en-idi\/","title":{"rendered":"Executive Vice President of CRUCH: \u201cSpending on higher education in Chile is relatively high, but this is a partial view if investment in R&amp;D&amp;I is not taken into account.\u201d"},"content":{"rendered":"<blockquote><p>In the Special Investigative Commission of Congress, Rector Emilio Rodr\u00edguez stated that &quot;it is necessary to strengthen and prioritize research and innovation as pillars of the country&#039;s development.&quot;.<\/p><\/blockquote>\n<p>This Wednesday, January 8, the executive vice president of the Council of Rectors of Chilean Universities (CRUCH), Emilio Rodr\u00edguez, participated in the Special Investigative Commission (CEI N\u00b060) of Congress, where he analyzed the main problems of the higher education system and raised the aspects that must be addressed urgently to avoid its deterioration.<\/p>\n<p>During her presentation, Rodr\u00edguez analyzed the financing, regulation, and quality of the system, pointing out that significant asymmetries exist in at least five areas: the mission of higher education institutions, the generation of public goods, transparency, accountability, and the use of assets. Furthermore, for those institutions offering free tuition, there are fixed fees and enrollment limits, which restrict their growth.<\/p>\n<p>Regarding funding, the rector of the University of Tarapac\u00e1 also compared Chile&#039;s investment with that of OECD (Organisation for Economic Co-operation and Development) countries. \u201cSpending on higher education in Chile is relatively high, but this is a partial view if it doesn&#039;t consider investment in research, development, and innovation. The Chilean university system, and especially the Council of Rectors of Chilean Universities (CRUCH), generates the greatest impact on R&amp;D&amp;I.\u201d.<\/p>\n<p>In this regard, Rodr\u00edguez maintained that \u201cit is essential to consider the sum of both components as a key indicator of a country&#039;s efforts in these strategic areas. In Chile, spending on higher education is equivalent to 2.31% of GDP, while spending on R&amp;D&amp;I reaches 0.391%, representing a combined total of 2.691% of GDP. In contrast, OECD countries allocate 1.521% of GDP to higher education and 2.721% to R&amp;D&amp;I, totaling 4.241% of GDP.\u201d.<\/p>\n<p><strong>CRUCH proposals<\/strong><\/p>\n<p>According to the conceptualization of university shared by CRUCH, there are aspects that are not separable, such as undergraduate teaching, research, community engagement, among other university functions.<\/p>\n<p>Therefore, CRUCH considers it necessary to increase the base funding for universities in order to ensure quality levels in research and teaching. At the same time, it is essential to strengthen and prioritize research and innovation as pillars of the country&#039;s development.<\/p>\n<p>On the other hand, greater integration and coordination of the regulatory bodies (the Superintendency of Higher Education, the National Accreditation Commission and the Comptroller General of the Republic) is also proposed, in order to guarantee more effective control for all higher education institutions in the system, avoid duplication in evaluations and situations that are detrimental.<\/p>\n<p>Finally, CRUCH raises the importance of maintaining co-payments for the highest deciles, as long as there are no adequate financial conditions, since a non-gradual elimination could compromise the sustainability and proper functioning of universities.<\/p>\n<p><strong>CEI No. 60<\/strong><\/p>\n<p>The creation of the Special Investigative Commission (CEI No. 60) was unanimously approved in the Chamber of Deputies on October 7, 2024, with the purpose of gathering background information on certain actions of the Government, especially the Ministry of Education and the Superintendency of Higher Education, in relation to the accreditation process, delivery of public resources and financing of universities, as well as compliance with current educational regulations and their general operation.<\/p>\n<p>This body, which arose in response to questions about the high salaries of teachers at the San Sebasti\u00e1n University, will be in effect until January 30, 2025.<\/p>\n<p>To date, the CEI No. 60 has met four times: at the first session, on November 20, 2024, the commission was established; at the second, on November 27, 2024, the Undersecretary of Higher Education and the Superintendent of Higher Education presented their reports; at the third, on December 11, 2024, the commission heard from the spokesperson for the Student Assembly of the Universidad San Sebasti\u00e1n; and at the session on January 8, 2025, the Executive Vice President of CRUCH presented, along with representatives from the General Secretariat of the Student Federation of the Universidad de Valpara\u00edso, Catalina Correa P\u00e9rez; and the President of the Student Federation of the Pontificia Universidad Cat\u00f3lica de Valpara\u00edso, Valent\u00edn de la Rosa. The final session will likely be held on Monday, January 20.<\/p>\n<p>Text and image: CRUCH Communications<\/p>","protected":false},"excerpt":{"rendered":"<p>En la Comisi\u00f3n Especial Investigadora del Congreso, el rector Emilio Rodr\u00edguez, plante\u00f3 que \u201cse requiere fortalecer y priorizar la investigaci\u00f3n y la innovaci\u00f3n, como pilares del desarrollo del pa\u00eds\u201d. Este mi\u00e9rcoles 8 de enero, el vicepresidente ejecutivo del Consejo de Rectoras y Rectores de las Universidades Chilenas (CRUCH), Emilio Rodr\u00edguez, particip\u00f3 en la Comisi\u00f3n Especial [&hellip;]<\/p>\n","protected":false},"author":1,"featured_media":12230,"comment_status":"open","ping_status":"open","sticky":false,"template":"","format":"standard","meta":{"_acf_changed":false,"footnotes":""},"categories":[3,13],"tags":[],"class_list":["post-12225","post","type-post","status-publish","format-standard","has-post-thumbnail","hentry","category-noticias","category-noticias-carrusel"],"acf":[],"yoast_head":"<!-- This site is optimized with the Yoast SEO plugin v27.1.1 - https:\/\/yoast.com\/product\/yoast-seo-wordpress\/ -->\n<title>Vicepresidente ejecutivo del CRUCH: \u201cEl gasto en educaci\u00f3n superior en Chile es relativamente alto, pero se trata de una mirada parcial si no se contempla la inversi\u00f3n en I+D+i\u201d - Consejo de Rectoras y Rectores de las Universidades Chilenas<\/title>\n<meta name=\"robots\" content=\"index, follow, max-snippet:-1, max-image-preview:large, max-video-preview:-1\" \/>\n<link rel=\"canonical\" href=\"https:\/\/consejoderectores.cl\/en\/2025\/01\/09\/vicepresidente-ejecutivo-del-cruch-el-gasto-en-educacion-superior-en-chile-es-relativamente-alto-pero-se-trata-de-una-mirada-parcial-si-no-se-contempla-la-inversion-en-idi\/\" \/>\n<meta property=\"og:locale\" content=\"en_US\" \/>\n<meta property=\"og:type\" content=\"article\" \/>\n<meta property=\"og:title\" content=\"Vicepresidente ejecutivo del CRUCH: \u201cEl gasto en educaci\u00f3n superior en Chile es relativamente alto, pero se trata de una mirada parcial si no se contempla la inversi\u00f3n en I+D+i\u201d - Consejo de Rectoras y Rectores de las Universidades Chilenas\" \/>\n<meta property=\"og:description\" content=\"En la Comisi\u00f3n Especial Investigadora del Congreso, el rector Emilio Rodr\u00edguez, plante\u00f3 que \u201cse requiere fortalecer y priorizar la investigaci\u00f3n y la innovaci\u00f3n, como pilares del desarrollo del pa\u00eds\u201d. Este mi\u00e9rcoles 8 de enero, el vicepresidente ejecutivo del Consejo de Rectoras y Rectores de las Universidades Chilenas (CRUCH), Emilio Rodr\u00edguez, particip\u00f3 en la Comisi\u00f3n Especial [&hellip;]\" \/>\n<meta property=\"og:url\" content=\"https:\/\/consejoderectores.cl\/en\/2025\/01\/09\/vicepresidente-ejecutivo-del-cruch-el-gasto-en-educacion-superior-en-chile-es-relativamente-alto-pero-se-trata-de-una-mirada-parcial-si-no-se-contempla-la-inversion-en-idi\/\" \/>\n<meta property=\"og:site_name\" content=\"Consejo de Rectoras y Rectores de las Universidades Chilenas\" \/>\n<meta property=\"article:published_time\" content=\"2025-01-09T19:22:09+00:00\" \/>\n<meta property=\"article:modified_time\" content=\"2025-01-10T15:43:55+00:00\" \/>\n<meta property=\"og:image\" content=\"https:\/\/consejoderectores.cl\/wp-content\/uploads\/2025\/01\/6.png\" \/>\n\t<meta property=\"og:image:width\" content=\"2880\" \/>\n\t<meta property=\"og:image:height\" content=\"1206\" \/>\n\t<meta property=\"og:image:type\" content=\"image\/png\" \/>\n<meta name=\"author\" content=\"Consejo de Rectores de las Universidades Chilenas\" \/>\n<meta name=\"twitter:card\" content=\"summary_large_image\" \/>\n<meta name=\"twitter:creator\" content=\"@CRUCH_cl\" \/>\n<meta name=\"twitter:site\" content=\"@CRUCH_cl\" \/>\n<meta name=\"twitter:label1\" content=\"Written by\" \/>\n\t<meta name=\"twitter:data1\" content=\"Consejo de Rectores de las Universidades Chilenas\" \/>\n\t<meta name=\"twitter:label2\" content=\"Est. reading time\" \/>\n\t<meta name=\"twitter:data2\" content=\"4 minutes\" \/>\n<script type=\"application\/ld+json\" class=\"yoast-schema-graph\">{\"@context\":\"https:\/\/schema.org\",\"@graph\":[{\"@type\":\"Article\",\"@id\":\"https:\/\/consejoderectores.cl\/2025\/01\/09\/vicepresidente-ejecutivo-del-cruch-el-gasto-en-educacion-superior-en-chile-es-relativamente-alto-pero-se-trata-de-una-mirada-parcial-si-no-se-contempla-la-inversion-en-idi\/#article\",\"isPartOf\":{\"@id\":\"https:\/\/consejoderectores.cl\/2025\/01\/09\/vicepresidente-ejecutivo-del-cruch-el-gasto-en-educacion-superior-en-chile-es-relativamente-alto-pero-se-trata-de-una-mirada-parcial-si-no-se-contempla-la-inversion-en-idi\/\"},\"author\":{\"name\":\"Consejo de Rectores de las Universidades Chilenas\",\"@id\":\"https:\/\/consejoderectores.cl\/en\/#\/schema\/person\/d863e44afde067fd4b57fac66ced709e\"},\"headline\":\"Vicepresidente ejecutivo del CRUCH: \u201cEl gasto en educaci\u00f3n superior en Chile es relativamente alto, pero se trata de una mirada parcial si no se contempla la inversi\u00f3n en I+D+i\u201d\",\"datePublished\":\"2025-01-09T19:22:09+00:00\",\"dateModified\":\"2025-01-10T15:43:55+00:00\",\"mainEntityOfPage\":{\"@id\":\"https:\/\/consejoderectores.cl\/2025\/01\/09\/vicepresidente-ejecutivo-del-cruch-el-gasto-en-educacion-superior-en-chile-es-relativamente-alto-pero-se-trata-de-una-mirada-parcial-si-no-se-contempla-la-inversion-en-idi\/\"},\"wordCount\":844,\"commentCount\":0,\"publisher\":{\"@id\":\"https:\/\/consejoderectores.cl\/en\/#organization\"},\"image\":{\"@id\":\"https:\/\/consejoderectores.cl\/2025\/01\/09\/vicepresidente-ejecutivo-del-cruch-el-gasto-en-educacion-superior-en-chile-es-relativamente-alto-pero-se-trata-de-una-mirada-parcial-si-no-se-contempla-la-inversion-en-idi\/#primaryimage\"},\"thumbnailUrl\":\"https:\/\/consejoderectores.cl\/wp-content\/uploads\/2025\/01\/6.png\",\"articleSection\":[\"Noticias\",\"Noticias Carrusel\"],\"inLanguage\":\"en-US\",\"potentialAction\":[{\"@type\":\"CommentAction\",\"name\":\"Comment\",\"target\":[\"https:\/\/consejoderectores.cl\/2025\/01\/09\/vicepresidente-ejecutivo-del-cruch-el-gasto-en-educacion-superior-en-chile-es-relativamente-alto-pero-se-trata-de-una-mirada-parcial-si-no-se-contempla-la-inversion-en-idi\/#respond\"]}]},{\"@type\":\"WebPage\",\"@id\":\"https:\/\/consejoderectores.cl\/2025\/01\/09\/vicepresidente-ejecutivo-del-cruch-el-gasto-en-educacion-superior-en-chile-es-relativamente-alto-pero-se-trata-de-una-mirada-parcial-si-no-se-contempla-la-inversion-en-idi\/\",\"url\":\"https:\/\/consejoderectores.cl\/2025\/01\/09\/vicepresidente-ejecutivo-del-cruch-el-gasto-en-educacion-superior-en-chile-es-relativamente-alto-pero-se-trata-de-una-mirada-parcial-si-no-se-contempla-la-inversion-en-idi\/\",\"name\":\"Vicepresidente ejecutivo del CRUCH: \u201cEl gasto en educaci\u00f3n superior en Chile es relativamente alto, pero se trata de una mirada parcial si no se contempla la inversi\u00f3n en I+D+i\u201d - Consejo de Rectoras y Rectores de las Universidades Chilenas\",\"isPartOf\":{\"@id\":\"https:\/\/consejoderectores.cl\/en\/#website\"},\"primaryImageOfPage\":{\"@id\":\"https:\/\/consejoderectores.cl\/2025\/01\/09\/vicepresidente-ejecutivo-del-cruch-el-gasto-en-educacion-superior-en-chile-es-relativamente-alto-pero-se-trata-de-una-mirada-parcial-si-no-se-contempla-la-inversion-en-idi\/#primaryimage\"},\"image\":{\"@id\":\"https:\/\/consejoderectores.cl\/2025\/01\/09\/vicepresidente-ejecutivo-del-cruch-el-gasto-en-educacion-superior-en-chile-es-relativamente-alto-pero-se-trata-de-una-mirada-parcial-si-no-se-contempla-la-inversion-en-idi\/#primaryimage\"},\"thumbnailUrl\":\"https:\/\/consejoderectores.cl\/wp-content\/uploads\/2025\/01\/6.png\",\"datePublished\":\"2025-01-09T19:22:09+00:00\",\"dateModified\":\"2025-01-10T15:43:55+00:00\",\"breadcrumb\":{\"@id\":\"https:\/\/consejoderectores.cl\/2025\/01\/09\/vicepresidente-ejecutivo-del-cruch-el-gasto-en-educacion-superior-en-chile-es-relativamente-alto-pero-se-trata-de-una-mirada-parcial-si-no-se-contempla-la-inversion-en-idi\/#breadcrumb\"},\"inLanguage\":\"en-US\",\"potentialAction\":[{\"@type\":\"ReadAction\",\"target\":[\"https:\/\/consejoderectores.cl\/2025\/01\/09\/vicepresidente-ejecutivo-del-cruch-el-gasto-en-educacion-superior-en-chile-es-relativamente-alto-pero-se-trata-de-una-mirada-parcial-si-no-se-contempla-la-inversion-en-idi\/\"]}]},{\"@type\":\"ImageObject\",\"inLanguage\":\"en-US\",\"@id\":\"https:\/\/consejoderectores.cl\/2025\/01\/09\/vicepresidente-ejecutivo-del-cruch-el-gasto-en-educacion-superior-en-chile-es-relativamente-alto-pero-se-trata-de-una-mirada-parcial-si-no-se-contempla-la-inversion-en-idi\/#primaryimage\",\"url\":\"https:\/\/consejoderectores.cl\/wp-content\/uploads\/2025\/01\/6.png\",\"contentUrl\":\"https:\/\/consejoderectores.cl\/wp-content\/uploads\/2025\/01\/6.png\",\"width\":2880,\"height\":1206},{\"@type\":\"BreadcrumbList\",\"@id\":\"https:\/\/consejoderectores.cl\/2025\/01\/09\/vicepresidente-ejecutivo-del-cruch-el-gasto-en-educacion-superior-en-chile-es-relativamente-alto-pero-se-trata-de-una-mirada-parcial-si-no-se-contempla-la-inversion-en-idi\/#breadcrumb\",\"itemListElement\":[{\"@type\":\"ListItem\",\"position\":1,\"name\":\"Home\",\"item\":\"https:\/\/consejoderectores.cl\/\"},{\"@type\":\"ListItem\",\"position\":2,\"name\":\"Vicepresidente ejecutivo del CRUCH: \u201cEl gasto en educaci\u00f3n superior en Chile es relativamente alto, pero se trata de una mirada parcial si no se contempla la inversi\u00f3n en I+D+i\u201d\"}]},{\"@type\":\"WebSite\",\"@id\":\"https:\/\/consejoderectores.cl\/en\/#website\",\"url\":\"https:\/\/consejoderectores.cl\/en\/\",\"name\":\"Consejo de Rectoras y Rectores de las Universidades Chilenas\",\"description\":\"\",\"publisher\":{\"@id\":\"https:\/\/consejoderectores.cl\/en\/#organization\"},\"potentialAction\":[{\"@type\":\"SearchAction\",\"target\":{\"@type\":\"EntryPoint\",\"urlTemplate\":\"https:\/\/consejoderectores.cl\/en\/?s={search_term_string}\"},\"query-input\":{\"@type\":\"PropertyValueSpecification\",\"valueRequired\":true,\"valueName\":\"search_term_string\"}}],\"inLanguage\":\"en-US\"},{\"@type\":\"Organization\",\"@id\":\"https:\/\/consejoderectores.cl\/en\/#organization\",\"name\":\"Consejo de Rectoras y Rectores de las Universidades Chilenas\",\"url\":\"https:\/\/consejoderectores.cl\/en\/\",\"logo\":{\"@type\":\"ImageObject\",\"inLanguage\":\"en-US\",\"@id\":\"https:\/\/consejoderectores.cl\/en\/#\/schema\/logo\/image\/\",\"url\":\"https:\/\/consejoderectores.cl\/wp-content\/uploads\/2025\/12\/logoheader_2025.png\",\"contentUrl\":\"https:\/\/consejoderectores.cl\/wp-content\/uploads\/2025\/12\/logoheader_2025.png\",\"width\":666,\"height\":305,\"caption\":\"Consejo de Rectoras y Rectores de las Universidades Chilenas\"},\"image\":{\"@id\":\"https:\/\/consejoderectores.cl\/en\/#\/schema\/logo\/image\/\"},\"sameAs\":[\"https:\/\/x.com\/CRUCH_cl\",\"https:\/\/www.instagram.com\/consejoderectores\/\",\"https:\/\/www.linkedin.com\/company\/cruch\/\",\"https:\/\/www.youtube.com\/channel\/UCzgIFRCsDlKoFpimiQmEaOA\"]},{\"@type\":\"Person\",\"@id\":\"https:\/\/consejoderectores.cl\/en\/#\/schema\/person\/d863e44afde067fd4b57fac66ced709e\",\"name\":\"Consejo de Rectores de las Universidades Chilenas\",\"image\":{\"@type\":\"ImageObject\",\"inLanguage\":\"en-US\",\"@id\":\"https:\/\/consejoderectores.cl\/en\/#\/schema\/person\/image\/\",\"url\":\"https:\/\/secure.gravatar.com\/avatar\/c31e2a02401f041926afb8ee21ab666f0925814fe85d25a5c8db80e23722dfc1?s=96&d=mm&r=g\",\"contentUrl\":\"https:\/\/secure.gravatar.com\/avatar\/c31e2a02401f041926afb8ee21ab666f0925814fe85d25a5c8db80e23722dfc1?s=96&d=mm&r=g\",\"caption\":\"Consejo de Rectores de las Universidades Chilenas\"},\"sameAs\":[\"https:\/\/www.consejoderectores.cl\"],\"url\":\"https:\/\/consejoderectores.cl\/en\/author\/cruch\/\"}]}<\/script>\n<!-- \/ Yoast SEO plugin. -->","yoast_head_json":{"title":"Vicepresidente ejecutivo del CRUCH: \u201cEl gasto en educaci\u00f3n superior en Chile es relativamente alto, pero se trata de una mirada parcial si no se contempla la inversi\u00f3n en I+D+i\u201d - Consejo de Rectoras y Rectores de las Universidades Chilenas","robots":{"index":"index","follow":"follow","max-snippet":"max-snippet:-1","max-image-preview":"max-image-preview:large","max-video-preview":"max-video-preview:-1"},"canonical":"https:\/\/consejoderectores.cl\/en\/2025\/01\/09\/vicepresidente-ejecutivo-del-cruch-el-gasto-en-educacion-superior-en-chile-es-relativamente-alto-pero-se-trata-de-una-mirada-parcial-si-no-se-contempla-la-inversion-en-idi\/","og_locale":"en_US","og_type":"article","og_title":"Vicepresidente ejecutivo del CRUCH: \u201cEl gasto en educaci\u00f3n superior en Chile es relativamente alto, pero se trata de una mirada parcial si no se contempla la inversi\u00f3n en I+D+i\u201d - Consejo de Rectoras y Rectores de las Universidades Chilenas","og_description":"En la Comisi\u00f3n Especial Investigadora del Congreso, el rector Emilio Rodr\u00edguez, plante\u00f3 que \u201cse requiere fortalecer y priorizar la investigaci\u00f3n y la innovaci\u00f3n, como pilares del desarrollo del pa\u00eds\u201d. Este mi\u00e9rcoles 8 de enero, el vicepresidente ejecutivo del Consejo de Rectoras y Rectores de las Universidades Chilenas (CRUCH), Emilio Rodr\u00edguez, particip\u00f3 en la Comisi\u00f3n Especial [&hellip;]","og_url":"https:\/\/consejoderectores.cl\/en\/2025\/01\/09\/vicepresidente-ejecutivo-del-cruch-el-gasto-en-educacion-superior-en-chile-es-relativamente-alto-pero-se-trata-de-una-mirada-parcial-si-no-se-contempla-la-inversion-en-idi\/","og_site_name":"Consejo de Rectoras y Rectores de las Universidades Chilenas","article_published_time":"2025-01-09T19:22:09+00:00","article_modified_time":"2025-01-10T15:43:55+00:00","og_image":[{"width":2880,"height":1206,"url":"https:\/\/consejoderectores.cl\/wp-content\/uploads\/2025\/01\/6.png","type":"image\/png"}],"author":"Consejo de Rectores de las Universidades Chilenas","twitter_card":"summary_large_image","twitter_creator":"@CRUCH_cl","twitter_site":"@CRUCH_cl","twitter_misc":{"Written by":"Consejo de Rectores de las Universidades Chilenas","Est. reading time":"4 minutes"},"schema":{"@context":"https:\/\/schema.org","@graph":[{"@type":"Article","@id":"https:\/\/consejoderectores.cl\/2025\/01\/09\/vicepresidente-ejecutivo-del-cruch-el-gasto-en-educacion-superior-en-chile-es-relativamente-alto-pero-se-trata-de-una-mirada-parcial-si-no-se-contempla-la-inversion-en-idi\/#article","isPartOf":{"@id":"https:\/\/consejoderectores.cl\/2025\/01\/09\/vicepresidente-ejecutivo-del-cruch-el-gasto-en-educacion-superior-en-chile-es-relativamente-alto-pero-se-trata-de-una-mirada-parcial-si-no-se-contempla-la-inversion-en-idi\/"},"author":{"name":"Consejo de Rectores de las Universidades Chilenas","@id":"https:\/\/consejoderectores.cl\/en\/#\/schema\/person\/d863e44afde067fd4b57fac66ced709e"},"headline":"Vicepresidente ejecutivo del CRUCH: \u201cEl gasto en educaci\u00f3n superior en Chile es relativamente alto, pero se trata de una mirada parcial si no se contempla la inversi\u00f3n en I+D+i\u201d","datePublished":"2025-01-09T19:22:09+00:00","dateModified":"2025-01-10T15:43:55+00:00","mainEntityOfPage":{"@id":"https:\/\/consejoderectores.cl\/2025\/01\/09\/vicepresidente-ejecutivo-del-cruch-el-gasto-en-educacion-superior-en-chile-es-relativamente-alto-pero-se-trata-de-una-mirada-parcial-si-no-se-contempla-la-inversion-en-idi\/"},"wordCount":844,"commentCount":0,"publisher":{"@id":"https:\/\/consejoderectores.cl\/en\/#organization"},"image":{"@id":"https:\/\/consejoderectores.cl\/2025\/01\/09\/vicepresidente-ejecutivo-del-cruch-el-gasto-en-educacion-superior-en-chile-es-relativamente-alto-pero-se-trata-de-una-mirada-parcial-si-no-se-contempla-la-inversion-en-idi\/#primaryimage"},"thumbnailUrl":"https:\/\/consejoderectores.cl\/wp-content\/uploads\/2025\/01\/6.png","articleSection":["Noticias","Noticias Carrusel"],"inLanguage":"en-US","potentialAction":[{"@type":"CommentAction","name":"Comment","target":["https:\/\/consejoderectores.cl\/2025\/01\/09\/vicepresidente-ejecutivo-del-cruch-el-gasto-en-educacion-superior-en-chile-es-relativamente-alto-pero-se-trata-de-una-mirada-parcial-si-no-se-contempla-la-inversion-en-idi\/#respond"]}]},{"@type":"WebPage","@id":"https:\/\/consejoderectores.cl\/2025\/01\/09\/vicepresidente-ejecutivo-del-cruch-el-gasto-en-educacion-superior-en-chile-es-relativamente-alto-pero-se-trata-de-una-mirada-parcial-si-no-se-contempla-la-inversion-en-idi\/","url":"https:\/\/consejoderectores.cl\/2025\/01\/09\/vicepresidente-ejecutivo-del-cruch-el-gasto-en-educacion-superior-en-chile-es-relativamente-alto-pero-se-trata-de-una-mirada-parcial-si-no-se-contempla-la-inversion-en-idi\/","name":"Vicepresidente ejecutivo del CRUCH: \u201cEl gasto en educaci\u00f3n superior en Chile es relativamente alto, pero se trata de una mirada parcial si no se contempla la inversi\u00f3n en I+D+i\u201d - Consejo de Rectoras y Rectores de las Universidades Chilenas","isPartOf":{"@id":"https:\/\/consejoderectores.cl\/en\/#website"},"primaryImageOfPage":{"@id":"https:\/\/consejoderectores.cl\/2025\/01\/09\/vicepresidente-ejecutivo-del-cruch-el-gasto-en-educacion-superior-en-chile-es-relativamente-alto-pero-se-trata-de-una-mirada-parcial-si-no-se-contempla-la-inversion-en-idi\/#primaryimage"},"image":{"@id":"https:\/\/consejoderectores.cl\/2025\/01\/09\/vicepresidente-ejecutivo-del-cruch-el-gasto-en-educacion-superior-en-chile-es-relativamente-alto-pero-se-trata-de-una-mirada-parcial-si-no-se-contempla-la-inversion-en-idi\/#primaryimage"},"thumbnailUrl":"https:\/\/consejoderectores.cl\/wp-content\/uploads\/2025\/01\/6.png","datePublished":"2025-01-09T19:22:09+00:00","dateModified":"2025-01-10T15:43:55+00:00","breadcrumb":{"@id":"https:\/\/consejoderectores.cl\/2025\/01\/09\/vicepresidente-ejecutivo-del-cruch-el-gasto-en-educacion-superior-en-chile-es-relativamente-alto-pero-se-trata-de-una-mirada-parcial-si-no-se-contempla-la-inversion-en-idi\/#breadcrumb"},"inLanguage":"en-US","potentialAction":[{"@type":"ReadAction","target":["https:\/\/consejoderectores.cl\/2025\/01\/09\/vicepresidente-ejecutivo-del-cruch-el-gasto-en-educacion-superior-en-chile-es-relativamente-alto-pero-se-trata-de-una-mirada-parcial-si-no-se-contempla-la-inversion-en-idi\/"]}]},{"@type":"ImageObject","inLanguage":"en-US","@id":"https:\/\/consejoderectores.cl\/2025\/01\/09\/vicepresidente-ejecutivo-del-cruch-el-gasto-en-educacion-superior-en-chile-es-relativamente-alto-pero-se-trata-de-una-mirada-parcial-si-no-se-contempla-la-inversion-en-idi\/#primaryimage","url":"https:\/\/consejoderectores.cl\/wp-content\/uploads\/2025\/01\/6.png","contentUrl":"https:\/\/consejoderectores.cl\/wp-content\/uploads\/2025\/01\/6.png","width":2880,"height":1206},{"@type":"BreadcrumbList","@id":"https:\/\/consejoderectores.cl\/2025\/01\/09\/vicepresidente-ejecutivo-del-cruch-el-gasto-en-educacion-superior-en-chile-es-relativamente-alto-pero-se-trata-de-una-mirada-parcial-si-no-se-contempla-la-inversion-en-idi\/#breadcrumb","itemListElement":[{"@type":"ListItem","position":1,"name":"Home","item":"https:\/\/consejoderectores.cl\/"},{"@type":"ListItem","position":2,"name":"Vicepresidente ejecutivo del CRUCH: \u201cEl gasto en educaci\u00f3n superior en Chile es relativamente alto, pero se trata de una mirada parcial si no se contempla la inversi\u00f3n en I+D+i\u201d"}]},{"@type":"WebSite","@id":"https:\/\/consejoderectores.cl\/en\/#website","url":"https:\/\/consejoderectores.cl\/en\/","name":"Council of Rectors of Chilean Universities","description":"","publisher":{"@id":"https:\/\/consejoderectores.cl\/en\/#organization"},"potentialAction":[{"@type":"SearchAction","target":{"@type":"EntryPoint","urlTemplate":"https:\/\/consejoderectores.cl\/en\/?s={search_term_string}"},"query-input":{"@type":"PropertyValueSpecification","valueRequired":true,"valueName":"search_term_string"}}],"inLanguage":"en-US"},{"@type":"Organization","@id":"https:\/\/consejoderectores.cl\/en\/#organization","name":"Council of Rectors of Chilean Universities","url":"https:\/\/consejoderectores.cl\/en\/","logo":{"@type":"ImageObject","inLanguage":"en-US","@id":"https:\/\/consejoderectores.cl\/en\/#\/schema\/logo\/image\/","url":"https:\/\/consejoderectores.cl\/wp-content\/uploads\/2025\/12\/logoheader_2025.png","contentUrl":"https:\/\/consejoderectores.cl\/wp-content\/uploads\/2025\/12\/logoheader_2025.png","width":666,"height":305,"caption":"Consejo de Rectoras y Rectores de las Universidades Chilenas"},"image":{"@id":"https:\/\/consejoderectores.cl\/en\/#\/schema\/logo\/image\/"},"sameAs":["https:\/\/x.com\/CRUCH_cl","https:\/\/www.instagram.com\/consejoderectores\/","https:\/\/www.linkedin.com\/company\/cruch\/","https:\/\/www.youtube.com\/channel\/UCzgIFRCsDlKoFpimiQmEaOA"]},{"@type":"Person","@id":"https:\/\/consejoderectores.cl\/en\/#\/schema\/person\/d863e44afde067fd4b57fac66ced709e","name":"Council of Rectors of Chilean Universities","image":{"@type":"ImageObject","inLanguage":"en-US","@id":"https:\/\/consejoderectores.cl\/en\/#\/schema\/person\/image\/","url":"https:\/\/secure.gravatar.com\/avatar\/c31e2a02401f041926afb8ee21ab666f0925814fe85d25a5c8db80e23722dfc1?s=96&d=mm&r=g","contentUrl":"https:\/\/secure.gravatar.com\/avatar\/c31e2a02401f041926afb8ee21ab666f0925814fe85d25a5c8db80e23722dfc1?s=96&d=mm&r=g","caption":"Consejo de Rectores de las Universidades Chilenas"},"sameAs":["https:\/\/www.consejoderectores.cl"],"url":"https:\/\/consejoderectores.cl\/en\/author\/cruch\/"}]}},"_links":{"self":[{"href":"https:\/\/consejoderectores.cl\/en\/wp-json\/wp\/v2\/posts\/12225","targetHints":{"allow":["GET"]}}],"collection":[{"href":"https:\/\/consejoderectores.cl\/en\/wp-json\/wp\/v2\/posts"}],"about":[{"href":"https:\/\/consejoderectores.cl\/en\/wp-json\/wp\/v2\/types\/post"}],"author":[{"embeddable":true,"href":"https:\/\/consejoderectores.cl\/en\/wp-json\/wp\/v2\/users\/1"}],"replies":[{"embeddable":true,"href":"https:\/\/consejoderectores.cl\/en\/wp-json\/wp\/v2\/comments?post=12225"}],"version-history":[{"count":8,"href":"https:\/\/consejoderectores.cl\/en\/wp-json\/wp\/v2\/posts\/12225\/revisions"}],"predecessor-version":[{"id":12236,"href":"https:\/\/consejoderectores.cl\/en\/wp-json\/wp\/v2\/posts\/12225\/revisions\/12236"}],"wp:featuredmedia":[{"embeddable":true,"href":"https:\/\/consejoderectores.cl\/en\/wp-json\/wp\/v2\/media\/12230"}],"wp:attachment":[{"href":"https:\/\/consejoderectores.cl\/en\/wp-json\/wp\/v2\/media?parent=12225"}],"wp:term":[{"taxonomy":"category","embeddable":true,"href":"https:\/\/consejoderectores.cl\/en\/wp-json\/wp\/v2\/categories?post=12225"},{"taxonomy":"post_tag","embeddable":true,"href":"https:\/\/consejoderectores.cl\/en\/wp-json\/wp\/v2\/tags?post=12225"}],"curies":[{"name":"wp","href":"https:\/\/api.w.org\/{rel}","templated":true}]}}