{"id":12213,"date":"2024-12-23T20:02:51","date_gmt":"2024-12-23T20:02:51","guid":{"rendered":"https:\/\/consejoderectores.cl\/?p=12213"},"modified":"2024-12-23T20:11:23","modified_gmt":"2024-12-23T20:11:23","slug":"cruch-se-compromete-a-participar-activamente-en-la-actualizacion-de-requisitos-de-ingreso-para-carreras-de-pedagogia","status":"publish","type":"post","link":"https:\/\/consejoderectores.cl\/en\/2024\/12\/23\/cruch-se-compromete-a-participar-activamente-en-la-actualizacion-de-requisitos-de-ingreso-para-carreras-de-pedagogia\/","title":{"rendered":"CRUCH is committed to actively participating in the updating of admission requirements for Pedagogy programs."},"content":{"rendered":"<blockquote><p>The executive vice president of the Council of Rectors, Emilio Rodr\u00edguez, welcomed the Joint Commission&#039;s decision to postpone the implementation of the new admission requirements for teacher training programs for one year. Meanwhile, the rector of UAndes, Jos\u00e9 Antonio Guzm\u00e1n, stated that &quot;the underlying issue needs to be addressed urgently, but the consequences of not postponing the deadline would have been serious for many universities.&quot;.<\/p>\n<p>Through a working committee, led by the rector of UMCE, Elisa Araya; the rector of PUCV, Nelson V\u00e1squez; and the rector of UPLA, Carlos Gonz\u00e1lez; CRUCH will contribute to the Undersecretariat of Higher Education with proposals and recommendations for the bill that will be presented in March 2025.<\/p><\/blockquote>\n<p>\u201cAs the Council of Rectors of Chilean Universities, we are very grateful to the Chamber of Deputies and the Joint Committee, who approved a further extension. This decision was vital, because otherwise it would have harmed the training of teachers in every region of the country,\u201d stated the <strong>Executive Vice President of CRUCH and Rector of the University of Tarapac\u00e1, Emilio Rodr\u00edguez<\/strong>, with respect to the decision to maintain until 2026 the current requirements for entering Pedagogy careers.<\/p>\n<p>According to various rectors of the CRUCH, the decision to postpone the entry into force of article 27 bis of Law 20.129 \u2013 approved on Wednesday, December 18, within the framework of the public sector readjustment project \u2013 allows mitigating the negative effects derived from the implementation of the new requirements for entry into the pedagogy careers contemplated in Law 20.903, which creates the Teacher Professional Development System and modifies other regulations.<\/p>\n<p>The<strong> Rector of the Metropolitan University of Educational Sciences (UMCE), Elisa Araya<\/strong>, He commented that the decision of the joint commission &quot;leaves us at ease, but also challenges us to continue reflecting and proposing an admission system for this important career, one that values those factors that truly allow us to have the best teachers in Chilean classrooms.&quot;.<\/p>\n<p>For his part, the<strong> Rector of the University of Los Andes (UAndes), Jos\u00e9 Antonio Guzm\u00e1n, <\/strong>He pointed out that <strong>\u201c<\/strong>This is good news. The commission has acted prudently. It is true that this postponement is a temporary solution and that the underlying issue needs to be addressed urgently, but the consequences of not postponing would have been serious for many universities.<\/p>\n<p>Meanwhile, the <strong>Rector of the University of Playa Ancha (UPLA), Carlos Gonz\u00e1lez<\/strong>, He argued that \u201cwe already have a shortage of teachers, and under these conditions, we certainly won&#039;t have enough teachers in the coming years. Therefore, the fact that they have opened themselves up to the possibility of rethinking this policy seems fantastic to us. For this reason, it is important to acknowledge the senators and representatives who were willing to postpone its implementation, as it was a complex discussion. In this regard, I believe the communication they have had with the universities was essential and allowed us to achieve this result.\u201d.<\/p>\n<p><strong>CRUCH Commitment<\/strong><\/p>\n<p><strong>\u00a0<\/strong>The extension of the new admission requirements for teacher training programs was made possible by a protocol agreement stipulating that the Executive Branch will present \u201ca bill to update the requirements for the Pedagogy degree, which will incorporate measures to attract teaching talent. This will be expedited. However, if said bill is not in effect for the 2026 admissions cycle, the extension of the requirements established in the law that creates the professional teaching system cannot take effect.\u201d.<\/p>\n<p>In this new scenario, CRUCH committed to actively participating with the Undersecretariat of Higher Education in the process of drafting the bill committed to by March 2025.<\/p>\n<p>\u201cWe consider this a vote of confidence in Chilean universities, which, of course, deeply commits us to participate substantively in drafting a bill. Now, without a doubt, we must develop legislation with a long-term perspective, one that addresses the national reality, considers the diversity of the regions, and, of course, the requirements for Chile&#039;s successful integration into a digital society where artificial intelligence is becoming increasingly prevalent,\u201d stated the executive vice president of CRUCH.<\/p>\n<p>In this regard, Rector Guzm\u00e1n stated, \u201cWe want those studying pedagogy to have the skills to be excellent teachers, but at the same time, we need a sufficient number of candidates. The projected teacher shortage for the coming years is very alarming. Universities must contribute in both of these areas: adequate training and a sufficient number of professors.\u201d.<\/p>\n<p>Through a CRUCH working committee, led by Rector Gonz\u00e1lez, Rector Araya and the Rector of the Pontifical Catholic University of Chile (PUCV), Nelson V\u00e1squez, proposals and recommendations will be formulated to update the requirements for access to Pedagogy careers and to consider measures for attracting talent.<\/p>\n<p><strong>Sense of urgency<\/strong><\/p>\n<p>Regarding the deadlines defined in the protocol, the rector of UPLA emphasized that \u201cwe can\u2019t wait here\u201d and added that \u201cwe have to build it together\u2014the project\u2014and for that, we have all our willingness, our capabilities, and the teams that, of course, are needed to help. I think this is good news for the Undersecretariat of Higher Education, in the sense of having academics available to collaborate, to help, and to create new processes and procedures that make sense for the development of the teaching vocation.\u201d.<\/p>\n<p>From Rector Araya&#039;s perspective, in this process &quot;it is very important to consider the complexity of what it means to train as a teacher and the country&#039;s need to attract more young people to this rewarding profession, as well as the best ways to provide them with a quality education.&quot; For example, the excessive demands of the various evaluations and the over-regulation of teacher training programs should be reviewed, &quot;which creates stress on the system that, to this day, has not proven to yield significant results,&quot; the rector states.<\/p>\n<p>It is worth remembering that the Council has worked intensively in recent years to contribute to strengthening teacher training, as detailed in the report. <a href=\"https:\/\/consejoderectores.cl\/wp-content\/uploads\/2024\/03\/Informe-CRUCH_La-Docencia-Cambia-Vidas.pdf\"><strong>\u201cTeaching Changes Lives\u201d<\/strong><\/a>, delivered to the Ministry of Education in March 2024. This document identifies 24 critical issues in the initial and ongoing training of teachers and proposes concrete actions, including greater flexibility in admission to teaching programs, considering the current context of teacher shortages; and the strengthening of inclusive access programs to attract young people with a vocation, especially in vulnerable territories.<\/p>\n<p><strong>Text: CRUCH Communications<\/strong><\/p>","protected":false},"excerpt":{"rendered":"<p>El vicepresidente ejecutivo del Consejo de Rectoras y Rectores, Emilio Rodr\u00edguez, valor\u00f3 la decisi\u00f3n de la Comisi\u00f3n Mixta de prorrogar por un a\u00f1o la entrada en vigencia de los nuevos requisitos de ingreso a Pedagog\u00edas. En tanto, el rector de la UAndes, Jos\u00e9 Antonio Guzm\u00e1n, se\u00f1al\u00f3 que \u201cse necesita enfrentar con urgencia el tema de [&hellip;]<\/p>\n","protected":false},"author":1,"featured_media":12217,"comment_status":"open","ping_status":"open","sticky":false,"template":"","format":"standard","meta":{"_acf_changed":false,"footnotes":""},"categories":[3,13],"tags":[],"class_list":["post-12213","post","type-post","status-publish","format-standard","has-post-thumbnail","hentry","category-noticias","category-noticias-carrusel"],"acf":[],"yoast_head":"<!-- This site is optimized with the Yoast SEO plugin v27.1.1 - https:\/\/yoast.com\/product\/yoast-seo-wordpress\/ -->\n<title>CRUCH se compromete a participar activamente en la actualizaci\u00f3n de requisitos de ingreso para carreras de Pedagog\u00eda - Consejo de Rectoras y Rectores de las Universidades Chilenas<\/title>\n<meta name=\"robots\" content=\"index, follow, max-snippet:-1, max-image-preview:large, max-video-preview:-1\" \/>\n<link rel=\"canonical\" href=\"https:\/\/consejoderectores.cl\/en\/2024\/12\/23\/cruch-se-compromete-a-participar-activamente-en-la-actualizacion-de-requisitos-de-ingreso-para-carreras-de-pedagogia\/\" \/>\n<meta property=\"og:locale\" content=\"en_US\" \/>\n<meta property=\"og:type\" content=\"article\" \/>\n<meta property=\"og:title\" content=\"CRUCH se compromete a participar activamente en la actualizaci\u00f3n de requisitos de ingreso para carreras de Pedagog\u00eda - Consejo de Rectoras y Rectores de las Universidades Chilenas\" \/>\n<meta property=\"og:description\" content=\"El vicepresidente ejecutivo del Consejo de Rectoras y Rectores, Emilio Rodr\u00edguez, valor\u00f3 la decisi\u00f3n de la Comisi\u00f3n Mixta de prorrogar por un a\u00f1o la entrada en vigencia de los nuevos requisitos de ingreso a Pedagog\u00edas. En tanto, el rector de la UAndes, Jos\u00e9 Antonio Guzm\u00e1n, se\u00f1al\u00f3 que \u201cse necesita enfrentar con urgencia el tema de [&hellip;]\" \/>\n<meta property=\"og:url\" content=\"https:\/\/consejoderectores.cl\/en\/2024\/12\/23\/cruch-se-compromete-a-participar-activamente-en-la-actualizacion-de-requisitos-de-ingreso-para-carreras-de-pedagogia\/\" \/>\n<meta property=\"og:site_name\" content=\"Consejo de Rectoras y Rectores de las Universidades Chilenas\" \/>\n<meta property=\"article:published_time\" content=\"2024-12-23T20:02:51+00:00\" \/>\n<meta property=\"article:modified_time\" content=\"2024-12-23T20:11:23+00:00\" \/>\n<meta property=\"og:image\" content=\"https:\/\/consejoderectores.cl\/wp-content\/uploads\/2024\/12\/Banner-Pedagogias-1024x429.png\" \/>\n\t<meta property=\"og:image:width\" content=\"1024\" \/>\n\t<meta property=\"og:image:height\" content=\"429\" \/>\n\t<meta property=\"og:image:type\" content=\"image\/png\" \/>\n<meta name=\"author\" content=\"Consejo de Rectores de las Universidades Chilenas\" \/>\n<meta name=\"twitter:card\" content=\"summary_large_image\" \/>\n<meta name=\"twitter:creator\" content=\"@CRUCH_cl\" \/>\n<meta name=\"twitter:site\" content=\"@CRUCH_cl\" \/>\n<meta name=\"twitter:label1\" content=\"Written by\" \/>\n\t<meta name=\"twitter:data1\" content=\"Consejo de Rectores de las Universidades Chilenas\" \/>\n\t<meta name=\"twitter:label2\" content=\"Est. reading time\" \/>\n\t<meta name=\"twitter:data2\" content=\"5 minutes\" \/>\n<script type=\"application\/ld+json\" class=\"yoast-schema-graph\">{\"@context\":\"https:\/\/schema.org\",\"@graph\":[{\"@type\":\"Article\",\"@id\":\"https:\/\/consejoderectores.cl\/2024\/12\/23\/cruch-se-compromete-a-participar-activamente-en-la-actualizacion-de-requisitos-de-ingreso-para-carreras-de-pedagogia\/#article\",\"isPartOf\":{\"@id\":\"https:\/\/consejoderectores.cl\/2024\/12\/23\/cruch-se-compromete-a-participar-activamente-en-la-actualizacion-de-requisitos-de-ingreso-para-carreras-de-pedagogia\/\"},\"author\":{\"name\":\"Consejo de Rectores de las Universidades Chilenas\",\"@id\":\"https:\/\/consejoderectores.cl\/en\/#\/schema\/person\/d863e44afde067fd4b57fac66ced709e\"},\"headline\":\"CRUCH se compromete a participar activamente en la actualizaci\u00f3n de requisitos de ingreso para carreras de Pedagog\u00eda\",\"datePublished\":\"2024-12-23T20:02:51+00:00\",\"dateModified\":\"2024-12-23T20:11:23+00:00\",\"mainEntityOfPage\":{\"@id\":\"https:\/\/consejoderectores.cl\/2024\/12\/23\/cruch-se-compromete-a-participar-activamente-en-la-actualizacion-de-requisitos-de-ingreso-para-carreras-de-pedagogia\/\"},\"wordCount\":1230,\"commentCount\":0,\"publisher\":{\"@id\":\"https:\/\/consejoderectores.cl\/en\/#organization\"},\"image\":{\"@id\":\"https:\/\/consejoderectores.cl\/2024\/12\/23\/cruch-se-compromete-a-participar-activamente-en-la-actualizacion-de-requisitos-de-ingreso-para-carreras-de-pedagogia\/#primaryimage\"},\"thumbnailUrl\":\"https:\/\/consejoderectores.cl\/wp-content\/uploads\/2024\/12\/Banner-Pedagogias.png\",\"articleSection\":[\"Noticias\",\"Noticias Carrusel\"],\"inLanguage\":\"en-US\",\"potentialAction\":[{\"@type\":\"CommentAction\",\"name\":\"Comment\",\"target\":[\"https:\/\/consejoderectores.cl\/2024\/12\/23\/cruch-se-compromete-a-participar-activamente-en-la-actualizacion-de-requisitos-de-ingreso-para-carreras-de-pedagogia\/#respond\"]}]},{\"@type\":\"WebPage\",\"@id\":\"https:\/\/consejoderectores.cl\/2024\/12\/23\/cruch-se-compromete-a-participar-activamente-en-la-actualizacion-de-requisitos-de-ingreso-para-carreras-de-pedagogia\/\",\"url\":\"https:\/\/consejoderectores.cl\/2024\/12\/23\/cruch-se-compromete-a-participar-activamente-en-la-actualizacion-de-requisitos-de-ingreso-para-carreras-de-pedagogia\/\",\"name\":\"CRUCH se compromete a participar activamente en la actualizaci\u00f3n de requisitos de ingreso para carreras de Pedagog\u00eda - Consejo de Rectoras y Rectores de las Universidades Chilenas\",\"isPartOf\":{\"@id\":\"https:\/\/consejoderectores.cl\/en\/#website\"},\"primaryImageOfPage\":{\"@id\":\"https:\/\/consejoderectores.cl\/2024\/12\/23\/cruch-se-compromete-a-participar-activamente-en-la-actualizacion-de-requisitos-de-ingreso-para-carreras-de-pedagogia\/#primaryimage\"},\"image\":{\"@id\":\"https:\/\/consejoderectores.cl\/2024\/12\/23\/cruch-se-compromete-a-participar-activamente-en-la-actualizacion-de-requisitos-de-ingreso-para-carreras-de-pedagogia\/#primaryimage\"},\"thumbnailUrl\":\"https:\/\/consejoderectores.cl\/wp-content\/uploads\/2024\/12\/Banner-Pedagogias.png\",\"datePublished\":\"2024-12-23T20:02:51+00:00\",\"dateModified\":\"2024-12-23T20:11:23+00:00\",\"breadcrumb\":{\"@id\":\"https:\/\/consejoderectores.cl\/2024\/12\/23\/cruch-se-compromete-a-participar-activamente-en-la-actualizacion-de-requisitos-de-ingreso-para-carreras-de-pedagogia\/#breadcrumb\"},\"inLanguage\":\"en-US\",\"potentialAction\":[{\"@type\":\"ReadAction\",\"target\":[\"https:\/\/consejoderectores.cl\/2024\/12\/23\/cruch-se-compromete-a-participar-activamente-en-la-actualizacion-de-requisitos-de-ingreso-para-carreras-de-pedagogia\/\"]}]},{\"@type\":\"ImageObject\",\"inLanguage\":\"en-US\",\"@id\":\"https:\/\/consejoderectores.cl\/2024\/12\/23\/cruch-se-compromete-a-participar-activamente-en-la-actualizacion-de-requisitos-de-ingreso-para-carreras-de-pedagogia\/#primaryimage\",\"url\":\"https:\/\/consejoderectores.cl\/wp-content\/uploads\/2024\/12\/Banner-Pedagogias.png\",\"contentUrl\":\"https:\/\/consejoderectores.cl\/wp-content\/uploads\/2024\/12\/Banner-Pedagogias.png\",\"width\":2880,\"height\":1206},{\"@type\":\"BreadcrumbList\",\"@id\":\"https:\/\/consejoderectores.cl\/2024\/12\/23\/cruch-se-compromete-a-participar-activamente-en-la-actualizacion-de-requisitos-de-ingreso-para-carreras-de-pedagogia\/#breadcrumb\",\"itemListElement\":[{\"@type\":\"ListItem\",\"position\":1,\"name\":\"Home\",\"item\":\"https:\/\/consejoderectores.cl\/\"},{\"@type\":\"ListItem\",\"position\":2,\"name\":\"CRUCH se compromete a participar activamente en la actualizaci\u00f3n de requisitos de ingreso para carreras de Pedagog\u00eda\"}]},{\"@type\":\"WebSite\",\"@id\":\"https:\/\/consejoderectores.cl\/en\/#website\",\"url\":\"https:\/\/consejoderectores.cl\/en\/\",\"name\":\"Consejo de Rectoras y Rectores de las Universidades Chilenas\",\"description\":\"\",\"publisher\":{\"@id\":\"https:\/\/consejoderectores.cl\/en\/#organization\"},\"potentialAction\":[{\"@type\":\"SearchAction\",\"target\":{\"@type\":\"EntryPoint\",\"urlTemplate\":\"https:\/\/consejoderectores.cl\/en\/?s={search_term_string}\"},\"query-input\":{\"@type\":\"PropertyValueSpecification\",\"valueRequired\":true,\"valueName\":\"search_term_string\"}}],\"inLanguage\":\"en-US\"},{\"@type\":\"Organization\",\"@id\":\"https:\/\/consejoderectores.cl\/en\/#organization\",\"name\":\"Consejo de Rectoras y Rectores de las Universidades Chilenas\",\"url\":\"https:\/\/consejoderectores.cl\/en\/\",\"logo\":{\"@type\":\"ImageObject\",\"inLanguage\":\"en-US\",\"@id\":\"https:\/\/consejoderectores.cl\/en\/#\/schema\/logo\/image\/\",\"url\":\"https:\/\/consejoderectores.cl\/wp-content\/uploads\/2025\/12\/logoheader_2025.png\",\"contentUrl\":\"https:\/\/consejoderectores.cl\/wp-content\/uploads\/2025\/12\/logoheader_2025.png\",\"width\":666,\"height\":305,\"caption\":\"Consejo de Rectoras y Rectores de las Universidades Chilenas\"},\"image\":{\"@id\":\"https:\/\/consejoderectores.cl\/en\/#\/schema\/logo\/image\/\"},\"sameAs\":[\"https:\/\/x.com\/CRUCH_cl\",\"https:\/\/www.instagram.com\/consejoderectores\/\",\"https:\/\/www.linkedin.com\/company\/cruch\/\",\"https:\/\/www.youtube.com\/channel\/UCzgIFRCsDlKoFpimiQmEaOA\"]},{\"@type\":\"Person\",\"@id\":\"https:\/\/consejoderectores.cl\/en\/#\/schema\/person\/d863e44afde067fd4b57fac66ced709e\",\"name\":\"Consejo de Rectores de las Universidades Chilenas\",\"image\":{\"@type\":\"ImageObject\",\"inLanguage\":\"en-US\",\"@id\":\"https:\/\/consejoderectores.cl\/en\/#\/schema\/person\/image\/\",\"url\":\"https:\/\/secure.gravatar.com\/avatar\/c31e2a02401f041926afb8ee21ab666f0925814fe85d25a5c8db80e23722dfc1?s=96&d=mm&r=g\",\"contentUrl\":\"https:\/\/secure.gravatar.com\/avatar\/c31e2a02401f041926afb8ee21ab666f0925814fe85d25a5c8db80e23722dfc1?s=96&d=mm&r=g\",\"caption\":\"Consejo de Rectores de las Universidades Chilenas\"},\"sameAs\":[\"https:\/\/www.consejoderectores.cl\"],\"url\":\"https:\/\/consejoderectores.cl\/en\/author\/cruch\/\"}]}<\/script>\n<!-- \/ Yoast SEO plugin. -->","yoast_head_json":{"title":"CRUCH se compromete a participar activamente en la actualizaci\u00f3n de requisitos de ingreso para carreras de Pedagog\u00eda - Consejo de Rectoras y Rectores de las Universidades Chilenas","robots":{"index":"index","follow":"follow","max-snippet":"max-snippet:-1","max-image-preview":"max-image-preview:large","max-video-preview":"max-video-preview:-1"},"canonical":"https:\/\/consejoderectores.cl\/en\/2024\/12\/23\/cruch-se-compromete-a-participar-activamente-en-la-actualizacion-de-requisitos-de-ingreso-para-carreras-de-pedagogia\/","og_locale":"en_US","og_type":"article","og_title":"CRUCH se compromete a participar activamente en la actualizaci\u00f3n de requisitos de ingreso para carreras de Pedagog\u00eda - Consejo de Rectoras y Rectores de las Universidades Chilenas","og_description":"El vicepresidente ejecutivo del Consejo de Rectoras y Rectores, Emilio Rodr\u00edguez, valor\u00f3 la decisi\u00f3n de la Comisi\u00f3n Mixta de prorrogar por un a\u00f1o la entrada en vigencia de los nuevos requisitos de ingreso a Pedagog\u00edas. En tanto, el rector de la UAndes, Jos\u00e9 Antonio Guzm\u00e1n, se\u00f1al\u00f3 que \u201cse necesita enfrentar con urgencia el tema de [&hellip;]","og_url":"https:\/\/consejoderectores.cl\/en\/2024\/12\/23\/cruch-se-compromete-a-participar-activamente-en-la-actualizacion-de-requisitos-de-ingreso-para-carreras-de-pedagogia\/","og_site_name":"Consejo de Rectoras y Rectores de las Universidades Chilenas","article_published_time":"2024-12-23T20:02:51+00:00","article_modified_time":"2024-12-23T20:11:23+00:00","og_image":[{"width":1024,"height":429,"url":"https:\/\/consejoderectores.cl\/wp-content\/uploads\/2024\/12\/Banner-Pedagogias-1024x429.png","type":"image\/png"}],"author":"Consejo de Rectores de las Universidades Chilenas","twitter_card":"summary_large_image","twitter_creator":"@CRUCH_cl","twitter_site":"@CRUCH_cl","twitter_misc":{"Written by":"Consejo de Rectores de las Universidades Chilenas","Est. reading time":"5 minutes"},"schema":{"@context":"https:\/\/schema.org","@graph":[{"@type":"Article","@id":"https:\/\/consejoderectores.cl\/2024\/12\/23\/cruch-se-compromete-a-participar-activamente-en-la-actualizacion-de-requisitos-de-ingreso-para-carreras-de-pedagogia\/#article","isPartOf":{"@id":"https:\/\/consejoderectores.cl\/2024\/12\/23\/cruch-se-compromete-a-participar-activamente-en-la-actualizacion-de-requisitos-de-ingreso-para-carreras-de-pedagogia\/"},"author":{"name":"Consejo de Rectores de las Universidades Chilenas","@id":"https:\/\/consejoderectores.cl\/en\/#\/schema\/person\/d863e44afde067fd4b57fac66ced709e"},"headline":"CRUCH se compromete a participar activamente en la actualizaci\u00f3n de requisitos de ingreso para carreras de Pedagog\u00eda","datePublished":"2024-12-23T20:02:51+00:00","dateModified":"2024-12-23T20:11:23+00:00","mainEntityOfPage":{"@id":"https:\/\/consejoderectores.cl\/2024\/12\/23\/cruch-se-compromete-a-participar-activamente-en-la-actualizacion-de-requisitos-de-ingreso-para-carreras-de-pedagogia\/"},"wordCount":1230,"commentCount":0,"publisher":{"@id":"https:\/\/consejoderectores.cl\/en\/#organization"},"image":{"@id":"https:\/\/consejoderectores.cl\/2024\/12\/23\/cruch-se-compromete-a-participar-activamente-en-la-actualizacion-de-requisitos-de-ingreso-para-carreras-de-pedagogia\/#primaryimage"},"thumbnailUrl":"https:\/\/consejoderectores.cl\/wp-content\/uploads\/2024\/12\/Banner-Pedagogias.png","articleSection":["Noticias","Noticias Carrusel"],"inLanguage":"en-US","potentialAction":[{"@type":"CommentAction","name":"Comment","target":["https:\/\/consejoderectores.cl\/2024\/12\/23\/cruch-se-compromete-a-participar-activamente-en-la-actualizacion-de-requisitos-de-ingreso-para-carreras-de-pedagogia\/#respond"]}]},{"@type":"WebPage","@id":"https:\/\/consejoderectores.cl\/2024\/12\/23\/cruch-se-compromete-a-participar-activamente-en-la-actualizacion-de-requisitos-de-ingreso-para-carreras-de-pedagogia\/","url":"https:\/\/consejoderectores.cl\/2024\/12\/23\/cruch-se-compromete-a-participar-activamente-en-la-actualizacion-de-requisitos-de-ingreso-para-carreras-de-pedagogia\/","name":"CRUCH se compromete a participar activamente en la actualizaci\u00f3n de requisitos de ingreso para carreras de Pedagog\u00eda - Consejo de Rectoras y Rectores de las Universidades Chilenas","isPartOf":{"@id":"https:\/\/consejoderectores.cl\/en\/#website"},"primaryImageOfPage":{"@id":"https:\/\/consejoderectores.cl\/2024\/12\/23\/cruch-se-compromete-a-participar-activamente-en-la-actualizacion-de-requisitos-de-ingreso-para-carreras-de-pedagogia\/#primaryimage"},"image":{"@id":"https:\/\/consejoderectores.cl\/2024\/12\/23\/cruch-se-compromete-a-participar-activamente-en-la-actualizacion-de-requisitos-de-ingreso-para-carreras-de-pedagogia\/#primaryimage"},"thumbnailUrl":"https:\/\/consejoderectores.cl\/wp-content\/uploads\/2024\/12\/Banner-Pedagogias.png","datePublished":"2024-12-23T20:02:51+00:00","dateModified":"2024-12-23T20:11:23+00:00","breadcrumb":{"@id":"https:\/\/consejoderectores.cl\/2024\/12\/23\/cruch-se-compromete-a-participar-activamente-en-la-actualizacion-de-requisitos-de-ingreso-para-carreras-de-pedagogia\/#breadcrumb"},"inLanguage":"en-US","potentialAction":[{"@type":"ReadAction","target":["https:\/\/consejoderectores.cl\/2024\/12\/23\/cruch-se-compromete-a-participar-activamente-en-la-actualizacion-de-requisitos-de-ingreso-para-carreras-de-pedagogia\/"]}]},{"@type":"ImageObject","inLanguage":"en-US","@id":"https:\/\/consejoderectores.cl\/2024\/12\/23\/cruch-se-compromete-a-participar-activamente-en-la-actualizacion-de-requisitos-de-ingreso-para-carreras-de-pedagogia\/#primaryimage","url":"https:\/\/consejoderectores.cl\/wp-content\/uploads\/2024\/12\/Banner-Pedagogias.png","contentUrl":"https:\/\/consejoderectores.cl\/wp-content\/uploads\/2024\/12\/Banner-Pedagogias.png","width":2880,"height":1206},{"@type":"BreadcrumbList","@id":"https:\/\/consejoderectores.cl\/2024\/12\/23\/cruch-se-compromete-a-participar-activamente-en-la-actualizacion-de-requisitos-de-ingreso-para-carreras-de-pedagogia\/#breadcrumb","itemListElement":[{"@type":"ListItem","position":1,"name":"Home","item":"https:\/\/consejoderectores.cl\/"},{"@type":"ListItem","position":2,"name":"CRUCH se compromete a participar activamente en la actualizaci\u00f3n de requisitos de ingreso para carreras de Pedagog\u00eda"}]},{"@type":"WebSite","@id":"https:\/\/consejoderectores.cl\/en\/#website","url":"https:\/\/consejoderectores.cl\/en\/","name":"Council of Rectors of Chilean Universities","description":"","publisher":{"@id":"https:\/\/consejoderectores.cl\/en\/#organization"},"potentialAction":[{"@type":"SearchAction","target":{"@type":"EntryPoint","urlTemplate":"https:\/\/consejoderectores.cl\/en\/?s={search_term_string}"},"query-input":{"@type":"PropertyValueSpecification","valueRequired":true,"valueName":"search_term_string"}}],"inLanguage":"en-US"},{"@type":"Organization","@id":"https:\/\/consejoderectores.cl\/en\/#organization","name":"Council of Rectors of Chilean Universities","url":"https:\/\/consejoderectores.cl\/en\/","logo":{"@type":"ImageObject","inLanguage":"en-US","@id":"https:\/\/consejoderectores.cl\/en\/#\/schema\/logo\/image\/","url":"https:\/\/consejoderectores.cl\/wp-content\/uploads\/2025\/12\/logoheader_2025.png","contentUrl":"https:\/\/consejoderectores.cl\/wp-content\/uploads\/2025\/12\/logoheader_2025.png","width":666,"height":305,"caption":"Consejo de Rectoras y Rectores de las Universidades Chilenas"},"image":{"@id":"https:\/\/consejoderectores.cl\/en\/#\/schema\/logo\/image\/"},"sameAs":["https:\/\/x.com\/CRUCH_cl","https:\/\/www.instagram.com\/consejoderectores\/","https:\/\/www.linkedin.com\/company\/cruch\/","https:\/\/www.youtube.com\/channel\/UCzgIFRCsDlKoFpimiQmEaOA"]},{"@type":"Person","@id":"https:\/\/consejoderectores.cl\/en\/#\/schema\/person\/d863e44afde067fd4b57fac66ced709e","name":"Council of Rectors of Chilean Universities","image":{"@type":"ImageObject","inLanguage":"en-US","@id":"https:\/\/consejoderectores.cl\/en\/#\/schema\/person\/image\/","url":"https:\/\/secure.gravatar.com\/avatar\/c31e2a02401f041926afb8ee21ab666f0925814fe85d25a5c8db80e23722dfc1?s=96&d=mm&r=g","contentUrl":"https:\/\/secure.gravatar.com\/avatar\/c31e2a02401f041926afb8ee21ab666f0925814fe85d25a5c8db80e23722dfc1?s=96&d=mm&r=g","caption":"Consejo de Rectores de las Universidades Chilenas"},"sameAs":["https:\/\/www.consejoderectores.cl"],"url":"https:\/\/consejoderectores.cl\/en\/author\/cruch\/"}]}},"_links":{"self":[{"href":"https:\/\/consejoderectores.cl\/en\/wp-json\/wp\/v2\/posts\/12213","targetHints":{"allow":["GET"]}}],"collection":[{"href":"https:\/\/consejoderectores.cl\/en\/wp-json\/wp\/v2\/posts"}],"about":[{"href":"https:\/\/consejoderectores.cl\/en\/wp-json\/wp\/v2\/types\/post"}],"author":[{"embeddable":true,"href":"https:\/\/consejoderectores.cl\/en\/wp-json\/wp\/v2\/users\/1"}],"replies":[{"embeddable":true,"href":"https:\/\/consejoderectores.cl\/en\/wp-json\/wp\/v2\/comments?post=12213"}],"version-history":[{"count":4,"href":"https:\/\/consejoderectores.cl\/en\/wp-json\/wp\/v2\/posts\/12213\/revisions"}],"predecessor-version":[{"id":12219,"href":"https:\/\/consejoderectores.cl\/en\/wp-json\/wp\/v2\/posts\/12213\/revisions\/12219"}],"wp:featuredmedia":[{"embeddable":true,"href":"https:\/\/consejoderectores.cl\/en\/wp-json\/wp\/v2\/media\/12217"}],"wp:attachment":[{"href":"https:\/\/consejoderectores.cl\/en\/wp-json\/wp\/v2\/media?parent=12213"}],"wp:term":[{"taxonomy":"category","embeddable":true,"href":"https:\/\/consejoderectores.cl\/en\/wp-json\/wp\/v2\/categories?post=12213"},{"taxonomy":"post_tag","embeddable":true,"href":"https:\/\/consejoderectores.cl\/en\/wp-json\/wp\/v2\/tags?post=12213"}],"curies":[{"name":"wp","href":"https:\/\/api.w.org\/{rel}","templated":true}]}}