{"id":12188,"date":"2024-12-17T15:54:27","date_gmt":"2024-12-17T15:54:27","guid":{"rendered":"https:\/\/consejoderectores.cl\/?p=12188"},"modified":"2024-12-17T20:23:29","modified_gmt":"2024-12-17T20:23:29","slug":"vicepresidente-ejecutivo-cruch-el-fes-es-una-oportunidad-importante-pero-debe-ser-parte-de-una-evaluacion-integral-del-sistema-de-financiamiento","status":"publish","type":"post","link":"https:\/\/consejoderectores.cl\/en\/2024\/12\/17\/vicepresidente-ejecutivo-cruch-el-fes-es-una-oportunidad-importante-pero-debe-ser-parte-de-una-evaluacion-integral-del-sistema-de-financiamiento\/","title":{"rendered":"Executive Vice President of CRUCH: \u201cThe FES is an important opportunity and should be part of a comprehensive evaluation of the higher education financing system\u201d"},"content":{"rendered":"<blockquote><p>In the Education Committee of the Chamber of Deputies, Rector Emilio Rodr\u00edguez stated that &quot;higher education would require funding that not only supports the training of people, but also prioritizes the generation of knowledge and innovation, fundamental pillars for the productivity and growth of the country.&quot;.<\/p>\n<p>Regarding the bill that creates the new Public Financing Instrument for Higher Education Studies (FES), CRUCH considers it necessary to include elements such as: limited and gradual co-payments; contributions from families in a balance between short and long term; financing of the actual duration of careers; and a regulatory framework that includes minimum requirements for the entire higher education system.<\/p><\/blockquote>\n<p>At the thematic session convened by the Education Committee of the Chamber of Deputies to analyze the bill that creates the new Public Financing Instrument for Higher Education Studies and a Plan for Reorganization and Forgiveness of Educational Debts (FES), the executive vice president of the Council of Rectors of Chilean Universities (CRUCH) and rector of the University of Tarapac\u00e1, Emilio Rodr\u00edguez, stated that \u201cthe FES is an important opportunity and should be part of a comprehensive evaluation of the higher education financing system.\u201d.<\/p>\n<p>At the session, held this Monday, December 16, in Valpara\u00edso, the Vice President addressed the current state of the Chilean education system, highlighting that while Chile invests 2.41% of its GDP in higher education\u2014above the OECD average of 1.51%\u2014investment in research, development, and innovation (R&amp;D&amp;I) remains low, reaching only 0.391% of GDP, compared to the 2.61% average of developed countries. He added that \u201cthe country\u2019s future depends on harnessing its potential in development areas such as lithium and green hydrogen, but this is only possible with internationally competitive higher education and the strengthening of science, technology, knowledge, and innovation.\u201d.<\/p>\n<p>In this regard, &quot;higher education would require funding that not only supports the training of individuals, but also prioritizes the generation of knowledge and innovation, fundamental pillars for the country&#039;s productivity and growth,&quot; said Rector Rodr\u00edguez.<\/p>\n<p><strong>CRUCH proposals<\/strong><\/p>\n<p>Regarding the State-Guaranteed Student Loan (CAE), the executive vice president indicated that it is not viable in the long term, as it has generated a heavy fiscal burden for the State. \u201cIt is estimated that by 2025 the cost of the CAE will be 500 billion pesos, equivalent to half of the budget allocated to science, technology, and innovation. This is not only unsustainable, but it also reduces the resources that could be directed toward university education and the country&#039;s development,\u201d he pointed out.<\/p>\n<p><img loading=\"lazy\" decoding=\"async\" class=\"wp-image-12196 alignright\" src=\"https:\/\/consejoderectores.cl\/wp-content\/uploads\/2024\/12\/Sesion-FES-300x157.png\" alt=\"\" width=\"394\" height=\"206\" srcset=\"https:\/\/consejoderectores.cl\/wp-content\/uploads\/2024\/12\/Sesion-FES-300x157.png 300w, https:\/\/consejoderectores.cl\/wp-content\/uploads\/2024\/12\/Sesion-FES-1024x534.png 1024w, https:\/\/consejoderectores.cl\/wp-content\/uploads\/2024\/12\/Sesion-FES-768x401.png 768w, https:\/\/consejoderectores.cl\/wp-content\/uploads\/2024\/12\/Sesion-FES-1536x802.png 1536w, https:\/\/consejoderectores.cl\/wp-content\/uploads\/2024\/12\/Sesion-FES-18x9.png 18w, https:\/\/consejoderectores.cl\/wp-content\/uploads\/2024\/12\/Sesion-FES-320x167.png 320w, https:\/\/consejoderectores.cl\/wp-content\/uploads\/2024\/12\/Sesion-FES-480x251.png 480w, https:\/\/consejoderectores.cl\/wp-content\/uploads\/2024\/12\/Sesion-FES-800x418.png 800w, https:\/\/consejoderectores.cl\/wp-content\/uploads\/2024\/12\/Sesion-FES-848x443.png 848w, https:\/\/consejoderectores.cl\/wp-content\/uploads\/2024\/12\/Sesion-FES-1140x595.png 1140w, https:\/\/consejoderectores.cl\/wp-content\/uploads\/2024\/12\/Sesion-FES-1170x611.png 1170w, https:\/\/consejoderectores.cl\/wp-content\/uploads\/2024\/12\/Sesion-FES.png 1600w\" sizes=\"auto, (max-width: 394px) 100vw, 394px\" \/><\/p>\n<p>Regarding the FES, Rector Rodr\u00edguez commented that the rectors of the CRUCH consider it necessary to include additional elements, such as:<\/p>\n<ol>\n<li><strong>Limited co-payment and gradual implementation<\/strong>A system combining state funding and family contributions, implemented gradually. The bill includes co-payments for the tenth income decile, and the CRUCH (Council of Rectors of Chilean Universities) proposes a broader co-payment policy.<\/li>\n<li><strong>Contributions from families in a balance between short and long term<\/strong>The compensation system should be based on income-contingent contributions and designed with flexibility and proportionality to ensure its sustainability and equity. This means establishing reasonable payment amounts aligned with the economic realities of the beneficiaries, avoiding excessive burdens that discourage participation in the system or lead to a shift towards alternative schemes.<\/li>\n<li><strong>Financing the effective duration of careers<\/strong>The proposed financing system must ensure that students can complete their studies without creating excessive burdens for higher education institutions.<\/li>\n<li><strong>Regulatory framework that includes minimum requirements for the entire higher education system<\/strong>It is essential that this framework guarantee the quality of the higher education system, achieving a proper balance between institutional autonomy and effective oversight. Furthermore, it must ensure the correct and transparent use of public resources allocated to universities.<\/li>\n<\/ol>\n<p>Finally, he emphasized CRUCH&#039;s commitment to sustainable and equitable financing aimed at addressing the challenges of higher education and contributing to the development of Chile.<\/p>\n<p><a href=\"https:\/\/consejoderectores.cl\/wp-content\/uploads\/2024\/12\/Minua-FES-CRUCH_16.12.2024.pdf\">See the full CRUCH document here<\/a><\/p>\n<p><a href=\"https:\/\/www.youtube.com\/watch?v=01yZZsSQjNc\">Session of the Education Committee of the Chamber of Deputies available here<\/a><\/p>\n<p>&nbsp;<\/p>\n<p>Text: CRUCH Communications<\/p>","protected":false},"excerpt":{"rendered":"<p>En la Comisi\u00f3n de Educaci\u00f3n de la C\u00e1mara de Diputadas y Diputados, el rector Emilio Rodr\u00edguez sostuvo que \u00abla educaci\u00f3n superior requerir\u00eda de un financiamiento que no solo respalde la formaci\u00f3n de personas, sino que tambi\u00e9n priorice la generaci\u00f3n de conocimiento e innovaci\u00f3n, pilares fundamentales para la productividad y el crecimiento del pa\u00eds\u201d. En relaci\u00f3n [&hellip;]<\/p>\n","protected":false},"author":1,"featured_media":12194,"comment_status":"open","ping_status":"open","sticky":false,"template":"","format":"standard","meta":{"_acf_changed":false,"footnotes":""},"categories":[3,13],"tags":[],"class_list":["post-12188","post","type-post","status-publish","format-standard","has-post-thumbnail","hentry","category-noticias","category-noticias-carrusel"],"acf":[],"yoast_head":"<!-- This site is optimized with the Yoast SEO plugin v27.1.1 - https:\/\/yoast.com\/product\/yoast-seo-wordpress\/ -->\n<title>Vicepresidente ejecutivo CRUCH: \u201cEl FES es una oportunidad importante y deber\u00eda ser parte de una evaluaci\u00f3n integral del sistema de financiamiento de la educaci\u00f3n superior\u201d - Consejo de Rectoras y Rectores de las Universidades Chilenas<\/title>\n<meta name=\"robots\" content=\"index, follow, max-snippet:-1, max-image-preview:large, max-video-preview:-1\" \/>\n<link rel=\"canonical\" href=\"https:\/\/consejoderectores.cl\/en\/2024\/12\/17\/vicepresidente-ejecutivo-cruch-el-fes-es-una-oportunidad-importante-pero-debe-ser-parte-de-una-evaluacion-integral-del-sistema-de-financiamiento\/\" \/>\n<meta property=\"og:locale\" content=\"en_US\" \/>\n<meta property=\"og:type\" content=\"article\" \/>\n<meta property=\"og:title\" content=\"Vicepresidente ejecutivo CRUCH: \u201cEl FES es una oportunidad importante y deber\u00eda ser parte de una evaluaci\u00f3n integral del sistema de financiamiento de la educaci\u00f3n superior\u201d - Consejo de Rectoras y Rectores de las Universidades Chilenas\" \/>\n<meta property=\"og:description\" content=\"En la Comisi\u00f3n de Educaci\u00f3n de la C\u00e1mara de Diputadas y Diputados, el rector Emilio Rodr\u00edguez sostuvo que \u00abla educaci\u00f3n superior requerir\u00eda de un financiamiento que no solo respalde la formaci\u00f3n de personas, sino que tambi\u00e9n priorice la generaci\u00f3n de conocimiento e innovaci\u00f3n, pilares fundamentales para la productividad y el crecimiento del pa\u00eds\u201d. En relaci\u00f3n [&hellip;]\" \/>\n<meta property=\"og:url\" content=\"https:\/\/consejoderectores.cl\/en\/2024\/12\/17\/vicepresidente-ejecutivo-cruch-el-fes-es-una-oportunidad-importante-pero-debe-ser-parte-de-una-evaluacion-integral-del-sistema-de-financiamiento\/\" \/>\n<meta property=\"og:site_name\" content=\"Consejo de Rectoras y Rectores de las Universidades Chilenas\" \/>\n<meta property=\"article:published_time\" content=\"2024-12-17T15:54:27+00:00\" \/>\n<meta property=\"article:modified_time\" content=\"2024-12-17T20:23:29+00:00\" \/>\n<meta property=\"og:image\" content=\"https:\/\/consejoderectores.cl\/wp-content\/uploads\/2024\/12\/Rector-Rodriguez_FES_12.2024-2-1024x429.png\" \/>\n\t<meta property=\"og:image:width\" content=\"1024\" \/>\n\t<meta property=\"og:image:height\" content=\"429\" \/>\n\t<meta property=\"og:image:type\" content=\"image\/png\" \/>\n<meta name=\"author\" content=\"Consejo de Rectores de las Universidades Chilenas\" \/>\n<meta name=\"twitter:card\" content=\"summary_large_image\" \/>\n<meta name=\"twitter:creator\" content=\"@CRUCH_cl\" \/>\n<meta name=\"twitter:site\" content=\"@CRUCH_cl\" \/>\n<meta name=\"twitter:label1\" content=\"Written by\" \/>\n\t<meta name=\"twitter:data1\" content=\"Consejo de Rectores de las Universidades Chilenas\" \/>\n\t<meta name=\"twitter:label2\" content=\"Est. reading time\" \/>\n\t<meta name=\"twitter:data2\" content=\"4 minutes\" \/>\n<script type=\"application\/ld+json\" class=\"yoast-schema-graph\">{\"@context\":\"https:\/\/schema.org\",\"@graph\":[{\"@type\":\"Article\",\"@id\":\"https:\/\/consejoderectores.cl\/en\/2024\/12\/17\/vicepresidente-ejecutivo-cruch-el-fes-es-una-oportunidad-importante-pero-debe-ser-parte-de-una-evaluacion-integral-del-sistema-de-financiamiento\/#article\",\"isPartOf\":{\"@id\":\"https:\/\/consejoderectores.cl\/en\/2024\/12\/17\/vicepresidente-ejecutivo-cruch-el-fes-es-una-oportunidad-importante-pero-debe-ser-parte-de-una-evaluacion-integral-del-sistema-de-financiamiento\/\"},\"author\":{\"name\":\"Consejo de Rectores de las Universidades Chilenas\",\"@id\":\"https:\/\/consejoderectores.cl\/en\/#\/schema\/person\/d863e44afde067fd4b57fac66ced709e\"},\"headline\":\"Vicepresidente ejecutivo CRUCH: \u201cEl FES es una oportunidad importante y deber\u00eda ser parte de una evaluaci\u00f3n integral del sistema de financiamiento de la educaci\u00f3n superior\u201d\",\"datePublished\":\"2024-12-17T15:54:27+00:00\",\"dateModified\":\"2024-12-17T20:23:29+00:00\",\"mainEntityOfPage\":{\"@id\":\"https:\/\/consejoderectores.cl\/en\/2024\/12\/17\/vicepresidente-ejecutivo-cruch-el-fes-es-una-oportunidad-importante-pero-debe-ser-parte-de-una-evaluacion-integral-del-sistema-de-financiamiento\/\"},\"wordCount\":842,\"commentCount\":0,\"publisher\":{\"@id\":\"https:\/\/consejoderectores.cl\/en\/#organization\"},\"image\":{\"@id\":\"https:\/\/consejoderectores.cl\/en\/2024\/12\/17\/vicepresidente-ejecutivo-cruch-el-fes-es-una-oportunidad-importante-pero-debe-ser-parte-de-una-evaluacion-integral-del-sistema-de-financiamiento\/#primaryimage\"},\"thumbnailUrl\":\"https:\/\/consejoderectores.cl\/wp-content\/uploads\/2024\/12\/Rector-Rodriguez_FES_12.2024-2.png\",\"articleSection\":[\"Noticias\",\"Noticias Carrusel\"],\"inLanguage\":\"en-US\",\"potentialAction\":[{\"@type\":\"CommentAction\",\"name\":\"Comment\",\"target\":[\"https:\/\/consejoderectores.cl\/en\/2024\/12\/17\/vicepresidente-ejecutivo-cruch-el-fes-es-una-oportunidad-importante-pero-debe-ser-parte-de-una-evaluacion-integral-del-sistema-de-financiamiento\/#respond\"]}]},{\"@type\":\"WebPage\",\"@id\":\"https:\/\/consejoderectores.cl\/en\/2024\/12\/17\/vicepresidente-ejecutivo-cruch-el-fes-es-una-oportunidad-importante-pero-debe-ser-parte-de-una-evaluacion-integral-del-sistema-de-financiamiento\/\",\"url\":\"https:\/\/consejoderectores.cl\/en\/2024\/12\/17\/vicepresidente-ejecutivo-cruch-el-fes-es-una-oportunidad-importante-pero-debe-ser-parte-de-una-evaluacion-integral-del-sistema-de-financiamiento\/\",\"name\":\"Vicepresidente ejecutivo CRUCH: \u201cEl FES es una oportunidad importante y deber\u00eda ser parte de una evaluaci\u00f3n integral del sistema de financiamiento de la educaci\u00f3n superior\u201d - Consejo de Rectoras y Rectores de las Universidades Chilenas\",\"isPartOf\":{\"@id\":\"https:\/\/consejoderectores.cl\/en\/#website\"},\"primaryImageOfPage\":{\"@id\":\"https:\/\/consejoderectores.cl\/en\/2024\/12\/17\/vicepresidente-ejecutivo-cruch-el-fes-es-una-oportunidad-importante-pero-debe-ser-parte-de-una-evaluacion-integral-del-sistema-de-financiamiento\/#primaryimage\"},\"image\":{\"@id\":\"https:\/\/consejoderectores.cl\/en\/2024\/12\/17\/vicepresidente-ejecutivo-cruch-el-fes-es-una-oportunidad-importante-pero-debe-ser-parte-de-una-evaluacion-integral-del-sistema-de-financiamiento\/#primaryimage\"},\"thumbnailUrl\":\"https:\/\/consejoderectores.cl\/wp-content\/uploads\/2024\/12\/Rector-Rodriguez_FES_12.2024-2.png\",\"datePublished\":\"2024-12-17T15:54:27+00:00\",\"dateModified\":\"2024-12-17T20:23:29+00:00\",\"breadcrumb\":{\"@id\":\"https:\/\/consejoderectores.cl\/en\/2024\/12\/17\/vicepresidente-ejecutivo-cruch-el-fes-es-una-oportunidad-importante-pero-debe-ser-parte-de-una-evaluacion-integral-del-sistema-de-financiamiento\/#breadcrumb\"},\"inLanguage\":\"en-US\",\"potentialAction\":[{\"@type\":\"ReadAction\",\"target\":[\"https:\/\/consejoderectores.cl\/en\/2024\/12\/17\/vicepresidente-ejecutivo-cruch-el-fes-es-una-oportunidad-importante-pero-debe-ser-parte-de-una-evaluacion-integral-del-sistema-de-financiamiento\/\"]}]},{\"@type\":\"ImageObject\",\"inLanguage\":\"en-US\",\"@id\":\"https:\/\/consejoderectores.cl\/en\/2024\/12\/17\/vicepresidente-ejecutivo-cruch-el-fes-es-una-oportunidad-importante-pero-debe-ser-parte-de-una-evaluacion-integral-del-sistema-de-financiamiento\/#primaryimage\",\"url\":\"https:\/\/consejoderectores.cl\/wp-content\/uploads\/2024\/12\/Rector-Rodriguez_FES_12.2024-2.png\",\"contentUrl\":\"https:\/\/consejoderectores.cl\/wp-content\/uploads\/2024\/12\/Rector-Rodriguez_FES_12.2024-2.png\",\"width\":2880,\"height\":1206},{\"@type\":\"BreadcrumbList\",\"@id\":\"https:\/\/consejoderectores.cl\/en\/2024\/12\/17\/vicepresidente-ejecutivo-cruch-el-fes-es-una-oportunidad-importante-pero-debe-ser-parte-de-una-evaluacion-integral-del-sistema-de-financiamiento\/#breadcrumb\",\"itemListElement\":[{\"@type\":\"ListItem\",\"position\":1,\"name\":\"Home\",\"item\":\"https:\/\/consejoderectores.cl\/\"},{\"@type\":\"ListItem\",\"position\":2,\"name\":\"Vicepresidente ejecutivo CRUCH: \u201cEl FES es una oportunidad importante y deber\u00eda ser parte de una evaluaci\u00f3n integral del sistema de financiamiento de la educaci\u00f3n superior\u201d\"}]},{\"@type\":\"WebSite\",\"@id\":\"https:\/\/consejoderectores.cl\/en\/#website\",\"url\":\"https:\/\/consejoderectores.cl\/en\/\",\"name\":\"Consejo de Rectoras y Rectores de las Universidades Chilenas\",\"description\":\"\",\"publisher\":{\"@id\":\"https:\/\/consejoderectores.cl\/en\/#organization\"},\"potentialAction\":[{\"@type\":\"SearchAction\",\"target\":{\"@type\":\"EntryPoint\",\"urlTemplate\":\"https:\/\/consejoderectores.cl\/en\/?s={search_term_string}\"},\"query-input\":{\"@type\":\"PropertyValueSpecification\",\"valueRequired\":true,\"valueName\":\"search_term_string\"}}],\"inLanguage\":\"en-US\"},{\"@type\":\"Organization\",\"@id\":\"https:\/\/consejoderectores.cl\/en\/#organization\",\"name\":\"Consejo de Rectoras y Rectores de las Universidades Chilenas\",\"url\":\"https:\/\/consejoderectores.cl\/en\/\",\"logo\":{\"@type\":\"ImageObject\",\"inLanguage\":\"en-US\",\"@id\":\"https:\/\/consejoderectores.cl\/en\/#\/schema\/logo\/image\/\",\"url\":\"https:\/\/consejoderectores.cl\/wp-content\/uploads\/2025\/12\/logoheader_2025.png\",\"contentUrl\":\"https:\/\/consejoderectores.cl\/wp-content\/uploads\/2025\/12\/logoheader_2025.png\",\"width\":666,\"height\":305,\"caption\":\"Consejo de Rectoras y Rectores de las Universidades Chilenas\"},\"image\":{\"@id\":\"https:\/\/consejoderectores.cl\/en\/#\/schema\/logo\/image\/\"},\"sameAs\":[\"https:\/\/x.com\/CRUCH_cl\",\"https:\/\/www.instagram.com\/consejoderectores\/\",\"https:\/\/www.linkedin.com\/company\/cruch\/\",\"https:\/\/www.youtube.com\/channel\/UCzgIFRCsDlKoFpimiQmEaOA\"]},{\"@type\":\"Person\",\"@id\":\"https:\/\/consejoderectores.cl\/en\/#\/schema\/person\/d863e44afde067fd4b57fac66ced709e\",\"name\":\"Consejo de Rectores de las Universidades Chilenas\",\"image\":{\"@type\":\"ImageObject\",\"inLanguage\":\"en-US\",\"@id\":\"https:\/\/consejoderectores.cl\/en\/#\/schema\/person\/image\/\",\"url\":\"https:\/\/secure.gravatar.com\/avatar\/c31e2a02401f041926afb8ee21ab666f0925814fe85d25a5c8db80e23722dfc1?s=96&d=mm&r=g\",\"contentUrl\":\"https:\/\/secure.gravatar.com\/avatar\/c31e2a02401f041926afb8ee21ab666f0925814fe85d25a5c8db80e23722dfc1?s=96&d=mm&r=g\",\"caption\":\"Consejo de Rectores de las Universidades Chilenas\"},\"sameAs\":[\"https:\/\/www.consejoderectores.cl\"],\"url\":\"https:\/\/consejoderectores.cl\/en\/author\/cruch\/\"}]}<\/script>\n<!-- \/ Yoast SEO plugin. -->","yoast_head_json":{"title":"Vicepresidente ejecutivo CRUCH: \u201cEl FES es una oportunidad importante y deber\u00eda ser parte de una evaluaci\u00f3n integral del sistema de financiamiento de la educaci\u00f3n superior\u201d - Consejo de Rectoras y Rectores de las Universidades Chilenas","robots":{"index":"index","follow":"follow","max-snippet":"max-snippet:-1","max-image-preview":"max-image-preview:large","max-video-preview":"max-video-preview:-1"},"canonical":"https:\/\/consejoderectores.cl\/en\/2024\/12\/17\/vicepresidente-ejecutivo-cruch-el-fes-es-una-oportunidad-importante-pero-debe-ser-parte-de-una-evaluacion-integral-del-sistema-de-financiamiento\/","og_locale":"en_US","og_type":"article","og_title":"Vicepresidente ejecutivo CRUCH: \u201cEl FES es una oportunidad importante y deber\u00eda ser parte de una evaluaci\u00f3n integral del sistema de financiamiento de la educaci\u00f3n superior\u201d - Consejo de Rectoras y Rectores de las Universidades Chilenas","og_description":"En la Comisi\u00f3n de Educaci\u00f3n de la C\u00e1mara de Diputadas y Diputados, el rector Emilio Rodr\u00edguez sostuvo que \u00abla educaci\u00f3n superior requerir\u00eda de un financiamiento que no solo respalde la formaci\u00f3n de personas, sino que tambi\u00e9n priorice la generaci\u00f3n de conocimiento e innovaci\u00f3n, pilares fundamentales para la productividad y el crecimiento del pa\u00eds\u201d. En relaci\u00f3n [&hellip;]","og_url":"https:\/\/consejoderectores.cl\/en\/2024\/12\/17\/vicepresidente-ejecutivo-cruch-el-fes-es-una-oportunidad-importante-pero-debe-ser-parte-de-una-evaluacion-integral-del-sistema-de-financiamiento\/","og_site_name":"Consejo de Rectoras y Rectores de las Universidades Chilenas","article_published_time":"2024-12-17T15:54:27+00:00","article_modified_time":"2024-12-17T20:23:29+00:00","og_image":[{"width":1024,"height":429,"url":"https:\/\/consejoderectores.cl\/wp-content\/uploads\/2024\/12\/Rector-Rodriguez_FES_12.2024-2-1024x429.png","type":"image\/png"}],"author":"Consejo de Rectores de las Universidades Chilenas","twitter_card":"summary_large_image","twitter_creator":"@CRUCH_cl","twitter_site":"@CRUCH_cl","twitter_misc":{"Written by":"Consejo de Rectores de las Universidades Chilenas","Est. reading time":"4 minutes"},"schema":{"@context":"https:\/\/schema.org","@graph":[{"@type":"Article","@id":"https:\/\/consejoderectores.cl\/en\/2024\/12\/17\/vicepresidente-ejecutivo-cruch-el-fes-es-una-oportunidad-importante-pero-debe-ser-parte-de-una-evaluacion-integral-del-sistema-de-financiamiento\/#article","isPartOf":{"@id":"https:\/\/consejoderectores.cl\/en\/2024\/12\/17\/vicepresidente-ejecutivo-cruch-el-fes-es-una-oportunidad-importante-pero-debe-ser-parte-de-una-evaluacion-integral-del-sistema-de-financiamiento\/"},"author":{"name":"Consejo de Rectores de las Universidades Chilenas","@id":"https:\/\/consejoderectores.cl\/en\/#\/schema\/person\/d863e44afde067fd4b57fac66ced709e"},"headline":"Vicepresidente ejecutivo CRUCH: \u201cEl FES es una oportunidad importante y deber\u00eda ser parte de una evaluaci\u00f3n integral del sistema de financiamiento de la educaci\u00f3n superior\u201d","datePublished":"2024-12-17T15:54:27+00:00","dateModified":"2024-12-17T20:23:29+00:00","mainEntityOfPage":{"@id":"https:\/\/consejoderectores.cl\/en\/2024\/12\/17\/vicepresidente-ejecutivo-cruch-el-fes-es-una-oportunidad-importante-pero-debe-ser-parte-de-una-evaluacion-integral-del-sistema-de-financiamiento\/"},"wordCount":842,"commentCount":0,"publisher":{"@id":"https:\/\/consejoderectores.cl\/en\/#organization"},"image":{"@id":"https:\/\/consejoderectores.cl\/en\/2024\/12\/17\/vicepresidente-ejecutivo-cruch-el-fes-es-una-oportunidad-importante-pero-debe-ser-parte-de-una-evaluacion-integral-del-sistema-de-financiamiento\/#primaryimage"},"thumbnailUrl":"https:\/\/consejoderectores.cl\/wp-content\/uploads\/2024\/12\/Rector-Rodriguez_FES_12.2024-2.png","articleSection":["Noticias","Noticias Carrusel"],"inLanguage":"en-US","potentialAction":[{"@type":"CommentAction","name":"Comment","target":["https:\/\/consejoderectores.cl\/en\/2024\/12\/17\/vicepresidente-ejecutivo-cruch-el-fes-es-una-oportunidad-importante-pero-debe-ser-parte-de-una-evaluacion-integral-del-sistema-de-financiamiento\/#respond"]}]},{"@type":"WebPage","@id":"https:\/\/consejoderectores.cl\/en\/2024\/12\/17\/vicepresidente-ejecutivo-cruch-el-fes-es-una-oportunidad-importante-pero-debe-ser-parte-de-una-evaluacion-integral-del-sistema-de-financiamiento\/","url":"https:\/\/consejoderectores.cl\/en\/2024\/12\/17\/vicepresidente-ejecutivo-cruch-el-fes-es-una-oportunidad-importante-pero-debe-ser-parte-de-una-evaluacion-integral-del-sistema-de-financiamiento\/","name":"Vicepresidente ejecutivo CRUCH: \u201cEl FES es una oportunidad importante y deber\u00eda ser parte de una evaluaci\u00f3n integral del sistema de financiamiento de la educaci\u00f3n superior\u201d - Consejo de Rectoras y Rectores de las Universidades Chilenas","isPartOf":{"@id":"https:\/\/consejoderectores.cl\/en\/#website"},"primaryImageOfPage":{"@id":"https:\/\/consejoderectores.cl\/en\/2024\/12\/17\/vicepresidente-ejecutivo-cruch-el-fes-es-una-oportunidad-importante-pero-debe-ser-parte-de-una-evaluacion-integral-del-sistema-de-financiamiento\/#primaryimage"},"image":{"@id":"https:\/\/consejoderectores.cl\/en\/2024\/12\/17\/vicepresidente-ejecutivo-cruch-el-fes-es-una-oportunidad-importante-pero-debe-ser-parte-de-una-evaluacion-integral-del-sistema-de-financiamiento\/#primaryimage"},"thumbnailUrl":"https:\/\/consejoderectores.cl\/wp-content\/uploads\/2024\/12\/Rector-Rodriguez_FES_12.2024-2.png","datePublished":"2024-12-17T15:54:27+00:00","dateModified":"2024-12-17T20:23:29+00:00","breadcrumb":{"@id":"https:\/\/consejoderectores.cl\/en\/2024\/12\/17\/vicepresidente-ejecutivo-cruch-el-fes-es-una-oportunidad-importante-pero-debe-ser-parte-de-una-evaluacion-integral-del-sistema-de-financiamiento\/#breadcrumb"},"inLanguage":"en-US","potentialAction":[{"@type":"ReadAction","target":["https:\/\/consejoderectores.cl\/en\/2024\/12\/17\/vicepresidente-ejecutivo-cruch-el-fes-es-una-oportunidad-importante-pero-debe-ser-parte-de-una-evaluacion-integral-del-sistema-de-financiamiento\/"]}]},{"@type":"ImageObject","inLanguage":"en-US","@id":"https:\/\/consejoderectores.cl\/en\/2024\/12\/17\/vicepresidente-ejecutivo-cruch-el-fes-es-una-oportunidad-importante-pero-debe-ser-parte-de-una-evaluacion-integral-del-sistema-de-financiamiento\/#primaryimage","url":"https:\/\/consejoderectores.cl\/wp-content\/uploads\/2024\/12\/Rector-Rodriguez_FES_12.2024-2.png","contentUrl":"https:\/\/consejoderectores.cl\/wp-content\/uploads\/2024\/12\/Rector-Rodriguez_FES_12.2024-2.png","width":2880,"height":1206},{"@type":"BreadcrumbList","@id":"https:\/\/consejoderectores.cl\/en\/2024\/12\/17\/vicepresidente-ejecutivo-cruch-el-fes-es-una-oportunidad-importante-pero-debe-ser-parte-de-una-evaluacion-integral-del-sistema-de-financiamiento\/#breadcrumb","itemListElement":[{"@type":"ListItem","position":1,"name":"Home","item":"https:\/\/consejoderectores.cl\/"},{"@type":"ListItem","position":2,"name":"Vicepresidente ejecutivo CRUCH: \u201cEl FES es una oportunidad importante y deber\u00eda ser parte de una evaluaci\u00f3n integral del sistema de financiamiento de la educaci\u00f3n superior\u201d"}]},{"@type":"WebSite","@id":"https:\/\/consejoderectores.cl\/en\/#website","url":"https:\/\/consejoderectores.cl\/en\/","name":"Council of Rectors of Chilean Universities","description":"","publisher":{"@id":"https:\/\/consejoderectores.cl\/en\/#organization"},"potentialAction":[{"@type":"SearchAction","target":{"@type":"EntryPoint","urlTemplate":"https:\/\/consejoderectores.cl\/en\/?s={search_term_string}"},"query-input":{"@type":"PropertyValueSpecification","valueRequired":true,"valueName":"search_term_string"}}],"inLanguage":"en-US"},{"@type":"Organization","@id":"https:\/\/consejoderectores.cl\/en\/#organization","name":"Council of Rectors of Chilean Universities","url":"https:\/\/consejoderectores.cl\/en\/","logo":{"@type":"ImageObject","inLanguage":"en-US","@id":"https:\/\/consejoderectores.cl\/en\/#\/schema\/logo\/image\/","url":"https:\/\/consejoderectores.cl\/wp-content\/uploads\/2025\/12\/logoheader_2025.png","contentUrl":"https:\/\/consejoderectores.cl\/wp-content\/uploads\/2025\/12\/logoheader_2025.png","width":666,"height":305,"caption":"Consejo de Rectoras y Rectores de las Universidades Chilenas"},"image":{"@id":"https:\/\/consejoderectores.cl\/en\/#\/schema\/logo\/image\/"},"sameAs":["https:\/\/x.com\/CRUCH_cl","https:\/\/www.instagram.com\/consejoderectores\/","https:\/\/www.linkedin.com\/company\/cruch\/","https:\/\/www.youtube.com\/channel\/UCzgIFRCsDlKoFpimiQmEaOA"]},{"@type":"Person","@id":"https:\/\/consejoderectores.cl\/en\/#\/schema\/person\/d863e44afde067fd4b57fac66ced709e","name":"Council of Rectors of Chilean Universities","image":{"@type":"ImageObject","inLanguage":"en-US","@id":"https:\/\/consejoderectores.cl\/en\/#\/schema\/person\/image\/","url":"https:\/\/secure.gravatar.com\/avatar\/c31e2a02401f041926afb8ee21ab666f0925814fe85d25a5c8db80e23722dfc1?s=96&d=mm&r=g","contentUrl":"https:\/\/secure.gravatar.com\/avatar\/c31e2a02401f041926afb8ee21ab666f0925814fe85d25a5c8db80e23722dfc1?s=96&d=mm&r=g","caption":"Consejo de Rectores de las Universidades Chilenas"},"sameAs":["https:\/\/www.consejoderectores.cl"],"url":"https:\/\/consejoderectores.cl\/en\/author\/cruch\/"}]}},"_links":{"self":[{"href":"https:\/\/consejoderectores.cl\/en\/wp-json\/wp\/v2\/posts\/12188","targetHints":{"allow":["GET"]}}],"collection":[{"href":"https:\/\/consejoderectores.cl\/en\/wp-json\/wp\/v2\/posts"}],"about":[{"href":"https:\/\/consejoderectores.cl\/en\/wp-json\/wp\/v2\/types\/post"}],"author":[{"embeddable":true,"href":"https:\/\/consejoderectores.cl\/en\/wp-json\/wp\/v2\/users\/1"}],"replies":[{"embeddable":true,"href":"https:\/\/consejoderectores.cl\/en\/wp-json\/wp\/v2\/comments?post=12188"}],"version-history":[{"count":7,"href":"https:\/\/consejoderectores.cl\/en\/wp-json\/wp\/v2\/posts\/12188\/revisions"}],"predecessor-version":[{"id":12202,"href":"https:\/\/consejoderectores.cl\/en\/wp-json\/wp\/v2\/posts\/12188\/revisions\/12202"}],"wp:featuredmedia":[{"embeddable":true,"href":"https:\/\/consejoderectores.cl\/en\/wp-json\/wp\/v2\/media\/12194"}],"wp:attachment":[{"href":"https:\/\/consejoderectores.cl\/en\/wp-json\/wp\/v2\/media?parent=12188"}],"wp:term":[{"taxonomy":"category","embeddable":true,"href":"https:\/\/consejoderectores.cl\/en\/wp-json\/wp\/v2\/categories?post=12188"},{"taxonomy":"post_tag","embeddable":true,"href":"https:\/\/consejoderectores.cl\/en\/wp-json\/wp\/v2\/tags?post=12188"}],"curies":[{"name":"wp","href":"https:\/\/api.w.org\/{rel}","templated":true}]}}