{"id":12125,"date":"2024-12-11T17:03:56","date_gmt":"2024-12-11T17:03:56","guid":{"rendered":"https:\/\/consejoderectores.cl\/?p=12125"},"modified":"2024-12-11T20:25:27","modified_gmt":"2024-12-11T20:25:27","slug":"cruch-invita-a-la-ciudadania-y-comunidades-universitarias-a-opinar-sobre-salud-mental-y-convivencia-universitaria","status":"publish","type":"post","link":"https:\/\/consejoderectores.cl\/en\/2024\/12\/11\/cruch-invita-a-la-ciudadania-y-comunidades-universitarias-a-opinar-sobre-salud-mental-y-convivencia-universitaria\/","title":{"rendered":"CRUCH invites citizens and university communities to share their opinions on mental health and university life."},"content":{"rendered":"<blockquote><p>The survey, which takes about 5 minutes to complete, will be available from today, December 11, 2024, until January 17, 2025, through the following electronic form: <a href=\"https:\/\/forms.gle\/U9BK8cyXJMFzHBiM6\">https:\/\/forms.gle\/U9BK8cyXJMFzHBiM6<\/a><\/p>\n<p>The instrument seeks to gather input, opinions and suggestions to contribute to solutions to problems that affect university communities, which are also a reflection of what is happening in the country.<\/p><\/blockquote>\n<p><img loading=\"lazy\" decoding=\"async\" class=\"wp-image-12127 alignleft\" src=\"https:\/\/consejoderectores.cl\/wp-content\/uploads\/2024\/12\/Afiche_Consulta_QR-724x1024.png\" alt=\"\" width=\"331\" height=\"468\" srcset=\"https:\/\/consejoderectores.cl\/wp-content\/uploads\/2024\/12\/Afiche_Consulta_QR-724x1024.png 724w, https:\/\/consejoderectores.cl\/wp-content\/uploads\/2024\/12\/Afiche_Consulta_QR-212x300.png 212w, https:\/\/consejoderectores.cl\/wp-content\/uploads\/2024\/12\/Afiche_Consulta_QR-768x1086.png 768w, https:\/\/consejoderectores.cl\/wp-content\/uploads\/2024\/12\/Afiche_Consulta_QR-1086x1536.png 1086w, https:\/\/consejoderectores.cl\/wp-content\/uploads\/2024\/12\/Afiche_Consulta_QR-8x12.png 8w, https:\/\/consejoderectores.cl\/wp-content\/uploads\/2024\/12\/Afiche_Consulta_QR-320x453.png 320w, https:\/\/consejoderectores.cl\/wp-content\/uploads\/2024\/12\/Afiche_Consulta_QR-480x679.png 480w, https:\/\/consejoderectores.cl\/wp-content\/uploads\/2024\/12\/Afiche_Consulta_QR-800x1132.png 800w, https:\/\/consejoderectores.cl\/wp-content\/uploads\/2024\/12\/Afiche_Consulta_QR-848x1199.png 848w, https:\/\/consejoderectores.cl\/wp-content\/uploads\/2024\/12\/Afiche_Consulta_QR-1140x1612.png 1140w, https:\/\/consejoderectores.cl\/wp-content\/uploads\/2024\/12\/Afiche_Consulta_QR-1170x1655.png 1170w, https:\/\/consejoderectores.cl\/wp-content\/uploads\/2024\/12\/Afiche_Consulta_QR.png 1414w\" sizes=\"auto, (max-width: 331px) 100vw, 331px\" \/><\/p>\n<p>This morning, the Council of Rectors of Chilean Universities (CRUCH) presented a consultation aimed at citizens and university communities throughout the country on priority issues of mental health and university coexistence.<\/p>\n<p>The Citizen Consultation, framed within the participation mechanisms of the Division of Social Organizations (DOS) of the Ministry General Secretariat of Government, will be available from today, December 11, 2024, until January 17, 2025., <a href=\"https:\/\/consejoderectores.cl\/en\/participacion_ciudadana\/#el-211042d4\">through the website<\/a> and CRUCH social media, where the following electronic form is located: <a href=\"https:\/\/forms.gle\/U9BK8cyXJMFzHBiM6\">https:\/\/forms.gle\/U9BK8cyXJMFzHBiM6<\/a><\/p>\n<p>The consultation, which lasts approximately 5 minutes, seeks to gather input, opinions, and suggestions on problems affecting students, faculty, and administrative staff of the institutions, and will help shape solutions that positively impact the well-being of university communities and society in general.<\/p>\n<p>The questions were developed with the support of <a href=\"https:\/\/consejoderectores.cl\/en\/comisiones-cruch\/comision-convivencia-universitaria-salud-mental\/\">CRUCH Commission on University Coexistence and Mental Health<\/a>, who has been working for two years on a diagnosis of the current university scenario in order to propose strategies that allow for effectively addressing the various situations.<\/p>\n<p>\u201cThe problems that have arisen in universities and the Chilean higher education system have shown that they reflect what is happening in the country. Social, political, and cultural factors are essential aspects to consider when understanding these issues and designing intervention strategies,\u201d stated Rosa Mar\u00eda Olave, one of the commission&#039;s presidents and director of the Mediation and Conflict Resolution Program at Alberto Hurtado University.<\/p>\n<p>\u201cFor this reason, the need arises to open and extend this dialogue to the general public,\u201d added Bertha Escobar, co-chair of the commission and dean of the Faculty of Health at the Catholic University of Temuco.<\/p>\n<p>The results of the consultation process will be incorporated into the report being prepared by the commission, which will be presented to the rectors of CRUCH in March 2025 and which will subsequently be delivered to the Ministries of Education and Health.<\/p>\n<p><strong>What does the consultation consist of?<\/strong><\/p>\n<p>The consultation focuses on some of the problems identified by the commission, as well as preliminary recommendations.<\/p>\n<p>Among the problems, it is worth highlighting, for example, the mental health crisis that many students are experiencing and the tendency to resort to punitive measures instead of promoting dialogue and conflict resolution in universities; the weakening of student life on campuses; the high demand for mental health care for students in universities; among others.<\/p>\n<p>Regarding the recommendations put forward, the consultation considers the following: favoring the implementation of student well-being and development models; generating institutional capacities for the promotion of well-being and healthy coexistence; implementing university policies that integrate and give relevance to mental health, healthy coexistence, inclusion and the gender approach; strengthening coordination with the health system for the care and\/or referral of students who present complex mental health problems; among others.<\/p>\n<p><strong>About the Commission<\/strong><\/p>\n<p>The University Coexistence and Mental Health Commission was created in July 2022, in response to the concern of the plenary of rectors and rectors about the problems of students in the post-pandemic context.<\/p>\n<p>Since then, the commission has held meetings; training sessions; and discussion groups with students, Student Affairs offices, Mental Health offices, school teams, national and international experts, and specialized institutions.<\/p>\n<p>Currently, representatives from 23 CRUCH universities participate, who deploy different initiatives in the promotion and prevention of university coexistence and mental health in their respective academic institutions, including suicide prevention programs and volunteer work.<\/p>\n<p><strong>Text and images: CRUCH Communications<\/strong><\/p>","protected":false},"excerpt":{"rendered":"<p>La consulta, que toma alrededor de 5 minutos contestar, estar\u00e1 disponible desde hoy 11 de diciembre de 2024 hasta el 17 de enero de 2025, a trav\u00e9s del siguiente formulario electr\u00f3nico: https:\/\/forms.gle\/U9BK8cyXJMFzHBiM6 El instrumento busca recoger aportes, opiniones y sugerencias para contribuir con soluciones a problem\u00e1ticas que afectan a las comunidades universitarias que, a la [&hellip;]<\/p>\n","protected":false},"author":1,"featured_media":12130,"comment_status":"open","ping_status":"open","sticky":false,"template":"","format":"standard","meta":{"_acf_changed":false,"footnotes":""},"categories":[3,13],"tags":[],"class_list":["post-12125","post","type-post","status-publish","format-standard","has-post-thumbnail","hentry","category-noticias","category-noticias-carrusel"],"acf":[],"yoast_head":"<!-- This site is optimized with the Yoast SEO plugin v27.1.1 - https:\/\/yoast.com\/product\/yoast-seo-wordpress\/ -->\n<title>CRUCH invita a la ciudadan\u00eda y comunidades universitarias a opinar sobre salud mental y convivencia universitaria - Consejo de Rectoras y Rectores de las Universidades Chilenas<\/title>\n<meta name=\"robots\" content=\"index, follow, max-snippet:-1, max-image-preview:large, max-video-preview:-1\" \/>\n<link rel=\"canonical\" href=\"https:\/\/consejoderectores.cl\/en\/2024\/12\/11\/cruch-invita-a-la-ciudadania-y-comunidades-universitarias-a-opinar-sobre-salud-mental-y-convivencia-universitaria\/\" \/>\n<meta property=\"og:locale\" content=\"en_US\" \/>\n<meta property=\"og:type\" content=\"article\" \/>\n<meta property=\"og:title\" content=\"CRUCH invita a la ciudadan\u00eda y comunidades universitarias a opinar sobre salud mental y convivencia universitaria - Consejo de Rectoras y Rectores de las Universidades Chilenas\" \/>\n<meta property=\"og:description\" content=\"La consulta, que toma alrededor de 5 minutos contestar, estar\u00e1 disponible desde hoy 11 de diciembre de 2024 hasta el 17 de enero de 2025, a trav\u00e9s del siguiente formulario electr\u00f3nico: https:\/\/forms.gle\/U9BK8cyXJMFzHBiM6 El instrumento busca recoger aportes, opiniones y sugerencias para contribuir con soluciones a problem\u00e1ticas que afectan a las comunidades universitarias que, a la [&hellip;]\" \/>\n<meta property=\"og:url\" content=\"https:\/\/consejoderectores.cl\/en\/2024\/12\/11\/cruch-invita-a-la-ciudadania-y-comunidades-universitarias-a-opinar-sobre-salud-mental-y-convivencia-universitaria\/\" \/>\n<meta property=\"og:site_name\" content=\"Consejo de Rectoras y Rectores de las Universidades Chilenas\" \/>\n<meta property=\"article:published_time\" content=\"2024-12-11T17:03:56+00:00\" \/>\n<meta property=\"article:modified_time\" content=\"2024-12-11T20:25:27+00:00\" \/>\n<meta property=\"og:image\" content=\"https:\/\/consejoderectores.cl\/wp-content\/uploads\/2024\/12\/Tamano-Imagen-Web-CRUCH.png\" \/>\n\t<meta property=\"og:image:width\" content=\"2880\" \/>\n\t<meta property=\"og:image:height\" content=\"1206\" \/>\n\t<meta property=\"og:image:type\" content=\"image\/png\" \/>\n<meta name=\"author\" content=\"Consejo de Rectores de las Universidades Chilenas\" \/>\n<meta name=\"twitter:card\" content=\"summary_large_image\" \/>\n<meta name=\"twitter:creator\" content=\"@CRUCH_cl\" \/>\n<meta name=\"twitter:site\" content=\"@CRUCH_cl\" \/>\n<meta name=\"twitter:label1\" content=\"Written by\" \/>\n\t<meta name=\"twitter:data1\" content=\"Consejo de Rectores de las Universidades Chilenas\" \/>\n\t<meta name=\"twitter:label2\" content=\"Est. reading time\" \/>\n\t<meta name=\"twitter:data2\" content=\"4 minutes\" \/>\n<script type=\"application\/ld+json\" class=\"yoast-schema-graph\">{\"@context\":\"https:\/\/schema.org\",\"@graph\":[{\"@type\":\"Article\",\"@id\":\"https:\/\/consejoderectores.cl\/2024\/12\/11\/cruch-invita-a-la-ciudadania-y-comunidades-universitarias-a-opinar-sobre-salud-mental-y-convivencia-universitaria\/#article\",\"isPartOf\":{\"@id\":\"https:\/\/consejoderectores.cl\/2024\/12\/11\/cruch-invita-a-la-ciudadania-y-comunidades-universitarias-a-opinar-sobre-salud-mental-y-convivencia-universitaria\/\"},\"author\":{\"name\":\"Consejo de Rectores de las Universidades Chilenas\",\"@id\":\"https:\/\/consejoderectores.cl\/en\/#\/schema\/person\/d863e44afde067fd4b57fac66ced709e\"},\"headline\":\"CRUCH invita a la ciudadan\u00eda y comunidades universitarias a opinar sobre salud mental y convivencia universitaria\",\"datePublished\":\"2024-12-11T17:03:56+00:00\",\"dateModified\":\"2024-12-11T20:25:27+00:00\",\"mainEntityOfPage\":{\"@id\":\"https:\/\/consejoderectores.cl\/2024\/12\/11\/cruch-invita-a-la-ciudadania-y-comunidades-universitarias-a-opinar-sobre-salud-mental-y-convivencia-universitaria\/\"},\"wordCount\":784,\"commentCount\":0,\"publisher\":{\"@id\":\"https:\/\/consejoderectores.cl\/en\/#organization\"},\"image\":{\"@id\":\"https:\/\/consejoderectores.cl\/2024\/12\/11\/cruch-invita-a-la-ciudadania-y-comunidades-universitarias-a-opinar-sobre-salud-mental-y-convivencia-universitaria\/#primaryimage\"},\"thumbnailUrl\":\"https:\/\/consejoderectores.cl\/wp-content\/uploads\/2024\/12\/Tamano-Imagen-Web-CRUCH.png\",\"articleSection\":[\"Noticias\",\"Noticias Carrusel\"],\"inLanguage\":\"en-US\",\"potentialAction\":[{\"@type\":\"CommentAction\",\"name\":\"Comment\",\"target\":[\"https:\/\/consejoderectores.cl\/2024\/12\/11\/cruch-invita-a-la-ciudadania-y-comunidades-universitarias-a-opinar-sobre-salud-mental-y-convivencia-universitaria\/#respond\"]}]},{\"@type\":\"WebPage\",\"@id\":\"https:\/\/consejoderectores.cl\/2024\/12\/11\/cruch-invita-a-la-ciudadania-y-comunidades-universitarias-a-opinar-sobre-salud-mental-y-convivencia-universitaria\/\",\"url\":\"https:\/\/consejoderectores.cl\/2024\/12\/11\/cruch-invita-a-la-ciudadania-y-comunidades-universitarias-a-opinar-sobre-salud-mental-y-convivencia-universitaria\/\",\"name\":\"CRUCH invita a la ciudadan\u00eda y comunidades universitarias a opinar sobre salud mental y convivencia universitaria - Consejo de Rectoras y Rectores de las Universidades Chilenas\",\"isPartOf\":{\"@id\":\"https:\/\/consejoderectores.cl\/en\/#website\"},\"primaryImageOfPage\":{\"@id\":\"https:\/\/consejoderectores.cl\/2024\/12\/11\/cruch-invita-a-la-ciudadania-y-comunidades-universitarias-a-opinar-sobre-salud-mental-y-convivencia-universitaria\/#primaryimage\"},\"image\":{\"@id\":\"https:\/\/consejoderectores.cl\/2024\/12\/11\/cruch-invita-a-la-ciudadania-y-comunidades-universitarias-a-opinar-sobre-salud-mental-y-convivencia-universitaria\/#primaryimage\"},\"thumbnailUrl\":\"https:\/\/consejoderectores.cl\/wp-content\/uploads\/2024\/12\/Tamano-Imagen-Web-CRUCH.png\",\"datePublished\":\"2024-12-11T17:03:56+00:00\",\"dateModified\":\"2024-12-11T20:25:27+00:00\",\"breadcrumb\":{\"@id\":\"https:\/\/consejoderectores.cl\/2024\/12\/11\/cruch-invita-a-la-ciudadania-y-comunidades-universitarias-a-opinar-sobre-salud-mental-y-convivencia-universitaria\/#breadcrumb\"},\"inLanguage\":\"en-US\",\"potentialAction\":[{\"@type\":\"ReadAction\",\"target\":[\"https:\/\/consejoderectores.cl\/2024\/12\/11\/cruch-invita-a-la-ciudadania-y-comunidades-universitarias-a-opinar-sobre-salud-mental-y-convivencia-universitaria\/\"]}]},{\"@type\":\"ImageObject\",\"inLanguage\":\"en-US\",\"@id\":\"https:\/\/consejoderectores.cl\/2024\/12\/11\/cruch-invita-a-la-ciudadania-y-comunidades-universitarias-a-opinar-sobre-salud-mental-y-convivencia-universitaria\/#primaryimage\",\"url\":\"https:\/\/consejoderectores.cl\/wp-content\/uploads\/2024\/12\/Tamano-Imagen-Web-CRUCH.png\",\"contentUrl\":\"https:\/\/consejoderectores.cl\/wp-content\/uploads\/2024\/12\/Tamano-Imagen-Web-CRUCH.png\",\"width\":2880,\"height\":1206},{\"@type\":\"BreadcrumbList\",\"@id\":\"https:\/\/consejoderectores.cl\/2024\/12\/11\/cruch-invita-a-la-ciudadania-y-comunidades-universitarias-a-opinar-sobre-salud-mental-y-convivencia-universitaria\/#breadcrumb\",\"itemListElement\":[{\"@type\":\"ListItem\",\"position\":1,\"name\":\"Home\",\"item\":\"https:\/\/consejoderectores.cl\/\"},{\"@type\":\"ListItem\",\"position\":2,\"name\":\"CRUCH invita a la ciudadan\u00eda y comunidades universitarias a opinar sobre salud mental y convivencia universitaria\"}]},{\"@type\":\"WebSite\",\"@id\":\"https:\/\/consejoderectores.cl\/en\/#website\",\"url\":\"https:\/\/consejoderectores.cl\/en\/\",\"name\":\"Consejo de Rectoras y Rectores de las Universidades Chilenas\",\"description\":\"\",\"publisher\":{\"@id\":\"https:\/\/consejoderectores.cl\/en\/#organization\"},\"potentialAction\":[{\"@type\":\"SearchAction\",\"target\":{\"@type\":\"EntryPoint\",\"urlTemplate\":\"https:\/\/consejoderectores.cl\/en\/?s={search_term_string}\"},\"query-input\":{\"@type\":\"PropertyValueSpecification\",\"valueRequired\":true,\"valueName\":\"search_term_string\"}}],\"inLanguage\":\"en-US\"},{\"@type\":\"Organization\",\"@id\":\"https:\/\/consejoderectores.cl\/en\/#organization\",\"name\":\"Consejo de Rectoras y Rectores de las Universidades Chilenas\",\"url\":\"https:\/\/consejoderectores.cl\/en\/\",\"logo\":{\"@type\":\"ImageObject\",\"inLanguage\":\"en-US\",\"@id\":\"https:\/\/consejoderectores.cl\/en\/#\/schema\/logo\/image\/\",\"url\":\"https:\/\/consejoderectores.cl\/wp-content\/uploads\/2025\/12\/logoheader_2025.png\",\"contentUrl\":\"https:\/\/consejoderectores.cl\/wp-content\/uploads\/2025\/12\/logoheader_2025.png\",\"width\":666,\"height\":305,\"caption\":\"Consejo de Rectoras y Rectores de las Universidades Chilenas\"},\"image\":{\"@id\":\"https:\/\/consejoderectores.cl\/en\/#\/schema\/logo\/image\/\"},\"sameAs\":[\"https:\/\/x.com\/CRUCH_cl\",\"https:\/\/www.instagram.com\/consejoderectores\/\",\"https:\/\/www.linkedin.com\/company\/cruch\/\",\"https:\/\/www.youtube.com\/channel\/UCzgIFRCsDlKoFpimiQmEaOA\"]},{\"@type\":\"Person\",\"@id\":\"https:\/\/consejoderectores.cl\/en\/#\/schema\/person\/d863e44afde067fd4b57fac66ced709e\",\"name\":\"Consejo de Rectores de las Universidades Chilenas\",\"image\":{\"@type\":\"ImageObject\",\"inLanguage\":\"en-US\",\"@id\":\"https:\/\/consejoderectores.cl\/en\/#\/schema\/person\/image\/\",\"url\":\"https:\/\/secure.gravatar.com\/avatar\/c31e2a02401f041926afb8ee21ab666f0925814fe85d25a5c8db80e23722dfc1?s=96&d=mm&r=g\",\"contentUrl\":\"https:\/\/secure.gravatar.com\/avatar\/c31e2a02401f041926afb8ee21ab666f0925814fe85d25a5c8db80e23722dfc1?s=96&d=mm&r=g\",\"caption\":\"Consejo de Rectores de las Universidades Chilenas\"},\"sameAs\":[\"https:\/\/www.consejoderectores.cl\"],\"url\":\"https:\/\/consejoderectores.cl\/en\/author\/cruch\/\"}]}<\/script>\n<!-- \/ Yoast SEO plugin. -->","yoast_head_json":{"title":"CRUCH invita a la ciudadan\u00eda y comunidades universitarias a opinar sobre salud mental y convivencia universitaria - Consejo de Rectoras y Rectores de las Universidades Chilenas","robots":{"index":"index","follow":"follow","max-snippet":"max-snippet:-1","max-image-preview":"max-image-preview:large","max-video-preview":"max-video-preview:-1"},"canonical":"https:\/\/consejoderectores.cl\/en\/2024\/12\/11\/cruch-invita-a-la-ciudadania-y-comunidades-universitarias-a-opinar-sobre-salud-mental-y-convivencia-universitaria\/","og_locale":"en_US","og_type":"article","og_title":"CRUCH invita a la ciudadan\u00eda y comunidades universitarias a opinar sobre salud mental y convivencia universitaria - Consejo de Rectoras y Rectores de las Universidades Chilenas","og_description":"La consulta, que toma alrededor de 5 minutos contestar, estar\u00e1 disponible desde hoy 11 de diciembre de 2024 hasta el 17 de enero de 2025, a trav\u00e9s del siguiente formulario electr\u00f3nico: https:\/\/forms.gle\/U9BK8cyXJMFzHBiM6 El instrumento busca recoger aportes, opiniones y sugerencias para contribuir con soluciones a problem\u00e1ticas que afectan a las comunidades universitarias que, a la [&hellip;]","og_url":"https:\/\/consejoderectores.cl\/en\/2024\/12\/11\/cruch-invita-a-la-ciudadania-y-comunidades-universitarias-a-opinar-sobre-salud-mental-y-convivencia-universitaria\/","og_site_name":"Consejo de Rectoras y Rectores de las Universidades Chilenas","article_published_time":"2024-12-11T17:03:56+00:00","article_modified_time":"2024-12-11T20:25:27+00:00","og_image":[{"width":2880,"height":1206,"url":"https:\/\/consejoderectores.cl\/wp-content\/uploads\/2024\/12\/Tamano-Imagen-Web-CRUCH.png","type":"image\/png"}],"author":"Consejo de Rectores de las Universidades Chilenas","twitter_card":"summary_large_image","twitter_creator":"@CRUCH_cl","twitter_site":"@CRUCH_cl","twitter_misc":{"Written by":"Consejo de Rectores de las Universidades Chilenas","Est. reading time":"4 minutes"},"schema":{"@context":"https:\/\/schema.org","@graph":[{"@type":"Article","@id":"https:\/\/consejoderectores.cl\/2024\/12\/11\/cruch-invita-a-la-ciudadania-y-comunidades-universitarias-a-opinar-sobre-salud-mental-y-convivencia-universitaria\/#article","isPartOf":{"@id":"https:\/\/consejoderectores.cl\/2024\/12\/11\/cruch-invita-a-la-ciudadania-y-comunidades-universitarias-a-opinar-sobre-salud-mental-y-convivencia-universitaria\/"},"author":{"name":"Consejo de Rectores de las Universidades Chilenas","@id":"https:\/\/consejoderectores.cl\/en\/#\/schema\/person\/d863e44afde067fd4b57fac66ced709e"},"headline":"CRUCH invita a la ciudadan\u00eda y comunidades universitarias a opinar sobre salud mental y convivencia universitaria","datePublished":"2024-12-11T17:03:56+00:00","dateModified":"2024-12-11T20:25:27+00:00","mainEntityOfPage":{"@id":"https:\/\/consejoderectores.cl\/2024\/12\/11\/cruch-invita-a-la-ciudadania-y-comunidades-universitarias-a-opinar-sobre-salud-mental-y-convivencia-universitaria\/"},"wordCount":784,"commentCount":0,"publisher":{"@id":"https:\/\/consejoderectores.cl\/en\/#organization"},"image":{"@id":"https:\/\/consejoderectores.cl\/2024\/12\/11\/cruch-invita-a-la-ciudadania-y-comunidades-universitarias-a-opinar-sobre-salud-mental-y-convivencia-universitaria\/#primaryimage"},"thumbnailUrl":"https:\/\/consejoderectores.cl\/wp-content\/uploads\/2024\/12\/Tamano-Imagen-Web-CRUCH.png","articleSection":["Noticias","Noticias Carrusel"],"inLanguage":"en-US","potentialAction":[{"@type":"CommentAction","name":"Comment","target":["https:\/\/consejoderectores.cl\/2024\/12\/11\/cruch-invita-a-la-ciudadania-y-comunidades-universitarias-a-opinar-sobre-salud-mental-y-convivencia-universitaria\/#respond"]}]},{"@type":"WebPage","@id":"https:\/\/consejoderectores.cl\/2024\/12\/11\/cruch-invita-a-la-ciudadania-y-comunidades-universitarias-a-opinar-sobre-salud-mental-y-convivencia-universitaria\/","url":"https:\/\/consejoderectores.cl\/2024\/12\/11\/cruch-invita-a-la-ciudadania-y-comunidades-universitarias-a-opinar-sobre-salud-mental-y-convivencia-universitaria\/","name":"CRUCH invita a la ciudadan\u00eda y comunidades universitarias a opinar sobre salud mental y convivencia universitaria - Consejo de Rectoras y Rectores de las Universidades Chilenas","isPartOf":{"@id":"https:\/\/consejoderectores.cl\/en\/#website"},"primaryImageOfPage":{"@id":"https:\/\/consejoderectores.cl\/2024\/12\/11\/cruch-invita-a-la-ciudadania-y-comunidades-universitarias-a-opinar-sobre-salud-mental-y-convivencia-universitaria\/#primaryimage"},"image":{"@id":"https:\/\/consejoderectores.cl\/2024\/12\/11\/cruch-invita-a-la-ciudadania-y-comunidades-universitarias-a-opinar-sobre-salud-mental-y-convivencia-universitaria\/#primaryimage"},"thumbnailUrl":"https:\/\/consejoderectores.cl\/wp-content\/uploads\/2024\/12\/Tamano-Imagen-Web-CRUCH.png","datePublished":"2024-12-11T17:03:56+00:00","dateModified":"2024-12-11T20:25:27+00:00","breadcrumb":{"@id":"https:\/\/consejoderectores.cl\/2024\/12\/11\/cruch-invita-a-la-ciudadania-y-comunidades-universitarias-a-opinar-sobre-salud-mental-y-convivencia-universitaria\/#breadcrumb"},"inLanguage":"en-US","potentialAction":[{"@type":"ReadAction","target":["https:\/\/consejoderectores.cl\/2024\/12\/11\/cruch-invita-a-la-ciudadania-y-comunidades-universitarias-a-opinar-sobre-salud-mental-y-convivencia-universitaria\/"]}]},{"@type":"ImageObject","inLanguage":"en-US","@id":"https:\/\/consejoderectores.cl\/2024\/12\/11\/cruch-invita-a-la-ciudadania-y-comunidades-universitarias-a-opinar-sobre-salud-mental-y-convivencia-universitaria\/#primaryimage","url":"https:\/\/consejoderectores.cl\/wp-content\/uploads\/2024\/12\/Tamano-Imagen-Web-CRUCH.png","contentUrl":"https:\/\/consejoderectores.cl\/wp-content\/uploads\/2024\/12\/Tamano-Imagen-Web-CRUCH.png","width":2880,"height":1206},{"@type":"BreadcrumbList","@id":"https:\/\/consejoderectores.cl\/2024\/12\/11\/cruch-invita-a-la-ciudadania-y-comunidades-universitarias-a-opinar-sobre-salud-mental-y-convivencia-universitaria\/#breadcrumb","itemListElement":[{"@type":"ListItem","position":1,"name":"Home","item":"https:\/\/consejoderectores.cl\/"},{"@type":"ListItem","position":2,"name":"CRUCH invita a la ciudadan\u00eda y comunidades universitarias a opinar sobre salud mental y convivencia universitaria"}]},{"@type":"WebSite","@id":"https:\/\/consejoderectores.cl\/en\/#website","url":"https:\/\/consejoderectores.cl\/en\/","name":"Council of Rectors of Chilean Universities","description":"","publisher":{"@id":"https:\/\/consejoderectores.cl\/en\/#organization"},"potentialAction":[{"@type":"SearchAction","target":{"@type":"EntryPoint","urlTemplate":"https:\/\/consejoderectores.cl\/en\/?s={search_term_string}"},"query-input":{"@type":"PropertyValueSpecification","valueRequired":true,"valueName":"search_term_string"}}],"inLanguage":"en-US"},{"@type":"Organization","@id":"https:\/\/consejoderectores.cl\/en\/#organization","name":"Council of Rectors of Chilean Universities","url":"https:\/\/consejoderectores.cl\/en\/","logo":{"@type":"ImageObject","inLanguage":"en-US","@id":"https:\/\/consejoderectores.cl\/en\/#\/schema\/logo\/image\/","url":"https:\/\/consejoderectores.cl\/wp-content\/uploads\/2025\/12\/logoheader_2025.png","contentUrl":"https:\/\/consejoderectores.cl\/wp-content\/uploads\/2025\/12\/logoheader_2025.png","width":666,"height":305,"caption":"Consejo de Rectoras y Rectores de las Universidades Chilenas"},"image":{"@id":"https:\/\/consejoderectores.cl\/en\/#\/schema\/logo\/image\/"},"sameAs":["https:\/\/x.com\/CRUCH_cl","https:\/\/www.instagram.com\/consejoderectores\/","https:\/\/www.linkedin.com\/company\/cruch\/","https:\/\/www.youtube.com\/channel\/UCzgIFRCsDlKoFpimiQmEaOA"]},{"@type":"Person","@id":"https:\/\/consejoderectores.cl\/en\/#\/schema\/person\/d863e44afde067fd4b57fac66ced709e","name":"Council of Rectors of Chilean Universities","image":{"@type":"ImageObject","inLanguage":"en-US","@id":"https:\/\/consejoderectores.cl\/en\/#\/schema\/person\/image\/","url":"https:\/\/secure.gravatar.com\/avatar\/c31e2a02401f041926afb8ee21ab666f0925814fe85d25a5c8db80e23722dfc1?s=96&d=mm&r=g","contentUrl":"https:\/\/secure.gravatar.com\/avatar\/c31e2a02401f041926afb8ee21ab666f0925814fe85d25a5c8db80e23722dfc1?s=96&d=mm&r=g","caption":"Consejo de Rectores de las Universidades Chilenas"},"sameAs":["https:\/\/www.consejoderectores.cl"],"url":"https:\/\/consejoderectores.cl\/en\/author\/cruch\/"}]}},"_links":{"self":[{"href":"https:\/\/consejoderectores.cl\/en\/wp-json\/wp\/v2\/posts\/12125","targetHints":{"allow":["GET"]}}],"collection":[{"href":"https:\/\/consejoderectores.cl\/en\/wp-json\/wp\/v2\/posts"}],"about":[{"href":"https:\/\/consejoderectores.cl\/en\/wp-json\/wp\/v2\/types\/post"}],"author":[{"embeddable":true,"href":"https:\/\/consejoderectores.cl\/en\/wp-json\/wp\/v2\/users\/1"}],"replies":[{"embeddable":true,"href":"https:\/\/consejoderectores.cl\/en\/wp-json\/wp\/v2\/comments?post=12125"}],"version-history":[{"count":7,"href":"https:\/\/consejoderectores.cl\/en\/wp-json\/wp\/v2\/posts\/12125\/revisions"}],"predecessor-version":[{"id":12165,"href":"https:\/\/consejoderectores.cl\/en\/wp-json\/wp\/v2\/posts\/12125\/revisions\/12165"}],"wp:featuredmedia":[{"embeddable":true,"href":"https:\/\/consejoderectores.cl\/en\/wp-json\/wp\/v2\/media\/12130"}],"wp:attachment":[{"href":"https:\/\/consejoderectores.cl\/en\/wp-json\/wp\/v2\/media?parent=12125"}],"wp:term":[{"taxonomy":"category","embeddable":true,"href":"https:\/\/consejoderectores.cl\/en\/wp-json\/wp\/v2\/categories?post=12125"},{"taxonomy":"post_tag","embeddable":true,"href":"https:\/\/consejoderectores.cl\/en\/wp-json\/wp\/v2\/tags?post=12125"}],"curies":[{"name":"wp","href":"https:\/\/api.w.org\/{rel}","templated":true}]}}