{"id":12121,"date":"2024-12-10T21:56:11","date_gmt":"2024-12-10T21:56:11","guid":{"rendered":"https:\/\/consejoderectores.cl\/?p=12121"},"modified":"2024-12-11T12:22:46","modified_gmt":"2024-12-11T12:22:46","slug":"sexto-encuentro-nacional-reflexion-y-accion-para-erradicar-la-violencia-de-genero-en-universidades-cruch","status":"publish","type":"post","link":"https:\/\/consejoderectores.cl\/en\/2024\/12\/10\/sexto-encuentro-nacional-reflexion-y-accion-para-erradicar-la-violencia-de-genero-en-universidades-cruch\/","title":{"rendered":"Sixth National Meeting: Reflection and action to eradicate gender violence in CRUCH universities"},"content":{"rendered":"<blockquote><p>The activity took place at the Metropolitan University of Educational Sciences (UMCE) and included the participation of the institution&#039;s rector, Elisa Araya; Undersecretary of the Ministry of Women and Gender Equity, Luz Vidal; prominent national and international guests; and the teams that address gender violence in the CRUCH universities.<\/p>\n<p>The challenges for the year 2025 of the CRUCH Gender Equality Commission in terms of eradicating violence are at least four: <span style=\"font-weight: 400;\">Consolidate and strengthen the teams that address violence in universities; advance in the area of prevention with initiatives that engage students and the university community; address the construction of masculinities and how sex-affective relationships are conceived; and continue reflecting on and providing tools to the teams that address violence in universities.<\/span><\/p><\/blockquote>\n<p><b><\/b><span style=\"font-weight: 400;\">For the sixth consecutive year, the teams and professionals working on gender violence from the institutions of the Council of Rectors of Chilean Universities (CRUCH) met to reflect on and share experiences in the areas of prevention and research, as well as sanction and reparation of gender violence and discrimination in the university context.\u00a0<\/span><\/p>\n<p><span style=\"font-weight: 400;\">Under the slogan \u201cGender violence in the university context, an uncomfortable reality\u201d, the activity was carried out on December 5 and 6 in a hybrid format at the Metropolitan University of Educational Sciences (UMCE), thanks to the organization of the Gender Violence Eradication Axis of the CRUCH Gender Equality Commission and the support of the Ministry of Women and Gender Equity, through the Fund for Equality.<\/span><\/p>\n<p><span style=\"font-weight: 400;\"><img loading=\"lazy\" decoding=\"async\" class=\"size-medium wp-image-12138 alignleft\" src=\"https:\/\/consejoderectores.cl\/wp-content\/uploads\/2024\/12\/Elisa-Araya_Encuentro-Genero-300x258.png\" alt=\"\" width=\"300\" height=\"258\" srcset=\"https:\/\/consejoderectores.cl\/wp-content\/uploads\/2024\/12\/Elisa-Araya_Encuentro-Genero-300x258.png 300w, https:\/\/consejoderectores.cl\/wp-content\/uploads\/2024\/12\/Elisa-Araya_Encuentro-Genero-1024x879.png 1024w, https:\/\/consejoderectores.cl\/wp-content\/uploads\/2024\/12\/Elisa-Araya_Encuentro-Genero-768x660.png 768w, https:\/\/consejoderectores.cl\/wp-content\/uploads\/2024\/12\/Elisa-Araya_Encuentro-Genero-1536x1319.png 1536w, https:\/\/consejoderectores.cl\/wp-content\/uploads\/2024\/12\/Elisa-Araya_Encuentro-Genero-2048x1759.png 2048w, https:\/\/consejoderectores.cl\/wp-content\/uploads\/2024\/12\/Elisa-Araya_Encuentro-Genero-14x12.png 14w, https:\/\/consejoderectores.cl\/wp-content\/uploads\/2024\/12\/Elisa-Araya_Encuentro-Genero-320x275.png 320w, https:\/\/consejoderectores.cl\/wp-content\/uploads\/2024\/12\/Elisa-Araya_Encuentro-Genero-480x412.png 480w, https:\/\/consejoderectores.cl\/wp-content\/uploads\/2024\/12\/Elisa-Araya_Encuentro-Genero-800x687.png 800w, https:\/\/consejoderectores.cl\/wp-content\/uploads\/2024\/12\/Elisa-Araya_Encuentro-Genero-848x728.png 848w, https:\/\/consejoderectores.cl\/wp-content\/uploads\/2024\/12\/Elisa-Araya_Encuentro-Genero-1140x979.png 1140w, https:\/\/consejoderectores.cl\/wp-content\/uploads\/2024\/12\/Elisa-Araya_Encuentro-Genero-1170x1005.png 1170w, https:\/\/consejoderectores.cl\/wp-content\/uploads\/2024\/12\/Elisa-Araya_Encuentro-Genero-1920x1649.png 1920w\" sizes=\"auto, (max-width: 300px) 100vw, 300px\" \/>\u201cWhat the universities have done in these 5 years is very interesting. What is being established is a reflection that will necessarily lead to a cultural change,\u201d began Elisa Araya, rector of UMCE, at the inaugural session.<\/span><\/p>\n<p><span style=\"font-weight: 400;\">She added, \u201cWe understand that awareness campaigns and visibility efforts are important, but the next and more profound step is pedagogy, education, and behavioral transformation. These are changes that are achieved through systematic work, modeling, guidance, and dedicated individuals.\u201d Finally, the rector congratulated the university teams for their daily work.<\/span><\/p>\n<p><span style=\"font-weight: 400;\">\u00a0<img loading=\"lazy\" decoding=\"async\" class=\"size-medium wp-image-12136 alignright\" src=\"https:\/\/consejoderectores.cl\/wp-content\/uploads\/2024\/12\/Hayley-y-Angelica_Encuentro-Genero-1-300x298.png\" alt=\"\" width=\"300\" height=\"298\" srcset=\"https:\/\/consejoderectores.cl\/wp-content\/uploads\/2024\/12\/Hayley-y-Angelica_Encuentro-Genero-1-300x298.png 300w, https:\/\/consejoderectores.cl\/wp-content\/uploads\/2024\/12\/Hayley-y-Angelica_Encuentro-Genero-1-1024x1018.png 1024w, https:\/\/consejoderectores.cl\/wp-content\/uploads\/2024\/12\/Hayley-y-Angelica_Encuentro-Genero-1-150x150.png 150w, https:\/\/consejoderectores.cl\/wp-content\/uploads\/2024\/12\/Hayley-y-Angelica_Encuentro-Genero-1-768x763.png 768w, https:\/\/consejoderectores.cl\/wp-content\/uploads\/2024\/12\/Hayley-y-Angelica_Encuentro-Genero-1-1536x1527.png 1536w, https:\/\/consejoderectores.cl\/wp-content\/uploads\/2024\/12\/Hayley-y-Angelica_Encuentro-Genero-1-2048x2036.png 2048w, https:\/\/consejoderectores.cl\/wp-content\/uploads\/2024\/12\/Hayley-y-Angelica_Encuentro-Genero-1-12x12.png 12w, https:\/\/consejoderectores.cl\/wp-content\/uploads\/2024\/12\/Hayley-y-Angelica_Encuentro-Genero-1-320x318.png 320w, https:\/\/consejoderectores.cl\/wp-content\/uploads\/2024\/12\/Hayley-y-Angelica_Encuentro-Genero-1-480x477.png 480w, https:\/\/consejoderectores.cl\/wp-content\/uploads\/2024\/12\/Hayley-y-Angelica_Encuentro-Genero-1-800x795.png 800w, https:\/\/consejoderectores.cl\/wp-content\/uploads\/2024\/12\/Hayley-y-Angelica_Encuentro-Genero-1-848x843.png 848w, https:\/\/consejoderectores.cl\/wp-content\/uploads\/2024\/12\/Hayley-y-Angelica_Encuentro-Genero-1-1140x1133.png 1140w, https:\/\/consejoderectores.cl\/wp-content\/uploads\/2024\/12\/Hayley-y-Angelica_Encuentro-Genero-1-1170x1163.png 1170w, https:\/\/consejoderectores.cl\/wp-content\/uploads\/2024\/12\/Hayley-y-Angelica_Encuentro-Genero-1-1920x1909.png 1920w\" sizes=\"auto, (max-width: 300px) 100vw, 300px\" \/>For her part, Ang\u00e9lica Mar\u00edn, coordinator of the CRUCH commission and executive secretary of the Gender and Sexualities Office at UMCE, reviewed the main lines of work over the past few years. \u201cThe CRUCH universities have carried out sustained work in developing and updating their protocols for action against violence and discrimination based on gender. The same is true for their policies. Furthermore, they have collaboratively developed technical guidelines based on experience, such as the <\/span><a href=\"https:\/\/www.consejoderectores.cl\/wp-content\/uploads\/2022\/05\/Libro-Caleidoscopio-26abril.pdf\"><i><span style=\"font-weight: 400;\">Kaleidoscope Model: a proposal for addressing gender violence in the university context<\/span><\/i><\/a><span style=\"font-weight: 400;\"> Y <\/span><a href=\"https:\/\/consejoderectores.cl\/wp-content\/uploads\/2024\/04\/Libro-Caleidoscopio2-v3.pdf\"><i><span style=\"font-weight: 400;\">Recommendations for equipment care<\/span><\/i><\/a><span style=\"font-weight: 400;\">, &quot;It is geared towards those who work in the field of violence,&quot; he noted.\u00a0<\/span><\/p>\n<p><span style=\"font-weight: 400;\">The meeting also included the Undersecretary for Women and Gender Equity, Luz Vidal Huiriqueo, who praised the rectors and academic staff of the universities for being part of \u201cthis Chile we are building today, with regulatory frameworks that align with international standards.\u201d With the ratification of Convention 190 (Concerning Violence and Harassment of the International Labour Organization, ILO), the Law <\/span><i><span style=\"font-weight: 400;\">Karin <\/span><\/i><span style=\"font-weight: 400;\">(21.643), the Comprehensive Law (21.675), the Conciliation Law (21.645), and the Parental Responsibility Law (21.484), \u201cwhat we are giving to the citizens is greater well-being. It is for women, but also for the citizens as a whole,\u201d she emphasized.\u00a0<\/span><span style=\"font-weight: 400;\">&quot;To advance &quot;in building a healthier society, where there is no discrimination, where people are treated equally, where they are treated with respect, universities are fundamental,&quot; Vidal stated.<\/span><\/p>\n<p><b>Upcoming challenges<\/b><\/p>\n<p><span style=\"font-weight: 400;\">Meanwhile, Hayley Dur\u00e1n, coordinator of the Gender Violence Eradication Axis of the commission and acting coordinator of the Gender Equity Unit at the University of Ays\u00e9n (UAys\u00e9n), stated that \u201cthe work of the axis is a barometer that allows us to see how universities are progressing and what tensions are arising.\u201d She also highlighted the role of Law 21.369, saying that \u00abwhile it has, in some ways, created tension in what we were working on, it is what will sustain the gender unit teams at universities.\u201d.\u00a0<\/span><\/p>\n<p><span style=\"font-weight: 400;\">Regarding the challenges for 2025, Dur\u00e1n identified four main ones. The first is to consolidate and strengthen the teams that address violence in universities. Second, \u201cin the area of prevention, it is necessary to continue advancing in developing initiatives that engage students and the university community as a whole. To do this, we know we need to improve communication strategies for models and procedures. We must appeal to innovation and creativity,\u201d she noted. The third challenge is \u201caddressing how masculinities are constructed and how sexual and affective relationships are conceived,\u201d and finally, \u201ccontinuing to reflect on and provide tools that are useful to the teams that address violence in universities,\u201d she emphasized.\u00a0<\/span><\/p>\n<p><b>Experience Panels <\/b><\/p>\n<p><span style=\"font-weight: 400;\">The university experiences presented at the meeting addressed three areas: those related to the prevention of gender violence; research, punishment and reparation of gender violence; and comprehensive policies on gender violence.<\/span><\/p>\n<p><span style=\"font-weight: 400;\">In the first panel, \u201cUniversity Experiences: Prevention of Gender Violence<\/span><img loading=\"lazy\" decoding=\"async\" class=\"alignleft wp-image-12142 size-medium\" src=\"https:\/\/consejoderectores.cl\/wp-content\/uploads\/2024\/12\/Foto-Utalca-300x200.jpg\" alt=\"\" width=\"300\" height=\"200\" srcset=\"https:\/\/consejoderectores.cl\/wp-content\/uploads\/2024\/12\/Foto-Utalca-300x200.jpg 300w, https:\/\/consejoderectores.cl\/wp-content\/uploads\/2024\/12\/Foto-Utalca-1024x683.jpg 1024w, https:\/\/consejoderectores.cl\/wp-content\/uploads\/2024\/12\/Foto-Utalca-768x512.jpg 768w, https:\/\/consejoderectores.cl\/wp-content\/uploads\/2024\/12\/Foto-Utalca-1536x1024.jpg 1536w, https:\/\/consejoderectores.cl\/wp-content\/uploads\/2024\/12\/Foto-Utalca-2048x1365.jpg 2048w, https:\/\/consejoderectores.cl\/wp-content\/uploads\/2024\/12\/Foto-Utalca-18x12.jpg 18w, https:\/\/consejoderectores.cl\/wp-content\/uploads\/2024\/12\/Foto-Utalca-320x213.jpg 320w, https:\/\/consejoderectores.cl\/wp-content\/uploads\/2024\/12\/Foto-Utalca-480x320.jpg 480w, https:\/\/consejoderectores.cl\/wp-content\/uploads\/2024\/12\/Foto-Utalca-800x533.jpg 800w, https:\/\/consejoderectores.cl\/wp-content\/uploads\/2024\/12\/Foto-Utalca-848x565.jpg 848w, https:\/\/consejoderectores.cl\/wp-content\/uploads\/2024\/12\/Foto-Utalca-1140x760.jpg 1140w, https:\/\/consejoderectores.cl\/wp-content\/uploads\/2024\/12\/Foto-Utalca-1170x780.jpg 1170w, https:\/\/consejoderectores.cl\/wp-content\/uploads\/2024\/12\/Foto-Utalca-1920x1280.jpg 1920w\" sizes=\"auto, (max-width: 300px) 100vw, 300px\" \/>The panel discussion, &quot;Mapping Safe Spaces,&quot; featured psychologist Ilian Rebolledo and social worker Claudia Balmaceda from the Gender Office of the University of Talca (UTalca). Their presentation addressed the identification of safe and unsafe areas on the university&#039;s campuses, involving students, staff, and faculty, along with awareness-raising activities including talks and informational materials. The second panel discussion, titled &quot;The Dice of Equality,&quot; was led by Mar\u00eda Paula Poblete Bravo, Director of Gender Equity and Diversity, and Gabriel Alarc\u00f3n Barrera, Gender Equity Manager, both from the Catholic University of Maule (UCM). Their presentation aimed to raise awareness about gaps and progress in gender and human rights, which, they explained, has fostered spontaneous and planned participation, generating awareness and strengthening the institutional culture on gender issues.<\/p>\n<p><span style=\"font-weight: 400;\">The second panel, \u201cUniversity Experiences: Research, Sanction, and Reparation for Gender Violence (UChile),\u201d featured the presentation \u201cAddressing Gender Violence at the University of Chile: The Experience from a Decentralized Care Model,\u201d presented by Mar\u00eda Soledad Berr\u00edos, coordinator of the Sexual Harassment Prevention and Care Area of the Gender Equality Directorate. She outlined the implementation of a model for addressing gender violence, focused on timely, comprehensive, and inter-institutional collaboration, offering socio-legal support, mental health services with a gender perspective, and an initial intake system. Following this, D\u00e9bora Jana, coordinator of the Gender and Diversity Observatory of the Gender, Diversity, and Equity Directorate at the University of Santiago, Chile (USACH), presented \u201cInstitutional Model for Researching and Sanctioning Gender Violence: Information Systems and University Policies on Gender Violence in Higher Education.\u201d She shared this model, based on an information system that monitors cases and trends. Meanwhile, \u201cBeyond the punitive: design and experience of psychoeducational work with people sanctioned for sexual harassment and\/or gender violence (2022-2024) at the Diego Portales University (UDP)\u201d commented by the director of Gender, revealed the psychoeducational device that works with people sanctioned for gender violence and seeks to promote reflection, accountability and prevent recidivism, through workshops and self-instructional courses.<\/span><\/p>\n<p><img loading=\"lazy\" decoding=\"async\" class=\"size-medium wp-image-12157 alignright\" src=\"https:\/\/consejoderectores.cl\/wp-content\/uploads\/2024\/12\/UA_genero-1-300x200.png\" alt=\"\" width=\"300\" height=\"200\" srcset=\"https:\/\/consejoderectores.cl\/wp-content\/uploads\/2024\/12\/UA_genero-1-300x200.png 300w, https:\/\/consejoderectores.cl\/wp-content\/uploads\/2024\/12\/UA_genero-1-1024x683.png 1024w, https:\/\/consejoderectores.cl\/wp-content\/uploads\/2024\/12\/UA_genero-1-768x512.png 768w, https:\/\/consejoderectores.cl\/wp-content\/uploads\/2024\/12\/UA_genero-1-18x12.png 18w, https:\/\/consejoderectores.cl\/wp-content\/uploads\/2024\/12\/UA_genero-1-320x213.png 320w, https:\/\/consejoderectores.cl\/wp-content\/uploads\/2024\/12\/UA_genero-1-480x320.png 480w, https:\/\/consejoderectores.cl\/wp-content\/uploads\/2024\/12\/UA_genero-1-800x533.png 800w, https:\/\/consejoderectores.cl\/wp-content\/uploads\/2024\/12\/UA_genero-1-848x565.png 848w, https:\/\/consejoderectores.cl\/wp-content\/uploads\/2024\/12\/UA_genero-1-1140x760.png 1140w, https:\/\/consejoderectores.cl\/wp-content\/uploads\/2024\/12\/UA_genero-1-1170x780.png 1170w, https:\/\/consejoderectores.cl\/wp-content\/uploads\/2024\/12\/UA_genero-1.png 1200w\" sizes=\"auto, (max-width: 300px) 100vw, 300px\" \/><\/p>\n<p><span style=\"font-weight: 400;\">The third panel included Hayley Dur\u00e1n, coordinator of the Gender and Inclusion Unit at UAys\u00e9n, who presented the \u201cEvaluation of the Prevention Model: main findings,\u201d which covered the period 2022-2023 and included tri-sector surveys in its analysis. The surveys revealed that only 181% of the community is familiar with the model, although 85% recognize the awareness campaigns. Therefore, it is concluded that it is necessary to improve the communication strategy, expand participation in diagnoses and training, and promote awareness of gender violence and discrimination, among other things. The University of Antofagasta (UA), for its part, was present with \u201cExperiences linked to the implementation of the Comprehensive Gender Policy of the University of Antofagasta: progress, critical issues and institutional barriers\u201d through the psychologist in charge of prevention, Fernanda Mu\u00f1oz, and the psychologist in reparation in gender violence, Sebasti\u00e1n Viveros, both from the Equity and Inclusion Unit, where they made known the progress and challenges in the implementation of their policy, and highlighted the exploration of models of care and reparation aimed at affected people, such as the narrative approach.<\/span><\/p>\n<p><b>Guests<\/b><\/p>\n<p><span style=\"font-weight: 400;\">In addition to the panels, the presentation \u201cLaw No. 21,369, Reflections Based on Some Court Rulings. Ongoing Challenges\u201d was shared by the legal team of the Gender Violence Eradication Unit, represented by Karina Salas, a lawyer from the Gender and Sexualities Office of UMCE. This presentation addressed reflections on this law from the perspective of court rulings in Chile, highlighting the challenges for universities in implementing policies against gender violence. It also included an analysis of the national and international regulatory framework\u2014including treaties such as CEDAW and Bel\u00e9m do Par\u00e1\u2014and invited reflection on how to balance institutional responsibilities and individual rights in the educational context.<\/span><\/p>\n<p><span style=\"font-weight: 400;\">Similarly, representatives from the Undersecretariat of Higher Education participating in the Intersectoral Roundtable of Law 21.369, the advisor on gender, interculturality and human rights, Yarela G\u00f3mez, and the Gender Advisor of the Ministry of <\/span><span style=\"font-weight: 400;\">Science, Technology, Knowledge and Innovation, <\/span><span style=\"font-weight: 400;\">Diana Bravo, who presented \u201cTable 21.369: challenges of implementing the law\u201d, reported on the instance that seeks to coordinate and articulate various state bodies to implement this law that regulates sexual harassment, violence and gender discrimination in the field of Higher Education, where the joint work with other ministries and relevant bodies stands out in order to develop complementary regulations, such as the Comprehensive Law against Gender Violence, strengthening the state response to these problems.<\/span><\/p>\n<p><span style=\"font-weight: 400;\">The day also included the presentation of \u201cThe Instrument on Gender Violence and Discrimination (UMCE Equality Fund)\u201d, by Svenska Arensburg and part of the team from the Center for Applied Psychology of the University of Chile (CAPs-UChile), which consisted of the process of developing the second Survey on Gender Discrimination and Violence at UMCE, and the details of the stages of formulating objectives, methodology, validation and results.<\/span><\/p>\n<p><span style=\"font-weight: 400;\"><img loading=\"lazy\" decoding=\"async\" class=\"size-medium wp-image-12159 alignleft\" src=\"https:\/\/consejoderectores.cl\/wp-content\/uploads\/2024\/12\/Ana-MAria-Fernandez_Argentina-1-300x200.png\" alt=\"\" width=\"300\" height=\"200\" srcset=\"https:\/\/consejoderectores.cl\/wp-content\/uploads\/2024\/12\/Ana-MAria-Fernandez_Argentina-1-300x200.png 300w, https:\/\/consejoderectores.cl\/wp-content\/uploads\/2024\/12\/Ana-MAria-Fernandez_Argentina-1-1024x683.png 1024w, https:\/\/consejoderectores.cl\/wp-content\/uploads\/2024\/12\/Ana-MAria-Fernandez_Argentina-1-768x512.png 768w, https:\/\/consejoderectores.cl\/wp-content\/uploads\/2024\/12\/Ana-MAria-Fernandez_Argentina-1-18x12.png 18w, https:\/\/consejoderectores.cl\/wp-content\/uploads\/2024\/12\/Ana-MAria-Fernandez_Argentina-1-320x213.png 320w, https:\/\/consejoderectores.cl\/wp-content\/uploads\/2024\/12\/Ana-MAria-Fernandez_Argentina-1-480x320.png 480w, https:\/\/consejoderectores.cl\/wp-content\/uploads\/2024\/12\/Ana-MAria-Fernandez_Argentina-1-800x533.png 800w, https:\/\/consejoderectores.cl\/wp-content\/uploads\/2024\/12\/Ana-MAria-Fernandez_Argentina-1-848x565.png 848w, https:\/\/consejoderectores.cl\/wp-content\/uploads\/2024\/12\/Ana-MAria-Fernandez_Argentina-1-1140x760.png 1140w, https:\/\/consejoderectores.cl\/wp-content\/uploads\/2024\/12\/Ana-MAria-Fernandez_Argentina-1-1170x780.png 1170w, https:\/\/consejoderectores.cl\/wp-content\/uploads\/2024\/12\/Ana-MAria-Fernandez_Argentina-1.png 1200w\" sizes=\"auto, (max-width: 300px) 100vw, 300px\" \/>As for the guests at the meeting, the first was the distinguished academic, researcher and psychoanalyst from the University of Buenos Aires, Argentina, Ana Mar\u00eda Fern\u00e1ndez (see more in <\/span><a href=\"https:\/\/www.anamfernandez.com.ar\/\"><span style=\"font-weight: 400;\">https:\/\/www.anamfernandez.com.ar\/<\/span><\/a><span style=\"font-weight: 400;\">), who developed the talk \u201cPolitics of love? Violence, consent and subalternity\u201d, where he opened reflections regarding consent and the approach in cases of violence, the implementation of devices according to criminal or inadequate behaviors, the need for accompaniment, affective responsibility and imaginaries about sexuality, and the absence of comprehensive sex education.\u00a0<\/span><\/p>\n<p style=\"text-align: left;\"><span style=\"font-weight: 400;\"><img loading=\"lazy\" decoding=\"async\" class=\"wp-image-12132 alignright\" src=\"https:\/\/consejoderectores.cl\/wp-content\/uploads\/2024\/12\/Foto-2_Sofia-Brito_Encuentro-Genero-300x200.jpg\" alt=\"\" width=\"263\" height=\"175\" srcset=\"https:\/\/consejoderectores.cl\/wp-content\/uploads\/2024\/12\/Foto-2_Sofia-Brito_Encuentro-Genero-300x200.jpg 300w, https:\/\/consejoderectores.cl\/wp-content\/uploads\/2024\/12\/Foto-2_Sofia-Brito_Encuentro-Genero-1024x683.jpg 1024w, https:\/\/consejoderectores.cl\/wp-content\/uploads\/2024\/12\/Foto-2_Sofia-Brito_Encuentro-Genero-768x512.jpg 768w, https:\/\/consejoderectores.cl\/wp-content\/uploads\/2024\/12\/Foto-2_Sofia-Brito_Encuentro-Genero-1536x1024.jpg 1536w, https:\/\/consejoderectores.cl\/wp-content\/uploads\/2024\/12\/Foto-2_Sofia-Brito_Encuentro-Genero-2048x1365.jpg 2048w, https:\/\/consejoderectores.cl\/wp-content\/uploads\/2024\/12\/Foto-2_Sofia-Brito_Encuentro-Genero-18x12.jpg 18w, https:\/\/consejoderectores.cl\/wp-content\/uploads\/2024\/12\/Foto-2_Sofia-Brito_Encuentro-Genero-320x213.jpg 320w, https:\/\/consejoderectores.cl\/wp-content\/uploads\/2024\/12\/Foto-2_Sofia-Brito_Encuentro-Genero-480x320.jpg 480w, https:\/\/consejoderectores.cl\/wp-content\/uploads\/2024\/12\/Foto-2_Sofia-Brito_Encuentro-Genero-800x533.jpg 800w, https:\/\/consejoderectores.cl\/wp-content\/uploads\/2024\/12\/Foto-2_Sofia-Brito_Encuentro-Genero-848x565.jpg 848w, https:\/\/consejoderectores.cl\/wp-content\/uploads\/2024\/12\/Foto-2_Sofia-Brito_Encuentro-Genero-1140x760.jpg 1140w, https:\/\/consejoderectores.cl\/wp-content\/uploads\/2024\/12\/Foto-2_Sofia-Brito_Encuentro-Genero-1170x780.jpg 1170w, https:\/\/consejoderectores.cl\/wp-content\/uploads\/2024\/12\/Foto-2_Sofia-Brito_Encuentro-Genero-1920x1280.jpg 1920w\" sizes=\"auto, (max-width: 263px) 100vw, 263px\" \/>Also present was Sof\u00eda Brito, a researcher from the University of Chile, writer, and activist, who gave a talk entitled &quot;From the Feminist May to Law 21.369: Trajectories and Challenges from the Perspective of Consent.&quot; In her talk, she addressed topics such as the feminist movement that emerged in universities\u2014highlighting the 2018 movement\u2014the institutionalization of regulations and mechanisms for addressing gender violence in the university context, the &quot;opacity&quot; of consent, and the remaining tensions and challenges.<\/span><\/p>\n<p>&nbsp;<\/p>\n<p>&nbsp;<\/p>\n<p><img loading=\"lazy\" decoding=\"async\" class=\"aligncenter wp-image-12131\" src=\"https:\/\/consejoderectores.cl\/wp-content\/uploads\/2024\/12\/Foto-1_Encuentro-genero-300x156.png\" alt=\"\" width=\"445\" height=\"231\" srcset=\"https:\/\/consejoderectores.cl\/wp-content\/uploads\/2024\/12\/Foto-1_Encuentro-genero-300x156.png 300w, https:\/\/consejoderectores.cl\/wp-content\/uploads\/2024\/12\/Foto-1_Encuentro-genero-1024x531.png 1024w, https:\/\/consejoderectores.cl\/wp-content\/uploads\/2024\/12\/Foto-1_Encuentro-genero-768x398.png 768w, https:\/\/consejoderectores.cl\/wp-content\/uploads\/2024\/12\/Foto-1_Encuentro-genero-1536x796.png 1536w, https:\/\/consejoderectores.cl\/wp-content\/uploads\/2024\/12\/Foto-1_Encuentro-genero-2048x1062.png 2048w, https:\/\/consejoderectores.cl\/wp-content\/uploads\/2024\/12\/Foto-1_Encuentro-genero-18x9.png 18w, https:\/\/consejoderectores.cl\/wp-content\/uploads\/2024\/12\/Foto-1_Encuentro-genero-320x166.png 320w, https:\/\/consejoderectores.cl\/wp-content\/uploads\/2024\/12\/Foto-1_Encuentro-genero-480x249.png 480w, https:\/\/consejoderectores.cl\/wp-content\/uploads\/2024\/12\/Foto-1_Encuentro-genero-800x415.png 800w, https:\/\/consejoderectores.cl\/wp-content\/uploads\/2024\/12\/Foto-1_Encuentro-genero-848x440.png 848w, https:\/\/consejoderectores.cl\/wp-content\/uploads\/2024\/12\/Foto-1_Encuentro-genero-1140x591.png 1140w, https:\/\/consejoderectores.cl\/wp-content\/uploads\/2024\/12\/Foto-1_Encuentro-genero-1170x607.png 1170w, https:\/\/consejoderectores.cl\/wp-content\/uploads\/2024\/12\/Foto-1_Encuentro-genero-1920x995.png 1920w\" sizes=\"auto, (max-width: 445px) 100vw, 445px\" \/><\/p>\n<p>&nbsp;<\/p>\n<p><b>See also press release from MinMujeryEG:<\/b> <a href=\"https:\/\/minmujeryeg.gob.cl\/?p=55416\"><span style=\"font-weight: 400;\">https:\/\/minmujeryeg.gob.cl\/?p=55416<\/span><\/a><\/p>\n<p><b>Text: <\/b><span style=\"font-weight: 400;\">CRUCH Communications and Communications <\/span><a href=\"https:\/\/www.umce.cl\/index.php\/vinculacion-con-el-medio-y-extension\/oficina-de-comunicaciones\/destacados\/1029-oficina-de-genero-y-sexualidades\"><span style=\"font-weight: 400;\">Office of Gender and Sexualities<\/span><\/a><span style=\"font-weight: 400;\"> UMCE.\u00a0<\/span><\/p>\n<p><b>Photographs:<\/b><span style=\"font-weight: 400;\"> Communications <\/span><a href=\"https:\/\/www.umce.cl\/index.php\/vinculacion-con-el-medio-y-extension\/oficina-de-comunicaciones\/destacados\/1029-oficina-de-genero-y-sexualidades\"><span style=\"font-weight: 400;\">Office of Gender and Sexualities<\/span><\/a><span style=\"font-weight: 400;\"> UMCE.<\/span><\/p>","protected":false},"excerpt":{"rendered":"<p>La actividad se desarroll\u00f3 en la Universidad Metropolitana de Ciencias de la Educaci\u00f3n (UMCE) y cont\u00f3 con la participaci\u00f3n de la rectora de la instituci\u00f3n, Elisa Araya; subsecretaria del Ministerio de la Mujer y Equidad de G\u00e9nero, Luz Vidal; destacadas invitadas nacionales e internacionales; y de los equipos que abordan violencia de g\u00e9nero en las [&hellip;]<\/p>\n","protected":false},"author":1,"featured_media":12126,"comment_status":"open","ping_status":"open","sticky":false,"template":"","format":"standard","meta":{"_acf_changed":false,"footnotes":""},"categories":[3,13,20],"tags":[],"class_list":["post-12121","post","type-post","status-publish","format-standard","has-post-thumbnail","hentry","category-noticias","category-noticias-carrusel","category-noticias-comision-de-igualdad-de-genero"],"acf":[],"yoast_head":"<!-- This site is optimized with the Yoast SEO plugin v27.1.1 - https:\/\/yoast.com\/product\/yoast-seo-wordpress\/ -->\n<title>Sexto Encuentro Nacional: Reflexi\u00f3n y acci\u00f3n para erradicar la violencia de g\u00e9nero en universidades CRUCH - Consejo de Rectoras y Rectores de las Universidades Chilenas<\/title>\n<meta name=\"robots\" content=\"index, follow, max-snippet:-1, max-image-preview:large, max-video-preview:-1\" \/>\n<link rel=\"canonical\" href=\"https:\/\/consejoderectores.cl\/en\/2024\/12\/10\/sexto-encuentro-nacional-reflexion-y-accion-para-erradicar-la-violencia-de-genero-en-universidades-cruch\/\" \/>\n<meta property=\"og:locale\" content=\"en_US\" \/>\n<meta property=\"og:type\" content=\"article\" \/>\n<meta property=\"og:title\" content=\"Sexto Encuentro Nacional: Reflexi\u00f3n y acci\u00f3n para erradicar la violencia de g\u00e9nero en universidades CRUCH - Consejo de Rectoras y Rectores de las Universidades Chilenas\" \/>\n<meta property=\"og:description\" content=\"La actividad se desarroll\u00f3 en la Universidad Metropolitana de Ciencias de la Educaci\u00f3n (UMCE) y cont\u00f3 con la participaci\u00f3n de la rectora de la instituci\u00f3n, Elisa Araya; subsecretaria del Ministerio de la Mujer y Equidad de G\u00e9nero, Luz Vidal; destacadas invitadas nacionales e internacionales; y de los equipos que abordan violencia de g\u00e9nero en las [&hellip;]\" \/>\n<meta property=\"og:url\" content=\"https:\/\/consejoderectores.cl\/en\/2024\/12\/10\/sexto-encuentro-nacional-reflexion-y-accion-para-erradicar-la-violencia-de-genero-en-universidades-cruch\/\" \/>\n<meta property=\"og:site_name\" content=\"Consejo de Rectoras y Rectores de las Universidades Chilenas\" \/>\n<meta property=\"article:published_time\" content=\"2024-12-10T21:56:11+00:00\" \/>\n<meta property=\"article:modified_time\" content=\"2024-12-11T12:22:46+00:00\" \/>\n<meta property=\"og:image\" content=\"https:\/\/consejoderectores.cl\/wp-content\/uploads\/2024\/12\/Grupo-encuentro-genero--scaled.jpg\" \/>\n\t<meta property=\"og:image:width\" content=\"2560\" \/>\n\t<meta property=\"og:image:height\" content=\"1707\" \/>\n\t<meta property=\"og:image:type\" content=\"image\/jpeg\" \/>\n<meta name=\"author\" content=\"Consejo de Rectores de las Universidades Chilenas\" \/>\n<meta name=\"twitter:card\" content=\"summary_large_image\" \/>\n<meta name=\"twitter:creator\" content=\"@CRUCH_cl\" \/>\n<meta name=\"twitter:site\" content=\"@CRUCH_cl\" \/>\n<meta name=\"twitter:label1\" content=\"Written by\" \/>\n\t<meta name=\"twitter:data1\" content=\"Consejo de Rectores de las Universidades Chilenas\" \/>\n\t<meta name=\"twitter:label2\" content=\"Est. reading time\" \/>\n\t<meta name=\"twitter:data2\" content=\"11 minutes\" \/>\n<script type=\"application\/ld+json\" class=\"yoast-schema-graph\">{\"@context\":\"https:\/\/schema.org\",\"@graph\":[{\"@type\":\"Article\",\"@id\":\"https:\/\/consejoderectores.cl\/2024\/12\/10\/sexto-encuentro-nacional-reflexion-y-accion-para-erradicar-la-violencia-de-genero-en-universidades-cruch\/#article\",\"isPartOf\":{\"@id\":\"https:\/\/consejoderectores.cl\/2024\/12\/10\/sexto-encuentro-nacional-reflexion-y-accion-para-erradicar-la-violencia-de-genero-en-universidades-cruch\/\"},\"author\":{\"name\":\"Consejo de Rectores de las Universidades Chilenas\",\"@id\":\"https:\/\/consejoderectores.cl\/en\/#\/schema\/person\/d863e44afde067fd4b57fac66ced709e\"},\"headline\":\"Sexto Encuentro Nacional: Reflexi\u00f3n y acci\u00f3n para erradicar la violencia de g\u00e9nero en universidades CRUCH\",\"datePublished\":\"2024-12-10T21:56:11+00:00\",\"dateModified\":\"2024-12-11T12:22:46+00:00\",\"mainEntityOfPage\":{\"@id\":\"https:\/\/consejoderectores.cl\/2024\/12\/10\/sexto-encuentro-nacional-reflexion-y-accion-para-erradicar-la-violencia-de-genero-en-universidades-cruch\/\"},\"wordCount\":2269,\"commentCount\":0,\"publisher\":{\"@id\":\"https:\/\/consejoderectores.cl\/en\/#organization\"},\"image\":{\"@id\":\"https:\/\/consejoderectores.cl\/2024\/12\/10\/sexto-encuentro-nacional-reflexion-y-accion-para-erradicar-la-violencia-de-genero-en-universidades-cruch\/#primaryimage\"},\"thumbnailUrl\":\"https:\/\/consejoderectores.cl\/wp-content\/uploads\/2024\/12\/Grupo-encuentro-genero--scaled.jpg\",\"articleSection\":[\"Noticias\",\"Noticias Carrusel\",\"Noticias Comisi\u00f3n de Igualdad de G\u00e9nero\"],\"inLanguage\":\"en-US\",\"potentialAction\":[{\"@type\":\"CommentAction\",\"name\":\"Comment\",\"target\":[\"https:\/\/consejoderectores.cl\/2024\/12\/10\/sexto-encuentro-nacional-reflexion-y-accion-para-erradicar-la-violencia-de-genero-en-universidades-cruch\/#respond\"]}]},{\"@type\":\"WebPage\",\"@id\":\"https:\/\/consejoderectores.cl\/2024\/12\/10\/sexto-encuentro-nacional-reflexion-y-accion-para-erradicar-la-violencia-de-genero-en-universidades-cruch\/\",\"url\":\"https:\/\/consejoderectores.cl\/2024\/12\/10\/sexto-encuentro-nacional-reflexion-y-accion-para-erradicar-la-violencia-de-genero-en-universidades-cruch\/\",\"name\":\"Sexto Encuentro Nacional: Reflexi\u00f3n y acci\u00f3n para erradicar la violencia de g\u00e9nero en universidades CRUCH - Consejo de Rectoras y Rectores de las Universidades Chilenas\",\"isPartOf\":{\"@id\":\"https:\/\/consejoderectores.cl\/en\/#website\"},\"primaryImageOfPage\":{\"@id\":\"https:\/\/consejoderectores.cl\/2024\/12\/10\/sexto-encuentro-nacional-reflexion-y-accion-para-erradicar-la-violencia-de-genero-en-universidades-cruch\/#primaryimage\"},\"image\":{\"@id\":\"https:\/\/consejoderectores.cl\/2024\/12\/10\/sexto-encuentro-nacional-reflexion-y-accion-para-erradicar-la-violencia-de-genero-en-universidades-cruch\/#primaryimage\"},\"thumbnailUrl\":\"https:\/\/consejoderectores.cl\/wp-content\/uploads\/2024\/12\/Grupo-encuentro-genero--scaled.jpg\",\"datePublished\":\"2024-12-10T21:56:11+00:00\",\"dateModified\":\"2024-12-11T12:22:46+00:00\",\"breadcrumb\":{\"@id\":\"https:\/\/consejoderectores.cl\/2024\/12\/10\/sexto-encuentro-nacional-reflexion-y-accion-para-erradicar-la-violencia-de-genero-en-universidades-cruch\/#breadcrumb\"},\"inLanguage\":\"en-US\",\"potentialAction\":[{\"@type\":\"ReadAction\",\"target\":[\"https:\/\/consejoderectores.cl\/2024\/12\/10\/sexto-encuentro-nacional-reflexion-y-accion-para-erradicar-la-violencia-de-genero-en-universidades-cruch\/\"]}]},{\"@type\":\"ImageObject\",\"inLanguage\":\"en-US\",\"@id\":\"https:\/\/consejoderectores.cl\/2024\/12\/10\/sexto-encuentro-nacional-reflexion-y-accion-para-erradicar-la-violencia-de-genero-en-universidades-cruch\/#primaryimage\",\"url\":\"https:\/\/consejoderectores.cl\/wp-content\/uploads\/2024\/12\/Grupo-encuentro-genero--scaled.jpg\",\"contentUrl\":\"https:\/\/consejoderectores.cl\/wp-content\/uploads\/2024\/12\/Grupo-encuentro-genero--scaled.jpg\",\"width\":2560,\"height\":1707},{\"@type\":\"BreadcrumbList\",\"@id\":\"https:\/\/consejoderectores.cl\/2024\/12\/10\/sexto-encuentro-nacional-reflexion-y-accion-para-erradicar-la-violencia-de-genero-en-universidades-cruch\/#breadcrumb\",\"itemListElement\":[{\"@type\":\"ListItem\",\"position\":1,\"name\":\"Home\",\"item\":\"https:\/\/consejoderectores.cl\/\"},{\"@type\":\"ListItem\",\"position\":2,\"name\":\"Sexto Encuentro Nacional: Reflexi\u00f3n y acci\u00f3n para erradicar la violencia de g\u00e9nero en universidades CRUCH\"}]},{\"@type\":\"WebSite\",\"@id\":\"https:\/\/consejoderectores.cl\/en\/#website\",\"url\":\"https:\/\/consejoderectores.cl\/en\/\",\"name\":\"Consejo de Rectoras y Rectores de las Universidades Chilenas\",\"description\":\"\",\"publisher\":{\"@id\":\"https:\/\/consejoderectores.cl\/en\/#organization\"},\"potentialAction\":[{\"@type\":\"SearchAction\",\"target\":{\"@type\":\"EntryPoint\",\"urlTemplate\":\"https:\/\/consejoderectores.cl\/en\/?s={search_term_string}\"},\"query-input\":{\"@type\":\"PropertyValueSpecification\",\"valueRequired\":true,\"valueName\":\"search_term_string\"}}],\"inLanguage\":\"en-US\"},{\"@type\":\"Organization\",\"@id\":\"https:\/\/consejoderectores.cl\/en\/#organization\",\"name\":\"Consejo de Rectoras y Rectores de las Universidades Chilenas\",\"url\":\"https:\/\/consejoderectores.cl\/en\/\",\"logo\":{\"@type\":\"ImageObject\",\"inLanguage\":\"en-US\",\"@id\":\"https:\/\/consejoderectores.cl\/en\/#\/schema\/logo\/image\/\",\"url\":\"https:\/\/consejoderectores.cl\/wp-content\/uploads\/2025\/12\/logoheader_2025.png\",\"contentUrl\":\"https:\/\/consejoderectores.cl\/wp-content\/uploads\/2025\/12\/logoheader_2025.png\",\"width\":666,\"height\":305,\"caption\":\"Consejo de Rectoras y Rectores de las Universidades Chilenas\"},\"image\":{\"@id\":\"https:\/\/consejoderectores.cl\/en\/#\/schema\/logo\/image\/\"},\"sameAs\":[\"https:\/\/x.com\/CRUCH_cl\",\"https:\/\/www.instagram.com\/consejoderectores\/\",\"https:\/\/www.linkedin.com\/company\/cruch\/\",\"https:\/\/www.youtube.com\/channel\/UCzgIFRCsDlKoFpimiQmEaOA\"]},{\"@type\":\"Person\",\"@id\":\"https:\/\/consejoderectores.cl\/en\/#\/schema\/person\/d863e44afde067fd4b57fac66ced709e\",\"name\":\"Consejo de Rectores de las Universidades Chilenas\",\"image\":{\"@type\":\"ImageObject\",\"inLanguage\":\"en-US\",\"@id\":\"https:\/\/consejoderectores.cl\/en\/#\/schema\/person\/image\/\",\"url\":\"https:\/\/secure.gravatar.com\/avatar\/c31e2a02401f041926afb8ee21ab666f0925814fe85d25a5c8db80e23722dfc1?s=96&d=mm&r=g\",\"contentUrl\":\"https:\/\/secure.gravatar.com\/avatar\/c31e2a02401f041926afb8ee21ab666f0925814fe85d25a5c8db80e23722dfc1?s=96&d=mm&r=g\",\"caption\":\"Consejo de Rectores de las Universidades Chilenas\"},\"sameAs\":[\"https:\/\/www.consejoderectores.cl\"],\"url\":\"https:\/\/consejoderectores.cl\/en\/author\/cruch\/\"}]}<\/script>\n<!-- \/ Yoast SEO plugin. -->","yoast_head_json":{"title":"Sexto Encuentro Nacional: Reflexi\u00f3n y acci\u00f3n para erradicar la violencia de g\u00e9nero en universidades CRUCH - Consejo de Rectoras y Rectores de las Universidades Chilenas","robots":{"index":"index","follow":"follow","max-snippet":"max-snippet:-1","max-image-preview":"max-image-preview:large","max-video-preview":"max-video-preview:-1"},"canonical":"https:\/\/consejoderectores.cl\/en\/2024\/12\/10\/sexto-encuentro-nacional-reflexion-y-accion-para-erradicar-la-violencia-de-genero-en-universidades-cruch\/","og_locale":"en_US","og_type":"article","og_title":"Sexto Encuentro Nacional: Reflexi\u00f3n y acci\u00f3n para erradicar la violencia de g\u00e9nero en universidades CRUCH - Consejo de Rectoras y Rectores de las Universidades Chilenas","og_description":"La actividad se desarroll\u00f3 en la Universidad Metropolitana de Ciencias de la Educaci\u00f3n (UMCE) y cont\u00f3 con la participaci\u00f3n de la rectora de la instituci\u00f3n, Elisa Araya; subsecretaria del Ministerio de la Mujer y Equidad de G\u00e9nero, Luz Vidal; destacadas invitadas nacionales e internacionales; y de los equipos que abordan violencia de g\u00e9nero en las [&hellip;]","og_url":"https:\/\/consejoderectores.cl\/en\/2024\/12\/10\/sexto-encuentro-nacional-reflexion-y-accion-para-erradicar-la-violencia-de-genero-en-universidades-cruch\/","og_site_name":"Consejo de Rectoras y Rectores de las Universidades Chilenas","article_published_time":"2024-12-10T21:56:11+00:00","article_modified_time":"2024-12-11T12:22:46+00:00","og_image":[{"width":2560,"height":1707,"url":"https:\/\/consejoderectores.cl\/wp-content\/uploads\/2024\/12\/Grupo-encuentro-genero--scaled.jpg","type":"image\/jpeg"}],"author":"Consejo de Rectores de las Universidades Chilenas","twitter_card":"summary_large_image","twitter_creator":"@CRUCH_cl","twitter_site":"@CRUCH_cl","twitter_misc":{"Written by":"Consejo de Rectores de las Universidades Chilenas","Est. reading time":"11 minutes"},"schema":{"@context":"https:\/\/schema.org","@graph":[{"@type":"Article","@id":"https:\/\/consejoderectores.cl\/2024\/12\/10\/sexto-encuentro-nacional-reflexion-y-accion-para-erradicar-la-violencia-de-genero-en-universidades-cruch\/#article","isPartOf":{"@id":"https:\/\/consejoderectores.cl\/2024\/12\/10\/sexto-encuentro-nacional-reflexion-y-accion-para-erradicar-la-violencia-de-genero-en-universidades-cruch\/"},"author":{"name":"Consejo de Rectores de las Universidades Chilenas","@id":"https:\/\/consejoderectores.cl\/en\/#\/schema\/person\/d863e44afde067fd4b57fac66ced709e"},"headline":"Sexto Encuentro Nacional: Reflexi\u00f3n y acci\u00f3n para erradicar la violencia de g\u00e9nero en universidades CRUCH","datePublished":"2024-12-10T21:56:11+00:00","dateModified":"2024-12-11T12:22:46+00:00","mainEntityOfPage":{"@id":"https:\/\/consejoderectores.cl\/2024\/12\/10\/sexto-encuentro-nacional-reflexion-y-accion-para-erradicar-la-violencia-de-genero-en-universidades-cruch\/"},"wordCount":2269,"commentCount":0,"publisher":{"@id":"https:\/\/consejoderectores.cl\/en\/#organization"},"image":{"@id":"https:\/\/consejoderectores.cl\/2024\/12\/10\/sexto-encuentro-nacional-reflexion-y-accion-para-erradicar-la-violencia-de-genero-en-universidades-cruch\/#primaryimage"},"thumbnailUrl":"https:\/\/consejoderectores.cl\/wp-content\/uploads\/2024\/12\/Grupo-encuentro-genero--scaled.jpg","articleSection":["Noticias","Noticias Carrusel","Noticias Comisi\u00f3n de Igualdad de G\u00e9nero"],"inLanguage":"en-US","potentialAction":[{"@type":"CommentAction","name":"Comment","target":["https:\/\/consejoderectores.cl\/2024\/12\/10\/sexto-encuentro-nacional-reflexion-y-accion-para-erradicar-la-violencia-de-genero-en-universidades-cruch\/#respond"]}]},{"@type":"WebPage","@id":"https:\/\/consejoderectores.cl\/2024\/12\/10\/sexto-encuentro-nacional-reflexion-y-accion-para-erradicar-la-violencia-de-genero-en-universidades-cruch\/","url":"https:\/\/consejoderectores.cl\/2024\/12\/10\/sexto-encuentro-nacional-reflexion-y-accion-para-erradicar-la-violencia-de-genero-en-universidades-cruch\/","name":"Sexto Encuentro Nacional: Reflexi\u00f3n y acci\u00f3n para erradicar la violencia de g\u00e9nero en universidades CRUCH - Consejo de Rectoras y Rectores de las Universidades Chilenas","isPartOf":{"@id":"https:\/\/consejoderectores.cl\/en\/#website"},"primaryImageOfPage":{"@id":"https:\/\/consejoderectores.cl\/2024\/12\/10\/sexto-encuentro-nacional-reflexion-y-accion-para-erradicar-la-violencia-de-genero-en-universidades-cruch\/#primaryimage"},"image":{"@id":"https:\/\/consejoderectores.cl\/2024\/12\/10\/sexto-encuentro-nacional-reflexion-y-accion-para-erradicar-la-violencia-de-genero-en-universidades-cruch\/#primaryimage"},"thumbnailUrl":"https:\/\/consejoderectores.cl\/wp-content\/uploads\/2024\/12\/Grupo-encuentro-genero--scaled.jpg","datePublished":"2024-12-10T21:56:11+00:00","dateModified":"2024-12-11T12:22:46+00:00","breadcrumb":{"@id":"https:\/\/consejoderectores.cl\/2024\/12\/10\/sexto-encuentro-nacional-reflexion-y-accion-para-erradicar-la-violencia-de-genero-en-universidades-cruch\/#breadcrumb"},"inLanguage":"en-US","potentialAction":[{"@type":"ReadAction","target":["https:\/\/consejoderectores.cl\/2024\/12\/10\/sexto-encuentro-nacional-reflexion-y-accion-para-erradicar-la-violencia-de-genero-en-universidades-cruch\/"]}]},{"@type":"ImageObject","inLanguage":"en-US","@id":"https:\/\/consejoderectores.cl\/2024\/12\/10\/sexto-encuentro-nacional-reflexion-y-accion-para-erradicar-la-violencia-de-genero-en-universidades-cruch\/#primaryimage","url":"https:\/\/consejoderectores.cl\/wp-content\/uploads\/2024\/12\/Grupo-encuentro-genero--scaled.jpg","contentUrl":"https:\/\/consejoderectores.cl\/wp-content\/uploads\/2024\/12\/Grupo-encuentro-genero--scaled.jpg","width":2560,"height":1707},{"@type":"BreadcrumbList","@id":"https:\/\/consejoderectores.cl\/2024\/12\/10\/sexto-encuentro-nacional-reflexion-y-accion-para-erradicar-la-violencia-de-genero-en-universidades-cruch\/#breadcrumb","itemListElement":[{"@type":"ListItem","position":1,"name":"Home","item":"https:\/\/consejoderectores.cl\/"},{"@type":"ListItem","position":2,"name":"Sexto Encuentro Nacional: Reflexi\u00f3n y acci\u00f3n para erradicar la violencia de g\u00e9nero en universidades CRUCH"}]},{"@type":"WebSite","@id":"https:\/\/consejoderectores.cl\/en\/#website","url":"https:\/\/consejoderectores.cl\/en\/","name":"Council of Rectors of Chilean Universities","description":"","publisher":{"@id":"https:\/\/consejoderectores.cl\/en\/#organization"},"potentialAction":[{"@type":"SearchAction","target":{"@type":"EntryPoint","urlTemplate":"https:\/\/consejoderectores.cl\/en\/?s={search_term_string}"},"query-input":{"@type":"PropertyValueSpecification","valueRequired":true,"valueName":"search_term_string"}}],"inLanguage":"en-US"},{"@type":"Organization","@id":"https:\/\/consejoderectores.cl\/en\/#organization","name":"Council of Rectors of Chilean Universities","url":"https:\/\/consejoderectores.cl\/en\/","logo":{"@type":"ImageObject","inLanguage":"en-US","@id":"https:\/\/consejoderectores.cl\/en\/#\/schema\/logo\/image\/","url":"https:\/\/consejoderectores.cl\/wp-content\/uploads\/2025\/12\/logoheader_2025.png","contentUrl":"https:\/\/consejoderectores.cl\/wp-content\/uploads\/2025\/12\/logoheader_2025.png","width":666,"height":305,"caption":"Consejo de Rectoras y Rectores de las Universidades Chilenas"},"image":{"@id":"https:\/\/consejoderectores.cl\/en\/#\/schema\/logo\/image\/"},"sameAs":["https:\/\/x.com\/CRUCH_cl","https:\/\/www.instagram.com\/consejoderectores\/","https:\/\/www.linkedin.com\/company\/cruch\/","https:\/\/www.youtube.com\/channel\/UCzgIFRCsDlKoFpimiQmEaOA"]},{"@type":"Person","@id":"https:\/\/consejoderectores.cl\/en\/#\/schema\/person\/d863e44afde067fd4b57fac66ced709e","name":"Council of Rectors of Chilean Universities","image":{"@type":"ImageObject","inLanguage":"en-US","@id":"https:\/\/consejoderectores.cl\/en\/#\/schema\/person\/image\/","url":"https:\/\/secure.gravatar.com\/avatar\/c31e2a02401f041926afb8ee21ab666f0925814fe85d25a5c8db80e23722dfc1?s=96&d=mm&r=g","contentUrl":"https:\/\/secure.gravatar.com\/avatar\/c31e2a02401f041926afb8ee21ab666f0925814fe85d25a5c8db80e23722dfc1?s=96&d=mm&r=g","caption":"Consejo de Rectores de las Universidades Chilenas"},"sameAs":["https:\/\/www.consejoderectores.cl"],"url":"https:\/\/consejoderectores.cl\/en\/author\/cruch\/"}]}},"_links":{"self":[{"href":"https:\/\/consejoderectores.cl\/en\/wp-json\/wp\/v2\/posts\/12121","targetHints":{"allow":["GET"]}}],"collection":[{"href":"https:\/\/consejoderectores.cl\/en\/wp-json\/wp\/v2\/posts"}],"about":[{"href":"https:\/\/consejoderectores.cl\/en\/wp-json\/wp\/v2\/types\/post"}],"author":[{"embeddable":true,"href":"https:\/\/consejoderectores.cl\/en\/wp-json\/wp\/v2\/users\/1"}],"replies":[{"embeddable":true,"href":"https:\/\/consejoderectores.cl\/en\/wp-json\/wp\/v2\/comments?post=12121"}],"version-history":[{"count":7,"href":"https:\/\/consejoderectores.cl\/en\/wp-json\/wp\/v2\/posts\/12121\/revisions"}],"predecessor-version":[{"id":12160,"href":"https:\/\/consejoderectores.cl\/en\/wp-json\/wp\/v2\/posts\/12121\/revisions\/12160"}],"wp:featuredmedia":[{"embeddable":true,"href":"https:\/\/consejoderectores.cl\/en\/wp-json\/wp\/v2\/media\/12126"}],"wp:attachment":[{"href":"https:\/\/consejoderectores.cl\/en\/wp-json\/wp\/v2\/media?parent=12121"}],"wp:term":[{"taxonomy":"category","embeddable":true,"href":"https:\/\/consejoderectores.cl\/en\/wp-json\/wp\/v2\/categories?post=12121"},{"taxonomy":"post_tag","embeddable":true,"href":"https:\/\/consejoderectores.cl\/en\/wp-json\/wp\/v2\/tags?post=12121"}],"curies":[{"name":"wp","href":"https:\/\/api.w.org\/{rel}","templated":true}]}}