{"id":1210,"date":"2013-01-13T00:00:00","date_gmt":"2013-01-13T00:00:00","guid":{"rendered":""},"modified":"2022-01-23T16:51:20","modified_gmt":"2022-01-23T16:51:20","slug":"603c6d8072a1c","status":"publish","type":"post","link":"https:\/\/consejoderectores.cl\/en\/2013\/01\/13\/603c6d8072a1c\/","title":{"rendered":"Ranking of Grades achieved its objective of benefiting students in municipal and subsidized education"},"content":{"rendered":"<blockquote><p>According to the CRUCH and DEMRE analysis, the incorporation of the grade ranking benefited the municipalized establishments the most (72.9%), followed by the subsidized private establishments (64.4%) and the paid private establishments (48.4%).<\/p>\n<p>The executive vice president of the Council of Rectors, Juan Manuel Zolezzi, reported that this bonus allowed young people from municipal high schools to have greater possibilities of choosing what career to study.<\/p>\n<p>\u201cThis was the objective pursued by the Council of Rectors when integrating the ranking into the admissions process, to give better opportunities for access to higher education to young people who could not access quality secondary education,\u00bb explained Rector Zolezzi.<\/p>\n<p>Students will find out the results of their applications today at 11:00 p.m. on the respective websites of the traditional universities and the eight private universities affiliated with the CRUCH Single Admission System.<\/p><\/blockquote>\n<p>72.91% of young people from municipal education benefited from the introduction of the grade ranking in the selection process for Chilean universities, reported the executive vice president of the Council of Rectors (CRUCH), Juan Manuel Zolezzi, this morning when delivering the results of the process.<\/p>\n<p>This variable provides an additional bonus - ranging from 1 to 150 points - for all those students who completed secondary education with an average grade higher than the average of the last three years of their graduating schools.<\/p>\n<p>The second most benefited group was that of young people from subsidized private establishments (64.4%), while 48.4% of graduates from paid private establishments received the additional bonus.<\/p>\n<p>\u201cWe are pleased that the objective of the grade ranking was met, to benefit young people from municipal and subsidized private education to a greater extent in the application process to Chilean universities,\u00bb explained Rector Zolezzi.<\/p>\n<p>\u00abThis was undoubtedly the goal pursued by the Council of Rectors when they integrated the ranking into the admissions process: to give better opportunities for access to higher education to young people who were unable to access quality secondary education. Many of the young people who benefited had better weighted scores, which allowed them to enter their first-choice programs; in other words, they had a greater chance of choosing what to study,\u201d he commented.<\/p>\n<p>Applicants from municipal schools received the highest bonuses for this category. The 24% group of students from these schools obtained bonus points ranging from 51 to 150, while the 23% group of students from subsidized private schools received bonuses in the same range, and only the 9% group of students from private schools achieved scores at this level.<\/p>\n<h4>Results of the admission process<\/h4>\n<p>80.61% of applicants who took the University Selection Tests (PSU) last December were selected to study a career at one of the 25 traditional universities and eight private universities affiliated with the single admission system of the Council of Rectors of Chilean Universities (CRUCH).<\/p>\n<p>This means that the system selected 95,300 students out of the 118,208 who applied in the process.<\/p>\n<p>When analyzing the applications by type of educational establishment, it can be seen that in the case of municipal establishments, of the 30,402 young people who applied, 23,117 were selected. In the case of subsidized private schools, 46,922 applied and were selected, and as for private paid schools, 7,787 young people applied and 6,355 were selected.<\/p>\n<p>This year the trend in the distribution of the best PSU scores remained similar to the previous admission process, the year in which eight private universities were integrated into the university admission system of the Council of Rectors.<\/p>\n<p>In this admission process, of the 211 young people who obtained a national score and were selected in one of the 33 universities attached to the admission system, 98% of them were admitted to the universities of the Council of Rectors and the remaining 2% to the private universities attached to the system.<\/p>\n<p>If we consider the 5,000 best average scores in Language and Communication and Mathematics, we can see that 85% chose a university from the Council of Rectors, while 15% chose a private university within the system.<\/p>\n<p>When the sample is expanded to the 27,500 highest average scores in Language and Communication and Mathematics, it is seen that 76% chose a traditional university, while 23% was selected in a private university affiliated with the system.<\/p>\n<p>\u201cThis figure shows us that young people from municipal and subsidized private schools continue to choose to pursue professional training at the universities of the Council of Rectors, and as universities we will continue to provide them with an excellent education to support them on this important path,\u201d highlighted Rector Zolezzi.<\/p>\n<div><\/div>","protected":false},"excerpt":{"rendered":"<p>Seg\u00fan el an\u00e1lisis del CRUCH y DEMRE, la incorporaci\u00f3n del ranking de notas benefici\u00f3 en mayor medida a los establecimientos municipalizados (72,9%), seguidos por los part\u00edculares subvencionados (64,4%) y los particulares pagados (48,4%). El vicepresidente ejecutivo del Consejo de Rectores, Juan Manuel Zolezzi, inform\u00f3 que este bono permiti\u00f3 a los j\u00f3venes provenientes de liceos municipalizados [&hellip;]<\/p>\n","protected":false},"author":1,"featured_media":3592,"comment_status":"open","ping_status":"open","sticky":false,"template":"","format":"standard","meta":{"_acf_changed":false,"footnotes":""},"categories":[3],"tags":[],"class_list":["post-1210","post","type-post","status-publish","format-standard","has-post-thumbnail","hentry","category-noticias"],"acf":[],"yoast_head":"<!-- This site is optimized with the Yoast SEO plugin v27.1.1 - https:\/\/yoast.com\/product\/yoast-seo-wordpress\/ -->\n<title>Ranking de Notas cumpli\u00f3 objetivo de beneficiar a estudiantes de educaci\u00f3n municipalizada y subvencionada - Consejo de Rectoras y Rectores de las Universidades Chilenas<\/title>\n<meta name=\"robots\" content=\"index, follow, max-snippet:-1, max-image-preview:large, max-video-preview:-1\" \/>\n<link rel=\"canonical\" href=\"https:\/\/consejoderectores.cl\/en\/2013\/01\/13\/603c6d8072a1c\/\" \/>\n<meta property=\"og:locale\" content=\"en_US\" \/>\n<meta property=\"og:type\" content=\"article\" \/>\n<meta property=\"og:title\" content=\"Ranking de Notas cumpli\u00f3 objetivo de beneficiar a estudiantes de educaci\u00f3n municipalizada y subvencionada - Consejo de Rectoras y Rectores de las Universidades Chilenas\" \/>\n<meta property=\"og:description\" content=\"Seg\u00fan el an\u00e1lisis del CRUCH y DEMRE, la incorporaci\u00f3n del ranking de notas benefici\u00f3 en mayor medida a los establecimientos municipalizados (72,9%), seguidos por los part\u00edculares subvencionados (64,4%) y los particulares pagados (48,4%). El vicepresidente ejecutivo del Consejo de Rectores, Juan Manuel Zolezzi, inform\u00f3 que este bono permiti\u00f3 a los j\u00f3venes provenientes de liceos municipalizados [&hellip;]\" \/>\n<meta property=\"og:url\" content=\"https:\/\/consejoderectores.cl\/en\/2013\/01\/13\/603c6d8072a1c\/\" \/>\n<meta property=\"og:site_name\" content=\"Consejo de Rectoras y Rectores de las Universidades Chilenas\" \/>\n<meta property=\"article:published_time\" content=\"2013-01-13T00:00:00+00:00\" \/>\n<meta property=\"article:modified_time\" content=\"2022-01-23T16:51:20+00:00\" \/>\n<meta property=\"og:image\" content=\"https:\/\/consejoderectores.cl\/wp-content\/uploads\/2021\/10\/declaraciones-publicas.jpg\" \/>\n\t<meta property=\"og:image:width\" content=\"1024\" \/>\n\t<meta property=\"og:image:height\" content=\"500\" \/>\n\t<meta property=\"og:image:type\" content=\"image\/jpeg\" \/>\n<meta name=\"author\" content=\"Consejo de Rectores de las Universidades Chilenas\" \/>\n<meta name=\"twitter:card\" content=\"summary_large_image\" \/>\n<meta name=\"twitter:creator\" content=\"@CRUCH_cl\" \/>\n<meta name=\"twitter:site\" content=\"@CRUCH_cl\" \/>\n<meta name=\"twitter:label1\" content=\"Written by\" \/>\n\t<meta name=\"twitter:data1\" content=\"Consejo de Rectores de las Universidades Chilenas\" \/>\n\t<meta name=\"twitter:label2\" content=\"Est. reading time\" \/>\n\t<meta name=\"twitter:data2\" content=\"4 minutes\" \/>\n<script type=\"application\/ld+json\" class=\"yoast-schema-graph\">{\"@context\":\"https:\/\/schema.org\",\"@graph\":[{\"@type\":\"Article\",\"@id\":\"https:\/\/consejoderectores.cl\/2013\/01\/13\/603c6d8072a1c\/#article\",\"isPartOf\":{\"@id\":\"https:\/\/consejoderectores.cl\/2013\/01\/13\/603c6d8072a1c\/\"},\"author\":{\"name\":\"Consejo de Rectores de las Universidades Chilenas\",\"@id\":\"https:\/\/consejoderectores.cl\/en\/#\/schema\/person\/d863e44afde067fd4b57fac66ced709e\"},\"headline\":\"Ranking de Notas cumpli\u00f3 objetivo de beneficiar a estudiantes de educaci\u00f3n municipalizada y subvencionada\",\"datePublished\":\"2013-01-13T00:00:00+00:00\",\"dateModified\":\"2022-01-23T16:51:20+00:00\",\"mainEntityOfPage\":{\"@id\":\"https:\/\/consejoderectores.cl\/2013\/01\/13\/603c6d8072a1c\/\"},\"wordCount\":811,\"commentCount\":0,\"publisher\":{\"@id\":\"https:\/\/consejoderectores.cl\/en\/#organization\"},\"image\":{\"@id\":\"https:\/\/consejoderectores.cl\/2013\/01\/13\/603c6d8072a1c\/#primaryimage\"},\"thumbnailUrl\":\"https:\/\/consejoderectores.cl\/wp-content\/uploads\/2021\/10\/declaraciones-publicas.jpg\",\"articleSection\":[\"Noticias\"],\"inLanguage\":\"en-US\",\"potentialAction\":[{\"@type\":\"CommentAction\",\"name\":\"Comment\",\"target\":[\"https:\/\/consejoderectores.cl\/2013\/01\/13\/603c6d8072a1c\/#respond\"]}]},{\"@type\":\"WebPage\",\"@id\":\"https:\/\/consejoderectores.cl\/2013\/01\/13\/603c6d8072a1c\/\",\"url\":\"https:\/\/consejoderectores.cl\/2013\/01\/13\/603c6d8072a1c\/\",\"name\":\"Ranking de Notas cumpli\u00f3 objetivo de beneficiar a estudiantes de educaci\u00f3n municipalizada y subvencionada - Consejo de Rectoras y Rectores de las Universidades Chilenas\",\"isPartOf\":{\"@id\":\"https:\/\/consejoderectores.cl\/en\/#website\"},\"primaryImageOfPage\":{\"@id\":\"https:\/\/consejoderectores.cl\/2013\/01\/13\/603c6d8072a1c\/#primaryimage\"},\"image\":{\"@id\":\"https:\/\/consejoderectores.cl\/2013\/01\/13\/603c6d8072a1c\/#primaryimage\"},\"thumbnailUrl\":\"https:\/\/consejoderectores.cl\/wp-content\/uploads\/2021\/10\/declaraciones-publicas.jpg\",\"datePublished\":\"2013-01-13T00:00:00+00:00\",\"dateModified\":\"2022-01-23T16:51:20+00:00\",\"breadcrumb\":{\"@id\":\"https:\/\/consejoderectores.cl\/2013\/01\/13\/603c6d8072a1c\/#breadcrumb\"},\"inLanguage\":\"en-US\",\"potentialAction\":[{\"@type\":\"ReadAction\",\"target\":[\"https:\/\/consejoderectores.cl\/2013\/01\/13\/603c6d8072a1c\/\"]}]},{\"@type\":\"ImageObject\",\"inLanguage\":\"en-US\",\"@id\":\"https:\/\/consejoderectores.cl\/2013\/01\/13\/603c6d8072a1c\/#primaryimage\",\"url\":\"https:\/\/consejoderectores.cl\/wp-content\/uploads\/2021\/10\/declaraciones-publicas.jpg\",\"contentUrl\":\"https:\/\/consejoderectores.cl\/wp-content\/uploads\/2021\/10\/declaraciones-publicas.jpg\",\"width\":1024,\"height\":500},{\"@type\":\"BreadcrumbList\",\"@id\":\"https:\/\/consejoderectores.cl\/2013\/01\/13\/603c6d8072a1c\/#breadcrumb\",\"itemListElement\":[{\"@type\":\"ListItem\",\"position\":1,\"name\":\"Home\",\"item\":\"https:\/\/consejoderectores.cl\/\"},{\"@type\":\"ListItem\",\"position\":2,\"name\":\"Ranking de Notas cumpli\u00f3 objetivo de beneficiar a estudiantes de educaci\u00f3n municipalizada y subvencionada\"}]},{\"@type\":\"WebSite\",\"@id\":\"https:\/\/consejoderectores.cl\/en\/#website\",\"url\":\"https:\/\/consejoderectores.cl\/en\/\",\"name\":\"Consejo de Rectoras y Rectores de las Universidades Chilenas\",\"description\":\"\",\"publisher\":{\"@id\":\"https:\/\/consejoderectores.cl\/en\/#organization\"},\"potentialAction\":[{\"@type\":\"SearchAction\",\"target\":{\"@type\":\"EntryPoint\",\"urlTemplate\":\"https:\/\/consejoderectores.cl\/en\/?s={search_term_string}\"},\"query-input\":{\"@type\":\"PropertyValueSpecification\",\"valueRequired\":true,\"valueName\":\"search_term_string\"}}],\"inLanguage\":\"en-US\"},{\"@type\":\"Organization\",\"@id\":\"https:\/\/consejoderectores.cl\/en\/#organization\",\"name\":\"Consejo de Rectoras y Rectores de las Universidades Chilenas\",\"url\":\"https:\/\/consejoderectores.cl\/en\/\",\"logo\":{\"@type\":\"ImageObject\",\"inLanguage\":\"en-US\",\"@id\":\"https:\/\/consejoderectores.cl\/en\/#\/schema\/logo\/image\/\",\"url\":\"https:\/\/consejoderectores.cl\/wp-content\/uploads\/2025\/12\/logoheader_2025.png\",\"contentUrl\":\"https:\/\/consejoderectores.cl\/wp-content\/uploads\/2025\/12\/logoheader_2025.png\",\"width\":666,\"height\":305,\"caption\":\"Consejo de Rectoras y Rectores de las Universidades Chilenas\"},\"image\":{\"@id\":\"https:\/\/consejoderectores.cl\/en\/#\/schema\/logo\/image\/\"},\"sameAs\":[\"https:\/\/x.com\/CRUCH_cl\",\"https:\/\/www.instagram.com\/consejoderectores\/\",\"https:\/\/www.linkedin.com\/company\/cruch\/\",\"https:\/\/www.youtube.com\/channel\/UCzgIFRCsDlKoFpimiQmEaOA\"]},{\"@type\":\"Person\",\"@id\":\"https:\/\/consejoderectores.cl\/en\/#\/schema\/person\/d863e44afde067fd4b57fac66ced709e\",\"name\":\"Consejo de Rectores de las Universidades Chilenas\",\"image\":{\"@type\":\"ImageObject\",\"inLanguage\":\"en-US\",\"@id\":\"https:\/\/consejoderectores.cl\/en\/#\/schema\/person\/image\/\",\"url\":\"https:\/\/secure.gravatar.com\/avatar\/c31e2a02401f041926afb8ee21ab666f0925814fe85d25a5c8db80e23722dfc1?s=96&d=mm&r=g\",\"contentUrl\":\"https:\/\/secure.gravatar.com\/avatar\/c31e2a02401f041926afb8ee21ab666f0925814fe85d25a5c8db80e23722dfc1?s=96&d=mm&r=g\",\"caption\":\"Consejo de Rectores de las Universidades Chilenas\"},\"sameAs\":[\"https:\/\/www.consejoderectores.cl\"],\"url\":\"https:\/\/consejoderectores.cl\/en\/author\/cruch\/\"}]}<\/script>\n<!-- \/ Yoast SEO plugin. -->","yoast_head_json":{"title":"Ranking de Notas cumpli\u00f3 objetivo de beneficiar a estudiantes de educaci\u00f3n municipalizada y subvencionada - Consejo de Rectoras y Rectores de las Universidades Chilenas","robots":{"index":"index","follow":"follow","max-snippet":"max-snippet:-1","max-image-preview":"max-image-preview:large","max-video-preview":"max-video-preview:-1"},"canonical":"https:\/\/consejoderectores.cl\/en\/2013\/01\/13\/603c6d8072a1c\/","og_locale":"en_US","og_type":"article","og_title":"Ranking de Notas cumpli\u00f3 objetivo de beneficiar a estudiantes de educaci\u00f3n municipalizada y subvencionada - Consejo de Rectoras y Rectores de las Universidades Chilenas","og_description":"Seg\u00fan el an\u00e1lisis del CRUCH y DEMRE, la incorporaci\u00f3n del ranking de notas benefici\u00f3 en mayor medida a los establecimientos municipalizados (72,9%), seguidos por los part\u00edculares subvencionados (64,4%) y los particulares pagados (48,4%). El vicepresidente ejecutivo del Consejo de Rectores, Juan Manuel Zolezzi, inform\u00f3 que este bono permiti\u00f3 a los j\u00f3venes provenientes de liceos municipalizados [&hellip;]","og_url":"https:\/\/consejoderectores.cl\/en\/2013\/01\/13\/603c6d8072a1c\/","og_site_name":"Consejo de Rectoras y Rectores de las Universidades Chilenas","article_published_time":"2013-01-13T00:00:00+00:00","article_modified_time":"2022-01-23T16:51:20+00:00","og_image":[{"width":1024,"height":500,"url":"https:\/\/consejoderectores.cl\/wp-content\/uploads\/2021\/10\/declaraciones-publicas.jpg","type":"image\/jpeg"}],"author":"Consejo de Rectores de las Universidades Chilenas","twitter_card":"summary_large_image","twitter_creator":"@CRUCH_cl","twitter_site":"@CRUCH_cl","twitter_misc":{"Written by":"Consejo de Rectores de las Universidades Chilenas","Est. reading time":"4 minutes"},"schema":{"@context":"https:\/\/schema.org","@graph":[{"@type":"Article","@id":"https:\/\/consejoderectores.cl\/2013\/01\/13\/603c6d8072a1c\/#article","isPartOf":{"@id":"https:\/\/consejoderectores.cl\/2013\/01\/13\/603c6d8072a1c\/"},"author":{"name":"Consejo de Rectores de las Universidades Chilenas","@id":"https:\/\/consejoderectores.cl\/en\/#\/schema\/person\/d863e44afde067fd4b57fac66ced709e"},"headline":"Ranking de Notas cumpli\u00f3 objetivo de beneficiar a estudiantes de educaci\u00f3n municipalizada y subvencionada","datePublished":"2013-01-13T00:00:00+00:00","dateModified":"2022-01-23T16:51:20+00:00","mainEntityOfPage":{"@id":"https:\/\/consejoderectores.cl\/2013\/01\/13\/603c6d8072a1c\/"},"wordCount":811,"commentCount":0,"publisher":{"@id":"https:\/\/consejoderectores.cl\/en\/#organization"},"image":{"@id":"https:\/\/consejoderectores.cl\/2013\/01\/13\/603c6d8072a1c\/#primaryimage"},"thumbnailUrl":"https:\/\/consejoderectores.cl\/wp-content\/uploads\/2021\/10\/declaraciones-publicas.jpg","articleSection":["Noticias"],"inLanguage":"en-US","potentialAction":[{"@type":"CommentAction","name":"Comment","target":["https:\/\/consejoderectores.cl\/2013\/01\/13\/603c6d8072a1c\/#respond"]}]},{"@type":"WebPage","@id":"https:\/\/consejoderectores.cl\/2013\/01\/13\/603c6d8072a1c\/","url":"https:\/\/consejoderectores.cl\/2013\/01\/13\/603c6d8072a1c\/","name":"Ranking de Notas cumpli\u00f3 objetivo de beneficiar a estudiantes de educaci\u00f3n municipalizada y subvencionada - Consejo de Rectoras y Rectores de las Universidades Chilenas","isPartOf":{"@id":"https:\/\/consejoderectores.cl\/en\/#website"},"primaryImageOfPage":{"@id":"https:\/\/consejoderectores.cl\/2013\/01\/13\/603c6d8072a1c\/#primaryimage"},"image":{"@id":"https:\/\/consejoderectores.cl\/2013\/01\/13\/603c6d8072a1c\/#primaryimage"},"thumbnailUrl":"https:\/\/consejoderectores.cl\/wp-content\/uploads\/2021\/10\/declaraciones-publicas.jpg","datePublished":"2013-01-13T00:00:00+00:00","dateModified":"2022-01-23T16:51:20+00:00","breadcrumb":{"@id":"https:\/\/consejoderectores.cl\/2013\/01\/13\/603c6d8072a1c\/#breadcrumb"},"inLanguage":"en-US","potentialAction":[{"@type":"ReadAction","target":["https:\/\/consejoderectores.cl\/2013\/01\/13\/603c6d8072a1c\/"]}]},{"@type":"ImageObject","inLanguage":"en-US","@id":"https:\/\/consejoderectores.cl\/2013\/01\/13\/603c6d8072a1c\/#primaryimage","url":"https:\/\/consejoderectores.cl\/wp-content\/uploads\/2021\/10\/declaraciones-publicas.jpg","contentUrl":"https:\/\/consejoderectores.cl\/wp-content\/uploads\/2021\/10\/declaraciones-publicas.jpg","width":1024,"height":500},{"@type":"BreadcrumbList","@id":"https:\/\/consejoderectores.cl\/2013\/01\/13\/603c6d8072a1c\/#breadcrumb","itemListElement":[{"@type":"ListItem","position":1,"name":"Home","item":"https:\/\/consejoderectores.cl\/"},{"@type":"ListItem","position":2,"name":"Ranking de Notas cumpli\u00f3 objetivo de beneficiar a estudiantes de educaci\u00f3n municipalizada y subvencionada"}]},{"@type":"WebSite","@id":"https:\/\/consejoderectores.cl\/en\/#website","url":"https:\/\/consejoderectores.cl\/en\/","name":"Council of Rectors of Chilean Universities","description":"","publisher":{"@id":"https:\/\/consejoderectores.cl\/en\/#organization"},"potentialAction":[{"@type":"SearchAction","target":{"@type":"EntryPoint","urlTemplate":"https:\/\/consejoderectores.cl\/en\/?s={search_term_string}"},"query-input":{"@type":"PropertyValueSpecification","valueRequired":true,"valueName":"search_term_string"}}],"inLanguage":"en-US"},{"@type":"Organization","@id":"https:\/\/consejoderectores.cl\/en\/#organization","name":"Council of Rectors of Chilean Universities","url":"https:\/\/consejoderectores.cl\/en\/","logo":{"@type":"ImageObject","inLanguage":"en-US","@id":"https:\/\/consejoderectores.cl\/en\/#\/schema\/logo\/image\/","url":"https:\/\/consejoderectores.cl\/wp-content\/uploads\/2025\/12\/logoheader_2025.png","contentUrl":"https:\/\/consejoderectores.cl\/wp-content\/uploads\/2025\/12\/logoheader_2025.png","width":666,"height":305,"caption":"Consejo de Rectoras y Rectores de las Universidades Chilenas"},"image":{"@id":"https:\/\/consejoderectores.cl\/en\/#\/schema\/logo\/image\/"},"sameAs":["https:\/\/x.com\/CRUCH_cl","https:\/\/www.instagram.com\/consejoderectores\/","https:\/\/www.linkedin.com\/company\/cruch\/","https:\/\/www.youtube.com\/channel\/UCzgIFRCsDlKoFpimiQmEaOA"]},{"@type":"Person","@id":"https:\/\/consejoderectores.cl\/en\/#\/schema\/person\/d863e44afde067fd4b57fac66ced709e","name":"Council of Rectors of Chilean Universities","image":{"@type":"ImageObject","inLanguage":"en-US","@id":"https:\/\/consejoderectores.cl\/en\/#\/schema\/person\/image\/","url":"https:\/\/secure.gravatar.com\/avatar\/c31e2a02401f041926afb8ee21ab666f0925814fe85d25a5c8db80e23722dfc1?s=96&d=mm&r=g","contentUrl":"https:\/\/secure.gravatar.com\/avatar\/c31e2a02401f041926afb8ee21ab666f0925814fe85d25a5c8db80e23722dfc1?s=96&d=mm&r=g","caption":"Consejo de Rectores de las Universidades Chilenas"},"sameAs":["https:\/\/www.consejoderectores.cl"],"url":"https:\/\/consejoderectores.cl\/en\/author\/cruch\/"}]}},"_links":{"self":[{"href":"https:\/\/consejoderectores.cl\/en\/wp-json\/wp\/v2\/posts\/1210","targetHints":{"allow":["GET"]}}],"collection":[{"href":"https:\/\/consejoderectores.cl\/en\/wp-json\/wp\/v2\/posts"}],"about":[{"href":"https:\/\/consejoderectores.cl\/en\/wp-json\/wp\/v2\/types\/post"}],"author":[{"embeddable":true,"href":"https:\/\/consejoderectores.cl\/en\/wp-json\/wp\/v2\/users\/1"}],"replies":[{"embeddable":true,"href":"https:\/\/consejoderectores.cl\/en\/wp-json\/wp\/v2\/comments?post=1210"}],"version-history":[{"count":2,"href":"https:\/\/consejoderectores.cl\/en\/wp-json\/wp\/v2\/posts\/1210\/revisions"}],"predecessor-version":[{"id":5837,"href":"https:\/\/consejoderectores.cl\/en\/wp-json\/wp\/v2\/posts\/1210\/revisions\/5837"}],"wp:featuredmedia":[{"embeddable":true,"href":"https:\/\/consejoderectores.cl\/en\/wp-json\/wp\/v2\/media\/3592"}],"wp:attachment":[{"href":"https:\/\/consejoderectores.cl\/en\/wp-json\/wp\/v2\/media?parent=1210"}],"wp:term":[{"taxonomy":"category","embeddable":true,"href":"https:\/\/consejoderectores.cl\/en\/wp-json\/wp\/v2\/categories?post=1210"},{"taxonomy":"post_tag","embeddable":true,"href":"https:\/\/consejoderectores.cl\/en\/wp-json\/wp\/v2\/tags?post=1210"}],"curies":[{"name":"wp","href":"https:\/\/api.w.org\/{rel}","templated":true}]}}