{"id":1204,"date":"2012-11-09T00:00:00","date_gmt":"2012-11-09T00:00:00","guid":{"rendered":""},"modified":"2022-01-23T17:24:44","modified_gmt":"2022-01-23T17:24:44","slug":"603c6d80725b6","status":"publish","type":"post","link":"https:\/\/consejoderectores.cl\/en\/2012\/11\/09\/603c6d80725b6\/","title":{"rendered":"Emotional tribute to Dr. Jaime Baeza Hern\u00e1ndez"},"content":{"rendered":"<blockquote><p>The rector of the University of Antofagasta, Luis Alberto Loyola, highlighted the contribution of the academic, who promoted the participation of the regions in the development of science and technology.<\/p><\/blockquote>\n<p>At the International Workshop on Science, Technology and Innovation, held at the University of Concepci\u00f3n on November 7, a profound recognition was given to the outstanding work carried out by Dr. Jaime Baeza in pursuit of strengthening Science and Technology and, therefore, higher education in Chile.<\/p>\n<p>The workshop was attended by his widow, Mrs. Juanita Freer, and his children Ana and Jaime.<\/p>\n<p>In his speech, the rector of the University of Antofagasta, Luis Alberto Loyola, highlighted Dr. Baeza&#039;s great contribution in integrating the regions into the national management bodies that oversee the development of science and technology, such as the National Commission for Scientific and Technological Research (CONICYT), through instruments such as the National Fund for Scientific and Technological Development (FONDECYT) and the Fund for the Promotion of Scientific and Technological Development (FONDEF).<\/p>\n<p>Likewise, Rector Loyola raised the urgency of defining a science and technology policy for the future, based on democratic reflection and with a broad perspective of human development, considering the interests of the development of the country as a whole.<\/p>\n<p><em>*Photo: University of Antofagasta<\/em><\/p>","protected":false},"excerpt":{"rendered":"<p>El rector de la Universidad de Antofagasta, Luis Alberto Loyola, destac\u00f3 el aporte del acad\u00e9mico, quien promovi\u00f3 la participaci\u00f3n de las regiones en el desarrollo de la ciencia y tecnolog\u00eda. En el Taller Internacional de Ciencia, Tecnolog\u00eda e Innovaci\u00f3n, celebrado en la Universidad de Concepci\u00f3n el d\u00eda 7 de noviembre, se realiz\u00f3 un profundo reconocimiento [&hellip;]<\/p>\n","protected":false},"author":1,"featured_media":5852,"comment_status":"open","ping_status":"open","sticky":false,"template":"","format":"standard","meta":{"_acf_changed":false,"footnotes":""},"categories":[3],"tags":[],"class_list":["post-1204","post","type-post","status-publish","format-standard","has-post-thumbnail","hentry","category-noticias"],"acf":[],"yoast_head":"<!-- This site is optimized with the Yoast SEO plugin v27.1.1 - https:\/\/yoast.com\/product\/yoast-seo-wordpress\/ -->\n<title>Emotivo homenaje al Dr. Jaime Baeza Hern\u00e1ndez - Consejo de Rectoras y Rectores de las Universidades Chilenas<\/title>\n<meta name=\"robots\" content=\"index, follow, max-snippet:-1, max-image-preview:large, max-video-preview:-1\" \/>\n<link rel=\"canonical\" href=\"https:\/\/consejoderectores.cl\/en\/2012\/11\/09\/603c6d80725b6\/\" \/>\n<meta property=\"og:locale\" content=\"en_US\" \/>\n<meta property=\"og:type\" content=\"article\" \/>\n<meta property=\"og:title\" content=\"Emotivo homenaje al Dr. Jaime Baeza Hern\u00e1ndez - Consejo de Rectoras y Rectores de las Universidades Chilenas\" \/>\n<meta property=\"og:description\" content=\"El rector de la Universidad de Antofagasta, Luis Alberto Loyola, destac\u00f3 el aporte del acad\u00e9mico, quien promovi\u00f3 la participaci\u00f3n de las regiones en el desarrollo de la ciencia y tecnolog\u00eda. En el Taller Internacional de Ciencia, Tecnolog\u00eda e Innovaci\u00f3n, celebrado en la Universidad de Concepci\u00f3n el d\u00eda 7 de noviembre, se realiz\u00f3 un profundo reconocimiento [&hellip;]\" \/>\n<meta property=\"og:url\" content=\"https:\/\/consejoderectores.cl\/en\/2012\/11\/09\/603c6d80725b6\/\" \/>\n<meta property=\"og:site_name\" content=\"Consejo de Rectoras y Rectores de las Universidades Chilenas\" \/>\n<meta property=\"article:published_time\" content=\"2012-11-09T00:00:00+00:00\" \/>\n<meta property=\"article:modified_time\" content=\"2022-01-23T17:24:44+00:00\" \/>\n<meta property=\"og:image\" content=\"https:\/\/consejoderectores.cl\/wp-content\/uploads\/2012\/11\/ok-seminario-homenaje-jaime-baeza-08.jpg\" \/>\n\t<meta property=\"og:image:width\" content=\"2500\" \/>\n\t<meta property=\"og:image:height\" content=\"1666\" \/>\n\t<meta property=\"og:image:type\" content=\"image\/jpeg\" \/>\n<meta name=\"author\" content=\"Consejo de Rectores de las Universidades Chilenas\" \/>\n<meta name=\"twitter:card\" content=\"summary_large_image\" \/>\n<meta name=\"twitter:creator\" content=\"@CRUCH_cl\" \/>\n<meta name=\"twitter:site\" content=\"@CRUCH_cl\" \/>\n<meta name=\"twitter:label1\" content=\"Written by\" \/>\n\t<meta name=\"twitter:data1\" content=\"Consejo de Rectores de las Universidades Chilenas\" \/>\n\t<meta name=\"twitter:label2\" content=\"Est. reading time\" \/>\n\t<meta name=\"twitter:data2\" content=\"1 minute\" \/>\n<script type=\"application\/ld+json\" class=\"yoast-schema-graph\">{\"@context\":\"https:\/\/schema.org\",\"@graph\":[{\"@type\":\"Article\",\"@id\":\"https:\/\/consejoderectores.cl\/2012\/11\/09\/603c6d80725b6\/#article\",\"isPartOf\":{\"@id\":\"https:\/\/consejoderectores.cl\/2012\/11\/09\/603c6d80725b6\/\"},\"author\":{\"name\":\"Consejo de Rectores de las Universidades Chilenas\",\"@id\":\"https:\/\/consejoderectores.cl\/en\/#\/schema\/person\/d863e44afde067fd4b57fac66ced709e\"},\"headline\":\"Emotivo homenaje al Dr. Jaime Baeza Hern\u00e1ndez\",\"datePublished\":\"2012-11-09T00:00:00+00:00\",\"dateModified\":\"2022-01-23T17:24:44+00:00\",\"mainEntityOfPage\":{\"@id\":\"https:\/\/consejoderectores.cl\/2012\/11\/09\/603c6d80725b6\/\"},\"wordCount\":258,\"commentCount\":0,\"publisher\":{\"@id\":\"https:\/\/consejoderectores.cl\/en\/#organization\"},\"image\":{\"@id\":\"https:\/\/consejoderectores.cl\/2012\/11\/09\/603c6d80725b6\/#primaryimage\"},\"thumbnailUrl\":\"https:\/\/consejoderectores.cl\/wp-content\/uploads\/2012\/11\/ok-seminario-homenaje-jaime-baeza-08.jpg\",\"articleSection\":[\"Noticias\"],\"inLanguage\":\"en-US\",\"potentialAction\":[{\"@type\":\"CommentAction\",\"name\":\"Comment\",\"target\":[\"https:\/\/consejoderectores.cl\/2012\/11\/09\/603c6d80725b6\/#respond\"]}]},{\"@type\":\"WebPage\",\"@id\":\"https:\/\/consejoderectores.cl\/2012\/11\/09\/603c6d80725b6\/\",\"url\":\"https:\/\/consejoderectores.cl\/2012\/11\/09\/603c6d80725b6\/\",\"name\":\"Emotivo homenaje al Dr. Jaime Baeza Hern\u00e1ndez - Consejo de Rectoras y Rectores de las Universidades Chilenas\",\"isPartOf\":{\"@id\":\"https:\/\/consejoderectores.cl\/en\/#website\"},\"primaryImageOfPage\":{\"@id\":\"https:\/\/consejoderectores.cl\/2012\/11\/09\/603c6d80725b6\/#primaryimage\"},\"image\":{\"@id\":\"https:\/\/consejoderectores.cl\/2012\/11\/09\/603c6d80725b6\/#primaryimage\"},\"thumbnailUrl\":\"https:\/\/consejoderectores.cl\/wp-content\/uploads\/2012\/11\/ok-seminario-homenaje-jaime-baeza-08.jpg\",\"datePublished\":\"2012-11-09T00:00:00+00:00\",\"dateModified\":\"2022-01-23T17:24:44+00:00\",\"breadcrumb\":{\"@id\":\"https:\/\/consejoderectores.cl\/2012\/11\/09\/603c6d80725b6\/#breadcrumb\"},\"inLanguage\":\"en-US\",\"potentialAction\":[{\"@type\":\"ReadAction\",\"target\":[\"https:\/\/consejoderectores.cl\/2012\/11\/09\/603c6d80725b6\/\"]}]},{\"@type\":\"ImageObject\",\"inLanguage\":\"en-US\",\"@id\":\"https:\/\/consejoderectores.cl\/2012\/11\/09\/603c6d80725b6\/#primaryimage\",\"url\":\"https:\/\/consejoderectores.cl\/wp-content\/uploads\/2012\/11\/ok-seminario-homenaje-jaime-baeza-08.jpg\",\"contentUrl\":\"https:\/\/consejoderectores.cl\/wp-content\/uploads\/2012\/11\/ok-seminario-homenaje-jaime-baeza-08.jpg\",\"width\":2500,\"height\":1666},{\"@type\":\"BreadcrumbList\",\"@id\":\"https:\/\/consejoderectores.cl\/2012\/11\/09\/603c6d80725b6\/#breadcrumb\",\"itemListElement\":[{\"@type\":\"ListItem\",\"position\":1,\"name\":\"Home\",\"item\":\"https:\/\/consejoderectores.cl\/\"},{\"@type\":\"ListItem\",\"position\":2,\"name\":\"Emotivo homenaje al Dr. Jaime Baeza Hern\u00e1ndez\"}]},{\"@type\":\"WebSite\",\"@id\":\"https:\/\/consejoderectores.cl\/en\/#website\",\"url\":\"https:\/\/consejoderectores.cl\/en\/\",\"name\":\"Consejo de Rectoras y Rectores de las Universidades Chilenas\",\"description\":\"\",\"publisher\":{\"@id\":\"https:\/\/consejoderectores.cl\/en\/#organization\"},\"potentialAction\":[{\"@type\":\"SearchAction\",\"target\":{\"@type\":\"EntryPoint\",\"urlTemplate\":\"https:\/\/consejoderectores.cl\/en\/?s={search_term_string}\"},\"query-input\":{\"@type\":\"PropertyValueSpecification\",\"valueRequired\":true,\"valueName\":\"search_term_string\"}}],\"inLanguage\":\"en-US\"},{\"@type\":\"Organization\",\"@id\":\"https:\/\/consejoderectores.cl\/en\/#organization\",\"name\":\"Consejo de Rectoras y Rectores de las Universidades Chilenas\",\"url\":\"https:\/\/consejoderectores.cl\/en\/\",\"logo\":{\"@type\":\"ImageObject\",\"inLanguage\":\"en-US\",\"@id\":\"https:\/\/consejoderectores.cl\/en\/#\/schema\/logo\/image\/\",\"url\":\"https:\/\/consejoderectores.cl\/wp-content\/uploads\/2025\/12\/logoheader_2025.png\",\"contentUrl\":\"https:\/\/consejoderectores.cl\/wp-content\/uploads\/2025\/12\/logoheader_2025.png\",\"width\":666,\"height\":305,\"caption\":\"Consejo de Rectoras y Rectores de las Universidades Chilenas\"},\"image\":{\"@id\":\"https:\/\/consejoderectores.cl\/en\/#\/schema\/logo\/image\/\"},\"sameAs\":[\"https:\/\/x.com\/CRUCH_cl\",\"https:\/\/www.instagram.com\/consejoderectores\/\",\"https:\/\/www.linkedin.com\/company\/cruch\/\",\"https:\/\/www.youtube.com\/channel\/UCzgIFRCsDlKoFpimiQmEaOA\"]},{\"@type\":\"Person\",\"@id\":\"https:\/\/consejoderectores.cl\/en\/#\/schema\/person\/d863e44afde067fd4b57fac66ced709e\",\"name\":\"Consejo de Rectores de las Universidades Chilenas\",\"image\":{\"@type\":\"ImageObject\",\"inLanguage\":\"en-US\",\"@id\":\"https:\/\/consejoderectores.cl\/en\/#\/schema\/person\/image\/\",\"url\":\"https:\/\/secure.gravatar.com\/avatar\/c31e2a02401f041926afb8ee21ab666f0925814fe85d25a5c8db80e23722dfc1?s=96&d=mm&r=g\",\"contentUrl\":\"https:\/\/secure.gravatar.com\/avatar\/c31e2a02401f041926afb8ee21ab666f0925814fe85d25a5c8db80e23722dfc1?s=96&d=mm&r=g\",\"caption\":\"Consejo de Rectores de las Universidades Chilenas\"},\"sameAs\":[\"https:\/\/www.consejoderectores.cl\"],\"url\":\"https:\/\/consejoderectores.cl\/en\/author\/cruch\/\"}]}<\/script>\n<!-- \/ Yoast SEO plugin. -->","yoast_head_json":{"title":"Emotivo homenaje al Dr. Jaime Baeza Hern\u00e1ndez - Consejo de Rectoras y Rectores de las Universidades Chilenas","robots":{"index":"index","follow":"follow","max-snippet":"max-snippet:-1","max-image-preview":"max-image-preview:large","max-video-preview":"max-video-preview:-1"},"canonical":"https:\/\/consejoderectores.cl\/en\/2012\/11\/09\/603c6d80725b6\/","og_locale":"en_US","og_type":"article","og_title":"Emotivo homenaje al Dr. Jaime Baeza Hern\u00e1ndez - Consejo de Rectoras y Rectores de las Universidades Chilenas","og_description":"El rector de la Universidad de Antofagasta, Luis Alberto Loyola, destac\u00f3 el aporte del acad\u00e9mico, quien promovi\u00f3 la participaci\u00f3n de las regiones en el desarrollo de la ciencia y tecnolog\u00eda. En el Taller Internacional de Ciencia, Tecnolog\u00eda e Innovaci\u00f3n, celebrado en la Universidad de Concepci\u00f3n el d\u00eda 7 de noviembre, se realiz\u00f3 un profundo reconocimiento [&hellip;]","og_url":"https:\/\/consejoderectores.cl\/en\/2012\/11\/09\/603c6d80725b6\/","og_site_name":"Consejo de Rectoras y Rectores de las Universidades Chilenas","article_published_time":"2012-11-09T00:00:00+00:00","article_modified_time":"2022-01-23T17:24:44+00:00","og_image":[{"width":2500,"height":1666,"url":"https:\/\/consejoderectores.cl\/wp-content\/uploads\/2012\/11\/ok-seminario-homenaje-jaime-baeza-08.jpg","type":"image\/jpeg"}],"author":"Consejo de Rectores de las Universidades Chilenas","twitter_card":"summary_large_image","twitter_creator":"@CRUCH_cl","twitter_site":"@CRUCH_cl","twitter_misc":{"Written by":"Consejo de Rectores de las Universidades Chilenas","Est. reading time":"1 minute"},"schema":{"@context":"https:\/\/schema.org","@graph":[{"@type":"Article","@id":"https:\/\/consejoderectores.cl\/2012\/11\/09\/603c6d80725b6\/#article","isPartOf":{"@id":"https:\/\/consejoderectores.cl\/2012\/11\/09\/603c6d80725b6\/"},"author":{"name":"Consejo de Rectores de las Universidades Chilenas","@id":"https:\/\/consejoderectores.cl\/en\/#\/schema\/person\/d863e44afde067fd4b57fac66ced709e"},"headline":"Emotivo homenaje al Dr. Jaime Baeza Hern\u00e1ndez","datePublished":"2012-11-09T00:00:00+00:00","dateModified":"2022-01-23T17:24:44+00:00","mainEntityOfPage":{"@id":"https:\/\/consejoderectores.cl\/2012\/11\/09\/603c6d80725b6\/"},"wordCount":258,"commentCount":0,"publisher":{"@id":"https:\/\/consejoderectores.cl\/en\/#organization"},"image":{"@id":"https:\/\/consejoderectores.cl\/2012\/11\/09\/603c6d80725b6\/#primaryimage"},"thumbnailUrl":"https:\/\/consejoderectores.cl\/wp-content\/uploads\/2012\/11\/ok-seminario-homenaje-jaime-baeza-08.jpg","articleSection":["Noticias"],"inLanguage":"en-US","potentialAction":[{"@type":"CommentAction","name":"Comment","target":["https:\/\/consejoderectores.cl\/2012\/11\/09\/603c6d80725b6\/#respond"]}]},{"@type":"WebPage","@id":"https:\/\/consejoderectores.cl\/2012\/11\/09\/603c6d80725b6\/","url":"https:\/\/consejoderectores.cl\/2012\/11\/09\/603c6d80725b6\/","name":"Emotivo homenaje al Dr. Jaime Baeza Hern\u00e1ndez - Consejo de Rectoras y Rectores de las Universidades Chilenas","isPartOf":{"@id":"https:\/\/consejoderectores.cl\/en\/#website"},"primaryImageOfPage":{"@id":"https:\/\/consejoderectores.cl\/2012\/11\/09\/603c6d80725b6\/#primaryimage"},"image":{"@id":"https:\/\/consejoderectores.cl\/2012\/11\/09\/603c6d80725b6\/#primaryimage"},"thumbnailUrl":"https:\/\/consejoderectores.cl\/wp-content\/uploads\/2012\/11\/ok-seminario-homenaje-jaime-baeza-08.jpg","datePublished":"2012-11-09T00:00:00+00:00","dateModified":"2022-01-23T17:24:44+00:00","breadcrumb":{"@id":"https:\/\/consejoderectores.cl\/2012\/11\/09\/603c6d80725b6\/#breadcrumb"},"inLanguage":"en-US","potentialAction":[{"@type":"ReadAction","target":["https:\/\/consejoderectores.cl\/2012\/11\/09\/603c6d80725b6\/"]}]},{"@type":"ImageObject","inLanguage":"en-US","@id":"https:\/\/consejoderectores.cl\/2012\/11\/09\/603c6d80725b6\/#primaryimage","url":"https:\/\/consejoderectores.cl\/wp-content\/uploads\/2012\/11\/ok-seminario-homenaje-jaime-baeza-08.jpg","contentUrl":"https:\/\/consejoderectores.cl\/wp-content\/uploads\/2012\/11\/ok-seminario-homenaje-jaime-baeza-08.jpg","width":2500,"height":1666},{"@type":"BreadcrumbList","@id":"https:\/\/consejoderectores.cl\/2012\/11\/09\/603c6d80725b6\/#breadcrumb","itemListElement":[{"@type":"ListItem","position":1,"name":"Home","item":"https:\/\/consejoderectores.cl\/"},{"@type":"ListItem","position":2,"name":"Emotivo homenaje al Dr. Jaime Baeza Hern\u00e1ndez"}]},{"@type":"WebSite","@id":"https:\/\/consejoderectores.cl\/en\/#website","url":"https:\/\/consejoderectores.cl\/en\/","name":"Council of Rectors of Chilean Universities","description":"","publisher":{"@id":"https:\/\/consejoderectores.cl\/en\/#organization"},"potentialAction":[{"@type":"SearchAction","target":{"@type":"EntryPoint","urlTemplate":"https:\/\/consejoderectores.cl\/en\/?s={search_term_string}"},"query-input":{"@type":"PropertyValueSpecification","valueRequired":true,"valueName":"search_term_string"}}],"inLanguage":"en-US"},{"@type":"Organization","@id":"https:\/\/consejoderectores.cl\/en\/#organization","name":"Council of Rectors of Chilean Universities","url":"https:\/\/consejoderectores.cl\/en\/","logo":{"@type":"ImageObject","inLanguage":"en-US","@id":"https:\/\/consejoderectores.cl\/en\/#\/schema\/logo\/image\/","url":"https:\/\/consejoderectores.cl\/wp-content\/uploads\/2025\/12\/logoheader_2025.png","contentUrl":"https:\/\/consejoderectores.cl\/wp-content\/uploads\/2025\/12\/logoheader_2025.png","width":666,"height":305,"caption":"Consejo de Rectoras y Rectores de las Universidades Chilenas"},"image":{"@id":"https:\/\/consejoderectores.cl\/en\/#\/schema\/logo\/image\/"},"sameAs":["https:\/\/x.com\/CRUCH_cl","https:\/\/www.instagram.com\/consejoderectores\/","https:\/\/www.linkedin.com\/company\/cruch\/","https:\/\/www.youtube.com\/channel\/UCzgIFRCsDlKoFpimiQmEaOA"]},{"@type":"Person","@id":"https:\/\/consejoderectores.cl\/en\/#\/schema\/person\/d863e44afde067fd4b57fac66ced709e","name":"Council of Rectors of Chilean Universities","image":{"@type":"ImageObject","inLanguage":"en-US","@id":"https:\/\/consejoderectores.cl\/en\/#\/schema\/person\/image\/","url":"https:\/\/secure.gravatar.com\/avatar\/c31e2a02401f041926afb8ee21ab666f0925814fe85d25a5c8db80e23722dfc1?s=96&d=mm&r=g","contentUrl":"https:\/\/secure.gravatar.com\/avatar\/c31e2a02401f041926afb8ee21ab666f0925814fe85d25a5c8db80e23722dfc1?s=96&d=mm&r=g","caption":"Consejo de Rectores de las Universidades Chilenas"},"sameAs":["https:\/\/www.consejoderectores.cl"],"url":"https:\/\/consejoderectores.cl\/en\/author\/cruch\/"}]}},"_links":{"self":[{"href":"https:\/\/consejoderectores.cl\/en\/wp-json\/wp\/v2\/posts\/1204","targetHints":{"allow":["GET"]}}],"collection":[{"href":"https:\/\/consejoderectores.cl\/en\/wp-json\/wp\/v2\/posts"}],"about":[{"href":"https:\/\/consejoderectores.cl\/en\/wp-json\/wp\/v2\/types\/post"}],"author":[{"embeddable":true,"href":"https:\/\/consejoderectores.cl\/en\/wp-json\/wp\/v2\/users\/1"}],"replies":[{"embeddable":true,"href":"https:\/\/consejoderectores.cl\/en\/wp-json\/wp\/v2\/comments?post=1204"}],"version-history":[{"count":1,"href":"https:\/\/consejoderectores.cl\/en\/wp-json\/wp\/v2\/posts\/1204\/revisions"}],"predecessor-version":[{"id":5853,"href":"https:\/\/consejoderectores.cl\/en\/wp-json\/wp\/v2\/posts\/1204\/revisions\/5853"}],"wp:featuredmedia":[{"embeddable":true,"href":"https:\/\/consejoderectores.cl\/en\/wp-json\/wp\/v2\/media\/5852"}],"wp:attachment":[{"href":"https:\/\/consejoderectores.cl\/en\/wp-json\/wp\/v2\/media?parent=1204"}],"wp:term":[{"taxonomy":"category","embeddable":true,"href":"https:\/\/consejoderectores.cl\/en\/wp-json\/wp\/v2\/categories?post=1204"},{"taxonomy":"post_tag","embeddable":true,"href":"https:\/\/consejoderectores.cl\/en\/wp-json\/wp\/v2\/tags?post=1204"}],"curies":[{"name":"wp","href":"https:\/\/api.w.org\/{rel}","templated":true}]}}