{"id":12033,"date":"2024-11-28T22:30:58","date_gmt":"2024-11-28T22:30:58","guid":{"rendered":"https:\/\/consejoderectores.cl\/?p=12033"},"modified":"2024-11-28T22:35:32","modified_gmt":"2024-11-28T22:35:32","slug":"convenio-cruch-cenia-buscara-impulsar-el-desarrollo-de-la-inteligencia-artificial-en-latinoamerica","status":"publish","type":"post","link":"https:\/\/consejoderectores.cl\/en\/2024\/11\/28\/convenio-cruch-cenia-buscara-impulsar-el-desarrollo-de-la-inteligencia-artificial-en-latinoamerica\/","title":{"rendered":"CRUCH-CENIA agreement will seek to promote the development of Artificial Intelligence in Latin America"},"content":{"rendered":"<blockquote><p>In a plenary session held in the Biob\u00edo Region, which was jointly led by the University of Concepci\u00f3n, the University of B\u00edo-B\u00edo and the Catholic University of the Holy Conception, the agreement was signed that seeks to create an artificial intelligence model that adequately represents Latin America, uniting academic and scientific efforts to strengthen the technological sovereignty of the region.<\/p><\/blockquote>\n<p><img loading=\"lazy\" decoding=\"async\" class=\"alignleft wp-image-12035 size-medium\" src=\"https:\/\/consejoderectores.cl\/wp-content\/uploads\/2024\/11\/firma-convenio-e1732832931405-300x261.jpeg\" alt=\"\" width=\"300\" height=\"261\" srcset=\"https:\/\/consejoderectores.cl\/wp-content\/uploads\/2024\/11\/firma-convenio-e1732832931405-300x261.jpeg 300w, https:\/\/consejoderectores.cl\/wp-content\/uploads\/2024\/11\/firma-convenio-e1732832931405-1024x889.jpeg 1024w, https:\/\/consejoderectores.cl\/wp-content\/uploads\/2024\/11\/firma-convenio-e1732832931405-768x667.jpeg 768w, https:\/\/consejoderectores.cl\/wp-content\/uploads\/2024\/11\/firma-convenio-e1732832931405-14x12.jpeg 14w, https:\/\/consejoderectores.cl\/wp-content\/uploads\/2024\/11\/firma-convenio-e1732832931405-320x278.jpeg 320w, https:\/\/consejoderectores.cl\/wp-content\/uploads\/2024\/11\/firma-convenio-e1732832931405-480x417.jpeg 480w, https:\/\/consejoderectores.cl\/wp-content\/uploads\/2024\/11\/firma-convenio-e1732832931405-800x695.jpeg 800w, https:\/\/consejoderectores.cl\/wp-content\/uploads\/2024\/11\/firma-convenio-e1732832931405-848x736.jpeg 848w, https:\/\/consejoderectores.cl\/wp-content\/uploads\/2024\/11\/firma-convenio-e1732832931405.jpeg 1132w\" sizes=\"auto, (max-width: 300px) 100vw, 300px\" \/>In a global context where advances in Artificial Intelligence are dominated by models developed in the northern hemisphere, the Council of Rectors of Chilean Universities (CRUCH) and the National Center for Artificial Intelligence (CENIA) signed an agreement during the CRUCH plenary session organized jointly by the University of Concepci\u00f3n, University of B\u00edo-B\u00edo and Catholic University of the Most Holy Conception, which seeks to lead the development of a Latin American artificial language model.<\/p>\n<p>The proposal is to work on a project called Latam GPT, which aims to create a model that reflects the linguistic and cultural diversity of the region, using local data and ensuring that advances in Artificial Intelligence (AI) are appropriate for the needs and realities of Latin America.<\/p>\n<p>The initiative, highlighted positively by the executive vice president of CRUCH, Emilio Rodr\u00edguez, responds to one of the six strategic axes of CRUCH to 2030: Digital Transformation of the Higher Education System and Artificial Intelligence, which aims to create proposals for the proactive incorporation of the opportunities offered by digital transformation and artificial intelligence.<\/p>\n<p>\u201cThe project represents a great opportunity to transform education and scientific research in our universities, providing them with advanced computing tools, such as the Latam GPT model, to address global and regional challenges,\u201d said Rector Rodr\u00edguez.<\/p>\n<p>Regarding the importance of this alliance, CENIA Director \u00c1lvaro Soto highlighted the role of universities as a key driver of this project, \u201csince they are the ones that generate the knowledge and data that will feed the model. This effort will not only strengthen academia, but will also allow Latin America to play a leading role in the race for artificial intelligence.\u201d.<\/p>\n<p>Furthermore, this initiative aims to transform Latin American universities from mere consumers of technology into creators of their own artificial intelligence models. &quot;Our goal is for Latin America not only to participate passively in the technological revolution, but also to have the capacity to develop and apply it according to its own interests,&quot; Rodr\u00edguez stated.<\/p>\n<p><strong>Development and management of national supercomputing infrastructure<\/strong><\/p>\n<p>Closely linked to the work of CENIA, during the plenary session, researchers from the National Laboratory of High Performance Computing, Jaime San Mart\u00edn and Gin\u00e9s Guerrero, also presented, inviting all CRUCH universities to be part of a strategic alliance to jointly apply for the CORFO project of \u201cDevelopment and Management of a National Supercomputing Infrastructure Specialized in Artificial Intelligence\u201d, which has funding of up to 7 million dollars.<\/p>\n<p>Regarding this invitation to this project, which is open to all universities in the country, Rector Rodr\u00edguez highlighted its importance, noting that all institutions, from Arica to Magallanes, could access these powerful tools, ensuring inclusive participation and equitable development throughout the country.<\/p>\n<p>Both San Mart\u00edn and Guerrero indicated that the project is expected to allow for the design of a collaborative governance structure that ensures that the resources will benefit the entire academic and scientific community of Chile.<\/p>\n<p><strong>Development Strategy for Higher Education<\/strong><\/p>\n<p><img loading=\"lazy\" decoding=\"async\" class=\"size-medium wp-image-12036 alignright\" src=\"https:\/\/consejoderectores.cl\/wp-content\/uploads\/2024\/11\/mesa-pleno-300x200.jpg\" alt=\"\" width=\"300\" height=\"200\" srcset=\"https:\/\/consejoderectores.cl\/wp-content\/uploads\/2024\/11\/mesa-pleno-300x200.jpg 300w, https:\/\/consejoderectores.cl\/wp-content\/uploads\/2024\/11\/mesa-pleno-1024x683.jpg 1024w, https:\/\/consejoderectores.cl\/wp-content\/uploads\/2024\/11\/mesa-pleno-768x512.jpg 768w, https:\/\/consejoderectores.cl\/wp-content\/uploads\/2024\/11\/mesa-pleno-1536x1024.jpg 1536w, https:\/\/consejoderectores.cl\/wp-content\/uploads\/2024\/11\/mesa-pleno-18x12.jpg 18w, https:\/\/consejoderectores.cl\/wp-content\/uploads\/2024\/11\/mesa-pleno-320x213.jpg 320w, https:\/\/consejoderectores.cl\/wp-content\/uploads\/2024\/11\/mesa-pleno-480x320.jpg 480w, https:\/\/consejoderectores.cl\/wp-content\/uploads\/2024\/11\/mesa-pleno-800x533.jpg 800w, https:\/\/consejoderectores.cl\/wp-content\/uploads\/2024\/11\/mesa-pleno-848x565.jpg 848w, https:\/\/consejoderectores.cl\/wp-content\/uploads\/2024\/11\/mesa-pleno-1140x760.jpg 1140w, https:\/\/consejoderectores.cl\/wp-content\/uploads\/2024\/11\/mesa-pleno-1170x780.jpg 1170w, https:\/\/consejoderectores.cl\/wp-content\/uploads\/2024\/11\/mesa-pleno-1920x1280.jpg 1920w, https:\/\/consejoderectores.cl\/wp-content\/uploads\/2024\/11\/mesa-pleno.jpg 2048w\" sizes=\"auto, (max-width: 300px) 100vw, 300px\" \/>Another topic addressed during the plenary session was the recently created Advisory Council for the Development Strategy for Higher Education, which will address four areas of work: educational pathways and academic processes; architecture and governance of the Higher Education System; partnerships for the development of knowledge, innovation and internationalization; and the articulation with productive environments and the revitalization of development.<\/p>\n<p>The Undersecretary of Higher Education, V\u00edctor Orellana, emphasized the importance of CRUCH&#039;s participation in the process, stating that \u201cit is crucial that CRUCH, as the body representing the country&#039;s most important universities, actively participates in this forum. Its inclusion is essential for building robust agreements and ensuring that decisions are made jointly, taking into account the realities of higher education institutions.\u201d<\/p>\n<p>In this regard, Rector Rodr\u00edguez called for strengthening inter-institutional collaboration, especially with CRUCH commissions such as the Commission of Academic Vice-Rectors (COVRA) and the Commission of Vice-Rectors of Research. \u201cIt is crucial that, from the Council of Rectors, we build bridges with other commissions like COVRA and the Research Commission, so that our universities can respond effectively to the challenges facing the education system and the country&#039;s research and development needs,\u201d he stated.<\/p>\n<p><strong>Progress of the report on mental health and university coexistence <\/strong><\/p>\n<p>Indeed, one of the great challenges of the education system is mental health and coexistence, a matter in which the CRUCH has been working since the end of 2022 through its CRUCH University Coexistence and Mental Health Commission, of which progress was presented during the plenary session.<\/p>\n<p>The Commission&#039;s presidents, Rosa Mar\u00eda Olave (Alberto Hurtado University) and Bertha Escobar Alaniz (Catholic University of Temuco), along with the head of the editorial subcommittee, Valeska Grau C\u00e1rdenas (Pontifical Catholic University of Chile), presented the background and key elements of the Commission&#039;s synthesis report, which outlines the main problems and critical issues related to mental health and university life. The document will be presented in the first half of 2025.<\/p>\n<p><strong>Funding for Science, Technology, Knowledge and Research \u00a0<\/strong><\/p>\n<p><img loading=\"lazy\" decoding=\"async\" class=\"size-medium wp-image-12037 alignleft\" src=\"https:\/\/consejoderectores.cl\/wp-content\/uploads\/2024\/11\/ministra-aisen-300x200.jpg\" alt=\"\" width=\"300\" height=\"200\" srcset=\"https:\/\/consejoderectores.cl\/wp-content\/uploads\/2024\/11\/ministra-aisen-300x200.jpg 300w, https:\/\/consejoderectores.cl\/wp-content\/uploads\/2024\/11\/ministra-aisen-1024x683.jpg 1024w, https:\/\/consejoderectores.cl\/wp-content\/uploads\/2024\/11\/ministra-aisen-768x512.jpg 768w, https:\/\/consejoderectores.cl\/wp-content\/uploads\/2024\/11\/ministra-aisen-1536x1024.jpg 1536w, https:\/\/consejoderectores.cl\/wp-content\/uploads\/2024\/11\/ministra-aisen-18x12.jpg 18w, https:\/\/consejoderectores.cl\/wp-content\/uploads\/2024\/11\/ministra-aisen-320x213.jpg 320w, https:\/\/consejoderectores.cl\/wp-content\/uploads\/2024\/11\/ministra-aisen-480x320.jpg 480w, https:\/\/consejoderectores.cl\/wp-content\/uploads\/2024\/11\/ministra-aisen-800x533.jpg 800w, https:\/\/consejoderectores.cl\/wp-content\/uploads\/2024\/11\/ministra-aisen-848x565.jpg 848w, https:\/\/consejoderectores.cl\/wp-content\/uploads\/2024\/11\/ministra-aisen-1140x760.jpg 1140w, https:\/\/consejoderectores.cl\/wp-content\/uploads\/2024\/11\/ministra-aisen-1170x780.jpg 1170w, https:\/\/consejoderectores.cl\/wp-content\/uploads\/2024\/11\/ministra-aisen-1920x1280.jpg 1920w, https:\/\/consejoderectores.cl\/wp-content\/uploads\/2024\/11\/ministra-aisen.jpg 2048w\" sizes=\"auto, (max-width: 300px) 100vw, 300px\" \/>Also participating in the Council plenary session was the Minister of Science, Technology, Knowledge and Research, Ais\u00e9n Etcheverry, who announced that the resolution identifying the universities that will enter Phase 1 of the University R&amp;D&amp;I Structural Financing Program was published today. This program comprises the Territorial University R&amp;D&amp;I Fund (FIUT) and the Border University R&amp;D&amp;I Fund (FIUF). She also indicated that a new call for applications for Phase 1 will open in early 2025 to allow universities that were not initially selected to apply.<\/p>\n<p>Minister Etcheverry also referred to the approval of the change in the gloss on the use of funds by regional governments, which will allow resources to be transferred directly to universities without going through new competitions, facilitating the execution of regional research and development projects.<\/p>\n<p>To finalize the allocation of these funds to universities, the minister requested the assistance of the Council of Rectors of Chilean Universities (CRUCH) in organizing meetings with regional governors to explain the importance of investing in local universities. \u201cWe need the rectors to help us prepare these meetings, as we have the opportunity to link university research with the development plans of each region,\u201d she stated.<\/p>\n<p><strong>Text:<\/strong> CRUCH Communications<\/p>\n<p><strong>Photos:<\/strong> Courtesy of the University of Concepci\u00f3n and the General Secretariat of CRUCH.<\/p>","protected":false},"excerpt":{"rendered":"<p>En sesi\u00f3n plenaria realizada en la Regi\u00f3n del Biob\u00edo, la cual fue liderada en conjunto por la Universidad de Concepci\u00f3n, Universidad del B\u00edo-B\u00edo y la Universidad Cat\u00f3lica de la Sant\u00edsima Concepci\u00f3n, se firm\u00f3 el convenio que busca crear un modelo de inteligencia artificial que represente adecuadamente a Latinoam\u00e9rica, uniendo esfuerzos acad\u00e9micos y cient\u00edficos para fortalecer [&hellip;]<\/p>\n","protected":false},"author":1,"featured_media":12039,"comment_status":"open","ping_status":"open","sticky":false,"template":"","format":"standard","meta":{"_acf_changed":false,"footnotes":""},"categories":[3,13],"tags":[],"class_list":["post-12033","post","type-post","status-publish","format-standard","has-post-thumbnail","hentry","category-noticias","category-noticias-carrusel"],"acf":[],"yoast_head":"<!-- This site is optimized with the Yoast SEO plugin v27.1.1 - https:\/\/yoast.com\/product\/yoast-seo-wordpress\/ -->\n<title>Convenio CRUCH-CENIA buscar\u00e1 impulsar el desarrollo de la Inteligencia Artificial en Latinoam\u00e9rica - Consejo de Rectoras y Rectores de las Universidades Chilenas<\/title>\n<meta name=\"robots\" content=\"index, follow, max-snippet:-1, max-image-preview:large, max-video-preview:-1\" \/>\n<link rel=\"canonical\" href=\"http:\/\/consejoderectores.cl\/en\/2024\/11\/28\/convenio-cruch-cenia-buscara-impulsar-el-desarrollo-de-la-inteligencia-artificial-en-latinoamerica\/\" \/>\n<meta property=\"og:locale\" content=\"en_US\" \/>\n<meta property=\"og:type\" content=\"article\" \/>\n<meta property=\"og:title\" content=\"Convenio CRUCH-CENIA buscar\u00e1 impulsar el desarrollo de la Inteligencia Artificial en Latinoam\u00e9rica - Consejo de Rectoras y Rectores de las Universidades Chilenas\" \/>\n<meta property=\"og:description\" content=\"En sesi\u00f3n plenaria realizada en la Regi\u00f3n del Biob\u00edo, la cual fue liderada en conjunto por la Universidad de Concepci\u00f3n, Universidad del B\u00edo-B\u00edo y la Universidad Cat\u00f3lica de la Sant\u00edsima Concepci\u00f3n, se firm\u00f3 el convenio que busca crear un modelo de inteligencia artificial que represente adecuadamente a Latinoam\u00e9rica, uniendo esfuerzos acad\u00e9micos y cient\u00edficos para fortalecer [&hellip;]\" \/>\n<meta property=\"og:url\" content=\"http:\/\/consejoderectores.cl\/en\/2024\/11\/28\/convenio-cruch-cenia-buscara-impulsar-el-desarrollo-de-la-inteligencia-artificial-en-latinoamerica\/\" \/>\n<meta property=\"og:site_name\" content=\"Consejo de Rectoras y Rectores de las Universidades Chilenas\" \/>\n<meta property=\"article:published_time\" content=\"2024-11-28T22:30:58+00:00\" \/>\n<meta property=\"article:modified_time\" content=\"2024-11-28T22:35:32+00:00\" \/>\n<meta property=\"og:image\" content=\"https:\/\/consejoderectores.cl\/wp-content\/uploads\/2024\/11\/convenio-cenia-1.png\" \/>\n\t<meta property=\"og:image:width\" content=\"1900\" \/>\n\t<meta property=\"og:image:height\" content=\"600\" \/>\n\t<meta property=\"og:image:type\" content=\"image\/png\" \/>\n<meta name=\"author\" content=\"Consejo de Rectores de las Universidades Chilenas\" \/>\n<meta name=\"twitter:card\" content=\"summary_large_image\" \/>\n<meta name=\"twitter:creator\" content=\"@CRUCH_cl\" \/>\n<meta name=\"twitter:site\" content=\"@CRUCH_cl\" \/>\n<meta name=\"twitter:label1\" content=\"Written by\" \/>\n\t<meta name=\"twitter:data1\" content=\"Consejo de Rectores de las Universidades Chilenas\" \/>\n\t<meta name=\"twitter:label2\" content=\"Est. reading time\" \/>\n\t<meta name=\"twitter:data2\" content=\"6 minutes\" \/>\n<script type=\"application\/ld+json\" class=\"yoast-schema-graph\">{\"@context\":\"https:\/\/schema.org\",\"@graph\":[{\"@type\":\"Article\",\"@id\":\"http:\/\/consejoderectores.cl\/en\/2024\/11\/28\/convenio-cruch-cenia-buscara-impulsar-el-desarrollo-de-la-inteligencia-artificial-en-latinoamerica\/#article\",\"isPartOf\":{\"@id\":\"http:\/\/consejoderectores.cl\/en\/2024\/11\/28\/convenio-cruch-cenia-buscara-impulsar-el-desarrollo-de-la-inteligencia-artificial-en-latinoamerica\/\"},\"author\":{\"name\":\"Consejo de Rectores de las Universidades Chilenas\",\"@id\":\"https:\/\/consejoderectores.cl\/en\/#\/schema\/person\/d863e44afde067fd4b57fac66ced709e\"},\"headline\":\"Convenio CRUCH-CENIA buscar\u00e1 impulsar el desarrollo de la Inteligencia Artificial en Latinoam\u00e9rica\",\"datePublished\":\"2024-11-28T22:30:58+00:00\",\"dateModified\":\"2024-11-28T22:35:32+00:00\",\"mainEntityOfPage\":{\"@id\":\"http:\/\/consejoderectores.cl\/en\/2024\/11\/28\/convenio-cruch-cenia-buscara-impulsar-el-desarrollo-de-la-inteligencia-artificial-en-latinoamerica\/\"},\"wordCount\":1295,\"commentCount\":0,\"publisher\":{\"@id\":\"https:\/\/consejoderectores.cl\/en\/#organization\"},\"image\":{\"@id\":\"http:\/\/consejoderectores.cl\/en\/2024\/11\/28\/convenio-cruch-cenia-buscara-impulsar-el-desarrollo-de-la-inteligencia-artificial-en-latinoamerica\/#primaryimage\"},\"thumbnailUrl\":\"https:\/\/consejoderectores.cl\/wp-content\/uploads\/2024\/11\/convenio-cenia-1.png\",\"articleSection\":[\"Noticias\",\"Noticias Carrusel\"],\"inLanguage\":\"en-US\",\"potentialAction\":[{\"@type\":\"CommentAction\",\"name\":\"Comment\",\"target\":[\"http:\/\/consejoderectores.cl\/en\/2024\/11\/28\/convenio-cruch-cenia-buscara-impulsar-el-desarrollo-de-la-inteligencia-artificial-en-latinoamerica\/#respond\"]}]},{\"@type\":\"WebPage\",\"@id\":\"http:\/\/consejoderectores.cl\/en\/2024\/11\/28\/convenio-cruch-cenia-buscara-impulsar-el-desarrollo-de-la-inteligencia-artificial-en-latinoamerica\/\",\"url\":\"http:\/\/consejoderectores.cl\/en\/2024\/11\/28\/convenio-cruch-cenia-buscara-impulsar-el-desarrollo-de-la-inteligencia-artificial-en-latinoamerica\/\",\"name\":\"Convenio CRUCH-CENIA buscar\u00e1 impulsar el desarrollo de la Inteligencia Artificial en Latinoam\u00e9rica - Consejo de Rectoras y Rectores de las Universidades Chilenas\",\"isPartOf\":{\"@id\":\"https:\/\/consejoderectores.cl\/en\/#website\"},\"primaryImageOfPage\":{\"@id\":\"http:\/\/consejoderectores.cl\/en\/2024\/11\/28\/convenio-cruch-cenia-buscara-impulsar-el-desarrollo-de-la-inteligencia-artificial-en-latinoamerica\/#primaryimage\"},\"image\":{\"@id\":\"http:\/\/consejoderectores.cl\/en\/2024\/11\/28\/convenio-cruch-cenia-buscara-impulsar-el-desarrollo-de-la-inteligencia-artificial-en-latinoamerica\/#primaryimage\"},\"thumbnailUrl\":\"https:\/\/consejoderectores.cl\/wp-content\/uploads\/2024\/11\/convenio-cenia-1.png\",\"datePublished\":\"2024-11-28T22:30:58+00:00\",\"dateModified\":\"2024-11-28T22:35:32+00:00\",\"breadcrumb\":{\"@id\":\"http:\/\/consejoderectores.cl\/en\/2024\/11\/28\/convenio-cruch-cenia-buscara-impulsar-el-desarrollo-de-la-inteligencia-artificial-en-latinoamerica\/#breadcrumb\"},\"inLanguage\":\"en-US\",\"potentialAction\":[{\"@type\":\"ReadAction\",\"target\":[\"http:\/\/consejoderectores.cl\/en\/2024\/11\/28\/convenio-cruch-cenia-buscara-impulsar-el-desarrollo-de-la-inteligencia-artificial-en-latinoamerica\/\"]}]},{\"@type\":\"ImageObject\",\"inLanguage\":\"en-US\",\"@id\":\"http:\/\/consejoderectores.cl\/en\/2024\/11\/28\/convenio-cruch-cenia-buscara-impulsar-el-desarrollo-de-la-inteligencia-artificial-en-latinoamerica\/#primaryimage\",\"url\":\"https:\/\/consejoderectores.cl\/wp-content\/uploads\/2024\/11\/convenio-cenia-1.png\",\"contentUrl\":\"https:\/\/consejoderectores.cl\/wp-content\/uploads\/2024\/11\/convenio-cenia-1.png\",\"width\":1900,\"height\":600},{\"@type\":\"BreadcrumbList\",\"@id\":\"http:\/\/consejoderectores.cl\/en\/2024\/11\/28\/convenio-cruch-cenia-buscara-impulsar-el-desarrollo-de-la-inteligencia-artificial-en-latinoamerica\/#breadcrumb\",\"itemListElement\":[{\"@type\":\"ListItem\",\"position\":1,\"name\":\"Home\",\"item\":\"https:\/\/consejoderectores.cl\/\"},{\"@type\":\"ListItem\",\"position\":2,\"name\":\"Convenio CRUCH-CENIA buscar\u00e1 impulsar el desarrollo de la Inteligencia Artificial en Latinoam\u00e9rica\"}]},{\"@type\":\"WebSite\",\"@id\":\"https:\/\/consejoderectores.cl\/en\/#website\",\"url\":\"https:\/\/consejoderectores.cl\/en\/\",\"name\":\"Consejo de Rectoras y Rectores de las Universidades Chilenas\",\"description\":\"\",\"publisher\":{\"@id\":\"https:\/\/consejoderectores.cl\/en\/#organization\"},\"potentialAction\":[{\"@type\":\"SearchAction\",\"target\":{\"@type\":\"EntryPoint\",\"urlTemplate\":\"https:\/\/consejoderectores.cl\/en\/?s={search_term_string}\"},\"query-input\":{\"@type\":\"PropertyValueSpecification\",\"valueRequired\":true,\"valueName\":\"search_term_string\"}}],\"inLanguage\":\"en-US\"},{\"@type\":\"Organization\",\"@id\":\"https:\/\/consejoderectores.cl\/en\/#organization\",\"name\":\"Consejo de Rectoras y Rectores de las Universidades Chilenas\",\"url\":\"https:\/\/consejoderectores.cl\/en\/\",\"logo\":{\"@type\":\"ImageObject\",\"inLanguage\":\"en-US\",\"@id\":\"https:\/\/consejoderectores.cl\/en\/#\/schema\/logo\/image\/\",\"url\":\"https:\/\/consejoderectores.cl\/wp-content\/uploads\/2025\/12\/logoheader_2025.png\",\"contentUrl\":\"https:\/\/consejoderectores.cl\/wp-content\/uploads\/2025\/12\/logoheader_2025.png\",\"width\":666,\"height\":305,\"caption\":\"Consejo de Rectoras y Rectores de las Universidades Chilenas\"},\"image\":{\"@id\":\"https:\/\/consejoderectores.cl\/en\/#\/schema\/logo\/image\/\"},\"sameAs\":[\"https:\/\/x.com\/CRUCH_cl\",\"https:\/\/www.instagram.com\/consejoderectores\/\",\"https:\/\/www.linkedin.com\/company\/cruch\/\",\"https:\/\/www.youtube.com\/channel\/UCzgIFRCsDlKoFpimiQmEaOA\"]},{\"@type\":\"Person\",\"@id\":\"https:\/\/consejoderectores.cl\/en\/#\/schema\/person\/d863e44afde067fd4b57fac66ced709e\",\"name\":\"Consejo de Rectores de las Universidades Chilenas\",\"image\":{\"@type\":\"ImageObject\",\"inLanguage\":\"en-US\",\"@id\":\"https:\/\/consejoderectores.cl\/en\/#\/schema\/person\/image\/\",\"url\":\"https:\/\/secure.gravatar.com\/avatar\/c31e2a02401f041926afb8ee21ab666f0925814fe85d25a5c8db80e23722dfc1?s=96&d=mm&r=g\",\"contentUrl\":\"https:\/\/secure.gravatar.com\/avatar\/c31e2a02401f041926afb8ee21ab666f0925814fe85d25a5c8db80e23722dfc1?s=96&d=mm&r=g\",\"caption\":\"Consejo de Rectores de las Universidades Chilenas\"},\"sameAs\":[\"https:\/\/www.consejoderectores.cl\"],\"url\":\"https:\/\/consejoderectores.cl\/en\/author\/cruch\/\"}]}<\/script>\n<!-- \/ Yoast SEO plugin. -->","yoast_head_json":{"title":"Convenio CRUCH-CENIA buscar\u00e1 impulsar el desarrollo de la Inteligencia Artificial en Latinoam\u00e9rica - Consejo de Rectoras y Rectores de las Universidades Chilenas","robots":{"index":"index","follow":"follow","max-snippet":"max-snippet:-1","max-image-preview":"max-image-preview:large","max-video-preview":"max-video-preview:-1"},"canonical":"http:\/\/consejoderectores.cl\/en\/2024\/11\/28\/convenio-cruch-cenia-buscara-impulsar-el-desarrollo-de-la-inteligencia-artificial-en-latinoamerica\/","og_locale":"en_US","og_type":"article","og_title":"Convenio CRUCH-CENIA buscar\u00e1 impulsar el desarrollo de la Inteligencia Artificial en Latinoam\u00e9rica - Consejo de Rectoras y Rectores de las Universidades Chilenas","og_description":"En sesi\u00f3n plenaria realizada en la Regi\u00f3n del Biob\u00edo, la cual fue liderada en conjunto por la Universidad de Concepci\u00f3n, Universidad del B\u00edo-B\u00edo y la Universidad Cat\u00f3lica de la Sant\u00edsima Concepci\u00f3n, se firm\u00f3 el convenio que busca crear un modelo de inteligencia artificial que represente adecuadamente a Latinoam\u00e9rica, uniendo esfuerzos acad\u00e9micos y cient\u00edficos para fortalecer [&hellip;]","og_url":"http:\/\/consejoderectores.cl\/en\/2024\/11\/28\/convenio-cruch-cenia-buscara-impulsar-el-desarrollo-de-la-inteligencia-artificial-en-latinoamerica\/","og_site_name":"Consejo de Rectoras y Rectores de las Universidades Chilenas","article_published_time":"2024-11-28T22:30:58+00:00","article_modified_time":"2024-11-28T22:35:32+00:00","og_image":[{"width":1900,"height":600,"url":"https:\/\/consejoderectores.cl\/wp-content\/uploads\/2024\/11\/convenio-cenia-1.png","type":"image\/png"}],"author":"Consejo de Rectores de las Universidades Chilenas","twitter_card":"summary_large_image","twitter_creator":"@CRUCH_cl","twitter_site":"@CRUCH_cl","twitter_misc":{"Written by":"Consejo de Rectores de las Universidades Chilenas","Est. reading time":"6 minutes"},"schema":{"@context":"https:\/\/schema.org","@graph":[{"@type":"Article","@id":"http:\/\/consejoderectores.cl\/en\/2024\/11\/28\/convenio-cruch-cenia-buscara-impulsar-el-desarrollo-de-la-inteligencia-artificial-en-latinoamerica\/#article","isPartOf":{"@id":"http:\/\/consejoderectores.cl\/en\/2024\/11\/28\/convenio-cruch-cenia-buscara-impulsar-el-desarrollo-de-la-inteligencia-artificial-en-latinoamerica\/"},"author":{"name":"Consejo de Rectores de las Universidades Chilenas","@id":"https:\/\/consejoderectores.cl\/en\/#\/schema\/person\/d863e44afde067fd4b57fac66ced709e"},"headline":"Convenio CRUCH-CENIA buscar\u00e1 impulsar el desarrollo de la Inteligencia Artificial en Latinoam\u00e9rica","datePublished":"2024-11-28T22:30:58+00:00","dateModified":"2024-11-28T22:35:32+00:00","mainEntityOfPage":{"@id":"http:\/\/consejoderectores.cl\/en\/2024\/11\/28\/convenio-cruch-cenia-buscara-impulsar-el-desarrollo-de-la-inteligencia-artificial-en-latinoamerica\/"},"wordCount":1295,"commentCount":0,"publisher":{"@id":"https:\/\/consejoderectores.cl\/en\/#organization"},"image":{"@id":"http:\/\/consejoderectores.cl\/en\/2024\/11\/28\/convenio-cruch-cenia-buscara-impulsar-el-desarrollo-de-la-inteligencia-artificial-en-latinoamerica\/#primaryimage"},"thumbnailUrl":"https:\/\/consejoderectores.cl\/wp-content\/uploads\/2024\/11\/convenio-cenia-1.png","articleSection":["Noticias","Noticias Carrusel"],"inLanguage":"en-US","potentialAction":[{"@type":"CommentAction","name":"Comment","target":["http:\/\/consejoderectores.cl\/en\/2024\/11\/28\/convenio-cruch-cenia-buscara-impulsar-el-desarrollo-de-la-inteligencia-artificial-en-latinoamerica\/#respond"]}]},{"@type":"WebPage","@id":"http:\/\/consejoderectores.cl\/en\/2024\/11\/28\/convenio-cruch-cenia-buscara-impulsar-el-desarrollo-de-la-inteligencia-artificial-en-latinoamerica\/","url":"http:\/\/consejoderectores.cl\/en\/2024\/11\/28\/convenio-cruch-cenia-buscara-impulsar-el-desarrollo-de-la-inteligencia-artificial-en-latinoamerica\/","name":"Convenio CRUCH-CENIA buscar\u00e1 impulsar el desarrollo de la Inteligencia Artificial en Latinoam\u00e9rica - Consejo de Rectoras y Rectores de las Universidades Chilenas","isPartOf":{"@id":"https:\/\/consejoderectores.cl\/en\/#website"},"primaryImageOfPage":{"@id":"http:\/\/consejoderectores.cl\/en\/2024\/11\/28\/convenio-cruch-cenia-buscara-impulsar-el-desarrollo-de-la-inteligencia-artificial-en-latinoamerica\/#primaryimage"},"image":{"@id":"http:\/\/consejoderectores.cl\/en\/2024\/11\/28\/convenio-cruch-cenia-buscara-impulsar-el-desarrollo-de-la-inteligencia-artificial-en-latinoamerica\/#primaryimage"},"thumbnailUrl":"https:\/\/consejoderectores.cl\/wp-content\/uploads\/2024\/11\/convenio-cenia-1.png","datePublished":"2024-11-28T22:30:58+00:00","dateModified":"2024-11-28T22:35:32+00:00","breadcrumb":{"@id":"http:\/\/consejoderectores.cl\/en\/2024\/11\/28\/convenio-cruch-cenia-buscara-impulsar-el-desarrollo-de-la-inteligencia-artificial-en-latinoamerica\/#breadcrumb"},"inLanguage":"en-US","potentialAction":[{"@type":"ReadAction","target":["http:\/\/consejoderectores.cl\/en\/2024\/11\/28\/convenio-cruch-cenia-buscara-impulsar-el-desarrollo-de-la-inteligencia-artificial-en-latinoamerica\/"]}]},{"@type":"ImageObject","inLanguage":"en-US","@id":"http:\/\/consejoderectores.cl\/en\/2024\/11\/28\/convenio-cruch-cenia-buscara-impulsar-el-desarrollo-de-la-inteligencia-artificial-en-latinoamerica\/#primaryimage","url":"https:\/\/consejoderectores.cl\/wp-content\/uploads\/2024\/11\/convenio-cenia-1.png","contentUrl":"https:\/\/consejoderectores.cl\/wp-content\/uploads\/2024\/11\/convenio-cenia-1.png","width":1900,"height":600},{"@type":"BreadcrumbList","@id":"http:\/\/consejoderectores.cl\/en\/2024\/11\/28\/convenio-cruch-cenia-buscara-impulsar-el-desarrollo-de-la-inteligencia-artificial-en-latinoamerica\/#breadcrumb","itemListElement":[{"@type":"ListItem","position":1,"name":"Home","item":"https:\/\/consejoderectores.cl\/"},{"@type":"ListItem","position":2,"name":"Convenio CRUCH-CENIA buscar\u00e1 impulsar el desarrollo de la Inteligencia Artificial en Latinoam\u00e9rica"}]},{"@type":"WebSite","@id":"https:\/\/consejoderectores.cl\/en\/#website","url":"https:\/\/consejoderectores.cl\/en\/","name":"Council of Rectors of Chilean Universities","description":"","publisher":{"@id":"https:\/\/consejoderectores.cl\/en\/#organization"},"potentialAction":[{"@type":"SearchAction","target":{"@type":"EntryPoint","urlTemplate":"https:\/\/consejoderectores.cl\/en\/?s={search_term_string}"},"query-input":{"@type":"PropertyValueSpecification","valueRequired":true,"valueName":"search_term_string"}}],"inLanguage":"en-US"},{"@type":"Organization","@id":"https:\/\/consejoderectores.cl\/en\/#organization","name":"Council of Rectors of Chilean Universities","url":"https:\/\/consejoderectores.cl\/en\/","logo":{"@type":"ImageObject","inLanguage":"en-US","@id":"https:\/\/consejoderectores.cl\/en\/#\/schema\/logo\/image\/","url":"https:\/\/consejoderectores.cl\/wp-content\/uploads\/2025\/12\/logoheader_2025.png","contentUrl":"https:\/\/consejoderectores.cl\/wp-content\/uploads\/2025\/12\/logoheader_2025.png","width":666,"height":305,"caption":"Consejo de Rectoras y Rectores de las Universidades Chilenas"},"image":{"@id":"https:\/\/consejoderectores.cl\/en\/#\/schema\/logo\/image\/"},"sameAs":["https:\/\/x.com\/CRUCH_cl","https:\/\/www.instagram.com\/consejoderectores\/","https:\/\/www.linkedin.com\/company\/cruch\/","https:\/\/www.youtube.com\/channel\/UCzgIFRCsDlKoFpimiQmEaOA"]},{"@type":"Person","@id":"https:\/\/consejoderectores.cl\/en\/#\/schema\/person\/d863e44afde067fd4b57fac66ced709e","name":"Council of Rectors of Chilean Universities","image":{"@type":"ImageObject","inLanguage":"en-US","@id":"https:\/\/consejoderectores.cl\/en\/#\/schema\/person\/image\/","url":"https:\/\/secure.gravatar.com\/avatar\/c31e2a02401f041926afb8ee21ab666f0925814fe85d25a5c8db80e23722dfc1?s=96&d=mm&r=g","contentUrl":"https:\/\/secure.gravatar.com\/avatar\/c31e2a02401f041926afb8ee21ab666f0925814fe85d25a5c8db80e23722dfc1?s=96&d=mm&r=g","caption":"Consejo de Rectores de las Universidades Chilenas"},"sameAs":["https:\/\/www.consejoderectores.cl"],"url":"https:\/\/consejoderectores.cl\/en\/author\/cruch\/"}]}},"_links":{"self":[{"href":"https:\/\/consejoderectores.cl\/en\/wp-json\/wp\/v2\/posts\/12033","targetHints":{"allow":["GET"]}}],"collection":[{"href":"https:\/\/consejoderectores.cl\/en\/wp-json\/wp\/v2\/posts"}],"about":[{"href":"https:\/\/consejoderectores.cl\/en\/wp-json\/wp\/v2\/types\/post"}],"author":[{"embeddable":true,"href":"https:\/\/consejoderectores.cl\/en\/wp-json\/wp\/v2\/users\/1"}],"replies":[{"embeddable":true,"href":"https:\/\/consejoderectores.cl\/en\/wp-json\/wp\/v2\/comments?post=12033"}],"version-history":[{"count":1,"href":"https:\/\/consejoderectores.cl\/en\/wp-json\/wp\/v2\/posts\/12033\/revisions"}],"predecessor-version":[{"id":12038,"href":"https:\/\/consejoderectores.cl\/en\/wp-json\/wp\/v2\/posts\/12033\/revisions\/12038"}],"wp:featuredmedia":[{"embeddable":true,"href":"https:\/\/consejoderectores.cl\/en\/wp-json\/wp\/v2\/media\/12039"}],"wp:attachment":[{"href":"https:\/\/consejoderectores.cl\/en\/wp-json\/wp\/v2\/media?parent=12033"}],"wp:term":[{"taxonomy":"category","embeddable":true,"href":"https:\/\/consejoderectores.cl\/en\/wp-json\/wp\/v2\/categories?post=12033"},{"taxonomy":"post_tag","embeddable":true,"href":"https:\/\/consejoderectores.cl\/en\/wp-json\/wp\/v2\/tags?post=12033"}],"curies":[{"name":"wp","href":"https:\/\/api.w.org\/{rel}","templated":true}]}}