{"id":12022,"date":"2024-11-27T19:12:13","date_gmt":"2024-11-27T19:12:13","guid":{"rendered":"https:\/\/consejoderectores.cl\/?p=12022"},"modified":"2024-11-27T19:22:49","modified_gmt":"2024-11-27T19:22:49","slug":"cruch-y-minrel-fortalecen-proyeccion-internacional-de-universidades-mediante-la-diplomacia-cientifica","status":"publish","type":"post","link":"https:\/\/consejoderectores.cl\/en\/2024\/11\/27\/cruch-y-minrel-fortalecen-proyeccion-internacional-de-universidades-mediante-la-diplomacia-cientifica\/","title":{"rendered":"CRUCH and MINREL strengthen the international projection of universities through scientific diplomacy"},"content":{"rendered":"<blockquote><p>At the seminar \u201cScientific Diplomacy: Opening Paths for the Internationalization of Higher Education\u201d, organized by CRUCH and the Ministry of Foreign Affairs, international experts and university authorities reflected on the fundamental role of science and technology in global cooperation and the internationalization of Chilean universities.<\/p>\n<p>The Secretary General of CRUCH, Ang\u00e9lica Bosch, acknowledged and expressed her gratitude for \u201cthe collaborative work we have established with the Ministry of Foreign Affairs since the signing of the cooperation agreement in November 2017, which has fostered the internationalization of Chilean Higher Education.\u201d For his part, the Rector in charge of CRUCH&#039;s Internationalization Commission, Rodrigo Vidal, emphasized that science and technology in the diplomatic sphere are of \u00abpriority.\u00bb.<\/p><\/blockquote>\n<p>To discuss the role of science diplomacy in strengthening international cooperation and developing global solutions through science, technology and innovation, the Council of Rectors of Chilean Universities (CRUCH) together with the Ministry of Foreign Affairs (MINREL), through the Division of Science, Energy, Education, Innovation and Astronomy (DECYTI), held the seminar &quot;Science Diplomacy: Opening Paths for the Internationalization of Higher Education&quot;, on Friday, November 22.<\/p>\n<p>At the opening of the event, which took place within the framework of the CRUCH&#039;s 70th anniversary agenda, the Secretary General of the Secretariat of Foreign Policy of the MINREL, Ambassador Rodrigo Olsen, praised the seminar and highlighted its contribution to achieving the Sustainable Development Goals (SDGs), &quot;particularly with regard to equal access to quality higher education and the training of professionals with international competencies.&quot;\u201c<\/p>\n<p><img loading=\"lazy\" decoding=\"async\" class=\"size-medium wp-image-12031 alignleft\" src=\"https:\/\/consejoderectores.cl\/wp-content\/uploads\/2024\/11\/seminario-7-300x225.jpeg\" alt=\"\" width=\"300\" height=\"225\" srcset=\"https:\/\/consejoderectores.cl\/wp-content\/uploads\/2024\/11\/seminario-7-300x225.jpeg 300w, https:\/\/consejoderectores.cl\/wp-content\/uploads\/2024\/11\/seminario-7-1024x768.jpeg 1024w, https:\/\/consejoderectores.cl\/wp-content\/uploads\/2024\/11\/seminario-7-768x576.jpeg 768w, https:\/\/consejoderectores.cl\/wp-content\/uploads\/2024\/11\/seminario-7-16x12.jpeg 16w, https:\/\/consejoderectores.cl\/wp-content\/uploads\/2024\/11\/seminario-7-320x240.jpeg 320w, https:\/\/consejoderectores.cl\/wp-content\/uploads\/2024\/11\/seminario-7-480x360.jpeg 480w, https:\/\/consejoderectores.cl\/wp-content\/uploads\/2024\/11\/seminario-7-800x600.jpeg 800w, https:\/\/consejoderectores.cl\/wp-content\/uploads\/2024\/11\/seminario-7-848x636.jpeg 848w, https:\/\/consejoderectores.cl\/wp-content\/uploads\/2024\/11\/seminario-7-1140x855.jpeg 1140w, https:\/\/consejoderectores.cl\/wp-content\/uploads\/2024\/11\/seminario-7-1170x878.jpeg 1170w, https:\/\/consejoderectores.cl\/wp-content\/uploads\/2024\/11\/seminario-7.jpeg 1280w\" sizes=\"auto, (max-width: 300px) 100vw, 300px\" \/>For her part, the Secretary General of CRUCH, Ang\u00e9lica Bosch, acknowledged and expressed her gratitude for \u201cthe collaborative work we have established with the Ministry of Foreign Affairs since the signing of the cooperation agreement in November 2017, which has fostered the internationalization of Chilean Higher Education.\u201d In this context, she noted that \u201cwe have consolidated a strategic alliance that drives various initiatives, among which I would like to highlight the Minister&#039;s recent visit to the Council session, the collaborative work with the Regional Coordination Unit of the Ministry of Foreign Affairs, and with the Directorate of Energy, Science, Technology and Innovation (DECYTI), which has brought this important seminar to fruition.\u201d.<\/p>\n<p>On the other hand, Bosch referred to the recent strategic definitions of the CRUCH (Council of Rectors of Chilean Universities), which in 2023 established internationalization as one of its development pillars. In this area, three challenges are identified: global collaboration to strengthen public policies through international alliances; the international projection of CRUCH universities; and how the above translates into concrete opportunities for local communities, promoting sustainable development, access to new knowledge, and regional innovation. \u201cThe internationalization of higher education is, without a doubt, an engine of territorial development and a pillar for strengthening our local identity from a global perspective,\u201d Bosch concluded.<\/p>\n<p><img loading=\"lazy\" decoding=\"async\" class=\"size-medium wp-image-12029 alignright\" src=\"https:\/\/consejoderectores.cl\/wp-content\/uploads\/2024\/11\/seminario5-300x225.jpeg\" alt=\"\" width=\"300\" height=\"225\" srcset=\"https:\/\/consejoderectores.cl\/wp-content\/uploads\/2024\/11\/seminario5-300x225.jpeg 300w, https:\/\/consejoderectores.cl\/wp-content\/uploads\/2024\/11\/seminario5-1024x768.jpeg 1024w, https:\/\/consejoderectores.cl\/wp-content\/uploads\/2024\/11\/seminario5-768x576.jpeg 768w, https:\/\/consejoderectores.cl\/wp-content\/uploads\/2024\/11\/seminario5-16x12.jpeg 16w, https:\/\/consejoderectores.cl\/wp-content\/uploads\/2024\/11\/seminario5-320x240.jpeg 320w, https:\/\/consejoderectores.cl\/wp-content\/uploads\/2024\/11\/seminario5-480x360.jpeg 480w, https:\/\/consejoderectores.cl\/wp-content\/uploads\/2024\/11\/seminario5-800x600.jpeg 800w, https:\/\/consejoderectores.cl\/wp-content\/uploads\/2024\/11\/seminario5-848x636.jpeg 848w, https:\/\/consejoderectores.cl\/wp-content\/uploads\/2024\/11\/seminario5-1140x855.jpeg 1140w, https:\/\/consejoderectores.cl\/wp-content\/uploads\/2024\/11\/seminario5-1170x878.jpeg 1170w, https:\/\/consejoderectores.cl\/wp-content\/uploads\/2024\/11\/seminario5.jpeg 1280w\" sizes=\"auto, (max-width: 300px) 100vw, 300px\" \/>Regarding the role of universities in science diplomacy, Rodrigo Vidal, rector of the University of Santiago, who is in charge of the CRUCH Internationalization Commission, pointed out that internationalization \u201cis not only an educational tool, but a strategic process that allows us to contribute to the resolution of global problems through science and technology.\u201d<\/p>\n<p>In this regard, he emphasized that science and technology in the diplomatic field are of &quot;priority&quot; and that &quot;we must continue to create fairer and more inclusive cooperation networks between universities, breaking down barriers to mobility and access worldwide, so that our researchers and students can participate in international projects, contributing their vision and positively impacting our global society.&quot;.<\/p>\n<p>Science diplomacy is the intersection of the worlds of science and international relations. This intersection recognizes the central and crucial role of science in improving relations between countries, addressing global problems, and strengthening international cooperation.<\/p>\n<p><strong>Scientific diplomacy for international cooperation<\/strong><\/p>\n<p><img loading=\"lazy\" decoding=\"async\" class=\"size-medium wp-image-12028 alignleft\" src=\"https:\/\/consejoderectores.cl\/wp-content\/uploads\/2024\/11\/seminario-4-300x225.jpeg\" alt=\"\" width=\"300\" height=\"225\" srcset=\"https:\/\/consejoderectores.cl\/wp-content\/uploads\/2024\/11\/seminario-4-300x225.jpeg 300w, https:\/\/consejoderectores.cl\/wp-content\/uploads\/2024\/11\/seminario-4-1024x768.jpeg 1024w, https:\/\/consejoderectores.cl\/wp-content\/uploads\/2024\/11\/seminario-4-768x576.jpeg 768w, https:\/\/consejoderectores.cl\/wp-content\/uploads\/2024\/11\/seminario-4-1536x1152.jpeg 1536w, https:\/\/consejoderectores.cl\/wp-content\/uploads\/2024\/11\/seminario-4-16x12.jpeg 16w, https:\/\/consejoderectores.cl\/wp-content\/uploads\/2024\/11\/seminario-4-320x240.jpeg 320w, https:\/\/consejoderectores.cl\/wp-content\/uploads\/2024\/11\/seminario-4-480x360.jpeg 480w, https:\/\/consejoderectores.cl\/wp-content\/uploads\/2024\/11\/seminario-4-800x600.jpeg 800w, https:\/\/consejoderectores.cl\/wp-content\/uploads\/2024\/11\/seminario-4-848x636.jpeg 848w, https:\/\/consejoderectores.cl\/wp-content\/uploads\/2024\/11\/seminario-4-1140x855.jpeg 1140w, https:\/\/consejoderectores.cl\/wp-content\/uploads\/2024\/11\/seminario-4-1170x878.jpeg 1170w, https:\/\/consejoderectores.cl\/wp-content\/uploads\/2024\/11\/seminario-4.jpeg 1600w\" sizes=\"auto, (max-width: 300px) 100vw, 300px\" \/>The seminar, which was attended by representatives from various diplomatic departments in Chile, multilateral organizations, university communities and members of CRUCH commissions, featured two outstanding presentations: one by Brenda Garc\u00eda, Public Relations Coordinator for Cultural Affairs and Education at the United States Consulate in Monterrey and former Director of Internationalization Projects at the University of Monterrey; and the other by Hellmut Lagos, Minister Counselor of the Foreign Service and Director of DECYTI.<\/p>\n<p>Garc\u00eda, who has numerous certifications in the area of intercultural skills and international education from North American and European institutions, presented the paper &quot;Internationalization as a determining factor for the success of scientific diplomacy.&quot;.<\/p>\n<p>In her view, this area is not sufficiently developed in Latin America and is relevant because, as the expert pointed out, &quot;scientific diplomacy is the bridge that connects the diplomatic and scientific communities, allowing international cooperation in education and science to solve global problems.&quot; Therefore, she argued that it is necessary to fund research in this field, professionalize the profiles and requirements for diplomats, and take other necessary actions.<\/p>\n<p><img loading=\"lazy\" decoding=\"async\" class=\"size-medium wp-image-12027 alignright\" src=\"https:\/\/consejoderectores.cl\/wp-content\/uploads\/2024\/11\/seminario3-300x216.jpeg\" alt=\"\" width=\"300\" height=\"216\" srcset=\"https:\/\/consejoderectores.cl\/wp-content\/uploads\/2024\/11\/seminario3-300x216.jpeg 300w, https:\/\/consejoderectores.cl\/wp-content\/uploads\/2024\/11\/seminario3-1024x738.jpeg 1024w, https:\/\/consejoderectores.cl\/wp-content\/uploads\/2024\/11\/seminario3-768x553.jpeg 768w, https:\/\/consejoderectores.cl\/wp-content\/uploads\/2024\/11\/seminario3-18x12.jpeg 18w, https:\/\/consejoderectores.cl\/wp-content\/uploads\/2024\/11\/seminario3-320x231.jpeg 320w, https:\/\/consejoderectores.cl\/wp-content\/uploads\/2024\/11\/seminario3-480x346.jpeg 480w, https:\/\/consejoderectores.cl\/wp-content\/uploads\/2024\/11\/seminario3-800x576.jpeg 800w, https:\/\/consejoderectores.cl\/wp-content\/uploads\/2024\/11\/seminario3-848x611.jpeg 848w, https:\/\/consejoderectores.cl\/wp-content\/uploads\/2024\/11\/seminario3-1140x821.jpeg 1140w, https:\/\/consejoderectores.cl\/wp-content\/uploads\/2024\/11\/seminario3-1170x843.jpeg 1170w, https:\/\/consejoderectores.cl\/wp-content\/uploads\/2024\/11\/seminario3.jpeg 1280w\" sizes=\"auto, (max-width: 300px) 100vw, 300px\" \/>Meanwhile, Lagos, who has served at the Chilean Embassy in Jamaica, as Consul in Rome and alternate representative to the International Atomic Energy Agency (IAEA) and other international organizations in Vienna, spoke about \u201cScientific Diplomacy and the contribution of universities to Chile\u2019s international projection,\u201d highlighting that it constitutes a strategic tool for Chile\u2019s international projection.<\/p>\n<p>\u201cThrough international collaboration in science and technology, universities play a crucial role in creating cooperation networks that drive innovation and sustainable development, as exemplified by the recent agreement with France to create the Binational Center for Artificial Intelligence,\u201d the official stated, adding that international collaboration requires \u201cthe mobility of students and professors, and the necessary participation in international networks.\u201d.<\/p>\n<p><strong>Scientific diplomacy, a driving force for development<\/strong><\/p>\n<p><img loading=\"lazy\" decoding=\"async\" class=\"size-medium wp-image-12030 alignleft\" src=\"https:\/\/consejoderectores.cl\/wp-content\/uploads\/2024\/11\/seminario-6-300x225.jpeg\" alt=\"\" width=\"300\" height=\"225\" srcset=\"https:\/\/consejoderectores.cl\/wp-content\/uploads\/2024\/11\/seminario-6-300x225.jpeg 300w, https:\/\/consejoderectores.cl\/wp-content\/uploads\/2024\/11\/seminario-6-1024x768.jpeg 1024w, https:\/\/consejoderectores.cl\/wp-content\/uploads\/2024\/11\/seminario-6-768x576.jpeg 768w, https:\/\/consejoderectores.cl\/wp-content\/uploads\/2024\/11\/seminario-6-1536x1152.jpeg 1536w, https:\/\/consejoderectores.cl\/wp-content\/uploads\/2024\/11\/seminario-6-2048x1536.jpeg 2048w, https:\/\/consejoderectores.cl\/wp-content\/uploads\/2024\/11\/seminario-6-16x12.jpeg 16w, https:\/\/consejoderectores.cl\/wp-content\/uploads\/2024\/11\/seminario-6-320x240.jpeg 320w, https:\/\/consejoderectores.cl\/wp-content\/uploads\/2024\/11\/seminario-6-480x360.jpeg 480w, https:\/\/consejoderectores.cl\/wp-content\/uploads\/2024\/11\/seminario-6-800x600.jpeg 800w, https:\/\/consejoderectores.cl\/wp-content\/uploads\/2024\/11\/seminario-6-848x636.jpeg 848w, https:\/\/consejoderectores.cl\/wp-content\/uploads\/2024\/11\/seminario-6-1140x855.jpeg 1140w, https:\/\/consejoderectores.cl\/wp-content\/uploads\/2024\/11\/seminario-6-1170x878.jpeg 1170w, https:\/\/consejoderectores.cl\/wp-content\/uploads\/2024\/11\/seminario-6-1920x1440.jpeg 1920w\" sizes=\"auto, (max-width: 300px) 100vw, 300px\" \/>Following the presentations, a panel discussion was held in which two best practice experiences from CRUCH universities were shared, and the scope and key aspects of science diplomacy were analyzed.<\/p>\n<p>Participants included Brenda Garc\u00eda, Hellmut Lagos, and the directors of international relations from the University of O&#039;Higgins (UOH), Carla Guti\u00e9rrez, and the Federico Santa Mar\u00eda Technical University (UTFSM), Lydia Droegemueller. The moderator was Rosario D\u00edaz, director of international relations at the University of the Andes and acting president of the CRUCH Internationalization Commission.<\/p>\n<p>The UOH&#039;s experience focused on scientific cooperation with Japan, regarding which Carla Guti\u00e9rrez noted that the government-academia alliance has been fundamental in fostering scientific collaboration between countries. On the other hand, based on the UTFSM&#039;s case studies, Lydia Droegemueller emphasized that scientific diplomacy, in addition to strengthening international cooperation in science and technology and enabling the resolution of global problems, also enhances the quality of education.<\/p>\n<p>In general terms, there was agreement that science diplomacy is a crucial driver for the development of innovative solutions, knowledge transfer, and the creation of international collaborative networks.<\/p>\n<p><strong>Workshop for building alliances<\/strong><\/p>\n<p>That same afternoon, the workshop &quot;Coffee Shop: Building Global Alliances from Science and Academia&quot; took place, bringing together representatives from CRUCH universities, diplomatic personnel, and students from the Andr\u00e9s Bello Diplomatic Academy of Chile (ACADE). The workshop&#039;s objective was to foster dialogue between university internationalization managers and diplomatic actors, promoting the creation of networks that drive international scientific and academic cooperation, strengthening the global standing of Chilean universities and their capacity to address shared global challenges.<\/p>\n<p>During the activity, participants divided into four groups, led by two officials from DECYTI, a representative from the CRUCH General Secretariat, and the international guest, Brenda Garc\u00eda. Each group discussed the expectations of the stakeholders, the challenges facing each sector, and ways to build bridges that facilitate greater collaboration.<\/p>\n<p>The participation of diplomats in training proved key, as it allowed them to become familiar with the work carried out by the international relations offices (ORI) of the CRUCH universities.<\/p>\n<p>One of the main conclusions was the need to leverage the existing relationship between the Ministry of Foreign Affairs (MINREL) and the Council of Rectors of Chilean Universities (CRUCH) to strengthen cooperation between the two institutions. Furthermore, it was emphasized that this initiative paves the way for a more aligned strategy focused on international development priorities, both in research and in the comprehensive work of the International Relations Offices (ORI). This joint and aligned effort can contribute to projecting a more consolidated image of Chile as a &quot;country brand&quot; abroad, enhancing its global impact.<\/p>","protected":false},"excerpt":{"rendered":"<p>En el seminario \u201cDiplomacia Cient\u00edfica: Abriendo Caminos para la Internacionalizaci\u00f3n de la Educaci\u00f3n Superior\u201d, organizado por el CRUCH y el Ministerio de Relaciones Exteriores, expertas y expertos internacionales y autoridades universitarias reflexionaron sobre el papel fundamental de la ciencia y la tecnolog\u00eda en la cooperaci\u00f3n global y la internacionalizaci\u00f3n de las universidades chilenas. La secretaria [&hellip;]<\/p>\n","protected":false},"author":1,"featured_media":12023,"comment_status":"open","ping_status":"open","sticky":false,"template":"","format":"standard","meta":{"_acf_changed":false,"footnotes":""},"categories":[3,13],"tags":[],"class_list":["post-12022","post","type-post","status-publish","format-standard","has-post-thumbnail","hentry","category-noticias","category-noticias-carrusel"],"acf":[],"yoast_head":"<!-- This site is optimized with the Yoast SEO plugin v27.1.1 - https:\/\/yoast.com\/product\/yoast-seo-wordpress\/ -->\n<title>CRUCH y MINREL fortalecen proyecci\u00f3n internacional de universidades mediante la diplomacia cient\u00edfica - Consejo de Rectoras y Rectores de las Universidades Chilenas<\/title>\n<meta name=\"robots\" content=\"index, follow, max-snippet:-1, max-image-preview:large, max-video-preview:-1\" \/>\n<link rel=\"canonical\" href=\"https:\/\/consejoderectores.cl\/en\/2024\/11\/27\/cruch-y-minrel-fortalecen-proyeccion-internacional-de-universidades-mediante-la-diplomacia-cientifica\/\" \/>\n<meta property=\"og:locale\" content=\"en_US\" \/>\n<meta property=\"og:type\" content=\"article\" \/>\n<meta property=\"og:title\" content=\"CRUCH y MINREL fortalecen proyecci\u00f3n internacional de universidades mediante la diplomacia cient\u00edfica - Consejo de Rectoras y Rectores de las Universidades Chilenas\" \/>\n<meta property=\"og:description\" content=\"En el seminario \u201cDiplomacia Cient\u00edfica: Abriendo Caminos para la Internacionalizaci\u00f3n de la Educaci\u00f3n Superior\u201d, organizado por el CRUCH y el Ministerio de Relaciones Exteriores, expertas y expertos internacionales y autoridades universitarias reflexionaron sobre el papel fundamental de la ciencia y la tecnolog\u00eda en la cooperaci\u00f3n global y la internacionalizaci\u00f3n de las universidades chilenas. La secretaria [&hellip;]\" \/>\n<meta property=\"og:url\" content=\"https:\/\/consejoderectores.cl\/en\/2024\/11\/27\/cruch-y-minrel-fortalecen-proyeccion-internacional-de-universidades-mediante-la-diplomacia-cientifica\/\" \/>\n<meta property=\"og:site_name\" content=\"Consejo de Rectoras y Rectores de las Universidades Chilenas\" \/>\n<meta property=\"article:published_time\" content=\"2024-11-27T19:12:13+00:00\" \/>\n<meta property=\"article:modified_time\" content=\"2024-11-27T19:22:49+00:00\" \/>\n<meta property=\"og:image\" content=\"https:\/\/consejoderectores.cl\/wp-content\/uploads\/2024\/11\/Internacionalizacion_portada-e1732734798293.jpeg\" \/>\n\t<meta property=\"og:image:width\" content=\"1280\" \/>\n\t<meta property=\"og:image:height\" content=\"691\" \/>\n\t<meta property=\"og:image:type\" content=\"image\/jpeg\" \/>\n<meta name=\"author\" content=\"Consejo de Rectores de las Universidades Chilenas\" \/>\n<meta name=\"twitter:card\" content=\"summary_large_image\" \/>\n<meta name=\"twitter:creator\" content=\"@CRUCH_cl\" \/>\n<meta name=\"twitter:site\" content=\"@CRUCH_cl\" \/>\n<meta name=\"twitter:label1\" content=\"Written by\" \/>\n\t<meta name=\"twitter:data1\" content=\"Consejo de Rectores de las Universidades Chilenas\" \/>\n\t<meta name=\"twitter:label2\" content=\"Est. reading time\" \/>\n\t<meta name=\"twitter:data2\" content=\"8 minutes\" \/>\n<script type=\"application\/ld+json\" class=\"yoast-schema-graph\">{\"@context\":\"https:\/\/schema.org\",\"@graph\":[{\"@type\":\"Article\",\"@id\":\"https:\/\/consejoderectores.cl\/2024\/11\/27\/cruch-y-minrel-fortalecen-proyeccion-internacional-de-universidades-mediante-la-diplomacia-cientifica\/#article\",\"isPartOf\":{\"@id\":\"https:\/\/consejoderectores.cl\/2024\/11\/27\/cruch-y-minrel-fortalecen-proyeccion-internacional-de-universidades-mediante-la-diplomacia-cientifica\/\"},\"author\":{\"name\":\"Consejo de Rectores de las Universidades Chilenas\",\"@id\":\"https:\/\/consejoderectores.cl\/en\/#\/schema\/person\/d863e44afde067fd4b57fac66ced709e\"},\"headline\":\"CRUCH y MINREL fortalecen proyecci\u00f3n internacional de universidades mediante la diplomacia cient\u00edfica\",\"datePublished\":\"2024-11-27T19:12:13+00:00\",\"dateModified\":\"2024-11-27T19:22:49+00:00\",\"mainEntityOfPage\":{\"@id\":\"https:\/\/consejoderectores.cl\/2024\/11\/27\/cruch-y-minrel-fortalecen-proyeccion-internacional-de-universidades-mediante-la-diplomacia-cientifica\/\"},\"wordCount\":1652,\"commentCount\":0,\"publisher\":{\"@id\":\"https:\/\/consejoderectores.cl\/en\/#organization\"},\"image\":{\"@id\":\"https:\/\/consejoderectores.cl\/2024\/11\/27\/cruch-y-minrel-fortalecen-proyeccion-internacional-de-universidades-mediante-la-diplomacia-cientifica\/#primaryimage\"},\"thumbnailUrl\":\"https:\/\/consejoderectores.cl\/wp-content\/uploads\/2024\/11\/Internacionalizacion_portada-e1732734798293.jpeg\",\"articleSection\":[\"Noticias\",\"Noticias Carrusel\"],\"inLanguage\":\"en-US\",\"potentialAction\":[{\"@type\":\"CommentAction\",\"name\":\"Comment\",\"target\":[\"https:\/\/consejoderectores.cl\/2024\/11\/27\/cruch-y-minrel-fortalecen-proyeccion-internacional-de-universidades-mediante-la-diplomacia-cientifica\/#respond\"]}]},{\"@type\":\"WebPage\",\"@id\":\"https:\/\/consejoderectores.cl\/2024\/11\/27\/cruch-y-minrel-fortalecen-proyeccion-internacional-de-universidades-mediante-la-diplomacia-cientifica\/\",\"url\":\"https:\/\/consejoderectores.cl\/2024\/11\/27\/cruch-y-minrel-fortalecen-proyeccion-internacional-de-universidades-mediante-la-diplomacia-cientifica\/\",\"name\":\"CRUCH y MINREL fortalecen proyecci\u00f3n internacional de universidades mediante la diplomacia cient\u00edfica - Consejo de Rectoras y Rectores de las Universidades Chilenas\",\"isPartOf\":{\"@id\":\"https:\/\/consejoderectores.cl\/en\/#website\"},\"primaryImageOfPage\":{\"@id\":\"https:\/\/consejoderectores.cl\/2024\/11\/27\/cruch-y-minrel-fortalecen-proyeccion-internacional-de-universidades-mediante-la-diplomacia-cientifica\/#primaryimage\"},\"image\":{\"@id\":\"https:\/\/consejoderectores.cl\/2024\/11\/27\/cruch-y-minrel-fortalecen-proyeccion-internacional-de-universidades-mediante-la-diplomacia-cientifica\/#primaryimage\"},\"thumbnailUrl\":\"https:\/\/consejoderectores.cl\/wp-content\/uploads\/2024\/11\/Internacionalizacion_portada-e1732734798293.jpeg\",\"datePublished\":\"2024-11-27T19:12:13+00:00\",\"dateModified\":\"2024-11-27T19:22:49+00:00\",\"breadcrumb\":{\"@id\":\"https:\/\/consejoderectores.cl\/2024\/11\/27\/cruch-y-minrel-fortalecen-proyeccion-internacional-de-universidades-mediante-la-diplomacia-cientifica\/#breadcrumb\"},\"inLanguage\":\"en-US\",\"potentialAction\":[{\"@type\":\"ReadAction\",\"target\":[\"https:\/\/consejoderectores.cl\/2024\/11\/27\/cruch-y-minrel-fortalecen-proyeccion-internacional-de-universidades-mediante-la-diplomacia-cientifica\/\"]}]},{\"@type\":\"ImageObject\",\"inLanguage\":\"en-US\",\"@id\":\"https:\/\/consejoderectores.cl\/2024\/11\/27\/cruch-y-minrel-fortalecen-proyeccion-internacional-de-universidades-mediante-la-diplomacia-cientifica\/#primaryimage\",\"url\":\"https:\/\/consejoderectores.cl\/wp-content\/uploads\/2024\/11\/Internacionalizacion_portada-e1732734798293.jpeg\",\"contentUrl\":\"https:\/\/consejoderectores.cl\/wp-content\/uploads\/2024\/11\/Internacionalizacion_portada-e1732734798293.jpeg\",\"width\":1280,\"height\":691},{\"@type\":\"BreadcrumbList\",\"@id\":\"https:\/\/consejoderectores.cl\/2024\/11\/27\/cruch-y-minrel-fortalecen-proyeccion-internacional-de-universidades-mediante-la-diplomacia-cientifica\/#breadcrumb\",\"itemListElement\":[{\"@type\":\"ListItem\",\"position\":1,\"name\":\"Home\",\"item\":\"https:\/\/consejoderectores.cl\/\"},{\"@type\":\"ListItem\",\"position\":2,\"name\":\"CRUCH y MINREL fortalecen proyecci\u00f3n internacional de universidades mediante la diplomacia cient\u00edfica\"}]},{\"@type\":\"WebSite\",\"@id\":\"https:\/\/consejoderectores.cl\/en\/#website\",\"url\":\"https:\/\/consejoderectores.cl\/en\/\",\"name\":\"Consejo de Rectoras y Rectores de las Universidades Chilenas\",\"description\":\"\",\"publisher\":{\"@id\":\"https:\/\/consejoderectores.cl\/en\/#organization\"},\"potentialAction\":[{\"@type\":\"SearchAction\",\"target\":{\"@type\":\"EntryPoint\",\"urlTemplate\":\"https:\/\/consejoderectores.cl\/en\/?s={search_term_string}\"},\"query-input\":{\"@type\":\"PropertyValueSpecification\",\"valueRequired\":true,\"valueName\":\"search_term_string\"}}],\"inLanguage\":\"en-US\"},{\"@type\":\"Organization\",\"@id\":\"https:\/\/consejoderectores.cl\/en\/#organization\",\"name\":\"Consejo de Rectoras y Rectores de las Universidades Chilenas\",\"url\":\"https:\/\/consejoderectores.cl\/en\/\",\"logo\":{\"@type\":\"ImageObject\",\"inLanguage\":\"en-US\",\"@id\":\"https:\/\/consejoderectores.cl\/en\/#\/schema\/logo\/image\/\",\"url\":\"https:\/\/consejoderectores.cl\/wp-content\/uploads\/2025\/12\/logoheader_2025.png\",\"contentUrl\":\"https:\/\/consejoderectores.cl\/wp-content\/uploads\/2025\/12\/logoheader_2025.png\",\"width\":666,\"height\":305,\"caption\":\"Consejo de Rectoras y Rectores de las Universidades Chilenas\"},\"image\":{\"@id\":\"https:\/\/consejoderectores.cl\/en\/#\/schema\/logo\/image\/\"},\"sameAs\":[\"https:\/\/x.com\/CRUCH_cl\",\"https:\/\/www.instagram.com\/consejoderectores\/\",\"https:\/\/www.linkedin.com\/company\/cruch\/\",\"https:\/\/www.youtube.com\/channel\/UCzgIFRCsDlKoFpimiQmEaOA\"]},{\"@type\":\"Person\",\"@id\":\"https:\/\/consejoderectores.cl\/en\/#\/schema\/person\/d863e44afde067fd4b57fac66ced709e\",\"name\":\"Consejo de Rectores de las Universidades Chilenas\",\"image\":{\"@type\":\"ImageObject\",\"inLanguage\":\"en-US\",\"@id\":\"https:\/\/consejoderectores.cl\/en\/#\/schema\/person\/image\/\",\"url\":\"https:\/\/secure.gravatar.com\/avatar\/c31e2a02401f041926afb8ee21ab666f0925814fe85d25a5c8db80e23722dfc1?s=96&d=mm&r=g\",\"contentUrl\":\"https:\/\/secure.gravatar.com\/avatar\/c31e2a02401f041926afb8ee21ab666f0925814fe85d25a5c8db80e23722dfc1?s=96&d=mm&r=g\",\"caption\":\"Consejo de Rectores de las Universidades Chilenas\"},\"sameAs\":[\"https:\/\/www.consejoderectores.cl\"],\"url\":\"https:\/\/consejoderectores.cl\/en\/author\/cruch\/\"}]}<\/script>\n<!-- \/ Yoast SEO plugin. -->","yoast_head_json":{"title":"CRUCH y MINREL fortalecen proyecci\u00f3n internacional de universidades mediante la diplomacia cient\u00edfica - Consejo de Rectoras y Rectores de las Universidades Chilenas","robots":{"index":"index","follow":"follow","max-snippet":"max-snippet:-1","max-image-preview":"max-image-preview:large","max-video-preview":"max-video-preview:-1"},"canonical":"https:\/\/consejoderectores.cl\/en\/2024\/11\/27\/cruch-y-minrel-fortalecen-proyeccion-internacional-de-universidades-mediante-la-diplomacia-cientifica\/","og_locale":"en_US","og_type":"article","og_title":"CRUCH y MINREL fortalecen proyecci\u00f3n internacional de universidades mediante la diplomacia cient\u00edfica - Consejo de Rectoras y Rectores de las Universidades Chilenas","og_description":"En el seminario \u201cDiplomacia Cient\u00edfica: Abriendo Caminos para la Internacionalizaci\u00f3n de la Educaci\u00f3n Superior\u201d, organizado por el CRUCH y el Ministerio de Relaciones Exteriores, expertas y expertos internacionales y autoridades universitarias reflexionaron sobre el papel fundamental de la ciencia y la tecnolog\u00eda en la cooperaci\u00f3n global y la internacionalizaci\u00f3n de las universidades chilenas. La secretaria [&hellip;]","og_url":"https:\/\/consejoderectores.cl\/en\/2024\/11\/27\/cruch-y-minrel-fortalecen-proyeccion-internacional-de-universidades-mediante-la-diplomacia-cientifica\/","og_site_name":"Consejo de Rectoras y Rectores de las Universidades Chilenas","article_published_time":"2024-11-27T19:12:13+00:00","article_modified_time":"2024-11-27T19:22:49+00:00","og_image":[{"width":1280,"height":691,"url":"https:\/\/consejoderectores.cl\/wp-content\/uploads\/2024\/11\/Internacionalizacion_portada-e1732734798293.jpeg","type":"image\/jpeg"}],"author":"Consejo de Rectores de las Universidades Chilenas","twitter_card":"summary_large_image","twitter_creator":"@CRUCH_cl","twitter_site":"@CRUCH_cl","twitter_misc":{"Written by":"Consejo de Rectores de las Universidades Chilenas","Est. reading time":"8 minutes"},"schema":{"@context":"https:\/\/schema.org","@graph":[{"@type":"Article","@id":"https:\/\/consejoderectores.cl\/2024\/11\/27\/cruch-y-minrel-fortalecen-proyeccion-internacional-de-universidades-mediante-la-diplomacia-cientifica\/#article","isPartOf":{"@id":"https:\/\/consejoderectores.cl\/2024\/11\/27\/cruch-y-minrel-fortalecen-proyeccion-internacional-de-universidades-mediante-la-diplomacia-cientifica\/"},"author":{"name":"Consejo de Rectores de las Universidades Chilenas","@id":"https:\/\/consejoderectores.cl\/en\/#\/schema\/person\/d863e44afde067fd4b57fac66ced709e"},"headline":"CRUCH y MINREL fortalecen proyecci\u00f3n internacional de universidades mediante la diplomacia cient\u00edfica","datePublished":"2024-11-27T19:12:13+00:00","dateModified":"2024-11-27T19:22:49+00:00","mainEntityOfPage":{"@id":"https:\/\/consejoderectores.cl\/2024\/11\/27\/cruch-y-minrel-fortalecen-proyeccion-internacional-de-universidades-mediante-la-diplomacia-cientifica\/"},"wordCount":1652,"commentCount":0,"publisher":{"@id":"https:\/\/consejoderectores.cl\/en\/#organization"},"image":{"@id":"https:\/\/consejoderectores.cl\/2024\/11\/27\/cruch-y-minrel-fortalecen-proyeccion-internacional-de-universidades-mediante-la-diplomacia-cientifica\/#primaryimage"},"thumbnailUrl":"https:\/\/consejoderectores.cl\/wp-content\/uploads\/2024\/11\/Internacionalizacion_portada-e1732734798293.jpeg","articleSection":["Noticias","Noticias Carrusel"],"inLanguage":"en-US","potentialAction":[{"@type":"CommentAction","name":"Comment","target":["https:\/\/consejoderectores.cl\/2024\/11\/27\/cruch-y-minrel-fortalecen-proyeccion-internacional-de-universidades-mediante-la-diplomacia-cientifica\/#respond"]}]},{"@type":"WebPage","@id":"https:\/\/consejoderectores.cl\/2024\/11\/27\/cruch-y-minrel-fortalecen-proyeccion-internacional-de-universidades-mediante-la-diplomacia-cientifica\/","url":"https:\/\/consejoderectores.cl\/2024\/11\/27\/cruch-y-minrel-fortalecen-proyeccion-internacional-de-universidades-mediante-la-diplomacia-cientifica\/","name":"CRUCH y MINREL fortalecen proyecci\u00f3n internacional de universidades mediante la diplomacia cient\u00edfica - Consejo de Rectoras y Rectores de las Universidades Chilenas","isPartOf":{"@id":"https:\/\/consejoderectores.cl\/en\/#website"},"primaryImageOfPage":{"@id":"https:\/\/consejoderectores.cl\/2024\/11\/27\/cruch-y-minrel-fortalecen-proyeccion-internacional-de-universidades-mediante-la-diplomacia-cientifica\/#primaryimage"},"image":{"@id":"https:\/\/consejoderectores.cl\/2024\/11\/27\/cruch-y-minrel-fortalecen-proyeccion-internacional-de-universidades-mediante-la-diplomacia-cientifica\/#primaryimage"},"thumbnailUrl":"https:\/\/consejoderectores.cl\/wp-content\/uploads\/2024\/11\/Internacionalizacion_portada-e1732734798293.jpeg","datePublished":"2024-11-27T19:12:13+00:00","dateModified":"2024-11-27T19:22:49+00:00","breadcrumb":{"@id":"https:\/\/consejoderectores.cl\/2024\/11\/27\/cruch-y-minrel-fortalecen-proyeccion-internacional-de-universidades-mediante-la-diplomacia-cientifica\/#breadcrumb"},"inLanguage":"en-US","potentialAction":[{"@type":"ReadAction","target":["https:\/\/consejoderectores.cl\/2024\/11\/27\/cruch-y-minrel-fortalecen-proyeccion-internacional-de-universidades-mediante-la-diplomacia-cientifica\/"]}]},{"@type":"ImageObject","inLanguage":"en-US","@id":"https:\/\/consejoderectores.cl\/2024\/11\/27\/cruch-y-minrel-fortalecen-proyeccion-internacional-de-universidades-mediante-la-diplomacia-cientifica\/#primaryimage","url":"https:\/\/consejoderectores.cl\/wp-content\/uploads\/2024\/11\/Internacionalizacion_portada-e1732734798293.jpeg","contentUrl":"https:\/\/consejoderectores.cl\/wp-content\/uploads\/2024\/11\/Internacionalizacion_portada-e1732734798293.jpeg","width":1280,"height":691},{"@type":"BreadcrumbList","@id":"https:\/\/consejoderectores.cl\/2024\/11\/27\/cruch-y-minrel-fortalecen-proyeccion-internacional-de-universidades-mediante-la-diplomacia-cientifica\/#breadcrumb","itemListElement":[{"@type":"ListItem","position":1,"name":"Home","item":"https:\/\/consejoderectores.cl\/"},{"@type":"ListItem","position":2,"name":"CRUCH y MINREL fortalecen proyecci\u00f3n internacional de universidades mediante la diplomacia cient\u00edfica"}]},{"@type":"WebSite","@id":"https:\/\/consejoderectores.cl\/en\/#website","url":"https:\/\/consejoderectores.cl\/en\/","name":"Council of Rectors of Chilean Universities","description":"","publisher":{"@id":"https:\/\/consejoderectores.cl\/en\/#organization"},"potentialAction":[{"@type":"SearchAction","target":{"@type":"EntryPoint","urlTemplate":"https:\/\/consejoderectores.cl\/en\/?s={search_term_string}"},"query-input":{"@type":"PropertyValueSpecification","valueRequired":true,"valueName":"search_term_string"}}],"inLanguage":"en-US"},{"@type":"Organization","@id":"https:\/\/consejoderectores.cl\/en\/#organization","name":"Council of Rectors of Chilean Universities","url":"https:\/\/consejoderectores.cl\/en\/","logo":{"@type":"ImageObject","inLanguage":"en-US","@id":"https:\/\/consejoderectores.cl\/en\/#\/schema\/logo\/image\/","url":"https:\/\/consejoderectores.cl\/wp-content\/uploads\/2025\/12\/logoheader_2025.png","contentUrl":"https:\/\/consejoderectores.cl\/wp-content\/uploads\/2025\/12\/logoheader_2025.png","width":666,"height":305,"caption":"Consejo de Rectoras y Rectores de las Universidades Chilenas"},"image":{"@id":"https:\/\/consejoderectores.cl\/en\/#\/schema\/logo\/image\/"},"sameAs":["https:\/\/x.com\/CRUCH_cl","https:\/\/www.instagram.com\/consejoderectores\/","https:\/\/www.linkedin.com\/company\/cruch\/","https:\/\/www.youtube.com\/channel\/UCzgIFRCsDlKoFpimiQmEaOA"]},{"@type":"Person","@id":"https:\/\/consejoderectores.cl\/en\/#\/schema\/person\/d863e44afde067fd4b57fac66ced709e","name":"Council of Rectors of Chilean Universities","image":{"@type":"ImageObject","inLanguage":"en-US","@id":"https:\/\/consejoderectores.cl\/en\/#\/schema\/person\/image\/","url":"https:\/\/secure.gravatar.com\/avatar\/c31e2a02401f041926afb8ee21ab666f0925814fe85d25a5c8db80e23722dfc1?s=96&d=mm&r=g","contentUrl":"https:\/\/secure.gravatar.com\/avatar\/c31e2a02401f041926afb8ee21ab666f0925814fe85d25a5c8db80e23722dfc1?s=96&d=mm&r=g","caption":"Consejo de Rectores de las Universidades Chilenas"},"sameAs":["https:\/\/www.consejoderectores.cl"],"url":"https:\/\/consejoderectores.cl\/en\/author\/cruch\/"}]}},"_links":{"self":[{"href":"https:\/\/consejoderectores.cl\/en\/wp-json\/wp\/v2\/posts\/12022","targetHints":{"allow":["GET"]}}],"collection":[{"href":"https:\/\/consejoderectores.cl\/en\/wp-json\/wp\/v2\/posts"}],"about":[{"href":"https:\/\/consejoderectores.cl\/en\/wp-json\/wp\/v2\/types\/post"}],"author":[{"embeddable":true,"href":"https:\/\/consejoderectores.cl\/en\/wp-json\/wp\/v2\/users\/1"}],"replies":[{"embeddable":true,"href":"https:\/\/consejoderectores.cl\/en\/wp-json\/wp\/v2\/comments?post=12022"}],"version-history":[{"count":3,"href":"https:\/\/consejoderectores.cl\/en\/wp-json\/wp\/v2\/posts\/12022\/revisions"}],"predecessor-version":[{"id":12032,"href":"https:\/\/consejoderectores.cl\/en\/wp-json\/wp\/v2\/posts\/12022\/revisions\/12032"}],"wp:featuredmedia":[{"embeddable":true,"href":"https:\/\/consejoderectores.cl\/en\/wp-json\/wp\/v2\/media\/12023"}],"wp:attachment":[{"href":"https:\/\/consejoderectores.cl\/en\/wp-json\/wp\/v2\/media?parent=12022"}],"wp:term":[{"taxonomy":"category","embeddable":true,"href":"https:\/\/consejoderectores.cl\/en\/wp-json\/wp\/v2\/categories?post=12022"},{"taxonomy":"post_tag","embeddable":true,"href":"https:\/\/consejoderectores.cl\/en\/wp-json\/wp\/v2\/tags?post=12022"}],"curies":[{"name":"wp","href":"https:\/\/api.w.org\/{rel}","templated":true}]}}