{"id":1197,"date":"2012-09-20T00:00:00","date_gmt":"2012-09-20T00:00:00","guid":{"rendered":""},"modified":"2022-01-23T18:28:10","modified_gmt":"2022-01-23T18:28:10","slug":"603c6d8072096","status":"publish","type":"post","link":"https:\/\/consejoderectores.cl\/en\/2012\/09\/20\/603c6d8072096\/","title":{"rendered":"National Awards 2012 stay again at the CRUCH"},"content":{"rendered":"<blockquote><p>Two graduates and three academics from institutions of the Council of Rectors received awards this year in Literature, Musical Arts, History, Natural Sciences and Applied and Technological Sciences.<\/p><\/blockquote>\n<p>As has become customary in Chile, most national awards, with very few exceptions, belong in some way to the universities of the Council of Rectors, either as academics or students, contributing in many cases to their educational institutions with research and essential contributions to the formation of knowledge that benefit both the universities and the development of the country.<\/p>\n<p>This year, 2012, was no exception, and the awards were given, as is customary, to alumni or current faculty members of the universities belonging to the Council of Rectors. In Literature, the award went to the poet Oscar Hahn, who earned his degree in Spanish from the University of Chile, Arica campus, now the University of Tarapac\u00e1. In Musical Arts, the renowned conductor and founder of the Philharmonic Orchestra, Juan Pablo Izquierdo, was the winner. He also completed his undergraduate studies at the University of Chile, where he studied composition.<\/p>\n<p>The other three awards presented this year went to academics from CRUCH universities. The History award was given to Jorge Pinto Rodr\u00edguez, an academic from the University of La Frontera; the Natural Sciences award to Bernab\u00e9 Santelices, a biologist and professor at the Catholic University of Chile; and the Applied and Technological Sciences award to Ricardo Uauy-Dagach, an academic from the University of Chile recognized for his extensive career as head of the Institute of Nutrition and Food Technology (INTA) at the University of Chile.<\/p>\n<p>Throughout the years in the history of the national awards, the list is long and the names that are added are endless, increasing the pride of being part, as the Council of Rectors, of the genesis and subsequent development of the best creators and researchers that the country has and has had, contributing in a transcendent way to the national culture in the development of their specific fields and with the objective of increasing the cultural heritage of the country and inserting Chile into the Knowledge Society.<\/p>\n<p>Although naming them all would be impossible, some notable recent examples include, for instance, in Journalism, Juan Pablo C\u00e1rdenas (2005), Faride Zer\u00e1n (2007), Mar\u00eda Olivia Monckeberg (2009), and Sergio Campos (2011), all distinguished academics at the Institute of Communication and Image at the University of Chile. In Education, there are the prominent academics from the Catholic University of Chile, Erika Himmel K\u00f6nig (2011) and Mabel Condemar\u00edn (2003), and Professor Mario Leyton Soto (2009) of the Master&#039;s Program in Education at the University of Santiago (USACH). In Applied Sciences and Technologies, Fernando Monckeberg Barros (1998), Chilean surgeon, Doctor of Medicine specializing in nutrition, professor, researcher and economist at the University of Chile and creator of the Institute of Nutrition and Food Technology of the University of Chile (INTA) or the academic Jos\u00e9 Miguel Aguilera (2008), full professor of the Department of Chemical Engineering and Bioprocesses of the UC since 1986, and current president of the National Commission of Scientific and Technological Research (CONICYT).<\/p>","protected":false},"excerpt":{"rendered":"<p>Dos titulados y tres acad\u00e9micos de instituciones del Consejo de Rectores obtuvieron este a\u00f1o los galardones en Literatura, Artes Musicales, Historia, Ciencias Naturales y Ciencias Aplicadas y Tecnol\u00f3gicas. Como se ha vuelto habitual ya en Chile la mayor\u00eda de los premios nacionales, salvo escas\u00edsimas excepciones, pertenecen de alguna forma a las universidades del Consejo de [&hellip;]<\/p>\n","protected":false},"author":1,"featured_media":3592,"comment_status":"open","ping_status":"open","sticky":false,"template":"","format":"standard","meta":{"_acf_changed":false,"footnotes":""},"categories":[3],"tags":[],"class_list":["post-1197","post","type-post","status-publish","format-standard","has-post-thumbnail","hentry","category-noticias"],"acf":[],"yoast_head":"<!-- This site is optimized with the Yoast SEO plugin v27.1.1 - https:\/\/yoast.com\/product\/yoast-seo-wordpress\/ -->\n<title>Premios Nacionales 2012 se quedan otra vez en el CRUCH - Consejo de Rectoras y Rectores de las Universidades Chilenas<\/title>\n<meta name=\"robots\" content=\"index, follow, max-snippet:-1, max-image-preview:large, max-video-preview:-1\" \/>\n<link rel=\"canonical\" href=\"https:\/\/consejoderectores.cl\/en\/2012\/09\/20\/603c6d8072096\/\" \/>\n<meta property=\"og:locale\" content=\"en_US\" \/>\n<meta property=\"og:type\" content=\"article\" \/>\n<meta property=\"og:title\" content=\"Premios Nacionales 2012 se quedan otra vez en el CRUCH - Consejo de Rectoras y Rectores de las Universidades Chilenas\" \/>\n<meta property=\"og:description\" content=\"Dos titulados y tres acad\u00e9micos de instituciones del Consejo de Rectores obtuvieron este a\u00f1o los galardones en Literatura, Artes Musicales, Historia, Ciencias Naturales y Ciencias Aplicadas y Tecnol\u00f3gicas. Como se ha vuelto habitual ya en Chile la mayor\u00eda de los premios nacionales, salvo escas\u00edsimas excepciones, pertenecen de alguna forma a las universidades del Consejo de [&hellip;]\" \/>\n<meta property=\"og:url\" content=\"https:\/\/consejoderectores.cl\/en\/2012\/09\/20\/603c6d8072096\/\" \/>\n<meta property=\"og:site_name\" content=\"Consejo de Rectoras y Rectores de las Universidades Chilenas\" \/>\n<meta property=\"article:published_time\" content=\"2012-09-20T00:00:00+00:00\" \/>\n<meta property=\"article:modified_time\" content=\"2022-01-23T18:28:10+00:00\" \/>\n<meta property=\"og:image\" content=\"https:\/\/consejoderectores.cl\/wp-content\/uploads\/2021\/10\/declaraciones-publicas.jpg\" \/>\n\t<meta property=\"og:image:width\" content=\"1024\" \/>\n\t<meta property=\"og:image:height\" content=\"500\" \/>\n\t<meta property=\"og:image:type\" content=\"image\/jpeg\" \/>\n<meta name=\"author\" content=\"Consejo de Rectores de las Universidades Chilenas\" \/>\n<meta name=\"twitter:card\" content=\"summary_large_image\" \/>\n<meta name=\"twitter:creator\" content=\"@CRUCH_cl\" \/>\n<meta name=\"twitter:site\" content=\"@CRUCH_cl\" \/>\n<meta name=\"twitter:label1\" content=\"Written by\" \/>\n\t<meta name=\"twitter:data1\" content=\"Consejo de Rectores de las Universidades Chilenas\" \/>\n\t<meta name=\"twitter:label2\" content=\"Est. reading time\" \/>\n\t<meta name=\"twitter:data2\" content=\"3 minutes\" \/>\n<script type=\"application\/ld+json\" class=\"yoast-schema-graph\">{\"@context\":\"https:\/\/schema.org\",\"@graph\":[{\"@type\":\"Article\",\"@id\":\"https:\/\/consejoderectores.cl\/2012\/09\/20\/603c6d8072096\/#article\",\"isPartOf\":{\"@id\":\"https:\/\/consejoderectores.cl\/2012\/09\/20\/603c6d8072096\/\"},\"author\":{\"name\":\"Consejo de Rectores de las Universidades Chilenas\",\"@id\":\"https:\/\/consejoderectores.cl\/en\/#\/schema\/person\/d863e44afde067fd4b57fac66ced709e\"},\"headline\":\"Premios Nacionales 2012 se quedan otra vez en el CRUCH\",\"datePublished\":\"2012-09-20T00:00:00+00:00\",\"dateModified\":\"2022-01-23T18:28:10+00:00\",\"mainEntityOfPage\":{\"@id\":\"https:\/\/consejoderectores.cl\/2012\/09\/20\/603c6d8072096\/\"},\"wordCount\":565,\"commentCount\":0,\"publisher\":{\"@id\":\"https:\/\/consejoderectores.cl\/en\/#organization\"},\"image\":{\"@id\":\"https:\/\/consejoderectores.cl\/2012\/09\/20\/603c6d8072096\/#primaryimage\"},\"thumbnailUrl\":\"https:\/\/consejoderectores.cl\/wp-content\/uploads\/2021\/10\/declaraciones-publicas.jpg\",\"articleSection\":[\"Noticias\"],\"inLanguage\":\"en-US\",\"potentialAction\":[{\"@type\":\"CommentAction\",\"name\":\"Comment\",\"target\":[\"https:\/\/consejoderectores.cl\/2012\/09\/20\/603c6d8072096\/#respond\"]}]},{\"@type\":\"WebPage\",\"@id\":\"https:\/\/consejoderectores.cl\/2012\/09\/20\/603c6d8072096\/\",\"url\":\"https:\/\/consejoderectores.cl\/2012\/09\/20\/603c6d8072096\/\",\"name\":\"Premios Nacionales 2012 se quedan otra vez en el CRUCH - Consejo de Rectoras y Rectores de las Universidades Chilenas\",\"isPartOf\":{\"@id\":\"https:\/\/consejoderectores.cl\/en\/#website\"},\"primaryImageOfPage\":{\"@id\":\"https:\/\/consejoderectores.cl\/2012\/09\/20\/603c6d8072096\/#primaryimage\"},\"image\":{\"@id\":\"https:\/\/consejoderectores.cl\/2012\/09\/20\/603c6d8072096\/#primaryimage\"},\"thumbnailUrl\":\"https:\/\/consejoderectores.cl\/wp-content\/uploads\/2021\/10\/declaraciones-publicas.jpg\",\"datePublished\":\"2012-09-20T00:00:00+00:00\",\"dateModified\":\"2022-01-23T18:28:10+00:00\",\"breadcrumb\":{\"@id\":\"https:\/\/consejoderectores.cl\/2012\/09\/20\/603c6d8072096\/#breadcrumb\"},\"inLanguage\":\"en-US\",\"potentialAction\":[{\"@type\":\"ReadAction\",\"target\":[\"https:\/\/consejoderectores.cl\/2012\/09\/20\/603c6d8072096\/\"]}]},{\"@type\":\"ImageObject\",\"inLanguage\":\"en-US\",\"@id\":\"https:\/\/consejoderectores.cl\/2012\/09\/20\/603c6d8072096\/#primaryimage\",\"url\":\"https:\/\/consejoderectores.cl\/wp-content\/uploads\/2021\/10\/declaraciones-publicas.jpg\",\"contentUrl\":\"https:\/\/consejoderectores.cl\/wp-content\/uploads\/2021\/10\/declaraciones-publicas.jpg\",\"width\":1024,\"height\":500},{\"@type\":\"BreadcrumbList\",\"@id\":\"https:\/\/consejoderectores.cl\/2012\/09\/20\/603c6d8072096\/#breadcrumb\",\"itemListElement\":[{\"@type\":\"ListItem\",\"position\":1,\"name\":\"Home\",\"item\":\"https:\/\/consejoderectores.cl\/\"},{\"@type\":\"ListItem\",\"position\":2,\"name\":\"Premios Nacionales 2012 se quedan otra vez en el CRUCH\"}]},{\"@type\":\"WebSite\",\"@id\":\"https:\/\/consejoderectores.cl\/en\/#website\",\"url\":\"https:\/\/consejoderectores.cl\/en\/\",\"name\":\"Consejo de Rectoras y Rectores de las Universidades Chilenas\",\"description\":\"\",\"publisher\":{\"@id\":\"https:\/\/consejoderectores.cl\/en\/#organization\"},\"potentialAction\":[{\"@type\":\"SearchAction\",\"target\":{\"@type\":\"EntryPoint\",\"urlTemplate\":\"https:\/\/consejoderectores.cl\/en\/?s={search_term_string}\"},\"query-input\":{\"@type\":\"PropertyValueSpecification\",\"valueRequired\":true,\"valueName\":\"search_term_string\"}}],\"inLanguage\":\"en-US\"},{\"@type\":\"Organization\",\"@id\":\"https:\/\/consejoderectores.cl\/en\/#organization\",\"name\":\"Consejo de Rectoras y Rectores de las Universidades Chilenas\",\"url\":\"https:\/\/consejoderectores.cl\/en\/\",\"logo\":{\"@type\":\"ImageObject\",\"inLanguage\":\"en-US\",\"@id\":\"https:\/\/consejoderectores.cl\/en\/#\/schema\/logo\/image\/\",\"url\":\"https:\/\/consejoderectores.cl\/wp-content\/uploads\/2025\/12\/logoheader_2025.png\",\"contentUrl\":\"https:\/\/consejoderectores.cl\/wp-content\/uploads\/2025\/12\/logoheader_2025.png\",\"width\":666,\"height\":305,\"caption\":\"Consejo de Rectoras y Rectores de las Universidades Chilenas\"},\"image\":{\"@id\":\"https:\/\/consejoderectores.cl\/en\/#\/schema\/logo\/image\/\"},\"sameAs\":[\"https:\/\/x.com\/CRUCH_cl\",\"https:\/\/www.instagram.com\/consejoderectores\/\",\"https:\/\/www.linkedin.com\/company\/cruch\/\",\"https:\/\/www.youtube.com\/channel\/UCzgIFRCsDlKoFpimiQmEaOA\"]},{\"@type\":\"Person\",\"@id\":\"https:\/\/consejoderectores.cl\/en\/#\/schema\/person\/d863e44afde067fd4b57fac66ced709e\",\"name\":\"Consejo de Rectores de las Universidades Chilenas\",\"image\":{\"@type\":\"ImageObject\",\"inLanguage\":\"en-US\",\"@id\":\"https:\/\/consejoderectores.cl\/en\/#\/schema\/person\/image\/\",\"url\":\"https:\/\/secure.gravatar.com\/avatar\/c31e2a02401f041926afb8ee21ab666f0925814fe85d25a5c8db80e23722dfc1?s=96&d=mm&r=g\",\"contentUrl\":\"https:\/\/secure.gravatar.com\/avatar\/c31e2a02401f041926afb8ee21ab666f0925814fe85d25a5c8db80e23722dfc1?s=96&d=mm&r=g\",\"caption\":\"Consejo de Rectores de las Universidades Chilenas\"},\"sameAs\":[\"https:\/\/www.consejoderectores.cl\"],\"url\":\"https:\/\/consejoderectores.cl\/en\/author\/cruch\/\"}]}<\/script>\n<!-- \/ Yoast SEO plugin. -->","yoast_head_json":{"title":"Premios Nacionales 2012 se quedan otra vez en el CRUCH - Consejo de Rectoras y Rectores de las Universidades Chilenas","robots":{"index":"index","follow":"follow","max-snippet":"max-snippet:-1","max-image-preview":"max-image-preview:large","max-video-preview":"max-video-preview:-1"},"canonical":"https:\/\/consejoderectores.cl\/en\/2012\/09\/20\/603c6d8072096\/","og_locale":"en_US","og_type":"article","og_title":"Premios Nacionales 2012 se quedan otra vez en el CRUCH - Consejo de Rectoras y Rectores de las Universidades Chilenas","og_description":"Dos titulados y tres acad\u00e9micos de instituciones del Consejo de Rectores obtuvieron este a\u00f1o los galardones en Literatura, Artes Musicales, Historia, Ciencias Naturales y Ciencias Aplicadas y Tecnol\u00f3gicas. Como se ha vuelto habitual ya en Chile la mayor\u00eda de los premios nacionales, salvo escas\u00edsimas excepciones, pertenecen de alguna forma a las universidades del Consejo de [&hellip;]","og_url":"https:\/\/consejoderectores.cl\/en\/2012\/09\/20\/603c6d8072096\/","og_site_name":"Consejo de Rectoras y Rectores de las Universidades Chilenas","article_published_time":"2012-09-20T00:00:00+00:00","article_modified_time":"2022-01-23T18:28:10+00:00","og_image":[{"width":1024,"height":500,"url":"https:\/\/consejoderectores.cl\/wp-content\/uploads\/2021\/10\/declaraciones-publicas.jpg","type":"image\/jpeg"}],"author":"Consejo de Rectores de las Universidades Chilenas","twitter_card":"summary_large_image","twitter_creator":"@CRUCH_cl","twitter_site":"@CRUCH_cl","twitter_misc":{"Written by":"Consejo de Rectores de las Universidades Chilenas","Est. reading time":"3 minutes"},"schema":{"@context":"https:\/\/schema.org","@graph":[{"@type":"Article","@id":"https:\/\/consejoderectores.cl\/2012\/09\/20\/603c6d8072096\/#article","isPartOf":{"@id":"https:\/\/consejoderectores.cl\/2012\/09\/20\/603c6d8072096\/"},"author":{"name":"Consejo de Rectores de las Universidades Chilenas","@id":"https:\/\/consejoderectores.cl\/en\/#\/schema\/person\/d863e44afde067fd4b57fac66ced709e"},"headline":"Premios Nacionales 2012 se quedan otra vez en el CRUCH","datePublished":"2012-09-20T00:00:00+00:00","dateModified":"2022-01-23T18:28:10+00:00","mainEntityOfPage":{"@id":"https:\/\/consejoderectores.cl\/2012\/09\/20\/603c6d8072096\/"},"wordCount":565,"commentCount":0,"publisher":{"@id":"https:\/\/consejoderectores.cl\/en\/#organization"},"image":{"@id":"https:\/\/consejoderectores.cl\/2012\/09\/20\/603c6d8072096\/#primaryimage"},"thumbnailUrl":"https:\/\/consejoderectores.cl\/wp-content\/uploads\/2021\/10\/declaraciones-publicas.jpg","articleSection":["Noticias"],"inLanguage":"en-US","potentialAction":[{"@type":"CommentAction","name":"Comment","target":["https:\/\/consejoderectores.cl\/2012\/09\/20\/603c6d8072096\/#respond"]}]},{"@type":"WebPage","@id":"https:\/\/consejoderectores.cl\/2012\/09\/20\/603c6d8072096\/","url":"https:\/\/consejoderectores.cl\/2012\/09\/20\/603c6d8072096\/","name":"Premios Nacionales 2012 se quedan otra vez en el CRUCH - Consejo de Rectoras y Rectores de las Universidades Chilenas","isPartOf":{"@id":"https:\/\/consejoderectores.cl\/en\/#website"},"primaryImageOfPage":{"@id":"https:\/\/consejoderectores.cl\/2012\/09\/20\/603c6d8072096\/#primaryimage"},"image":{"@id":"https:\/\/consejoderectores.cl\/2012\/09\/20\/603c6d8072096\/#primaryimage"},"thumbnailUrl":"https:\/\/consejoderectores.cl\/wp-content\/uploads\/2021\/10\/declaraciones-publicas.jpg","datePublished":"2012-09-20T00:00:00+00:00","dateModified":"2022-01-23T18:28:10+00:00","breadcrumb":{"@id":"https:\/\/consejoderectores.cl\/2012\/09\/20\/603c6d8072096\/#breadcrumb"},"inLanguage":"en-US","potentialAction":[{"@type":"ReadAction","target":["https:\/\/consejoderectores.cl\/2012\/09\/20\/603c6d8072096\/"]}]},{"@type":"ImageObject","inLanguage":"en-US","@id":"https:\/\/consejoderectores.cl\/2012\/09\/20\/603c6d8072096\/#primaryimage","url":"https:\/\/consejoderectores.cl\/wp-content\/uploads\/2021\/10\/declaraciones-publicas.jpg","contentUrl":"https:\/\/consejoderectores.cl\/wp-content\/uploads\/2021\/10\/declaraciones-publicas.jpg","width":1024,"height":500},{"@type":"BreadcrumbList","@id":"https:\/\/consejoderectores.cl\/2012\/09\/20\/603c6d8072096\/#breadcrumb","itemListElement":[{"@type":"ListItem","position":1,"name":"Home","item":"https:\/\/consejoderectores.cl\/"},{"@type":"ListItem","position":2,"name":"Premios Nacionales 2012 se quedan otra vez en el CRUCH"}]},{"@type":"WebSite","@id":"https:\/\/consejoderectores.cl\/en\/#website","url":"https:\/\/consejoderectores.cl\/en\/","name":"Council of Rectors of Chilean Universities","description":"","publisher":{"@id":"https:\/\/consejoderectores.cl\/en\/#organization"},"potentialAction":[{"@type":"SearchAction","target":{"@type":"EntryPoint","urlTemplate":"https:\/\/consejoderectores.cl\/en\/?s={search_term_string}"},"query-input":{"@type":"PropertyValueSpecification","valueRequired":true,"valueName":"search_term_string"}}],"inLanguage":"en-US"},{"@type":"Organization","@id":"https:\/\/consejoderectores.cl\/en\/#organization","name":"Council of Rectors of Chilean Universities","url":"https:\/\/consejoderectores.cl\/en\/","logo":{"@type":"ImageObject","inLanguage":"en-US","@id":"https:\/\/consejoderectores.cl\/en\/#\/schema\/logo\/image\/","url":"https:\/\/consejoderectores.cl\/wp-content\/uploads\/2025\/12\/logoheader_2025.png","contentUrl":"https:\/\/consejoderectores.cl\/wp-content\/uploads\/2025\/12\/logoheader_2025.png","width":666,"height":305,"caption":"Consejo de Rectoras y Rectores de las Universidades Chilenas"},"image":{"@id":"https:\/\/consejoderectores.cl\/en\/#\/schema\/logo\/image\/"},"sameAs":["https:\/\/x.com\/CRUCH_cl","https:\/\/www.instagram.com\/consejoderectores\/","https:\/\/www.linkedin.com\/company\/cruch\/","https:\/\/www.youtube.com\/channel\/UCzgIFRCsDlKoFpimiQmEaOA"]},{"@type":"Person","@id":"https:\/\/consejoderectores.cl\/en\/#\/schema\/person\/d863e44afde067fd4b57fac66ced709e","name":"Council of Rectors of Chilean Universities","image":{"@type":"ImageObject","inLanguage":"en-US","@id":"https:\/\/consejoderectores.cl\/en\/#\/schema\/person\/image\/","url":"https:\/\/secure.gravatar.com\/avatar\/c31e2a02401f041926afb8ee21ab666f0925814fe85d25a5c8db80e23722dfc1?s=96&d=mm&r=g","contentUrl":"https:\/\/secure.gravatar.com\/avatar\/c31e2a02401f041926afb8ee21ab666f0925814fe85d25a5c8db80e23722dfc1?s=96&d=mm&r=g","caption":"Consejo de Rectores de las Universidades Chilenas"},"sameAs":["https:\/\/www.consejoderectores.cl"],"url":"https:\/\/consejoderectores.cl\/en\/author\/cruch\/"}]}},"_links":{"self":[{"href":"https:\/\/consejoderectores.cl\/en\/wp-json\/wp\/v2\/posts\/1197","targetHints":{"allow":["GET"]}}],"collection":[{"href":"https:\/\/consejoderectores.cl\/en\/wp-json\/wp\/v2\/posts"}],"about":[{"href":"https:\/\/consejoderectores.cl\/en\/wp-json\/wp\/v2\/types\/post"}],"author":[{"embeddable":true,"href":"https:\/\/consejoderectores.cl\/en\/wp-json\/wp\/v2\/users\/1"}],"replies":[{"embeddable":true,"href":"https:\/\/consejoderectores.cl\/en\/wp-json\/wp\/v2\/comments?post=1197"}],"version-history":[{"count":2,"href":"https:\/\/consejoderectores.cl\/en\/wp-json\/wp\/v2\/posts\/1197\/revisions"}],"predecessor-version":[{"id":5874,"href":"https:\/\/consejoderectores.cl\/en\/wp-json\/wp\/v2\/posts\/1197\/revisions\/5874"}],"wp:featuredmedia":[{"embeddable":true,"href":"https:\/\/consejoderectores.cl\/en\/wp-json\/wp\/v2\/media\/3592"}],"wp:attachment":[{"href":"https:\/\/consejoderectores.cl\/en\/wp-json\/wp\/v2\/media?parent=1197"}],"wp:term":[{"taxonomy":"category","embeddable":true,"href":"https:\/\/consejoderectores.cl\/en\/wp-json\/wp\/v2\/categories?post=1197"},{"taxonomy":"post_tag","embeddable":true,"href":"https:\/\/consejoderectores.cl\/en\/wp-json\/wp\/v2\/tags?post=1197"}],"curies":[{"name":"wp","href":"https:\/\/api.w.org\/{rel}","templated":true}]}}