{"id":11954,"date":"2024-10-29T19:58:20","date_gmt":"2024-10-29T19:58:20","guid":{"rendered":"https:\/\/consejoderectores.cl\/?p=11954"},"modified":"2024-10-29T20:02:16","modified_gmt":"2024-10-29T20:02:16","slug":"pdl-presupuestos-2025-cruch-propone-modificaciones-a-partidas-de-educacion-superior-y-ctci","status":"publish","type":"post","link":"https:\/\/consejoderectores.cl\/en\/2024\/10\/29\/pdl-presupuestos-2025-cruch-propone-modificaciones-a-partidas-de-educacion-superior-y-ctci\/","title":{"rendered":"PDL Budgets 2025: CRUCH proposes modifications to Higher Education and Science, Technology, and Innovation budget items"},"content":{"rendered":"<blockquote><p>The rector of the University of Chile, Rosa Dev\u00e9s; the rector of the Catholic University, Ignacio S\u00e1nchez; and the executive vice president of the Council of Rectors of Chilean Universities (CRUCH), Emilio Rodr\u00edguez; expressed their concern about the budget for universities.<\/p>\n<p>Rather than additional resources, CRUCH proposes a restructuring that prioritizes investment in research and development, inclusion policies, and the strengthening of institutional capacities, guaranteeing the continuity of essential functions.<\/p><\/blockquote>\n<p>In the lead-up to the discussion of the budget for the Ministry of Science, Technology, Knowledge and Innovation, scheduled for tomorrow, Wednesday, October 30, in the Fourth Joint Subcommittee on Budgets, the rectors of the CRUCH have stated that, while they value the creation of the Structural Financing Fund for University Research, Development and Innovation (FIU), the amounts currently allocated are insufficient to effectively cover the needs they seek to address.<\/p>\n<p>\u201cWe are deeply concerned about the 2025 budget proposal, particularly in the area of science, technology, knowledge, and innovation, given that there is a presidential announcement, a presidential promise made within the framework of the CRUCH&#039;s 70th anniversary, and we cannot see how it is being implemented, since the budget basically shows zero growth,\u201d said Emilio Rodr\u00edguez, Executive Vice President of the Council of Rectors of Chilean Universities and Rector of the University of Tarapac\u00e1.<\/p>\n<p>\u201cIn the last year, Chile showed an investment in research and development equivalent to 0.391% of its Gross Domestic Product, a figure that is still very low within the context of OECD countries and is even surpassed by other countries in the Latin American region. However, despite this limited investment in research and development, the academic productivity of research, development, and innovation, and the impact it generates on society, is very high\u2014among the highest in Latin America. Therefore, it is not surprising that Chilean universities are among the best in the most important rankings in our Latin American region,\u201d argued Rodr\u00edguez.<\/p>\n<p>The rector of the University of Chile, Rosa Dev\u00e9s, agreed that the budget is very worrying, since \u201cin addition to representing a decrease in resources for institutional strengthening, especially for public education, it does not include the resources announced to promote scientific research.\u201d Furthermore, she observed a contradiction between the rhetoric and the budget proposal. \u201cThis becomes clear when we review the promise made when creating the University R&amp;D&amp;I Structural Financing Program, when it was stated that this program would guarantee funds for &#039;research relevant at the regional and global levels, complementing the project-based funding model.&#039; What we see in the budget is that this promise has not been fulfilled, and one must ask what vision for the country lies behind this decision,\u2018 stated Rector Dev\u00e9s.<\/p>\n<p>For his part, the rector of the Catholic University, Ignacio S\u00e1nchez, stated that \u201cwe have been surprised that the increases resulting from the new University Research Fund, which we consider very appropriate, also reduce or decrease contributions to the Research Fund through the FONDEQUIP fund for new scientific and technological equipment implementation. We believe this is inappropriate because it is disrupting a long-standing competition that universities rely on for their technological implementation.\u201d.<\/p>\n<p>The competitive fund for technological equipment (FONDEQUIP) shows a significant decrease, of 36,87%, equivalent to M$5,894,303. In this sense, when considering all the budget lines directed to higher education, a compensation of resources is observed, instead of a real increase.<\/p>\n<p>Given this scenario, &quot;we ask that any increase in the science budget not be, of course, at the expense of competitions that are already established,&quot; said Rector S\u00e1nchez.<\/p>\n<p>Finally, Rodr\u00edguez stated that \u201cif Chile wants to make a qualitative leap in competitiveness in the coming years, the key is to invest in research, development, innovation, strengthening existing programs, creating new programs, but without neglecting existing ones, and this commitment will have consequences in the medium and long term.\u201d.<\/p>\n<p><strong>Other concerns of the CRUCH<\/strong><\/p>\n<p>Regarding the budget for Higher Education, the executive vice president of the Council emphasized that \u201cultimately, it has no additional commitment to strengthening the institutions of the CRUCH universities, which are those institutions that have a strong public vocation and some of them are also part of the patrimony of the State of Chile.\u201d.<\/p>\n<p>Along the same lines, Rector Ignacio S\u00e1nchez emphasized that \u201cthere is a complete stagnation of the Higher Education budget. We, from the universities, understand that the country is going through a complex situation, but we also understand that the priority of investing in science and education, at all levels, should always be very high in government planning and proposals, because if a State policy is on the path of persistent investment, however small it may be, that increase will accumulate, and what we see is that, more than an increase, it is a standstill, which we find serious.\u201d.<\/p>\n<p>According to Rodr\u00edguez, \u201cwhat this budget does is strengthen a demand-based financing model,\u201d adding that \u201csome signs of strengthening research and institutions were expected, but these do not exist, and of course, they leave the system in a situation of not having enough support to face the challenges that society implies in the current terms.\u201d.<\/p>\n<p><strong>CRUCH proposals<\/strong><\/p>\n<p>The Council of Rectors of Chilean Universities (CRUCH) believes it is necessary to reject the current proposal in order to introduce modifications that will allow the budget to be adjusted to the strategic challenges facing the nation and the higher education system. Rather than additional resources, a restructuring is proposed that prioritizes investment in research and development, inclusion policies, and the strengthening of institutional capacities, while guaranteeing the continuity of essential functions.<\/p>\n<p>This proposal aims to raise the limits on the use of surplus funds from the University Solidarity Credit Fund (FSCU) to 45% of the annual flow and 50% of accumulated surpluses, allowing universities to address additional obligations, such as infrastructure and mental health. This expansion does not require new contributions from the State, as these are the universities&#039; own funds.<\/p>\n<p>On the other hand, it is recommended that the Institutional Development Fund once again be exclusively for non-state universities belonging to the CRUCH (Council of Rectors of Chilean Universities), in recognition of their public role. Currently, the fund is competitive and open to all non-state institutions.<\/p>\n<p>In this context, the rector of the Catholic University, Ignacio S\u00e1nchez, explained that \u201cwe understand that the State has to support its institutions, we have always been very much in agreement with this, however, we also believe and agree that this support should never be at the expense of traditional universities which, without belonging to the State, are carrying out work in support of the development of public Higher Education for students, delivering new knowledge and generating new values for all communities, throughout Chile.\u201d.<\/p>\n<p>Finally, in relation to FONDEQUIP, it is proposed to replenish this fund, essential for the renewal of scientific and technological equipment, with reallocations that do not mean losses in the historical and essential funds for universities.<\/p>\n<p><strong>Text:<\/strong> CRUCH Communications.<\/p>\n<p><strong>Photo:<\/strong> Carlos Figueroa Rojas \u2013 Own work, CC BY-SA 4.0, https:\/\/commons.wikimedia.org\/w\/index.php?curid=137606610<\/p>","protected":false},"excerpt":{"rendered":"<p>La rectora de la UChile, Rosa Dev\u00e9s; el rector de la UC, Ignacio S\u00e1nchez; y el vicepresidente ejecutivo del CRUCH, Emilio Rodr\u00edguez; expresaron su preocupaci\u00f3n por el presupuesto para las universidades. M\u00e1s que recursos adicionales, el CRUCH propone una reestructuraci\u00f3n que priorice la inversi\u00f3n en investigaci\u00f3n y desarrollo, las pol\u00edticas de inclusi\u00f3n, y el fortalecimiento [&hellip;]<\/p>\n","protected":false},"author":1,"featured_media":11955,"comment_status":"open","ping_status":"open","sticky":false,"template":"","format":"standard","meta":{"_acf_changed":false,"footnotes":""},"categories":[3,13],"tags":[],"class_list":["post-11954","post","type-post","status-publish","format-standard","has-post-thumbnail","hentry","category-noticias","category-noticias-carrusel"],"acf":[],"yoast_head":"<!-- This site is optimized with the Yoast SEO plugin v27.1.1 - https:\/\/yoast.com\/product\/yoast-seo-wordpress\/ -->\n<title>PDL Presupuestos 2025: CRUCH propone modificaciones a partidas de Educaci\u00f3n Superior y CTCI - Consejo de Rectoras y Rectores de las Universidades Chilenas<\/title>\n<meta name=\"robots\" content=\"index, follow, max-snippet:-1, max-image-preview:large, max-video-preview:-1\" \/>\n<link rel=\"canonical\" href=\"https:\/\/consejoderectores.cl\/en\/2024\/10\/29\/pdl-presupuestos-2025-cruch-propone-modificaciones-a-partidas-de-educacion-superior-y-ctci\/\" \/>\n<meta property=\"og:locale\" content=\"en_US\" \/>\n<meta property=\"og:type\" content=\"article\" \/>\n<meta property=\"og:title\" content=\"PDL Presupuestos 2025: CRUCH propone modificaciones a partidas de Educaci\u00f3n Superior y CTCI - Consejo de Rectoras y Rectores de las Universidades Chilenas\" \/>\n<meta property=\"og:description\" content=\"La rectora de la UChile, Rosa Dev\u00e9s; el rector de la UC, Ignacio S\u00e1nchez; y el vicepresidente ejecutivo del CRUCH, Emilio Rodr\u00edguez; expresaron su preocupaci\u00f3n por el presupuesto para las universidades. M\u00e1s que recursos adicionales, el CRUCH propone una reestructuraci\u00f3n que priorice la inversi\u00f3n en investigaci\u00f3n y desarrollo, las pol\u00edticas de inclusi\u00f3n, y el fortalecimiento [&hellip;]\" \/>\n<meta property=\"og:url\" content=\"https:\/\/consejoderectores.cl\/en\/2024\/10\/29\/pdl-presupuestos-2025-cruch-propone-modificaciones-a-partidas-de-educacion-superior-y-ctci\/\" \/>\n<meta property=\"og:site_name\" content=\"Consejo de Rectoras y Rectores de las Universidades Chilenas\" \/>\n<meta property=\"article:published_time\" content=\"2024-10-29T19:58:20+00:00\" \/>\n<meta property=\"article:modified_time\" content=\"2024-10-29T20:02:16+00:00\" \/>\n<meta property=\"og:image\" content=\"https:\/\/consejoderectores.cl\/wp-content\/uploads\/2024\/10\/Captura-de-pantalla-2024-10-29-a-las-16.44.59-1024x431.png\" \/>\n\t<meta property=\"og:image:width\" content=\"1024\" \/>\n\t<meta property=\"og:image:height\" content=\"431\" \/>\n\t<meta property=\"og:image:type\" content=\"image\/png\" \/>\n<meta name=\"author\" content=\"Consejo de Rectores de las Universidades Chilenas\" \/>\n<meta name=\"twitter:card\" content=\"summary_large_image\" \/>\n<meta name=\"twitter:creator\" content=\"@CRUCH_cl\" \/>\n<meta name=\"twitter:site\" content=\"@CRUCH_cl\" \/>\n<meta name=\"twitter:label1\" content=\"Written by\" \/>\n\t<meta name=\"twitter:data1\" content=\"Consejo de Rectores de las Universidades Chilenas\" \/>\n\t<meta name=\"twitter:label2\" content=\"Est. reading time\" \/>\n\t<meta name=\"twitter:data2\" content=\"6 minutes\" \/>\n<script type=\"application\/ld+json\" class=\"yoast-schema-graph\">{\"@context\":\"https:\/\/schema.org\",\"@graph\":[{\"@type\":\"Article\",\"@id\":\"https:\/\/consejoderectores.cl\/2024\/10\/29\/pdl-presupuestos-2025-cruch-propone-modificaciones-a-partidas-de-educacion-superior-y-ctci\/#article\",\"isPartOf\":{\"@id\":\"https:\/\/consejoderectores.cl\/2024\/10\/29\/pdl-presupuestos-2025-cruch-propone-modificaciones-a-partidas-de-educacion-superior-y-ctci\/\"},\"author\":{\"name\":\"Consejo de Rectores de las Universidades Chilenas\",\"@id\":\"https:\/\/consejoderectores.cl\/en\/#\/schema\/person\/d863e44afde067fd4b57fac66ced709e\"},\"headline\":\"PDL Presupuestos 2025: CRUCH propone modificaciones a partidas de Educaci\u00f3n Superior y CTCI\",\"datePublished\":\"2024-10-29T19:58:20+00:00\",\"dateModified\":\"2024-10-29T20:02:16+00:00\",\"mainEntityOfPage\":{\"@id\":\"https:\/\/consejoderectores.cl\/2024\/10\/29\/pdl-presupuestos-2025-cruch-propone-modificaciones-a-partidas-de-educacion-superior-y-ctci\/\"},\"wordCount\":1410,\"commentCount\":0,\"publisher\":{\"@id\":\"https:\/\/consejoderectores.cl\/en\/#organization\"},\"image\":{\"@id\":\"https:\/\/consejoderectores.cl\/2024\/10\/29\/pdl-presupuestos-2025-cruch-propone-modificaciones-a-partidas-de-educacion-superior-y-ctci\/#primaryimage\"},\"thumbnailUrl\":\"https:\/\/consejoderectores.cl\/wp-content\/uploads\/2024\/10\/Captura-de-pantalla-2024-10-29-a-las-16.44.59.png\",\"articleSection\":[\"Noticias\",\"Noticias Carrusel\"],\"inLanguage\":\"en-US\",\"potentialAction\":[{\"@type\":\"CommentAction\",\"name\":\"Comment\",\"target\":[\"https:\/\/consejoderectores.cl\/2024\/10\/29\/pdl-presupuestos-2025-cruch-propone-modificaciones-a-partidas-de-educacion-superior-y-ctci\/#respond\"]}]},{\"@type\":\"WebPage\",\"@id\":\"https:\/\/consejoderectores.cl\/2024\/10\/29\/pdl-presupuestos-2025-cruch-propone-modificaciones-a-partidas-de-educacion-superior-y-ctci\/\",\"url\":\"https:\/\/consejoderectores.cl\/2024\/10\/29\/pdl-presupuestos-2025-cruch-propone-modificaciones-a-partidas-de-educacion-superior-y-ctci\/\",\"name\":\"PDL Presupuestos 2025: CRUCH propone modificaciones a partidas de Educaci\u00f3n Superior y CTCI - Consejo de Rectoras y Rectores de las Universidades Chilenas\",\"isPartOf\":{\"@id\":\"https:\/\/consejoderectores.cl\/en\/#website\"},\"primaryImageOfPage\":{\"@id\":\"https:\/\/consejoderectores.cl\/2024\/10\/29\/pdl-presupuestos-2025-cruch-propone-modificaciones-a-partidas-de-educacion-superior-y-ctci\/#primaryimage\"},\"image\":{\"@id\":\"https:\/\/consejoderectores.cl\/2024\/10\/29\/pdl-presupuestos-2025-cruch-propone-modificaciones-a-partidas-de-educacion-superior-y-ctci\/#primaryimage\"},\"thumbnailUrl\":\"https:\/\/consejoderectores.cl\/wp-content\/uploads\/2024\/10\/Captura-de-pantalla-2024-10-29-a-las-16.44.59.png\",\"datePublished\":\"2024-10-29T19:58:20+00:00\",\"dateModified\":\"2024-10-29T20:02:16+00:00\",\"breadcrumb\":{\"@id\":\"https:\/\/consejoderectores.cl\/2024\/10\/29\/pdl-presupuestos-2025-cruch-propone-modificaciones-a-partidas-de-educacion-superior-y-ctci\/#breadcrumb\"},\"inLanguage\":\"en-US\",\"potentialAction\":[{\"@type\":\"ReadAction\",\"target\":[\"https:\/\/consejoderectores.cl\/2024\/10\/29\/pdl-presupuestos-2025-cruch-propone-modificaciones-a-partidas-de-educacion-superior-y-ctci\/\"]}]},{\"@type\":\"ImageObject\",\"inLanguage\":\"en-US\",\"@id\":\"https:\/\/consejoderectores.cl\/2024\/10\/29\/pdl-presupuestos-2025-cruch-propone-modificaciones-a-partidas-de-educacion-superior-y-ctci\/#primaryimage\",\"url\":\"https:\/\/consejoderectores.cl\/wp-content\/uploads\/2024\/10\/Captura-de-pantalla-2024-10-29-a-las-16.44.59.png\",\"contentUrl\":\"https:\/\/consejoderectores.cl\/wp-content\/uploads\/2024\/10\/Captura-de-pantalla-2024-10-29-a-las-16.44.59.png\",\"width\":2340,\"height\":986},{\"@type\":\"BreadcrumbList\",\"@id\":\"https:\/\/consejoderectores.cl\/2024\/10\/29\/pdl-presupuestos-2025-cruch-propone-modificaciones-a-partidas-de-educacion-superior-y-ctci\/#breadcrumb\",\"itemListElement\":[{\"@type\":\"ListItem\",\"position\":1,\"name\":\"Home\",\"item\":\"https:\/\/consejoderectores.cl\/\"},{\"@type\":\"ListItem\",\"position\":2,\"name\":\"PDL Presupuestos 2025: CRUCH propone modificaciones a partidas de Educaci\u00f3n Superior y CTCI\"}]},{\"@type\":\"WebSite\",\"@id\":\"https:\/\/consejoderectores.cl\/en\/#website\",\"url\":\"https:\/\/consejoderectores.cl\/en\/\",\"name\":\"Consejo de Rectoras y Rectores de las Universidades Chilenas\",\"description\":\"\",\"publisher\":{\"@id\":\"https:\/\/consejoderectores.cl\/en\/#organization\"},\"potentialAction\":[{\"@type\":\"SearchAction\",\"target\":{\"@type\":\"EntryPoint\",\"urlTemplate\":\"https:\/\/consejoderectores.cl\/en\/?s={search_term_string}\"},\"query-input\":{\"@type\":\"PropertyValueSpecification\",\"valueRequired\":true,\"valueName\":\"search_term_string\"}}],\"inLanguage\":\"en-US\"},{\"@type\":\"Organization\",\"@id\":\"https:\/\/consejoderectores.cl\/en\/#organization\",\"name\":\"Consejo de Rectoras y Rectores de las Universidades Chilenas\",\"url\":\"https:\/\/consejoderectores.cl\/en\/\",\"logo\":{\"@type\":\"ImageObject\",\"inLanguage\":\"en-US\",\"@id\":\"https:\/\/consejoderectores.cl\/en\/#\/schema\/logo\/image\/\",\"url\":\"https:\/\/consejoderectores.cl\/wp-content\/uploads\/2025\/12\/logoheader_2025.png\",\"contentUrl\":\"https:\/\/consejoderectores.cl\/wp-content\/uploads\/2025\/12\/logoheader_2025.png\",\"width\":666,\"height\":305,\"caption\":\"Consejo de Rectoras y Rectores de las Universidades Chilenas\"},\"image\":{\"@id\":\"https:\/\/consejoderectores.cl\/en\/#\/schema\/logo\/image\/\"},\"sameAs\":[\"https:\/\/x.com\/CRUCH_cl\",\"https:\/\/www.instagram.com\/consejoderectores\/\",\"https:\/\/www.linkedin.com\/company\/cruch\/\",\"https:\/\/www.youtube.com\/channel\/UCzgIFRCsDlKoFpimiQmEaOA\"]},{\"@type\":\"Person\",\"@id\":\"https:\/\/consejoderectores.cl\/en\/#\/schema\/person\/d863e44afde067fd4b57fac66ced709e\",\"name\":\"Consejo de Rectores de las Universidades Chilenas\",\"image\":{\"@type\":\"ImageObject\",\"inLanguage\":\"en-US\",\"@id\":\"https:\/\/consejoderectores.cl\/en\/#\/schema\/person\/image\/\",\"url\":\"https:\/\/secure.gravatar.com\/avatar\/c31e2a02401f041926afb8ee21ab666f0925814fe85d25a5c8db80e23722dfc1?s=96&d=mm&r=g\",\"contentUrl\":\"https:\/\/secure.gravatar.com\/avatar\/c31e2a02401f041926afb8ee21ab666f0925814fe85d25a5c8db80e23722dfc1?s=96&d=mm&r=g\",\"caption\":\"Consejo de Rectores de las Universidades Chilenas\"},\"sameAs\":[\"https:\/\/www.consejoderectores.cl\"],\"url\":\"https:\/\/consejoderectores.cl\/en\/author\/cruch\/\"}]}<\/script>\n<!-- \/ Yoast SEO plugin. -->","yoast_head_json":{"title":"PDL Presupuestos 2025: CRUCH propone modificaciones a partidas de Educaci\u00f3n Superior y CTCI - Consejo de Rectoras y Rectores de las Universidades Chilenas","robots":{"index":"index","follow":"follow","max-snippet":"max-snippet:-1","max-image-preview":"max-image-preview:large","max-video-preview":"max-video-preview:-1"},"canonical":"https:\/\/consejoderectores.cl\/en\/2024\/10\/29\/pdl-presupuestos-2025-cruch-propone-modificaciones-a-partidas-de-educacion-superior-y-ctci\/","og_locale":"en_US","og_type":"article","og_title":"PDL Presupuestos 2025: CRUCH propone modificaciones a partidas de Educaci\u00f3n Superior y CTCI - Consejo de Rectoras y Rectores de las Universidades Chilenas","og_description":"La rectora de la UChile, Rosa Dev\u00e9s; el rector de la UC, Ignacio S\u00e1nchez; y el vicepresidente ejecutivo del CRUCH, Emilio Rodr\u00edguez; expresaron su preocupaci\u00f3n por el presupuesto para las universidades. M\u00e1s que recursos adicionales, el CRUCH propone una reestructuraci\u00f3n que priorice la inversi\u00f3n en investigaci\u00f3n y desarrollo, las pol\u00edticas de inclusi\u00f3n, y el fortalecimiento [&hellip;]","og_url":"https:\/\/consejoderectores.cl\/en\/2024\/10\/29\/pdl-presupuestos-2025-cruch-propone-modificaciones-a-partidas-de-educacion-superior-y-ctci\/","og_site_name":"Consejo de Rectoras y Rectores de las Universidades Chilenas","article_published_time":"2024-10-29T19:58:20+00:00","article_modified_time":"2024-10-29T20:02:16+00:00","og_image":[{"width":1024,"height":431,"url":"https:\/\/consejoderectores.cl\/wp-content\/uploads\/2024\/10\/Captura-de-pantalla-2024-10-29-a-las-16.44.59-1024x431.png","type":"image\/png"}],"author":"Consejo de Rectores de las Universidades Chilenas","twitter_card":"summary_large_image","twitter_creator":"@CRUCH_cl","twitter_site":"@CRUCH_cl","twitter_misc":{"Written by":"Consejo de Rectores de las Universidades Chilenas","Est. reading time":"6 minutes"},"schema":{"@context":"https:\/\/schema.org","@graph":[{"@type":"Article","@id":"https:\/\/consejoderectores.cl\/2024\/10\/29\/pdl-presupuestos-2025-cruch-propone-modificaciones-a-partidas-de-educacion-superior-y-ctci\/#article","isPartOf":{"@id":"https:\/\/consejoderectores.cl\/2024\/10\/29\/pdl-presupuestos-2025-cruch-propone-modificaciones-a-partidas-de-educacion-superior-y-ctci\/"},"author":{"name":"Consejo de Rectores de las Universidades Chilenas","@id":"https:\/\/consejoderectores.cl\/en\/#\/schema\/person\/d863e44afde067fd4b57fac66ced709e"},"headline":"PDL Presupuestos 2025: CRUCH propone modificaciones a partidas de Educaci\u00f3n Superior y CTCI","datePublished":"2024-10-29T19:58:20+00:00","dateModified":"2024-10-29T20:02:16+00:00","mainEntityOfPage":{"@id":"https:\/\/consejoderectores.cl\/2024\/10\/29\/pdl-presupuestos-2025-cruch-propone-modificaciones-a-partidas-de-educacion-superior-y-ctci\/"},"wordCount":1410,"commentCount":0,"publisher":{"@id":"https:\/\/consejoderectores.cl\/en\/#organization"},"image":{"@id":"https:\/\/consejoderectores.cl\/2024\/10\/29\/pdl-presupuestos-2025-cruch-propone-modificaciones-a-partidas-de-educacion-superior-y-ctci\/#primaryimage"},"thumbnailUrl":"https:\/\/consejoderectores.cl\/wp-content\/uploads\/2024\/10\/Captura-de-pantalla-2024-10-29-a-las-16.44.59.png","articleSection":["Noticias","Noticias Carrusel"],"inLanguage":"en-US","potentialAction":[{"@type":"CommentAction","name":"Comment","target":["https:\/\/consejoderectores.cl\/2024\/10\/29\/pdl-presupuestos-2025-cruch-propone-modificaciones-a-partidas-de-educacion-superior-y-ctci\/#respond"]}]},{"@type":"WebPage","@id":"https:\/\/consejoderectores.cl\/2024\/10\/29\/pdl-presupuestos-2025-cruch-propone-modificaciones-a-partidas-de-educacion-superior-y-ctci\/","url":"https:\/\/consejoderectores.cl\/2024\/10\/29\/pdl-presupuestos-2025-cruch-propone-modificaciones-a-partidas-de-educacion-superior-y-ctci\/","name":"PDL Presupuestos 2025: CRUCH propone modificaciones a partidas de Educaci\u00f3n Superior y CTCI - Consejo de Rectoras y Rectores de las Universidades Chilenas","isPartOf":{"@id":"https:\/\/consejoderectores.cl\/en\/#website"},"primaryImageOfPage":{"@id":"https:\/\/consejoderectores.cl\/2024\/10\/29\/pdl-presupuestos-2025-cruch-propone-modificaciones-a-partidas-de-educacion-superior-y-ctci\/#primaryimage"},"image":{"@id":"https:\/\/consejoderectores.cl\/2024\/10\/29\/pdl-presupuestos-2025-cruch-propone-modificaciones-a-partidas-de-educacion-superior-y-ctci\/#primaryimage"},"thumbnailUrl":"https:\/\/consejoderectores.cl\/wp-content\/uploads\/2024\/10\/Captura-de-pantalla-2024-10-29-a-las-16.44.59.png","datePublished":"2024-10-29T19:58:20+00:00","dateModified":"2024-10-29T20:02:16+00:00","breadcrumb":{"@id":"https:\/\/consejoderectores.cl\/2024\/10\/29\/pdl-presupuestos-2025-cruch-propone-modificaciones-a-partidas-de-educacion-superior-y-ctci\/#breadcrumb"},"inLanguage":"en-US","potentialAction":[{"@type":"ReadAction","target":["https:\/\/consejoderectores.cl\/2024\/10\/29\/pdl-presupuestos-2025-cruch-propone-modificaciones-a-partidas-de-educacion-superior-y-ctci\/"]}]},{"@type":"ImageObject","inLanguage":"en-US","@id":"https:\/\/consejoderectores.cl\/2024\/10\/29\/pdl-presupuestos-2025-cruch-propone-modificaciones-a-partidas-de-educacion-superior-y-ctci\/#primaryimage","url":"https:\/\/consejoderectores.cl\/wp-content\/uploads\/2024\/10\/Captura-de-pantalla-2024-10-29-a-las-16.44.59.png","contentUrl":"https:\/\/consejoderectores.cl\/wp-content\/uploads\/2024\/10\/Captura-de-pantalla-2024-10-29-a-las-16.44.59.png","width":2340,"height":986},{"@type":"BreadcrumbList","@id":"https:\/\/consejoderectores.cl\/2024\/10\/29\/pdl-presupuestos-2025-cruch-propone-modificaciones-a-partidas-de-educacion-superior-y-ctci\/#breadcrumb","itemListElement":[{"@type":"ListItem","position":1,"name":"Home","item":"https:\/\/consejoderectores.cl\/"},{"@type":"ListItem","position":2,"name":"PDL Presupuestos 2025: CRUCH propone modificaciones a partidas de Educaci\u00f3n Superior y CTCI"}]},{"@type":"WebSite","@id":"https:\/\/consejoderectores.cl\/en\/#website","url":"https:\/\/consejoderectores.cl\/en\/","name":"Council of Rectors of Chilean Universities","description":"","publisher":{"@id":"https:\/\/consejoderectores.cl\/en\/#organization"},"potentialAction":[{"@type":"SearchAction","target":{"@type":"EntryPoint","urlTemplate":"https:\/\/consejoderectores.cl\/en\/?s={search_term_string}"},"query-input":{"@type":"PropertyValueSpecification","valueRequired":true,"valueName":"search_term_string"}}],"inLanguage":"en-US"},{"@type":"Organization","@id":"https:\/\/consejoderectores.cl\/en\/#organization","name":"Council of Rectors of Chilean Universities","url":"https:\/\/consejoderectores.cl\/en\/","logo":{"@type":"ImageObject","inLanguage":"en-US","@id":"https:\/\/consejoderectores.cl\/en\/#\/schema\/logo\/image\/","url":"https:\/\/consejoderectores.cl\/wp-content\/uploads\/2025\/12\/logoheader_2025.png","contentUrl":"https:\/\/consejoderectores.cl\/wp-content\/uploads\/2025\/12\/logoheader_2025.png","width":666,"height":305,"caption":"Consejo de Rectoras y Rectores de las Universidades Chilenas"},"image":{"@id":"https:\/\/consejoderectores.cl\/en\/#\/schema\/logo\/image\/"},"sameAs":["https:\/\/x.com\/CRUCH_cl","https:\/\/www.instagram.com\/consejoderectores\/","https:\/\/www.linkedin.com\/company\/cruch\/","https:\/\/www.youtube.com\/channel\/UCzgIFRCsDlKoFpimiQmEaOA"]},{"@type":"Person","@id":"https:\/\/consejoderectores.cl\/en\/#\/schema\/person\/d863e44afde067fd4b57fac66ced709e","name":"Council of Rectors of Chilean Universities","image":{"@type":"ImageObject","inLanguage":"en-US","@id":"https:\/\/consejoderectores.cl\/en\/#\/schema\/person\/image\/","url":"https:\/\/secure.gravatar.com\/avatar\/c31e2a02401f041926afb8ee21ab666f0925814fe85d25a5c8db80e23722dfc1?s=96&d=mm&r=g","contentUrl":"https:\/\/secure.gravatar.com\/avatar\/c31e2a02401f041926afb8ee21ab666f0925814fe85d25a5c8db80e23722dfc1?s=96&d=mm&r=g","caption":"Consejo de Rectores de las Universidades Chilenas"},"sameAs":["https:\/\/www.consejoderectores.cl"],"url":"https:\/\/consejoderectores.cl\/en\/author\/cruch\/"}]}},"_links":{"self":[{"href":"https:\/\/consejoderectores.cl\/en\/wp-json\/wp\/v2\/posts\/11954","targetHints":{"allow":["GET"]}}],"collection":[{"href":"https:\/\/consejoderectores.cl\/en\/wp-json\/wp\/v2\/posts"}],"about":[{"href":"https:\/\/consejoderectores.cl\/en\/wp-json\/wp\/v2\/types\/post"}],"author":[{"embeddable":true,"href":"https:\/\/consejoderectores.cl\/en\/wp-json\/wp\/v2\/users\/1"}],"replies":[{"embeddable":true,"href":"https:\/\/consejoderectores.cl\/en\/wp-json\/wp\/v2\/comments?post=11954"}],"version-history":[{"count":4,"href":"https:\/\/consejoderectores.cl\/en\/wp-json\/wp\/v2\/posts\/11954\/revisions"}],"predecessor-version":[{"id":11959,"href":"https:\/\/consejoderectores.cl\/en\/wp-json\/wp\/v2\/posts\/11954\/revisions\/11959"}],"wp:featuredmedia":[{"embeddable":true,"href":"https:\/\/consejoderectores.cl\/en\/wp-json\/wp\/v2\/media\/11955"}],"wp:attachment":[{"href":"https:\/\/consejoderectores.cl\/en\/wp-json\/wp\/v2\/media?parent=11954"}],"wp:term":[{"taxonomy":"category","embeddable":true,"href":"https:\/\/consejoderectores.cl\/en\/wp-json\/wp\/v2\/categories?post=11954"},{"taxonomy":"post_tag","embeddable":true,"href":"https:\/\/consejoderectores.cl\/en\/wp-json\/wp\/v2\/tags?post=11954"}],"curies":[{"name":"wp","href":"https:\/\/api.w.org\/{rel}","templated":true}]}}