{"id":11946,"date":"2024-10-25T19:30:36","date_gmt":"2024-10-25T19:30:36","guid":{"rendered":"https:\/\/consejoderectores.cl\/?p=11946"},"modified":"2024-10-25T21:06:51","modified_gmt":"2024-10-25T21:06:51","slug":"en-seminario-cruch-usm-panelistas-analizaron-claves-para-fomentar-participacion-de-mujeres-en-areas-stem","status":"publish","type":"post","link":"https:\/\/consejoderectores.cl\/en\/2024\/10\/25\/en-seminario-cruch-usm-panelistas-analizaron-claves-para-fomentar-participacion-de-mujeres-en-areas-stem\/","title":{"rendered":"At the CRUCH-USM seminar, panelists analyzed key factors for promoting women&#039;s participation in STEM fields"},"content":{"rendered":"<blockquote><p>The meeting, held at the Federico Santa Mar\u00eda Technical University as part of the Council&#039;s 70th anniversary celebrations, addressed the main challenges in gender equality, from education to the world of work.<\/p>\n<p>Text and photographs courtesy of the Federico Santa Mar\u00eda Technical University.<\/p><\/blockquote>\n<p><img loading=\"lazy\" decoding=\"async\" class=\"size-medium wp-image-11943 alignleft\" src=\"https:\/\/consejoderectores.cl\/wp-content\/uploads\/2024\/10\/Seminario-STEM-300x200.png\" alt=\"\" width=\"300\" height=\"200\" srcset=\"https:\/\/consejoderectores.cl\/wp-content\/uploads\/2024\/10\/Seminario-STEM-300x200.png 300w, https:\/\/consejoderectores.cl\/wp-content\/uploads\/2024\/10\/Seminario-STEM-1024x683.png 1024w, https:\/\/consejoderectores.cl\/wp-content\/uploads\/2024\/10\/Seminario-STEM-768x512.png 768w, https:\/\/consejoderectores.cl\/wp-content\/uploads\/2024\/10\/Seminario-STEM-18x12.png 18w, https:\/\/consejoderectores.cl\/wp-content\/uploads\/2024\/10\/Seminario-STEM-320x213.png 320w, https:\/\/consejoderectores.cl\/wp-content\/uploads\/2024\/10\/Seminario-STEM-480x320.png 480w, https:\/\/consejoderectores.cl\/wp-content\/uploads\/2024\/10\/Seminario-STEM-800x534.png 800w, https:\/\/consejoderectores.cl\/wp-content\/uploads\/2024\/10\/Seminario-STEM-848x566.png 848w, https:\/\/consejoderectores.cl\/wp-content\/uploads\/2024\/10\/Seminario-STEM-1140x760.png 1140w, https:\/\/consejoderectores.cl\/wp-content\/uploads\/2024\/10\/Seminario-STEM-1170x780.png 1170w, https:\/\/consejoderectores.cl\/wp-content\/uploads\/2024\/10\/Seminario-STEM.png 1477w\" sizes=\"auto, (max-width: 300px) 100vw, 300px\" \/>With the aim of contributing to the articulation of different sectors and promoting inclusive and successful trajectories for women in areas of science, technology, engineering and mathematics (STEM), the seminar &quot;+Women in STEM: keys to promoting equity in educational and work trajectories&quot; was held, an initiative organized within the framework of the commemoration of the 70th anniversary of the Council of Rectors of Chilean Universities (CRUCH).<\/p>\n<p>The meeting, held yesterday, Thursday, October 24, at the Valpara\u00edso Main Campus of the Federico Santa Mar\u00eda Technical University, brought together academic authorities, government representatives, and experts in the field. The objective was to analyze the challenges and strategies for promoting gender equality in STEM fields, from school education to employment.<\/p>\n<p><img loading=\"lazy\" decoding=\"async\" class=\"size-medium wp-image-11942 alignright\" src=\"https:\/\/consejoderectores.cl\/wp-content\/uploads\/2024\/10\/juan-yuz-300x200.jpeg\" alt=\"\" width=\"300\" height=\"200\" srcset=\"https:\/\/consejoderectores.cl\/wp-content\/uploads\/2024\/10\/juan-yuz-300x200.jpeg 300w, https:\/\/consejoderectores.cl\/wp-content\/uploads\/2024\/10\/juan-yuz-1024x682.jpeg 1024w, https:\/\/consejoderectores.cl\/wp-content\/uploads\/2024\/10\/juan-yuz-768x512.jpeg 768w, https:\/\/consejoderectores.cl\/wp-content\/uploads\/2024\/10\/juan-yuz-18x12.jpeg 18w, https:\/\/consejoderectores.cl\/wp-content\/uploads\/2024\/10\/juan-yuz-320x213.jpeg 320w, https:\/\/consejoderectores.cl\/wp-content\/uploads\/2024\/10\/juan-yuz-480x320.jpeg 480w, https:\/\/consejoderectores.cl\/wp-content\/uploads\/2024\/10\/juan-yuz-800x533.jpeg 800w, https:\/\/consejoderectores.cl\/wp-content\/uploads\/2024\/10\/juan-yuz-848x565.jpeg 848w, https:\/\/consejoderectores.cl\/wp-content\/uploads\/2024\/10\/juan-yuz-1140x760.jpeg 1140w, https:\/\/consejoderectores.cl\/wp-content\/uploads\/2024\/10\/juan-yuz-1170x780.jpeg 1170w, https:\/\/consejoderectores.cl\/wp-content\/uploads\/2024\/10\/juan-yuz.jpeg 1280w\" sizes=\"auto, (max-width: 300px) 100vw, 300px\" \/><\/p>\n<p>During the opening ceremony, Juan Yuz, rector of USM, highlighted the importance of the seminar and noted that &quot;science, technology, engineering, and mathematics represent a great opportunity for the country&#039;s development and are at the heart of our heritage. However, today the question is how do we encourage more women to pursue careers in these fields without feeling discriminated against or excluded from their options?&quot;.<\/p>\n<p>Yuz also emphasized the need to assume a leadership role to promote female participation. \u00abCurrently, 251% of our students are women; in the 2024 admissions cycle, we achieved 281% at the institutional level and 351% at our main campus in Valpara\u00edso. However, only 191% of our faculty are women. We must move forward with this long-overdue act of justice for our female professors and students,\u00ab the official stressed.<\/p>\n<p><strong>Ministerial work<\/strong><\/p>\n<p>For her part, Carolina Ga\u00ednza, Undersecretary of Science, Technology, Knowledge and Innovation, shared the work the ministry is doing on gender equality. &quot;We have been working on updating the National Gender Equality Policy, focusing on overcoming structural inequalities so that more women are motivated to enter STEM careers, an effort in which I know many universities are actively participating.&quot;.<\/p>\n<p>Ga\u00ednza also highlighted that the action plan includes 85 measures, more than double the number in the previous version, and that the ministry is leading 25 of them. &quot;These actions range from early childhood, where it is crucial to awaken girls&#039; curiosity, to academic and research careers, where we must guarantee their continued participation for full professional development,&quot; the undersecretary explained.<\/p>\n<p>Emilio Rodr\u00edguez, vice president of CRUCH, was also present and spoke about the importance of gender equity in higher education, commenting that &quot;there can be no quality in higher education without equity. The lack of gender equity is a major deficiency in our society and, especially, in higher education. Overcoming this deficiency involves promoting diverse opportunities and advancing in educational processes.&quot;.<\/p>\n<p><strong>Opportunities and gender equality in STEM<\/strong><\/p>\n<p>During the seminar, Alejandra Mizala, Vice-Rector of the University of Chile, presented her research on gender stereotypes in mathematics and their influence on career choices and the job market, emphasizing that &quot;it is extremely important to talk about these issues, since gender biases are unconscious in both men and women. Making these issues visible is essential for us to become aware that they are challenges we must address as a society.&quot;.<\/p>\n<p>Mizala emphasized the importance of \u201coffering equal opportunities to boys and girls at home and in school. To achieve this, teacher training is crucial, as is creating spaces at the university that promote female participation in STEM careers, guaranteeing their success in these fields.\u00bb.<\/p>\n<p>Nancy P\u00e9rez, executive director of the Institute of Clean Technologies (ITL) and director of ENAMI, shared how important these opportunities are to her. \u00abI am an engineer from the Federico Santa Mar\u00eda Technical University, and my training here was fundamental to my feeling confident. However, this confidence is not present everywhere. Women have no limitations when it comes to studying these fields, and yet, that idea is not fully established in society,\u00ab she explained.<\/p>\n<p>P\u00e9rez emphasized the importance of promoting these changes from within universities, noting that &quot;these dialogues and the importance of fostering them with the support of the Council of Rectors of Chilean Universities are extremely relevant. It is in these institutions that the professionals who will lead companies and institutions in the future are trained, and we need them to be committed to these changes as well.&quot;.<\/p>\n<p>The seminar concluded with a panel discussion moderated by Fernanda Kri, Rector of the University of O&#039;Higgins and head of the CRUCH Gender Equality Commission, which addressed key factors in promoting equity in the educational and professional trajectories of women in STEM. Prominent figures participating included Loreto Bravo, Director of the Ingeniosas Foundation; Lucas Palacios, Rector of INACAP; Carolina Bonacic, Professor at the University of Santiago, Chile; B\u00e1rbara Bl\u00fcmel, Deputy Manager of Talent Attraction and Diversity at SQM; and Alejandra Mizala, Vice-Rector of the University of Chile.<\/p>\n<p>This meeting highlighted the importance of addressing challenges with a systemic and transdisciplinary approach, recognizing the fundamental role of universities as formative institutions that bridge the gap between the school system and the workforce. The joint commitment of authorities, academics, and professionals seeks to drive significant changes that promote gender equality in key areas for the country&#039;s development.<\/p>","protected":false},"excerpt":{"rendered":"<p>El encuentro, realizado en la Universidad T\u00e9cnica Federico Santa Mar\u00eda en el marco de la agenda de celebraci\u00f3n de los 70 a\u00f1os del Consejo, abord\u00f3 los principales desaf\u00edos en materia de igualdad de g\u00e9nero desde la educaci\u00f3n hasta el mundo laboral. Texto y fotograf\u00edas gentileza de la Universidad T\u00e9cnica Federico Santa Mar\u00eda. Con el objetivo [&hellip;]<\/p>\n","protected":false},"author":1,"featured_media":11951,"comment_status":"open","ping_status":"open","sticky":false,"template":"","format":"standard","meta":{"_acf_changed":false,"footnotes":""},"categories":[3,13],"tags":[],"class_list":["post-11946","post","type-post","status-publish","format-standard","has-post-thumbnail","hentry","category-noticias","category-noticias-carrusel"],"acf":[],"yoast_head":"<!-- This site is optimized with the Yoast SEO plugin v27.1.1 - https:\/\/yoast.com\/product\/yoast-seo-wordpress\/ -->\n<title>En seminario CRUCH-USM panelistas analizaron claves para fomentar participaci\u00f3n de mujeres en \u00e1reas STEM - Consejo de Rectoras y Rectores de las Universidades Chilenas<\/title>\n<meta name=\"robots\" content=\"index, follow, max-snippet:-1, max-image-preview:large, max-video-preview:-1\" \/>\n<link rel=\"canonical\" href=\"https:\/\/consejoderectores.cl\/en\/2024\/10\/25\/en-seminario-cruch-usm-panelistas-analizaron-claves-para-fomentar-participacion-de-mujeres-en-areas-stem\/\" \/>\n<meta property=\"og:locale\" content=\"en_US\" \/>\n<meta property=\"og:type\" content=\"article\" \/>\n<meta property=\"og:title\" content=\"En seminario CRUCH-USM panelistas analizaron claves para fomentar participaci\u00f3n de mujeres en \u00e1reas STEM - Consejo de Rectoras y Rectores de las Universidades Chilenas\" \/>\n<meta property=\"og:description\" content=\"El encuentro, realizado en la Universidad T\u00e9cnica Federico Santa Mar\u00eda en el marco de la agenda de celebraci\u00f3n de los 70 a\u00f1os del Consejo, abord\u00f3 los principales desaf\u00edos en materia de igualdad de g\u00e9nero desde la educaci\u00f3n hasta el mundo laboral. Texto y fotograf\u00edas gentileza de la Universidad T\u00e9cnica Federico Santa Mar\u00eda. Con el objetivo [&hellip;]\" \/>\n<meta property=\"og:url\" content=\"https:\/\/consejoderectores.cl\/en\/2024\/10\/25\/en-seminario-cruch-usm-panelistas-analizaron-claves-para-fomentar-participacion-de-mujeres-en-areas-stem\/\" \/>\n<meta property=\"og:site_name\" content=\"Consejo de Rectoras y Rectores de las Universidades Chilenas\" \/>\n<meta property=\"article:published_time\" content=\"2024-10-25T19:30:36+00:00\" \/>\n<meta property=\"article:modified_time\" content=\"2024-10-25T21:06:51+00:00\" \/>\n<meta property=\"og:image\" content=\"https:\/\/consejoderectores.cl\/wp-content\/uploads\/2024\/10\/L4A7055-e1729890359568-1024x534.png\" \/>\n\t<meta property=\"og:image:width\" content=\"1024\" \/>\n\t<meta property=\"og:image:height\" content=\"534\" \/>\n\t<meta property=\"og:image:type\" content=\"image\/png\" \/>\n<meta name=\"author\" content=\"Consejo de Rectores de las Universidades Chilenas\" \/>\n<meta name=\"twitter:card\" content=\"summary_large_image\" \/>\n<meta name=\"twitter:creator\" content=\"@CRUCH_cl\" \/>\n<meta name=\"twitter:site\" content=\"@CRUCH_cl\" \/>\n<meta name=\"twitter:label1\" content=\"Written by\" \/>\n\t<meta name=\"twitter:data1\" content=\"Consejo de Rectores de las Universidades Chilenas\" \/>\n\t<meta name=\"twitter:label2\" content=\"Est. reading time\" \/>\n\t<meta name=\"twitter:data2\" content=\"5 minutes\" \/>\n<script type=\"application\/ld+json\" class=\"yoast-schema-graph\">{\"@context\":\"https:\/\/schema.org\",\"@graph\":[{\"@type\":\"Article\",\"@id\":\"https:\/\/consejoderectores.cl\/2024\/10\/25\/en-seminario-cruch-usm-panelistas-analizaron-claves-para-fomentar-participacion-de-mujeres-en-areas-stem\/#article\",\"isPartOf\":{\"@id\":\"https:\/\/consejoderectores.cl\/2024\/10\/25\/en-seminario-cruch-usm-panelistas-analizaron-claves-para-fomentar-participacion-de-mujeres-en-areas-stem\/\"},\"author\":{\"name\":\"Consejo de Rectores de las Universidades Chilenas\",\"@id\":\"https:\/\/consejoderectores.cl\/en\/#\/schema\/person\/d863e44afde067fd4b57fac66ced709e\"},\"headline\":\"En seminario CRUCH-USM panelistas analizaron claves para fomentar participaci\u00f3n de mujeres en \u00e1reas STEM\",\"datePublished\":\"2024-10-25T19:30:36+00:00\",\"dateModified\":\"2024-10-25T21:06:51+00:00\",\"mainEntityOfPage\":{\"@id\":\"https:\/\/consejoderectores.cl\/2024\/10\/25\/en-seminario-cruch-usm-panelistas-analizaron-claves-para-fomentar-participacion-de-mujeres-en-areas-stem\/\"},\"wordCount\":1050,\"commentCount\":0,\"publisher\":{\"@id\":\"https:\/\/consejoderectores.cl\/en\/#organization\"},\"image\":{\"@id\":\"https:\/\/consejoderectores.cl\/2024\/10\/25\/en-seminario-cruch-usm-panelistas-analizaron-claves-para-fomentar-participacion-de-mujeres-en-areas-stem\/#primaryimage\"},\"thumbnailUrl\":\"https:\/\/consejoderectores.cl\/wp-content\/uploads\/2024\/10\/L4A7055-e1729890359568.png\",\"articleSection\":[\"Noticias\",\"Noticias Carrusel\"],\"inLanguage\":\"en-US\",\"potentialAction\":[{\"@type\":\"CommentAction\",\"name\":\"Comment\",\"target\":[\"https:\/\/consejoderectores.cl\/2024\/10\/25\/en-seminario-cruch-usm-panelistas-analizaron-claves-para-fomentar-participacion-de-mujeres-en-areas-stem\/#respond\"]}]},{\"@type\":\"WebPage\",\"@id\":\"https:\/\/consejoderectores.cl\/2024\/10\/25\/en-seminario-cruch-usm-panelistas-analizaron-claves-para-fomentar-participacion-de-mujeres-en-areas-stem\/\",\"url\":\"https:\/\/consejoderectores.cl\/2024\/10\/25\/en-seminario-cruch-usm-panelistas-analizaron-claves-para-fomentar-participacion-de-mujeres-en-areas-stem\/\",\"name\":\"En seminario CRUCH-USM panelistas analizaron claves para fomentar participaci\u00f3n de mujeres en \u00e1reas STEM - Consejo de Rectoras y Rectores de las Universidades Chilenas\",\"isPartOf\":{\"@id\":\"https:\/\/consejoderectores.cl\/en\/#website\"},\"primaryImageOfPage\":{\"@id\":\"https:\/\/consejoderectores.cl\/2024\/10\/25\/en-seminario-cruch-usm-panelistas-analizaron-claves-para-fomentar-participacion-de-mujeres-en-areas-stem\/#primaryimage\"},\"image\":{\"@id\":\"https:\/\/consejoderectores.cl\/2024\/10\/25\/en-seminario-cruch-usm-panelistas-analizaron-claves-para-fomentar-participacion-de-mujeres-en-areas-stem\/#primaryimage\"},\"thumbnailUrl\":\"https:\/\/consejoderectores.cl\/wp-content\/uploads\/2024\/10\/L4A7055-e1729890359568.png\",\"datePublished\":\"2024-10-25T19:30:36+00:00\",\"dateModified\":\"2024-10-25T21:06:51+00:00\",\"breadcrumb\":{\"@id\":\"https:\/\/consejoderectores.cl\/2024\/10\/25\/en-seminario-cruch-usm-panelistas-analizaron-claves-para-fomentar-participacion-de-mujeres-en-areas-stem\/#breadcrumb\"},\"inLanguage\":\"en-US\",\"potentialAction\":[{\"@type\":\"ReadAction\",\"target\":[\"https:\/\/consejoderectores.cl\/2024\/10\/25\/en-seminario-cruch-usm-panelistas-analizaron-claves-para-fomentar-participacion-de-mujeres-en-areas-stem\/\"]}]},{\"@type\":\"ImageObject\",\"inLanguage\":\"en-US\",\"@id\":\"https:\/\/consejoderectores.cl\/2024\/10\/25\/en-seminario-cruch-usm-panelistas-analizaron-claves-para-fomentar-participacion-de-mujeres-en-areas-stem\/#primaryimage\",\"url\":\"https:\/\/consejoderectores.cl\/wp-content\/uploads\/2024\/10\/L4A7055-e1729890359568.png\",\"contentUrl\":\"https:\/\/consejoderectores.cl\/wp-content\/uploads\/2024\/10\/L4A7055-e1729890359568.png\",\"width\":1477,\"height\":770},{\"@type\":\"BreadcrumbList\",\"@id\":\"https:\/\/consejoderectores.cl\/2024\/10\/25\/en-seminario-cruch-usm-panelistas-analizaron-claves-para-fomentar-participacion-de-mujeres-en-areas-stem\/#breadcrumb\",\"itemListElement\":[{\"@type\":\"ListItem\",\"position\":1,\"name\":\"Home\",\"item\":\"https:\/\/consejoderectores.cl\/\"},{\"@type\":\"ListItem\",\"position\":2,\"name\":\"En seminario CRUCH-USM panelistas analizaron claves para fomentar participaci\u00f3n de mujeres en \u00e1reas STEM\"}]},{\"@type\":\"WebSite\",\"@id\":\"https:\/\/consejoderectores.cl\/en\/#website\",\"url\":\"https:\/\/consejoderectores.cl\/en\/\",\"name\":\"Consejo de Rectoras y Rectores de las Universidades Chilenas\",\"description\":\"\",\"publisher\":{\"@id\":\"https:\/\/consejoderectores.cl\/en\/#organization\"},\"potentialAction\":[{\"@type\":\"SearchAction\",\"target\":{\"@type\":\"EntryPoint\",\"urlTemplate\":\"https:\/\/consejoderectores.cl\/en\/?s={search_term_string}\"},\"query-input\":{\"@type\":\"PropertyValueSpecification\",\"valueRequired\":true,\"valueName\":\"search_term_string\"}}],\"inLanguage\":\"en-US\"},{\"@type\":\"Organization\",\"@id\":\"https:\/\/consejoderectores.cl\/en\/#organization\",\"name\":\"Consejo de Rectoras y Rectores de las Universidades Chilenas\",\"url\":\"https:\/\/consejoderectores.cl\/en\/\",\"logo\":{\"@type\":\"ImageObject\",\"inLanguage\":\"en-US\",\"@id\":\"https:\/\/consejoderectores.cl\/en\/#\/schema\/logo\/image\/\",\"url\":\"https:\/\/consejoderectores.cl\/wp-content\/uploads\/2025\/12\/logoheader_2025.png\",\"contentUrl\":\"https:\/\/consejoderectores.cl\/wp-content\/uploads\/2025\/12\/logoheader_2025.png\",\"width\":666,\"height\":305,\"caption\":\"Consejo de Rectoras y Rectores de las Universidades Chilenas\"},\"image\":{\"@id\":\"https:\/\/consejoderectores.cl\/en\/#\/schema\/logo\/image\/\"},\"sameAs\":[\"https:\/\/x.com\/CRUCH_cl\",\"https:\/\/www.instagram.com\/consejoderectores\/\",\"https:\/\/www.linkedin.com\/company\/cruch\/\",\"https:\/\/www.youtube.com\/channel\/UCzgIFRCsDlKoFpimiQmEaOA\"]},{\"@type\":\"Person\",\"@id\":\"https:\/\/consejoderectores.cl\/en\/#\/schema\/person\/d863e44afde067fd4b57fac66ced709e\",\"name\":\"Consejo de Rectores de las Universidades Chilenas\",\"image\":{\"@type\":\"ImageObject\",\"inLanguage\":\"en-US\",\"@id\":\"https:\/\/consejoderectores.cl\/en\/#\/schema\/person\/image\/\",\"url\":\"https:\/\/secure.gravatar.com\/avatar\/c31e2a02401f041926afb8ee21ab666f0925814fe85d25a5c8db80e23722dfc1?s=96&d=mm&r=g\",\"contentUrl\":\"https:\/\/secure.gravatar.com\/avatar\/c31e2a02401f041926afb8ee21ab666f0925814fe85d25a5c8db80e23722dfc1?s=96&d=mm&r=g\",\"caption\":\"Consejo de Rectores de las Universidades Chilenas\"},\"sameAs\":[\"https:\/\/www.consejoderectores.cl\"],\"url\":\"https:\/\/consejoderectores.cl\/en\/author\/cruch\/\"}]}<\/script>\n<!-- \/ Yoast SEO plugin. -->","yoast_head_json":{"title":"En seminario CRUCH-USM panelistas analizaron claves para fomentar participaci\u00f3n de mujeres en \u00e1reas STEM - Consejo de Rectoras y Rectores de las Universidades Chilenas","robots":{"index":"index","follow":"follow","max-snippet":"max-snippet:-1","max-image-preview":"max-image-preview:large","max-video-preview":"max-video-preview:-1"},"canonical":"https:\/\/consejoderectores.cl\/en\/2024\/10\/25\/en-seminario-cruch-usm-panelistas-analizaron-claves-para-fomentar-participacion-de-mujeres-en-areas-stem\/","og_locale":"en_US","og_type":"article","og_title":"En seminario CRUCH-USM panelistas analizaron claves para fomentar participaci\u00f3n de mujeres en \u00e1reas STEM - Consejo de Rectoras y Rectores de las Universidades Chilenas","og_description":"El encuentro, realizado en la Universidad T\u00e9cnica Federico Santa Mar\u00eda en el marco de la agenda de celebraci\u00f3n de los 70 a\u00f1os del Consejo, abord\u00f3 los principales desaf\u00edos en materia de igualdad de g\u00e9nero desde la educaci\u00f3n hasta el mundo laboral. Texto y fotograf\u00edas gentileza de la Universidad T\u00e9cnica Federico Santa Mar\u00eda. Con el objetivo [&hellip;]","og_url":"https:\/\/consejoderectores.cl\/en\/2024\/10\/25\/en-seminario-cruch-usm-panelistas-analizaron-claves-para-fomentar-participacion-de-mujeres-en-areas-stem\/","og_site_name":"Consejo de Rectoras y Rectores de las Universidades Chilenas","article_published_time":"2024-10-25T19:30:36+00:00","article_modified_time":"2024-10-25T21:06:51+00:00","og_image":[{"width":1024,"height":534,"url":"https:\/\/consejoderectores.cl\/wp-content\/uploads\/2024\/10\/L4A7055-e1729890359568-1024x534.png","type":"image\/png"}],"author":"Consejo de Rectores de las Universidades Chilenas","twitter_card":"summary_large_image","twitter_creator":"@CRUCH_cl","twitter_site":"@CRUCH_cl","twitter_misc":{"Written by":"Consejo de Rectores de las Universidades Chilenas","Est. reading time":"5 minutes"},"schema":{"@context":"https:\/\/schema.org","@graph":[{"@type":"Article","@id":"https:\/\/consejoderectores.cl\/2024\/10\/25\/en-seminario-cruch-usm-panelistas-analizaron-claves-para-fomentar-participacion-de-mujeres-en-areas-stem\/#article","isPartOf":{"@id":"https:\/\/consejoderectores.cl\/2024\/10\/25\/en-seminario-cruch-usm-panelistas-analizaron-claves-para-fomentar-participacion-de-mujeres-en-areas-stem\/"},"author":{"name":"Consejo de Rectores de las Universidades Chilenas","@id":"https:\/\/consejoderectores.cl\/en\/#\/schema\/person\/d863e44afde067fd4b57fac66ced709e"},"headline":"En seminario CRUCH-USM panelistas analizaron claves para fomentar participaci\u00f3n de mujeres en \u00e1reas STEM","datePublished":"2024-10-25T19:30:36+00:00","dateModified":"2024-10-25T21:06:51+00:00","mainEntityOfPage":{"@id":"https:\/\/consejoderectores.cl\/2024\/10\/25\/en-seminario-cruch-usm-panelistas-analizaron-claves-para-fomentar-participacion-de-mujeres-en-areas-stem\/"},"wordCount":1050,"commentCount":0,"publisher":{"@id":"https:\/\/consejoderectores.cl\/en\/#organization"},"image":{"@id":"https:\/\/consejoderectores.cl\/2024\/10\/25\/en-seminario-cruch-usm-panelistas-analizaron-claves-para-fomentar-participacion-de-mujeres-en-areas-stem\/#primaryimage"},"thumbnailUrl":"https:\/\/consejoderectores.cl\/wp-content\/uploads\/2024\/10\/L4A7055-e1729890359568.png","articleSection":["Noticias","Noticias Carrusel"],"inLanguage":"en-US","potentialAction":[{"@type":"CommentAction","name":"Comment","target":["https:\/\/consejoderectores.cl\/2024\/10\/25\/en-seminario-cruch-usm-panelistas-analizaron-claves-para-fomentar-participacion-de-mujeres-en-areas-stem\/#respond"]}]},{"@type":"WebPage","@id":"https:\/\/consejoderectores.cl\/2024\/10\/25\/en-seminario-cruch-usm-panelistas-analizaron-claves-para-fomentar-participacion-de-mujeres-en-areas-stem\/","url":"https:\/\/consejoderectores.cl\/2024\/10\/25\/en-seminario-cruch-usm-panelistas-analizaron-claves-para-fomentar-participacion-de-mujeres-en-areas-stem\/","name":"En seminario CRUCH-USM panelistas analizaron claves para fomentar participaci\u00f3n de mujeres en \u00e1reas STEM - Consejo de Rectoras y Rectores de las Universidades Chilenas","isPartOf":{"@id":"https:\/\/consejoderectores.cl\/en\/#website"},"primaryImageOfPage":{"@id":"https:\/\/consejoderectores.cl\/2024\/10\/25\/en-seminario-cruch-usm-panelistas-analizaron-claves-para-fomentar-participacion-de-mujeres-en-areas-stem\/#primaryimage"},"image":{"@id":"https:\/\/consejoderectores.cl\/2024\/10\/25\/en-seminario-cruch-usm-panelistas-analizaron-claves-para-fomentar-participacion-de-mujeres-en-areas-stem\/#primaryimage"},"thumbnailUrl":"https:\/\/consejoderectores.cl\/wp-content\/uploads\/2024\/10\/L4A7055-e1729890359568.png","datePublished":"2024-10-25T19:30:36+00:00","dateModified":"2024-10-25T21:06:51+00:00","breadcrumb":{"@id":"https:\/\/consejoderectores.cl\/2024\/10\/25\/en-seminario-cruch-usm-panelistas-analizaron-claves-para-fomentar-participacion-de-mujeres-en-areas-stem\/#breadcrumb"},"inLanguage":"en-US","potentialAction":[{"@type":"ReadAction","target":["https:\/\/consejoderectores.cl\/2024\/10\/25\/en-seminario-cruch-usm-panelistas-analizaron-claves-para-fomentar-participacion-de-mujeres-en-areas-stem\/"]}]},{"@type":"ImageObject","inLanguage":"en-US","@id":"https:\/\/consejoderectores.cl\/2024\/10\/25\/en-seminario-cruch-usm-panelistas-analizaron-claves-para-fomentar-participacion-de-mujeres-en-areas-stem\/#primaryimage","url":"https:\/\/consejoderectores.cl\/wp-content\/uploads\/2024\/10\/L4A7055-e1729890359568.png","contentUrl":"https:\/\/consejoderectores.cl\/wp-content\/uploads\/2024\/10\/L4A7055-e1729890359568.png","width":1477,"height":770},{"@type":"BreadcrumbList","@id":"https:\/\/consejoderectores.cl\/2024\/10\/25\/en-seminario-cruch-usm-panelistas-analizaron-claves-para-fomentar-participacion-de-mujeres-en-areas-stem\/#breadcrumb","itemListElement":[{"@type":"ListItem","position":1,"name":"Home","item":"https:\/\/consejoderectores.cl\/"},{"@type":"ListItem","position":2,"name":"En seminario CRUCH-USM panelistas analizaron claves para fomentar participaci\u00f3n de mujeres en \u00e1reas STEM"}]},{"@type":"WebSite","@id":"https:\/\/consejoderectores.cl\/en\/#website","url":"https:\/\/consejoderectores.cl\/en\/","name":"Council of Rectors of Chilean Universities","description":"","publisher":{"@id":"https:\/\/consejoderectores.cl\/en\/#organization"},"potentialAction":[{"@type":"SearchAction","target":{"@type":"EntryPoint","urlTemplate":"https:\/\/consejoderectores.cl\/en\/?s={search_term_string}"},"query-input":{"@type":"PropertyValueSpecification","valueRequired":true,"valueName":"search_term_string"}}],"inLanguage":"en-US"},{"@type":"Organization","@id":"https:\/\/consejoderectores.cl\/en\/#organization","name":"Council of Rectors of Chilean Universities","url":"https:\/\/consejoderectores.cl\/en\/","logo":{"@type":"ImageObject","inLanguage":"en-US","@id":"https:\/\/consejoderectores.cl\/en\/#\/schema\/logo\/image\/","url":"https:\/\/consejoderectores.cl\/wp-content\/uploads\/2025\/12\/logoheader_2025.png","contentUrl":"https:\/\/consejoderectores.cl\/wp-content\/uploads\/2025\/12\/logoheader_2025.png","width":666,"height":305,"caption":"Consejo de Rectoras y Rectores de las Universidades Chilenas"},"image":{"@id":"https:\/\/consejoderectores.cl\/en\/#\/schema\/logo\/image\/"},"sameAs":["https:\/\/x.com\/CRUCH_cl","https:\/\/www.instagram.com\/consejoderectores\/","https:\/\/www.linkedin.com\/company\/cruch\/","https:\/\/www.youtube.com\/channel\/UCzgIFRCsDlKoFpimiQmEaOA"]},{"@type":"Person","@id":"https:\/\/consejoderectores.cl\/en\/#\/schema\/person\/d863e44afde067fd4b57fac66ced709e","name":"Council of Rectors of Chilean Universities","image":{"@type":"ImageObject","inLanguage":"en-US","@id":"https:\/\/consejoderectores.cl\/en\/#\/schema\/person\/image\/","url":"https:\/\/secure.gravatar.com\/avatar\/c31e2a02401f041926afb8ee21ab666f0925814fe85d25a5c8db80e23722dfc1?s=96&d=mm&r=g","contentUrl":"https:\/\/secure.gravatar.com\/avatar\/c31e2a02401f041926afb8ee21ab666f0925814fe85d25a5c8db80e23722dfc1?s=96&d=mm&r=g","caption":"Consejo de Rectores de las Universidades Chilenas"},"sameAs":["https:\/\/www.consejoderectores.cl"],"url":"https:\/\/consejoderectores.cl\/en\/author\/cruch\/"}]}},"_links":{"self":[{"href":"https:\/\/consejoderectores.cl\/en\/wp-json\/wp\/v2\/posts\/11946","targetHints":{"allow":["GET"]}}],"collection":[{"href":"https:\/\/consejoderectores.cl\/en\/wp-json\/wp\/v2\/posts"}],"about":[{"href":"https:\/\/consejoderectores.cl\/en\/wp-json\/wp\/v2\/types\/post"}],"author":[{"embeddable":true,"href":"https:\/\/consejoderectores.cl\/en\/wp-json\/wp\/v2\/users\/1"}],"replies":[{"embeddable":true,"href":"https:\/\/consejoderectores.cl\/en\/wp-json\/wp\/v2\/comments?post=11946"}],"version-history":[{"count":5,"href":"https:\/\/consejoderectores.cl\/en\/wp-json\/wp\/v2\/posts\/11946\/revisions"}],"predecessor-version":[{"id":11953,"href":"https:\/\/consejoderectores.cl\/en\/wp-json\/wp\/v2\/posts\/11946\/revisions\/11953"}],"wp:featuredmedia":[{"embeddable":true,"href":"https:\/\/consejoderectores.cl\/en\/wp-json\/wp\/v2\/media\/11951"}],"wp:attachment":[{"href":"https:\/\/consejoderectores.cl\/en\/wp-json\/wp\/v2\/media?parent=11946"}],"wp:term":[{"taxonomy":"category","embeddable":true,"href":"https:\/\/consejoderectores.cl\/en\/wp-json\/wp\/v2\/categories?post=11946"},{"taxonomy":"post_tag","embeddable":true,"href":"https:\/\/consejoderectores.cl\/en\/wp-json\/wp\/v2\/tags?post=11946"}],"curies":[{"name":"wp","href":"https:\/\/api.w.org\/{rel}","templated":true}]}}