{"id":11935,"date":"2024-10-24T20:50:27","date_gmt":"2024-10-24T20:50:27","guid":{"rendered":"https:\/\/consejoderectores.cl\/?p=11935"},"modified":"2024-10-24T20:53:15","modified_gmt":"2024-10-24T20:53:15","slug":"canciller-van-klaveren-destaca-rol-de-universidades-cruch-para-potenciar-proyeccion-internacional-y-desarrollo-de-chile","status":"publish","type":"post","link":"https:\/\/consejoderectores.cl\/en\/2024\/10\/24\/canciller-van-klaveren-destaca-rol-de-universidades-cruch-para-potenciar-proyeccion-internacional-y-desarrollo-de-chile\/","title":{"rendered":"Foreign Minister van Klaveren highlights the role of CRUCH universities in boosting Chile&#039;s international projection and development"},"content":{"rendered":"<blockquote><p>In his first visit to the plenary session of the Council, held this Thursday at the Federico Santa Mar\u00eda Technical University, the highest authority of the Ministry of Foreign Affairs highlighted the collaboration between the Ministry and the CRUCH, reiterating his commitment to university work and its international projection.<\/p>\n<p>As part of the agenda commemorating the 70th anniversary of CRUCH, the seminar \u201cScientific Diplomacy: Opening paths for the internationalization of Higher Education\u00bb will be held on November 22nd, an event organized by both institutions.<\/p><\/blockquote>\n<p><img loading=\"lazy\" decoding=\"async\" class=\"size-medium wp-image-11937 alignleft\" src=\"https:\/\/consejoderectores.cl\/wp-content\/uploads\/2024\/10\/rectoras-y-rectores-300x225.jpeg\" alt=\"\" width=\"300\" height=\"225\" srcset=\"https:\/\/consejoderectores.cl\/wp-content\/uploads\/2024\/10\/rectoras-y-rectores-300x225.jpeg 300w, https:\/\/consejoderectores.cl\/wp-content\/uploads\/2024\/10\/rectoras-y-rectores-1024x768.jpeg 1024w, https:\/\/consejoderectores.cl\/wp-content\/uploads\/2024\/10\/rectoras-y-rectores-768x576.jpeg 768w, https:\/\/consejoderectores.cl\/wp-content\/uploads\/2024\/10\/rectoras-y-rectores-16x12.jpeg 16w, https:\/\/consejoderectores.cl\/wp-content\/uploads\/2024\/10\/rectoras-y-rectores-320x240.jpeg 320w, https:\/\/consejoderectores.cl\/wp-content\/uploads\/2024\/10\/rectoras-y-rectores-480x360.jpeg 480w, https:\/\/consejoderectores.cl\/wp-content\/uploads\/2024\/10\/rectoras-y-rectores-800x600.jpeg 800w, https:\/\/consejoderectores.cl\/wp-content\/uploads\/2024\/10\/rectoras-y-rectores-848x636.jpeg 848w, https:\/\/consejoderectores.cl\/wp-content\/uploads\/2024\/10\/rectoras-y-rectores-1140x855.jpeg 1140w, https:\/\/consejoderectores.cl\/wp-content\/uploads\/2024\/10\/rectoras-y-rectores-1170x878.jpeg 1170w, https:\/\/consejoderectores.cl\/wp-content\/uploads\/2024\/10\/rectoras-y-rectores.jpeg 1280w\" sizes=\"auto, (max-width: 300px) 100vw, 300px\" \/>The internationalization of Higher Education was one of the topics addressed by the Council of Rectors of Chilean Universities (CRUCH), in its session this Thursday, October 24, at the Central House of the Federico Santa Mar\u00eda Technical University in Valpara\u00edso.<\/p>\n<p>The meeting was attended by the highest authority of the Ministry of Foreign Affairs (Minrel), Alberto van Klaveren, who highlighted the role of universities for the international projection and development of the country, as well as the collaboration between the Ministry of Foreign Affairs and CRUCH.<\/p>\n<p>\u201cAs the Ministry of Foreign Affairs, we assign universities a very central part of our country&#039;s identity, and also part of Chile&#039;s international image, in which the development of our Higher Education is greatly valued, not only in Latin America and neighboring countries, but also throughout the world,\u201d the Foreign Minister stated.<\/p>\n<p>Meanwhile, the executive vice president of CRUCH, Emilio Rodr\u00edguez, thanked the foreign minister for his presence at the event and for the collaboration between the two institutions. \u201cAs CRUCH, we value the foreign minister\u2019s recognition of the role of universities in society and, specifically, in their pursuit of internationalization,\u201d Rodr\u00edguez stated.<\/p>\n<p>During the event, the minister also addressed the importance of the work of regional universities and their international reach, as well as their connections with university networks in other countries. \u201cUniversity collaboration is always among our priorities, and we are interested in promoting other academic forums with networks in important countries,\u201d he stated.<\/p>\n<p>Furthermore, the government authority positively valued the CRUCH-Minrel agreement, which is developed through the Division of Science, Energy, Education, Innovation and Astronomy (DECYTi) and seeks to establish collaborative and coordinated work to foster and promote the internationalization of Chilean Higher Education.<\/p>\n<p>The rectors of the Council raised topics such as the promotion of student mobility; the difficulties regarding international visas; internationalization at home; among others.<\/p>\n<p>During the session, CRUCH also reaffirmed its commitment to the Undersecretariat of Higher Education to promote the working group for the strengthening of pedagogies, which will be led by the rector of the Metropolitan University of Educational Sciences (UMCE), Elisa Araya; the rector of the Pontifical Catholic University of Valpara\u00edso (PUCV), Nelson V\u00e1squez; and the rector of the University of Playa Ancha (UPLA), Carlos Gonz\u00e1lez.<\/p>\n<p>Furthermore, in the lead-up to the discussion of the 2025 budget next week, it was agreed that the Executive Committee will prepare a document outlining its positions regarding the content of the budget items for Higher Education and Science, Technology, Knowledge and Innovation.<\/p>\n<p><strong>Diplomacy Seminar<\/strong><\/p>\n<p>As part of the CRUCH&#039;s 70th anniversary commemoration agenda, the seminar &quot;Scientific Diplomacy: Opening paths for the internationalization of Higher Education&quot; will be held on November 22nd. This activity seeks to explore and promote the role of scientific diplomacy as a key catalyst for the internationalization of Higher Education.<\/p>\n<p>This seminar, which will feature the participation of prominent experts in the field, arises within the framework of the agreement with the DECYTI of the Ministry of Foreign Affairs, a strategic alliance that reaffirms Chile&#039;s commitment to promoting science as one of the engines for development, reinforcing the role of universities in this process.<\/p>\n<p><strong>Text:<\/strong> CRUCH Communications.<\/p>\n<p><strong>Photos:<\/strong> Courtesy of Federico Santa Mar\u00eda Technical University.<\/p>","protected":false},"excerpt":{"rendered":"<p>En su primera visita al pleno del Consejo, realizado este jueves en la Universidad T\u00e9cnica Federico Santa Mar\u00eda, la m\u00e1xima autoridad del Ministerio de Relaciones Exteriores destac\u00f3 la colaboraci\u00f3n entre la Canciller\u00eda y el CRUCH, reiterando su compromiso con el trabajo universitario y su proyecci\u00f3n internacional. En el marco de la agenda de conmemoraci\u00f3n de [&hellip;]<\/p>\n","protected":false},"author":1,"featured_media":11936,"comment_status":"open","ping_status":"open","sticky":false,"template":"","format":"standard","meta":{"_acf_changed":false,"footnotes":""},"categories":[3,13],"tags":[],"class_list":["post-11935","post","type-post","status-publish","format-standard","has-post-thumbnail","hentry","category-noticias","category-noticias-carrusel"],"acf":[],"yoast_head":"<!-- This site is optimized with the Yoast SEO plugin v27.1.1 - https:\/\/yoast.com\/product\/yoast-seo-wordpress\/ -->\n<title>Canciller van Klaveren destaca rol de universidades CRUCH para potenciar proyecci\u00f3n internacional y desarrollo de Chile - Consejo de Rectoras y Rectores de las Universidades Chilenas<\/title>\n<meta name=\"robots\" content=\"index, follow, max-snippet:-1, max-image-preview:large, max-video-preview:-1\" \/>\n<link rel=\"canonical\" href=\"http:\/\/consejoderectores.cl\/en\/2024\/10\/24\/canciller-van-klaveren-destaca-rol-de-universidades-cruch-para-potenciar-proyeccion-internacional-y-desarrollo-de-chile\/\" \/>\n<meta property=\"og:locale\" content=\"en_US\" \/>\n<meta property=\"og:type\" content=\"article\" \/>\n<meta property=\"og:title\" content=\"Canciller van Klaveren destaca rol de universidades CRUCH para potenciar proyecci\u00f3n internacional y desarrollo de Chile - Consejo de Rectoras y Rectores de las Universidades Chilenas\" \/>\n<meta property=\"og:description\" content=\"En su primera visita al pleno del Consejo, realizado este jueves en la Universidad T\u00e9cnica Federico Santa Mar\u00eda, la m\u00e1xima autoridad del Ministerio de Relaciones Exteriores destac\u00f3 la colaboraci\u00f3n entre la Canciller\u00eda y el CRUCH, reiterando su compromiso con el trabajo universitario y su proyecci\u00f3n internacional. En el marco de la agenda de conmemoraci\u00f3n de [&hellip;]\" \/>\n<meta property=\"og:url\" content=\"http:\/\/consejoderectores.cl\/en\/2024\/10\/24\/canciller-van-klaveren-destaca-rol-de-universidades-cruch-para-potenciar-proyeccion-internacional-y-desarrollo-de-chile\/\" \/>\n<meta property=\"og:site_name\" content=\"Consejo de Rectoras y Rectores de las Universidades Chilenas\" \/>\n<meta property=\"article:published_time\" content=\"2024-10-24T20:50:27+00:00\" \/>\n<meta property=\"article:modified_time\" content=\"2024-10-24T20:53:15+00:00\" \/>\n<meta property=\"og:image\" content=\"https:\/\/consejoderectores.cl\/wp-content\/uploads\/2024\/10\/pleno-cruch.jpeg\" \/>\n\t<meta property=\"og:image:width\" content=\"727\" \/>\n\t<meta property=\"og:image:height\" content=\"485\" \/>\n\t<meta property=\"og:image:type\" content=\"image\/jpeg\" \/>\n<meta name=\"author\" content=\"Consejo de Rectores de las Universidades Chilenas\" \/>\n<meta name=\"twitter:card\" content=\"summary_large_image\" \/>\n<meta name=\"twitter:creator\" content=\"@CRUCH_cl\" \/>\n<meta name=\"twitter:site\" content=\"@CRUCH_cl\" \/>\n<meta name=\"twitter:label1\" content=\"Written by\" \/>\n\t<meta name=\"twitter:data1\" content=\"Consejo de Rectores de las Universidades Chilenas\" \/>\n\t<meta name=\"twitter:label2\" content=\"Est. reading time\" \/>\n\t<meta name=\"twitter:data2\" content=\"4 minutes\" \/>\n<script type=\"application\/ld+json\" class=\"yoast-schema-graph\">{\"@context\":\"https:\/\/schema.org\",\"@graph\":[{\"@type\":\"Article\",\"@id\":\"http:\/\/consejoderectores.cl\/en\/2024\/10\/24\/canciller-van-klaveren-destaca-rol-de-universidades-cruch-para-potenciar-proyeccion-internacional-y-desarrollo-de-chile\/#article\",\"isPartOf\":{\"@id\":\"http:\/\/consejoderectores.cl\/en\/2024\/10\/24\/canciller-van-klaveren-destaca-rol-de-universidades-cruch-para-potenciar-proyeccion-internacional-y-desarrollo-de-chile\/\"},\"author\":{\"name\":\"Consejo de Rectores de las Universidades Chilenas\",\"@id\":\"https:\/\/consejoderectores.cl\/en\/#\/schema\/person\/d863e44afde067fd4b57fac66ced709e\"},\"headline\":\"Canciller van Klaveren destaca rol de universidades CRUCH para potenciar proyecci\u00f3n internacional y desarrollo de Chile\",\"datePublished\":\"2024-10-24T20:50:27+00:00\",\"dateModified\":\"2024-10-24T20:53:15+00:00\",\"mainEntityOfPage\":{\"@id\":\"http:\/\/consejoderectores.cl\/en\/2024\/10\/24\/canciller-van-klaveren-destaca-rol-de-universidades-cruch-para-potenciar-proyeccion-internacional-y-desarrollo-de-chile\/\"},\"wordCount\":752,\"commentCount\":0,\"publisher\":{\"@id\":\"https:\/\/consejoderectores.cl\/en\/#organization\"},\"image\":{\"@id\":\"http:\/\/consejoderectores.cl\/en\/2024\/10\/24\/canciller-van-klaveren-destaca-rol-de-universidades-cruch-para-potenciar-proyeccion-internacional-y-desarrollo-de-chile\/#primaryimage\"},\"thumbnailUrl\":\"https:\/\/consejoderectores.cl\/wp-content\/uploads\/2024\/10\/pleno-cruch.jpeg\",\"articleSection\":[\"Noticias\",\"Noticias Carrusel\"],\"inLanguage\":\"en-US\",\"potentialAction\":[{\"@type\":\"CommentAction\",\"name\":\"Comment\",\"target\":[\"http:\/\/consejoderectores.cl\/en\/2024\/10\/24\/canciller-van-klaveren-destaca-rol-de-universidades-cruch-para-potenciar-proyeccion-internacional-y-desarrollo-de-chile\/#respond\"]}]},{\"@type\":\"WebPage\",\"@id\":\"http:\/\/consejoderectores.cl\/en\/2024\/10\/24\/canciller-van-klaveren-destaca-rol-de-universidades-cruch-para-potenciar-proyeccion-internacional-y-desarrollo-de-chile\/\",\"url\":\"http:\/\/consejoderectores.cl\/en\/2024\/10\/24\/canciller-van-klaveren-destaca-rol-de-universidades-cruch-para-potenciar-proyeccion-internacional-y-desarrollo-de-chile\/\",\"name\":\"Canciller van Klaveren destaca rol de universidades CRUCH para potenciar proyecci\u00f3n internacional y desarrollo de Chile - Consejo de Rectoras y Rectores de las Universidades Chilenas\",\"isPartOf\":{\"@id\":\"https:\/\/consejoderectores.cl\/en\/#website\"},\"primaryImageOfPage\":{\"@id\":\"http:\/\/consejoderectores.cl\/en\/2024\/10\/24\/canciller-van-klaveren-destaca-rol-de-universidades-cruch-para-potenciar-proyeccion-internacional-y-desarrollo-de-chile\/#primaryimage\"},\"image\":{\"@id\":\"http:\/\/consejoderectores.cl\/en\/2024\/10\/24\/canciller-van-klaveren-destaca-rol-de-universidades-cruch-para-potenciar-proyeccion-internacional-y-desarrollo-de-chile\/#primaryimage\"},\"thumbnailUrl\":\"https:\/\/consejoderectores.cl\/wp-content\/uploads\/2024\/10\/pleno-cruch.jpeg\",\"datePublished\":\"2024-10-24T20:50:27+00:00\",\"dateModified\":\"2024-10-24T20:53:15+00:00\",\"breadcrumb\":{\"@id\":\"http:\/\/consejoderectores.cl\/en\/2024\/10\/24\/canciller-van-klaveren-destaca-rol-de-universidades-cruch-para-potenciar-proyeccion-internacional-y-desarrollo-de-chile\/#breadcrumb\"},\"inLanguage\":\"en-US\",\"potentialAction\":[{\"@type\":\"ReadAction\",\"target\":[\"http:\/\/consejoderectores.cl\/en\/2024\/10\/24\/canciller-van-klaveren-destaca-rol-de-universidades-cruch-para-potenciar-proyeccion-internacional-y-desarrollo-de-chile\/\"]}]},{\"@type\":\"ImageObject\",\"inLanguage\":\"en-US\",\"@id\":\"http:\/\/consejoderectores.cl\/en\/2024\/10\/24\/canciller-van-klaveren-destaca-rol-de-universidades-cruch-para-potenciar-proyeccion-internacional-y-desarrollo-de-chile\/#primaryimage\",\"url\":\"https:\/\/consejoderectores.cl\/wp-content\/uploads\/2024\/10\/pleno-cruch.jpeg\",\"contentUrl\":\"https:\/\/consejoderectores.cl\/wp-content\/uploads\/2024\/10\/pleno-cruch.jpeg\",\"width\":727,\"height\":485},{\"@type\":\"BreadcrumbList\",\"@id\":\"http:\/\/consejoderectores.cl\/en\/2024\/10\/24\/canciller-van-klaveren-destaca-rol-de-universidades-cruch-para-potenciar-proyeccion-internacional-y-desarrollo-de-chile\/#breadcrumb\",\"itemListElement\":[{\"@type\":\"ListItem\",\"position\":1,\"name\":\"Home\",\"item\":\"https:\/\/consejoderectores.cl\/\"},{\"@type\":\"ListItem\",\"position\":2,\"name\":\"Canciller van Klaveren destaca rol de universidades CRUCH para potenciar proyecci\u00f3n internacional y desarrollo de Chile\"}]},{\"@type\":\"WebSite\",\"@id\":\"https:\/\/consejoderectores.cl\/en\/#website\",\"url\":\"https:\/\/consejoderectores.cl\/en\/\",\"name\":\"Consejo de Rectoras y Rectores de las Universidades Chilenas\",\"description\":\"\",\"publisher\":{\"@id\":\"https:\/\/consejoderectores.cl\/en\/#organization\"},\"potentialAction\":[{\"@type\":\"SearchAction\",\"target\":{\"@type\":\"EntryPoint\",\"urlTemplate\":\"https:\/\/consejoderectores.cl\/en\/?s={search_term_string}\"},\"query-input\":{\"@type\":\"PropertyValueSpecification\",\"valueRequired\":true,\"valueName\":\"search_term_string\"}}],\"inLanguage\":\"en-US\"},{\"@type\":\"Organization\",\"@id\":\"https:\/\/consejoderectores.cl\/en\/#organization\",\"name\":\"Consejo de Rectoras y Rectores de las Universidades Chilenas\",\"url\":\"https:\/\/consejoderectores.cl\/en\/\",\"logo\":{\"@type\":\"ImageObject\",\"inLanguage\":\"en-US\",\"@id\":\"https:\/\/consejoderectores.cl\/en\/#\/schema\/logo\/image\/\",\"url\":\"https:\/\/consejoderectores.cl\/wp-content\/uploads\/2025\/12\/logoheader_2025.png\",\"contentUrl\":\"https:\/\/consejoderectores.cl\/wp-content\/uploads\/2025\/12\/logoheader_2025.png\",\"width\":666,\"height\":305,\"caption\":\"Consejo de Rectoras y Rectores de las Universidades Chilenas\"},\"image\":{\"@id\":\"https:\/\/consejoderectores.cl\/en\/#\/schema\/logo\/image\/\"},\"sameAs\":[\"https:\/\/x.com\/CRUCH_cl\",\"https:\/\/www.instagram.com\/consejoderectores\/\",\"https:\/\/www.linkedin.com\/company\/cruch\/\",\"https:\/\/www.youtube.com\/channel\/UCzgIFRCsDlKoFpimiQmEaOA\"]},{\"@type\":\"Person\",\"@id\":\"https:\/\/consejoderectores.cl\/en\/#\/schema\/person\/d863e44afde067fd4b57fac66ced709e\",\"name\":\"Consejo de Rectores de las Universidades Chilenas\",\"image\":{\"@type\":\"ImageObject\",\"inLanguage\":\"en-US\",\"@id\":\"https:\/\/consejoderectores.cl\/en\/#\/schema\/person\/image\/\",\"url\":\"https:\/\/secure.gravatar.com\/avatar\/c31e2a02401f041926afb8ee21ab666f0925814fe85d25a5c8db80e23722dfc1?s=96&d=mm&r=g\",\"contentUrl\":\"https:\/\/secure.gravatar.com\/avatar\/c31e2a02401f041926afb8ee21ab666f0925814fe85d25a5c8db80e23722dfc1?s=96&d=mm&r=g\",\"caption\":\"Consejo de Rectores de las Universidades Chilenas\"},\"sameAs\":[\"https:\/\/www.consejoderectores.cl\"],\"url\":\"https:\/\/consejoderectores.cl\/en\/author\/cruch\/\"}]}<\/script>\n<!-- \/ Yoast SEO plugin. -->","yoast_head_json":{"title":"Canciller van Klaveren destaca rol de universidades CRUCH para potenciar proyecci\u00f3n internacional y desarrollo de Chile - Consejo de Rectoras y Rectores de las Universidades Chilenas","robots":{"index":"index","follow":"follow","max-snippet":"max-snippet:-1","max-image-preview":"max-image-preview:large","max-video-preview":"max-video-preview:-1"},"canonical":"http:\/\/consejoderectores.cl\/en\/2024\/10\/24\/canciller-van-klaveren-destaca-rol-de-universidades-cruch-para-potenciar-proyeccion-internacional-y-desarrollo-de-chile\/","og_locale":"en_US","og_type":"article","og_title":"Canciller van Klaveren destaca rol de universidades CRUCH para potenciar proyecci\u00f3n internacional y desarrollo de Chile - Consejo de Rectoras y Rectores de las Universidades Chilenas","og_description":"En su primera visita al pleno del Consejo, realizado este jueves en la Universidad T\u00e9cnica Federico Santa Mar\u00eda, la m\u00e1xima autoridad del Ministerio de Relaciones Exteriores destac\u00f3 la colaboraci\u00f3n entre la Canciller\u00eda y el CRUCH, reiterando su compromiso con el trabajo universitario y su proyecci\u00f3n internacional. En el marco de la agenda de conmemoraci\u00f3n de [&hellip;]","og_url":"http:\/\/consejoderectores.cl\/en\/2024\/10\/24\/canciller-van-klaveren-destaca-rol-de-universidades-cruch-para-potenciar-proyeccion-internacional-y-desarrollo-de-chile\/","og_site_name":"Consejo de Rectoras y Rectores de las Universidades Chilenas","article_published_time":"2024-10-24T20:50:27+00:00","article_modified_time":"2024-10-24T20:53:15+00:00","og_image":[{"width":727,"height":485,"url":"https:\/\/consejoderectores.cl\/wp-content\/uploads\/2024\/10\/pleno-cruch.jpeg","type":"image\/jpeg"}],"author":"Consejo de Rectores de las Universidades Chilenas","twitter_card":"summary_large_image","twitter_creator":"@CRUCH_cl","twitter_site":"@CRUCH_cl","twitter_misc":{"Written by":"Consejo de Rectores de las Universidades Chilenas","Est. reading time":"4 minutes"},"schema":{"@context":"https:\/\/schema.org","@graph":[{"@type":"Article","@id":"http:\/\/consejoderectores.cl\/en\/2024\/10\/24\/canciller-van-klaveren-destaca-rol-de-universidades-cruch-para-potenciar-proyeccion-internacional-y-desarrollo-de-chile\/#article","isPartOf":{"@id":"http:\/\/consejoderectores.cl\/en\/2024\/10\/24\/canciller-van-klaveren-destaca-rol-de-universidades-cruch-para-potenciar-proyeccion-internacional-y-desarrollo-de-chile\/"},"author":{"name":"Consejo de Rectores de las Universidades Chilenas","@id":"https:\/\/consejoderectores.cl\/en\/#\/schema\/person\/d863e44afde067fd4b57fac66ced709e"},"headline":"Canciller van Klaveren destaca rol de universidades CRUCH para potenciar proyecci\u00f3n internacional y desarrollo de Chile","datePublished":"2024-10-24T20:50:27+00:00","dateModified":"2024-10-24T20:53:15+00:00","mainEntityOfPage":{"@id":"http:\/\/consejoderectores.cl\/en\/2024\/10\/24\/canciller-van-klaveren-destaca-rol-de-universidades-cruch-para-potenciar-proyeccion-internacional-y-desarrollo-de-chile\/"},"wordCount":752,"commentCount":0,"publisher":{"@id":"https:\/\/consejoderectores.cl\/en\/#organization"},"image":{"@id":"http:\/\/consejoderectores.cl\/en\/2024\/10\/24\/canciller-van-klaveren-destaca-rol-de-universidades-cruch-para-potenciar-proyeccion-internacional-y-desarrollo-de-chile\/#primaryimage"},"thumbnailUrl":"https:\/\/consejoderectores.cl\/wp-content\/uploads\/2024\/10\/pleno-cruch.jpeg","articleSection":["Noticias","Noticias Carrusel"],"inLanguage":"en-US","potentialAction":[{"@type":"CommentAction","name":"Comment","target":["http:\/\/consejoderectores.cl\/en\/2024\/10\/24\/canciller-van-klaveren-destaca-rol-de-universidades-cruch-para-potenciar-proyeccion-internacional-y-desarrollo-de-chile\/#respond"]}]},{"@type":"WebPage","@id":"http:\/\/consejoderectores.cl\/en\/2024\/10\/24\/canciller-van-klaveren-destaca-rol-de-universidades-cruch-para-potenciar-proyeccion-internacional-y-desarrollo-de-chile\/","url":"http:\/\/consejoderectores.cl\/en\/2024\/10\/24\/canciller-van-klaveren-destaca-rol-de-universidades-cruch-para-potenciar-proyeccion-internacional-y-desarrollo-de-chile\/","name":"Canciller van Klaveren destaca rol de universidades CRUCH para potenciar proyecci\u00f3n internacional y desarrollo de Chile - Consejo de Rectoras y Rectores de las Universidades Chilenas","isPartOf":{"@id":"https:\/\/consejoderectores.cl\/en\/#website"},"primaryImageOfPage":{"@id":"http:\/\/consejoderectores.cl\/en\/2024\/10\/24\/canciller-van-klaveren-destaca-rol-de-universidades-cruch-para-potenciar-proyeccion-internacional-y-desarrollo-de-chile\/#primaryimage"},"image":{"@id":"http:\/\/consejoderectores.cl\/en\/2024\/10\/24\/canciller-van-klaveren-destaca-rol-de-universidades-cruch-para-potenciar-proyeccion-internacional-y-desarrollo-de-chile\/#primaryimage"},"thumbnailUrl":"https:\/\/consejoderectores.cl\/wp-content\/uploads\/2024\/10\/pleno-cruch.jpeg","datePublished":"2024-10-24T20:50:27+00:00","dateModified":"2024-10-24T20:53:15+00:00","breadcrumb":{"@id":"http:\/\/consejoderectores.cl\/en\/2024\/10\/24\/canciller-van-klaveren-destaca-rol-de-universidades-cruch-para-potenciar-proyeccion-internacional-y-desarrollo-de-chile\/#breadcrumb"},"inLanguage":"en-US","potentialAction":[{"@type":"ReadAction","target":["http:\/\/consejoderectores.cl\/en\/2024\/10\/24\/canciller-van-klaveren-destaca-rol-de-universidades-cruch-para-potenciar-proyeccion-internacional-y-desarrollo-de-chile\/"]}]},{"@type":"ImageObject","inLanguage":"en-US","@id":"http:\/\/consejoderectores.cl\/en\/2024\/10\/24\/canciller-van-klaveren-destaca-rol-de-universidades-cruch-para-potenciar-proyeccion-internacional-y-desarrollo-de-chile\/#primaryimage","url":"https:\/\/consejoderectores.cl\/wp-content\/uploads\/2024\/10\/pleno-cruch.jpeg","contentUrl":"https:\/\/consejoderectores.cl\/wp-content\/uploads\/2024\/10\/pleno-cruch.jpeg","width":727,"height":485},{"@type":"BreadcrumbList","@id":"http:\/\/consejoderectores.cl\/en\/2024\/10\/24\/canciller-van-klaveren-destaca-rol-de-universidades-cruch-para-potenciar-proyeccion-internacional-y-desarrollo-de-chile\/#breadcrumb","itemListElement":[{"@type":"ListItem","position":1,"name":"Home","item":"https:\/\/consejoderectores.cl\/"},{"@type":"ListItem","position":2,"name":"Canciller van Klaveren destaca rol de universidades CRUCH para potenciar proyecci\u00f3n internacional y desarrollo de Chile"}]},{"@type":"WebSite","@id":"https:\/\/consejoderectores.cl\/en\/#website","url":"https:\/\/consejoderectores.cl\/en\/","name":"Council of Rectors of Chilean Universities","description":"","publisher":{"@id":"https:\/\/consejoderectores.cl\/en\/#organization"},"potentialAction":[{"@type":"SearchAction","target":{"@type":"EntryPoint","urlTemplate":"https:\/\/consejoderectores.cl\/en\/?s={search_term_string}"},"query-input":{"@type":"PropertyValueSpecification","valueRequired":true,"valueName":"search_term_string"}}],"inLanguage":"en-US"},{"@type":"Organization","@id":"https:\/\/consejoderectores.cl\/en\/#organization","name":"Council of Rectors of Chilean Universities","url":"https:\/\/consejoderectores.cl\/en\/","logo":{"@type":"ImageObject","inLanguage":"en-US","@id":"https:\/\/consejoderectores.cl\/en\/#\/schema\/logo\/image\/","url":"https:\/\/consejoderectores.cl\/wp-content\/uploads\/2025\/12\/logoheader_2025.png","contentUrl":"https:\/\/consejoderectores.cl\/wp-content\/uploads\/2025\/12\/logoheader_2025.png","width":666,"height":305,"caption":"Consejo de Rectoras y Rectores de las Universidades Chilenas"},"image":{"@id":"https:\/\/consejoderectores.cl\/en\/#\/schema\/logo\/image\/"},"sameAs":["https:\/\/x.com\/CRUCH_cl","https:\/\/www.instagram.com\/consejoderectores\/","https:\/\/www.linkedin.com\/company\/cruch\/","https:\/\/www.youtube.com\/channel\/UCzgIFRCsDlKoFpimiQmEaOA"]},{"@type":"Person","@id":"https:\/\/consejoderectores.cl\/en\/#\/schema\/person\/d863e44afde067fd4b57fac66ced709e","name":"Council of Rectors of Chilean Universities","image":{"@type":"ImageObject","inLanguage":"en-US","@id":"https:\/\/consejoderectores.cl\/en\/#\/schema\/person\/image\/","url":"https:\/\/secure.gravatar.com\/avatar\/c31e2a02401f041926afb8ee21ab666f0925814fe85d25a5c8db80e23722dfc1?s=96&d=mm&r=g","contentUrl":"https:\/\/secure.gravatar.com\/avatar\/c31e2a02401f041926afb8ee21ab666f0925814fe85d25a5c8db80e23722dfc1?s=96&d=mm&r=g","caption":"Consejo de Rectores de las Universidades Chilenas"},"sameAs":["https:\/\/www.consejoderectores.cl"],"url":"https:\/\/consejoderectores.cl\/en\/author\/cruch\/"}]}},"_links":{"self":[{"href":"https:\/\/consejoderectores.cl\/en\/wp-json\/wp\/v2\/posts\/11935","targetHints":{"allow":["GET"]}}],"collection":[{"href":"https:\/\/consejoderectores.cl\/en\/wp-json\/wp\/v2\/posts"}],"about":[{"href":"https:\/\/consejoderectores.cl\/en\/wp-json\/wp\/v2\/types\/post"}],"author":[{"embeddable":true,"href":"https:\/\/consejoderectores.cl\/en\/wp-json\/wp\/v2\/users\/1"}],"replies":[{"embeddable":true,"href":"https:\/\/consejoderectores.cl\/en\/wp-json\/wp\/v2\/comments?post=11935"}],"version-history":[{"count":3,"href":"https:\/\/consejoderectores.cl\/en\/wp-json\/wp\/v2\/posts\/11935\/revisions"}],"predecessor-version":[{"id":11940,"href":"https:\/\/consejoderectores.cl\/en\/wp-json\/wp\/v2\/posts\/11935\/revisions\/11940"}],"wp:featuredmedia":[{"embeddable":true,"href":"https:\/\/consejoderectores.cl\/en\/wp-json\/wp\/v2\/media\/11936"}],"wp:attachment":[{"href":"https:\/\/consejoderectores.cl\/en\/wp-json\/wp\/v2\/media?parent=11935"}],"wp:term":[{"taxonomy":"category","embeddable":true,"href":"https:\/\/consejoderectores.cl\/en\/wp-json\/wp\/v2\/categories?post=11935"},{"taxonomy":"post_tag","embeddable":true,"href":"https:\/\/consejoderectores.cl\/en\/wp-json\/wp\/v2\/tags?post=11935"}],"curies":[{"name":"wp","href":"https:\/\/api.w.org\/{rel}","templated":true}]}}