{"id":11823,"date":"2024-09-26T21:17:46","date_gmt":"2024-09-26T21:17:46","guid":{"rendered":"https:\/\/consejoderectores.cl\/?p=11823"},"modified":"2024-09-26T21:31:56","modified_gmt":"2024-09-26T21:31:56","slug":"vicepresidente-ejecutivo-del-cruch-si-queremos-enfrentar-el-problema-de-la-formacion-de-profesores-as-de-manera-correcta-deben-estar-presentes-todos-los-actores","status":"publish","type":"post","link":"https:\/\/consejoderectores.cl\/en\/2024\/09\/26\/vicepresidente-ejecutivo-del-cruch-si-queremos-enfrentar-el-problema-de-la-formacion-de-profesores-as-de-manera-correcta-deben-estar-presentes-todos-los-actores\/","title":{"rendered":"Executive Vice President of CRUCH: \u201cIf we want to address the problem of teacher training correctly, all stakeholders must be involved.\u201d"},"content":{"rendered":"<blockquote><p>Rector Emilio Rodr\u00edguez stated that \u201cit is necessary to delve deeper into three areas that we consider essential: access to teacher training programs, evaluation of teacher education, and accreditation of the quality of institutions.\u201d The CRUCH will work with the Undersecretariat of Higher Education, headed by Rector Elisa Araya (UMCE), Rector Nelson V\u00e1squez (PUCV), and Rector Carlos Gonz\u00e1lez (UPLA).<\/p>\n<p>The Undersecretary of Higher Education, V\u00edctor Orellana, praised this initiative and noted that &quot;the work we do together will allow us to take steps forward in connecting higher education with the challenges and needs of the country.&quot;.<\/p><\/blockquote>\n<p>The concern of the Council of Rectors of Chilean Universities (CRUCH) regarding the training of teachers, access to teaching degrees, and the shortage of teachers in the country&#039;s school system has set the agenda for this year.<\/p>\n<p>To contribute to solutions, in March CRUCH delivered the report to the Ministry of Education. <a href=\"https:\/\/consejoderectores.cl\/wp-content\/uploads\/2024\/03\/Informe-CRUCH_La-Docencia-Cambia-Vidas.pdf\">\u201cTeaching Changes Lives\u201d<\/a>, where 24 critical issues were identified. To expedite the process, the plenary session of university presidents agreed this Thursday, September 26, to work together with the Undersecretariat of Higher Education to address some priority areas.<\/p>\n<p>The executive vice president of CRUCH, Emilio Rodr\u00edguez, stated that \u201cit is necessary to delve deeper into three areas that we consider essential: access to teacher training programs, evaluation of teacher education, and accreditation of the quality of institutions.\u201d In this context, he argued that \u201cif we want to address the problem of teacher education effectively, we need an integrated approach, and all stakeholders must be involved, including the CPEIP (Center for Professional Development, Experimentation, and Educational Research) and the CNA (National Accreditation Commission).\u201d.<\/p>\n<p>The Undersecretary of Higher Education, V\u00edctor Orellana, praised this initiative and stated that \u201cChile cannot be left without teachers.\u201d He added that this problem \u201ccannot be solved with isolated measures, but rather with a systemic approach that integrates all stakeholders. Therefore, the role of the CRUCH universities in this process of strengthening initial teacher training will be key to articulating and supporting the public policies that we, as a government, are promoting, such as the National Teacher Plan presented by the Ministry of Education this year.\u201d Finally, he affirmed that \u201cthe work we do together will allow us to move forward in connecting higher education with the challenges and needs of the country.\u201d.<\/p>\n<p>On behalf of CRUCH, the working group will be led by the rector of the Metropolitan University of Educational Sciences (UMCE), Elisa Araya; the rector of the Pontifical Catholic University of Valpara\u00edso (PUCV), Nelson V\u00e1squez; and the rector of the University of Playa Ancha (UPLA), Carlos Gonz\u00e1lez.<\/p>\n<p><strong>Three priority areas <\/strong><\/p>\n<p>From the perspective of CRUCH, one of the central points to analyze is the admission requirements for pedagogy programs, &quot;especially because the shortage of teachers is well known and because there has not been anything like a greater attraction or incentive on the part of high school students to pursue a teaching career, and in that context, it is not expected that this shortage can be remedied in the medium term,&quot; explained the executive vice president of CRUCH and rector of the University of Tarapac\u00e1, Emilio Rodr\u00edguez.<\/p>\n<p>The other point relates to reviewing the relevance and timeliness of evaluations during the teacher training process (for example, the National Diagnostic Evaluation, END), with the purpose of &quot;providing feedback on improvement processes within the institution to contribute to excellence in training,&quot; Rector Rodr\u00edguez stated.<\/p>\n<p>On the other hand, the END test has consequences for accreditation processes, which also need to be reviewed. \u201cYou can\u2019t simply replicate or apply a correlation between the results of the national diagnostic assessment and the years of accreditation of the programs,\u201d Rodr\u00edguez stated.<\/p>\n<p>In short, it is necessary to rethink the criteria and mechanisms for measuring different elements of the training process, which will allow for pertinent and relevant information to support decision-making on the different aspects of a teacher development policy.<\/p>\n<p><strong>Text and photograph: CRUCH Communications<\/strong><\/p>","protected":false},"excerpt":{"rendered":"<p>El rector Emilio Rodr\u00edguez sostuvo que \u201ces necesario profundizar en tres materias que nos parecen esenciales: acceso a las carreras de pedagog\u00eda, evaluaci\u00f3n de la formaci\u00f3n de profesoras\/es y acreditaci\u00f3n de la calidad de las instituciones\u201d. El CRUCH trabajar\u00e1 con la Subsecretar\u00eda de Educaci\u00f3n Superior, encabezado por la rectora Elisa Araya (UMCE), el rector Nelson [&hellip;]<\/p>\n","protected":false},"author":1,"featured_media":11824,"comment_status":"open","ping_status":"open","sticky":false,"template":"","format":"standard","meta":{"_acf_changed":false,"footnotes":""},"categories":[3,13],"tags":[],"class_list":["post-11823","post","type-post","status-publish","format-standard","has-post-thumbnail","hentry","category-noticias","category-noticias-carrusel"],"acf":[],"yoast_head":"<!-- This site is optimized with the Yoast SEO plugin v27.1.1 - https:\/\/yoast.com\/product\/yoast-seo-wordpress\/ -->\n<title>Vicepresidente Ejecutivo del CRUCH: \u201cSi queremos enfrentar el problema de la formaci\u00f3n de profesores\/as de manera correcta deben estar presentes todos los actores\u201d - Consejo de Rectoras y Rectores de las Universidades Chilenas<\/title>\n<meta name=\"robots\" content=\"index, follow, max-snippet:-1, max-image-preview:large, max-video-preview:-1\" \/>\n<link rel=\"canonical\" href=\"https:\/\/consejoderectores.cl\/en\/2024\/09\/26\/vicepresidente-ejecutivo-del-cruch-si-queremos-enfrentar-el-problema-de-la-formacion-de-profesores-as-de-manera-correcta-deben-estar-presentes-todos-los-actores\/\" \/>\n<meta property=\"og:locale\" content=\"en_US\" \/>\n<meta property=\"og:type\" content=\"article\" \/>\n<meta property=\"og:title\" content=\"Vicepresidente Ejecutivo del CRUCH: \u201cSi queremos enfrentar el problema de la formaci\u00f3n de profesores\/as de manera correcta deben estar presentes todos los actores\u201d - Consejo de Rectoras y Rectores de las Universidades Chilenas\" \/>\n<meta property=\"og:description\" content=\"El rector Emilio Rodr\u00edguez sostuvo que \u201ces necesario profundizar en tres materias que nos parecen esenciales: acceso a las carreras de pedagog\u00eda, evaluaci\u00f3n de la formaci\u00f3n de profesoras\/es y acreditaci\u00f3n de la calidad de las instituciones\u201d. El CRUCH trabajar\u00e1 con la Subsecretar\u00eda de Educaci\u00f3n Superior, encabezado por la rectora Elisa Araya (UMCE), el rector Nelson [&hellip;]\" \/>\n<meta property=\"og:url\" content=\"https:\/\/consejoderectores.cl\/en\/2024\/09\/26\/vicepresidente-ejecutivo-del-cruch-si-queremos-enfrentar-el-problema-de-la-formacion-de-profesores-as-de-manera-correcta-deben-estar-presentes-todos-los-actores\/\" \/>\n<meta property=\"og:site_name\" content=\"Consejo de Rectoras y Rectores de las Universidades Chilenas\" \/>\n<meta property=\"article:published_time\" content=\"2024-09-26T21:17:46+00:00\" \/>\n<meta property=\"article:modified_time\" content=\"2024-09-26T21:31:56+00:00\" \/>\n<meta property=\"og:image\" content=\"https:\/\/consejoderectores.cl\/wp-content\/uploads\/2024\/09\/imagen-CRUCH_sesion-09.2024.jpg\" \/>\n\t<meta property=\"og:image:width\" content=\"1239\" \/>\n\t<meta property=\"og:image:height\" content=\"832\" \/>\n\t<meta property=\"og:image:type\" content=\"image\/jpeg\" \/>\n<meta name=\"author\" content=\"Consejo de Rectores de las Universidades Chilenas\" \/>\n<meta name=\"twitter:card\" content=\"summary_large_image\" \/>\n<meta name=\"twitter:creator\" content=\"@CRUCH_cl\" \/>\n<meta name=\"twitter:site\" content=\"@CRUCH_cl\" \/>\n<meta name=\"twitter:label1\" content=\"Written by\" \/>\n\t<meta name=\"twitter:data1\" content=\"Consejo de Rectores de las Universidades Chilenas\" \/>\n\t<meta name=\"twitter:label2\" content=\"Est. reading time\" \/>\n\t<meta name=\"twitter:data2\" content=\"3 minutes\" \/>\n<script type=\"application\/ld+json\" class=\"yoast-schema-graph\">{\"@context\":\"https:\/\/schema.org\",\"@graph\":[{\"@type\":\"Article\",\"@id\":\"https:\/\/consejoderectores.cl\/en\/2024\/09\/26\/vicepresidente-ejecutivo-del-cruch-si-queremos-enfrentar-el-problema-de-la-formacion-de-profesores-as-de-manera-correcta-deben-estar-presentes-todos-los-actores\/#article\",\"isPartOf\":{\"@id\":\"https:\/\/consejoderectores.cl\/en\/2024\/09\/26\/vicepresidente-ejecutivo-del-cruch-si-queremos-enfrentar-el-problema-de-la-formacion-de-profesores-as-de-manera-correcta-deben-estar-presentes-todos-los-actores\/\"},\"author\":{\"name\":\"Consejo de Rectores de las Universidades Chilenas\",\"@id\":\"https:\/\/consejoderectores.cl\/en\/#\/schema\/person\/d863e44afde067fd4b57fac66ced709e\"},\"headline\":\"Vicepresidente Ejecutivo del CRUCH: \u201cSi queremos enfrentar el problema de la formaci\u00f3n de profesores\/as de manera correcta deben estar presentes todos los actores\u201d\",\"datePublished\":\"2024-09-26T21:17:46+00:00\",\"dateModified\":\"2024-09-26T21:31:56+00:00\",\"mainEntityOfPage\":{\"@id\":\"https:\/\/consejoderectores.cl\/en\/2024\/09\/26\/vicepresidente-ejecutivo-del-cruch-si-queremos-enfrentar-el-problema-de-la-formacion-de-profesores-as-de-manera-correcta-deben-estar-presentes-todos-los-actores\/\"},\"wordCount\":786,\"commentCount\":0,\"publisher\":{\"@id\":\"https:\/\/consejoderectores.cl\/en\/#organization\"},\"image\":{\"@id\":\"https:\/\/consejoderectores.cl\/en\/2024\/09\/26\/vicepresidente-ejecutivo-del-cruch-si-queremos-enfrentar-el-problema-de-la-formacion-de-profesores-as-de-manera-correcta-deben-estar-presentes-todos-los-actores\/#primaryimage\"},\"thumbnailUrl\":\"https:\/\/consejoderectores.cl\/wp-content\/uploads\/2024\/09\/imagen-CRUCH_sesion-09.2024.jpg\",\"articleSection\":[\"Noticias\",\"Noticias Carrusel\"],\"inLanguage\":\"en-US\",\"potentialAction\":[{\"@type\":\"CommentAction\",\"name\":\"Comment\",\"target\":[\"https:\/\/consejoderectores.cl\/en\/2024\/09\/26\/vicepresidente-ejecutivo-del-cruch-si-queremos-enfrentar-el-problema-de-la-formacion-de-profesores-as-de-manera-correcta-deben-estar-presentes-todos-los-actores\/#respond\"]}]},{\"@type\":\"WebPage\",\"@id\":\"https:\/\/consejoderectores.cl\/en\/2024\/09\/26\/vicepresidente-ejecutivo-del-cruch-si-queremos-enfrentar-el-problema-de-la-formacion-de-profesores-as-de-manera-correcta-deben-estar-presentes-todos-los-actores\/\",\"url\":\"https:\/\/consejoderectores.cl\/en\/2024\/09\/26\/vicepresidente-ejecutivo-del-cruch-si-queremos-enfrentar-el-problema-de-la-formacion-de-profesores-as-de-manera-correcta-deben-estar-presentes-todos-los-actores\/\",\"name\":\"Vicepresidente Ejecutivo del CRUCH: \u201cSi queremos enfrentar el problema de la formaci\u00f3n de profesores\/as de manera correcta deben estar presentes todos los actores\u201d - Consejo de Rectoras y Rectores de las Universidades Chilenas\",\"isPartOf\":{\"@id\":\"https:\/\/consejoderectores.cl\/en\/#website\"},\"primaryImageOfPage\":{\"@id\":\"https:\/\/consejoderectores.cl\/en\/2024\/09\/26\/vicepresidente-ejecutivo-del-cruch-si-queremos-enfrentar-el-problema-de-la-formacion-de-profesores-as-de-manera-correcta-deben-estar-presentes-todos-los-actores\/#primaryimage\"},\"image\":{\"@id\":\"https:\/\/consejoderectores.cl\/en\/2024\/09\/26\/vicepresidente-ejecutivo-del-cruch-si-queremos-enfrentar-el-problema-de-la-formacion-de-profesores-as-de-manera-correcta-deben-estar-presentes-todos-los-actores\/#primaryimage\"},\"thumbnailUrl\":\"https:\/\/consejoderectores.cl\/wp-content\/uploads\/2024\/09\/imagen-CRUCH_sesion-09.2024.jpg\",\"datePublished\":\"2024-09-26T21:17:46+00:00\",\"dateModified\":\"2024-09-26T21:31:56+00:00\",\"breadcrumb\":{\"@id\":\"https:\/\/consejoderectores.cl\/en\/2024\/09\/26\/vicepresidente-ejecutivo-del-cruch-si-queremos-enfrentar-el-problema-de-la-formacion-de-profesores-as-de-manera-correcta-deben-estar-presentes-todos-los-actores\/#breadcrumb\"},\"inLanguage\":\"en-US\",\"potentialAction\":[{\"@type\":\"ReadAction\",\"target\":[\"https:\/\/consejoderectores.cl\/en\/2024\/09\/26\/vicepresidente-ejecutivo-del-cruch-si-queremos-enfrentar-el-problema-de-la-formacion-de-profesores-as-de-manera-correcta-deben-estar-presentes-todos-los-actores\/\"]}]},{\"@type\":\"ImageObject\",\"inLanguage\":\"en-US\",\"@id\":\"https:\/\/consejoderectores.cl\/en\/2024\/09\/26\/vicepresidente-ejecutivo-del-cruch-si-queremos-enfrentar-el-problema-de-la-formacion-de-profesores-as-de-manera-correcta-deben-estar-presentes-todos-los-actores\/#primaryimage\",\"url\":\"https:\/\/consejoderectores.cl\/wp-content\/uploads\/2024\/09\/imagen-CRUCH_sesion-09.2024.jpg\",\"contentUrl\":\"https:\/\/consejoderectores.cl\/wp-content\/uploads\/2024\/09\/imagen-CRUCH_sesion-09.2024.jpg\",\"width\":1239,\"height\":832},{\"@type\":\"BreadcrumbList\",\"@id\":\"https:\/\/consejoderectores.cl\/en\/2024\/09\/26\/vicepresidente-ejecutivo-del-cruch-si-queremos-enfrentar-el-problema-de-la-formacion-de-profesores-as-de-manera-correcta-deben-estar-presentes-todos-los-actores\/#breadcrumb\",\"itemListElement\":[{\"@type\":\"ListItem\",\"position\":1,\"name\":\"Home\",\"item\":\"https:\/\/consejoderectores.cl\/\"},{\"@type\":\"ListItem\",\"position\":2,\"name\":\"Vicepresidente Ejecutivo del CRUCH: \u201cSi queremos enfrentar el problema de la formaci\u00f3n de profesores\/as de manera correcta deben estar presentes todos los actores\u201d\"}]},{\"@type\":\"WebSite\",\"@id\":\"https:\/\/consejoderectores.cl\/en\/#website\",\"url\":\"https:\/\/consejoderectores.cl\/en\/\",\"name\":\"Consejo de Rectoras y Rectores de las Universidades Chilenas\",\"description\":\"\",\"publisher\":{\"@id\":\"https:\/\/consejoderectores.cl\/en\/#organization\"},\"potentialAction\":[{\"@type\":\"SearchAction\",\"target\":{\"@type\":\"EntryPoint\",\"urlTemplate\":\"https:\/\/consejoderectores.cl\/en\/?s={search_term_string}\"},\"query-input\":{\"@type\":\"PropertyValueSpecification\",\"valueRequired\":true,\"valueName\":\"search_term_string\"}}],\"inLanguage\":\"en-US\"},{\"@type\":\"Organization\",\"@id\":\"https:\/\/consejoderectores.cl\/en\/#organization\",\"name\":\"Consejo de Rectoras y Rectores de las Universidades Chilenas\",\"url\":\"https:\/\/consejoderectores.cl\/en\/\",\"logo\":{\"@type\":\"ImageObject\",\"inLanguage\":\"en-US\",\"@id\":\"https:\/\/consejoderectores.cl\/en\/#\/schema\/logo\/image\/\",\"url\":\"https:\/\/consejoderectores.cl\/wp-content\/uploads\/2025\/12\/logoheader_2025.png\",\"contentUrl\":\"https:\/\/consejoderectores.cl\/wp-content\/uploads\/2025\/12\/logoheader_2025.png\",\"width\":666,\"height\":305,\"caption\":\"Consejo de Rectoras y Rectores de las Universidades Chilenas\"},\"image\":{\"@id\":\"https:\/\/consejoderectores.cl\/en\/#\/schema\/logo\/image\/\"},\"sameAs\":[\"https:\/\/x.com\/CRUCH_cl\",\"https:\/\/www.instagram.com\/consejoderectores\/\",\"https:\/\/www.linkedin.com\/company\/cruch\/\",\"https:\/\/www.youtube.com\/channel\/UCzgIFRCsDlKoFpimiQmEaOA\"]},{\"@type\":\"Person\",\"@id\":\"https:\/\/consejoderectores.cl\/en\/#\/schema\/person\/d863e44afde067fd4b57fac66ced709e\",\"name\":\"Consejo de Rectores de las Universidades Chilenas\",\"image\":{\"@type\":\"ImageObject\",\"inLanguage\":\"en-US\",\"@id\":\"https:\/\/consejoderectores.cl\/en\/#\/schema\/person\/image\/\",\"url\":\"https:\/\/secure.gravatar.com\/avatar\/c31e2a02401f041926afb8ee21ab666f0925814fe85d25a5c8db80e23722dfc1?s=96&d=mm&r=g\",\"contentUrl\":\"https:\/\/secure.gravatar.com\/avatar\/c31e2a02401f041926afb8ee21ab666f0925814fe85d25a5c8db80e23722dfc1?s=96&d=mm&r=g\",\"caption\":\"Consejo de Rectores de las Universidades Chilenas\"},\"sameAs\":[\"https:\/\/www.consejoderectores.cl\"],\"url\":\"https:\/\/consejoderectores.cl\/en\/author\/cruch\/\"}]}<\/script>\n<!-- \/ Yoast SEO plugin. -->","yoast_head_json":{"title":"Vicepresidente Ejecutivo del CRUCH: \u201cSi queremos enfrentar el problema de la formaci\u00f3n de profesores\/as de manera correcta deben estar presentes todos los actores\u201d - Consejo de Rectoras y Rectores de las Universidades Chilenas","robots":{"index":"index","follow":"follow","max-snippet":"max-snippet:-1","max-image-preview":"max-image-preview:large","max-video-preview":"max-video-preview:-1"},"canonical":"https:\/\/consejoderectores.cl\/en\/2024\/09\/26\/vicepresidente-ejecutivo-del-cruch-si-queremos-enfrentar-el-problema-de-la-formacion-de-profesores-as-de-manera-correcta-deben-estar-presentes-todos-los-actores\/","og_locale":"en_US","og_type":"article","og_title":"Vicepresidente Ejecutivo del CRUCH: \u201cSi queremos enfrentar el problema de la formaci\u00f3n de profesores\/as de manera correcta deben estar presentes todos los actores\u201d - Consejo de Rectoras y Rectores de las Universidades Chilenas","og_description":"El rector Emilio Rodr\u00edguez sostuvo que \u201ces necesario profundizar en tres materias que nos parecen esenciales: acceso a las carreras de pedagog\u00eda, evaluaci\u00f3n de la formaci\u00f3n de profesoras\/es y acreditaci\u00f3n de la calidad de las instituciones\u201d. El CRUCH trabajar\u00e1 con la Subsecretar\u00eda de Educaci\u00f3n Superior, encabezado por la rectora Elisa Araya (UMCE), el rector Nelson [&hellip;]","og_url":"https:\/\/consejoderectores.cl\/en\/2024\/09\/26\/vicepresidente-ejecutivo-del-cruch-si-queremos-enfrentar-el-problema-de-la-formacion-de-profesores-as-de-manera-correcta-deben-estar-presentes-todos-los-actores\/","og_site_name":"Consejo de Rectoras y Rectores de las Universidades Chilenas","article_published_time":"2024-09-26T21:17:46+00:00","article_modified_time":"2024-09-26T21:31:56+00:00","og_image":[{"width":1239,"height":832,"url":"https:\/\/consejoderectores.cl\/wp-content\/uploads\/2024\/09\/imagen-CRUCH_sesion-09.2024.jpg","type":"image\/jpeg"}],"author":"Consejo de Rectores de las Universidades Chilenas","twitter_card":"summary_large_image","twitter_creator":"@CRUCH_cl","twitter_site":"@CRUCH_cl","twitter_misc":{"Written by":"Consejo de Rectores de las Universidades Chilenas","Est. reading time":"3 minutes"},"schema":{"@context":"https:\/\/schema.org","@graph":[{"@type":"Article","@id":"https:\/\/consejoderectores.cl\/en\/2024\/09\/26\/vicepresidente-ejecutivo-del-cruch-si-queremos-enfrentar-el-problema-de-la-formacion-de-profesores-as-de-manera-correcta-deben-estar-presentes-todos-los-actores\/#article","isPartOf":{"@id":"https:\/\/consejoderectores.cl\/en\/2024\/09\/26\/vicepresidente-ejecutivo-del-cruch-si-queremos-enfrentar-el-problema-de-la-formacion-de-profesores-as-de-manera-correcta-deben-estar-presentes-todos-los-actores\/"},"author":{"name":"Consejo de Rectores de las Universidades Chilenas","@id":"https:\/\/consejoderectores.cl\/en\/#\/schema\/person\/d863e44afde067fd4b57fac66ced709e"},"headline":"Vicepresidente Ejecutivo del CRUCH: \u201cSi queremos enfrentar el problema de la formaci\u00f3n de profesores\/as de manera correcta deben estar presentes todos los actores\u201d","datePublished":"2024-09-26T21:17:46+00:00","dateModified":"2024-09-26T21:31:56+00:00","mainEntityOfPage":{"@id":"https:\/\/consejoderectores.cl\/en\/2024\/09\/26\/vicepresidente-ejecutivo-del-cruch-si-queremos-enfrentar-el-problema-de-la-formacion-de-profesores-as-de-manera-correcta-deben-estar-presentes-todos-los-actores\/"},"wordCount":786,"commentCount":0,"publisher":{"@id":"https:\/\/consejoderectores.cl\/en\/#organization"},"image":{"@id":"https:\/\/consejoderectores.cl\/en\/2024\/09\/26\/vicepresidente-ejecutivo-del-cruch-si-queremos-enfrentar-el-problema-de-la-formacion-de-profesores-as-de-manera-correcta-deben-estar-presentes-todos-los-actores\/#primaryimage"},"thumbnailUrl":"https:\/\/consejoderectores.cl\/wp-content\/uploads\/2024\/09\/imagen-CRUCH_sesion-09.2024.jpg","articleSection":["Noticias","Noticias Carrusel"],"inLanguage":"en-US","potentialAction":[{"@type":"CommentAction","name":"Comment","target":["https:\/\/consejoderectores.cl\/en\/2024\/09\/26\/vicepresidente-ejecutivo-del-cruch-si-queremos-enfrentar-el-problema-de-la-formacion-de-profesores-as-de-manera-correcta-deben-estar-presentes-todos-los-actores\/#respond"]}]},{"@type":"WebPage","@id":"https:\/\/consejoderectores.cl\/en\/2024\/09\/26\/vicepresidente-ejecutivo-del-cruch-si-queremos-enfrentar-el-problema-de-la-formacion-de-profesores-as-de-manera-correcta-deben-estar-presentes-todos-los-actores\/","url":"https:\/\/consejoderectores.cl\/en\/2024\/09\/26\/vicepresidente-ejecutivo-del-cruch-si-queremos-enfrentar-el-problema-de-la-formacion-de-profesores-as-de-manera-correcta-deben-estar-presentes-todos-los-actores\/","name":"Vicepresidente Ejecutivo del CRUCH: \u201cSi queremos enfrentar el problema de la formaci\u00f3n de profesores\/as de manera correcta deben estar presentes todos los actores\u201d - Consejo de Rectoras y Rectores de las Universidades Chilenas","isPartOf":{"@id":"https:\/\/consejoderectores.cl\/en\/#website"},"primaryImageOfPage":{"@id":"https:\/\/consejoderectores.cl\/en\/2024\/09\/26\/vicepresidente-ejecutivo-del-cruch-si-queremos-enfrentar-el-problema-de-la-formacion-de-profesores-as-de-manera-correcta-deben-estar-presentes-todos-los-actores\/#primaryimage"},"image":{"@id":"https:\/\/consejoderectores.cl\/en\/2024\/09\/26\/vicepresidente-ejecutivo-del-cruch-si-queremos-enfrentar-el-problema-de-la-formacion-de-profesores-as-de-manera-correcta-deben-estar-presentes-todos-los-actores\/#primaryimage"},"thumbnailUrl":"https:\/\/consejoderectores.cl\/wp-content\/uploads\/2024\/09\/imagen-CRUCH_sesion-09.2024.jpg","datePublished":"2024-09-26T21:17:46+00:00","dateModified":"2024-09-26T21:31:56+00:00","breadcrumb":{"@id":"https:\/\/consejoderectores.cl\/en\/2024\/09\/26\/vicepresidente-ejecutivo-del-cruch-si-queremos-enfrentar-el-problema-de-la-formacion-de-profesores-as-de-manera-correcta-deben-estar-presentes-todos-los-actores\/#breadcrumb"},"inLanguage":"en-US","potentialAction":[{"@type":"ReadAction","target":["https:\/\/consejoderectores.cl\/en\/2024\/09\/26\/vicepresidente-ejecutivo-del-cruch-si-queremos-enfrentar-el-problema-de-la-formacion-de-profesores-as-de-manera-correcta-deben-estar-presentes-todos-los-actores\/"]}]},{"@type":"ImageObject","inLanguage":"en-US","@id":"https:\/\/consejoderectores.cl\/en\/2024\/09\/26\/vicepresidente-ejecutivo-del-cruch-si-queremos-enfrentar-el-problema-de-la-formacion-de-profesores-as-de-manera-correcta-deben-estar-presentes-todos-los-actores\/#primaryimage","url":"https:\/\/consejoderectores.cl\/wp-content\/uploads\/2024\/09\/imagen-CRUCH_sesion-09.2024.jpg","contentUrl":"https:\/\/consejoderectores.cl\/wp-content\/uploads\/2024\/09\/imagen-CRUCH_sesion-09.2024.jpg","width":1239,"height":832},{"@type":"BreadcrumbList","@id":"https:\/\/consejoderectores.cl\/en\/2024\/09\/26\/vicepresidente-ejecutivo-del-cruch-si-queremos-enfrentar-el-problema-de-la-formacion-de-profesores-as-de-manera-correcta-deben-estar-presentes-todos-los-actores\/#breadcrumb","itemListElement":[{"@type":"ListItem","position":1,"name":"Home","item":"https:\/\/consejoderectores.cl\/"},{"@type":"ListItem","position":2,"name":"Vicepresidente Ejecutivo del CRUCH: \u201cSi queremos enfrentar el problema de la formaci\u00f3n de profesores\/as de manera correcta deben estar presentes todos los actores\u201d"}]},{"@type":"WebSite","@id":"https:\/\/consejoderectores.cl\/en\/#website","url":"https:\/\/consejoderectores.cl\/en\/","name":"Council of Rectors of Chilean Universities","description":"","publisher":{"@id":"https:\/\/consejoderectores.cl\/en\/#organization"},"potentialAction":[{"@type":"SearchAction","target":{"@type":"EntryPoint","urlTemplate":"https:\/\/consejoderectores.cl\/en\/?s={search_term_string}"},"query-input":{"@type":"PropertyValueSpecification","valueRequired":true,"valueName":"search_term_string"}}],"inLanguage":"en-US"},{"@type":"Organization","@id":"https:\/\/consejoderectores.cl\/en\/#organization","name":"Council of Rectors of Chilean Universities","url":"https:\/\/consejoderectores.cl\/en\/","logo":{"@type":"ImageObject","inLanguage":"en-US","@id":"https:\/\/consejoderectores.cl\/en\/#\/schema\/logo\/image\/","url":"https:\/\/consejoderectores.cl\/wp-content\/uploads\/2025\/12\/logoheader_2025.png","contentUrl":"https:\/\/consejoderectores.cl\/wp-content\/uploads\/2025\/12\/logoheader_2025.png","width":666,"height":305,"caption":"Consejo de Rectoras y Rectores de las Universidades Chilenas"},"image":{"@id":"https:\/\/consejoderectores.cl\/en\/#\/schema\/logo\/image\/"},"sameAs":["https:\/\/x.com\/CRUCH_cl","https:\/\/www.instagram.com\/consejoderectores\/","https:\/\/www.linkedin.com\/company\/cruch\/","https:\/\/www.youtube.com\/channel\/UCzgIFRCsDlKoFpimiQmEaOA"]},{"@type":"Person","@id":"https:\/\/consejoderectores.cl\/en\/#\/schema\/person\/d863e44afde067fd4b57fac66ced709e","name":"Council of Rectors of Chilean Universities","image":{"@type":"ImageObject","inLanguage":"en-US","@id":"https:\/\/consejoderectores.cl\/en\/#\/schema\/person\/image\/","url":"https:\/\/secure.gravatar.com\/avatar\/c31e2a02401f041926afb8ee21ab666f0925814fe85d25a5c8db80e23722dfc1?s=96&d=mm&r=g","contentUrl":"https:\/\/secure.gravatar.com\/avatar\/c31e2a02401f041926afb8ee21ab666f0925814fe85d25a5c8db80e23722dfc1?s=96&d=mm&r=g","caption":"Consejo de Rectores de las Universidades Chilenas"},"sameAs":["https:\/\/www.consejoderectores.cl"],"url":"https:\/\/consejoderectores.cl\/en\/author\/cruch\/"}]}},"_links":{"self":[{"href":"https:\/\/consejoderectores.cl\/en\/wp-json\/wp\/v2\/posts\/11823","targetHints":{"allow":["GET"]}}],"collection":[{"href":"https:\/\/consejoderectores.cl\/en\/wp-json\/wp\/v2\/posts"}],"about":[{"href":"https:\/\/consejoderectores.cl\/en\/wp-json\/wp\/v2\/types\/post"}],"author":[{"embeddable":true,"href":"https:\/\/consejoderectores.cl\/en\/wp-json\/wp\/v2\/users\/1"}],"replies":[{"embeddable":true,"href":"https:\/\/consejoderectores.cl\/en\/wp-json\/wp\/v2\/comments?post=11823"}],"version-history":[{"count":7,"href":"https:\/\/consejoderectores.cl\/en\/wp-json\/wp\/v2\/posts\/11823\/revisions"}],"predecessor-version":[{"id":11831,"href":"https:\/\/consejoderectores.cl\/en\/wp-json\/wp\/v2\/posts\/11823\/revisions\/11831"}],"wp:featuredmedia":[{"embeddable":true,"href":"https:\/\/consejoderectores.cl\/en\/wp-json\/wp\/v2\/media\/11824"}],"wp:attachment":[{"href":"https:\/\/consejoderectores.cl\/en\/wp-json\/wp\/v2\/media?parent=11823"}],"wp:term":[{"taxonomy":"category","embeddable":true,"href":"https:\/\/consejoderectores.cl\/en\/wp-json\/wp\/v2\/categories?post=11823"},{"taxonomy":"post_tag","embeddable":true,"href":"https:\/\/consejoderectores.cl\/en\/wp-json\/wp\/v2\/tags?post=11823"}],"curies":[{"name":"wp","href":"https:\/\/api.w.org\/{rel}","templated":true}]}}