{"id":1182,"date":"2012-06-22T00:00:00","date_gmt":"2012-06-22T00:00:00","guid":{"rendered":""},"modified":"2022-01-25T00:44:31","modified_gmt":"2022-01-25T00:44:31","slug":"603c6d80715c6","status":"publish","type":"post","link":"https:\/\/consejoderectores.cl\/en\/2012\/06\/22\/603c6d80715c6\/","title":{"rendered":"CRUCH analyzes the impact of the Ranking of Grades with rectors of private universities"},"content":{"rendered":"<blockquote><p>Academic authorities were informed about the new factor in the admissions process and learned about its attributes from the point of view of inclusion and equity.<\/p>\n<p>\u00ab&quot;There was a very productive dialogue,&quot; said Juan Manuel Zolezzi, executive vice president of the Council of Rectors.<\/p><\/blockquote>\n<p>At the offices of the Council of Rectors, a meeting was held between representatives of this body and eight rectors of private universities affiliated with the University Admission and Selection Process, who, on the occasion of the incorporation of the Grade Ranking as an additional factor to the process, shared and analyzed the meaning and impact that its inclusion in the admission system may have.<\/p>\n<div>\n<p>The executive vice president of CRUCH, Rector Juan Manuel Zolezzi, explained to representatives of private universities the nature of the ranking system and the improvements it represents in terms of inclusion and equity for the most vulnerable students in the country. \u201cThere was a very productive dialogue; the topic was discussed, and suggestions were even received for future changes to the admissions process,\u201d he noted.<\/p>\n<p>The rector of Alberto Hurtado University, Fernando Montes, stated upon leaving the meeting that &quot;this is a first step so that we can jointly examine the problems of Chilean education and correct the excesses that exist, and in that, the ideal is that we all have the same standards and the same requirements.&quot;.<\/p>\n<p>Rector Zolezzi also reiterated that the announcement of the exact formula and the percentages that will be awarded for the ranking will be analyzed in the next plenary session on Thursday, June 28, at the Federico Santa Mar\u00eda Technical University.<\/p>\n<\/div>\n<div><\/div>","protected":false},"excerpt":{"rendered":"<p>Las autoridades acad\u00e9micas fueron informadas respecto al nuevo factor del proceso de admisi\u00f3n y conocieron sus atributos desde el punto de vista de la inclusi\u00f3n y la equidad. \u00abHubo un di\u00e1logo muy productivo\u00bb, asegur\u00f3 el vicepresidente ejecutivo del Consejo de Rectores, Juan Manuel Zolezzi. En las oficinas del Consejo de Rectores se llev\u00f3 a cabo [&hellip;]<\/p>\n","protected":false},"author":1,"featured_media":3592,"comment_status":"open","ping_status":"open","sticky":false,"template":"","format":"standard","meta":{"_acf_changed":false,"footnotes":""},"categories":[3],"tags":[],"class_list":["post-1182","post","type-post","status-publish","format-standard","has-post-thumbnail","hentry","category-noticias"],"acf":[],"yoast_head":"<!-- This site is optimized with the Yoast SEO plugin v27.1.1 - https:\/\/yoast.com\/product\/yoast-seo-wordpress\/ -->\n<title>CRUCH analiza impacto del Ranking de Notas con rectores de universidades privadas - Consejo de Rectoras y Rectores de las Universidades Chilenas<\/title>\n<meta name=\"robots\" content=\"index, follow, max-snippet:-1, max-image-preview:large, max-video-preview:-1\" \/>\n<link rel=\"canonical\" href=\"https:\/\/consejoderectores.cl\/en\/2012\/06\/22\/603c6d80715c6\/\" \/>\n<meta property=\"og:locale\" content=\"en_US\" \/>\n<meta property=\"og:type\" content=\"article\" \/>\n<meta property=\"og:title\" content=\"CRUCH analiza impacto del Ranking de Notas con rectores de universidades privadas - Consejo de Rectoras y Rectores de las Universidades Chilenas\" \/>\n<meta property=\"og:description\" content=\"Las autoridades acad\u00e9micas fueron informadas respecto al nuevo factor del proceso de admisi\u00f3n y conocieron sus atributos desde el punto de vista de la inclusi\u00f3n y la equidad. \u00abHubo un di\u00e1logo muy productivo\u00bb, asegur\u00f3 el vicepresidente ejecutivo del Consejo de Rectores, Juan Manuel Zolezzi. En las oficinas del Consejo de Rectores se llev\u00f3 a cabo [&hellip;]\" \/>\n<meta property=\"og:url\" content=\"https:\/\/consejoderectores.cl\/en\/2012\/06\/22\/603c6d80715c6\/\" \/>\n<meta property=\"og:site_name\" content=\"Consejo de Rectoras y Rectores de las Universidades Chilenas\" \/>\n<meta property=\"article:published_time\" content=\"2012-06-22T00:00:00+00:00\" \/>\n<meta property=\"article:modified_time\" content=\"2022-01-25T00:44:31+00:00\" \/>\n<meta property=\"og:image\" content=\"https:\/\/consejoderectores.cl\/wp-content\/uploads\/2021\/10\/declaraciones-publicas.jpg\" \/>\n\t<meta property=\"og:image:width\" content=\"1024\" \/>\n\t<meta property=\"og:image:height\" content=\"500\" \/>\n\t<meta property=\"og:image:type\" content=\"image\/jpeg\" \/>\n<meta name=\"author\" content=\"Consejo de Rectores de las Universidades Chilenas\" \/>\n<meta name=\"twitter:card\" content=\"summary_large_image\" \/>\n<meta name=\"twitter:creator\" content=\"@CRUCH_cl\" \/>\n<meta name=\"twitter:site\" content=\"@CRUCH_cl\" \/>\n<meta name=\"twitter:label1\" content=\"Written by\" \/>\n\t<meta name=\"twitter:data1\" content=\"Consejo de Rectores de las Universidades Chilenas\" \/>\n\t<meta name=\"twitter:label2\" content=\"Est. reading time\" \/>\n\t<meta name=\"twitter:data2\" content=\"2 minutes\" \/>\n<script type=\"application\/ld+json\" class=\"yoast-schema-graph\">{\"@context\":\"https:\/\/schema.org\",\"@graph\":[{\"@type\":\"Article\",\"@id\":\"https:\/\/consejoderectores.cl\/2012\/06\/22\/603c6d80715c6\/#article\",\"isPartOf\":{\"@id\":\"https:\/\/consejoderectores.cl\/2012\/06\/22\/603c6d80715c6\/\"},\"author\":{\"name\":\"Consejo de Rectores de las Universidades Chilenas\",\"@id\":\"https:\/\/consejoderectores.cl\/en\/#\/schema\/person\/d863e44afde067fd4b57fac66ced709e\"},\"headline\":\"CRUCH analiza impacto del Ranking de Notas con rectores de universidades privadas\",\"datePublished\":\"2012-06-22T00:00:00+00:00\",\"dateModified\":\"2022-01-25T00:44:31+00:00\",\"mainEntityOfPage\":{\"@id\":\"https:\/\/consejoderectores.cl\/2012\/06\/22\/603c6d80715c6\/\"},\"wordCount\":319,\"commentCount\":0,\"publisher\":{\"@id\":\"https:\/\/consejoderectores.cl\/en\/#organization\"},\"image\":{\"@id\":\"https:\/\/consejoderectores.cl\/2012\/06\/22\/603c6d80715c6\/#primaryimage\"},\"thumbnailUrl\":\"https:\/\/consejoderectores.cl\/wp-content\/uploads\/2021\/10\/declaraciones-publicas.jpg\",\"articleSection\":[\"Noticias\"],\"inLanguage\":\"en-US\",\"potentialAction\":[{\"@type\":\"CommentAction\",\"name\":\"Comment\",\"target\":[\"https:\/\/consejoderectores.cl\/2012\/06\/22\/603c6d80715c6\/#respond\"]}]},{\"@type\":\"WebPage\",\"@id\":\"https:\/\/consejoderectores.cl\/2012\/06\/22\/603c6d80715c6\/\",\"url\":\"https:\/\/consejoderectores.cl\/2012\/06\/22\/603c6d80715c6\/\",\"name\":\"CRUCH analiza impacto del Ranking de Notas con rectores de universidades privadas - Consejo de Rectoras y Rectores de las Universidades Chilenas\",\"isPartOf\":{\"@id\":\"https:\/\/consejoderectores.cl\/en\/#website\"},\"primaryImageOfPage\":{\"@id\":\"https:\/\/consejoderectores.cl\/2012\/06\/22\/603c6d80715c6\/#primaryimage\"},\"image\":{\"@id\":\"https:\/\/consejoderectores.cl\/2012\/06\/22\/603c6d80715c6\/#primaryimage\"},\"thumbnailUrl\":\"https:\/\/consejoderectores.cl\/wp-content\/uploads\/2021\/10\/declaraciones-publicas.jpg\",\"datePublished\":\"2012-06-22T00:00:00+00:00\",\"dateModified\":\"2022-01-25T00:44:31+00:00\",\"breadcrumb\":{\"@id\":\"https:\/\/consejoderectores.cl\/2012\/06\/22\/603c6d80715c6\/#breadcrumb\"},\"inLanguage\":\"en-US\",\"potentialAction\":[{\"@type\":\"ReadAction\",\"target\":[\"https:\/\/consejoderectores.cl\/2012\/06\/22\/603c6d80715c6\/\"]}]},{\"@type\":\"ImageObject\",\"inLanguage\":\"en-US\",\"@id\":\"https:\/\/consejoderectores.cl\/2012\/06\/22\/603c6d80715c6\/#primaryimage\",\"url\":\"https:\/\/consejoderectores.cl\/wp-content\/uploads\/2021\/10\/declaraciones-publicas.jpg\",\"contentUrl\":\"https:\/\/consejoderectores.cl\/wp-content\/uploads\/2021\/10\/declaraciones-publicas.jpg\",\"width\":1024,\"height\":500},{\"@type\":\"BreadcrumbList\",\"@id\":\"https:\/\/consejoderectores.cl\/2012\/06\/22\/603c6d80715c6\/#breadcrumb\",\"itemListElement\":[{\"@type\":\"ListItem\",\"position\":1,\"name\":\"Home\",\"item\":\"https:\/\/consejoderectores.cl\/\"},{\"@type\":\"ListItem\",\"position\":2,\"name\":\"CRUCH analiza impacto del Ranking de Notas con rectores de universidades privadas\"}]},{\"@type\":\"WebSite\",\"@id\":\"https:\/\/consejoderectores.cl\/en\/#website\",\"url\":\"https:\/\/consejoderectores.cl\/en\/\",\"name\":\"Consejo de Rectoras y Rectores de las Universidades Chilenas\",\"description\":\"\",\"publisher\":{\"@id\":\"https:\/\/consejoderectores.cl\/en\/#organization\"},\"potentialAction\":[{\"@type\":\"SearchAction\",\"target\":{\"@type\":\"EntryPoint\",\"urlTemplate\":\"https:\/\/consejoderectores.cl\/en\/?s={search_term_string}\"},\"query-input\":{\"@type\":\"PropertyValueSpecification\",\"valueRequired\":true,\"valueName\":\"search_term_string\"}}],\"inLanguage\":\"en-US\"},{\"@type\":\"Organization\",\"@id\":\"https:\/\/consejoderectores.cl\/en\/#organization\",\"name\":\"Consejo de Rectoras y Rectores de las Universidades Chilenas\",\"url\":\"https:\/\/consejoderectores.cl\/en\/\",\"logo\":{\"@type\":\"ImageObject\",\"inLanguage\":\"en-US\",\"@id\":\"https:\/\/consejoderectores.cl\/en\/#\/schema\/logo\/image\/\",\"url\":\"https:\/\/consejoderectores.cl\/wp-content\/uploads\/2025\/12\/logoheader_2025.png\",\"contentUrl\":\"https:\/\/consejoderectores.cl\/wp-content\/uploads\/2025\/12\/logoheader_2025.png\",\"width\":666,\"height\":305,\"caption\":\"Consejo de Rectoras y Rectores de las Universidades Chilenas\"},\"image\":{\"@id\":\"https:\/\/consejoderectores.cl\/en\/#\/schema\/logo\/image\/\"},\"sameAs\":[\"https:\/\/x.com\/CRUCH_cl\",\"https:\/\/www.instagram.com\/consejoderectores\/\",\"https:\/\/www.linkedin.com\/company\/cruch\/\",\"https:\/\/www.youtube.com\/channel\/UCzgIFRCsDlKoFpimiQmEaOA\"]},{\"@type\":\"Person\",\"@id\":\"https:\/\/consejoderectores.cl\/en\/#\/schema\/person\/d863e44afde067fd4b57fac66ced709e\",\"name\":\"Consejo de Rectores de las Universidades Chilenas\",\"image\":{\"@type\":\"ImageObject\",\"inLanguage\":\"en-US\",\"@id\":\"https:\/\/consejoderectores.cl\/en\/#\/schema\/person\/image\/\",\"url\":\"https:\/\/secure.gravatar.com\/avatar\/c31e2a02401f041926afb8ee21ab666f0925814fe85d25a5c8db80e23722dfc1?s=96&d=mm&r=g\",\"contentUrl\":\"https:\/\/secure.gravatar.com\/avatar\/c31e2a02401f041926afb8ee21ab666f0925814fe85d25a5c8db80e23722dfc1?s=96&d=mm&r=g\",\"caption\":\"Consejo de Rectores de las Universidades Chilenas\"},\"sameAs\":[\"https:\/\/www.consejoderectores.cl\"],\"url\":\"https:\/\/consejoderectores.cl\/en\/author\/cruch\/\"}]}<\/script>\n<!-- \/ Yoast SEO plugin. -->","yoast_head_json":{"title":"CRUCH analiza impacto del Ranking de Notas con rectores de universidades privadas - Consejo de Rectoras y Rectores de las Universidades Chilenas","robots":{"index":"index","follow":"follow","max-snippet":"max-snippet:-1","max-image-preview":"max-image-preview:large","max-video-preview":"max-video-preview:-1"},"canonical":"https:\/\/consejoderectores.cl\/en\/2012\/06\/22\/603c6d80715c6\/","og_locale":"en_US","og_type":"article","og_title":"CRUCH analiza impacto del Ranking de Notas con rectores de universidades privadas - Consejo de Rectoras y Rectores de las Universidades Chilenas","og_description":"Las autoridades acad\u00e9micas fueron informadas respecto al nuevo factor del proceso de admisi\u00f3n y conocieron sus atributos desde el punto de vista de la inclusi\u00f3n y la equidad. \u00abHubo un di\u00e1logo muy productivo\u00bb, asegur\u00f3 el vicepresidente ejecutivo del Consejo de Rectores, Juan Manuel Zolezzi. En las oficinas del Consejo de Rectores se llev\u00f3 a cabo [&hellip;]","og_url":"https:\/\/consejoderectores.cl\/en\/2012\/06\/22\/603c6d80715c6\/","og_site_name":"Consejo de Rectoras y Rectores de las Universidades Chilenas","article_published_time":"2012-06-22T00:00:00+00:00","article_modified_time":"2022-01-25T00:44:31+00:00","og_image":[{"width":1024,"height":500,"url":"https:\/\/consejoderectores.cl\/wp-content\/uploads\/2021\/10\/declaraciones-publicas.jpg","type":"image\/jpeg"}],"author":"Consejo de Rectores de las Universidades Chilenas","twitter_card":"summary_large_image","twitter_creator":"@CRUCH_cl","twitter_site":"@CRUCH_cl","twitter_misc":{"Written by":"Consejo de Rectores de las Universidades Chilenas","Est. reading time":"2 minutes"},"schema":{"@context":"https:\/\/schema.org","@graph":[{"@type":"Article","@id":"https:\/\/consejoderectores.cl\/2012\/06\/22\/603c6d80715c6\/#article","isPartOf":{"@id":"https:\/\/consejoderectores.cl\/2012\/06\/22\/603c6d80715c6\/"},"author":{"name":"Consejo de Rectores de las Universidades Chilenas","@id":"https:\/\/consejoderectores.cl\/en\/#\/schema\/person\/d863e44afde067fd4b57fac66ced709e"},"headline":"CRUCH analiza impacto del Ranking de Notas con rectores de universidades privadas","datePublished":"2012-06-22T00:00:00+00:00","dateModified":"2022-01-25T00:44:31+00:00","mainEntityOfPage":{"@id":"https:\/\/consejoderectores.cl\/2012\/06\/22\/603c6d80715c6\/"},"wordCount":319,"commentCount":0,"publisher":{"@id":"https:\/\/consejoderectores.cl\/en\/#organization"},"image":{"@id":"https:\/\/consejoderectores.cl\/2012\/06\/22\/603c6d80715c6\/#primaryimage"},"thumbnailUrl":"https:\/\/consejoderectores.cl\/wp-content\/uploads\/2021\/10\/declaraciones-publicas.jpg","articleSection":["Noticias"],"inLanguage":"en-US","potentialAction":[{"@type":"CommentAction","name":"Comment","target":["https:\/\/consejoderectores.cl\/2012\/06\/22\/603c6d80715c6\/#respond"]}]},{"@type":"WebPage","@id":"https:\/\/consejoderectores.cl\/2012\/06\/22\/603c6d80715c6\/","url":"https:\/\/consejoderectores.cl\/2012\/06\/22\/603c6d80715c6\/","name":"CRUCH analiza impacto del Ranking de Notas con rectores de universidades privadas - Consejo de Rectoras y Rectores de las Universidades Chilenas","isPartOf":{"@id":"https:\/\/consejoderectores.cl\/en\/#website"},"primaryImageOfPage":{"@id":"https:\/\/consejoderectores.cl\/2012\/06\/22\/603c6d80715c6\/#primaryimage"},"image":{"@id":"https:\/\/consejoderectores.cl\/2012\/06\/22\/603c6d80715c6\/#primaryimage"},"thumbnailUrl":"https:\/\/consejoderectores.cl\/wp-content\/uploads\/2021\/10\/declaraciones-publicas.jpg","datePublished":"2012-06-22T00:00:00+00:00","dateModified":"2022-01-25T00:44:31+00:00","breadcrumb":{"@id":"https:\/\/consejoderectores.cl\/2012\/06\/22\/603c6d80715c6\/#breadcrumb"},"inLanguage":"en-US","potentialAction":[{"@type":"ReadAction","target":["https:\/\/consejoderectores.cl\/2012\/06\/22\/603c6d80715c6\/"]}]},{"@type":"ImageObject","inLanguage":"en-US","@id":"https:\/\/consejoderectores.cl\/2012\/06\/22\/603c6d80715c6\/#primaryimage","url":"https:\/\/consejoderectores.cl\/wp-content\/uploads\/2021\/10\/declaraciones-publicas.jpg","contentUrl":"https:\/\/consejoderectores.cl\/wp-content\/uploads\/2021\/10\/declaraciones-publicas.jpg","width":1024,"height":500},{"@type":"BreadcrumbList","@id":"https:\/\/consejoderectores.cl\/2012\/06\/22\/603c6d80715c6\/#breadcrumb","itemListElement":[{"@type":"ListItem","position":1,"name":"Home","item":"https:\/\/consejoderectores.cl\/"},{"@type":"ListItem","position":2,"name":"CRUCH analiza impacto del Ranking de Notas con rectores de universidades privadas"}]},{"@type":"WebSite","@id":"https:\/\/consejoderectores.cl\/en\/#website","url":"https:\/\/consejoderectores.cl\/en\/","name":"Council of Rectors of Chilean Universities","description":"","publisher":{"@id":"https:\/\/consejoderectores.cl\/en\/#organization"},"potentialAction":[{"@type":"SearchAction","target":{"@type":"EntryPoint","urlTemplate":"https:\/\/consejoderectores.cl\/en\/?s={search_term_string}"},"query-input":{"@type":"PropertyValueSpecification","valueRequired":true,"valueName":"search_term_string"}}],"inLanguage":"en-US"},{"@type":"Organization","@id":"https:\/\/consejoderectores.cl\/en\/#organization","name":"Council of Rectors of Chilean Universities","url":"https:\/\/consejoderectores.cl\/en\/","logo":{"@type":"ImageObject","inLanguage":"en-US","@id":"https:\/\/consejoderectores.cl\/en\/#\/schema\/logo\/image\/","url":"https:\/\/consejoderectores.cl\/wp-content\/uploads\/2025\/12\/logoheader_2025.png","contentUrl":"https:\/\/consejoderectores.cl\/wp-content\/uploads\/2025\/12\/logoheader_2025.png","width":666,"height":305,"caption":"Consejo de Rectoras y Rectores de las Universidades Chilenas"},"image":{"@id":"https:\/\/consejoderectores.cl\/en\/#\/schema\/logo\/image\/"},"sameAs":["https:\/\/x.com\/CRUCH_cl","https:\/\/www.instagram.com\/consejoderectores\/","https:\/\/www.linkedin.com\/company\/cruch\/","https:\/\/www.youtube.com\/channel\/UCzgIFRCsDlKoFpimiQmEaOA"]},{"@type":"Person","@id":"https:\/\/consejoderectores.cl\/en\/#\/schema\/person\/d863e44afde067fd4b57fac66ced709e","name":"Council of Rectors of Chilean Universities","image":{"@type":"ImageObject","inLanguage":"en-US","@id":"https:\/\/consejoderectores.cl\/en\/#\/schema\/person\/image\/","url":"https:\/\/secure.gravatar.com\/avatar\/c31e2a02401f041926afb8ee21ab666f0925814fe85d25a5c8db80e23722dfc1?s=96&d=mm&r=g","contentUrl":"https:\/\/secure.gravatar.com\/avatar\/c31e2a02401f041926afb8ee21ab666f0925814fe85d25a5c8db80e23722dfc1?s=96&d=mm&r=g","caption":"Consejo de Rectores de las Universidades Chilenas"},"sameAs":["https:\/\/www.consejoderectores.cl"],"url":"https:\/\/consejoderectores.cl\/en\/author\/cruch\/"}]}},"_links":{"self":[{"href":"https:\/\/consejoderectores.cl\/en\/wp-json\/wp\/v2\/posts\/1182","targetHints":{"allow":["GET"]}}],"collection":[{"href":"https:\/\/consejoderectores.cl\/en\/wp-json\/wp\/v2\/posts"}],"about":[{"href":"https:\/\/consejoderectores.cl\/en\/wp-json\/wp\/v2\/types\/post"}],"author":[{"embeddable":true,"href":"https:\/\/consejoderectores.cl\/en\/wp-json\/wp\/v2\/users\/1"}],"replies":[{"embeddable":true,"href":"https:\/\/consejoderectores.cl\/en\/wp-json\/wp\/v2\/comments?post=1182"}],"version-history":[{"count":2,"href":"https:\/\/consejoderectores.cl\/en\/wp-json\/wp\/v2\/posts\/1182\/revisions"}],"predecessor-version":[{"id":5903,"href":"https:\/\/consejoderectores.cl\/en\/wp-json\/wp\/v2\/posts\/1182\/revisions\/5903"}],"wp:featuredmedia":[{"embeddable":true,"href":"https:\/\/consejoderectores.cl\/en\/wp-json\/wp\/v2\/media\/3592"}],"wp:attachment":[{"href":"https:\/\/consejoderectores.cl\/en\/wp-json\/wp\/v2\/media?parent=1182"}],"wp:term":[{"taxonomy":"category","embeddable":true,"href":"https:\/\/consejoderectores.cl\/en\/wp-json\/wp\/v2\/categories?post=1182"},{"taxonomy":"post_tag","embeddable":true,"href":"https:\/\/consejoderectores.cl\/en\/wp-json\/wp\/v2\/tags?post=1182"}],"curies":[{"name":"wp","href":"https:\/\/api.w.org\/{rel}","templated":true}]}}