{"id":1176,"date":"2012-06-15T00:00:00","date_gmt":"2012-06-15T00:00:00","guid":{"rendered":""},"modified":"2022-01-25T17:35:45","modified_gmt":"2022-01-25T17:35:45","slug":"603c6d8071113","status":"publish","type":"post","link":"https:\/\/consejoderectores.cl\/en\/2012\/06\/15\/603c6d8071113\/","title":{"rendered":"CRUCH approves inclusion of the Grade Ranking in the 2013 Admission Process"},"content":{"rendered":"<blockquote><p>In an extraordinary plenary session, the inclusion of this factor as one more element within the selection variables was approved, starting with the 2013 admission.<\/p>\n<p>In addition, the schedule for the 2013 Admission Process was established, with the dates for taking the PSU exams set for December 3 and 4.<\/p><\/blockquote>\n<p>\u201cStarting today, DEMRE and CTA will begin working to implement the ranking process and establish the corresponding mechanics so that this year&#039;s selection process includes the grade ranking of students from all schools, whether municipal, private-subsidized, or private,\u201d declared Juan Manuel Zolezzi, executive vice president of the Council of Rectors of Chilean Universities (CRUCH), after the extraordinary plenary session that brought together the 25 rectors to discuss the Grade Ranking and the definition of the 2013 Admission Process calendar.<\/p>\n<p>A project long discussed and desired by many sectors of the citizenry, the inclusion of the Grade Ranking as one more element within the selection variables must be assumed by all the universities adhering to the admission process, which would be the 25 institutions that make up the CRUCH and the 8 private universities that joined last year.<\/p>\n<p>The ultimate goal of integrating this new variable is to reduce inequality and the lack of socioeconomic diversity that exists within schools today, expanding the possibilities of access to higher education.<\/p>\n<p>\u201cThe PSU (University Selection Test) is useful, it has been useful for many years, and it will continue to be useful for many more. The problem is that it cannot, on its own, eliminate an effect that students bring from their own schools, which is the inequality in terms of knowledge and the quality of education they received during their schooling. When we talk about rankings, we can put on equal footing those students who are at the top of their class in a private school and those at the top of their class in a public school,\u201d Zolezzi emphasized.<\/p>\n<p>The CRUCH agreement was definitive in the decision to include the ranking for this year, but the final procedure of how it will be carried out will be presented by the Technical Advisory Committee (CTA) and the Department of Educational Evaluation, Measurement and Registration (DEMRE) of the University of Chile at the next plenary session, which will take place on Thursday, June 28 at the Federico Santa Mar\u00eda University of Valpara\u00edso.<\/p>\n<p>Furthermore, by that same date the rectors committed to detailing the weighting range of this measure.<\/p>\n<h4>2013 Admission Process Calendar<\/h4>\n<p>Another important agreement was the schedule for the 2013 Admission Process. The dates for the University Selection Tests (PSU) were set for Monday, December 3 (Language and Communication and Sciences) and Tuesday, December 4 (Mathematics and History).<\/p>\n<p>Sunday, December 2nd, has been designated as the day for room assignments. This year&#039;s PSU results will be released on December 26th starting at 11:00 PM, and applications\u2014which will be submitted online\u2014will be accepted on December 27th, 28th, and 29th.<\/p>\n<p>The selection results will be published on January 8th, and from the following day registration and the withdrawal period will begin, which lasts for 10 days, until January 18th.<\/p>\n<p>&nbsp;<\/p>\n<div><\/div>","protected":false},"excerpt":{"rendered":"<p>En sesi\u00f3n plenaria extraordinaria se aprob\u00f3 la inclusi\u00f3n de este factor como un elemento m\u00e1s dentro de las variables de selecci\u00f3n a partir de la admisi\u00f3n 2013. Adem\u00e1s se estableci\u00f3 el calendario del Proceso de Admisi\u00f3n 2013, quedando las fechas de rendici\u00f3n de las PSU para los d\u00edas 3 y 4 de diciembre. \u201cA partir [&hellip;]<\/p>\n","protected":false},"author":1,"featured_media":5650,"comment_status":"open","ping_status":"open","sticky":false,"template":"","format":"standard","meta":{"_acf_changed":false,"footnotes":""},"categories":[3],"tags":[],"class_list":["post-1176","post","type-post","status-publish","format-standard","has-post-thumbnail","hentry","category-noticias"],"acf":[],"yoast_head":"<!-- This site is optimized with the Yoast SEO plugin v27.1.1 - https:\/\/yoast.com\/product\/yoast-seo-wordpress\/ -->\n<title>CRUCH aprueba inclusi\u00f3n del Ranking de Notas en Proceso de Admisi\u00f3n 2013 - Consejo de Rectoras y Rectores de las Universidades Chilenas<\/title>\n<meta name=\"robots\" content=\"index, follow, max-snippet:-1, max-image-preview:large, max-video-preview:-1\" \/>\n<link rel=\"canonical\" href=\"https:\/\/consejoderectores.cl\/en\/2012\/06\/15\/603c6d8071113\/\" \/>\n<meta property=\"og:locale\" content=\"en_US\" \/>\n<meta property=\"og:type\" content=\"article\" \/>\n<meta property=\"og:title\" content=\"CRUCH aprueba inclusi\u00f3n del Ranking de Notas en Proceso de Admisi\u00f3n 2013 - Consejo de Rectoras y Rectores de las Universidades Chilenas\" \/>\n<meta property=\"og:description\" content=\"En sesi\u00f3n plenaria extraordinaria se aprob\u00f3 la inclusi\u00f3n de este factor como un elemento m\u00e1s dentro de las variables de selecci\u00f3n a partir de la admisi\u00f3n 2013. Adem\u00e1s se estableci\u00f3 el calendario del Proceso de Admisi\u00f3n 2013, quedando las fechas de rendici\u00f3n de las PSU para los d\u00edas 3 y 4 de diciembre. \u201cA partir [&hellip;]\" \/>\n<meta property=\"og:url\" content=\"https:\/\/consejoderectores.cl\/en\/2012\/06\/15\/603c6d8071113\/\" \/>\n<meta property=\"og:site_name\" content=\"Consejo de Rectoras y Rectores de las Universidades Chilenas\" \/>\n<meta property=\"article:published_time\" content=\"2012-06-15T00:00:00+00:00\" \/>\n<meta property=\"article:modified_time\" content=\"2022-01-25T17:35:45+00:00\" \/>\n<meta property=\"og:image\" content=\"https:\/\/consejoderectores.cl\/wp-content\/uploads\/2013\/11\/education-g89289f836_1920.jpg\" \/>\n\t<meta property=\"og:image:width\" content=\"1920\" \/>\n\t<meta property=\"og:image:height\" content=\"1214\" \/>\n\t<meta property=\"og:image:type\" content=\"image\/jpeg\" \/>\n<meta name=\"author\" content=\"Consejo de Rectores de las Universidades Chilenas\" \/>\n<meta name=\"twitter:card\" content=\"summary_large_image\" \/>\n<meta name=\"twitter:creator\" content=\"@CRUCH_cl\" \/>\n<meta name=\"twitter:site\" content=\"@CRUCH_cl\" \/>\n<meta name=\"twitter:label1\" content=\"Written by\" \/>\n\t<meta name=\"twitter:data1\" content=\"Consejo de Rectores de las Universidades Chilenas\" \/>\n\t<meta name=\"twitter:label2\" content=\"Est. reading time\" \/>\n\t<meta name=\"twitter:data2\" content=\"3 minutes\" \/>\n<script type=\"application\/ld+json\" class=\"yoast-schema-graph\">{\"@context\":\"https:\/\/schema.org\",\"@graph\":[{\"@type\":\"Article\",\"@id\":\"https:\/\/consejoderectores.cl\/2012\/06\/15\/603c6d8071113\/#article\",\"isPartOf\":{\"@id\":\"https:\/\/consejoderectores.cl\/2012\/06\/15\/603c6d8071113\/\"},\"author\":{\"name\":\"Consejo de Rectores de las Universidades Chilenas\",\"@id\":\"https:\/\/consejoderectores.cl\/en\/#\/schema\/person\/d863e44afde067fd4b57fac66ced709e\"},\"headline\":\"CRUCH aprueba inclusi\u00f3n del Ranking de Notas en Proceso de Admisi\u00f3n 2013\",\"datePublished\":\"2012-06-15T00:00:00+00:00\",\"dateModified\":\"2022-01-25T17:35:45+00:00\",\"mainEntityOfPage\":{\"@id\":\"https:\/\/consejoderectores.cl\/2012\/06\/15\/603c6d8071113\/\"},\"wordCount\":630,\"commentCount\":0,\"publisher\":{\"@id\":\"https:\/\/consejoderectores.cl\/en\/#organization\"},\"image\":{\"@id\":\"https:\/\/consejoderectores.cl\/2012\/06\/15\/603c6d8071113\/#primaryimage\"},\"thumbnailUrl\":\"https:\/\/consejoderectores.cl\/wp-content\/uploads\/2013\/11\/education-g89289f836_1920.jpg\",\"articleSection\":[\"Noticias\"],\"inLanguage\":\"en-US\",\"potentialAction\":[{\"@type\":\"CommentAction\",\"name\":\"Comment\",\"target\":[\"https:\/\/consejoderectores.cl\/2012\/06\/15\/603c6d8071113\/#respond\"]}]},{\"@type\":\"WebPage\",\"@id\":\"https:\/\/consejoderectores.cl\/2012\/06\/15\/603c6d8071113\/\",\"url\":\"https:\/\/consejoderectores.cl\/2012\/06\/15\/603c6d8071113\/\",\"name\":\"CRUCH aprueba inclusi\u00f3n del Ranking de Notas en Proceso de Admisi\u00f3n 2013 - Consejo de Rectoras y Rectores de las Universidades Chilenas\",\"isPartOf\":{\"@id\":\"https:\/\/consejoderectores.cl\/en\/#website\"},\"primaryImageOfPage\":{\"@id\":\"https:\/\/consejoderectores.cl\/2012\/06\/15\/603c6d8071113\/#primaryimage\"},\"image\":{\"@id\":\"https:\/\/consejoderectores.cl\/2012\/06\/15\/603c6d8071113\/#primaryimage\"},\"thumbnailUrl\":\"https:\/\/consejoderectores.cl\/wp-content\/uploads\/2013\/11\/education-g89289f836_1920.jpg\",\"datePublished\":\"2012-06-15T00:00:00+00:00\",\"dateModified\":\"2022-01-25T17:35:45+00:00\",\"breadcrumb\":{\"@id\":\"https:\/\/consejoderectores.cl\/2012\/06\/15\/603c6d8071113\/#breadcrumb\"},\"inLanguage\":\"en-US\",\"potentialAction\":[{\"@type\":\"ReadAction\",\"target\":[\"https:\/\/consejoderectores.cl\/2012\/06\/15\/603c6d8071113\/\"]}]},{\"@type\":\"ImageObject\",\"inLanguage\":\"en-US\",\"@id\":\"https:\/\/consejoderectores.cl\/2012\/06\/15\/603c6d8071113\/#primaryimage\",\"url\":\"https:\/\/consejoderectores.cl\/wp-content\/uploads\/2013\/11\/education-g89289f836_1920.jpg\",\"contentUrl\":\"https:\/\/consejoderectores.cl\/wp-content\/uploads\/2013\/11\/education-g89289f836_1920.jpg\",\"width\":1920,\"height\":1214},{\"@type\":\"BreadcrumbList\",\"@id\":\"https:\/\/consejoderectores.cl\/2012\/06\/15\/603c6d8071113\/#breadcrumb\",\"itemListElement\":[{\"@type\":\"ListItem\",\"position\":1,\"name\":\"Home\",\"item\":\"https:\/\/consejoderectores.cl\/\"},{\"@type\":\"ListItem\",\"position\":2,\"name\":\"CRUCH aprueba inclusi\u00f3n del Ranking de Notas en Proceso de Admisi\u00f3n 2013\"}]},{\"@type\":\"WebSite\",\"@id\":\"https:\/\/consejoderectores.cl\/en\/#website\",\"url\":\"https:\/\/consejoderectores.cl\/en\/\",\"name\":\"Consejo de Rectoras y Rectores de las Universidades Chilenas\",\"description\":\"\",\"publisher\":{\"@id\":\"https:\/\/consejoderectores.cl\/en\/#organization\"},\"potentialAction\":[{\"@type\":\"SearchAction\",\"target\":{\"@type\":\"EntryPoint\",\"urlTemplate\":\"https:\/\/consejoderectores.cl\/en\/?s={search_term_string}\"},\"query-input\":{\"@type\":\"PropertyValueSpecification\",\"valueRequired\":true,\"valueName\":\"search_term_string\"}}],\"inLanguage\":\"en-US\"},{\"@type\":\"Organization\",\"@id\":\"https:\/\/consejoderectores.cl\/en\/#organization\",\"name\":\"Consejo de Rectoras y Rectores de las Universidades Chilenas\",\"url\":\"https:\/\/consejoderectores.cl\/en\/\",\"logo\":{\"@type\":\"ImageObject\",\"inLanguage\":\"en-US\",\"@id\":\"https:\/\/consejoderectores.cl\/en\/#\/schema\/logo\/image\/\",\"url\":\"https:\/\/consejoderectores.cl\/wp-content\/uploads\/2025\/12\/logoheader_2025.png\",\"contentUrl\":\"https:\/\/consejoderectores.cl\/wp-content\/uploads\/2025\/12\/logoheader_2025.png\",\"width\":666,\"height\":305,\"caption\":\"Consejo de Rectoras y Rectores de las Universidades Chilenas\"},\"image\":{\"@id\":\"https:\/\/consejoderectores.cl\/en\/#\/schema\/logo\/image\/\"},\"sameAs\":[\"https:\/\/x.com\/CRUCH_cl\",\"https:\/\/www.instagram.com\/consejoderectores\/\",\"https:\/\/www.linkedin.com\/company\/cruch\/\",\"https:\/\/www.youtube.com\/channel\/UCzgIFRCsDlKoFpimiQmEaOA\"]},{\"@type\":\"Person\",\"@id\":\"https:\/\/consejoderectores.cl\/en\/#\/schema\/person\/d863e44afde067fd4b57fac66ced709e\",\"name\":\"Consejo de Rectores de las Universidades Chilenas\",\"image\":{\"@type\":\"ImageObject\",\"inLanguage\":\"en-US\",\"@id\":\"https:\/\/consejoderectores.cl\/en\/#\/schema\/person\/image\/\",\"url\":\"https:\/\/secure.gravatar.com\/avatar\/c31e2a02401f041926afb8ee21ab666f0925814fe85d25a5c8db80e23722dfc1?s=96&d=mm&r=g\",\"contentUrl\":\"https:\/\/secure.gravatar.com\/avatar\/c31e2a02401f041926afb8ee21ab666f0925814fe85d25a5c8db80e23722dfc1?s=96&d=mm&r=g\",\"caption\":\"Consejo de Rectores de las Universidades Chilenas\"},\"sameAs\":[\"https:\/\/www.consejoderectores.cl\"],\"url\":\"https:\/\/consejoderectores.cl\/en\/author\/cruch\/\"}]}<\/script>\n<!-- \/ Yoast SEO plugin. -->","yoast_head_json":{"title":"CRUCH aprueba inclusi\u00f3n del Ranking de Notas en Proceso de Admisi\u00f3n 2013 - Consejo de Rectoras y Rectores de las Universidades Chilenas","robots":{"index":"index","follow":"follow","max-snippet":"max-snippet:-1","max-image-preview":"max-image-preview:large","max-video-preview":"max-video-preview:-1"},"canonical":"https:\/\/consejoderectores.cl\/en\/2012\/06\/15\/603c6d8071113\/","og_locale":"en_US","og_type":"article","og_title":"CRUCH aprueba inclusi\u00f3n del Ranking de Notas en Proceso de Admisi\u00f3n 2013 - Consejo de Rectoras y Rectores de las Universidades Chilenas","og_description":"En sesi\u00f3n plenaria extraordinaria se aprob\u00f3 la inclusi\u00f3n de este factor como un elemento m\u00e1s dentro de las variables de selecci\u00f3n a partir de la admisi\u00f3n 2013. Adem\u00e1s se estableci\u00f3 el calendario del Proceso de Admisi\u00f3n 2013, quedando las fechas de rendici\u00f3n de las PSU para los d\u00edas 3 y 4 de diciembre. \u201cA partir [&hellip;]","og_url":"https:\/\/consejoderectores.cl\/en\/2012\/06\/15\/603c6d8071113\/","og_site_name":"Consejo de Rectoras y Rectores de las Universidades Chilenas","article_published_time":"2012-06-15T00:00:00+00:00","article_modified_time":"2022-01-25T17:35:45+00:00","og_image":[{"width":1920,"height":1214,"url":"https:\/\/consejoderectores.cl\/wp-content\/uploads\/2013\/11\/education-g89289f836_1920.jpg","type":"image\/jpeg"}],"author":"Consejo de Rectores de las Universidades Chilenas","twitter_card":"summary_large_image","twitter_creator":"@CRUCH_cl","twitter_site":"@CRUCH_cl","twitter_misc":{"Written by":"Consejo de Rectores de las Universidades Chilenas","Est. reading time":"3 minutes"},"schema":{"@context":"https:\/\/schema.org","@graph":[{"@type":"Article","@id":"https:\/\/consejoderectores.cl\/2012\/06\/15\/603c6d8071113\/#article","isPartOf":{"@id":"https:\/\/consejoderectores.cl\/2012\/06\/15\/603c6d8071113\/"},"author":{"name":"Consejo de Rectores de las Universidades Chilenas","@id":"https:\/\/consejoderectores.cl\/en\/#\/schema\/person\/d863e44afde067fd4b57fac66ced709e"},"headline":"CRUCH aprueba inclusi\u00f3n del Ranking de Notas en Proceso de Admisi\u00f3n 2013","datePublished":"2012-06-15T00:00:00+00:00","dateModified":"2022-01-25T17:35:45+00:00","mainEntityOfPage":{"@id":"https:\/\/consejoderectores.cl\/2012\/06\/15\/603c6d8071113\/"},"wordCount":630,"commentCount":0,"publisher":{"@id":"https:\/\/consejoderectores.cl\/en\/#organization"},"image":{"@id":"https:\/\/consejoderectores.cl\/2012\/06\/15\/603c6d8071113\/#primaryimage"},"thumbnailUrl":"https:\/\/consejoderectores.cl\/wp-content\/uploads\/2013\/11\/education-g89289f836_1920.jpg","articleSection":["Noticias"],"inLanguage":"en-US","potentialAction":[{"@type":"CommentAction","name":"Comment","target":["https:\/\/consejoderectores.cl\/2012\/06\/15\/603c6d8071113\/#respond"]}]},{"@type":"WebPage","@id":"https:\/\/consejoderectores.cl\/2012\/06\/15\/603c6d8071113\/","url":"https:\/\/consejoderectores.cl\/2012\/06\/15\/603c6d8071113\/","name":"CRUCH aprueba inclusi\u00f3n del Ranking de Notas en Proceso de Admisi\u00f3n 2013 - Consejo de Rectoras y Rectores de las Universidades Chilenas","isPartOf":{"@id":"https:\/\/consejoderectores.cl\/en\/#website"},"primaryImageOfPage":{"@id":"https:\/\/consejoderectores.cl\/2012\/06\/15\/603c6d8071113\/#primaryimage"},"image":{"@id":"https:\/\/consejoderectores.cl\/2012\/06\/15\/603c6d8071113\/#primaryimage"},"thumbnailUrl":"https:\/\/consejoderectores.cl\/wp-content\/uploads\/2013\/11\/education-g89289f836_1920.jpg","datePublished":"2012-06-15T00:00:00+00:00","dateModified":"2022-01-25T17:35:45+00:00","breadcrumb":{"@id":"https:\/\/consejoderectores.cl\/2012\/06\/15\/603c6d8071113\/#breadcrumb"},"inLanguage":"en-US","potentialAction":[{"@type":"ReadAction","target":["https:\/\/consejoderectores.cl\/2012\/06\/15\/603c6d8071113\/"]}]},{"@type":"ImageObject","inLanguage":"en-US","@id":"https:\/\/consejoderectores.cl\/2012\/06\/15\/603c6d8071113\/#primaryimage","url":"https:\/\/consejoderectores.cl\/wp-content\/uploads\/2013\/11\/education-g89289f836_1920.jpg","contentUrl":"https:\/\/consejoderectores.cl\/wp-content\/uploads\/2013\/11\/education-g89289f836_1920.jpg","width":1920,"height":1214},{"@type":"BreadcrumbList","@id":"https:\/\/consejoderectores.cl\/2012\/06\/15\/603c6d8071113\/#breadcrumb","itemListElement":[{"@type":"ListItem","position":1,"name":"Home","item":"https:\/\/consejoderectores.cl\/"},{"@type":"ListItem","position":2,"name":"CRUCH aprueba inclusi\u00f3n del Ranking de Notas en Proceso de Admisi\u00f3n 2013"}]},{"@type":"WebSite","@id":"https:\/\/consejoderectores.cl\/en\/#website","url":"https:\/\/consejoderectores.cl\/en\/","name":"Council of Rectors of Chilean Universities","description":"","publisher":{"@id":"https:\/\/consejoderectores.cl\/en\/#organization"},"potentialAction":[{"@type":"SearchAction","target":{"@type":"EntryPoint","urlTemplate":"https:\/\/consejoderectores.cl\/en\/?s={search_term_string}"},"query-input":{"@type":"PropertyValueSpecification","valueRequired":true,"valueName":"search_term_string"}}],"inLanguage":"en-US"},{"@type":"Organization","@id":"https:\/\/consejoderectores.cl\/en\/#organization","name":"Council of Rectors of Chilean Universities","url":"https:\/\/consejoderectores.cl\/en\/","logo":{"@type":"ImageObject","inLanguage":"en-US","@id":"https:\/\/consejoderectores.cl\/en\/#\/schema\/logo\/image\/","url":"https:\/\/consejoderectores.cl\/wp-content\/uploads\/2025\/12\/logoheader_2025.png","contentUrl":"https:\/\/consejoderectores.cl\/wp-content\/uploads\/2025\/12\/logoheader_2025.png","width":666,"height":305,"caption":"Consejo de Rectoras y Rectores de las Universidades Chilenas"},"image":{"@id":"https:\/\/consejoderectores.cl\/en\/#\/schema\/logo\/image\/"},"sameAs":["https:\/\/x.com\/CRUCH_cl","https:\/\/www.instagram.com\/consejoderectores\/","https:\/\/www.linkedin.com\/company\/cruch\/","https:\/\/www.youtube.com\/channel\/UCzgIFRCsDlKoFpimiQmEaOA"]},{"@type":"Person","@id":"https:\/\/consejoderectores.cl\/en\/#\/schema\/person\/d863e44afde067fd4b57fac66ced709e","name":"Council of Rectors of Chilean Universities","image":{"@type":"ImageObject","inLanguage":"en-US","@id":"https:\/\/consejoderectores.cl\/en\/#\/schema\/person\/image\/","url":"https:\/\/secure.gravatar.com\/avatar\/c31e2a02401f041926afb8ee21ab666f0925814fe85d25a5c8db80e23722dfc1?s=96&d=mm&r=g","contentUrl":"https:\/\/secure.gravatar.com\/avatar\/c31e2a02401f041926afb8ee21ab666f0925814fe85d25a5c8db80e23722dfc1?s=96&d=mm&r=g","caption":"Consejo de Rectores de las Universidades Chilenas"},"sameAs":["https:\/\/www.consejoderectores.cl"],"url":"https:\/\/consejoderectores.cl\/en\/author\/cruch\/"}]}},"_links":{"self":[{"href":"https:\/\/consejoderectores.cl\/en\/wp-json\/wp\/v2\/posts\/1176","targetHints":{"allow":["GET"]}}],"collection":[{"href":"https:\/\/consejoderectores.cl\/en\/wp-json\/wp\/v2\/posts"}],"about":[{"href":"https:\/\/consejoderectores.cl\/en\/wp-json\/wp\/v2\/types\/post"}],"author":[{"embeddable":true,"href":"https:\/\/consejoderectores.cl\/en\/wp-json\/wp\/v2\/users\/1"}],"replies":[{"embeddable":true,"href":"https:\/\/consejoderectores.cl\/en\/wp-json\/wp\/v2\/comments?post=1176"}],"version-history":[{"count":2,"href":"https:\/\/consejoderectores.cl\/en\/wp-json\/wp\/v2\/posts\/1176\/revisions"}],"predecessor-version":[{"id":5923,"href":"https:\/\/consejoderectores.cl\/en\/wp-json\/wp\/v2\/posts\/1176\/revisions\/5923"}],"wp:featuredmedia":[{"embeddable":true,"href":"https:\/\/consejoderectores.cl\/en\/wp-json\/wp\/v2\/media\/5650"}],"wp:attachment":[{"href":"https:\/\/consejoderectores.cl\/en\/wp-json\/wp\/v2\/media?parent=1176"}],"wp:term":[{"taxonomy":"category","embeddable":true,"href":"https:\/\/consejoderectores.cl\/en\/wp-json\/wp\/v2\/categories?post=1176"},{"taxonomy":"post_tag","embeddable":true,"href":"https:\/\/consejoderectores.cl\/en\/wp-json\/wp\/v2\/tags?post=1176"}],"curies":[{"name":"wp","href":"https:\/\/api.w.org\/{rel}","templated":true}]}}