{"id":1175,"date":"2012-06-08T00:00:00","date_gmt":"2012-06-08T00:00:00","guid":{"rendered":""},"modified":"2022-01-25T17:44:36","modified_gmt":"2022-01-25T17:44:36","slug":"603c6d807104a","status":"publish","type":"post","link":"https:\/\/consejoderectores.cl\/en\/2012\/06\/08\/603c6d807104a\/","title":{"rendered":"Mar\u00eda Zu\u00f1iga, president of the deans of Education at CRUCH: \u201cIf we want the best to come to education, let&#039;s start by introducing a minimum standard for applications\u2026\u201d"},"content":{"rendered":"<blockquote><p>The academic met with the Minister of Education, Harald Beyer, to discuss the admission requirements for teacher training programs and the Inicia Test. &quot;If we want the best students to come to education, let&#039;s start by introducing a minimum standard for the application process,&quot; warned the dean of the University of La Serena.<\/p><\/blockquote>\n<p>Today, the deans of Education from the Council of Rectors of Chilean Universities (CRUCH) met with Minister Harald Beyer at the Ministry of Education to discuss teacher training and the results of the Inicia Test, among other topics.<\/p>\n<p>Upon leaving the meeting, Mar\u00eda Zu\u00f1iga, president of the deans of Education at CRUCH, stated that requiring a minimum application score of 500 points for all higher education institutions that offer the Pedagogy degree is a matter of principle.<\/p>\n<p>\u201cEssentially, we wanted to see how the Ministry would respond to our position regarding the development of a public policy for teacher training. We wanted to know who will be eligible to apply to teacher education programs, because last year the Council of Rectors of Chilean Universities (CRUCH) agreed to establish a minimum application score of 500 points. Since we advocate for selective admissions, we want to limit this requirement, given that a significant portion of the Higher Education System is unregulated. Some programs at universities outside the CRUCH do not have this minimum application score. We consider this a matter of principle. If we want the best candidates to enter the field of education, we should start by introducing a minimum application score,\u201d said the Dean of Education at the University of La Serena.<\/p>\n<p>Minister Beyer stated that the Ministry of Education is open to moving forward with stricter admission requirements for teacher training programs. &quot;The requirements could involve higher scores or other factors, such as school rankings. We must be careful to choose the most appropriate instruments for this purpose,&quot; the education official said.<\/p>\n<h4>Test Start<\/h4>\n<p>Regarding the Inicia Test, the representative of the deans of Education from CRUCH explained that they had raised concerns about how the results were released and pointed out the inappropriateness of making the test a qualifying factor in the short term. She added that they will work on an alternative proposal to the Inicia Test.<\/p>\n<p>\u201cWe believe the test is necessary, but we think that at this time, making it a qualifying measure wouldn&#039;t be very appropriate because our institutions are working on it, but somewhat behind schedule, in relation to the test&#039;s benchmarks, such as the standards. We&#039;ve asked for some time because it&#039;s a lengthy process to make the curricular changes that allow us to incorporate these new guidelines. We&#039;re discussing a gradual approach to this professional qualification process based on the test and evaluating whether there are other instruments that, together with Inicia, would allow us to give this assessment a more comprehensive dimension. It&#039;s good to think about standards, numbers, and figures, but there&#039;s also a value in teacher training that isn&#039;t so tangible, it&#039;s not quantifiable, and I think the processes should reflect that ethical, social, and cultural development that teacher training in Chile entails,\u201d Zu\u00f1iga stated.<\/p>\n<p>Beyer, for his part, indicated that they would be given a reasonable timeframe because the situation was untenable due to the unsatisfactory results of the Initial Assessment Test in the country. He added that the Ministry considers the Initial Assessment Test to be good, as it meets adequate international standards, although they are open to improving it. \u201cWe have a bill in Congress that makes it a qualifying and mandatory requirement, and what we want is to expedite that bill. In fact, we have been gathering political support to accelerate its passage, and we hope to have news on that front soon.\u201d.<\/p>\n<p>&nbsp;<\/p>","protected":false},"excerpt":{"rendered":"<p>La acad\u00e9mica se reuni\u00f3 con el ministro de Educaci\u00f3n, Harald Beyer, para abordar los requisitos de acceso a Pedagog\u00eda y la Prueba Inicia. \u00abSi queremos que vengan los mejores a educaci\u00f3n, partamos por introducir tambi\u00e9n un m\u00ednimo en la postulaci\u00f3n de ingreso\u00bb, advirti\u00f3 la decana de la Universidad de La Serena. En el Ministerio de [&hellip;]<\/p>\n","protected":false},"author":1,"featured_media":3592,"comment_status":"open","ping_status":"open","sticky":false,"template":"","format":"standard","meta":{"_acf_changed":false,"footnotes":""},"categories":[3],"tags":[],"class_list":["post-1175","post","type-post","status-publish","format-standard","has-post-thumbnail","hentry","category-noticias"],"acf":[],"yoast_head":"<!-- This site is optimized with the Yoast SEO plugin v27.1.1 - https:\/\/yoast.com\/product\/yoast-seo-wordpress\/ -->\n<title>Mar\u00eda Zu\u00f1iga, presidenta de los decanos de Educaci\u00f3n del CRUCH: \u2028\u2028\u201cSi queremos que vengan los mejores a educaci\u00f3n, partamos por introducir tambi\u00e9n un m\u00ednimo en la postulaci\u00f3n... - Consejo de Rectoras y Rectores de las Universidades Chilenas<\/title>\n<meta name=\"robots\" content=\"index, follow, max-snippet:-1, max-image-preview:large, max-video-preview:-1\" \/>\n<link rel=\"canonical\" href=\"https:\/\/consejoderectores.cl\/en\/2012\/06\/08\/603c6d807104a\/\" \/>\n<meta property=\"og:locale\" content=\"en_US\" \/>\n<meta property=\"og:type\" content=\"article\" \/>\n<meta property=\"og:title\" content=\"Mar\u00eda Zu\u00f1iga, presidenta de los decanos de Educaci\u00f3n del CRUCH: \u2028\u2028\u201cSi queremos que vengan los mejores a educaci\u00f3n, partamos por introducir tambi\u00e9n un m\u00ednimo en la postulaci\u00f3n... - Consejo de Rectoras y Rectores de las Universidades Chilenas\" \/>\n<meta property=\"og:description\" content=\"La acad\u00e9mica se reuni\u00f3 con el ministro de Educaci\u00f3n, Harald Beyer, para abordar los requisitos de acceso a Pedagog\u00eda y la Prueba Inicia. \u00abSi queremos que vengan los mejores a educaci\u00f3n, partamos por introducir tambi\u00e9n un m\u00ednimo en la postulaci\u00f3n de ingreso\u00bb, advirti\u00f3 la decana de la Universidad de La Serena. En el Ministerio de [&hellip;]\" \/>\n<meta property=\"og:url\" content=\"https:\/\/consejoderectores.cl\/en\/2012\/06\/08\/603c6d807104a\/\" \/>\n<meta property=\"og:site_name\" content=\"Consejo de Rectoras y Rectores de las Universidades Chilenas\" \/>\n<meta property=\"article:published_time\" content=\"2012-06-08T00:00:00+00:00\" \/>\n<meta property=\"article:modified_time\" content=\"2022-01-25T17:44:36+00:00\" \/>\n<meta property=\"og:image\" content=\"https:\/\/consejoderectores.cl\/wp-content\/uploads\/2021\/10\/declaraciones-publicas.jpg\" \/>\n\t<meta property=\"og:image:width\" content=\"1024\" \/>\n\t<meta property=\"og:image:height\" content=\"500\" \/>\n\t<meta property=\"og:image:type\" content=\"image\/jpeg\" \/>\n<meta name=\"author\" content=\"Consejo de Rectores de las Universidades Chilenas\" \/>\n<meta name=\"twitter:card\" content=\"summary_large_image\" \/>\n<meta name=\"twitter:creator\" content=\"@CRUCH_cl\" \/>\n<meta name=\"twitter:site\" content=\"@CRUCH_cl\" \/>\n<meta name=\"twitter:label1\" content=\"Written by\" \/>\n\t<meta name=\"twitter:data1\" content=\"Consejo de Rectores de las Universidades Chilenas\" \/>\n\t<meta name=\"twitter:label2\" content=\"Est. reading time\" \/>\n\t<meta name=\"twitter:data2\" content=\"4 minutes\" \/>\n<script type=\"application\/ld+json\" class=\"yoast-schema-graph\">{\"@context\":\"https:\/\/schema.org\",\"@graph\":[{\"@type\":\"Article\",\"@id\":\"https:\/\/consejoderectores.cl\/2012\/06\/08\/603c6d807104a\/#article\",\"isPartOf\":{\"@id\":\"https:\/\/consejoderectores.cl\/2012\/06\/08\/603c6d807104a\/\"},\"author\":{\"name\":\"Consejo de Rectores de las Universidades Chilenas\",\"@id\":\"https:\/\/consejoderectores.cl\/en\/#\/schema\/person\/d863e44afde067fd4b57fac66ced709e\"},\"headline\":\"Mar\u00eda Zu\u00f1iga, presidenta de los decanos de Educaci\u00f3n del CRUCH: \\u2028\\u2028\u201cSi queremos que vengan los mejores a educaci\u00f3n, partamos por introducir tambi\u00e9n un m\u00ednimo en la postulaci\u00f3n&#8230;\",\"datePublished\":\"2012-06-08T00:00:00+00:00\",\"dateModified\":\"2022-01-25T17:44:36+00:00\",\"mainEntityOfPage\":{\"@id\":\"https:\/\/consejoderectores.cl\/2012\/06\/08\/603c6d807104a\/\"},\"wordCount\":747,\"commentCount\":0,\"publisher\":{\"@id\":\"https:\/\/consejoderectores.cl\/en\/#organization\"},\"image\":{\"@id\":\"https:\/\/consejoderectores.cl\/2012\/06\/08\/603c6d807104a\/#primaryimage\"},\"thumbnailUrl\":\"https:\/\/consejoderectores.cl\/wp-content\/uploads\/2021\/10\/declaraciones-publicas.jpg\",\"articleSection\":[\"Noticias\"],\"inLanguage\":\"en-US\",\"potentialAction\":[{\"@type\":\"CommentAction\",\"name\":\"Comment\",\"target\":[\"https:\/\/consejoderectores.cl\/2012\/06\/08\/603c6d807104a\/#respond\"]}]},{\"@type\":\"WebPage\",\"@id\":\"https:\/\/consejoderectores.cl\/2012\/06\/08\/603c6d807104a\/\",\"url\":\"https:\/\/consejoderectores.cl\/2012\/06\/08\/603c6d807104a\/\",\"name\":\"Mar\u00eda Zu\u00f1iga, presidenta de los decanos de Educaci\u00f3n del CRUCH: \\u2028\\u2028\u201cSi queremos que vengan los mejores a educaci\u00f3n, partamos por introducir tambi\u00e9n un m\u00ednimo en la postulaci\u00f3n... - Consejo de Rectoras y Rectores de las Universidades Chilenas\",\"isPartOf\":{\"@id\":\"https:\/\/consejoderectores.cl\/en\/#website\"},\"primaryImageOfPage\":{\"@id\":\"https:\/\/consejoderectores.cl\/2012\/06\/08\/603c6d807104a\/#primaryimage\"},\"image\":{\"@id\":\"https:\/\/consejoderectores.cl\/2012\/06\/08\/603c6d807104a\/#primaryimage\"},\"thumbnailUrl\":\"https:\/\/consejoderectores.cl\/wp-content\/uploads\/2021\/10\/declaraciones-publicas.jpg\",\"datePublished\":\"2012-06-08T00:00:00+00:00\",\"dateModified\":\"2022-01-25T17:44:36+00:00\",\"breadcrumb\":{\"@id\":\"https:\/\/consejoderectores.cl\/2012\/06\/08\/603c6d807104a\/#breadcrumb\"},\"inLanguage\":\"en-US\",\"potentialAction\":[{\"@type\":\"ReadAction\",\"target\":[\"https:\/\/consejoderectores.cl\/2012\/06\/08\/603c6d807104a\/\"]}]},{\"@type\":\"ImageObject\",\"inLanguage\":\"en-US\",\"@id\":\"https:\/\/consejoderectores.cl\/2012\/06\/08\/603c6d807104a\/#primaryimage\",\"url\":\"https:\/\/consejoderectores.cl\/wp-content\/uploads\/2021\/10\/declaraciones-publicas.jpg\",\"contentUrl\":\"https:\/\/consejoderectores.cl\/wp-content\/uploads\/2021\/10\/declaraciones-publicas.jpg\",\"width\":1024,\"height\":500},{\"@type\":\"BreadcrumbList\",\"@id\":\"https:\/\/consejoderectores.cl\/2012\/06\/08\/603c6d807104a\/#breadcrumb\",\"itemListElement\":[{\"@type\":\"ListItem\",\"position\":1,\"name\":\"Home\",\"item\":\"https:\/\/consejoderectores.cl\/\"},{\"@type\":\"ListItem\",\"position\":2,\"name\":\"Mar\u00eda Zu\u00f1iga, presidenta de los decanos de Educaci\u00f3n del CRUCH: \\u2028\\u2028\u201cSi queremos que vengan los mejores a educaci\u00f3n, partamos por introducir tambi\u00e9n un m\u00ednimo en la postulaci\u00f3n&#8230;\"}]},{\"@type\":\"WebSite\",\"@id\":\"https:\/\/consejoderectores.cl\/en\/#website\",\"url\":\"https:\/\/consejoderectores.cl\/en\/\",\"name\":\"Consejo de Rectoras y Rectores de las Universidades Chilenas\",\"description\":\"\",\"publisher\":{\"@id\":\"https:\/\/consejoderectores.cl\/en\/#organization\"},\"potentialAction\":[{\"@type\":\"SearchAction\",\"target\":{\"@type\":\"EntryPoint\",\"urlTemplate\":\"https:\/\/consejoderectores.cl\/en\/?s={search_term_string}\"},\"query-input\":{\"@type\":\"PropertyValueSpecification\",\"valueRequired\":true,\"valueName\":\"search_term_string\"}}],\"inLanguage\":\"en-US\"},{\"@type\":\"Organization\",\"@id\":\"https:\/\/consejoderectores.cl\/en\/#organization\",\"name\":\"Consejo de Rectoras y Rectores de las Universidades Chilenas\",\"url\":\"https:\/\/consejoderectores.cl\/en\/\",\"logo\":{\"@type\":\"ImageObject\",\"inLanguage\":\"en-US\",\"@id\":\"https:\/\/consejoderectores.cl\/en\/#\/schema\/logo\/image\/\",\"url\":\"https:\/\/consejoderectores.cl\/wp-content\/uploads\/2025\/12\/logoheader_2025.png\",\"contentUrl\":\"https:\/\/consejoderectores.cl\/wp-content\/uploads\/2025\/12\/logoheader_2025.png\",\"width\":666,\"height\":305,\"caption\":\"Consejo de Rectoras y Rectores de las Universidades Chilenas\"},\"image\":{\"@id\":\"https:\/\/consejoderectores.cl\/en\/#\/schema\/logo\/image\/\"},\"sameAs\":[\"https:\/\/x.com\/CRUCH_cl\",\"https:\/\/www.instagram.com\/consejoderectores\/\",\"https:\/\/www.linkedin.com\/company\/cruch\/\",\"https:\/\/www.youtube.com\/channel\/UCzgIFRCsDlKoFpimiQmEaOA\"]},{\"@type\":\"Person\",\"@id\":\"https:\/\/consejoderectores.cl\/en\/#\/schema\/person\/d863e44afde067fd4b57fac66ced709e\",\"name\":\"Consejo de Rectores de las Universidades Chilenas\",\"image\":{\"@type\":\"ImageObject\",\"inLanguage\":\"en-US\",\"@id\":\"https:\/\/consejoderectores.cl\/en\/#\/schema\/person\/image\/\",\"url\":\"https:\/\/secure.gravatar.com\/avatar\/c31e2a02401f041926afb8ee21ab666f0925814fe85d25a5c8db80e23722dfc1?s=96&d=mm&r=g\",\"contentUrl\":\"https:\/\/secure.gravatar.com\/avatar\/c31e2a02401f041926afb8ee21ab666f0925814fe85d25a5c8db80e23722dfc1?s=96&d=mm&r=g\",\"caption\":\"Consejo de Rectores de las Universidades Chilenas\"},\"sameAs\":[\"https:\/\/www.consejoderectores.cl\"],\"url\":\"https:\/\/consejoderectores.cl\/en\/author\/cruch\/\"}]}<\/script>\n<!-- \/ Yoast SEO plugin. -->","yoast_head_json":{"title":"Mar\u00eda Zu\u00f1iga, presidenta de los decanos de Educaci\u00f3n del CRUCH: \u2028\u2028\u201cSi queremos que vengan los mejores a educaci\u00f3n, partamos por introducir tambi\u00e9n un m\u00ednimo en la postulaci\u00f3n... - Consejo de Rectoras y Rectores de las Universidades Chilenas","robots":{"index":"index","follow":"follow","max-snippet":"max-snippet:-1","max-image-preview":"max-image-preview:large","max-video-preview":"max-video-preview:-1"},"canonical":"https:\/\/consejoderectores.cl\/en\/2012\/06\/08\/603c6d807104a\/","og_locale":"en_US","og_type":"article","og_title":"Mar\u00eda Zu\u00f1iga, presidenta de los decanos de Educaci\u00f3n del CRUCH: \u2028\u2028\u201cSi queremos que vengan los mejores a educaci\u00f3n, partamos por introducir tambi\u00e9n un m\u00ednimo en la postulaci\u00f3n... - Consejo de Rectoras y Rectores de las Universidades Chilenas","og_description":"La acad\u00e9mica se reuni\u00f3 con el ministro de Educaci\u00f3n, Harald Beyer, para abordar los requisitos de acceso a Pedagog\u00eda y la Prueba Inicia. \u00abSi queremos que vengan los mejores a educaci\u00f3n, partamos por introducir tambi\u00e9n un m\u00ednimo en la postulaci\u00f3n de ingreso\u00bb, advirti\u00f3 la decana de la Universidad de La Serena. En el Ministerio de [&hellip;]","og_url":"https:\/\/consejoderectores.cl\/en\/2012\/06\/08\/603c6d807104a\/","og_site_name":"Consejo de Rectoras y Rectores de las Universidades Chilenas","article_published_time":"2012-06-08T00:00:00+00:00","article_modified_time":"2022-01-25T17:44:36+00:00","og_image":[{"width":1024,"height":500,"url":"https:\/\/consejoderectores.cl\/wp-content\/uploads\/2021\/10\/declaraciones-publicas.jpg","type":"image\/jpeg"}],"author":"Consejo de Rectores de las Universidades Chilenas","twitter_card":"summary_large_image","twitter_creator":"@CRUCH_cl","twitter_site":"@CRUCH_cl","twitter_misc":{"Written by":"Consejo de Rectores de las Universidades Chilenas","Est. reading time":"4 minutes"},"schema":{"@context":"https:\/\/schema.org","@graph":[{"@type":"Article","@id":"https:\/\/consejoderectores.cl\/2012\/06\/08\/603c6d807104a\/#article","isPartOf":{"@id":"https:\/\/consejoderectores.cl\/2012\/06\/08\/603c6d807104a\/"},"author":{"name":"Consejo de Rectores de las Universidades Chilenas","@id":"https:\/\/consejoderectores.cl\/en\/#\/schema\/person\/d863e44afde067fd4b57fac66ced709e"},"headline":"Mar\u00eda Zu\u00f1iga, presidenta de los decanos de Educaci\u00f3n del CRUCH: \u2028\u2028\u201cSi queremos que vengan los mejores a educaci\u00f3n, partamos por introducir tambi\u00e9n un m\u00ednimo en la postulaci\u00f3n&#8230;","datePublished":"2012-06-08T00:00:00+00:00","dateModified":"2022-01-25T17:44:36+00:00","mainEntityOfPage":{"@id":"https:\/\/consejoderectores.cl\/2012\/06\/08\/603c6d807104a\/"},"wordCount":747,"commentCount":0,"publisher":{"@id":"https:\/\/consejoderectores.cl\/en\/#organization"},"image":{"@id":"https:\/\/consejoderectores.cl\/2012\/06\/08\/603c6d807104a\/#primaryimage"},"thumbnailUrl":"https:\/\/consejoderectores.cl\/wp-content\/uploads\/2021\/10\/declaraciones-publicas.jpg","articleSection":["Noticias"],"inLanguage":"en-US","potentialAction":[{"@type":"CommentAction","name":"Comment","target":["https:\/\/consejoderectores.cl\/2012\/06\/08\/603c6d807104a\/#respond"]}]},{"@type":"WebPage","@id":"https:\/\/consejoderectores.cl\/2012\/06\/08\/603c6d807104a\/","url":"https:\/\/consejoderectores.cl\/2012\/06\/08\/603c6d807104a\/","name":"Mar\u00eda Zu\u00f1iga, presidenta de los decanos de Educaci\u00f3n del CRUCH: \u2028\u2028\u201cSi queremos que vengan los mejores a educaci\u00f3n, partamos por introducir tambi\u00e9n un m\u00ednimo en la postulaci\u00f3n... - Consejo de Rectoras y Rectores de las Universidades Chilenas","isPartOf":{"@id":"https:\/\/consejoderectores.cl\/en\/#website"},"primaryImageOfPage":{"@id":"https:\/\/consejoderectores.cl\/2012\/06\/08\/603c6d807104a\/#primaryimage"},"image":{"@id":"https:\/\/consejoderectores.cl\/2012\/06\/08\/603c6d807104a\/#primaryimage"},"thumbnailUrl":"https:\/\/consejoderectores.cl\/wp-content\/uploads\/2021\/10\/declaraciones-publicas.jpg","datePublished":"2012-06-08T00:00:00+00:00","dateModified":"2022-01-25T17:44:36+00:00","breadcrumb":{"@id":"https:\/\/consejoderectores.cl\/2012\/06\/08\/603c6d807104a\/#breadcrumb"},"inLanguage":"en-US","potentialAction":[{"@type":"ReadAction","target":["https:\/\/consejoderectores.cl\/2012\/06\/08\/603c6d807104a\/"]}]},{"@type":"ImageObject","inLanguage":"en-US","@id":"https:\/\/consejoderectores.cl\/2012\/06\/08\/603c6d807104a\/#primaryimage","url":"https:\/\/consejoderectores.cl\/wp-content\/uploads\/2021\/10\/declaraciones-publicas.jpg","contentUrl":"https:\/\/consejoderectores.cl\/wp-content\/uploads\/2021\/10\/declaraciones-publicas.jpg","width":1024,"height":500},{"@type":"BreadcrumbList","@id":"https:\/\/consejoderectores.cl\/2012\/06\/08\/603c6d807104a\/#breadcrumb","itemListElement":[{"@type":"ListItem","position":1,"name":"Home","item":"https:\/\/consejoderectores.cl\/"},{"@type":"ListItem","position":2,"name":"Mar\u00eda Zu\u00f1iga, presidenta de los decanos de Educaci\u00f3n del CRUCH: \u2028\u2028\u201cSi queremos que vengan los mejores a educaci\u00f3n, partamos por introducir tambi\u00e9n un m\u00ednimo en la postulaci\u00f3n&#8230;"}]},{"@type":"WebSite","@id":"https:\/\/consejoderectores.cl\/en\/#website","url":"https:\/\/consejoderectores.cl\/en\/","name":"Council of Rectors of Chilean Universities","description":"","publisher":{"@id":"https:\/\/consejoderectores.cl\/en\/#organization"},"potentialAction":[{"@type":"SearchAction","target":{"@type":"EntryPoint","urlTemplate":"https:\/\/consejoderectores.cl\/en\/?s={search_term_string}"},"query-input":{"@type":"PropertyValueSpecification","valueRequired":true,"valueName":"search_term_string"}}],"inLanguage":"en-US"},{"@type":"Organization","@id":"https:\/\/consejoderectores.cl\/en\/#organization","name":"Council of Rectors of Chilean Universities","url":"https:\/\/consejoderectores.cl\/en\/","logo":{"@type":"ImageObject","inLanguage":"en-US","@id":"https:\/\/consejoderectores.cl\/en\/#\/schema\/logo\/image\/","url":"https:\/\/consejoderectores.cl\/wp-content\/uploads\/2025\/12\/logoheader_2025.png","contentUrl":"https:\/\/consejoderectores.cl\/wp-content\/uploads\/2025\/12\/logoheader_2025.png","width":666,"height":305,"caption":"Consejo de Rectoras y Rectores de las Universidades Chilenas"},"image":{"@id":"https:\/\/consejoderectores.cl\/en\/#\/schema\/logo\/image\/"},"sameAs":["https:\/\/x.com\/CRUCH_cl","https:\/\/www.instagram.com\/consejoderectores\/","https:\/\/www.linkedin.com\/company\/cruch\/","https:\/\/www.youtube.com\/channel\/UCzgIFRCsDlKoFpimiQmEaOA"]},{"@type":"Person","@id":"https:\/\/consejoderectores.cl\/en\/#\/schema\/person\/d863e44afde067fd4b57fac66ced709e","name":"Council of Rectors of Chilean Universities","image":{"@type":"ImageObject","inLanguage":"en-US","@id":"https:\/\/consejoderectores.cl\/en\/#\/schema\/person\/image\/","url":"https:\/\/secure.gravatar.com\/avatar\/c31e2a02401f041926afb8ee21ab666f0925814fe85d25a5c8db80e23722dfc1?s=96&d=mm&r=g","contentUrl":"https:\/\/secure.gravatar.com\/avatar\/c31e2a02401f041926afb8ee21ab666f0925814fe85d25a5c8db80e23722dfc1?s=96&d=mm&r=g","caption":"Consejo de Rectores de las Universidades Chilenas"},"sameAs":["https:\/\/www.consejoderectores.cl"],"url":"https:\/\/consejoderectores.cl\/en\/author\/cruch\/"}]}},"_links":{"self":[{"href":"https:\/\/consejoderectores.cl\/en\/wp-json\/wp\/v2\/posts\/1175","targetHints":{"allow":["GET"]}}],"collection":[{"href":"https:\/\/consejoderectores.cl\/en\/wp-json\/wp\/v2\/posts"}],"about":[{"href":"https:\/\/consejoderectores.cl\/en\/wp-json\/wp\/v2\/types\/post"}],"author":[{"embeddable":true,"href":"https:\/\/consejoderectores.cl\/en\/wp-json\/wp\/v2\/users\/1"}],"replies":[{"embeddable":true,"href":"https:\/\/consejoderectores.cl\/en\/wp-json\/wp\/v2\/comments?post=1175"}],"version-history":[{"count":2,"href":"https:\/\/consejoderectores.cl\/en\/wp-json\/wp\/v2\/posts\/1175\/revisions"}],"predecessor-version":[{"id":5925,"href":"https:\/\/consejoderectores.cl\/en\/wp-json\/wp\/v2\/posts\/1175\/revisions\/5925"}],"wp:featuredmedia":[{"embeddable":true,"href":"https:\/\/consejoderectores.cl\/en\/wp-json\/wp\/v2\/media\/3592"}],"wp:attachment":[{"href":"https:\/\/consejoderectores.cl\/en\/wp-json\/wp\/v2\/media?parent=1175"}],"wp:term":[{"taxonomy":"category","embeddable":true,"href":"https:\/\/consejoderectores.cl\/en\/wp-json\/wp\/v2\/categories?post=1175"},{"taxonomy":"post_tag","embeddable":true,"href":"https:\/\/consejoderectores.cl\/en\/wp-json\/wp\/v2\/tags?post=1175"}],"curies":[{"name":"wp","href":"https:\/\/api.w.org\/{rel}","templated":true}]}}