{"id":11733,"date":"2024-08-29T21:08:54","date_gmt":"2024-08-29T21:08:54","guid":{"rendered":"https:\/\/consejoderectores.cl\/?p=11733"},"modified":"2024-08-29T21:08:54","modified_gmt":"2024-08-29T21:08:54","slug":"rector-rodrigo-vidal-integrara-el-consejo-de-gobierno-del-instituto-internacional-de-la-unesco-para-la-educacion-superior-en-america-latina-y-el-caribe","status":"publish","type":"post","link":"https:\/\/consejoderectores.cl\/en\/2024\/08\/29\/rector-rodrigo-vidal-integrara-el-consejo-de-gobierno-del-instituto-internacional-de-la-unesco-para-la-educacion-superior-en-america-latina-y-el-caribe\/","title":{"rendered":"Rector Rodrigo Vidal will join the Governing Council of the UNESCO International Institute for Higher Education in Latin America and the Caribbean"},"content":{"rendered":"<blockquote><p>The Rector of USACH was nominated by the plenary of the Council of Rectors of Chilean Universities and the Director General of UNESCO recently appointed him as a member of this international body.<\/p><\/blockquote>\n<p>\u201cIt is an honor to represent the communities of the CRUCH universities in this important international forum, promoting excellence in education with inclusion, at the service of the country and the construction of a more democratic, equitable and sustainable society,\u201d said the rector of the University of Santiago of Chile (USACH), Rodrigo Vidal, upon receiving the news of his appointment as a member of the Governing Council of the UNESCO International Institute for Higher Education in Latin America and the Caribbean (IESALC).<\/p>\n<p>Vidal was nominated by the plenary session of the Council of Rectors of Chilean Universities (CRUCH) in September 2023 and appointed on August 26 by the Director-General of UNESCO (United Nations Educational, Scientific and Cultural Organization), Audrey Azoulay. He will hold the position until the closing of the 44th session of the UNESCO General Conference in 2027.<\/p>\n<p>The IESALC Governing Council is the body that oversees and adjusts the institute&#039;s work program, in accordance with the guidelines approved by the UNESCO General Conference every two years.<\/p>\n<p>This Council is made up of nine members: six are government representatives elected at a meeting of delegations from the region at the UNESCO General Conference and three are appointed by the UNESCO Directorate-General in consultation with the Councils of Rectors of the region or their equivalents.<\/p>\n<p>The IESALC was created by the UNESCO General Conference in 1997, from the Regional Center for Higher Education in Latin America and the Caribbean (CRESALC), and is the only specialized institute of the United Nations system to contribute to the development and transformation of higher education in the Member States, promoting the production of knowledge and discussing public policies in this area.<\/p>\n<p>More information about IESALC can be found at: <a href=\"https:\/\/www.iesalc.unesco.org\/sobre-el-iesalc\/\">https:\/\/www.iesalc.unesco.org\/sobre-el-iesalc\/<\/a><\/p>\n<p>&nbsp;<\/p>\n<p>&nbsp;<\/p>","protected":false},"excerpt":{"rendered":"<p>El Rector de la USACH fue postulado por el pleno del Consejo de Rectoras y Rectores de las Universidades Chilenas y la Directora General de la UNESCO lo nombr\u00f3 recientemente como miembro de esta instancia internacional. \u201cEs un honor representar a las comunidades de las universidades del CRUCH en esta importante instancia internacional, impulsando la [&hellip;]<\/p>\n","protected":false},"author":1,"featured_media":11751,"comment_status":"open","ping_status":"open","sticky":false,"template":"","format":"standard","meta":{"_acf_changed":false,"footnotes":""},"categories":[3,13],"tags":[],"class_list":["post-11733","post","type-post","status-publish","format-standard","has-post-thumbnail","hentry","category-noticias","category-noticias-carrusel"],"acf":[],"yoast_head":"<!-- This site is optimized with the Yoast SEO plugin v27.1.1 - https:\/\/yoast.com\/product\/yoast-seo-wordpress\/ -->\n<title>Rector Rodrigo Vidal integrar\u00e1 el Consejo de Gobierno del Instituto Internacional de la UNESCO para la Educaci\u00f3n Superior en Am\u00e9rica Latina y el Caribe - Consejo de Rectoras y Rectores de las Universidades Chilenas<\/title>\n<meta name=\"robots\" content=\"index, follow, max-snippet:-1, max-image-preview:large, max-video-preview:-1\" \/>\n<link rel=\"canonical\" href=\"https:\/\/consejoderectores.cl\/en\/2024\/08\/29\/rector-rodrigo-vidal-integrara-el-consejo-de-gobierno-del-instituto-internacional-de-la-unesco-para-la-educacion-superior-en-america-latina-y-el-caribe\/\" \/>\n<meta property=\"og:locale\" content=\"en_US\" \/>\n<meta property=\"og:type\" content=\"article\" \/>\n<meta property=\"og:title\" content=\"Rector Rodrigo Vidal integrar\u00e1 el Consejo de Gobierno del Instituto Internacional de la UNESCO para la Educaci\u00f3n Superior en Am\u00e9rica Latina y el Caribe - Consejo de Rectoras y Rectores de las Universidades Chilenas\" \/>\n<meta property=\"og:description\" content=\"El Rector de la USACH fue postulado por el pleno del Consejo de Rectoras y Rectores de las Universidades Chilenas y la Directora General de la UNESCO lo nombr\u00f3 recientemente como miembro de esta instancia internacional. \u201cEs un honor representar a las comunidades de las universidades del CRUCH en esta importante instancia internacional, impulsando la [&hellip;]\" \/>\n<meta property=\"og:url\" content=\"https:\/\/consejoderectores.cl\/en\/2024\/08\/29\/rector-rodrigo-vidal-integrara-el-consejo-de-gobierno-del-instituto-internacional-de-la-unesco-para-la-educacion-superior-en-america-latina-y-el-caribe\/\" \/>\n<meta property=\"og:site_name\" content=\"Consejo de Rectoras y Rectores de las Universidades Chilenas\" \/>\n<meta property=\"article:published_time\" content=\"2024-08-29T21:08:54+00:00\" \/>\n<meta property=\"og:image\" content=\"https:\/\/consejoderectores.cl\/wp-content\/uploads\/2024\/08\/nva_Rector_Rodrigo_Vidal_Foto_Perfil-e1724965669255-1024x638.png\" \/>\n\t<meta property=\"og:image:width\" content=\"1024\" \/>\n\t<meta property=\"og:image:height\" content=\"638\" \/>\n\t<meta property=\"og:image:type\" content=\"image\/png\" \/>\n<meta name=\"author\" content=\"Consejo de Rectores de las Universidades Chilenas\" \/>\n<meta name=\"twitter:card\" content=\"summary_large_image\" \/>\n<meta name=\"twitter:creator\" content=\"@CRUCH_cl\" \/>\n<meta name=\"twitter:site\" content=\"@CRUCH_cl\" \/>\n<meta name=\"twitter:label1\" content=\"Written by\" \/>\n\t<meta name=\"twitter:data1\" content=\"Consejo de Rectores de las Universidades Chilenas\" \/>\n\t<meta name=\"twitter:label2\" content=\"Est. reading time\" \/>\n\t<meta name=\"twitter:data2\" content=\"2 minutes\" \/>\n<script type=\"application\/ld+json\" class=\"yoast-schema-graph\">{\"@context\":\"https:\/\/schema.org\",\"@graph\":[{\"@type\":\"Article\",\"@id\":\"https:\/\/consejoderectores.cl\/en\/2024\/08\/29\/rector-rodrigo-vidal-integrara-el-consejo-de-gobierno-del-instituto-internacional-de-la-unesco-para-la-educacion-superior-en-america-latina-y-el-caribe\/#article\",\"isPartOf\":{\"@id\":\"https:\/\/consejoderectores.cl\/en\/2024\/08\/29\/rector-rodrigo-vidal-integrara-el-consejo-de-gobierno-del-instituto-internacional-de-la-unesco-para-la-educacion-superior-en-america-latina-y-el-caribe\/\"},\"author\":{\"name\":\"Consejo de Rectores de las Universidades Chilenas\",\"@id\":\"https:\/\/consejoderectores.cl\/en\/#\/schema\/person\/d863e44afde067fd4b57fac66ced709e\"},\"headline\":\"Rector Rodrigo Vidal integrar\u00e1 el Consejo de Gobierno del Instituto Internacional de la UNESCO para la Educaci\u00f3n Superior en Am\u00e9rica Latina y el Caribe\",\"datePublished\":\"2024-08-29T21:08:54+00:00\",\"mainEntityOfPage\":{\"@id\":\"https:\/\/consejoderectores.cl\/en\/2024\/08\/29\/rector-rodrigo-vidal-integrara-el-consejo-de-gobierno-del-instituto-internacional-de-la-unesco-para-la-educacion-superior-en-america-latina-y-el-caribe\/\"},\"wordCount\":402,\"commentCount\":0,\"publisher\":{\"@id\":\"https:\/\/consejoderectores.cl\/en\/#organization\"},\"image\":{\"@id\":\"https:\/\/consejoderectores.cl\/en\/2024\/08\/29\/rector-rodrigo-vidal-integrara-el-consejo-de-gobierno-del-instituto-internacional-de-la-unesco-para-la-educacion-superior-en-america-latina-y-el-caribe\/#primaryimage\"},\"thumbnailUrl\":\"https:\/\/consejoderectores.cl\/wp-content\/uploads\/2024\/08\/nva_Rector_Rodrigo_Vidal_Foto_Perfil-e1724965669255.png\",\"articleSection\":[\"Noticias\",\"Noticias Carrusel\"],\"inLanguage\":\"en-US\",\"potentialAction\":[{\"@type\":\"CommentAction\",\"name\":\"Comment\",\"target\":[\"https:\/\/consejoderectores.cl\/en\/2024\/08\/29\/rector-rodrigo-vidal-integrara-el-consejo-de-gobierno-del-instituto-internacional-de-la-unesco-para-la-educacion-superior-en-america-latina-y-el-caribe\/#respond\"]}]},{\"@type\":\"WebPage\",\"@id\":\"https:\/\/consejoderectores.cl\/en\/2024\/08\/29\/rector-rodrigo-vidal-integrara-el-consejo-de-gobierno-del-instituto-internacional-de-la-unesco-para-la-educacion-superior-en-america-latina-y-el-caribe\/\",\"url\":\"https:\/\/consejoderectores.cl\/en\/2024\/08\/29\/rector-rodrigo-vidal-integrara-el-consejo-de-gobierno-del-instituto-internacional-de-la-unesco-para-la-educacion-superior-en-america-latina-y-el-caribe\/\",\"name\":\"Rector Rodrigo Vidal integrar\u00e1 el Consejo de Gobierno del Instituto Internacional de la UNESCO para la Educaci\u00f3n Superior en Am\u00e9rica Latina y el Caribe - Consejo de Rectoras y Rectores de las Universidades Chilenas\",\"isPartOf\":{\"@id\":\"https:\/\/consejoderectores.cl\/en\/#website\"},\"primaryImageOfPage\":{\"@id\":\"https:\/\/consejoderectores.cl\/en\/2024\/08\/29\/rector-rodrigo-vidal-integrara-el-consejo-de-gobierno-del-instituto-internacional-de-la-unesco-para-la-educacion-superior-en-america-latina-y-el-caribe\/#primaryimage\"},\"image\":{\"@id\":\"https:\/\/consejoderectores.cl\/en\/2024\/08\/29\/rector-rodrigo-vidal-integrara-el-consejo-de-gobierno-del-instituto-internacional-de-la-unesco-para-la-educacion-superior-en-america-latina-y-el-caribe\/#primaryimage\"},\"thumbnailUrl\":\"https:\/\/consejoderectores.cl\/wp-content\/uploads\/2024\/08\/nva_Rector_Rodrigo_Vidal_Foto_Perfil-e1724965669255.png\",\"datePublished\":\"2024-08-29T21:08:54+00:00\",\"breadcrumb\":{\"@id\":\"https:\/\/consejoderectores.cl\/en\/2024\/08\/29\/rector-rodrigo-vidal-integrara-el-consejo-de-gobierno-del-instituto-internacional-de-la-unesco-para-la-educacion-superior-en-america-latina-y-el-caribe\/#breadcrumb\"},\"inLanguage\":\"en-US\",\"potentialAction\":[{\"@type\":\"ReadAction\",\"target\":[\"https:\/\/consejoderectores.cl\/en\/2024\/08\/29\/rector-rodrigo-vidal-integrara-el-consejo-de-gobierno-del-instituto-internacional-de-la-unesco-para-la-educacion-superior-en-america-latina-y-el-caribe\/\"]}]},{\"@type\":\"ImageObject\",\"inLanguage\":\"en-US\",\"@id\":\"https:\/\/consejoderectores.cl\/en\/2024\/08\/29\/rector-rodrigo-vidal-integrara-el-consejo-de-gobierno-del-instituto-internacional-de-la-unesco-para-la-educacion-superior-en-america-latina-y-el-caribe\/#primaryimage\",\"url\":\"https:\/\/consejoderectores.cl\/wp-content\/uploads\/2024\/08\/nva_Rector_Rodrigo_Vidal_Foto_Perfil-e1724965669255.png\",\"contentUrl\":\"https:\/\/consejoderectores.cl\/wp-content\/uploads\/2024\/08\/nva_Rector_Rodrigo_Vidal_Foto_Perfil-e1724965669255.png\",\"width\":1301,\"height\":810},{\"@type\":\"BreadcrumbList\",\"@id\":\"https:\/\/consejoderectores.cl\/en\/2024\/08\/29\/rector-rodrigo-vidal-integrara-el-consejo-de-gobierno-del-instituto-internacional-de-la-unesco-para-la-educacion-superior-en-america-latina-y-el-caribe\/#breadcrumb\",\"itemListElement\":[{\"@type\":\"ListItem\",\"position\":1,\"name\":\"Home\",\"item\":\"https:\/\/consejoderectores.cl\/\"},{\"@type\":\"ListItem\",\"position\":2,\"name\":\"Rector Rodrigo Vidal integrar\u00e1 el Consejo de Gobierno del Instituto Internacional de la UNESCO para la Educaci\u00f3n Superior en Am\u00e9rica Latina y el Caribe\"}]},{\"@type\":\"WebSite\",\"@id\":\"https:\/\/consejoderectores.cl\/en\/#website\",\"url\":\"https:\/\/consejoderectores.cl\/en\/\",\"name\":\"Consejo de Rectoras y Rectores de las Universidades Chilenas\",\"description\":\"\",\"publisher\":{\"@id\":\"https:\/\/consejoderectores.cl\/en\/#organization\"},\"potentialAction\":[{\"@type\":\"SearchAction\",\"target\":{\"@type\":\"EntryPoint\",\"urlTemplate\":\"https:\/\/consejoderectores.cl\/en\/?s={search_term_string}\"},\"query-input\":{\"@type\":\"PropertyValueSpecification\",\"valueRequired\":true,\"valueName\":\"search_term_string\"}}],\"inLanguage\":\"en-US\"},{\"@type\":\"Organization\",\"@id\":\"https:\/\/consejoderectores.cl\/en\/#organization\",\"name\":\"Consejo de Rectoras y Rectores de las Universidades Chilenas\",\"url\":\"https:\/\/consejoderectores.cl\/en\/\",\"logo\":{\"@type\":\"ImageObject\",\"inLanguage\":\"en-US\",\"@id\":\"https:\/\/consejoderectores.cl\/en\/#\/schema\/logo\/image\/\",\"url\":\"https:\/\/consejoderectores.cl\/wp-content\/uploads\/2025\/12\/logoheader_2025.png\",\"contentUrl\":\"https:\/\/consejoderectores.cl\/wp-content\/uploads\/2025\/12\/logoheader_2025.png\",\"width\":666,\"height\":305,\"caption\":\"Consejo de Rectoras y Rectores de las Universidades Chilenas\"},\"image\":{\"@id\":\"https:\/\/consejoderectores.cl\/en\/#\/schema\/logo\/image\/\"},\"sameAs\":[\"https:\/\/x.com\/CRUCH_cl\",\"https:\/\/www.instagram.com\/consejoderectores\/\",\"https:\/\/www.linkedin.com\/company\/cruch\/\",\"https:\/\/www.youtube.com\/channel\/UCzgIFRCsDlKoFpimiQmEaOA\"]},{\"@type\":\"Person\",\"@id\":\"https:\/\/consejoderectores.cl\/en\/#\/schema\/person\/d863e44afde067fd4b57fac66ced709e\",\"name\":\"Consejo de Rectores de las Universidades Chilenas\",\"image\":{\"@type\":\"ImageObject\",\"inLanguage\":\"en-US\",\"@id\":\"https:\/\/consejoderectores.cl\/en\/#\/schema\/person\/image\/\",\"url\":\"https:\/\/secure.gravatar.com\/avatar\/c31e2a02401f041926afb8ee21ab666f0925814fe85d25a5c8db80e23722dfc1?s=96&d=mm&r=g\",\"contentUrl\":\"https:\/\/secure.gravatar.com\/avatar\/c31e2a02401f041926afb8ee21ab666f0925814fe85d25a5c8db80e23722dfc1?s=96&d=mm&r=g\",\"caption\":\"Consejo de Rectores de las Universidades Chilenas\"},\"sameAs\":[\"https:\/\/www.consejoderectores.cl\"],\"url\":\"https:\/\/consejoderectores.cl\/en\/author\/cruch\/\"}]}<\/script>\n<!-- \/ Yoast SEO plugin. -->","yoast_head_json":{"title":"Rector Rodrigo Vidal integrar\u00e1 el Consejo de Gobierno del Instituto Internacional de la UNESCO para la Educaci\u00f3n Superior en Am\u00e9rica Latina y el Caribe - Consejo de Rectoras y Rectores de las Universidades Chilenas","robots":{"index":"index","follow":"follow","max-snippet":"max-snippet:-1","max-image-preview":"max-image-preview:large","max-video-preview":"max-video-preview:-1"},"canonical":"https:\/\/consejoderectores.cl\/en\/2024\/08\/29\/rector-rodrigo-vidal-integrara-el-consejo-de-gobierno-del-instituto-internacional-de-la-unesco-para-la-educacion-superior-en-america-latina-y-el-caribe\/","og_locale":"en_US","og_type":"article","og_title":"Rector Rodrigo Vidal integrar\u00e1 el Consejo de Gobierno del Instituto Internacional de la UNESCO para la Educaci\u00f3n Superior en Am\u00e9rica Latina y el Caribe - Consejo de Rectoras y Rectores de las Universidades Chilenas","og_description":"El Rector de la USACH fue postulado por el pleno del Consejo de Rectoras y Rectores de las Universidades Chilenas y la Directora General de la UNESCO lo nombr\u00f3 recientemente como miembro de esta instancia internacional. \u201cEs un honor representar a las comunidades de las universidades del CRUCH en esta importante instancia internacional, impulsando la [&hellip;]","og_url":"https:\/\/consejoderectores.cl\/en\/2024\/08\/29\/rector-rodrigo-vidal-integrara-el-consejo-de-gobierno-del-instituto-internacional-de-la-unesco-para-la-educacion-superior-en-america-latina-y-el-caribe\/","og_site_name":"Consejo de Rectoras y Rectores de las Universidades Chilenas","article_published_time":"2024-08-29T21:08:54+00:00","og_image":[{"width":1024,"height":638,"url":"https:\/\/consejoderectores.cl\/wp-content\/uploads\/2024\/08\/nva_Rector_Rodrigo_Vidal_Foto_Perfil-e1724965669255-1024x638.png","type":"image\/png"}],"author":"Consejo de Rectores de las Universidades Chilenas","twitter_card":"summary_large_image","twitter_creator":"@CRUCH_cl","twitter_site":"@CRUCH_cl","twitter_misc":{"Written by":"Consejo de Rectores de las Universidades Chilenas","Est. reading time":"2 minutes"},"schema":{"@context":"https:\/\/schema.org","@graph":[{"@type":"Article","@id":"https:\/\/consejoderectores.cl\/en\/2024\/08\/29\/rector-rodrigo-vidal-integrara-el-consejo-de-gobierno-del-instituto-internacional-de-la-unesco-para-la-educacion-superior-en-america-latina-y-el-caribe\/#article","isPartOf":{"@id":"https:\/\/consejoderectores.cl\/en\/2024\/08\/29\/rector-rodrigo-vidal-integrara-el-consejo-de-gobierno-del-instituto-internacional-de-la-unesco-para-la-educacion-superior-en-america-latina-y-el-caribe\/"},"author":{"name":"Consejo de Rectores de las Universidades Chilenas","@id":"https:\/\/consejoderectores.cl\/en\/#\/schema\/person\/d863e44afde067fd4b57fac66ced709e"},"headline":"Rector Rodrigo Vidal integrar\u00e1 el Consejo de Gobierno del Instituto Internacional de la UNESCO para la Educaci\u00f3n Superior en Am\u00e9rica Latina y el Caribe","datePublished":"2024-08-29T21:08:54+00:00","mainEntityOfPage":{"@id":"https:\/\/consejoderectores.cl\/en\/2024\/08\/29\/rector-rodrigo-vidal-integrara-el-consejo-de-gobierno-del-instituto-internacional-de-la-unesco-para-la-educacion-superior-en-america-latina-y-el-caribe\/"},"wordCount":402,"commentCount":0,"publisher":{"@id":"https:\/\/consejoderectores.cl\/en\/#organization"},"image":{"@id":"https:\/\/consejoderectores.cl\/en\/2024\/08\/29\/rector-rodrigo-vidal-integrara-el-consejo-de-gobierno-del-instituto-internacional-de-la-unesco-para-la-educacion-superior-en-america-latina-y-el-caribe\/#primaryimage"},"thumbnailUrl":"https:\/\/consejoderectores.cl\/wp-content\/uploads\/2024\/08\/nva_Rector_Rodrigo_Vidal_Foto_Perfil-e1724965669255.png","articleSection":["Noticias","Noticias Carrusel"],"inLanguage":"en-US","potentialAction":[{"@type":"CommentAction","name":"Comment","target":["https:\/\/consejoderectores.cl\/en\/2024\/08\/29\/rector-rodrigo-vidal-integrara-el-consejo-de-gobierno-del-instituto-internacional-de-la-unesco-para-la-educacion-superior-en-america-latina-y-el-caribe\/#respond"]}]},{"@type":"WebPage","@id":"https:\/\/consejoderectores.cl\/en\/2024\/08\/29\/rector-rodrigo-vidal-integrara-el-consejo-de-gobierno-del-instituto-internacional-de-la-unesco-para-la-educacion-superior-en-america-latina-y-el-caribe\/","url":"https:\/\/consejoderectores.cl\/en\/2024\/08\/29\/rector-rodrigo-vidal-integrara-el-consejo-de-gobierno-del-instituto-internacional-de-la-unesco-para-la-educacion-superior-en-america-latina-y-el-caribe\/","name":"Rector Rodrigo Vidal integrar\u00e1 el Consejo de Gobierno del Instituto Internacional de la UNESCO para la Educaci\u00f3n Superior en Am\u00e9rica Latina y el Caribe - Consejo de Rectoras y Rectores de las Universidades Chilenas","isPartOf":{"@id":"https:\/\/consejoderectores.cl\/en\/#website"},"primaryImageOfPage":{"@id":"https:\/\/consejoderectores.cl\/en\/2024\/08\/29\/rector-rodrigo-vidal-integrara-el-consejo-de-gobierno-del-instituto-internacional-de-la-unesco-para-la-educacion-superior-en-america-latina-y-el-caribe\/#primaryimage"},"image":{"@id":"https:\/\/consejoderectores.cl\/en\/2024\/08\/29\/rector-rodrigo-vidal-integrara-el-consejo-de-gobierno-del-instituto-internacional-de-la-unesco-para-la-educacion-superior-en-america-latina-y-el-caribe\/#primaryimage"},"thumbnailUrl":"https:\/\/consejoderectores.cl\/wp-content\/uploads\/2024\/08\/nva_Rector_Rodrigo_Vidal_Foto_Perfil-e1724965669255.png","datePublished":"2024-08-29T21:08:54+00:00","breadcrumb":{"@id":"https:\/\/consejoderectores.cl\/en\/2024\/08\/29\/rector-rodrigo-vidal-integrara-el-consejo-de-gobierno-del-instituto-internacional-de-la-unesco-para-la-educacion-superior-en-america-latina-y-el-caribe\/#breadcrumb"},"inLanguage":"en-US","potentialAction":[{"@type":"ReadAction","target":["https:\/\/consejoderectores.cl\/en\/2024\/08\/29\/rector-rodrigo-vidal-integrara-el-consejo-de-gobierno-del-instituto-internacional-de-la-unesco-para-la-educacion-superior-en-america-latina-y-el-caribe\/"]}]},{"@type":"ImageObject","inLanguage":"en-US","@id":"https:\/\/consejoderectores.cl\/en\/2024\/08\/29\/rector-rodrigo-vidal-integrara-el-consejo-de-gobierno-del-instituto-internacional-de-la-unesco-para-la-educacion-superior-en-america-latina-y-el-caribe\/#primaryimage","url":"https:\/\/consejoderectores.cl\/wp-content\/uploads\/2024\/08\/nva_Rector_Rodrigo_Vidal_Foto_Perfil-e1724965669255.png","contentUrl":"https:\/\/consejoderectores.cl\/wp-content\/uploads\/2024\/08\/nva_Rector_Rodrigo_Vidal_Foto_Perfil-e1724965669255.png","width":1301,"height":810},{"@type":"BreadcrumbList","@id":"https:\/\/consejoderectores.cl\/en\/2024\/08\/29\/rector-rodrigo-vidal-integrara-el-consejo-de-gobierno-del-instituto-internacional-de-la-unesco-para-la-educacion-superior-en-america-latina-y-el-caribe\/#breadcrumb","itemListElement":[{"@type":"ListItem","position":1,"name":"Home","item":"https:\/\/consejoderectores.cl\/"},{"@type":"ListItem","position":2,"name":"Rector Rodrigo Vidal integrar\u00e1 el Consejo de Gobierno del Instituto Internacional de la UNESCO para la Educaci\u00f3n Superior en Am\u00e9rica Latina y el Caribe"}]},{"@type":"WebSite","@id":"https:\/\/consejoderectores.cl\/en\/#website","url":"https:\/\/consejoderectores.cl\/en\/","name":"Council of Rectors of Chilean Universities","description":"","publisher":{"@id":"https:\/\/consejoderectores.cl\/en\/#organization"},"potentialAction":[{"@type":"SearchAction","target":{"@type":"EntryPoint","urlTemplate":"https:\/\/consejoderectores.cl\/en\/?s={search_term_string}"},"query-input":{"@type":"PropertyValueSpecification","valueRequired":true,"valueName":"search_term_string"}}],"inLanguage":"en-US"},{"@type":"Organization","@id":"https:\/\/consejoderectores.cl\/en\/#organization","name":"Council of Rectors of Chilean Universities","url":"https:\/\/consejoderectores.cl\/en\/","logo":{"@type":"ImageObject","inLanguage":"en-US","@id":"https:\/\/consejoderectores.cl\/en\/#\/schema\/logo\/image\/","url":"https:\/\/consejoderectores.cl\/wp-content\/uploads\/2025\/12\/logoheader_2025.png","contentUrl":"https:\/\/consejoderectores.cl\/wp-content\/uploads\/2025\/12\/logoheader_2025.png","width":666,"height":305,"caption":"Consejo de Rectoras y Rectores de las Universidades Chilenas"},"image":{"@id":"https:\/\/consejoderectores.cl\/en\/#\/schema\/logo\/image\/"},"sameAs":["https:\/\/x.com\/CRUCH_cl","https:\/\/www.instagram.com\/consejoderectores\/","https:\/\/www.linkedin.com\/company\/cruch\/","https:\/\/www.youtube.com\/channel\/UCzgIFRCsDlKoFpimiQmEaOA"]},{"@type":"Person","@id":"https:\/\/consejoderectores.cl\/en\/#\/schema\/person\/d863e44afde067fd4b57fac66ced709e","name":"Council of Rectors of Chilean Universities","image":{"@type":"ImageObject","inLanguage":"en-US","@id":"https:\/\/consejoderectores.cl\/en\/#\/schema\/person\/image\/","url":"https:\/\/secure.gravatar.com\/avatar\/c31e2a02401f041926afb8ee21ab666f0925814fe85d25a5c8db80e23722dfc1?s=96&d=mm&r=g","contentUrl":"https:\/\/secure.gravatar.com\/avatar\/c31e2a02401f041926afb8ee21ab666f0925814fe85d25a5c8db80e23722dfc1?s=96&d=mm&r=g","caption":"Consejo de Rectores de las Universidades Chilenas"},"sameAs":["https:\/\/www.consejoderectores.cl"],"url":"https:\/\/consejoderectores.cl\/en\/author\/cruch\/"}]}},"_links":{"self":[{"href":"https:\/\/consejoderectores.cl\/en\/wp-json\/wp\/v2\/posts\/11733","targetHints":{"allow":["GET"]}}],"collection":[{"href":"https:\/\/consejoderectores.cl\/en\/wp-json\/wp\/v2\/posts"}],"about":[{"href":"https:\/\/consejoderectores.cl\/en\/wp-json\/wp\/v2\/types\/post"}],"author":[{"embeddable":true,"href":"https:\/\/consejoderectores.cl\/en\/wp-json\/wp\/v2\/users\/1"}],"replies":[{"embeddable":true,"href":"https:\/\/consejoderectores.cl\/en\/wp-json\/wp\/v2\/comments?post=11733"}],"version-history":[{"count":3,"href":"https:\/\/consejoderectores.cl\/en\/wp-json\/wp\/v2\/posts\/11733\/revisions"}],"predecessor-version":[{"id":11739,"href":"https:\/\/consejoderectores.cl\/en\/wp-json\/wp\/v2\/posts\/11733\/revisions\/11739"}],"wp:featuredmedia":[{"embeddable":true,"href":"https:\/\/consejoderectores.cl\/en\/wp-json\/wp\/v2\/media\/11751"}],"wp:attachment":[{"href":"https:\/\/consejoderectores.cl\/en\/wp-json\/wp\/v2\/media?parent=11733"}],"wp:term":[{"taxonomy":"category","embeddable":true,"href":"https:\/\/consejoderectores.cl\/en\/wp-json\/wp\/v2\/categories?post=11733"},{"taxonomy":"post_tag","embeddable":true,"href":"https:\/\/consejoderectores.cl\/en\/wp-json\/wp\/v2\/tags?post=11733"}],"curies":[{"name":"wp","href":"https:\/\/api.w.org\/{rel}","templated":true}]}}