{"id":11680,"date":"2024-08-19T21:19:33","date_gmt":"2024-08-19T21:19:33","guid":{"rendered":"https:\/\/consejoderectores.cl\/?p=11680"},"modified":"2026-02-25T16:21:53","modified_gmt":"2026-02-25T16:21:53","slug":"en-sesion-conmemorativa-de-los-70-anos-del-cruch-presidente-boric-anuncio-nuevo-fondo-de-financiamiento-a-investigacion-para-las-universidades","status":"publish","type":"post","link":"https:\/\/consejoderectores.cl\/en\/2024\/08\/19\/en-sesion-conmemorativa-de-los-70-anos-del-cruch-presidente-boric-anuncio-nuevo-fondo-de-financiamiento-a-investigacion-para-las-universidades\/","title":{"rendered":"At a commemorative session marking 70 years of CRUCH: President Boric announced a new research funding program for universities"},"content":{"rendered":"<blockquote><p><span style=\"font-weight: 400;\">During the day, the rectors of the CRUCH universities met at the Central House of the University of Chile to commemorate the seven decades of the organization, an occasion in which the &quot;Recognition for the contribution in Higher Education&quot; was also given for the first time., <\/span><span style=\"font-weight: 400;\">which this year fell to the former president of the Republic, Michelle Bachelet.<\/span><\/p><\/blockquote>\n<p><span style=\"font-weight: 400;\"><img loading=\"lazy\" decoding=\"async\" class=\"size-medium wp-image-11682 alignleft\" src=\"https:\/\/consejoderectores.cl\/wp-content\/uploads\/2024\/08\/CEREMONIA-70-ANOS-CRUCH-Prensa-Uchile-19-08-2024-32-300x200.jpg\" alt=\"\" width=\"300\" height=\"200\" srcset=\"https:\/\/consejoderectores.cl\/wp-content\/uploads\/2024\/08\/CEREMONIA-70-ANOS-CRUCH-Prensa-Uchile-19-08-2024-32-300x200.jpg 300w, https:\/\/consejoderectores.cl\/wp-content\/uploads\/2024\/08\/CEREMONIA-70-ANOS-CRUCH-Prensa-Uchile-19-08-2024-32-1024x683.jpg 1024w, https:\/\/consejoderectores.cl\/wp-content\/uploads\/2024\/08\/CEREMONIA-70-ANOS-CRUCH-Prensa-Uchile-19-08-2024-32-768x512.jpg 768w, https:\/\/consejoderectores.cl\/wp-content\/uploads\/2024\/08\/CEREMONIA-70-ANOS-CRUCH-Prensa-Uchile-19-08-2024-32-1536x1024.jpg 1536w, https:\/\/consejoderectores.cl\/wp-content\/uploads\/2024\/08\/CEREMONIA-70-ANOS-CRUCH-Prensa-Uchile-19-08-2024-32-2048x1365.jpg 2048w, https:\/\/consejoderectores.cl\/wp-content\/uploads\/2024\/08\/CEREMONIA-70-ANOS-CRUCH-Prensa-Uchile-19-08-2024-32-18x12.jpg 18w, https:\/\/consejoderectores.cl\/wp-content\/uploads\/2024\/08\/CEREMONIA-70-ANOS-CRUCH-Prensa-Uchile-19-08-2024-32-320x213.jpg 320w, https:\/\/consejoderectores.cl\/wp-content\/uploads\/2024\/08\/CEREMONIA-70-ANOS-CRUCH-Prensa-Uchile-19-08-2024-32-480x320.jpg 480w, https:\/\/consejoderectores.cl\/wp-content\/uploads\/2024\/08\/CEREMONIA-70-ANOS-CRUCH-Prensa-Uchile-19-08-2024-32-800x533.jpg 800w, https:\/\/consejoderectores.cl\/wp-content\/uploads\/2024\/08\/CEREMONIA-70-ANOS-CRUCH-Prensa-Uchile-19-08-2024-32-848x565.jpg 848w, https:\/\/consejoderectores.cl\/wp-content\/uploads\/2024\/08\/CEREMONIA-70-ANOS-CRUCH-Prensa-Uchile-19-08-2024-32-1140x760.jpg 1140w, https:\/\/consejoderectores.cl\/wp-content\/uploads\/2024\/08\/CEREMONIA-70-ANOS-CRUCH-Prensa-Uchile-19-08-2024-32-1170x780.jpg 1170w, https:\/\/consejoderectores.cl\/wp-content\/uploads\/2024\/08\/CEREMONIA-70-ANOS-CRUCH-Prensa-Uchile-19-08-2024-32-1920x1280.jpg 1920w\" sizes=\"auto, (max-width: 300px) 100vw, 300px\" \/>At the Central House of the University of Chile, the Commemorative Session of the 70th anniversary of the Council of Rectors of Chilean Universities (CRUCH) was held, an event in which the &quot;Recognition for the contribution to Higher Education&quot; was awarded for the first time, which fell to former President Michelle Bachelet.\u00a0<\/span><\/p>\n<p><span style=\"font-weight: 400;\">The ceremony, which took place in the Hall of Honor, was also attended by authorities such as the President, alumnus and Patron of the University of Chile, Gabriel Boric; the Minister of Education, Nicol\u00e1s Cataldo; the Minister of Science, Technology, Knowledge and Innovation, Ais\u00e9n Etcheverry; the Minister of Justice and Human Rights, Luis Cordero; the Minister of Culture, Arts and Heritage, Carolina Arredondo; the Undersecretary of Higher Education, V\u00edctor Orellana; the Rector of the University of Chile, Rosa Dev\u00e9s and the management team of the institution, as well as parliamentarians, municipal authorities, representatives of the diplomatic corps and members of the University Council and Senate, along with university students and students from the PACE Program of the CRUCH universities.<\/span><\/p>\n<p><span style=\"font-weight: 400;\">The event served as an opportunity for the President of the Republic to announce the launch of the new Structural Funding for Research, Development, and Innovation for Universities. He explained that this fund &quot;consists of permanent resources for universities, enabling them to develop their institutional research capacities and ensuring their sustainability rather than relying on project-by-project funding. To give you an idea, we are projecting an investment of approximately 700 billion pesos over the next 10 years,&quot; which will translate into &quot;providing certainty and fostering an understanding that research is a long-term endeavor.&quot;.<\/span><\/p>\n<p><span style=\"font-weight: 400;\"><img loading=\"lazy\" decoding=\"async\" class=\"size-medium wp-image-11685 alignright\" src=\"https:\/\/consejoderectores.cl\/wp-content\/uploads\/2024\/08\/CEREMONIA-70-ANOS-CRUCH-PrensaUchile-18-2-300x200.jpg\" alt=\"\" width=\"300\" height=\"200\" srcset=\"https:\/\/consejoderectores.cl\/wp-content\/uploads\/2024\/08\/CEREMONIA-70-ANOS-CRUCH-PrensaUchile-18-2-300x200.jpg 300w, https:\/\/consejoderectores.cl\/wp-content\/uploads\/2024\/08\/CEREMONIA-70-ANOS-CRUCH-PrensaUchile-18-2-1024x682.jpg 1024w, https:\/\/consejoderectores.cl\/wp-content\/uploads\/2024\/08\/CEREMONIA-70-ANOS-CRUCH-PrensaUchile-18-2-768x512.jpg 768w, https:\/\/consejoderectores.cl\/wp-content\/uploads\/2024\/08\/CEREMONIA-70-ANOS-CRUCH-PrensaUchile-18-2-18x12.jpg 18w, https:\/\/consejoderectores.cl\/wp-content\/uploads\/2024\/08\/CEREMONIA-70-ANOS-CRUCH-PrensaUchile-18-2-320x213.jpg 320w, https:\/\/consejoderectores.cl\/wp-content\/uploads\/2024\/08\/CEREMONIA-70-ANOS-CRUCH-PrensaUchile-18-2-480x320.jpg 480w, https:\/\/consejoderectores.cl\/wp-content\/uploads\/2024\/08\/CEREMONIA-70-ANOS-CRUCH-PrensaUchile-18-2-800x533.jpg 800w, https:\/\/consejoderectores.cl\/wp-content\/uploads\/2024\/08\/CEREMONIA-70-ANOS-CRUCH-PrensaUchile-18-2-848x565.jpg 848w, https:\/\/consejoderectores.cl\/wp-content\/uploads\/2024\/08\/CEREMONIA-70-ANOS-CRUCH-PrensaUchile-18-2.jpg 1094w\" sizes=\"auto, (max-width: 300px) 100vw, 300px\" \/>\u201cUniversities are already doing important work, and we need to support them more. The State needs to support them more, not with the fluctuations of the market, but with a long-term vision. This fund will operate in two modalities: a border modality and a territorial modality, in order to respond to global, national, and regional challenges. Furthermore, this will allow us to allocate resources where they are most needed to accelerate scientific capabilities and reverse the neglect that some regions have so unfairly had to endure,\u201d the president stated.\u00a0<\/span><\/p>\n<p><span style=\"font-weight: 400;\">The President added that \u201cwith this we hope to facilitate regional universities contributing more decisively to local development, strengthening their status as development hubs and also contributing to the decentralization process,\u201d and added that this announcement \u201cis aimed at doubling investment in R&amp;D,\u201d a mission for which \u201cMinister Ais\u00e9n Echeverry is in charge.\u201d.\u00a0<\/span><\/p>\n<p><b>Role of Higher Education\u00a0<\/b><\/p>\n<p><span style=\"font-weight: 400;\"><img loading=\"lazy\" decoding=\"async\" class=\"size-medium wp-image-11687 alignleft\" src=\"https:\/\/consejoderectores.cl\/wp-content\/uploads\/2024\/08\/CEREMONIA-70-ANOS-CRUCH-PrensaUchile-02-300x200.jpg\" alt=\"\" width=\"300\" height=\"200\" srcset=\"https:\/\/consejoderectores.cl\/wp-content\/uploads\/2024\/08\/CEREMONIA-70-ANOS-CRUCH-PrensaUchile-02-300x200.jpg 300w, https:\/\/consejoderectores.cl\/wp-content\/uploads\/2024\/08\/CEREMONIA-70-ANOS-CRUCH-PrensaUchile-02-1024x682.jpg 1024w, https:\/\/consejoderectores.cl\/wp-content\/uploads\/2024\/08\/CEREMONIA-70-ANOS-CRUCH-PrensaUchile-02-768x512.jpg 768w, https:\/\/consejoderectores.cl\/wp-content\/uploads\/2024\/08\/CEREMONIA-70-ANOS-CRUCH-PrensaUchile-02-18x12.jpg 18w, https:\/\/consejoderectores.cl\/wp-content\/uploads\/2024\/08\/CEREMONIA-70-ANOS-CRUCH-PrensaUchile-02-320x213.jpg 320w, https:\/\/consejoderectores.cl\/wp-content\/uploads\/2024\/08\/CEREMONIA-70-ANOS-CRUCH-PrensaUchile-02-480x320.jpg 480w, https:\/\/consejoderectores.cl\/wp-content\/uploads\/2024\/08\/CEREMONIA-70-ANOS-CRUCH-PrensaUchile-02-800x533.jpg 800w, https:\/\/consejoderectores.cl\/wp-content\/uploads\/2024\/08\/CEREMONIA-70-ANOS-CRUCH-PrensaUchile-02-848x565.jpg 848w, https:\/\/consejoderectores.cl\/wp-content\/uploads\/2024\/08\/CEREMONIA-70-ANOS-CRUCH-PrensaUchile-02.jpg 1094w\" sizes=\"auto, (max-width: 300px) 100vw, 300px\" \/>The ceremony also included remarks from the Rector of the University of Chile, Rosa Dev\u00e9s. <\/span><span style=\"font-weight: 400;\">\u00ab&quot;On this occasion, we celebrate the collaboration between Chilean universities, we recognize their communities, past and present, and we commit to looking forward together,&quot; he said, adding that &quot;as universities, we are committed to sustaining hope, to striving to ensure that any inhospitable condition is not insurmountable, and to demonstrating that, in and from our institutions, it is possible to strengthen a coexistence founded on democratic values as a safeguard of common dignity.&quot;.\u00a0<\/span><\/p>\n<p><span style=\"font-weight: 400;\">\u201cThe trust that people in our country have placed in their universities commits us to educate for the common good, to constantly innovate our ways of doing academia and to collaboratively propose solutions to the complex problems we face, guaranteeing the exercise of academic freedom in all its dimensions,\u00bb he added.<\/span><\/p>\n<p><span style=\"font-weight: 400;\"><img loading=\"lazy\" decoding=\"async\" class=\"size-medium wp-image-11686 alignright\" src=\"https:\/\/consejoderectores.cl\/wp-content\/uploads\/2024\/08\/CEREMONIA-70-ANOS-CRUCH-PrensaUchile-05-300x191.jpg\" alt=\"\" width=\"300\" height=\"191\" srcset=\"https:\/\/consejoderectores.cl\/wp-content\/uploads\/2024\/08\/CEREMONIA-70-ANOS-CRUCH-PrensaUchile-05-300x191.jpg 300w, https:\/\/consejoderectores.cl\/wp-content\/uploads\/2024\/08\/CEREMONIA-70-ANOS-CRUCH-PrensaUchile-05-768x490.jpg 768w, https:\/\/consejoderectores.cl\/wp-content\/uploads\/2024\/08\/CEREMONIA-70-ANOS-CRUCH-PrensaUchile-05-18x12.jpg 18w, https:\/\/consejoderectores.cl\/wp-content\/uploads\/2024\/08\/CEREMONIA-70-ANOS-CRUCH-PrensaUchile-05-320x204.jpg 320w, https:\/\/consejoderectores.cl\/wp-content\/uploads\/2024\/08\/CEREMONIA-70-ANOS-CRUCH-PrensaUchile-05-480x306.jpg 480w, https:\/\/consejoderectores.cl\/wp-content\/uploads\/2024\/08\/CEREMONIA-70-ANOS-CRUCH-PrensaUchile-05-800x511.jpg 800w, https:\/\/consejoderectores.cl\/wp-content\/uploads\/2024\/08\/CEREMONIA-70-ANOS-CRUCH-PrensaUchile-05-848x541.jpg 848w, https:\/\/consejoderectores.cl\/wp-content\/uploads\/2024\/08\/CEREMONIA-70-ANOS-CRUCH-PrensaUchile-05.jpg 926w\" sizes=\"auto, (max-width: 300px) 100vw, 300px\" \/>Meanwhile, the Executive Vice President of CRUCH and Rector of the University of Tarapac\u00e1, Emilio Rodr\u00edguez Ponce, highlighted that the Council \u201chas been working systematically for the improvement of education in the country,\u201d and added that \u201cuniversities are doing truly important work for equity and inclusion for all who live in our country.\u201d.<\/span><\/p>\n<p><span style=\"font-weight: 400;\">Regarding the institution&#039;s seventieth anniversary, Rector Rodr\u00edguez recalled that the CRUCH (Council of Rectors of Chilean Universities) &quot;was founded on August 14, 1954, with a clear mission: to coordinate the country&#039;s university work to strengthen and improve the quality of education.&quot; In this regard, he mentioned that &quot;in 1957, the CRUCH formed the Scientific and Technological Advisory Committee; then, in 1963, it created the National Center for Information and Documentation; and in 1967, it began administering the centralized university entrance exam, the Academic Aptitude Test (PAA).&quot;.<\/span><\/p>\n<p><b>Recognition and the role of public education<\/b><\/p>\n<p><span style=\"font-weight: 400;\"><img loading=\"lazy\" decoding=\"async\" class=\"size-medium wp-image-11688 alignleft\" src=\"https:\/\/consejoderectores.cl\/wp-content\/uploads\/2024\/08\/CEREMONIA-70-ANOS-CRUCH-Prensa-Uchile-19-08-2024-11-300x200.jpg\" alt=\"\" width=\"300\" height=\"200\" srcset=\"https:\/\/consejoderectores.cl\/wp-content\/uploads\/2024\/08\/CEREMONIA-70-ANOS-CRUCH-Prensa-Uchile-19-08-2024-11-300x200.jpg 300w, https:\/\/consejoderectores.cl\/wp-content\/uploads\/2024\/08\/CEREMONIA-70-ANOS-CRUCH-Prensa-Uchile-19-08-2024-11-768x512.jpg 768w, https:\/\/consejoderectores.cl\/wp-content\/uploads\/2024\/08\/CEREMONIA-70-ANOS-CRUCH-Prensa-Uchile-19-08-2024-11-18x12.jpg 18w, https:\/\/consejoderectores.cl\/wp-content\/uploads\/2024\/08\/CEREMONIA-70-ANOS-CRUCH-Prensa-Uchile-19-08-2024-11-320x213.jpg 320w, https:\/\/consejoderectores.cl\/wp-content\/uploads\/2024\/08\/CEREMONIA-70-ANOS-CRUCH-Prensa-Uchile-19-08-2024-11-480x320.jpg 480w, https:\/\/consejoderectores.cl\/wp-content\/uploads\/2024\/08\/CEREMONIA-70-ANOS-CRUCH-Prensa-Uchile-19-08-2024-11-800x534.jpg 800w, https:\/\/consejoderectores.cl\/wp-content\/uploads\/2024\/08\/CEREMONIA-70-ANOS-CRUCH-Prensa-Uchile-19-08-2024-11-848x566.jpg 848w, https:\/\/consejoderectores.cl\/wp-content\/uploads\/2024\/08\/CEREMONIA-70-ANOS-CRUCH-Prensa-Uchile-19-08-2024-11.jpg 913w\" sizes=\"auto, (max-width: 300px) 100vw, 300px\" \/>The \u201cRecognition for Contribution to Higher Education\u201d was awarded for the first time this year and will be given every two years to an individual who has made outstanding contributions to the Chilean Higher Education System. This year, it was awarded to former president and University of Chile medical graduate Michelle Bachelet, who stated she was \u201chonored to be the first person to receive this recognition.\u201d.<\/span><\/p>\n<p><span style=\"font-weight: 400;\">During the event, Bachelet highlighted that &quot;the 30 universities that currently make up the Council are the most prestigious and established in our country,&quot; institutions that &quot;contribute daily, not only in general, but also to the territorial development of our regions, throughout Chile, from Arica and Parinacota to Magallanes.&quot;.<\/span><\/p>\n<p><span style=\"font-weight: 400;\">\u201cI am a firm believer in the importance of public education and the fundamental role it plays in our society, allowing people to develop fully so that together we can move forward as a country. That is why I have always had a very deep commitment (...), and why in both of my administrations we sought to strengthen it,\u201d she stated.\u00a0<\/span><\/p>\n<p><span style=\"font-weight: 400;\"><img loading=\"lazy\" decoding=\"async\" class=\"size-medium wp-image-11690 alignright\" src=\"https:\/\/consejoderectores.cl\/wp-content\/uploads\/2024\/08\/CEREMONIA-70-ANOS-CRUCH-PrensaUchile-14-300x200.jpg\" alt=\"\" width=\"300\" height=\"200\" srcset=\"https:\/\/consejoderectores.cl\/wp-content\/uploads\/2024\/08\/CEREMONIA-70-ANOS-CRUCH-PrensaUchile-14-300x200.jpg 300w, https:\/\/consejoderectores.cl\/wp-content\/uploads\/2024\/08\/CEREMONIA-70-ANOS-CRUCH-PrensaUchile-14-1024x682.jpg 1024w, https:\/\/consejoderectores.cl\/wp-content\/uploads\/2024\/08\/CEREMONIA-70-ANOS-CRUCH-PrensaUchile-14-768x512.jpg 768w, https:\/\/consejoderectores.cl\/wp-content\/uploads\/2024\/08\/CEREMONIA-70-ANOS-CRUCH-PrensaUchile-14-18x12.jpg 18w, https:\/\/consejoderectores.cl\/wp-content\/uploads\/2024\/08\/CEREMONIA-70-ANOS-CRUCH-PrensaUchile-14-320x213.jpg 320w, https:\/\/consejoderectores.cl\/wp-content\/uploads\/2024\/08\/CEREMONIA-70-ANOS-CRUCH-PrensaUchile-14-480x320.jpg 480w, https:\/\/consejoderectores.cl\/wp-content\/uploads\/2024\/08\/CEREMONIA-70-ANOS-CRUCH-PrensaUchile-14-800x533.jpg 800w, https:\/\/consejoderectores.cl\/wp-content\/uploads\/2024\/08\/CEREMONIA-70-ANOS-CRUCH-PrensaUchile-14-848x565.jpg 848w, https:\/\/consejoderectores.cl\/wp-content\/uploads\/2024\/08\/CEREMONIA-70-ANOS-CRUCH-PrensaUchile-14.jpg 1094w\" sizes=\"auto, (max-width: 300px) 100vw, 300px\" \/>He thanked the members of the CRUCH for their commitment to public service and invited them to continue engaging in \u201cthoughtful and thoughtful reflection on the various current issues.\u201d He said that \u201coften the rapid pace of daily discussions does not allow for the calm reflection so necessary to advance the country&#039;s development. I think we are all aware of the current climate in the country, and I believe that the CRUCH can foster spaces for dialogue, where consensus can be reached, where different stakeholders can sit down and talk, because they have a convening power that should not be wasted.\u201d.<\/span><\/p>\n<p><span style=\"font-weight: 400;\">Finally, he indicated that the university communities belonging to CRUCH \u201ccan illuminate relevant discussions, giving themselves the time and space to think, analyze and generate proposals in the different areas that contribute to the development of the country.\u201d.\u00a0<\/span><\/p>\n<p><span style=\"font-weight: 400;\">Carlos Saavedra, Alternate Executive Vice President of the Council of Rectors of Chilean Universities (CRUCH) and Rector of the University of Concepci\u00f3n, provided some background information on this biennial recognition, highlighting the former president&#039;s achievements, such as free higher education, the Program for Access and Effective Support to Higher Education (PACE), the creation of the state universities of Ays\u00e9n and O&#039;Higgins, and a dozen new Technical Training Centers in the regions. He also mentioned, among other things, the creation of the Superintendency of Higher Education and the mandatory accreditation of Medicine, Dentistry, and Education programs under Law 21.091.<\/span><\/p>\n<p><img loading=\"lazy\" decoding=\"async\" class=\"size-medium wp-image-11689 alignleft\" src=\"https:\/\/consejoderectores.cl\/wp-content\/uploads\/2024\/08\/CEREMONIA-70-ANOS-CRUCH-Prensa-Uchile-19-08-2024-07-300x200.jpg\" alt=\"\" width=\"300\" height=\"200\" srcset=\"https:\/\/consejoderectores.cl\/wp-content\/uploads\/2024\/08\/CEREMONIA-70-ANOS-CRUCH-Prensa-Uchile-19-08-2024-07-300x200.jpg 300w, https:\/\/consejoderectores.cl\/wp-content\/uploads\/2024\/08\/CEREMONIA-70-ANOS-CRUCH-Prensa-Uchile-19-08-2024-07-768x512.jpg 768w, https:\/\/consejoderectores.cl\/wp-content\/uploads\/2024\/08\/CEREMONIA-70-ANOS-CRUCH-Prensa-Uchile-19-08-2024-07-18x12.jpg 18w, https:\/\/consejoderectores.cl\/wp-content\/uploads\/2024\/08\/CEREMONIA-70-ANOS-CRUCH-Prensa-Uchile-19-08-2024-07-320x213.jpg 320w, https:\/\/consejoderectores.cl\/wp-content\/uploads\/2024\/08\/CEREMONIA-70-ANOS-CRUCH-Prensa-Uchile-19-08-2024-07-480x320.jpg 480w, https:\/\/consejoderectores.cl\/wp-content\/uploads\/2024\/08\/CEREMONIA-70-ANOS-CRUCH-Prensa-Uchile-19-08-2024-07-800x534.jpg 800w, https:\/\/consejoderectores.cl\/wp-content\/uploads\/2024\/08\/CEREMONIA-70-ANOS-CRUCH-Prensa-Uchile-19-08-2024-07.jpg 814w\" sizes=\"auto, (max-width: 300px) 100vw, 300px\" \/><\/p>\n<p><span style=\"font-weight: 400;\">\u201cConsidering all the merits presented, we believe that this first recognition fully represents the principles that guided the creation of CRUCH over its seven decades. Our congratulations to former President Michelle Bachelet Jeria for this achievement, and our deep gratitude for such a remarkable contribution to the growth of Chilean Higher Education,\u201d said Rector Carlos Saavedra.<\/span><\/p>\n<p><span style=\"font-weight: 400;\">In her acceptance speech, Michelle Bachelet emphasized that the PACE program was created not only to help young people access higher education, but also to help them stay in it. \u201cWe wanted talented, capable young people to have access to this opportunity, regardless of their financial resources. We wanted them to be able to enter universities, professional institutes, and technical training centers without worrying about the cost of their chosen program,\u201d she stated. In this regard, she recounted that \u201cone of the most rewarding things that happens to a former president is meeting young people who have studied tuition-free and are the first in their families to do so.\u201d.\u00a0<\/span><\/p>\n<p><span style=\"font-weight: 400;\">The Council of Rectors of Chilean Universities was created by law on August 14, 1954, and, throughout its seven decades of existence, has contributed to the development and strengthening of higher education. Currently, the Council comprises the rectors of 30 universities, representing regions from Arica and Parinacota to Magallanes, which make substantial contributions to the territorial development of their respective regions and represent a wide range of intellectual and cultural traditions.<\/span><\/p>\n<p><strong>Text:<\/strong> Communications University of Chile and CRUCH Communications.<\/p>\n<p><strong>Photos: <\/strong>Communications University of Chile.<\/p>","protected":false},"excerpt":{"rendered":"<p>Durante la jornada, las rectoras y rectores de las universidades del CRUCH se reunieron en la Casa Central de la U. de Chile para conmemorar las siete d\u00e9cadas del organismo, instancia en la que adem\u00e1s se entreg\u00f3 por primera vez el \u201cReconocimiento a la contribuci\u00f3n en Educaci\u00f3n Superior\u201d, que este a\u00f1o recay\u00f3 en la ex [&hellip;]<\/p>\n","protected":false},"author":1,"featured_media":11681,"comment_status":"open","ping_status":"open","sticky":false,"template":"","format":"standard","meta":{"_acf_changed":false,"footnotes":""},"categories":[3,13],"tags":[],"class_list":["post-11680","post","type-post","status-publish","format-standard","has-post-thumbnail","hentry","category-noticias","category-noticias-carrusel"],"acf":[],"yoast_head":"<!-- This site is optimized with the Yoast SEO plugin v27.1.1 - https:\/\/yoast.com\/product\/yoast-seo-wordpress\/ -->\n<title>En sesi\u00f3n conmemorativa de 70 a\u00f1os del CRUCH: Presidente Boric anunci\u00f3 nuevo fondo de financiamiento a investigaci\u00f3n para las Universidades - Consejo de Rectoras y Rectores de las Universidades Chilenas<\/title>\n<meta name=\"robots\" content=\"index, follow, max-snippet:-1, max-image-preview:large, max-video-preview:-1\" \/>\n<link rel=\"canonical\" href=\"https:\/\/consejoderectores.cl\/en\/2024\/08\/19\/en-sesion-conmemorativa-de-los-70-anos-del-cruch-presidente-boric-anuncio-nuevo-fondo-de-financiamiento-a-investigacion-para-las-universidades\/\" \/>\n<meta property=\"og:locale\" content=\"en_US\" \/>\n<meta property=\"og:type\" content=\"article\" \/>\n<meta property=\"og:title\" content=\"En sesi\u00f3n conmemorativa de 70 a\u00f1os del CRUCH: Presidente Boric anunci\u00f3 nuevo fondo de financiamiento a investigaci\u00f3n para las Universidades - Consejo de Rectoras y Rectores de las Universidades Chilenas\" \/>\n<meta property=\"og:description\" content=\"Durante la jornada, las rectoras y rectores de las universidades del CRUCH se reunieron en la Casa Central de la U. de Chile para conmemorar las siete d\u00e9cadas del organismo, instancia en la que adem\u00e1s se entreg\u00f3 por primera vez el \u201cReconocimiento a la contribuci\u00f3n en Educaci\u00f3n Superior\u201d, que este a\u00f1o recay\u00f3 en la ex [&hellip;]\" \/>\n<meta property=\"og:url\" content=\"https:\/\/consejoderectores.cl\/en\/2024\/08\/19\/en-sesion-conmemorativa-de-los-70-anos-del-cruch-presidente-boric-anuncio-nuevo-fondo-de-financiamiento-a-investigacion-para-las-universidades\/\" \/>\n<meta property=\"og:site_name\" content=\"Consejo de Rectoras y Rectores de las Universidades Chilenas\" \/>\n<meta property=\"article:published_time\" content=\"2024-08-19T21:19:33+00:00\" \/>\n<meta property=\"article:modified_time\" content=\"2026-02-25T16:21:53+00:00\" \/>\n<meta property=\"og:image\" content=\"https:\/\/consejoderectores.cl\/wp-content\/uploads\/2024\/08\/CEREMONIA-70-ANOS-CRUCH-Prensa-Uchile-19-08-2024-62-scaled.jpg\" \/>\n\t<meta property=\"og:image:width\" content=\"2560\" \/>\n\t<meta property=\"og:image:height\" content=\"1707\" \/>\n\t<meta property=\"og:image:type\" content=\"image\/jpeg\" \/>\n<meta name=\"author\" content=\"Consejo de Rectores de las Universidades Chilenas\" \/>\n<meta name=\"twitter:card\" content=\"summary_large_image\" \/>\n<meta name=\"twitter:creator\" content=\"@CRUCH_cl\" \/>\n<meta name=\"twitter:site\" content=\"@CRUCH_cl\" \/>\n<meta name=\"twitter:label1\" content=\"Written by\" \/>\n\t<meta name=\"twitter:data1\" content=\"Consejo de Rectores de las Universidades Chilenas\" \/>\n\t<meta name=\"twitter:label2\" content=\"Est. reading time\" \/>\n\t<meta name=\"twitter:data2\" content=\"9 minutes\" \/>\n<script type=\"application\/ld+json\" class=\"yoast-schema-graph\">{\"@context\":\"https:\/\/schema.org\",\"@graph\":[{\"@type\":\"Article\",\"@id\":\"https:\/\/consejoderectores.cl\/2024\/08\/19\/en-sesion-conmemorativa-de-los-70-anos-del-cruch-presidente-boric-anuncio-nuevo-fondo-de-financiamiento-a-investigacion-para-las-universidades\/#article\",\"isPartOf\":{\"@id\":\"https:\/\/consejoderectores.cl\/2024\/08\/19\/en-sesion-conmemorativa-de-los-70-anos-del-cruch-presidente-boric-anuncio-nuevo-fondo-de-financiamiento-a-investigacion-para-las-universidades\/\"},\"author\":{\"name\":\"Consejo de Rectores de las Universidades Chilenas\",\"@id\":\"https:\/\/consejoderectores.cl\/en\/#\/schema\/person\/d863e44afde067fd4b57fac66ced709e\"},\"headline\":\"En sesi\u00f3n conmemorativa de 70 a\u00f1os del CRUCH: Presidente Boric anunci\u00f3 nuevo fondo de financiamiento a investigaci\u00f3n para las Universidades\",\"datePublished\":\"2024-08-19T21:19:33+00:00\",\"dateModified\":\"2026-02-25T16:21:53+00:00\",\"mainEntityOfPage\":{\"@id\":\"https:\/\/consejoderectores.cl\/2024\/08\/19\/en-sesion-conmemorativa-de-los-70-anos-del-cruch-presidente-boric-anuncio-nuevo-fondo-de-financiamiento-a-investigacion-para-las-universidades\/\"},\"wordCount\":1631,\"commentCount\":0,\"publisher\":{\"@id\":\"https:\/\/consejoderectores.cl\/en\/#organization\"},\"image\":{\"@id\":\"https:\/\/consejoderectores.cl\/2024\/08\/19\/en-sesion-conmemorativa-de-los-70-anos-del-cruch-presidente-boric-anuncio-nuevo-fondo-de-financiamiento-a-investigacion-para-las-universidades\/#primaryimage\"},\"thumbnailUrl\":\"https:\/\/consejoderectores.cl\/wp-content\/uploads\/2024\/08\/CEREMONIA-70-ANOS-CRUCH-Prensa-Uchile-19-08-2024-62-scaled.jpg\",\"articleSection\":[\"Noticias\",\"Noticias Carrusel\"],\"inLanguage\":\"en-US\",\"potentialAction\":[{\"@type\":\"CommentAction\",\"name\":\"Comment\",\"target\":[\"https:\/\/consejoderectores.cl\/2024\/08\/19\/en-sesion-conmemorativa-de-los-70-anos-del-cruch-presidente-boric-anuncio-nuevo-fondo-de-financiamiento-a-investigacion-para-las-universidades\/#respond\"]}]},{\"@type\":\"WebPage\",\"@id\":\"https:\/\/consejoderectores.cl\/2024\/08\/19\/en-sesion-conmemorativa-de-los-70-anos-del-cruch-presidente-boric-anuncio-nuevo-fondo-de-financiamiento-a-investigacion-para-las-universidades\/\",\"url\":\"https:\/\/consejoderectores.cl\/2024\/08\/19\/en-sesion-conmemorativa-de-los-70-anos-del-cruch-presidente-boric-anuncio-nuevo-fondo-de-financiamiento-a-investigacion-para-las-universidades\/\",\"name\":\"En sesi\u00f3n conmemorativa de 70 a\u00f1os del CRUCH: Presidente Boric anunci\u00f3 nuevo fondo de financiamiento a investigaci\u00f3n para las Universidades - Consejo de Rectoras y Rectores de las Universidades Chilenas\",\"isPartOf\":{\"@id\":\"https:\/\/consejoderectores.cl\/en\/#website\"},\"primaryImageOfPage\":{\"@id\":\"https:\/\/consejoderectores.cl\/2024\/08\/19\/en-sesion-conmemorativa-de-los-70-anos-del-cruch-presidente-boric-anuncio-nuevo-fondo-de-financiamiento-a-investigacion-para-las-universidades\/#primaryimage\"},\"image\":{\"@id\":\"https:\/\/consejoderectores.cl\/2024\/08\/19\/en-sesion-conmemorativa-de-los-70-anos-del-cruch-presidente-boric-anuncio-nuevo-fondo-de-financiamiento-a-investigacion-para-las-universidades\/#primaryimage\"},\"thumbnailUrl\":\"https:\/\/consejoderectores.cl\/wp-content\/uploads\/2024\/08\/CEREMONIA-70-ANOS-CRUCH-Prensa-Uchile-19-08-2024-62-scaled.jpg\",\"datePublished\":\"2024-08-19T21:19:33+00:00\",\"dateModified\":\"2026-02-25T16:21:53+00:00\",\"breadcrumb\":{\"@id\":\"https:\/\/consejoderectores.cl\/2024\/08\/19\/en-sesion-conmemorativa-de-los-70-anos-del-cruch-presidente-boric-anuncio-nuevo-fondo-de-financiamiento-a-investigacion-para-las-universidades\/#breadcrumb\"},\"inLanguage\":\"en-US\",\"potentialAction\":[{\"@type\":\"ReadAction\",\"target\":[\"https:\/\/consejoderectores.cl\/2024\/08\/19\/en-sesion-conmemorativa-de-los-70-anos-del-cruch-presidente-boric-anuncio-nuevo-fondo-de-financiamiento-a-investigacion-para-las-universidades\/\"]}]},{\"@type\":\"ImageObject\",\"inLanguage\":\"en-US\",\"@id\":\"https:\/\/consejoderectores.cl\/2024\/08\/19\/en-sesion-conmemorativa-de-los-70-anos-del-cruch-presidente-boric-anuncio-nuevo-fondo-de-financiamiento-a-investigacion-para-las-universidades\/#primaryimage\",\"url\":\"https:\/\/consejoderectores.cl\/wp-content\/uploads\/2024\/08\/CEREMONIA-70-ANOS-CRUCH-Prensa-Uchile-19-08-2024-62-scaled.jpg\",\"contentUrl\":\"https:\/\/consejoderectores.cl\/wp-content\/uploads\/2024\/08\/CEREMONIA-70-ANOS-CRUCH-Prensa-Uchile-19-08-2024-62-scaled.jpg\",\"width\":2560,\"height\":1707},{\"@type\":\"BreadcrumbList\",\"@id\":\"https:\/\/consejoderectores.cl\/2024\/08\/19\/en-sesion-conmemorativa-de-los-70-anos-del-cruch-presidente-boric-anuncio-nuevo-fondo-de-financiamiento-a-investigacion-para-las-universidades\/#breadcrumb\",\"itemListElement\":[{\"@type\":\"ListItem\",\"position\":1,\"name\":\"Home\",\"item\":\"https:\/\/consejoderectores.cl\/\"},{\"@type\":\"ListItem\",\"position\":2,\"name\":\"En sesi\u00f3n conmemorativa de 70 a\u00f1os del CRUCH: Presidente Boric anunci\u00f3 nuevo fondo de financiamiento a investigaci\u00f3n para las Universidades\"}]},{\"@type\":\"WebSite\",\"@id\":\"https:\/\/consejoderectores.cl\/en\/#website\",\"url\":\"https:\/\/consejoderectores.cl\/en\/\",\"name\":\"Consejo de Rectoras y Rectores de las Universidades Chilenas\",\"description\":\"\",\"publisher\":{\"@id\":\"https:\/\/consejoderectores.cl\/en\/#organization\"},\"potentialAction\":[{\"@type\":\"SearchAction\",\"target\":{\"@type\":\"EntryPoint\",\"urlTemplate\":\"https:\/\/consejoderectores.cl\/en\/?s={search_term_string}\"},\"query-input\":{\"@type\":\"PropertyValueSpecification\",\"valueRequired\":true,\"valueName\":\"search_term_string\"}}],\"inLanguage\":\"en-US\"},{\"@type\":\"Organization\",\"@id\":\"https:\/\/consejoderectores.cl\/en\/#organization\",\"name\":\"Consejo de Rectoras y Rectores de las Universidades Chilenas\",\"url\":\"https:\/\/consejoderectores.cl\/en\/\",\"logo\":{\"@type\":\"ImageObject\",\"inLanguage\":\"en-US\",\"@id\":\"https:\/\/consejoderectores.cl\/en\/#\/schema\/logo\/image\/\",\"url\":\"https:\/\/consejoderectores.cl\/wp-content\/uploads\/2025\/12\/logoheader_2025.png\",\"contentUrl\":\"https:\/\/consejoderectores.cl\/wp-content\/uploads\/2025\/12\/logoheader_2025.png\",\"width\":666,\"height\":305,\"caption\":\"Consejo de Rectoras y Rectores de las Universidades Chilenas\"},\"image\":{\"@id\":\"https:\/\/consejoderectores.cl\/en\/#\/schema\/logo\/image\/\"},\"sameAs\":[\"https:\/\/x.com\/CRUCH_cl\",\"https:\/\/www.instagram.com\/consejoderectores\/\",\"https:\/\/www.linkedin.com\/company\/cruch\/\",\"https:\/\/www.youtube.com\/channel\/UCzgIFRCsDlKoFpimiQmEaOA\"]},{\"@type\":\"Person\",\"@id\":\"https:\/\/consejoderectores.cl\/en\/#\/schema\/person\/d863e44afde067fd4b57fac66ced709e\",\"name\":\"Consejo de Rectores de las Universidades Chilenas\",\"image\":{\"@type\":\"ImageObject\",\"inLanguage\":\"en-US\",\"@id\":\"https:\/\/consejoderectores.cl\/en\/#\/schema\/person\/image\/\",\"url\":\"https:\/\/secure.gravatar.com\/avatar\/c31e2a02401f041926afb8ee21ab666f0925814fe85d25a5c8db80e23722dfc1?s=96&d=mm&r=g\",\"contentUrl\":\"https:\/\/secure.gravatar.com\/avatar\/c31e2a02401f041926afb8ee21ab666f0925814fe85d25a5c8db80e23722dfc1?s=96&d=mm&r=g\",\"caption\":\"Consejo de Rectores de las Universidades Chilenas\"},\"sameAs\":[\"https:\/\/www.consejoderectores.cl\"],\"url\":\"https:\/\/consejoderectores.cl\/en\/author\/cruch\/\"}]}<\/script>\n<!-- \/ Yoast SEO plugin. -->","yoast_head_json":{"title":"En sesi\u00f3n conmemorativa de 70 a\u00f1os del CRUCH: Presidente Boric anunci\u00f3 nuevo fondo de financiamiento a investigaci\u00f3n para las Universidades - Consejo de Rectoras y Rectores de las Universidades Chilenas","robots":{"index":"index","follow":"follow","max-snippet":"max-snippet:-1","max-image-preview":"max-image-preview:large","max-video-preview":"max-video-preview:-1"},"canonical":"https:\/\/consejoderectores.cl\/en\/2024\/08\/19\/en-sesion-conmemorativa-de-los-70-anos-del-cruch-presidente-boric-anuncio-nuevo-fondo-de-financiamiento-a-investigacion-para-las-universidades\/","og_locale":"en_US","og_type":"article","og_title":"En sesi\u00f3n conmemorativa de 70 a\u00f1os del CRUCH: Presidente Boric anunci\u00f3 nuevo fondo de financiamiento a investigaci\u00f3n para las Universidades - Consejo de Rectoras y Rectores de las Universidades Chilenas","og_description":"Durante la jornada, las rectoras y rectores de las universidades del CRUCH se reunieron en la Casa Central de la U. de Chile para conmemorar las siete d\u00e9cadas del organismo, instancia en la que adem\u00e1s se entreg\u00f3 por primera vez el \u201cReconocimiento a la contribuci\u00f3n en Educaci\u00f3n Superior\u201d, que este a\u00f1o recay\u00f3 en la ex [&hellip;]","og_url":"https:\/\/consejoderectores.cl\/en\/2024\/08\/19\/en-sesion-conmemorativa-de-los-70-anos-del-cruch-presidente-boric-anuncio-nuevo-fondo-de-financiamiento-a-investigacion-para-las-universidades\/","og_site_name":"Consejo de Rectoras y Rectores de las Universidades Chilenas","article_published_time":"2024-08-19T21:19:33+00:00","article_modified_time":"2026-02-25T16:21:53+00:00","og_image":[{"width":2560,"height":1707,"url":"https:\/\/consejoderectores.cl\/wp-content\/uploads\/2024\/08\/CEREMONIA-70-ANOS-CRUCH-Prensa-Uchile-19-08-2024-62-scaled.jpg","type":"image\/jpeg"}],"author":"Consejo de Rectores de las Universidades Chilenas","twitter_card":"summary_large_image","twitter_creator":"@CRUCH_cl","twitter_site":"@CRUCH_cl","twitter_misc":{"Written by":"Consejo de Rectores de las Universidades Chilenas","Est. reading time":"9 minutes"},"schema":{"@context":"https:\/\/schema.org","@graph":[{"@type":"Article","@id":"https:\/\/consejoderectores.cl\/2024\/08\/19\/en-sesion-conmemorativa-de-los-70-anos-del-cruch-presidente-boric-anuncio-nuevo-fondo-de-financiamiento-a-investigacion-para-las-universidades\/#article","isPartOf":{"@id":"https:\/\/consejoderectores.cl\/2024\/08\/19\/en-sesion-conmemorativa-de-los-70-anos-del-cruch-presidente-boric-anuncio-nuevo-fondo-de-financiamiento-a-investigacion-para-las-universidades\/"},"author":{"name":"Consejo de Rectores de las Universidades Chilenas","@id":"https:\/\/consejoderectores.cl\/en\/#\/schema\/person\/d863e44afde067fd4b57fac66ced709e"},"headline":"En sesi\u00f3n conmemorativa de 70 a\u00f1os del CRUCH: Presidente Boric anunci\u00f3 nuevo fondo de financiamiento a investigaci\u00f3n para las Universidades","datePublished":"2024-08-19T21:19:33+00:00","dateModified":"2026-02-25T16:21:53+00:00","mainEntityOfPage":{"@id":"https:\/\/consejoderectores.cl\/2024\/08\/19\/en-sesion-conmemorativa-de-los-70-anos-del-cruch-presidente-boric-anuncio-nuevo-fondo-de-financiamiento-a-investigacion-para-las-universidades\/"},"wordCount":1631,"commentCount":0,"publisher":{"@id":"https:\/\/consejoderectores.cl\/en\/#organization"},"image":{"@id":"https:\/\/consejoderectores.cl\/2024\/08\/19\/en-sesion-conmemorativa-de-los-70-anos-del-cruch-presidente-boric-anuncio-nuevo-fondo-de-financiamiento-a-investigacion-para-las-universidades\/#primaryimage"},"thumbnailUrl":"https:\/\/consejoderectores.cl\/wp-content\/uploads\/2024\/08\/CEREMONIA-70-ANOS-CRUCH-Prensa-Uchile-19-08-2024-62-scaled.jpg","articleSection":["Noticias","Noticias Carrusel"],"inLanguage":"en-US","potentialAction":[{"@type":"CommentAction","name":"Comment","target":["https:\/\/consejoderectores.cl\/2024\/08\/19\/en-sesion-conmemorativa-de-los-70-anos-del-cruch-presidente-boric-anuncio-nuevo-fondo-de-financiamiento-a-investigacion-para-las-universidades\/#respond"]}]},{"@type":"WebPage","@id":"https:\/\/consejoderectores.cl\/2024\/08\/19\/en-sesion-conmemorativa-de-los-70-anos-del-cruch-presidente-boric-anuncio-nuevo-fondo-de-financiamiento-a-investigacion-para-las-universidades\/","url":"https:\/\/consejoderectores.cl\/2024\/08\/19\/en-sesion-conmemorativa-de-los-70-anos-del-cruch-presidente-boric-anuncio-nuevo-fondo-de-financiamiento-a-investigacion-para-las-universidades\/","name":"En sesi\u00f3n conmemorativa de 70 a\u00f1os del CRUCH: Presidente Boric anunci\u00f3 nuevo fondo de financiamiento a investigaci\u00f3n para las Universidades - Consejo de Rectoras y Rectores de las Universidades Chilenas","isPartOf":{"@id":"https:\/\/consejoderectores.cl\/en\/#website"},"primaryImageOfPage":{"@id":"https:\/\/consejoderectores.cl\/2024\/08\/19\/en-sesion-conmemorativa-de-los-70-anos-del-cruch-presidente-boric-anuncio-nuevo-fondo-de-financiamiento-a-investigacion-para-las-universidades\/#primaryimage"},"image":{"@id":"https:\/\/consejoderectores.cl\/2024\/08\/19\/en-sesion-conmemorativa-de-los-70-anos-del-cruch-presidente-boric-anuncio-nuevo-fondo-de-financiamiento-a-investigacion-para-las-universidades\/#primaryimage"},"thumbnailUrl":"https:\/\/consejoderectores.cl\/wp-content\/uploads\/2024\/08\/CEREMONIA-70-ANOS-CRUCH-Prensa-Uchile-19-08-2024-62-scaled.jpg","datePublished":"2024-08-19T21:19:33+00:00","dateModified":"2026-02-25T16:21:53+00:00","breadcrumb":{"@id":"https:\/\/consejoderectores.cl\/2024\/08\/19\/en-sesion-conmemorativa-de-los-70-anos-del-cruch-presidente-boric-anuncio-nuevo-fondo-de-financiamiento-a-investigacion-para-las-universidades\/#breadcrumb"},"inLanguage":"en-US","potentialAction":[{"@type":"ReadAction","target":["https:\/\/consejoderectores.cl\/2024\/08\/19\/en-sesion-conmemorativa-de-los-70-anos-del-cruch-presidente-boric-anuncio-nuevo-fondo-de-financiamiento-a-investigacion-para-las-universidades\/"]}]},{"@type":"ImageObject","inLanguage":"en-US","@id":"https:\/\/consejoderectores.cl\/2024\/08\/19\/en-sesion-conmemorativa-de-los-70-anos-del-cruch-presidente-boric-anuncio-nuevo-fondo-de-financiamiento-a-investigacion-para-las-universidades\/#primaryimage","url":"https:\/\/consejoderectores.cl\/wp-content\/uploads\/2024\/08\/CEREMONIA-70-ANOS-CRUCH-Prensa-Uchile-19-08-2024-62-scaled.jpg","contentUrl":"https:\/\/consejoderectores.cl\/wp-content\/uploads\/2024\/08\/CEREMONIA-70-ANOS-CRUCH-Prensa-Uchile-19-08-2024-62-scaled.jpg","width":2560,"height":1707},{"@type":"BreadcrumbList","@id":"https:\/\/consejoderectores.cl\/2024\/08\/19\/en-sesion-conmemorativa-de-los-70-anos-del-cruch-presidente-boric-anuncio-nuevo-fondo-de-financiamiento-a-investigacion-para-las-universidades\/#breadcrumb","itemListElement":[{"@type":"ListItem","position":1,"name":"Home","item":"https:\/\/consejoderectores.cl\/"},{"@type":"ListItem","position":2,"name":"En sesi\u00f3n conmemorativa de 70 a\u00f1os del CRUCH: Presidente Boric anunci\u00f3 nuevo fondo de financiamiento a investigaci\u00f3n para las Universidades"}]},{"@type":"WebSite","@id":"https:\/\/consejoderectores.cl\/en\/#website","url":"https:\/\/consejoderectores.cl\/en\/","name":"Council of Rectors of Chilean Universities","description":"","publisher":{"@id":"https:\/\/consejoderectores.cl\/en\/#organization"},"potentialAction":[{"@type":"SearchAction","target":{"@type":"EntryPoint","urlTemplate":"https:\/\/consejoderectores.cl\/en\/?s={search_term_string}"},"query-input":{"@type":"PropertyValueSpecification","valueRequired":true,"valueName":"search_term_string"}}],"inLanguage":"en-US"},{"@type":"Organization","@id":"https:\/\/consejoderectores.cl\/en\/#organization","name":"Council of Rectors of Chilean Universities","url":"https:\/\/consejoderectores.cl\/en\/","logo":{"@type":"ImageObject","inLanguage":"en-US","@id":"https:\/\/consejoderectores.cl\/en\/#\/schema\/logo\/image\/","url":"https:\/\/consejoderectores.cl\/wp-content\/uploads\/2025\/12\/logoheader_2025.png","contentUrl":"https:\/\/consejoderectores.cl\/wp-content\/uploads\/2025\/12\/logoheader_2025.png","width":666,"height":305,"caption":"Consejo de Rectoras y Rectores de las Universidades Chilenas"},"image":{"@id":"https:\/\/consejoderectores.cl\/en\/#\/schema\/logo\/image\/"},"sameAs":["https:\/\/x.com\/CRUCH_cl","https:\/\/www.instagram.com\/consejoderectores\/","https:\/\/www.linkedin.com\/company\/cruch\/","https:\/\/www.youtube.com\/channel\/UCzgIFRCsDlKoFpimiQmEaOA"]},{"@type":"Person","@id":"https:\/\/consejoderectores.cl\/en\/#\/schema\/person\/d863e44afde067fd4b57fac66ced709e","name":"Council of Rectors of Chilean Universities","image":{"@type":"ImageObject","inLanguage":"en-US","@id":"https:\/\/consejoderectores.cl\/en\/#\/schema\/person\/image\/","url":"https:\/\/secure.gravatar.com\/avatar\/c31e2a02401f041926afb8ee21ab666f0925814fe85d25a5c8db80e23722dfc1?s=96&d=mm&r=g","contentUrl":"https:\/\/secure.gravatar.com\/avatar\/c31e2a02401f041926afb8ee21ab666f0925814fe85d25a5c8db80e23722dfc1?s=96&d=mm&r=g","caption":"Consejo de Rectores de las Universidades Chilenas"},"sameAs":["https:\/\/www.consejoderectores.cl"],"url":"https:\/\/consejoderectores.cl\/en\/author\/cruch\/"}]}},"_links":{"self":[{"href":"https:\/\/consejoderectores.cl\/en\/wp-json\/wp\/v2\/posts\/11680","targetHints":{"allow":["GET"]}}],"collection":[{"href":"https:\/\/consejoderectores.cl\/en\/wp-json\/wp\/v2\/posts"}],"about":[{"href":"https:\/\/consejoderectores.cl\/en\/wp-json\/wp\/v2\/types\/post"}],"author":[{"embeddable":true,"href":"https:\/\/consejoderectores.cl\/en\/wp-json\/wp\/v2\/users\/1"}],"replies":[{"embeddable":true,"href":"https:\/\/consejoderectores.cl\/en\/wp-json\/wp\/v2\/comments?post=11680"}],"version-history":[{"count":4,"href":"https:\/\/consejoderectores.cl\/en\/wp-json\/wp\/v2\/posts\/11680\/revisions"}],"predecessor-version":[{"id":14305,"href":"https:\/\/consejoderectores.cl\/en\/wp-json\/wp\/v2\/posts\/11680\/revisions\/14305"}],"wp:featuredmedia":[{"embeddable":true,"href":"https:\/\/consejoderectores.cl\/en\/wp-json\/wp\/v2\/media\/11681"}],"wp:attachment":[{"href":"https:\/\/consejoderectores.cl\/en\/wp-json\/wp\/v2\/media?parent=11680"}],"wp:term":[{"taxonomy":"category","embeddable":true,"href":"https:\/\/consejoderectores.cl\/en\/wp-json\/wp\/v2\/categories?post=11680"},{"taxonomy":"post_tag","embeddable":true,"href":"https:\/\/consejoderectores.cl\/en\/wp-json\/wp\/v2\/tags?post=11680"}],"curies":[{"name":"wp","href":"https:\/\/api.w.org\/{rel}","templated":true}]}}