{"id":11664,"date":"2024-08-14T22:01:42","date_gmt":"2024-08-14T22:01:42","guid":{"rendered":"https:\/\/consejoderectores.cl\/?p=11664"},"modified":"2024-08-21T13:51:34","modified_gmt":"2024-08-21T13:51:34","slug":"cruch-entregara-por-primera-vez-el-reconocimiento-a-la-contribucion-en-educacion-superior-en-ceremonia-de-aniversario-n-70","status":"publish","type":"post","link":"https:\/\/consejoderectores.cl\/en\/2024\/08\/14\/cruch-entregara-por-primera-vez-el-reconocimiento-a-la-contribucion-en-educacion-superior-en-ceremonia-de-aniversario-n-70\/","title":{"rendered":"CRUCH will present Michelle Bachelet with the \u201cRecognition for Contribution to Higher Education\u201d at the 70th anniversary ceremony"},"content":{"rendered":"<blockquote><p>The CRUCH will grant this recognition to the former President for her contributions to development and equity in Higher Education, such as the Free Tuition policy and the Higher Education Access Program (PACE).<\/p>\n<p>Next Monday, August 19, a ceremony will be held at the University of Chile&#039;s main building, where the Council of Rectors of Chilean Universities (CRUCH) will commemorate its 70th anniversary with the communities of its 30 member universities, as well as key stakeholders in higher education and representatives of the diplomatic corps, among others. Learn more about CRUCH at: <a href=\"https:\/\/consejoderectores.cl\/en\/cruch-70-anos\/\">https:\/\/consejoderectores.cl\/cruch-70-anos\/<\/a><\/p><\/blockquote>\n<p>This unprecedented recognition was established in May of this year with the purpose of honoring the legacy of the Council since its creation in 1954 and will be awarded every two years to an individual who has stood out for contributing to the Chilean Higher Education System.<\/p>\n<p>\u00abThis recognition from CRUCH (Council of Rectors of Chilean Universities) takes place within the context of our organization\u2019s seventieth anniversary. We sought to make an open call for nominations, with the participation of university presidents in the pre-selection process, and with a final decision by the full council. Within this framework, Dr. Michelle Bachelet Jeria has been chosen for this first recognition, for her significant contributions, innovations, and leadership in the design and implementation of public policies in the field of higher education,\u00bb stated Emilio Rodr\u00edguez, Executive Vice President of the Council of Rectors of Chilean Universities and Rector of the University of Tarapac\u00e1.<\/p>\n<p>The award will be presented next Monday, August 19, as part of the \u201cCommemorative Session of the 70th Anniversary of CRUCH\u201d, which will take place at the Central House of the University of Chile.<\/p>\n<p>The CRUCH was created by law on August 14, 1954 and, during its seven decades of history, has contributed to the development and strengthening of Higher Education.<\/p>\n<p>Currently, the Council comprises the rectors of 30 universities, including some of the highest-ranking institutions in the country. These institutions represent a wide range of intellectual and cultural traditions and make significant contributions to the territorial development of the regions, from Arica and Parinacota to Magallanes. Learn more about CRUCH <a href=\"https:\/\/consejoderectores.cl\/en\/cruch-70-anos\/\">HERE<\/a>.<\/p>\n<p><strong>First version of the CRUCH recognition<\/strong><\/p>\n<p>The process to award the \u201cRecognition for Contribution to Higher Education\u201d began on June 16, with the publication of the call for applications in a nationally circulated media outlet, and between June 18 and July 19, the background information was received.<\/p>\n<p>The development of the stages of the process was carried out in accordance with the provisions of the rules and by mandate of the CRUCH plenary was in charge of a Competition Committee made up of seven rectors: Carlos Saavedra, from the University of Concepci\u00f3n (coordinator); Ignacio S\u00e1nchez, from the Pontifical Catholic University of Chile; Luperfina Rojas, from the University of La Serena; Rodrigo Vidal, from the University of Santiago of Chile; Forl\u00edn Aguilera, from the University of Atacama; Cristi\u00e1n del Campo, from the Alberto Hurtado University; and Claudio Rojas, from the Catholic University of Maule.<\/p>\n<p>This committee, with the support of the CRUCH General Secretariat, analyzed the background information of the nine applications received and, according to the selection criteria, chose a shortlist of three candidates, which was presented at an extraordinary plenary session of the Council on Monday, August 12. After a participatory process, the award was granted as a result of a vote by the university rectors.<\/p>\n<p><strong>Michelle Bachelet, the first award winner<\/strong><\/p>\n<p>Michelle Bachelet Jeria, the first woman to be elected President of Chile for two terms (2006-2010 and 2014-2018), promoted a series of reforms that significantly transformed the Higher Education System in Chile, which have endured in successive governments.<\/p>\n<p>His commitment to and recognition of higher education was reflected in structural reforms during his second term. Among the most notable achievements were the implementation of the free tuition policy for low-income students, enabling thousands of young people to finance their studies. Also noteworthy was the Higher Education Access Program (PACE), which offers admission opportunities and support to students from vulnerable public high schools. Furthermore, two new state universities, O&#039;Higgins and Ays\u00e9n, and 13 Technical Training Centers were created, expanding educational opportunities and promoting regional development.<\/p>\n<p><strong>Text and image:<\/strong> CRUCH Communications.<\/p>","protected":false},"excerpt":{"rendered":"<p>El CRUCH otorgar\u00e1 este reconocimiento a la ex Presidenta por sus contribuciones al desarrollo y equidad en la Educaci\u00f3n Superior, como la pol\u00edtica de Gratuidad y el Programa de Acceso a la Educaci\u00f3n Superior (PACE). El pr\u00f3ximo lunes 19 de agosto se llevar\u00e1 a cabo una ceremonia en la Casa Central de la Universidad de [&hellip;]<\/p>\n","protected":false},"author":1,"featured_media":11667,"comment_status":"open","ping_status":"open","sticky":false,"template":"","format":"standard","meta":{"_acf_changed":false,"footnotes":""},"categories":[3,13],"tags":[],"class_list":["post-11664","post","type-post","status-publish","format-standard","has-post-thumbnail","hentry","category-noticias","category-noticias-carrusel"],"acf":[],"yoast_head":"<!-- This site is optimized with the Yoast SEO plugin v27.1.1 - https:\/\/yoast.com\/product\/yoast-seo-wordpress\/ -->\n<title>CRUCH entregar\u00e1 a Michelle Bachelet el \u201cReconocimiento a la contribuci\u00f3n en Educaci\u00f3n Superior\u201d en ceremonia de aniversario N\u00b0 70 - Consejo de Rectoras y Rectores de las Universidades Chilenas<\/title>\n<meta name=\"robots\" content=\"index, follow, max-snippet:-1, max-image-preview:large, max-video-preview:-1\" \/>\n<link rel=\"canonical\" href=\"https:\/\/consejoderectores.cl\/en\/2024\/08\/14\/cruch-entregara-por-primera-vez-el-reconocimiento-a-la-contribucion-en-educacion-superior-en-ceremonia-de-aniversario-n-70\/\" \/>\n<meta property=\"og:locale\" content=\"en_US\" \/>\n<meta property=\"og:type\" content=\"article\" \/>\n<meta property=\"og:title\" content=\"CRUCH entregar\u00e1 a Michelle Bachelet el \u201cReconocimiento a la contribuci\u00f3n en Educaci\u00f3n Superior\u201d en ceremonia de aniversario N\u00b0 70 - Consejo de Rectoras y Rectores de las Universidades Chilenas\" \/>\n<meta property=\"og:description\" content=\"El CRUCH otorgar\u00e1 este reconocimiento a la ex Presidenta por sus contribuciones al desarrollo y equidad en la Educaci\u00f3n Superior, como la pol\u00edtica de Gratuidad y el Programa de Acceso a la Educaci\u00f3n Superior (PACE). El pr\u00f3ximo lunes 19 de agosto se llevar\u00e1 a cabo una ceremonia en la Casa Central de la Universidad de [&hellip;]\" \/>\n<meta property=\"og:url\" content=\"https:\/\/consejoderectores.cl\/en\/2024\/08\/14\/cruch-entregara-por-primera-vez-el-reconocimiento-a-la-contribucion-en-educacion-superior-en-ceremonia-de-aniversario-n-70\/\" \/>\n<meta property=\"og:site_name\" content=\"Consejo de Rectoras y Rectores de las Universidades Chilenas\" \/>\n<meta property=\"article:published_time\" content=\"2024-08-14T22:01:42+00:00\" \/>\n<meta property=\"article:modified_time\" content=\"2024-08-21T13:51:34+00:00\" \/>\n<meta property=\"og:image\" content=\"https:\/\/consejoderectores.cl\/wp-content\/uploads\/2024\/08\/Imegenes-para-noticias-7-1.png\" \/>\n\t<meta property=\"og:image:width\" content=\"1900\" \/>\n\t<meta property=\"og:image:height\" content=\"600\" \/>\n\t<meta property=\"og:image:type\" content=\"image\/png\" \/>\n<meta name=\"author\" content=\"Consejo de Rectores de las Universidades Chilenas\" \/>\n<meta name=\"twitter:card\" content=\"summary_large_image\" \/>\n<meta name=\"twitter:creator\" content=\"@CRUCH_cl\" \/>\n<meta name=\"twitter:site\" content=\"@CRUCH_cl\" \/>\n<meta name=\"twitter:label1\" content=\"Written by\" \/>\n\t<meta name=\"twitter:data1\" content=\"Consejo de Rectores de las Universidades Chilenas\" \/>\n\t<meta name=\"twitter:label2\" content=\"Est. reading time\" \/>\n\t<meta name=\"twitter:data2\" content=\"4 minutes\" \/>\n<script type=\"application\/ld+json\" class=\"yoast-schema-graph\">{\"@context\":\"https:\/\/schema.org\",\"@graph\":[{\"@type\":\"Article\",\"@id\":\"https:\/\/consejoderectores.cl\/2024\/08\/14\/cruch-entregara-por-primera-vez-el-reconocimiento-a-la-contribucion-en-educacion-superior-en-ceremonia-de-aniversario-n-70\/#article\",\"isPartOf\":{\"@id\":\"https:\/\/consejoderectores.cl\/2024\/08\/14\/cruch-entregara-por-primera-vez-el-reconocimiento-a-la-contribucion-en-educacion-superior-en-ceremonia-de-aniversario-n-70\/\"},\"author\":{\"name\":\"Consejo de Rectores de las Universidades Chilenas\",\"@id\":\"https:\/\/consejoderectores.cl\/en\/#\/schema\/person\/d863e44afde067fd4b57fac66ced709e\"},\"headline\":\"CRUCH entregar\u00e1 a Michelle Bachelet el \u201cReconocimiento a la contribuci\u00f3n en Educaci\u00f3n Superior\u201d en ceremonia de aniversario N\u00b0 70\",\"datePublished\":\"2024-08-14T22:01:42+00:00\",\"dateModified\":\"2024-08-21T13:51:34+00:00\",\"mainEntityOfPage\":{\"@id\":\"https:\/\/consejoderectores.cl\/2024\/08\/14\/cruch-entregara-por-primera-vez-el-reconocimiento-a-la-contribucion-en-educacion-superior-en-ceremonia-de-aniversario-n-70\/\"},\"wordCount\":801,\"commentCount\":0,\"publisher\":{\"@id\":\"https:\/\/consejoderectores.cl\/en\/#organization\"},\"image\":{\"@id\":\"https:\/\/consejoderectores.cl\/2024\/08\/14\/cruch-entregara-por-primera-vez-el-reconocimiento-a-la-contribucion-en-educacion-superior-en-ceremonia-de-aniversario-n-70\/#primaryimage\"},\"thumbnailUrl\":\"https:\/\/consejoderectores.cl\/wp-content\/uploads\/2024\/08\/Imegenes-para-noticias-7-1.png\",\"articleSection\":[\"Noticias\",\"Noticias Carrusel\"],\"inLanguage\":\"en-US\",\"potentialAction\":[{\"@type\":\"CommentAction\",\"name\":\"Comment\",\"target\":[\"https:\/\/consejoderectores.cl\/2024\/08\/14\/cruch-entregara-por-primera-vez-el-reconocimiento-a-la-contribucion-en-educacion-superior-en-ceremonia-de-aniversario-n-70\/#respond\"]}]},{\"@type\":\"WebPage\",\"@id\":\"https:\/\/consejoderectores.cl\/2024\/08\/14\/cruch-entregara-por-primera-vez-el-reconocimiento-a-la-contribucion-en-educacion-superior-en-ceremonia-de-aniversario-n-70\/\",\"url\":\"https:\/\/consejoderectores.cl\/2024\/08\/14\/cruch-entregara-por-primera-vez-el-reconocimiento-a-la-contribucion-en-educacion-superior-en-ceremonia-de-aniversario-n-70\/\",\"name\":\"CRUCH entregar\u00e1 a Michelle Bachelet el \u201cReconocimiento a la contribuci\u00f3n en Educaci\u00f3n Superior\u201d en ceremonia de aniversario N\u00b0 70 - Consejo de Rectoras y Rectores de las Universidades Chilenas\",\"isPartOf\":{\"@id\":\"https:\/\/consejoderectores.cl\/en\/#website\"},\"primaryImageOfPage\":{\"@id\":\"https:\/\/consejoderectores.cl\/2024\/08\/14\/cruch-entregara-por-primera-vez-el-reconocimiento-a-la-contribucion-en-educacion-superior-en-ceremonia-de-aniversario-n-70\/#primaryimage\"},\"image\":{\"@id\":\"https:\/\/consejoderectores.cl\/2024\/08\/14\/cruch-entregara-por-primera-vez-el-reconocimiento-a-la-contribucion-en-educacion-superior-en-ceremonia-de-aniversario-n-70\/#primaryimage\"},\"thumbnailUrl\":\"https:\/\/consejoderectores.cl\/wp-content\/uploads\/2024\/08\/Imegenes-para-noticias-7-1.png\",\"datePublished\":\"2024-08-14T22:01:42+00:00\",\"dateModified\":\"2024-08-21T13:51:34+00:00\",\"breadcrumb\":{\"@id\":\"https:\/\/consejoderectores.cl\/2024\/08\/14\/cruch-entregara-por-primera-vez-el-reconocimiento-a-la-contribucion-en-educacion-superior-en-ceremonia-de-aniversario-n-70\/#breadcrumb\"},\"inLanguage\":\"en-US\",\"potentialAction\":[{\"@type\":\"ReadAction\",\"target\":[\"https:\/\/consejoderectores.cl\/2024\/08\/14\/cruch-entregara-por-primera-vez-el-reconocimiento-a-la-contribucion-en-educacion-superior-en-ceremonia-de-aniversario-n-70\/\"]}]},{\"@type\":\"ImageObject\",\"inLanguage\":\"en-US\",\"@id\":\"https:\/\/consejoderectores.cl\/2024\/08\/14\/cruch-entregara-por-primera-vez-el-reconocimiento-a-la-contribucion-en-educacion-superior-en-ceremonia-de-aniversario-n-70\/#primaryimage\",\"url\":\"https:\/\/consejoderectores.cl\/wp-content\/uploads\/2024\/08\/Imegenes-para-noticias-7-1.png\",\"contentUrl\":\"https:\/\/consejoderectores.cl\/wp-content\/uploads\/2024\/08\/Imegenes-para-noticias-7-1.png\",\"width\":1900,\"height\":600},{\"@type\":\"BreadcrumbList\",\"@id\":\"https:\/\/consejoderectores.cl\/2024\/08\/14\/cruch-entregara-por-primera-vez-el-reconocimiento-a-la-contribucion-en-educacion-superior-en-ceremonia-de-aniversario-n-70\/#breadcrumb\",\"itemListElement\":[{\"@type\":\"ListItem\",\"position\":1,\"name\":\"Home\",\"item\":\"https:\/\/consejoderectores.cl\/\"},{\"@type\":\"ListItem\",\"position\":2,\"name\":\"CRUCH entregar\u00e1 a Michelle Bachelet el \u201cReconocimiento a la contribuci\u00f3n en Educaci\u00f3n Superior\u201d en ceremonia de aniversario N\u00b0 70\"}]},{\"@type\":\"WebSite\",\"@id\":\"https:\/\/consejoderectores.cl\/en\/#website\",\"url\":\"https:\/\/consejoderectores.cl\/en\/\",\"name\":\"Consejo de Rectoras y Rectores de las Universidades Chilenas\",\"description\":\"\",\"publisher\":{\"@id\":\"https:\/\/consejoderectores.cl\/en\/#organization\"},\"potentialAction\":[{\"@type\":\"SearchAction\",\"target\":{\"@type\":\"EntryPoint\",\"urlTemplate\":\"https:\/\/consejoderectores.cl\/en\/?s={search_term_string}\"},\"query-input\":{\"@type\":\"PropertyValueSpecification\",\"valueRequired\":true,\"valueName\":\"search_term_string\"}}],\"inLanguage\":\"en-US\"},{\"@type\":\"Organization\",\"@id\":\"https:\/\/consejoderectores.cl\/en\/#organization\",\"name\":\"Consejo de Rectoras y Rectores de las Universidades Chilenas\",\"url\":\"https:\/\/consejoderectores.cl\/en\/\",\"logo\":{\"@type\":\"ImageObject\",\"inLanguage\":\"en-US\",\"@id\":\"https:\/\/consejoderectores.cl\/en\/#\/schema\/logo\/image\/\",\"url\":\"https:\/\/consejoderectores.cl\/wp-content\/uploads\/2025\/12\/logoheader_2025.png\",\"contentUrl\":\"https:\/\/consejoderectores.cl\/wp-content\/uploads\/2025\/12\/logoheader_2025.png\",\"width\":666,\"height\":305,\"caption\":\"Consejo de Rectoras y Rectores de las Universidades Chilenas\"},\"image\":{\"@id\":\"https:\/\/consejoderectores.cl\/en\/#\/schema\/logo\/image\/\"},\"sameAs\":[\"https:\/\/x.com\/CRUCH_cl\",\"https:\/\/www.instagram.com\/consejoderectores\/\",\"https:\/\/www.linkedin.com\/company\/cruch\/\",\"https:\/\/www.youtube.com\/channel\/UCzgIFRCsDlKoFpimiQmEaOA\"]},{\"@type\":\"Person\",\"@id\":\"https:\/\/consejoderectores.cl\/en\/#\/schema\/person\/d863e44afde067fd4b57fac66ced709e\",\"name\":\"Consejo de Rectores de las Universidades Chilenas\",\"image\":{\"@type\":\"ImageObject\",\"inLanguage\":\"en-US\",\"@id\":\"https:\/\/consejoderectores.cl\/en\/#\/schema\/person\/image\/\",\"url\":\"https:\/\/secure.gravatar.com\/avatar\/c31e2a02401f041926afb8ee21ab666f0925814fe85d25a5c8db80e23722dfc1?s=96&d=mm&r=g\",\"contentUrl\":\"https:\/\/secure.gravatar.com\/avatar\/c31e2a02401f041926afb8ee21ab666f0925814fe85d25a5c8db80e23722dfc1?s=96&d=mm&r=g\",\"caption\":\"Consejo de Rectores de las Universidades Chilenas\"},\"sameAs\":[\"https:\/\/www.consejoderectores.cl\"],\"url\":\"https:\/\/consejoderectores.cl\/en\/author\/cruch\/\"}]}<\/script>\n<!-- \/ Yoast SEO plugin. -->","yoast_head_json":{"title":"CRUCH entregar\u00e1 a Michelle Bachelet el \u201cReconocimiento a la contribuci\u00f3n en Educaci\u00f3n Superior\u201d en ceremonia de aniversario N\u00b0 70 - Consejo de Rectoras y Rectores de las Universidades Chilenas","robots":{"index":"index","follow":"follow","max-snippet":"max-snippet:-1","max-image-preview":"max-image-preview:large","max-video-preview":"max-video-preview:-1"},"canonical":"https:\/\/consejoderectores.cl\/en\/2024\/08\/14\/cruch-entregara-por-primera-vez-el-reconocimiento-a-la-contribucion-en-educacion-superior-en-ceremonia-de-aniversario-n-70\/","og_locale":"en_US","og_type":"article","og_title":"CRUCH entregar\u00e1 a Michelle Bachelet el \u201cReconocimiento a la contribuci\u00f3n en Educaci\u00f3n Superior\u201d en ceremonia de aniversario N\u00b0 70 - Consejo de Rectoras y Rectores de las Universidades Chilenas","og_description":"El CRUCH otorgar\u00e1 este reconocimiento a la ex Presidenta por sus contribuciones al desarrollo y equidad en la Educaci\u00f3n Superior, como la pol\u00edtica de Gratuidad y el Programa de Acceso a la Educaci\u00f3n Superior (PACE). El pr\u00f3ximo lunes 19 de agosto se llevar\u00e1 a cabo una ceremonia en la Casa Central de la Universidad de [&hellip;]","og_url":"https:\/\/consejoderectores.cl\/en\/2024\/08\/14\/cruch-entregara-por-primera-vez-el-reconocimiento-a-la-contribucion-en-educacion-superior-en-ceremonia-de-aniversario-n-70\/","og_site_name":"Consejo de Rectoras y Rectores de las Universidades Chilenas","article_published_time":"2024-08-14T22:01:42+00:00","article_modified_time":"2024-08-21T13:51:34+00:00","og_image":[{"width":1900,"height":600,"url":"https:\/\/consejoderectores.cl\/wp-content\/uploads\/2024\/08\/Imegenes-para-noticias-7-1.png","type":"image\/png"}],"author":"Consejo de Rectores de las Universidades Chilenas","twitter_card":"summary_large_image","twitter_creator":"@CRUCH_cl","twitter_site":"@CRUCH_cl","twitter_misc":{"Written by":"Consejo de Rectores de las Universidades Chilenas","Est. reading time":"4 minutes"},"schema":{"@context":"https:\/\/schema.org","@graph":[{"@type":"Article","@id":"https:\/\/consejoderectores.cl\/2024\/08\/14\/cruch-entregara-por-primera-vez-el-reconocimiento-a-la-contribucion-en-educacion-superior-en-ceremonia-de-aniversario-n-70\/#article","isPartOf":{"@id":"https:\/\/consejoderectores.cl\/2024\/08\/14\/cruch-entregara-por-primera-vez-el-reconocimiento-a-la-contribucion-en-educacion-superior-en-ceremonia-de-aniversario-n-70\/"},"author":{"name":"Consejo de Rectores de las Universidades Chilenas","@id":"https:\/\/consejoderectores.cl\/en\/#\/schema\/person\/d863e44afde067fd4b57fac66ced709e"},"headline":"CRUCH entregar\u00e1 a Michelle Bachelet el \u201cReconocimiento a la contribuci\u00f3n en Educaci\u00f3n Superior\u201d en ceremonia de aniversario N\u00b0 70","datePublished":"2024-08-14T22:01:42+00:00","dateModified":"2024-08-21T13:51:34+00:00","mainEntityOfPage":{"@id":"https:\/\/consejoderectores.cl\/2024\/08\/14\/cruch-entregara-por-primera-vez-el-reconocimiento-a-la-contribucion-en-educacion-superior-en-ceremonia-de-aniversario-n-70\/"},"wordCount":801,"commentCount":0,"publisher":{"@id":"https:\/\/consejoderectores.cl\/en\/#organization"},"image":{"@id":"https:\/\/consejoderectores.cl\/2024\/08\/14\/cruch-entregara-por-primera-vez-el-reconocimiento-a-la-contribucion-en-educacion-superior-en-ceremonia-de-aniversario-n-70\/#primaryimage"},"thumbnailUrl":"https:\/\/consejoderectores.cl\/wp-content\/uploads\/2024\/08\/Imegenes-para-noticias-7-1.png","articleSection":["Noticias","Noticias Carrusel"],"inLanguage":"en-US","potentialAction":[{"@type":"CommentAction","name":"Comment","target":["https:\/\/consejoderectores.cl\/2024\/08\/14\/cruch-entregara-por-primera-vez-el-reconocimiento-a-la-contribucion-en-educacion-superior-en-ceremonia-de-aniversario-n-70\/#respond"]}]},{"@type":"WebPage","@id":"https:\/\/consejoderectores.cl\/2024\/08\/14\/cruch-entregara-por-primera-vez-el-reconocimiento-a-la-contribucion-en-educacion-superior-en-ceremonia-de-aniversario-n-70\/","url":"https:\/\/consejoderectores.cl\/2024\/08\/14\/cruch-entregara-por-primera-vez-el-reconocimiento-a-la-contribucion-en-educacion-superior-en-ceremonia-de-aniversario-n-70\/","name":"CRUCH entregar\u00e1 a Michelle Bachelet el \u201cReconocimiento a la contribuci\u00f3n en Educaci\u00f3n Superior\u201d en ceremonia de aniversario N\u00b0 70 - Consejo de Rectoras y Rectores de las Universidades Chilenas","isPartOf":{"@id":"https:\/\/consejoderectores.cl\/en\/#website"},"primaryImageOfPage":{"@id":"https:\/\/consejoderectores.cl\/2024\/08\/14\/cruch-entregara-por-primera-vez-el-reconocimiento-a-la-contribucion-en-educacion-superior-en-ceremonia-de-aniversario-n-70\/#primaryimage"},"image":{"@id":"https:\/\/consejoderectores.cl\/2024\/08\/14\/cruch-entregara-por-primera-vez-el-reconocimiento-a-la-contribucion-en-educacion-superior-en-ceremonia-de-aniversario-n-70\/#primaryimage"},"thumbnailUrl":"https:\/\/consejoderectores.cl\/wp-content\/uploads\/2024\/08\/Imegenes-para-noticias-7-1.png","datePublished":"2024-08-14T22:01:42+00:00","dateModified":"2024-08-21T13:51:34+00:00","breadcrumb":{"@id":"https:\/\/consejoderectores.cl\/2024\/08\/14\/cruch-entregara-por-primera-vez-el-reconocimiento-a-la-contribucion-en-educacion-superior-en-ceremonia-de-aniversario-n-70\/#breadcrumb"},"inLanguage":"en-US","potentialAction":[{"@type":"ReadAction","target":["https:\/\/consejoderectores.cl\/2024\/08\/14\/cruch-entregara-por-primera-vez-el-reconocimiento-a-la-contribucion-en-educacion-superior-en-ceremonia-de-aniversario-n-70\/"]}]},{"@type":"ImageObject","inLanguage":"en-US","@id":"https:\/\/consejoderectores.cl\/2024\/08\/14\/cruch-entregara-por-primera-vez-el-reconocimiento-a-la-contribucion-en-educacion-superior-en-ceremonia-de-aniversario-n-70\/#primaryimage","url":"https:\/\/consejoderectores.cl\/wp-content\/uploads\/2024\/08\/Imegenes-para-noticias-7-1.png","contentUrl":"https:\/\/consejoderectores.cl\/wp-content\/uploads\/2024\/08\/Imegenes-para-noticias-7-1.png","width":1900,"height":600},{"@type":"BreadcrumbList","@id":"https:\/\/consejoderectores.cl\/2024\/08\/14\/cruch-entregara-por-primera-vez-el-reconocimiento-a-la-contribucion-en-educacion-superior-en-ceremonia-de-aniversario-n-70\/#breadcrumb","itemListElement":[{"@type":"ListItem","position":1,"name":"Home","item":"https:\/\/consejoderectores.cl\/"},{"@type":"ListItem","position":2,"name":"CRUCH entregar\u00e1 a Michelle Bachelet el \u201cReconocimiento a la contribuci\u00f3n en Educaci\u00f3n Superior\u201d en ceremonia de aniversario N\u00b0 70"}]},{"@type":"WebSite","@id":"https:\/\/consejoderectores.cl\/en\/#website","url":"https:\/\/consejoderectores.cl\/en\/","name":"Council of Rectors of Chilean Universities","description":"","publisher":{"@id":"https:\/\/consejoderectores.cl\/en\/#organization"},"potentialAction":[{"@type":"SearchAction","target":{"@type":"EntryPoint","urlTemplate":"https:\/\/consejoderectores.cl\/en\/?s={search_term_string}"},"query-input":{"@type":"PropertyValueSpecification","valueRequired":true,"valueName":"search_term_string"}}],"inLanguage":"en-US"},{"@type":"Organization","@id":"https:\/\/consejoderectores.cl\/en\/#organization","name":"Council of Rectors of Chilean Universities","url":"https:\/\/consejoderectores.cl\/en\/","logo":{"@type":"ImageObject","inLanguage":"en-US","@id":"https:\/\/consejoderectores.cl\/en\/#\/schema\/logo\/image\/","url":"https:\/\/consejoderectores.cl\/wp-content\/uploads\/2025\/12\/logoheader_2025.png","contentUrl":"https:\/\/consejoderectores.cl\/wp-content\/uploads\/2025\/12\/logoheader_2025.png","width":666,"height":305,"caption":"Consejo de Rectoras y Rectores de las Universidades Chilenas"},"image":{"@id":"https:\/\/consejoderectores.cl\/en\/#\/schema\/logo\/image\/"},"sameAs":["https:\/\/x.com\/CRUCH_cl","https:\/\/www.instagram.com\/consejoderectores\/","https:\/\/www.linkedin.com\/company\/cruch\/","https:\/\/www.youtube.com\/channel\/UCzgIFRCsDlKoFpimiQmEaOA"]},{"@type":"Person","@id":"https:\/\/consejoderectores.cl\/en\/#\/schema\/person\/d863e44afde067fd4b57fac66ced709e","name":"Council of Rectors of Chilean Universities","image":{"@type":"ImageObject","inLanguage":"en-US","@id":"https:\/\/consejoderectores.cl\/en\/#\/schema\/person\/image\/","url":"https:\/\/secure.gravatar.com\/avatar\/c31e2a02401f041926afb8ee21ab666f0925814fe85d25a5c8db80e23722dfc1?s=96&d=mm&r=g","contentUrl":"https:\/\/secure.gravatar.com\/avatar\/c31e2a02401f041926afb8ee21ab666f0925814fe85d25a5c8db80e23722dfc1?s=96&d=mm&r=g","caption":"Consejo de Rectores de las Universidades Chilenas"},"sameAs":["https:\/\/www.consejoderectores.cl"],"url":"https:\/\/consejoderectores.cl\/en\/author\/cruch\/"}]}},"_links":{"self":[{"href":"https:\/\/consejoderectores.cl\/en\/wp-json\/wp\/v2\/posts\/11664","targetHints":{"allow":["GET"]}}],"collection":[{"href":"https:\/\/consejoderectores.cl\/en\/wp-json\/wp\/v2\/posts"}],"about":[{"href":"https:\/\/consejoderectores.cl\/en\/wp-json\/wp\/v2\/types\/post"}],"author":[{"embeddable":true,"href":"https:\/\/consejoderectores.cl\/en\/wp-json\/wp\/v2\/users\/1"}],"replies":[{"embeddable":true,"href":"https:\/\/consejoderectores.cl\/en\/wp-json\/wp\/v2\/comments?post=11664"}],"version-history":[{"count":7,"href":"https:\/\/consejoderectores.cl\/en\/wp-json\/wp\/v2\/posts\/11664\/revisions"}],"predecessor-version":[{"id":11694,"href":"https:\/\/consejoderectores.cl\/en\/wp-json\/wp\/v2\/posts\/11664\/revisions\/11694"}],"wp:featuredmedia":[{"embeddable":true,"href":"https:\/\/consejoderectores.cl\/en\/wp-json\/wp\/v2\/media\/11667"}],"wp:attachment":[{"href":"https:\/\/consejoderectores.cl\/en\/wp-json\/wp\/v2\/media?parent=11664"}],"wp:term":[{"taxonomy":"category","embeddable":true,"href":"https:\/\/consejoderectores.cl\/en\/wp-json\/wp\/v2\/categories?post=11664"},{"taxonomy":"post_tag","embeddable":true,"href":"https:\/\/consejoderectores.cl\/en\/wp-json\/wp\/v2\/tags?post=11664"}],"curies":[{"name":"wp","href":"https:\/\/api.w.org\/{rel}","templated":true}]}}