{"id":1163,"date":"2012-05-15T00:00:00","date_gmt":"2012-05-15T00:00:00","guid":{"rendered":""},"modified":"2022-01-25T21:13:09","modified_gmt":"2022-01-25T21:13:09","slug":"603c6d807076b","status":"publish","type":"post","link":"https:\/\/consejoderectores.cl\/en\/2012\/05\/15\/603c6d807076b\/","title":{"rendered":"The Statistical Yearbooks for the years 2005 to 2010 are now available in Excel format."},"content":{"rendered":"<blockquote><p>The publications present annual information from the universities that make up the Council of Rectors.<\/p><\/blockquote>\n<p>Starting today, Excel versions of the Statistical Yearbooks published by the Council of Rectors of Chilean Universities (CRUCH) between 2005 and 2010 are available, in order to facilitate the use of this data by researchers.<\/p>\n<p>The Statistical Yearbook of the Council of Rectors is an annual publication that presents information from the universities that make up CRUCH in the following areas: 1) academic, for the different levels of education; 2) financial (balance of budget execution), and 3) human resources (academic and non-academic staff, by working day).<\/p>\n<p>The information is generated by each of the universities, considering the cut-off date of December 31 of each year.<\/p>\n<p>Yearbooks are available <a href=\"https:\/\/consejoderectores.cl\/en\/publicaciones\/anuario-estadistico\/\">here<\/a>.<\/p>","protected":false},"excerpt":{"rendered":"<p>Las publicaciones presentan informaci\u00f3n anual de las universidades que integran el Consejo de Rectores. Desde hoy se encuentran disponibles las versiones en Excel de los Anuarios Estad\u00edsticos publicados por el Consejo de Rectores de las Universidades Chilenas (CRUCH) entre los a\u00f1os 2005 y 2010, a fin de facilitar el uso de estos datos a investigadores. [&hellip;]<\/p>\n","protected":false},"author":1,"featured_media":3592,"comment_status":"open","ping_status":"open","sticky":false,"template":"","format":"standard","meta":{"_acf_changed":false,"footnotes":""},"categories":[3],"tags":[],"class_list":["post-1163","post","type-post","status-publish","format-standard","has-post-thumbnail","hentry","category-noticias"],"acf":[],"yoast_head":"<!-- This site is optimized with the Yoast SEO plugin v27.1.1 - https:\/\/yoast.com\/product\/yoast-seo-wordpress\/ -->\n<title>Ya est\u00e1 disponible en versi\u00f3n Excel los Anuarios Estad\u00edsticos entre los a\u00f1os 2005 y 2010 - Consejo de Rectoras y Rectores de las Universidades Chilenas<\/title>\n<meta name=\"robots\" content=\"index, follow, max-snippet:-1, max-image-preview:large, max-video-preview:-1\" \/>\n<link rel=\"canonical\" href=\"https:\/\/consejoderectores.cl\/en\/2012\/05\/15\/603c6d807076b\/\" \/>\n<meta property=\"og:locale\" content=\"en_US\" \/>\n<meta property=\"og:type\" content=\"article\" \/>\n<meta property=\"og:title\" content=\"Ya est\u00e1 disponible en versi\u00f3n Excel los Anuarios Estad\u00edsticos entre los a\u00f1os 2005 y 2010 - Consejo de Rectoras y Rectores de las Universidades Chilenas\" \/>\n<meta property=\"og:description\" content=\"Las publicaciones presentan informaci\u00f3n anual de las universidades que integran el Consejo de Rectores. Desde hoy se encuentran disponibles las versiones en Excel de los Anuarios Estad\u00edsticos publicados por el Consejo de Rectores de las Universidades Chilenas (CRUCH) entre los a\u00f1os 2005 y 2010, a fin de facilitar el uso de estos datos a investigadores. [&hellip;]\" \/>\n<meta property=\"og:url\" content=\"https:\/\/consejoderectores.cl\/en\/2012\/05\/15\/603c6d807076b\/\" \/>\n<meta property=\"og:site_name\" content=\"Consejo de Rectoras y Rectores de las Universidades Chilenas\" \/>\n<meta property=\"article:published_time\" content=\"2012-05-15T00:00:00+00:00\" \/>\n<meta property=\"article:modified_time\" content=\"2022-01-25T21:13:09+00:00\" \/>\n<meta property=\"og:image\" content=\"https:\/\/consejoderectores.cl\/wp-content\/uploads\/2021\/10\/declaraciones-publicas.jpg\" \/>\n\t<meta property=\"og:image:width\" content=\"1024\" \/>\n\t<meta property=\"og:image:height\" content=\"500\" \/>\n\t<meta property=\"og:image:type\" content=\"image\/jpeg\" \/>\n<meta name=\"author\" content=\"Consejo de Rectores de las Universidades Chilenas\" \/>\n<meta name=\"twitter:card\" content=\"summary_large_image\" \/>\n<meta name=\"twitter:creator\" content=\"@CRUCH_cl\" \/>\n<meta name=\"twitter:site\" content=\"@CRUCH_cl\" \/>\n<meta name=\"twitter:label1\" content=\"Written by\" \/>\n\t<meta name=\"twitter:data1\" content=\"Consejo de Rectores de las Universidades Chilenas\" \/>\n\t<meta name=\"twitter:label2\" content=\"Est. reading time\" \/>\n\t<meta name=\"twitter:data2\" content=\"1 minute\" \/>\n<script type=\"application\/ld+json\" class=\"yoast-schema-graph\">{\"@context\":\"https:\/\/schema.org\",\"@graph\":[{\"@type\":\"Article\",\"@id\":\"https:\/\/consejoderectores.cl\/2012\/05\/15\/603c6d807076b\/#article\",\"isPartOf\":{\"@id\":\"https:\/\/consejoderectores.cl\/2012\/05\/15\/603c6d807076b\/\"},\"author\":{\"name\":\"Consejo de Rectores de las Universidades Chilenas\",\"@id\":\"https:\/\/consejoderectores.cl\/en\/#\/schema\/person\/d863e44afde067fd4b57fac66ced709e\"},\"headline\":\"Ya est\u00e1 disponible en versi\u00f3n Excel los Anuarios Estad\u00edsticos entre los a\u00f1os 2005 y 2010\",\"datePublished\":\"2012-05-15T00:00:00+00:00\",\"dateModified\":\"2022-01-25T21:13:09+00:00\",\"mainEntityOfPage\":{\"@id\":\"https:\/\/consejoderectores.cl\/2012\/05\/15\/603c6d807076b\/\"},\"wordCount\":158,\"commentCount\":0,\"publisher\":{\"@id\":\"https:\/\/consejoderectores.cl\/en\/#organization\"},\"image\":{\"@id\":\"https:\/\/consejoderectores.cl\/2012\/05\/15\/603c6d807076b\/#primaryimage\"},\"thumbnailUrl\":\"https:\/\/consejoderectores.cl\/wp-content\/uploads\/2021\/10\/declaraciones-publicas.jpg\",\"articleSection\":[\"Noticias\"],\"inLanguage\":\"en-US\",\"potentialAction\":[{\"@type\":\"CommentAction\",\"name\":\"Comment\",\"target\":[\"https:\/\/consejoderectores.cl\/2012\/05\/15\/603c6d807076b\/#respond\"]}]},{\"@type\":\"WebPage\",\"@id\":\"https:\/\/consejoderectores.cl\/2012\/05\/15\/603c6d807076b\/\",\"url\":\"https:\/\/consejoderectores.cl\/2012\/05\/15\/603c6d807076b\/\",\"name\":\"Ya est\u00e1 disponible en versi\u00f3n Excel los Anuarios Estad\u00edsticos entre los a\u00f1os 2005 y 2010 - Consejo de Rectoras y Rectores de las Universidades Chilenas\",\"isPartOf\":{\"@id\":\"https:\/\/consejoderectores.cl\/en\/#website\"},\"primaryImageOfPage\":{\"@id\":\"https:\/\/consejoderectores.cl\/2012\/05\/15\/603c6d807076b\/#primaryimage\"},\"image\":{\"@id\":\"https:\/\/consejoderectores.cl\/2012\/05\/15\/603c6d807076b\/#primaryimage\"},\"thumbnailUrl\":\"https:\/\/consejoderectores.cl\/wp-content\/uploads\/2021\/10\/declaraciones-publicas.jpg\",\"datePublished\":\"2012-05-15T00:00:00+00:00\",\"dateModified\":\"2022-01-25T21:13:09+00:00\",\"breadcrumb\":{\"@id\":\"https:\/\/consejoderectores.cl\/2012\/05\/15\/603c6d807076b\/#breadcrumb\"},\"inLanguage\":\"en-US\",\"potentialAction\":[{\"@type\":\"ReadAction\",\"target\":[\"https:\/\/consejoderectores.cl\/2012\/05\/15\/603c6d807076b\/\"]}]},{\"@type\":\"ImageObject\",\"inLanguage\":\"en-US\",\"@id\":\"https:\/\/consejoderectores.cl\/2012\/05\/15\/603c6d807076b\/#primaryimage\",\"url\":\"https:\/\/consejoderectores.cl\/wp-content\/uploads\/2021\/10\/declaraciones-publicas.jpg\",\"contentUrl\":\"https:\/\/consejoderectores.cl\/wp-content\/uploads\/2021\/10\/declaraciones-publicas.jpg\",\"width\":1024,\"height\":500},{\"@type\":\"BreadcrumbList\",\"@id\":\"https:\/\/consejoderectores.cl\/2012\/05\/15\/603c6d807076b\/#breadcrumb\",\"itemListElement\":[{\"@type\":\"ListItem\",\"position\":1,\"name\":\"Home\",\"item\":\"https:\/\/consejoderectores.cl\/\"},{\"@type\":\"ListItem\",\"position\":2,\"name\":\"Ya est\u00e1 disponible en versi\u00f3n Excel los Anuarios Estad\u00edsticos entre los a\u00f1os 2005 y 2010\"}]},{\"@type\":\"WebSite\",\"@id\":\"https:\/\/consejoderectores.cl\/en\/#website\",\"url\":\"https:\/\/consejoderectores.cl\/en\/\",\"name\":\"Consejo de Rectoras y Rectores de las Universidades Chilenas\",\"description\":\"\",\"publisher\":{\"@id\":\"https:\/\/consejoderectores.cl\/en\/#organization\"},\"potentialAction\":[{\"@type\":\"SearchAction\",\"target\":{\"@type\":\"EntryPoint\",\"urlTemplate\":\"https:\/\/consejoderectores.cl\/en\/?s={search_term_string}\"},\"query-input\":{\"@type\":\"PropertyValueSpecification\",\"valueRequired\":true,\"valueName\":\"search_term_string\"}}],\"inLanguage\":\"en-US\"},{\"@type\":\"Organization\",\"@id\":\"https:\/\/consejoderectores.cl\/en\/#organization\",\"name\":\"Consejo de Rectoras y Rectores de las Universidades Chilenas\",\"url\":\"https:\/\/consejoderectores.cl\/en\/\",\"logo\":{\"@type\":\"ImageObject\",\"inLanguage\":\"en-US\",\"@id\":\"https:\/\/consejoderectores.cl\/en\/#\/schema\/logo\/image\/\",\"url\":\"https:\/\/consejoderectores.cl\/wp-content\/uploads\/2025\/12\/logoheader_2025.png\",\"contentUrl\":\"https:\/\/consejoderectores.cl\/wp-content\/uploads\/2025\/12\/logoheader_2025.png\",\"width\":666,\"height\":305,\"caption\":\"Consejo de Rectoras y Rectores de las Universidades Chilenas\"},\"image\":{\"@id\":\"https:\/\/consejoderectores.cl\/en\/#\/schema\/logo\/image\/\"},\"sameAs\":[\"https:\/\/x.com\/CRUCH_cl\",\"https:\/\/www.instagram.com\/consejoderectores\/\",\"https:\/\/www.linkedin.com\/company\/cruch\/\",\"https:\/\/www.youtube.com\/channel\/UCzgIFRCsDlKoFpimiQmEaOA\"]},{\"@type\":\"Person\",\"@id\":\"https:\/\/consejoderectores.cl\/en\/#\/schema\/person\/d863e44afde067fd4b57fac66ced709e\",\"name\":\"Consejo de Rectores de las Universidades Chilenas\",\"image\":{\"@type\":\"ImageObject\",\"inLanguage\":\"en-US\",\"@id\":\"https:\/\/consejoderectores.cl\/en\/#\/schema\/person\/image\/\",\"url\":\"https:\/\/secure.gravatar.com\/avatar\/c31e2a02401f041926afb8ee21ab666f0925814fe85d25a5c8db80e23722dfc1?s=96&d=mm&r=g\",\"contentUrl\":\"https:\/\/secure.gravatar.com\/avatar\/c31e2a02401f041926afb8ee21ab666f0925814fe85d25a5c8db80e23722dfc1?s=96&d=mm&r=g\",\"caption\":\"Consejo de Rectores de las Universidades Chilenas\"},\"sameAs\":[\"https:\/\/www.consejoderectores.cl\"],\"url\":\"https:\/\/consejoderectores.cl\/en\/author\/cruch\/\"}]}<\/script>\n<!-- \/ Yoast SEO plugin. -->","yoast_head_json":{"title":"Ya est\u00e1 disponible en versi\u00f3n Excel los Anuarios Estad\u00edsticos entre los a\u00f1os 2005 y 2010 - Consejo de Rectoras y Rectores de las Universidades Chilenas","robots":{"index":"index","follow":"follow","max-snippet":"max-snippet:-1","max-image-preview":"max-image-preview:large","max-video-preview":"max-video-preview:-1"},"canonical":"https:\/\/consejoderectores.cl\/en\/2012\/05\/15\/603c6d807076b\/","og_locale":"en_US","og_type":"article","og_title":"Ya est\u00e1 disponible en versi\u00f3n Excel los Anuarios Estad\u00edsticos entre los a\u00f1os 2005 y 2010 - Consejo de Rectoras y Rectores de las Universidades Chilenas","og_description":"Las publicaciones presentan informaci\u00f3n anual de las universidades que integran el Consejo de Rectores. Desde hoy se encuentran disponibles las versiones en Excel de los Anuarios Estad\u00edsticos publicados por el Consejo de Rectores de las Universidades Chilenas (CRUCH) entre los a\u00f1os 2005 y 2010, a fin de facilitar el uso de estos datos a investigadores. [&hellip;]","og_url":"https:\/\/consejoderectores.cl\/en\/2012\/05\/15\/603c6d807076b\/","og_site_name":"Consejo de Rectoras y Rectores de las Universidades Chilenas","article_published_time":"2012-05-15T00:00:00+00:00","article_modified_time":"2022-01-25T21:13:09+00:00","og_image":[{"width":1024,"height":500,"url":"https:\/\/consejoderectores.cl\/wp-content\/uploads\/2021\/10\/declaraciones-publicas.jpg","type":"image\/jpeg"}],"author":"Consejo de Rectores de las Universidades Chilenas","twitter_card":"summary_large_image","twitter_creator":"@CRUCH_cl","twitter_site":"@CRUCH_cl","twitter_misc":{"Written by":"Consejo de Rectores de las Universidades Chilenas","Est. reading time":"1 minute"},"schema":{"@context":"https:\/\/schema.org","@graph":[{"@type":"Article","@id":"https:\/\/consejoderectores.cl\/2012\/05\/15\/603c6d807076b\/#article","isPartOf":{"@id":"https:\/\/consejoderectores.cl\/2012\/05\/15\/603c6d807076b\/"},"author":{"name":"Consejo de Rectores de las Universidades Chilenas","@id":"https:\/\/consejoderectores.cl\/en\/#\/schema\/person\/d863e44afde067fd4b57fac66ced709e"},"headline":"Ya est\u00e1 disponible en versi\u00f3n Excel los Anuarios Estad\u00edsticos entre los a\u00f1os 2005 y 2010","datePublished":"2012-05-15T00:00:00+00:00","dateModified":"2022-01-25T21:13:09+00:00","mainEntityOfPage":{"@id":"https:\/\/consejoderectores.cl\/2012\/05\/15\/603c6d807076b\/"},"wordCount":158,"commentCount":0,"publisher":{"@id":"https:\/\/consejoderectores.cl\/en\/#organization"},"image":{"@id":"https:\/\/consejoderectores.cl\/2012\/05\/15\/603c6d807076b\/#primaryimage"},"thumbnailUrl":"https:\/\/consejoderectores.cl\/wp-content\/uploads\/2021\/10\/declaraciones-publicas.jpg","articleSection":["Noticias"],"inLanguage":"en-US","potentialAction":[{"@type":"CommentAction","name":"Comment","target":["https:\/\/consejoderectores.cl\/2012\/05\/15\/603c6d807076b\/#respond"]}]},{"@type":"WebPage","@id":"https:\/\/consejoderectores.cl\/2012\/05\/15\/603c6d807076b\/","url":"https:\/\/consejoderectores.cl\/2012\/05\/15\/603c6d807076b\/","name":"Ya est\u00e1 disponible en versi\u00f3n Excel los Anuarios Estad\u00edsticos entre los a\u00f1os 2005 y 2010 - Consejo de Rectoras y Rectores de las Universidades Chilenas","isPartOf":{"@id":"https:\/\/consejoderectores.cl\/en\/#website"},"primaryImageOfPage":{"@id":"https:\/\/consejoderectores.cl\/2012\/05\/15\/603c6d807076b\/#primaryimage"},"image":{"@id":"https:\/\/consejoderectores.cl\/2012\/05\/15\/603c6d807076b\/#primaryimage"},"thumbnailUrl":"https:\/\/consejoderectores.cl\/wp-content\/uploads\/2021\/10\/declaraciones-publicas.jpg","datePublished":"2012-05-15T00:00:00+00:00","dateModified":"2022-01-25T21:13:09+00:00","breadcrumb":{"@id":"https:\/\/consejoderectores.cl\/2012\/05\/15\/603c6d807076b\/#breadcrumb"},"inLanguage":"en-US","potentialAction":[{"@type":"ReadAction","target":["https:\/\/consejoderectores.cl\/2012\/05\/15\/603c6d807076b\/"]}]},{"@type":"ImageObject","inLanguage":"en-US","@id":"https:\/\/consejoderectores.cl\/2012\/05\/15\/603c6d807076b\/#primaryimage","url":"https:\/\/consejoderectores.cl\/wp-content\/uploads\/2021\/10\/declaraciones-publicas.jpg","contentUrl":"https:\/\/consejoderectores.cl\/wp-content\/uploads\/2021\/10\/declaraciones-publicas.jpg","width":1024,"height":500},{"@type":"BreadcrumbList","@id":"https:\/\/consejoderectores.cl\/2012\/05\/15\/603c6d807076b\/#breadcrumb","itemListElement":[{"@type":"ListItem","position":1,"name":"Home","item":"https:\/\/consejoderectores.cl\/"},{"@type":"ListItem","position":2,"name":"Ya est\u00e1 disponible en versi\u00f3n Excel los Anuarios Estad\u00edsticos entre los a\u00f1os 2005 y 2010"}]},{"@type":"WebSite","@id":"https:\/\/consejoderectores.cl\/en\/#website","url":"https:\/\/consejoderectores.cl\/en\/","name":"Council of Rectors of Chilean Universities","description":"","publisher":{"@id":"https:\/\/consejoderectores.cl\/en\/#organization"},"potentialAction":[{"@type":"SearchAction","target":{"@type":"EntryPoint","urlTemplate":"https:\/\/consejoderectores.cl\/en\/?s={search_term_string}"},"query-input":{"@type":"PropertyValueSpecification","valueRequired":true,"valueName":"search_term_string"}}],"inLanguage":"en-US"},{"@type":"Organization","@id":"https:\/\/consejoderectores.cl\/en\/#organization","name":"Council of Rectors of Chilean Universities","url":"https:\/\/consejoderectores.cl\/en\/","logo":{"@type":"ImageObject","inLanguage":"en-US","@id":"https:\/\/consejoderectores.cl\/en\/#\/schema\/logo\/image\/","url":"https:\/\/consejoderectores.cl\/wp-content\/uploads\/2025\/12\/logoheader_2025.png","contentUrl":"https:\/\/consejoderectores.cl\/wp-content\/uploads\/2025\/12\/logoheader_2025.png","width":666,"height":305,"caption":"Consejo de Rectoras y Rectores de las Universidades Chilenas"},"image":{"@id":"https:\/\/consejoderectores.cl\/en\/#\/schema\/logo\/image\/"},"sameAs":["https:\/\/x.com\/CRUCH_cl","https:\/\/www.instagram.com\/consejoderectores\/","https:\/\/www.linkedin.com\/company\/cruch\/","https:\/\/www.youtube.com\/channel\/UCzgIFRCsDlKoFpimiQmEaOA"]},{"@type":"Person","@id":"https:\/\/consejoderectores.cl\/en\/#\/schema\/person\/d863e44afde067fd4b57fac66ced709e","name":"Council of Rectors of Chilean Universities","image":{"@type":"ImageObject","inLanguage":"en-US","@id":"https:\/\/consejoderectores.cl\/en\/#\/schema\/person\/image\/","url":"https:\/\/secure.gravatar.com\/avatar\/c31e2a02401f041926afb8ee21ab666f0925814fe85d25a5c8db80e23722dfc1?s=96&d=mm&r=g","contentUrl":"https:\/\/secure.gravatar.com\/avatar\/c31e2a02401f041926afb8ee21ab666f0925814fe85d25a5c8db80e23722dfc1?s=96&d=mm&r=g","caption":"Consejo de Rectores de las Universidades Chilenas"},"sameAs":["https:\/\/www.consejoderectores.cl"],"url":"https:\/\/consejoderectores.cl\/en\/author\/cruch\/"}]}},"_links":{"self":[{"href":"https:\/\/consejoderectores.cl\/en\/wp-json\/wp\/v2\/posts\/1163","targetHints":{"allow":["GET"]}}],"collection":[{"href":"https:\/\/consejoderectores.cl\/en\/wp-json\/wp\/v2\/posts"}],"about":[{"href":"https:\/\/consejoderectores.cl\/en\/wp-json\/wp\/v2\/types\/post"}],"author":[{"embeddable":true,"href":"https:\/\/consejoderectores.cl\/en\/wp-json\/wp\/v2\/users\/1"}],"replies":[{"embeddable":true,"href":"https:\/\/consejoderectores.cl\/en\/wp-json\/wp\/v2\/comments?post=1163"}],"version-history":[{"count":3,"href":"https:\/\/consejoderectores.cl\/en\/wp-json\/wp\/v2\/posts\/1163\/revisions"}],"predecessor-version":[{"id":5934,"href":"https:\/\/consejoderectores.cl\/en\/wp-json\/wp\/v2\/posts\/1163\/revisions\/5934"}],"wp:featuredmedia":[{"embeddable":true,"href":"https:\/\/consejoderectores.cl\/en\/wp-json\/wp\/v2\/media\/3592"}],"wp:attachment":[{"href":"https:\/\/consejoderectores.cl\/en\/wp-json\/wp\/v2\/media?parent=1163"}],"wp:term":[{"taxonomy":"category","embeddable":true,"href":"https:\/\/consejoderectores.cl\/en\/wp-json\/wp\/v2\/categories?post=1163"},{"taxonomy":"post_tag","embeddable":true,"href":"https:\/\/consejoderectores.cl\/en\/wp-json\/wp\/v2\/tags?post=1163"}],"curies":[{"name":"wp","href":"https:\/\/api.w.org\/{rel}","templated":true}]}}