{"id":1156,"date":"2012-04-17T00:00:00","date_gmt":"2012-04-17T00:00:00","guid":{"rendered":""},"modified":"2022-01-25T21:50:02","modified_gmt":"2022-01-25T21:50:02","slug":"603c6d8070244","status":"publish","type":"post","link":"https:\/\/consejoderectores.cl\/en\/2012\/04\/17\/603c6d8070244\/","title":{"rendered":"Summit meeting between university presidents and students: CRUCH and CONFECH reaffirm common themes for 2012"},"content":{"rendered":"<blockquote><p>The CRUCH executive committee and the CONFECH executive board, in their first official working meeting, established an agenda for 2012 where they continue to agree on the issues of admission, financing, quality and democratization.<\/p>\n<p>At the meeting, both parties committed to maintaining a permanent dialogue in order to achieve the objectives that will lead to concrete changes in Higher Education.<\/p><\/blockquote>\n<p>In what would be the first meeting of the year to establish a work agenda, the executive committee of the Council of Rectors (CRUCH) and the executive board of the Confederation of Chilean Students (CONFECH) reviewed the past year, reaffirming their shared priorities for 2012 on key issues such as admissions, funding, quality assurance and control, and the democratization of universities. They also agreed to maintain joint efforts through monthly meetings.<\/p>\n<p>Noam Titelman, president of the Catholic University Student Federation (FEUC), addressed the successes and failures of the relationship between CONFECH and CRUCH during 2011, emphasizing the importance of learning from the experience. \u201cOne of the mistakes was the distancing between CONFECH and CRUCH, which should not happen again, because beyond the turbulence, the objectives must always remain the same,\u201d he stated.<\/p>\n<p>Without repeating last year&#039;s scenario, the goal is to maintain a collaborative framework on the aforementioned issues while keeping communication channels open between CONFECH and CRUCH. Echoing the sentiment of learning from last year&#039;s experience, Gabriel Boric, president of the Federation of Students of the University of Chile (FECH), assessed 2011 as a year without concrete results in this area. &quot;It only deepened the existing model where universities were weakened by both public policy and student mobilizations,&quot; he added.<\/p>\n<p>Both organizations were available at all times to hold working groups where the demands for a transformation in Higher Education could be specified.<\/p>\n<p>Along these lines, the rector of the University of Valpara\u00edso, Aldo Valle, emphasized the need to create common spaces. \u201cWe need to generate strategic convergence spaces with teams that function permanently and can channel the points of agreement between students and rectors into practice,\u201d he pointed out.<\/p>\n<p>In this regard, the executive vice president of CRUCH, Juan Manuel Zolezzi, indicated that the first step in fulfilling the demands of 2011 will be the issue of admission to Higher Education, where they will focus on reformulating the system in order to make it fairer and more equitable, inserting new selection mechanisms such as the ranking.<\/p>\n<p>Furthermore, the leaders of the various student federations recalled other important points that need to be addressed, such as advancing interculturalism in the education system and deepening technical and professional training in universities.<\/p>","protected":false},"excerpt":{"rendered":"<p>El comit\u00e9 ejecutivo del CRUCH y la mesa ejecutiva de la CONFECH, en primera reuni\u00f3n oficial de trabajo, establecieron una agenda para el 2012 donde siguen coincidiendo en los temas de admisi\u00f3n, financiamiento, calidad y democratizaci\u00f3n. En la reuni\u00f3n ambas partes se comprometieron a mantener un di\u00e1logo permanente en pro del cumplimiento de los objetivos [&hellip;]<\/p>\n","protected":false},"author":1,"featured_media":3592,"comment_status":"open","ping_status":"open","sticky":false,"template":"","format":"standard","meta":{"_acf_changed":false,"footnotes":""},"categories":[3],"tags":[],"class_list":["post-1156","post","type-post","status-publish","format-standard","has-post-thumbnail","hentry","category-noticias"],"acf":[],"yoast_head":"<!-- This site is optimized with the Yoast SEO plugin v27.1.1 - https:\/\/yoast.com\/product\/yoast-seo-wordpress\/ -->\n<title>Reuni\u00f3n cumbre entre rectores y estudiantes: CRUCH y CONFECH reafirman temas comunes para el 2012 - Consejo de Rectoras y Rectores de las Universidades Chilenas<\/title>\n<meta name=\"robots\" content=\"index, follow, max-snippet:-1, max-image-preview:large, max-video-preview:-1\" \/>\n<link rel=\"canonical\" href=\"https:\/\/consejoderectores.cl\/en\/2012\/04\/17\/603c6d8070244\/\" \/>\n<meta property=\"og:locale\" content=\"en_US\" \/>\n<meta property=\"og:type\" content=\"article\" \/>\n<meta property=\"og:title\" content=\"Reuni\u00f3n cumbre entre rectores y estudiantes: CRUCH y CONFECH reafirman temas comunes para el 2012 - Consejo de Rectoras y Rectores de las Universidades Chilenas\" \/>\n<meta property=\"og:description\" content=\"El comit\u00e9 ejecutivo del CRUCH y la mesa ejecutiva de la CONFECH, en primera reuni\u00f3n oficial de trabajo, establecieron una agenda para el 2012 donde siguen coincidiendo en los temas de admisi\u00f3n, financiamiento, calidad y democratizaci\u00f3n. En la reuni\u00f3n ambas partes se comprometieron a mantener un di\u00e1logo permanente en pro del cumplimiento de los objetivos [&hellip;]\" \/>\n<meta property=\"og:url\" content=\"https:\/\/consejoderectores.cl\/en\/2012\/04\/17\/603c6d8070244\/\" \/>\n<meta property=\"og:site_name\" content=\"Consejo de Rectoras y Rectores de las Universidades Chilenas\" \/>\n<meta property=\"article:published_time\" content=\"2012-04-17T00:00:00+00:00\" \/>\n<meta property=\"article:modified_time\" content=\"2022-01-25T21:50:02+00:00\" \/>\n<meta property=\"og:image\" content=\"https:\/\/consejoderectores.cl\/wp-content\/uploads\/2021\/10\/declaraciones-publicas.jpg\" \/>\n\t<meta property=\"og:image:width\" content=\"1024\" \/>\n\t<meta property=\"og:image:height\" content=\"500\" \/>\n\t<meta property=\"og:image:type\" content=\"image\/jpeg\" \/>\n<meta name=\"author\" content=\"Consejo de Rectores de las Universidades Chilenas\" \/>\n<meta name=\"twitter:card\" content=\"summary_large_image\" \/>\n<meta name=\"twitter:creator\" content=\"@CRUCH_cl\" \/>\n<meta name=\"twitter:site\" content=\"@CRUCH_cl\" \/>\n<meta name=\"twitter:label1\" content=\"Written by\" \/>\n\t<meta name=\"twitter:data1\" content=\"Consejo de Rectores de las Universidades Chilenas\" \/>\n\t<meta name=\"twitter:label2\" content=\"Est. reading time\" \/>\n\t<meta name=\"twitter:data2\" content=\"3 minutes\" \/>\n<script type=\"application\/ld+json\" class=\"yoast-schema-graph\">{\"@context\":\"https:\/\/schema.org\",\"@graph\":[{\"@type\":\"Article\",\"@id\":\"https:\/\/consejoderectores.cl\/2012\/04\/17\/603c6d8070244\/#article\",\"isPartOf\":{\"@id\":\"https:\/\/consejoderectores.cl\/2012\/04\/17\/603c6d8070244\/\"},\"author\":{\"name\":\"Consejo de Rectores de las Universidades Chilenas\",\"@id\":\"https:\/\/consejoderectores.cl\/en\/#\/schema\/person\/d863e44afde067fd4b57fac66ced709e\"},\"headline\":\"Reuni\u00f3n cumbre entre rectores y estudiantes: CRUCH y CONFECH reafirman temas comunes para el 2012\",\"datePublished\":\"2012-04-17T00:00:00+00:00\",\"dateModified\":\"2022-01-25T21:50:02+00:00\",\"mainEntityOfPage\":{\"@id\":\"https:\/\/consejoderectores.cl\/2012\/04\/17\/603c6d8070244\/\"},\"wordCount\":548,\"commentCount\":0,\"publisher\":{\"@id\":\"https:\/\/consejoderectores.cl\/en\/#organization\"},\"image\":{\"@id\":\"https:\/\/consejoderectores.cl\/2012\/04\/17\/603c6d8070244\/#primaryimage\"},\"thumbnailUrl\":\"https:\/\/consejoderectores.cl\/wp-content\/uploads\/2021\/10\/declaraciones-publicas.jpg\",\"articleSection\":[\"Noticias\"],\"inLanguage\":\"en-US\",\"potentialAction\":[{\"@type\":\"CommentAction\",\"name\":\"Comment\",\"target\":[\"https:\/\/consejoderectores.cl\/2012\/04\/17\/603c6d8070244\/#respond\"]}]},{\"@type\":\"WebPage\",\"@id\":\"https:\/\/consejoderectores.cl\/2012\/04\/17\/603c6d8070244\/\",\"url\":\"https:\/\/consejoderectores.cl\/2012\/04\/17\/603c6d8070244\/\",\"name\":\"Reuni\u00f3n cumbre entre rectores y estudiantes: CRUCH y CONFECH reafirman temas comunes para el 2012 - Consejo de Rectoras y Rectores de las Universidades Chilenas\",\"isPartOf\":{\"@id\":\"https:\/\/consejoderectores.cl\/en\/#website\"},\"primaryImageOfPage\":{\"@id\":\"https:\/\/consejoderectores.cl\/2012\/04\/17\/603c6d8070244\/#primaryimage\"},\"image\":{\"@id\":\"https:\/\/consejoderectores.cl\/2012\/04\/17\/603c6d8070244\/#primaryimage\"},\"thumbnailUrl\":\"https:\/\/consejoderectores.cl\/wp-content\/uploads\/2021\/10\/declaraciones-publicas.jpg\",\"datePublished\":\"2012-04-17T00:00:00+00:00\",\"dateModified\":\"2022-01-25T21:50:02+00:00\",\"breadcrumb\":{\"@id\":\"https:\/\/consejoderectores.cl\/2012\/04\/17\/603c6d8070244\/#breadcrumb\"},\"inLanguage\":\"en-US\",\"potentialAction\":[{\"@type\":\"ReadAction\",\"target\":[\"https:\/\/consejoderectores.cl\/2012\/04\/17\/603c6d8070244\/\"]}]},{\"@type\":\"ImageObject\",\"inLanguage\":\"en-US\",\"@id\":\"https:\/\/consejoderectores.cl\/2012\/04\/17\/603c6d8070244\/#primaryimage\",\"url\":\"https:\/\/consejoderectores.cl\/wp-content\/uploads\/2021\/10\/declaraciones-publicas.jpg\",\"contentUrl\":\"https:\/\/consejoderectores.cl\/wp-content\/uploads\/2021\/10\/declaraciones-publicas.jpg\",\"width\":1024,\"height\":500},{\"@type\":\"BreadcrumbList\",\"@id\":\"https:\/\/consejoderectores.cl\/2012\/04\/17\/603c6d8070244\/#breadcrumb\",\"itemListElement\":[{\"@type\":\"ListItem\",\"position\":1,\"name\":\"Home\",\"item\":\"https:\/\/consejoderectores.cl\/\"},{\"@type\":\"ListItem\",\"position\":2,\"name\":\"Reuni\u00f3n cumbre entre rectores y estudiantes: CRUCH y CONFECH reafirman temas comunes para el 2012\"}]},{\"@type\":\"WebSite\",\"@id\":\"https:\/\/consejoderectores.cl\/en\/#website\",\"url\":\"https:\/\/consejoderectores.cl\/en\/\",\"name\":\"Consejo de Rectoras y Rectores de las Universidades Chilenas\",\"description\":\"\",\"publisher\":{\"@id\":\"https:\/\/consejoderectores.cl\/en\/#organization\"},\"potentialAction\":[{\"@type\":\"SearchAction\",\"target\":{\"@type\":\"EntryPoint\",\"urlTemplate\":\"https:\/\/consejoderectores.cl\/en\/?s={search_term_string}\"},\"query-input\":{\"@type\":\"PropertyValueSpecification\",\"valueRequired\":true,\"valueName\":\"search_term_string\"}}],\"inLanguage\":\"en-US\"},{\"@type\":\"Organization\",\"@id\":\"https:\/\/consejoderectores.cl\/en\/#organization\",\"name\":\"Consejo de Rectoras y Rectores de las Universidades Chilenas\",\"url\":\"https:\/\/consejoderectores.cl\/en\/\",\"logo\":{\"@type\":\"ImageObject\",\"inLanguage\":\"en-US\",\"@id\":\"https:\/\/consejoderectores.cl\/en\/#\/schema\/logo\/image\/\",\"url\":\"https:\/\/consejoderectores.cl\/wp-content\/uploads\/2025\/12\/logoheader_2025.png\",\"contentUrl\":\"https:\/\/consejoderectores.cl\/wp-content\/uploads\/2025\/12\/logoheader_2025.png\",\"width\":666,\"height\":305,\"caption\":\"Consejo de Rectoras y Rectores de las Universidades Chilenas\"},\"image\":{\"@id\":\"https:\/\/consejoderectores.cl\/en\/#\/schema\/logo\/image\/\"},\"sameAs\":[\"https:\/\/x.com\/CRUCH_cl\",\"https:\/\/www.instagram.com\/consejoderectores\/\",\"https:\/\/www.linkedin.com\/company\/cruch\/\",\"https:\/\/www.youtube.com\/channel\/UCzgIFRCsDlKoFpimiQmEaOA\"]},{\"@type\":\"Person\",\"@id\":\"https:\/\/consejoderectores.cl\/en\/#\/schema\/person\/d863e44afde067fd4b57fac66ced709e\",\"name\":\"Consejo de Rectores de las Universidades Chilenas\",\"image\":{\"@type\":\"ImageObject\",\"inLanguage\":\"en-US\",\"@id\":\"https:\/\/consejoderectores.cl\/en\/#\/schema\/person\/image\/\",\"url\":\"https:\/\/secure.gravatar.com\/avatar\/c31e2a02401f041926afb8ee21ab666f0925814fe85d25a5c8db80e23722dfc1?s=96&d=mm&r=g\",\"contentUrl\":\"https:\/\/secure.gravatar.com\/avatar\/c31e2a02401f041926afb8ee21ab666f0925814fe85d25a5c8db80e23722dfc1?s=96&d=mm&r=g\",\"caption\":\"Consejo de Rectores de las Universidades Chilenas\"},\"sameAs\":[\"https:\/\/www.consejoderectores.cl\"],\"url\":\"https:\/\/consejoderectores.cl\/en\/author\/cruch\/\"}]}<\/script>\n<!-- \/ Yoast SEO plugin. -->","yoast_head_json":{"title":"Reuni\u00f3n cumbre entre rectores y estudiantes: CRUCH y CONFECH reafirman temas comunes para el 2012 - Consejo de Rectoras y Rectores de las Universidades Chilenas","robots":{"index":"index","follow":"follow","max-snippet":"max-snippet:-1","max-image-preview":"max-image-preview:large","max-video-preview":"max-video-preview:-1"},"canonical":"https:\/\/consejoderectores.cl\/en\/2012\/04\/17\/603c6d8070244\/","og_locale":"en_US","og_type":"article","og_title":"Reuni\u00f3n cumbre entre rectores y estudiantes: CRUCH y CONFECH reafirman temas comunes para el 2012 - Consejo de Rectoras y Rectores de las Universidades Chilenas","og_description":"El comit\u00e9 ejecutivo del CRUCH y la mesa ejecutiva de la CONFECH, en primera reuni\u00f3n oficial de trabajo, establecieron una agenda para el 2012 donde siguen coincidiendo en los temas de admisi\u00f3n, financiamiento, calidad y democratizaci\u00f3n. En la reuni\u00f3n ambas partes se comprometieron a mantener un di\u00e1logo permanente en pro del cumplimiento de los objetivos [&hellip;]","og_url":"https:\/\/consejoderectores.cl\/en\/2012\/04\/17\/603c6d8070244\/","og_site_name":"Consejo de Rectoras y Rectores de las Universidades Chilenas","article_published_time":"2012-04-17T00:00:00+00:00","article_modified_time":"2022-01-25T21:50:02+00:00","og_image":[{"width":1024,"height":500,"url":"https:\/\/consejoderectores.cl\/wp-content\/uploads\/2021\/10\/declaraciones-publicas.jpg","type":"image\/jpeg"}],"author":"Consejo de Rectores de las Universidades Chilenas","twitter_card":"summary_large_image","twitter_creator":"@CRUCH_cl","twitter_site":"@CRUCH_cl","twitter_misc":{"Written by":"Consejo de Rectores de las Universidades Chilenas","Est. reading time":"3 minutes"},"schema":{"@context":"https:\/\/schema.org","@graph":[{"@type":"Article","@id":"https:\/\/consejoderectores.cl\/2012\/04\/17\/603c6d8070244\/#article","isPartOf":{"@id":"https:\/\/consejoderectores.cl\/2012\/04\/17\/603c6d8070244\/"},"author":{"name":"Consejo de Rectores de las Universidades Chilenas","@id":"https:\/\/consejoderectores.cl\/en\/#\/schema\/person\/d863e44afde067fd4b57fac66ced709e"},"headline":"Reuni\u00f3n cumbre entre rectores y estudiantes: CRUCH y CONFECH reafirman temas comunes para el 2012","datePublished":"2012-04-17T00:00:00+00:00","dateModified":"2022-01-25T21:50:02+00:00","mainEntityOfPage":{"@id":"https:\/\/consejoderectores.cl\/2012\/04\/17\/603c6d8070244\/"},"wordCount":548,"commentCount":0,"publisher":{"@id":"https:\/\/consejoderectores.cl\/en\/#organization"},"image":{"@id":"https:\/\/consejoderectores.cl\/2012\/04\/17\/603c6d8070244\/#primaryimage"},"thumbnailUrl":"https:\/\/consejoderectores.cl\/wp-content\/uploads\/2021\/10\/declaraciones-publicas.jpg","articleSection":["Noticias"],"inLanguage":"en-US","potentialAction":[{"@type":"CommentAction","name":"Comment","target":["https:\/\/consejoderectores.cl\/2012\/04\/17\/603c6d8070244\/#respond"]}]},{"@type":"WebPage","@id":"https:\/\/consejoderectores.cl\/2012\/04\/17\/603c6d8070244\/","url":"https:\/\/consejoderectores.cl\/2012\/04\/17\/603c6d8070244\/","name":"Reuni\u00f3n cumbre entre rectores y estudiantes: CRUCH y CONFECH reafirman temas comunes para el 2012 - Consejo de Rectoras y Rectores de las Universidades Chilenas","isPartOf":{"@id":"https:\/\/consejoderectores.cl\/en\/#website"},"primaryImageOfPage":{"@id":"https:\/\/consejoderectores.cl\/2012\/04\/17\/603c6d8070244\/#primaryimage"},"image":{"@id":"https:\/\/consejoderectores.cl\/2012\/04\/17\/603c6d8070244\/#primaryimage"},"thumbnailUrl":"https:\/\/consejoderectores.cl\/wp-content\/uploads\/2021\/10\/declaraciones-publicas.jpg","datePublished":"2012-04-17T00:00:00+00:00","dateModified":"2022-01-25T21:50:02+00:00","breadcrumb":{"@id":"https:\/\/consejoderectores.cl\/2012\/04\/17\/603c6d8070244\/#breadcrumb"},"inLanguage":"en-US","potentialAction":[{"@type":"ReadAction","target":["https:\/\/consejoderectores.cl\/2012\/04\/17\/603c6d8070244\/"]}]},{"@type":"ImageObject","inLanguage":"en-US","@id":"https:\/\/consejoderectores.cl\/2012\/04\/17\/603c6d8070244\/#primaryimage","url":"https:\/\/consejoderectores.cl\/wp-content\/uploads\/2021\/10\/declaraciones-publicas.jpg","contentUrl":"https:\/\/consejoderectores.cl\/wp-content\/uploads\/2021\/10\/declaraciones-publicas.jpg","width":1024,"height":500},{"@type":"BreadcrumbList","@id":"https:\/\/consejoderectores.cl\/2012\/04\/17\/603c6d8070244\/#breadcrumb","itemListElement":[{"@type":"ListItem","position":1,"name":"Home","item":"https:\/\/consejoderectores.cl\/"},{"@type":"ListItem","position":2,"name":"Reuni\u00f3n cumbre entre rectores y estudiantes: CRUCH y CONFECH reafirman temas comunes para el 2012"}]},{"@type":"WebSite","@id":"https:\/\/consejoderectores.cl\/en\/#website","url":"https:\/\/consejoderectores.cl\/en\/","name":"Council of Rectors of Chilean Universities","description":"","publisher":{"@id":"https:\/\/consejoderectores.cl\/en\/#organization"},"potentialAction":[{"@type":"SearchAction","target":{"@type":"EntryPoint","urlTemplate":"https:\/\/consejoderectores.cl\/en\/?s={search_term_string}"},"query-input":{"@type":"PropertyValueSpecification","valueRequired":true,"valueName":"search_term_string"}}],"inLanguage":"en-US"},{"@type":"Organization","@id":"https:\/\/consejoderectores.cl\/en\/#organization","name":"Council of Rectors of Chilean Universities","url":"https:\/\/consejoderectores.cl\/en\/","logo":{"@type":"ImageObject","inLanguage":"en-US","@id":"https:\/\/consejoderectores.cl\/en\/#\/schema\/logo\/image\/","url":"https:\/\/consejoderectores.cl\/wp-content\/uploads\/2025\/12\/logoheader_2025.png","contentUrl":"https:\/\/consejoderectores.cl\/wp-content\/uploads\/2025\/12\/logoheader_2025.png","width":666,"height":305,"caption":"Consejo de Rectoras y Rectores de las Universidades Chilenas"},"image":{"@id":"https:\/\/consejoderectores.cl\/en\/#\/schema\/logo\/image\/"},"sameAs":["https:\/\/x.com\/CRUCH_cl","https:\/\/www.instagram.com\/consejoderectores\/","https:\/\/www.linkedin.com\/company\/cruch\/","https:\/\/www.youtube.com\/channel\/UCzgIFRCsDlKoFpimiQmEaOA"]},{"@type":"Person","@id":"https:\/\/consejoderectores.cl\/en\/#\/schema\/person\/d863e44afde067fd4b57fac66ced709e","name":"Council of Rectors of Chilean Universities","image":{"@type":"ImageObject","inLanguage":"en-US","@id":"https:\/\/consejoderectores.cl\/en\/#\/schema\/person\/image\/","url":"https:\/\/secure.gravatar.com\/avatar\/c31e2a02401f041926afb8ee21ab666f0925814fe85d25a5c8db80e23722dfc1?s=96&d=mm&r=g","contentUrl":"https:\/\/secure.gravatar.com\/avatar\/c31e2a02401f041926afb8ee21ab666f0925814fe85d25a5c8db80e23722dfc1?s=96&d=mm&r=g","caption":"Consejo de Rectores de las Universidades Chilenas"},"sameAs":["https:\/\/www.consejoderectores.cl"],"url":"https:\/\/consejoderectores.cl\/en\/author\/cruch\/"}]}},"_links":{"self":[{"href":"https:\/\/consejoderectores.cl\/en\/wp-json\/wp\/v2\/posts\/1156","targetHints":{"allow":["GET"]}}],"collection":[{"href":"https:\/\/consejoderectores.cl\/en\/wp-json\/wp\/v2\/posts"}],"about":[{"href":"https:\/\/consejoderectores.cl\/en\/wp-json\/wp\/v2\/types\/post"}],"author":[{"embeddable":true,"href":"https:\/\/consejoderectores.cl\/en\/wp-json\/wp\/v2\/users\/1"}],"replies":[{"embeddable":true,"href":"https:\/\/consejoderectores.cl\/en\/wp-json\/wp\/v2\/comments?post=1156"}],"version-history":[{"count":3,"href":"https:\/\/consejoderectores.cl\/en\/wp-json\/wp\/v2\/posts\/1156\/revisions"}],"predecessor-version":[{"id":5946,"href":"https:\/\/consejoderectores.cl\/en\/wp-json\/wp\/v2\/posts\/1156\/revisions\/5946"}],"wp:featuredmedia":[{"embeddable":true,"href":"https:\/\/consejoderectores.cl\/en\/wp-json\/wp\/v2\/media\/3592"}],"wp:attachment":[{"href":"https:\/\/consejoderectores.cl\/en\/wp-json\/wp\/v2\/media?parent=1156"}],"wp:term":[{"taxonomy":"category","embeddable":true,"href":"https:\/\/consejoderectores.cl\/en\/wp-json\/wp\/v2\/categories?post=1156"},{"taxonomy":"post_tag","embeddable":true,"href":"https:\/\/consejoderectores.cl\/en\/wp-json\/wp\/v2\/tags?post=1156"}],"curies":[{"name":"wp","href":"https:\/\/api.w.org\/{rel}","templated":true}]}}