{"id":1155,"date":"2012-03-29T00:00:00","date_gmt":"2012-03-29T00:00:00","guid":{"rendered":""},"modified":"2022-01-26T17:09:08","modified_gmt":"2022-01-26T17:09:08","slug":"603c6d807017c","status":"publish","type":"post","link":"https:\/\/consejoderectores.cl\/en\/2012\/03\/29\/603c6d807017c\/","title":{"rendered":"Minister of Education pledges to make progress on key issues in higher education"},"content":{"rendered":"<blockquote><p>The top official of the ministry confirmed that progress will be made on pending issues such as the Superintendency of Higher Education, quality assurance, the end of profit-making, and the State Universities Law.<\/p>\n<p>The Ministry of Education will deliver a proposal within 60 days on how to improve the reference fee system.<\/p><\/blockquote>\n<p>At the monthly plenary session of the Council of Rectors of Chilean Universities (CRUCH), the highest university authorities held their first meeting of the year with the Minister of Education, Harald Beyer. During the meeting, they analyzed the priorities for higher education in 2012 and the role that the various stakeholders will play in promoting a reform that addresses key issues.<\/p>\n<p>\u201cWe need to move forward with the Superintendency project and the State-Guaranteed Student Loan. We are also available to work on the State Universities Law and a new definition of the reference tuition fee,\u201d stated Minister Harald Beyer.<\/p>\n<p>In this regard, Rector Juan Manuel Zolezzi, Executive Vice President of CRUCH, highlighted the expanded agenda. \u201cThe Minister confirmed that we will work to advance projects that we have promoted and championed as the Council of Rectors. This includes the State Universities Law, the Superintendency of Higher Education, and improving the current system of reference tuition fees,\u201c he stated.<\/p>\n<p>Regarding this last point, Minister Beyer pledged to deliver within 60 days a proposal on how to improve the current system that regulates and sets reference fees. \u201cWe believe it is crucial to move forward in improving the current system, because the reference fee sets the scholarship amounts, and sometimes it is far from the actual fee, that is, the costs incurred by our universities to provide a quality education,\u201d Rector Zolezzi emphasized.<\/p>\n<p>Likewise, the rectors emphasized that beyond the projects being promoted, it is necessary to work on and define a Higher Education policy that encompasses and gives direction to all projects promoted from now on. \u201cIt is key that all actors in education, the rectors, academic and university communities, and experts, work together and debate what Higher Education policy we want to have,\u201d concluded Rector Zolezzi.<\/p>\n<div><\/div>","protected":false},"excerpt":{"rendered":"<p>La m\u00e1xima autoridad de la cartera confirm\u00f3 que se avanzar\u00e1 en temas pendientes como lo son la Superintendencia de Educaci\u00f3n Superior, aseguramiento de la calidad, fin al lucro y Ley de Universidades Estatales. El Ministerio de Educaci\u00f3n entregar\u00e1 en un plazo de 60 d\u00edas una propuesta sobre c\u00f3mo mejorar el sistema de aranceles de referencia. [&hellip;]<\/p>\n","protected":false},"author":1,"featured_media":3592,"comment_status":"open","ping_status":"open","sticky":false,"template":"","format":"standard","meta":{"_acf_changed":false,"footnotes":""},"categories":[3],"tags":[],"class_list":["post-1155","post","type-post","status-publish","format-standard","has-post-thumbnail","hentry","category-noticias"],"acf":[],"yoast_head":"<!-- This site is optimized with the Yoast SEO plugin v27.1.1 - https:\/\/yoast.com\/product\/yoast-seo-wordpress\/ -->\n<title>Ministro de Educaci\u00f3n se compromete a avanzar en materias claves de educaci\u00f3n superior - Consejo de Rectoras y Rectores de las Universidades Chilenas<\/title>\n<meta name=\"robots\" content=\"index, follow, max-snippet:-1, max-image-preview:large, max-video-preview:-1\" \/>\n<link rel=\"canonical\" href=\"http:\/\/consejoderectores.cl\/en\/2012\/03\/29\/603c6d807017c\/\" \/>\n<meta property=\"og:locale\" content=\"en_US\" \/>\n<meta property=\"og:type\" content=\"article\" \/>\n<meta property=\"og:title\" content=\"Ministro de Educaci\u00f3n se compromete a avanzar en materias claves de educaci\u00f3n superior - Consejo de Rectoras y Rectores de las Universidades Chilenas\" \/>\n<meta property=\"og:description\" content=\"La m\u00e1xima autoridad de la cartera confirm\u00f3 que se avanzar\u00e1 en temas pendientes como lo son la Superintendencia de Educaci\u00f3n Superior, aseguramiento de la calidad, fin al lucro y Ley de Universidades Estatales. El Ministerio de Educaci\u00f3n entregar\u00e1 en un plazo de 60 d\u00edas una propuesta sobre c\u00f3mo mejorar el sistema de aranceles de referencia. [&hellip;]\" \/>\n<meta property=\"og:url\" content=\"http:\/\/consejoderectores.cl\/en\/2012\/03\/29\/603c6d807017c\/\" \/>\n<meta property=\"og:site_name\" content=\"Consejo de Rectoras y Rectores de las Universidades Chilenas\" \/>\n<meta property=\"article:published_time\" content=\"2012-03-29T00:00:00+00:00\" \/>\n<meta property=\"article:modified_time\" content=\"2022-01-26T17:09:08+00:00\" \/>\n<meta property=\"og:image\" content=\"https:\/\/consejoderectores.cl\/wp-content\/uploads\/2021\/10\/declaraciones-publicas.jpg\" \/>\n\t<meta property=\"og:image:width\" content=\"1024\" \/>\n\t<meta property=\"og:image:height\" content=\"500\" \/>\n\t<meta property=\"og:image:type\" content=\"image\/jpeg\" \/>\n<meta name=\"author\" content=\"Consejo de Rectores de las Universidades Chilenas\" \/>\n<meta name=\"twitter:card\" content=\"summary_large_image\" \/>\n<meta name=\"twitter:creator\" content=\"@CRUCH_cl\" \/>\n<meta name=\"twitter:site\" content=\"@CRUCH_cl\" \/>\n<meta name=\"twitter:label1\" content=\"Written by\" \/>\n\t<meta name=\"twitter:data1\" content=\"Consejo de Rectores de las Universidades Chilenas\" \/>\n\t<meta name=\"twitter:label2\" content=\"Est. reading time\" \/>\n\t<meta name=\"twitter:data2\" content=\"2 minutes\" \/>\n<script type=\"application\/ld+json\" class=\"yoast-schema-graph\">{\"@context\":\"https:\/\/schema.org\",\"@graph\":[{\"@type\":\"Article\",\"@id\":\"http:\/\/consejoderectores.cl\/en\/2012\/03\/29\/603c6d807017c\/#article\",\"isPartOf\":{\"@id\":\"http:\/\/consejoderectores.cl\/en\/2012\/03\/29\/603c6d807017c\/\"},\"author\":{\"name\":\"Consejo de Rectores de las Universidades Chilenas\",\"@id\":\"https:\/\/consejoderectores.cl\/en\/#\/schema\/person\/d863e44afde067fd4b57fac66ced709e\"},\"headline\":\"Ministro de Educaci\u00f3n se compromete a avanzar en materias claves de educaci\u00f3n superior\",\"datePublished\":\"2012-03-29T00:00:00+00:00\",\"dateModified\":\"2022-01-26T17:09:08+00:00\",\"mainEntityOfPage\":{\"@id\":\"http:\/\/consejoderectores.cl\/en\/2012\/03\/29\/603c6d807017c\/\"},\"wordCount\":412,\"commentCount\":0,\"publisher\":{\"@id\":\"https:\/\/consejoderectores.cl\/en\/#organization\"},\"image\":{\"@id\":\"http:\/\/consejoderectores.cl\/en\/2012\/03\/29\/603c6d807017c\/#primaryimage\"},\"thumbnailUrl\":\"https:\/\/consejoderectores.cl\/wp-content\/uploads\/2021\/10\/declaraciones-publicas.jpg\",\"articleSection\":[\"Noticias\"],\"inLanguage\":\"en-US\",\"potentialAction\":[{\"@type\":\"CommentAction\",\"name\":\"Comment\",\"target\":[\"http:\/\/consejoderectores.cl\/en\/2012\/03\/29\/603c6d807017c\/#respond\"]}]},{\"@type\":\"WebPage\",\"@id\":\"http:\/\/consejoderectores.cl\/en\/2012\/03\/29\/603c6d807017c\/\",\"url\":\"http:\/\/consejoderectores.cl\/en\/2012\/03\/29\/603c6d807017c\/\",\"name\":\"Ministro de Educaci\u00f3n se compromete a avanzar en materias claves de educaci\u00f3n superior - Consejo de Rectoras y Rectores de las Universidades Chilenas\",\"isPartOf\":{\"@id\":\"https:\/\/consejoderectores.cl\/en\/#website\"},\"primaryImageOfPage\":{\"@id\":\"http:\/\/consejoderectores.cl\/en\/2012\/03\/29\/603c6d807017c\/#primaryimage\"},\"image\":{\"@id\":\"http:\/\/consejoderectores.cl\/en\/2012\/03\/29\/603c6d807017c\/#primaryimage\"},\"thumbnailUrl\":\"https:\/\/consejoderectores.cl\/wp-content\/uploads\/2021\/10\/declaraciones-publicas.jpg\",\"datePublished\":\"2012-03-29T00:00:00+00:00\",\"dateModified\":\"2022-01-26T17:09:08+00:00\",\"breadcrumb\":{\"@id\":\"http:\/\/consejoderectores.cl\/en\/2012\/03\/29\/603c6d807017c\/#breadcrumb\"},\"inLanguage\":\"en-US\",\"potentialAction\":[{\"@type\":\"ReadAction\",\"target\":[\"http:\/\/consejoderectores.cl\/en\/2012\/03\/29\/603c6d807017c\/\"]}]},{\"@type\":\"ImageObject\",\"inLanguage\":\"en-US\",\"@id\":\"http:\/\/consejoderectores.cl\/en\/2012\/03\/29\/603c6d807017c\/#primaryimage\",\"url\":\"https:\/\/consejoderectores.cl\/wp-content\/uploads\/2021\/10\/declaraciones-publicas.jpg\",\"contentUrl\":\"https:\/\/consejoderectores.cl\/wp-content\/uploads\/2021\/10\/declaraciones-publicas.jpg\",\"width\":1024,\"height\":500},{\"@type\":\"BreadcrumbList\",\"@id\":\"http:\/\/consejoderectores.cl\/en\/2012\/03\/29\/603c6d807017c\/#breadcrumb\",\"itemListElement\":[{\"@type\":\"ListItem\",\"position\":1,\"name\":\"Home\",\"item\":\"https:\/\/consejoderectores.cl\/\"},{\"@type\":\"ListItem\",\"position\":2,\"name\":\"Ministro de Educaci\u00f3n se compromete a avanzar en materias claves de educaci\u00f3n superior\"}]},{\"@type\":\"WebSite\",\"@id\":\"https:\/\/consejoderectores.cl\/en\/#website\",\"url\":\"https:\/\/consejoderectores.cl\/en\/\",\"name\":\"Consejo de Rectoras y Rectores de las Universidades Chilenas\",\"description\":\"\",\"publisher\":{\"@id\":\"https:\/\/consejoderectores.cl\/en\/#organization\"},\"potentialAction\":[{\"@type\":\"SearchAction\",\"target\":{\"@type\":\"EntryPoint\",\"urlTemplate\":\"https:\/\/consejoderectores.cl\/en\/?s={search_term_string}\"},\"query-input\":{\"@type\":\"PropertyValueSpecification\",\"valueRequired\":true,\"valueName\":\"search_term_string\"}}],\"inLanguage\":\"en-US\"},{\"@type\":\"Organization\",\"@id\":\"https:\/\/consejoderectores.cl\/en\/#organization\",\"name\":\"Consejo de Rectoras y Rectores de las Universidades Chilenas\",\"url\":\"https:\/\/consejoderectores.cl\/en\/\",\"logo\":{\"@type\":\"ImageObject\",\"inLanguage\":\"en-US\",\"@id\":\"https:\/\/consejoderectores.cl\/en\/#\/schema\/logo\/image\/\",\"url\":\"https:\/\/consejoderectores.cl\/wp-content\/uploads\/2025\/12\/logoheader_2025.png\",\"contentUrl\":\"https:\/\/consejoderectores.cl\/wp-content\/uploads\/2025\/12\/logoheader_2025.png\",\"width\":666,\"height\":305,\"caption\":\"Consejo de Rectoras y Rectores de las Universidades Chilenas\"},\"image\":{\"@id\":\"https:\/\/consejoderectores.cl\/en\/#\/schema\/logo\/image\/\"},\"sameAs\":[\"https:\/\/x.com\/CRUCH_cl\",\"https:\/\/www.instagram.com\/consejoderectores\/\",\"https:\/\/www.linkedin.com\/company\/cruch\/\",\"https:\/\/www.youtube.com\/channel\/UCzgIFRCsDlKoFpimiQmEaOA\"]},{\"@type\":\"Person\",\"@id\":\"https:\/\/consejoderectores.cl\/en\/#\/schema\/person\/d863e44afde067fd4b57fac66ced709e\",\"name\":\"Consejo de Rectores de las Universidades Chilenas\",\"image\":{\"@type\":\"ImageObject\",\"inLanguage\":\"en-US\",\"@id\":\"https:\/\/consejoderectores.cl\/en\/#\/schema\/person\/image\/\",\"url\":\"https:\/\/secure.gravatar.com\/avatar\/c31e2a02401f041926afb8ee21ab666f0925814fe85d25a5c8db80e23722dfc1?s=96&d=mm&r=g\",\"contentUrl\":\"https:\/\/secure.gravatar.com\/avatar\/c31e2a02401f041926afb8ee21ab666f0925814fe85d25a5c8db80e23722dfc1?s=96&d=mm&r=g\",\"caption\":\"Consejo de Rectores de las Universidades Chilenas\"},\"sameAs\":[\"https:\/\/www.consejoderectores.cl\"],\"url\":\"https:\/\/consejoderectores.cl\/en\/author\/cruch\/\"}]}<\/script>\n<!-- \/ Yoast SEO plugin. -->","yoast_head_json":{"title":"Ministro de Educaci\u00f3n se compromete a avanzar en materias claves de educaci\u00f3n superior - Consejo de Rectoras y Rectores de las Universidades Chilenas","robots":{"index":"index","follow":"follow","max-snippet":"max-snippet:-1","max-image-preview":"max-image-preview:large","max-video-preview":"max-video-preview:-1"},"canonical":"http:\/\/consejoderectores.cl\/en\/2012\/03\/29\/603c6d807017c\/","og_locale":"en_US","og_type":"article","og_title":"Ministro de Educaci\u00f3n se compromete a avanzar en materias claves de educaci\u00f3n superior - Consejo de Rectoras y Rectores de las Universidades Chilenas","og_description":"La m\u00e1xima autoridad de la cartera confirm\u00f3 que se avanzar\u00e1 en temas pendientes como lo son la Superintendencia de Educaci\u00f3n Superior, aseguramiento de la calidad, fin al lucro y Ley de Universidades Estatales. El Ministerio de Educaci\u00f3n entregar\u00e1 en un plazo de 60 d\u00edas una propuesta sobre c\u00f3mo mejorar el sistema de aranceles de referencia. [&hellip;]","og_url":"http:\/\/consejoderectores.cl\/en\/2012\/03\/29\/603c6d807017c\/","og_site_name":"Consejo de Rectoras y Rectores de las Universidades Chilenas","article_published_time":"2012-03-29T00:00:00+00:00","article_modified_time":"2022-01-26T17:09:08+00:00","og_image":[{"width":1024,"height":500,"url":"https:\/\/consejoderectores.cl\/wp-content\/uploads\/2021\/10\/declaraciones-publicas.jpg","type":"image\/jpeg"}],"author":"Consejo de Rectores de las Universidades Chilenas","twitter_card":"summary_large_image","twitter_creator":"@CRUCH_cl","twitter_site":"@CRUCH_cl","twitter_misc":{"Written by":"Consejo de Rectores de las Universidades Chilenas","Est. reading time":"2 minutes"},"schema":{"@context":"https:\/\/schema.org","@graph":[{"@type":"Article","@id":"http:\/\/consejoderectores.cl\/en\/2012\/03\/29\/603c6d807017c\/#article","isPartOf":{"@id":"http:\/\/consejoderectores.cl\/en\/2012\/03\/29\/603c6d807017c\/"},"author":{"name":"Consejo de Rectores de las Universidades Chilenas","@id":"https:\/\/consejoderectores.cl\/en\/#\/schema\/person\/d863e44afde067fd4b57fac66ced709e"},"headline":"Ministro de Educaci\u00f3n se compromete a avanzar en materias claves de educaci\u00f3n superior","datePublished":"2012-03-29T00:00:00+00:00","dateModified":"2022-01-26T17:09:08+00:00","mainEntityOfPage":{"@id":"http:\/\/consejoderectores.cl\/en\/2012\/03\/29\/603c6d807017c\/"},"wordCount":412,"commentCount":0,"publisher":{"@id":"https:\/\/consejoderectores.cl\/en\/#organization"},"image":{"@id":"http:\/\/consejoderectores.cl\/en\/2012\/03\/29\/603c6d807017c\/#primaryimage"},"thumbnailUrl":"https:\/\/consejoderectores.cl\/wp-content\/uploads\/2021\/10\/declaraciones-publicas.jpg","articleSection":["Noticias"],"inLanguage":"en-US","potentialAction":[{"@type":"CommentAction","name":"Comment","target":["http:\/\/consejoderectores.cl\/en\/2012\/03\/29\/603c6d807017c\/#respond"]}]},{"@type":"WebPage","@id":"http:\/\/consejoderectores.cl\/en\/2012\/03\/29\/603c6d807017c\/","url":"http:\/\/consejoderectores.cl\/en\/2012\/03\/29\/603c6d807017c\/","name":"Ministro de Educaci\u00f3n se compromete a avanzar en materias claves de educaci\u00f3n superior - Consejo de Rectoras y Rectores de las Universidades Chilenas","isPartOf":{"@id":"https:\/\/consejoderectores.cl\/en\/#website"},"primaryImageOfPage":{"@id":"http:\/\/consejoderectores.cl\/en\/2012\/03\/29\/603c6d807017c\/#primaryimage"},"image":{"@id":"http:\/\/consejoderectores.cl\/en\/2012\/03\/29\/603c6d807017c\/#primaryimage"},"thumbnailUrl":"https:\/\/consejoderectores.cl\/wp-content\/uploads\/2021\/10\/declaraciones-publicas.jpg","datePublished":"2012-03-29T00:00:00+00:00","dateModified":"2022-01-26T17:09:08+00:00","breadcrumb":{"@id":"http:\/\/consejoderectores.cl\/en\/2012\/03\/29\/603c6d807017c\/#breadcrumb"},"inLanguage":"en-US","potentialAction":[{"@type":"ReadAction","target":["http:\/\/consejoderectores.cl\/en\/2012\/03\/29\/603c6d807017c\/"]}]},{"@type":"ImageObject","inLanguage":"en-US","@id":"http:\/\/consejoderectores.cl\/en\/2012\/03\/29\/603c6d807017c\/#primaryimage","url":"https:\/\/consejoderectores.cl\/wp-content\/uploads\/2021\/10\/declaraciones-publicas.jpg","contentUrl":"https:\/\/consejoderectores.cl\/wp-content\/uploads\/2021\/10\/declaraciones-publicas.jpg","width":1024,"height":500},{"@type":"BreadcrumbList","@id":"http:\/\/consejoderectores.cl\/en\/2012\/03\/29\/603c6d807017c\/#breadcrumb","itemListElement":[{"@type":"ListItem","position":1,"name":"Home","item":"https:\/\/consejoderectores.cl\/"},{"@type":"ListItem","position":2,"name":"Ministro de Educaci\u00f3n se compromete a avanzar en materias claves de educaci\u00f3n superior"}]},{"@type":"WebSite","@id":"https:\/\/consejoderectores.cl\/en\/#website","url":"https:\/\/consejoderectores.cl\/en\/","name":"Council of Rectors of Chilean Universities","description":"","publisher":{"@id":"https:\/\/consejoderectores.cl\/en\/#organization"},"potentialAction":[{"@type":"SearchAction","target":{"@type":"EntryPoint","urlTemplate":"https:\/\/consejoderectores.cl\/en\/?s={search_term_string}"},"query-input":{"@type":"PropertyValueSpecification","valueRequired":true,"valueName":"search_term_string"}}],"inLanguage":"en-US"},{"@type":"Organization","@id":"https:\/\/consejoderectores.cl\/en\/#organization","name":"Council of Rectors of Chilean Universities","url":"https:\/\/consejoderectores.cl\/en\/","logo":{"@type":"ImageObject","inLanguage":"en-US","@id":"https:\/\/consejoderectores.cl\/en\/#\/schema\/logo\/image\/","url":"https:\/\/consejoderectores.cl\/wp-content\/uploads\/2025\/12\/logoheader_2025.png","contentUrl":"https:\/\/consejoderectores.cl\/wp-content\/uploads\/2025\/12\/logoheader_2025.png","width":666,"height":305,"caption":"Consejo de Rectoras y Rectores de las Universidades Chilenas"},"image":{"@id":"https:\/\/consejoderectores.cl\/en\/#\/schema\/logo\/image\/"},"sameAs":["https:\/\/x.com\/CRUCH_cl","https:\/\/www.instagram.com\/consejoderectores\/","https:\/\/www.linkedin.com\/company\/cruch\/","https:\/\/www.youtube.com\/channel\/UCzgIFRCsDlKoFpimiQmEaOA"]},{"@type":"Person","@id":"https:\/\/consejoderectores.cl\/en\/#\/schema\/person\/d863e44afde067fd4b57fac66ced709e","name":"Council of Rectors of Chilean Universities","image":{"@type":"ImageObject","inLanguage":"en-US","@id":"https:\/\/consejoderectores.cl\/en\/#\/schema\/person\/image\/","url":"https:\/\/secure.gravatar.com\/avatar\/c31e2a02401f041926afb8ee21ab666f0925814fe85d25a5c8db80e23722dfc1?s=96&d=mm&r=g","contentUrl":"https:\/\/secure.gravatar.com\/avatar\/c31e2a02401f041926afb8ee21ab666f0925814fe85d25a5c8db80e23722dfc1?s=96&d=mm&r=g","caption":"Consejo de Rectores de las Universidades Chilenas"},"sameAs":["https:\/\/www.consejoderectores.cl"],"url":"https:\/\/consejoderectores.cl\/en\/author\/cruch\/"}]}},"_links":{"self":[{"href":"https:\/\/consejoderectores.cl\/en\/wp-json\/wp\/v2\/posts\/1155","targetHints":{"allow":["GET"]}}],"collection":[{"href":"https:\/\/consejoderectores.cl\/en\/wp-json\/wp\/v2\/posts"}],"about":[{"href":"https:\/\/consejoderectores.cl\/en\/wp-json\/wp\/v2\/types\/post"}],"author":[{"embeddable":true,"href":"https:\/\/consejoderectores.cl\/en\/wp-json\/wp\/v2\/users\/1"}],"replies":[{"embeddable":true,"href":"https:\/\/consejoderectores.cl\/en\/wp-json\/wp\/v2\/comments?post=1155"}],"version-history":[{"count":2,"href":"https:\/\/consejoderectores.cl\/en\/wp-json\/wp\/v2\/posts\/1155\/revisions"}],"predecessor-version":[{"id":5948,"href":"https:\/\/consejoderectores.cl\/en\/wp-json\/wp\/v2\/posts\/1155\/revisions\/5948"}],"wp:featuredmedia":[{"embeddable":true,"href":"https:\/\/consejoderectores.cl\/en\/wp-json\/wp\/v2\/media\/3592"}],"wp:attachment":[{"href":"https:\/\/consejoderectores.cl\/en\/wp-json\/wp\/v2\/media?parent=1155"}],"wp:term":[{"taxonomy":"category","embeddable":true,"href":"https:\/\/consejoderectores.cl\/en\/wp-json\/wp\/v2\/categories?post=1155"},{"taxonomy":"post_tag","embeddable":true,"href":"https:\/\/consejoderectores.cl\/en\/wp-json\/wp\/v2\/tags?post=1155"}],"curies":[{"name":"wp","href":"https:\/\/api.w.org\/{rel}","templated":true}]}}