{"id":1153,"date":"2012-03-28T00:00:00","date_gmt":"2012-03-28T00:00:00","guid":{"rendered":""},"modified":"2022-01-26T17:12:11","modified_gmt":"2022-01-26T17:12:11","slug":"603c6d806ffe0","status":"publish","type":"post","link":"https:\/\/consejoderectores.cl\/en\/2012\/03\/28\/603c6d806ffe0\/","title":{"rendered":"Council of Rectors meets with the president of the Senate to analyze the agenda in higher education"},"content":{"rendered":"<blockquote><p>At the meeting, the university presidents called for addressing the essential issues in higher education in 2012, such as the Superintendency of Higher Education, the end of profit-making, and ensuring the quality of education.<\/p><\/blockquote>\n<div>The Executive Committee of the Council of Rectors met this morning with the President of the Senate, Senator Camilo Escalona, to analyze the 2012 educational agenda and offer him the support of CRUCH to work and advance on all the key issues for Higher Education.<\/div>\n<div><\/div>\n<div>At the meeting, the university presidents expressed their concern about the issues and concerns raised last year that remain unresolved. \u201cWe expressed our concern that many of the proposals made by the Council of Presidents, and by the students themselves, have not been implemented. While we acknowledge improvements in funding and scholarships, we are still lagging behind on the fundamental issues,\u201d stated President Juan Manuel Zolezzi, executive vice president of the Council of Presidents.<\/div>\n<div><\/div>\n<div>\u00a0\u201cWe are concerned that we don\u2019t see a clear roadmap on key issues for education reform, such as quality assurance, ending profit-making in education, and the Superintendency of Higher Education. We believe a roadmap must be developed to address and resolve these issues,\u201d Zolezzi emphasized.<\/div>\n<div><\/div>\n<div>For his part, Senate President Camilo Escalona called on the government to develop this agenda through dialogue, stating, \u201cWe bear the essential responsibility of generating concrete practices that allow us to move forward in resolving university demands, and for that, we need an agenda. My call is for the Minister of Education to develop it through dialogue.\u201d.<\/div>\n<div><\/div>\n<div>The meeting was also attended by the rectors Aldo Valle, from the University of Valpara\u00edso, V\u00edctor Cubillos from the Austral University, and H\u00e9ctor Gaete from the University of B\u00edo-B\u00edo.<\/div>\n<div><\/div>\n<div>This Thursday at 9:00 a.m., the Council of Rectors will hold its plenary meeting with the Minister of Education, Harald Beyer. The objective of the meeting is to discuss the issues in higher education that will be the priority in 2012.<\/div>\n<div><\/div>","protected":false},"excerpt":{"rendered":"<p>En el encuentro los rectores efectuaron un llamado a tratar este 2012 los temas sustanciales en educaci\u00f3n superior como la Superintendencia de Educaci\u00f3n Superior, el fin al lucro y el aseguramiento de la calidad de la educaci\u00f3n. El Comit\u00e9 Ejecutivo del Consejo de Rectores se reuni\u00f3 esta ma\u00f1ana con el presidente del Senado, senador Camilo [&hellip;]<\/p>\n","protected":false},"author":1,"featured_media":3592,"comment_status":"open","ping_status":"open","sticky":false,"template":"","format":"standard","meta":{"_acf_changed":false,"footnotes":""},"categories":[3],"tags":[],"class_list":["post-1153","post","type-post","status-publish","format-standard","has-post-thumbnail","hentry","category-noticias"],"acf":[],"yoast_head":"<!-- This site is optimized with the Yoast SEO plugin v27.1.1 - https:\/\/yoast.com\/product\/yoast-seo-wordpress\/ -->\n<title>Consejo de Rectores se re\u00fane con presidente del Senado para analizar la agenda en educaci\u00f3n superior - Consejo de Rectoras y Rectores de las Universidades Chilenas<\/title>\n<meta name=\"robots\" content=\"index, follow, max-snippet:-1, max-image-preview:large, max-video-preview:-1\" \/>\n<link rel=\"canonical\" href=\"https:\/\/consejoderectores.cl\/en\/2012\/03\/28\/603c6d806ffe0\/\" \/>\n<meta property=\"og:locale\" content=\"en_US\" \/>\n<meta property=\"og:type\" content=\"article\" \/>\n<meta property=\"og:title\" content=\"Consejo de Rectores se re\u00fane con presidente del Senado para analizar la agenda en educaci\u00f3n superior - Consejo de Rectoras y Rectores de las Universidades Chilenas\" \/>\n<meta property=\"og:description\" content=\"En el encuentro los rectores efectuaron un llamado a tratar este 2012 los temas sustanciales en educaci\u00f3n superior como la Superintendencia de Educaci\u00f3n Superior, el fin al lucro y el aseguramiento de la calidad de la educaci\u00f3n. El Comit\u00e9 Ejecutivo del Consejo de Rectores se reuni\u00f3 esta ma\u00f1ana con el presidente del Senado, senador Camilo [&hellip;]\" \/>\n<meta property=\"og:url\" content=\"https:\/\/consejoderectores.cl\/en\/2012\/03\/28\/603c6d806ffe0\/\" \/>\n<meta property=\"og:site_name\" content=\"Consejo de Rectoras y Rectores de las Universidades Chilenas\" \/>\n<meta property=\"article:published_time\" content=\"2012-03-28T00:00:00+00:00\" \/>\n<meta property=\"article:modified_time\" content=\"2022-01-26T17:12:11+00:00\" \/>\n<meta property=\"og:image\" content=\"https:\/\/consejoderectores.cl\/wp-content\/uploads\/2021\/10\/declaraciones-publicas.jpg\" \/>\n\t<meta property=\"og:image:width\" content=\"1024\" \/>\n\t<meta property=\"og:image:height\" content=\"500\" \/>\n\t<meta property=\"og:image:type\" content=\"image\/jpeg\" \/>\n<meta name=\"author\" content=\"Consejo de Rectores de las Universidades Chilenas\" \/>\n<meta name=\"twitter:card\" content=\"summary_large_image\" \/>\n<meta name=\"twitter:creator\" content=\"@CRUCH_cl\" \/>\n<meta name=\"twitter:site\" content=\"@CRUCH_cl\" \/>\n<meta name=\"twitter:label1\" content=\"Written by\" \/>\n\t<meta name=\"twitter:data1\" content=\"Consejo de Rectores de las Universidades Chilenas\" \/>\n\t<meta name=\"twitter:label2\" content=\"Est. reading time\" \/>\n\t<meta name=\"twitter:data2\" content=\"2 minutes\" \/>\n<script type=\"application\/ld+json\" class=\"yoast-schema-graph\">{\"@context\":\"https:\/\/schema.org\",\"@graph\":[{\"@type\":\"Article\",\"@id\":\"https:\/\/consejoderectores.cl\/2012\/03\/28\/603c6d806ffe0\/#article\",\"isPartOf\":{\"@id\":\"https:\/\/consejoderectores.cl\/2012\/03\/28\/603c6d806ffe0\/\"},\"author\":{\"name\":\"Consejo de Rectores de las Universidades Chilenas\",\"@id\":\"https:\/\/consejoderectores.cl\/en\/#\/schema\/person\/d863e44afde067fd4b57fac66ced709e\"},\"headline\":\"Consejo de Rectores se re\u00fane con presidente del Senado para analizar la agenda en educaci\u00f3n superior\",\"datePublished\":\"2012-03-28T00:00:00+00:00\",\"dateModified\":\"2022-01-26T17:12:11+00:00\",\"mainEntityOfPage\":{\"@id\":\"https:\/\/consejoderectores.cl\/2012\/03\/28\/603c6d806ffe0\/\"},\"wordCount\":393,\"commentCount\":0,\"publisher\":{\"@id\":\"https:\/\/consejoderectores.cl\/en\/#organization\"},\"image\":{\"@id\":\"https:\/\/consejoderectores.cl\/2012\/03\/28\/603c6d806ffe0\/#primaryimage\"},\"thumbnailUrl\":\"https:\/\/consejoderectores.cl\/wp-content\/uploads\/2021\/10\/declaraciones-publicas.jpg\",\"articleSection\":[\"Noticias\"],\"inLanguage\":\"en-US\",\"potentialAction\":[{\"@type\":\"CommentAction\",\"name\":\"Comment\",\"target\":[\"https:\/\/consejoderectores.cl\/2012\/03\/28\/603c6d806ffe0\/#respond\"]}]},{\"@type\":\"WebPage\",\"@id\":\"https:\/\/consejoderectores.cl\/2012\/03\/28\/603c6d806ffe0\/\",\"url\":\"https:\/\/consejoderectores.cl\/2012\/03\/28\/603c6d806ffe0\/\",\"name\":\"Consejo de Rectores se re\u00fane con presidente del Senado para analizar la agenda en educaci\u00f3n superior - Consejo de Rectoras y Rectores de las Universidades Chilenas\",\"isPartOf\":{\"@id\":\"https:\/\/consejoderectores.cl\/en\/#website\"},\"primaryImageOfPage\":{\"@id\":\"https:\/\/consejoderectores.cl\/2012\/03\/28\/603c6d806ffe0\/#primaryimage\"},\"image\":{\"@id\":\"https:\/\/consejoderectores.cl\/2012\/03\/28\/603c6d806ffe0\/#primaryimage\"},\"thumbnailUrl\":\"https:\/\/consejoderectores.cl\/wp-content\/uploads\/2021\/10\/declaraciones-publicas.jpg\",\"datePublished\":\"2012-03-28T00:00:00+00:00\",\"dateModified\":\"2022-01-26T17:12:11+00:00\",\"breadcrumb\":{\"@id\":\"https:\/\/consejoderectores.cl\/2012\/03\/28\/603c6d806ffe0\/#breadcrumb\"},\"inLanguage\":\"en-US\",\"potentialAction\":[{\"@type\":\"ReadAction\",\"target\":[\"https:\/\/consejoderectores.cl\/2012\/03\/28\/603c6d806ffe0\/\"]}]},{\"@type\":\"ImageObject\",\"inLanguage\":\"en-US\",\"@id\":\"https:\/\/consejoderectores.cl\/2012\/03\/28\/603c6d806ffe0\/#primaryimage\",\"url\":\"https:\/\/consejoderectores.cl\/wp-content\/uploads\/2021\/10\/declaraciones-publicas.jpg\",\"contentUrl\":\"https:\/\/consejoderectores.cl\/wp-content\/uploads\/2021\/10\/declaraciones-publicas.jpg\",\"width\":1024,\"height\":500},{\"@type\":\"BreadcrumbList\",\"@id\":\"https:\/\/consejoderectores.cl\/2012\/03\/28\/603c6d806ffe0\/#breadcrumb\",\"itemListElement\":[{\"@type\":\"ListItem\",\"position\":1,\"name\":\"Home\",\"item\":\"https:\/\/consejoderectores.cl\/\"},{\"@type\":\"ListItem\",\"position\":2,\"name\":\"Consejo de Rectores se re\u00fane con presidente del Senado para analizar la agenda en educaci\u00f3n superior\"}]},{\"@type\":\"WebSite\",\"@id\":\"https:\/\/consejoderectores.cl\/en\/#website\",\"url\":\"https:\/\/consejoderectores.cl\/en\/\",\"name\":\"Consejo de Rectoras y Rectores de las Universidades Chilenas\",\"description\":\"\",\"publisher\":{\"@id\":\"https:\/\/consejoderectores.cl\/en\/#organization\"},\"potentialAction\":[{\"@type\":\"SearchAction\",\"target\":{\"@type\":\"EntryPoint\",\"urlTemplate\":\"https:\/\/consejoderectores.cl\/en\/?s={search_term_string}\"},\"query-input\":{\"@type\":\"PropertyValueSpecification\",\"valueRequired\":true,\"valueName\":\"search_term_string\"}}],\"inLanguage\":\"en-US\"},{\"@type\":\"Organization\",\"@id\":\"https:\/\/consejoderectores.cl\/en\/#organization\",\"name\":\"Consejo de Rectoras y Rectores de las Universidades Chilenas\",\"url\":\"https:\/\/consejoderectores.cl\/en\/\",\"logo\":{\"@type\":\"ImageObject\",\"inLanguage\":\"en-US\",\"@id\":\"https:\/\/consejoderectores.cl\/en\/#\/schema\/logo\/image\/\",\"url\":\"https:\/\/consejoderectores.cl\/wp-content\/uploads\/2025\/12\/logoheader_2025.png\",\"contentUrl\":\"https:\/\/consejoderectores.cl\/wp-content\/uploads\/2025\/12\/logoheader_2025.png\",\"width\":666,\"height\":305,\"caption\":\"Consejo de Rectoras y Rectores de las Universidades Chilenas\"},\"image\":{\"@id\":\"https:\/\/consejoderectores.cl\/en\/#\/schema\/logo\/image\/\"},\"sameAs\":[\"https:\/\/x.com\/CRUCH_cl\",\"https:\/\/www.instagram.com\/consejoderectores\/\",\"https:\/\/www.linkedin.com\/company\/cruch\/\",\"https:\/\/www.youtube.com\/channel\/UCzgIFRCsDlKoFpimiQmEaOA\"]},{\"@type\":\"Person\",\"@id\":\"https:\/\/consejoderectores.cl\/en\/#\/schema\/person\/d863e44afde067fd4b57fac66ced709e\",\"name\":\"Consejo de Rectores de las Universidades Chilenas\",\"image\":{\"@type\":\"ImageObject\",\"inLanguage\":\"en-US\",\"@id\":\"https:\/\/consejoderectores.cl\/en\/#\/schema\/person\/image\/\",\"url\":\"https:\/\/secure.gravatar.com\/avatar\/c31e2a02401f041926afb8ee21ab666f0925814fe85d25a5c8db80e23722dfc1?s=96&d=mm&r=g\",\"contentUrl\":\"https:\/\/secure.gravatar.com\/avatar\/c31e2a02401f041926afb8ee21ab666f0925814fe85d25a5c8db80e23722dfc1?s=96&d=mm&r=g\",\"caption\":\"Consejo de Rectores de las Universidades Chilenas\"},\"sameAs\":[\"https:\/\/www.consejoderectores.cl\"],\"url\":\"https:\/\/consejoderectores.cl\/en\/author\/cruch\/\"}]}<\/script>\n<!-- \/ Yoast SEO plugin. -->","yoast_head_json":{"title":"Consejo de Rectores se re\u00fane con presidente del Senado para analizar la agenda en educaci\u00f3n superior - Consejo de Rectoras y Rectores de las Universidades Chilenas","robots":{"index":"index","follow":"follow","max-snippet":"max-snippet:-1","max-image-preview":"max-image-preview:large","max-video-preview":"max-video-preview:-1"},"canonical":"https:\/\/consejoderectores.cl\/en\/2012\/03\/28\/603c6d806ffe0\/","og_locale":"en_US","og_type":"article","og_title":"Consejo de Rectores se re\u00fane con presidente del Senado para analizar la agenda en educaci\u00f3n superior - Consejo de Rectoras y Rectores de las Universidades Chilenas","og_description":"En el encuentro los rectores efectuaron un llamado a tratar este 2012 los temas sustanciales en educaci\u00f3n superior como la Superintendencia de Educaci\u00f3n Superior, el fin al lucro y el aseguramiento de la calidad de la educaci\u00f3n. El Comit\u00e9 Ejecutivo del Consejo de Rectores se reuni\u00f3 esta ma\u00f1ana con el presidente del Senado, senador Camilo [&hellip;]","og_url":"https:\/\/consejoderectores.cl\/en\/2012\/03\/28\/603c6d806ffe0\/","og_site_name":"Consejo de Rectoras y Rectores de las Universidades Chilenas","article_published_time":"2012-03-28T00:00:00+00:00","article_modified_time":"2022-01-26T17:12:11+00:00","og_image":[{"width":1024,"height":500,"url":"https:\/\/consejoderectores.cl\/wp-content\/uploads\/2021\/10\/declaraciones-publicas.jpg","type":"image\/jpeg"}],"author":"Consejo de Rectores de las Universidades Chilenas","twitter_card":"summary_large_image","twitter_creator":"@CRUCH_cl","twitter_site":"@CRUCH_cl","twitter_misc":{"Written by":"Consejo de Rectores de las Universidades Chilenas","Est. reading time":"2 minutes"},"schema":{"@context":"https:\/\/schema.org","@graph":[{"@type":"Article","@id":"https:\/\/consejoderectores.cl\/2012\/03\/28\/603c6d806ffe0\/#article","isPartOf":{"@id":"https:\/\/consejoderectores.cl\/2012\/03\/28\/603c6d806ffe0\/"},"author":{"name":"Consejo de Rectores de las Universidades Chilenas","@id":"https:\/\/consejoderectores.cl\/en\/#\/schema\/person\/d863e44afde067fd4b57fac66ced709e"},"headline":"Consejo de Rectores se re\u00fane con presidente del Senado para analizar la agenda en educaci\u00f3n superior","datePublished":"2012-03-28T00:00:00+00:00","dateModified":"2022-01-26T17:12:11+00:00","mainEntityOfPage":{"@id":"https:\/\/consejoderectores.cl\/2012\/03\/28\/603c6d806ffe0\/"},"wordCount":393,"commentCount":0,"publisher":{"@id":"https:\/\/consejoderectores.cl\/en\/#organization"},"image":{"@id":"https:\/\/consejoderectores.cl\/2012\/03\/28\/603c6d806ffe0\/#primaryimage"},"thumbnailUrl":"https:\/\/consejoderectores.cl\/wp-content\/uploads\/2021\/10\/declaraciones-publicas.jpg","articleSection":["Noticias"],"inLanguage":"en-US","potentialAction":[{"@type":"CommentAction","name":"Comment","target":["https:\/\/consejoderectores.cl\/2012\/03\/28\/603c6d806ffe0\/#respond"]}]},{"@type":"WebPage","@id":"https:\/\/consejoderectores.cl\/2012\/03\/28\/603c6d806ffe0\/","url":"https:\/\/consejoderectores.cl\/2012\/03\/28\/603c6d806ffe0\/","name":"Consejo de Rectores se re\u00fane con presidente del Senado para analizar la agenda en educaci\u00f3n superior - Consejo de Rectoras y Rectores de las Universidades Chilenas","isPartOf":{"@id":"https:\/\/consejoderectores.cl\/en\/#website"},"primaryImageOfPage":{"@id":"https:\/\/consejoderectores.cl\/2012\/03\/28\/603c6d806ffe0\/#primaryimage"},"image":{"@id":"https:\/\/consejoderectores.cl\/2012\/03\/28\/603c6d806ffe0\/#primaryimage"},"thumbnailUrl":"https:\/\/consejoderectores.cl\/wp-content\/uploads\/2021\/10\/declaraciones-publicas.jpg","datePublished":"2012-03-28T00:00:00+00:00","dateModified":"2022-01-26T17:12:11+00:00","breadcrumb":{"@id":"https:\/\/consejoderectores.cl\/2012\/03\/28\/603c6d806ffe0\/#breadcrumb"},"inLanguage":"en-US","potentialAction":[{"@type":"ReadAction","target":["https:\/\/consejoderectores.cl\/2012\/03\/28\/603c6d806ffe0\/"]}]},{"@type":"ImageObject","inLanguage":"en-US","@id":"https:\/\/consejoderectores.cl\/2012\/03\/28\/603c6d806ffe0\/#primaryimage","url":"https:\/\/consejoderectores.cl\/wp-content\/uploads\/2021\/10\/declaraciones-publicas.jpg","contentUrl":"https:\/\/consejoderectores.cl\/wp-content\/uploads\/2021\/10\/declaraciones-publicas.jpg","width":1024,"height":500},{"@type":"BreadcrumbList","@id":"https:\/\/consejoderectores.cl\/2012\/03\/28\/603c6d806ffe0\/#breadcrumb","itemListElement":[{"@type":"ListItem","position":1,"name":"Home","item":"https:\/\/consejoderectores.cl\/"},{"@type":"ListItem","position":2,"name":"Consejo de Rectores se re\u00fane con presidente del Senado para analizar la agenda en educaci\u00f3n superior"}]},{"@type":"WebSite","@id":"https:\/\/consejoderectores.cl\/en\/#website","url":"https:\/\/consejoderectores.cl\/en\/","name":"Council of Rectors of Chilean Universities","description":"","publisher":{"@id":"https:\/\/consejoderectores.cl\/en\/#organization"},"potentialAction":[{"@type":"SearchAction","target":{"@type":"EntryPoint","urlTemplate":"https:\/\/consejoderectores.cl\/en\/?s={search_term_string}"},"query-input":{"@type":"PropertyValueSpecification","valueRequired":true,"valueName":"search_term_string"}}],"inLanguage":"en-US"},{"@type":"Organization","@id":"https:\/\/consejoderectores.cl\/en\/#organization","name":"Council of Rectors of Chilean Universities","url":"https:\/\/consejoderectores.cl\/en\/","logo":{"@type":"ImageObject","inLanguage":"en-US","@id":"https:\/\/consejoderectores.cl\/en\/#\/schema\/logo\/image\/","url":"https:\/\/consejoderectores.cl\/wp-content\/uploads\/2025\/12\/logoheader_2025.png","contentUrl":"https:\/\/consejoderectores.cl\/wp-content\/uploads\/2025\/12\/logoheader_2025.png","width":666,"height":305,"caption":"Consejo de Rectoras y Rectores de las Universidades Chilenas"},"image":{"@id":"https:\/\/consejoderectores.cl\/en\/#\/schema\/logo\/image\/"},"sameAs":["https:\/\/x.com\/CRUCH_cl","https:\/\/www.instagram.com\/consejoderectores\/","https:\/\/www.linkedin.com\/company\/cruch\/","https:\/\/www.youtube.com\/channel\/UCzgIFRCsDlKoFpimiQmEaOA"]},{"@type":"Person","@id":"https:\/\/consejoderectores.cl\/en\/#\/schema\/person\/d863e44afde067fd4b57fac66ced709e","name":"Council of Rectors of Chilean Universities","image":{"@type":"ImageObject","inLanguage":"en-US","@id":"https:\/\/consejoderectores.cl\/en\/#\/schema\/person\/image\/","url":"https:\/\/secure.gravatar.com\/avatar\/c31e2a02401f041926afb8ee21ab666f0925814fe85d25a5c8db80e23722dfc1?s=96&d=mm&r=g","contentUrl":"https:\/\/secure.gravatar.com\/avatar\/c31e2a02401f041926afb8ee21ab666f0925814fe85d25a5c8db80e23722dfc1?s=96&d=mm&r=g","caption":"Consejo de Rectores de las Universidades Chilenas"},"sameAs":["https:\/\/www.consejoderectores.cl"],"url":"https:\/\/consejoderectores.cl\/en\/author\/cruch\/"}]}},"_links":{"self":[{"href":"https:\/\/consejoderectores.cl\/en\/wp-json\/wp\/v2\/posts\/1153","targetHints":{"allow":["GET"]}}],"collection":[{"href":"https:\/\/consejoderectores.cl\/en\/wp-json\/wp\/v2\/posts"}],"about":[{"href":"https:\/\/consejoderectores.cl\/en\/wp-json\/wp\/v2\/types\/post"}],"author":[{"embeddable":true,"href":"https:\/\/consejoderectores.cl\/en\/wp-json\/wp\/v2\/users\/1"}],"replies":[{"embeddable":true,"href":"https:\/\/consejoderectores.cl\/en\/wp-json\/wp\/v2\/comments?post=1153"}],"version-history":[{"count":2,"href":"https:\/\/consejoderectores.cl\/en\/wp-json\/wp\/v2\/posts\/1153\/revisions"}],"predecessor-version":[{"id":5952,"href":"https:\/\/consejoderectores.cl\/en\/wp-json\/wp\/v2\/posts\/1153\/revisions\/5952"}],"wp:featuredmedia":[{"embeddable":true,"href":"https:\/\/consejoderectores.cl\/en\/wp-json\/wp\/v2\/media\/3592"}],"wp:attachment":[{"href":"https:\/\/consejoderectores.cl\/en\/wp-json\/wp\/v2\/media?parent=1153"}],"wp:term":[{"taxonomy":"category","embeddable":true,"href":"https:\/\/consejoderectores.cl\/en\/wp-json\/wp\/v2\/categories?post=1153"},{"taxonomy":"post_tag","embeddable":true,"href":"https:\/\/consejoderectores.cl\/en\/wp-json\/wp\/v2\/tags?post=1153"}],"curies":[{"name":"wp","href":"https:\/\/api.w.org\/{rel}","templated":true}]}}