{"id":1152,"date":"2012-03-16T00:00:00","date_gmt":"2012-03-16T00:00:00","guid":{"rendered":""},"modified":"2022-01-26T17:20:34","modified_gmt":"2022-01-26T17:20:34","slug":"603c6d806ff32","status":"publish","type":"post","link":"https:\/\/consejoderectores.cl\/en\/2012\/03\/16\/603c6d806ff32\/","title":{"rendered":"CRUCH hosts the universities of the Group of Eight of Australia to define a common work agenda"},"content":{"rendered":"<blockquote>\n<div>Academic authorities from both countries discussed the similarities between their education sectors. Michael Spence, Chancellor of the University of Sydney, stated that \u201chigher education in Australia and Chile share challenges related to economic development and the demands of social inclusion.\u201d.<\/div>\n<\/blockquote>\n<p>Within the framework of the meeting held between the Council of Rectors of Chilean Universities (CRUCH) and the <em>Group of Eight (<\/em>Go8) Australian, which brings together the main universities of that country, Michael Spence discussed with the Chilean academics the similarities between Chile and Australia that allow for the development of a joint work plan between their main higher education institutions, aimed at making the most of the economic opportunities offered by the Asia-Pacific area.<\/p>\n<p>The sociocultural challenges posed by a strong mining industry presence, the need to boost agricultural development, the population distributed between densely populated urban areas and vast rural regions, and demands for social inclusion are some of the challenges shared by higher education in Australia and Chile, according to Michael Spence, Rector of the University of Sydney. The academic led a delegation of academics from Australia&#039;s &quot;Go8&quot; group who participated in a meeting with representatives of the Council of Rectors of Chilean Universities (CRUCH) to outline a joint work strategy.<\/p>\n<p>The meeting took place in Santiago, at the Pontifical Catholic University, and the Australian delegation, comprised of representatives from the universities of Adelaide, Melbourne, Sydney (including its Kolling Institute for Medical Research), New South Wales, Queensland, and Monash, learned about the Chilean higher education system and its challenges through a comprehensive presentation by the Rector of the Austral University of Chile, V\u00edctor Cubillos. Following this, Vice-Rector Spence shared his perspective on the challenges faced by both educational systems, elaborating on some details of the Australian experience.<\/p>\n<p>\u201cIn Australia\u2019s Go8, we have more than six universities with over 50,000 students. Students develop their own study programs. We conduct intensive research, and 20 to 25% of our students come from abroad,\u201d explained Spence. Regarding funding, undergraduate students primarily receive government support, with the difference paid directly by the student or through an interest-free government loan, which begins to be repaid once the student reaches a certain income level.<\/p>\n<p>However, despite these differences with the Chilean system, Spence emphasized the challenges common to the university system of both countries: \u201cWe have similar challenges regarding what to do about mining and agriculture, about innovation, about the inclusion of indigenous students, and about how to ensure that students graduating from our institutions have the necessary skills to thrive in today&#039;s world.\u201d.<\/p>\n<p>Finally, Spence highlighted Australia&#039;s experience and its long-standing partnership with the Chinese education system: \u201cWe have a 40-year deep commitment to China, developing joint curricula that result in professionals with a distinctive &#039;flavor.&#039; Starting to work with Chile is exciting, as we need to figure out how to capitalize on the economic opportunities presented by the Asia-Pacific region.\u2018.<\/p>","protected":false},"excerpt":{"rendered":"<p>Autoridades acad\u00e9micas de ambos pa\u00edses abordaron las similitudes entre ambos pa\u00edses en el sector educativo. Michael Spence, rector Universidad de Sidney, asegur\u00f3 que \u201cla educaci\u00f3n superior en Australia y Chile comparten retos\u00a0\u00a0ligados al desarrollo econ\u00f3mico y \u00a0a las demandas de inclusi\u00f3n social\u201d. En el marco del encuentro realizado entre el Consejo de Rectores de las [&hellip;]<\/p>\n","protected":false},"author":1,"featured_media":3592,"comment_status":"open","ping_status":"open","sticky":false,"template":"","format":"standard","meta":{"_acf_changed":false,"footnotes":""},"categories":[3],"tags":[],"class_list":["post-1152","post","type-post","status-publish","format-standard","has-post-thumbnail","hentry","category-noticias"],"acf":[],"yoast_head":"<!-- This site is optimized with the Yoast SEO plugin v27.1.1 - https:\/\/yoast.com\/product\/yoast-seo-wordpress\/ -->\n<title>CRUCH recibe a las universidades del Group of Eight de Australia para definir una agenda com\u00fan de trabajo - Consejo de Rectoras y Rectores de las Universidades Chilenas<\/title>\n<meta name=\"robots\" content=\"index, follow, max-snippet:-1, max-image-preview:large, max-video-preview:-1\" \/>\n<link rel=\"canonical\" href=\"https:\/\/consejoderectores.cl\/en\/2012\/03\/16\/603c6d806ff32\/\" \/>\n<meta property=\"og:locale\" content=\"en_US\" \/>\n<meta property=\"og:type\" content=\"article\" \/>\n<meta property=\"og:title\" content=\"CRUCH recibe a las universidades del Group of Eight de Australia para definir una agenda com\u00fan de trabajo - Consejo de Rectoras y Rectores de las Universidades Chilenas\" \/>\n<meta property=\"og:description\" content=\"Autoridades acad\u00e9micas de ambos pa\u00edses abordaron las similitudes entre ambos pa\u00edses en el sector educativo. Michael Spence, rector Universidad de Sidney, asegur\u00f3 que \u201cla educaci\u00f3n superior en Australia y Chile comparten retos\u00a0\u00a0ligados al desarrollo econ\u00f3mico y \u00a0a las demandas de inclusi\u00f3n social\u201d. En el marco del encuentro realizado entre el Consejo de Rectores de las [&hellip;]\" \/>\n<meta property=\"og:url\" content=\"https:\/\/consejoderectores.cl\/en\/2012\/03\/16\/603c6d806ff32\/\" \/>\n<meta property=\"og:site_name\" content=\"Consejo de Rectoras y Rectores de las Universidades Chilenas\" \/>\n<meta property=\"article:published_time\" content=\"2012-03-16T00:00:00+00:00\" \/>\n<meta property=\"article:modified_time\" content=\"2022-01-26T17:20:34+00:00\" \/>\n<meta property=\"og:image\" content=\"https:\/\/consejoderectores.cl\/wp-content\/uploads\/2021\/10\/declaraciones-publicas.jpg\" \/>\n\t<meta property=\"og:image:width\" content=\"1024\" \/>\n\t<meta property=\"og:image:height\" content=\"500\" \/>\n\t<meta property=\"og:image:type\" content=\"image\/jpeg\" \/>\n<meta name=\"author\" content=\"Consejo de Rectores de las Universidades Chilenas\" \/>\n<meta name=\"twitter:card\" content=\"summary_large_image\" \/>\n<meta name=\"twitter:creator\" content=\"@CRUCH_cl\" \/>\n<meta name=\"twitter:site\" content=\"@CRUCH_cl\" \/>\n<meta name=\"twitter:label1\" content=\"Written by\" \/>\n\t<meta name=\"twitter:data1\" content=\"Consejo de Rectores de las Universidades Chilenas\" \/>\n\t<meta name=\"twitter:label2\" content=\"Est. reading time\" \/>\n\t<meta name=\"twitter:data2\" content=\"3 minutes\" \/>\n<script type=\"application\/ld+json\" class=\"yoast-schema-graph\">{\"@context\":\"https:\/\/schema.org\",\"@graph\":[{\"@type\":\"Article\",\"@id\":\"https:\/\/consejoderectores.cl\/2012\/03\/16\/603c6d806ff32\/#article\",\"isPartOf\":{\"@id\":\"https:\/\/consejoderectores.cl\/2012\/03\/16\/603c6d806ff32\/\"},\"author\":{\"name\":\"Consejo de Rectores de las Universidades Chilenas\",\"@id\":\"https:\/\/consejoderectores.cl\/en\/#\/schema\/person\/d863e44afde067fd4b57fac66ced709e\"},\"headline\":\"CRUCH recibe a las universidades del Group of Eight de Australia para definir una agenda com\u00fan de trabajo\",\"datePublished\":\"2012-03-16T00:00:00+00:00\",\"dateModified\":\"2022-01-26T17:20:34+00:00\",\"mainEntityOfPage\":{\"@id\":\"https:\/\/consejoderectores.cl\/2012\/03\/16\/603c6d806ff32\/\"},\"wordCount\":576,\"commentCount\":0,\"publisher\":{\"@id\":\"https:\/\/consejoderectores.cl\/en\/#organization\"},\"image\":{\"@id\":\"https:\/\/consejoderectores.cl\/2012\/03\/16\/603c6d806ff32\/#primaryimage\"},\"thumbnailUrl\":\"https:\/\/consejoderectores.cl\/wp-content\/uploads\/2021\/10\/declaraciones-publicas.jpg\",\"articleSection\":[\"Noticias\"],\"inLanguage\":\"en-US\",\"potentialAction\":[{\"@type\":\"CommentAction\",\"name\":\"Comment\",\"target\":[\"https:\/\/consejoderectores.cl\/2012\/03\/16\/603c6d806ff32\/#respond\"]}]},{\"@type\":\"WebPage\",\"@id\":\"https:\/\/consejoderectores.cl\/2012\/03\/16\/603c6d806ff32\/\",\"url\":\"https:\/\/consejoderectores.cl\/2012\/03\/16\/603c6d806ff32\/\",\"name\":\"CRUCH recibe a las universidades del Group of Eight de Australia para definir una agenda com\u00fan de trabajo - Consejo de Rectoras y Rectores de las Universidades Chilenas\",\"isPartOf\":{\"@id\":\"https:\/\/consejoderectores.cl\/en\/#website\"},\"primaryImageOfPage\":{\"@id\":\"https:\/\/consejoderectores.cl\/2012\/03\/16\/603c6d806ff32\/#primaryimage\"},\"image\":{\"@id\":\"https:\/\/consejoderectores.cl\/2012\/03\/16\/603c6d806ff32\/#primaryimage\"},\"thumbnailUrl\":\"https:\/\/consejoderectores.cl\/wp-content\/uploads\/2021\/10\/declaraciones-publicas.jpg\",\"datePublished\":\"2012-03-16T00:00:00+00:00\",\"dateModified\":\"2022-01-26T17:20:34+00:00\",\"breadcrumb\":{\"@id\":\"https:\/\/consejoderectores.cl\/2012\/03\/16\/603c6d806ff32\/#breadcrumb\"},\"inLanguage\":\"en-US\",\"potentialAction\":[{\"@type\":\"ReadAction\",\"target\":[\"https:\/\/consejoderectores.cl\/2012\/03\/16\/603c6d806ff32\/\"]}]},{\"@type\":\"ImageObject\",\"inLanguage\":\"en-US\",\"@id\":\"https:\/\/consejoderectores.cl\/2012\/03\/16\/603c6d806ff32\/#primaryimage\",\"url\":\"https:\/\/consejoderectores.cl\/wp-content\/uploads\/2021\/10\/declaraciones-publicas.jpg\",\"contentUrl\":\"https:\/\/consejoderectores.cl\/wp-content\/uploads\/2021\/10\/declaraciones-publicas.jpg\",\"width\":1024,\"height\":500},{\"@type\":\"BreadcrumbList\",\"@id\":\"https:\/\/consejoderectores.cl\/2012\/03\/16\/603c6d806ff32\/#breadcrumb\",\"itemListElement\":[{\"@type\":\"ListItem\",\"position\":1,\"name\":\"Home\",\"item\":\"https:\/\/consejoderectores.cl\/\"},{\"@type\":\"ListItem\",\"position\":2,\"name\":\"CRUCH recibe a las universidades del Group of Eight de Australia para definir una agenda com\u00fan de trabajo\"}]},{\"@type\":\"WebSite\",\"@id\":\"https:\/\/consejoderectores.cl\/en\/#website\",\"url\":\"https:\/\/consejoderectores.cl\/en\/\",\"name\":\"Consejo de Rectoras y Rectores de las Universidades Chilenas\",\"description\":\"\",\"publisher\":{\"@id\":\"https:\/\/consejoderectores.cl\/en\/#organization\"},\"potentialAction\":[{\"@type\":\"SearchAction\",\"target\":{\"@type\":\"EntryPoint\",\"urlTemplate\":\"https:\/\/consejoderectores.cl\/en\/?s={search_term_string}\"},\"query-input\":{\"@type\":\"PropertyValueSpecification\",\"valueRequired\":true,\"valueName\":\"search_term_string\"}}],\"inLanguage\":\"en-US\"},{\"@type\":\"Organization\",\"@id\":\"https:\/\/consejoderectores.cl\/en\/#organization\",\"name\":\"Consejo de Rectoras y Rectores de las Universidades Chilenas\",\"url\":\"https:\/\/consejoderectores.cl\/en\/\",\"logo\":{\"@type\":\"ImageObject\",\"inLanguage\":\"en-US\",\"@id\":\"https:\/\/consejoderectores.cl\/en\/#\/schema\/logo\/image\/\",\"url\":\"https:\/\/consejoderectores.cl\/wp-content\/uploads\/2025\/12\/logoheader_2025.png\",\"contentUrl\":\"https:\/\/consejoderectores.cl\/wp-content\/uploads\/2025\/12\/logoheader_2025.png\",\"width\":666,\"height\":305,\"caption\":\"Consejo de Rectoras y Rectores de las Universidades Chilenas\"},\"image\":{\"@id\":\"https:\/\/consejoderectores.cl\/en\/#\/schema\/logo\/image\/\"},\"sameAs\":[\"https:\/\/x.com\/CRUCH_cl\",\"https:\/\/www.instagram.com\/consejoderectores\/\",\"https:\/\/www.linkedin.com\/company\/cruch\/\",\"https:\/\/www.youtube.com\/channel\/UCzgIFRCsDlKoFpimiQmEaOA\"]},{\"@type\":\"Person\",\"@id\":\"https:\/\/consejoderectores.cl\/en\/#\/schema\/person\/d863e44afde067fd4b57fac66ced709e\",\"name\":\"Consejo de Rectores de las Universidades Chilenas\",\"image\":{\"@type\":\"ImageObject\",\"inLanguage\":\"en-US\",\"@id\":\"https:\/\/consejoderectores.cl\/en\/#\/schema\/person\/image\/\",\"url\":\"https:\/\/secure.gravatar.com\/avatar\/c31e2a02401f041926afb8ee21ab666f0925814fe85d25a5c8db80e23722dfc1?s=96&d=mm&r=g\",\"contentUrl\":\"https:\/\/secure.gravatar.com\/avatar\/c31e2a02401f041926afb8ee21ab666f0925814fe85d25a5c8db80e23722dfc1?s=96&d=mm&r=g\",\"caption\":\"Consejo de Rectores de las Universidades Chilenas\"},\"sameAs\":[\"https:\/\/www.consejoderectores.cl\"],\"url\":\"https:\/\/consejoderectores.cl\/en\/author\/cruch\/\"}]}<\/script>\n<!-- \/ Yoast SEO plugin. -->","yoast_head_json":{"title":"CRUCH recibe a las universidades del Group of Eight de Australia para definir una agenda com\u00fan de trabajo - Consejo de Rectoras y Rectores de las Universidades Chilenas","robots":{"index":"index","follow":"follow","max-snippet":"max-snippet:-1","max-image-preview":"max-image-preview:large","max-video-preview":"max-video-preview:-1"},"canonical":"https:\/\/consejoderectores.cl\/en\/2012\/03\/16\/603c6d806ff32\/","og_locale":"en_US","og_type":"article","og_title":"CRUCH recibe a las universidades del Group of Eight de Australia para definir una agenda com\u00fan de trabajo - Consejo de Rectoras y Rectores de las Universidades Chilenas","og_description":"Autoridades acad\u00e9micas de ambos pa\u00edses abordaron las similitudes entre ambos pa\u00edses en el sector educativo. Michael Spence, rector Universidad de Sidney, asegur\u00f3 que \u201cla educaci\u00f3n superior en Australia y Chile comparten retos\u00a0\u00a0ligados al desarrollo econ\u00f3mico y \u00a0a las demandas de inclusi\u00f3n social\u201d. En el marco del encuentro realizado entre el Consejo de Rectores de las [&hellip;]","og_url":"https:\/\/consejoderectores.cl\/en\/2012\/03\/16\/603c6d806ff32\/","og_site_name":"Consejo de Rectoras y Rectores de las Universidades Chilenas","article_published_time":"2012-03-16T00:00:00+00:00","article_modified_time":"2022-01-26T17:20:34+00:00","og_image":[{"width":1024,"height":500,"url":"https:\/\/consejoderectores.cl\/wp-content\/uploads\/2021\/10\/declaraciones-publicas.jpg","type":"image\/jpeg"}],"author":"Consejo de Rectores de las Universidades Chilenas","twitter_card":"summary_large_image","twitter_creator":"@CRUCH_cl","twitter_site":"@CRUCH_cl","twitter_misc":{"Written by":"Consejo de Rectores de las Universidades Chilenas","Est. reading time":"3 minutes"},"schema":{"@context":"https:\/\/schema.org","@graph":[{"@type":"Article","@id":"https:\/\/consejoderectores.cl\/2012\/03\/16\/603c6d806ff32\/#article","isPartOf":{"@id":"https:\/\/consejoderectores.cl\/2012\/03\/16\/603c6d806ff32\/"},"author":{"name":"Consejo de Rectores de las Universidades Chilenas","@id":"https:\/\/consejoderectores.cl\/en\/#\/schema\/person\/d863e44afde067fd4b57fac66ced709e"},"headline":"CRUCH recibe a las universidades del Group of Eight de Australia para definir una agenda com\u00fan de trabajo","datePublished":"2012-03-16T00:00:00+00:00","dateModified":"2022-01-26T17:20:34+00:00","mainEntityOfPage":{"@id":"https:\/\/consejoderectores.cl\/2012\/03\/16\/603c6d806ff32\/"},"wordCount":576,"commentCount":0,"publisher":{"@id":"https:\/\/consejoderectores.cl\/en\/#organization"},"image":{"@id":"https:\/\/consejoderectores.cl\/2012\/03\/16\/603c6d806ff32\/#primaryimage"},"thumbnailUrl":"https:\/\/consejoderectores.cl\/wp-content\/uploads\/2021\/10\/declaraciones-publicas.jpg","articleSection":["Noticias"],"inLanguage":"en-US","potentialAction":[{"@type":"CommentAction","name":"Comment","target":["https:\/\/consejoderectores.cl\/2012\/03\/16\/603c6d806ff32\/#respond"]}]},{"@type":"WebPage","@id":"https:\/\/consejoderectores.cl\/2012\/03\/16\/603c6d806ff32\/","url":"https:\/\/consejoderectores.cl\/2012\/03\/16\/603c6d806ff32\/","name":"CRUCH recibe a las universidades del Group of Eight de Australia para definir una agenda com\u00fan de trabajo - Consejo de Rectoras y Rectores de las Universidades Chilenas","isPartOf":{"@id":"https:\/\/consejoderectores.cl\/en\/#website"},"primaryImageOfPage":{"@id":"https:\/\/consejoderectores.cl\/2012\/03\/16\/603c6d806ff32\/#primaryimage"},"image":{"@id":"https:\/\/consejoderectores.cl\/2012\/03\/16\/603c6d806ff32\/#primaryimage"},"thumbnailUrl":"https:\/\/consejoderectores.cl\/wp-content\/uploads\/2021\/10\/declaraciones-publicas.jpg","datePublished":"2012-03-16T00:00:00+00:00","dateModified":"2022-01-26T17:20:34+00:00","breadcrumb":{"@id":"https:\/\/consejoderectores.cl\/2012\/03\/16\/603c6d806ff32\/#breadcrumb"},"inLanguage":"en-US","potentialAction":[{"@type":"ReadAction","target":["https:\/\/consejoderectores.cl\/2012\/03\/16\/603c6d806ff32\/"]}]},{"@type":"ImageObject","inLanguage":"en-US","@id":"https:\/\/consejoderectores.cl\/2012\/03\/16\/603c6d806ff32\/#primaryimage","url":"https:\/\/consejoderectores.cl\/wp-content\/uploads\/2021\/10\/declaraciones-publicas.jpg","contentUrl":"https:\/\/consejoderectores.cl\/wp-content\/uploads\/2021\/10\/declaraciones-publicas.jpg","width":1024,"height":500},{"@type":"BreadcrumbList","@id":"https:\/\/consejoderectores.cl\/2012\/03\/16\/603c6d806ff32\/#breadcrumb","itemListElement":[{"@type":"ListItem","position":1,"name":"Home","item":"https:\/\/consejoderectores.cl\/"},{"@type":"ListItem","position":2,"name":"CRUCH recibe a las universidades del Group of Eight de Australia para definir una agenda com\u00fan de trabajo"}]},{"@type":"WebSite","@id":"https:\/\/consejoderectores.cl\/en\/#website","url":"https:\/\/consejoderectores.cl\/en\/","name":"Council of Rectors of Chilean Universities","description":"","publisher":{"@id":"https:\/\/consejoderectores.cl\/en\/#organization"},"potentialAction":[{"@type":"SearchAction","target":{"@type":"EntryPoint","urlTemplate":"https:\/\/consejoderectores.cl\/en\/?s={search_term_string}"},"query-input":{"@type":"PropertyValueSpecification","valueRequired":true,"valueName":"search_term_string"}}],"inLanguage":"en-US"},{"@type":"Organization","@id":"https:\/\/consejoderectores.cl\/en\/#organization","name":"Council of Rectors of Chilean Universities","url":"https:\/\/consejoderectores.cl\/en\/","logo":{"@type":"ImageObject","inLanguage":"en-US","@id":"https:\/\/consejoderectores.cl\/en\/#\/schema\/logo\/image\/","url":"https:\/\/consejoderectores.cl\/wp-content\/uploads\/2025\/12\/logoheader_2025.png","contentUrl":"https:\/\/consejoderectores.cl\/wp-content\/uploads\/2025\/12\/logoheader_2025.png","width":666,"height":305,"caption":"Consejo de Rectoras y Rectores de las Universidades Chilenas"},"image":{"@id":"https:\/\/consejoderectores.cl\/en\/#\/schema\/logo\/image\/"},"sameAs":["https:\/\/x.com\/CRUCH_cl","https:\/\/www.instagram.com\/consejoderectores\/","https:\/\/www.linkedin.com\/company\/cruch\/","https:\/\/www.youtube.com\/channel\/UCzgIFRCsDlKoFpimiQmEaOA"]},{"@type":"Person","@id":"https:\/\/consejoderectores.cl\/en\/#\/schema\/person\/d863e44afde067fd4b57fac66ced709e","name":"Council of Rectors of Chilean Universities","image":{"@type":"ImageObject","inLanguage":"en-US","@id":"https:\/\/consejoderectores.cl\/en\/#\/schema\/person\/image\/","url":"https:\/\/secure.gravatar.com\/avatar\/c31e2a02401f041926afb8ee21ab666f0925814fe85d25a5c8db80e23722dfc1?s=96&d=mm&r=g","contentUrl":"https:\/\/secure.gravatar.com\/avatar\/c31e2a02401f041926afb8ee21ab666f0925814fe85d25a5c8db80e23722dfc1?s=96&d=mm&r=g","caption":"Consejo de Rectores de las Universidades Chilenas"},"sameAs":["https:\/\/www.consejoderectores.cl"],"url":"https:\/\/consejoderectores.cl\/en\/author\/cruch\/"}]}},"_links":{"self":[{"href":"https:\/\/consejoderectores.cl\/en\/wp-json\/wp\/v2\/posts\/1152","targetHints":{"allow":["GET"]}}],"collection":[{"href":"https:\/\/consejoderectores.cl\/en\/wp-json\/wp\/v2\/posts"}],"about":[{"href":"https:\/\/consejoderectores.cl\/en\/wp-json\/wp\/v2\/types\/post"}],"author":[{"embeddable":true,"href":"https:\/\/consejoderectores.cl\/en\/wp-json\/wp\/v2\/users\/1"}],"replies":[{"embeddable":true,"href":"https:\/\/consejoderectores.cl\/en\/wp-json\/wp\/v2\/comments?post=1152"}],"version-history":[{"count":2,"href":"https:\/\/consejoderectores.cl\/en\/wp-json\/wp\/v2\/posts\/1152\/revisions"}],"predecessor-version":[{"id":5955,"href":"https:\/\/consejoderectores.cl\/en\/wp-json\/wp\/v2\/posts\/1152\/revisions\/5955"}],"wp:featuredmedia":[{"embeddable":true,"href":"https:\/\/consejoderectores.cl\/en\/wp-json\/wp\/v2\/media\/3592"}],"wp:attachment":[{"href":"https:\/\/consejoderectores.cl\/en\/wp-json\/wp\/v2\/media?parent=1152"}],"wp:term":[{"taxonomy":"category","embeddable":true,"href":"https:\/\/consejoderectores.cl\/en\/wp-json\/wp\/v2\/categories?post=1152"},{"taxonomy":"post_tag","embeddable":true,"href":"https:\/\/consejoderectores.cl\/en\/wp-json\/wp\/v2\/tags?post=1152"}],"curies":[{"name":"wp","href":"https:\/\/api.w.org\/{rel}","templated":true}]}}