{"id":11490,"date":"2024-08-13T15:09:03","date_gmt":"2024-08-13T15:09:03","guid":{"rendered":"https:\/\/consejoderectores.cl\/?p=11490"},"modified":"2024-08-14T03:46:57","modified_gmt":"2024-08-14T03:46:57","slug":"admision-universitaria","status":"publish","type":"post","link":"https:\/\/consejoderectores.cl\/en\/2024\/08\/13\/admision-universitaria\/","title":{"rendered":"University Admission"},"content":{"rendered":"<h4>Check HERE for news related to University Admissions and CRUCH:<\/h4>\n<p>&nbsp;<\/p>\n<ul>\n<li>Compendium \u201cThe University Admission System: Commitment and Contribution of the Council of Rectors of Chilean Universities to Higher Education\u201d, prepared by the Single Admission System (SUA) of CRUCH (May 2020).<br \/>\nView in:<br \/>\n<a href=\"https:\/\/www.consejoderectores.cl\/wp-content\/uploads\/publicaciones\/Compendio_Sistema_Unico_de_%20Admision__CRUCH_Abril2020.pdf\">https:\/\/www.consejoderectores.cl\/wp-content\/uploads\/publicaciones\/Compendio_Sistema_Unico_de_%20Admision__CRUCH_Abril2020.pdf<\/a><\/li>\n<\/ul>\n<ul>\n<li><a href=\"https:\/\/consejoderectores.cl\/en\/2023\/12\/29\/admision-2024-universidades-del-cruch-ofreceran-mas-de-69-mil-vacantes-y-1-266-carreras\/\">Admissions 2024: CRUCH universities will offer more than 69,000 places and 1,266 degree programs<\/a><br \/>\n29\/12\/2023<\/li>\n<\/ul>\n<ul>\n<li><a href=\"https:\/\/consejoderectores.cl\/en\/2023\/11\/16\/presidenta-de-comision-de-admision-cruch-la-colaboracion-estrecha-entre-las-30-universidades-del-consejo-permite-garantizar-el-exito-del-proceso-de-acceso-a-la-educacion-superior\/\">President of the CRUCH Admissions Committee: \u201cClose collaboration between the 30 universities of the Council ensures the success of the access process to Higher Education\u201d<\/a><br \/>\n16\/11\/2023<\/li>\n<\/ul>\n<ul>\n<li><a href=\"https:\/\/consejoderectores.cl\/en\/2022\/05\/04\/comision-de-admision-y-matricula-del-cruch-desarrolla-taller-para-abordar-cambios-en-el-sistema-de-acceso\/\">CRUCH Admissions and Enrollment Committee develops workshop to address changes in the Access System<\/a><br \/>\n04\/05\/2022<\/li>\n<\/ul>\n<ul>\n<li><a href=\"https:\/\/consejoderectores.cl\/en\/2021\/06\/18\/nuevos-liderazgos-y-lineamientos-de-trabajo-marcaran-el-2021-de-la-comision-de-admision-y-matricula-del-cruch\/\">New leadership and work guidelines will mark 2021 for the CRUCH Admissions and Enrollment Commission<\/a><br \/>\n18\/06\/2021<\/li>\n<\/ul>\n<ul>\n<li><a href=\"https:\/\/consejoderectores.cl\/en\/2020\/05\/04\/6089358680e54\/\">Council of Rectors publishes publication that reflects its commitment to university admission and higher education in the country<\/a><br \/>\n04\/05\/2020<\/li>\n<\/ul>\n<ul>\n<li><a href=\"https:\/\/consejoderectores.cl\/en\/2020\/01\/16\/6089358681672\/\">Executive Vice President of CRUCH: &quot;The Council of Rectors must ensure the safety of the students&quot;<\/a><br \/>\n16\/01\/2020<\/li>\n<\/ul>\n<ul>\n<li><a href=\"https:\/\/consejoderectores.cl\/en\/2020\/01\/05\/60893586819da\/\">Executive Vice President of CRUCH: &quot;Those who render the PSU exercise a right and we are fulfilling a public obligation with them and their families&quot;<\/a><br \/>\n05\/01\/2020<\/li>\n<\/ul>\n<ul>\n<li><a href=\"https:\/\/consejoderectores.cl\/en\/2019\/10\/15\/consejo-de-rectores-anuncia-nueva-admision-especial-para-universidades-situadas-en-zonas-extremas\/\">Council of Rectors announces new special admission for universities located in extreme areas<\/a><br \/>\n15\/10\/2019<\/li>\n<\/ul>\n<ul>\n<li><a href=\"https:\/\/consejoderectores.cl\/en\/2019\/08\/29\/consejo-de-rectores-plantea-que-es-necesario-posponer-la-entrada-en-vigencia-de-cambio-curricular-para-iii-y-iv-medio\/\">Council of Rectors raises that it is necessary to postpone the entry into force of curricular change for III and IV middle<\/a><br \/>\n29\/08\/2019<\/li>\n<\/ul>\n<ul>\n<li><a href=\"https:\/\/consejoderectores.cl\/en\/2019\/06\/19\/6152dadbcd34d\/\">Council of Rectors calls on the Government to stop the application of the curricular changes for III and IV Middle and prioritize a plural debate<\/a><br \/>\n19\/06\/2019<\/li>\n<\/ul>\n<ul>\n<li><a href=\"https:\/\/consejoderectores.cl\/en\/2019\/06\/18\/6152dadbcd2ce\/\">Executive Vice President of the CRUCH for curricular change: &quot;We make a call to listen to the academic and disciplinary communities&quot;<\/a><br \/>\n18\/06\/2019<\/li>\n<\/ul>\n<ul>\n<li><a href=\"https:\/\/consejoderectores.cl\/en\/2019\/04\/23\/6152daa190f13\/\">Executive Vice President of CRUCH: \u201cWe have a duty to stop and look at our admissions system and warn, promptly and prudently, that we must introduce changes<\/a><br \/>\n23\/04\/2019<\/li>\n<\/ul>\n<ul>\n<li><a href=\"https:\/\/consejoderectores.cl\/en\/2019\/04\/22\/6152dadbcced9\/\">CRUCH seminar will address initiatives to measure writing, innovation in assessment and equity programs in universities<\/a><br \/>\n22\/04\/2019<\/li>\n<\/ul>\n<ul>\n<li><a href=\"https:\/\/consejoderectores.cl\/en\/2019\/04\/17\/6152dadbcce59\/\">Council of Rectors agrees to incorporate measurement of writing in the admission system and proposals for improvement of the current instruments<\/a><br \/>\n17\/04\/2019<\/li>\n<\/ul>\n<ul>\n<li><a href=\"https:\/\/consejoderectores.cl\/en\/2016\/04\/13\/603c6d808087e\/\">Council of Rectors defines criteria for private universities to be assigned to their Single Admission System<\/a><br \/>\n13\/04\/2016<\/li>\n<\/ul>\n<ul>\n<li><a href=\"https:\/\/consejoderectores.cl\/en\/2014\/06\/26\/603c6d807a723\/\">Single Public Admission System PSU Essays with curricular adjustments<\/a><br \/>\n26\/06\/2014<\/li>\n<\/ul>\n<ul>\n<li><a href=\"https:\/\/consejoderectores.cl\/en\/2014\/06\/12\/603c6d807a4f8\/\">Weightings: Universities consolidate Ranking of Notes in Admission Process 2015<\/a><br \/>\n12\/06\/2014<\/li>\n<\/ul>\n<ul>\n<li><a href=\"https:\/\/consejoderectores.cl\/en\/2014\/05\/22\/603c6d807a112\/\">Adjustments to upcoming University Selection Tests correspond to curricular adjustments promoted by Mineduc<\/a><br \/>\n22\/05\/2014<\/li>\n<\/ul>\n<ul>\n<li><a href=\"https:\/\/consejoderectores.cl\/en\/2014\/04\/08\/603c6d807918b\/\">Evaluation of the Admission Process 2014 contemplates the Effect of Ranking of Notes, Stages of the Process and PSU Application Results<\/a><br \/>\n08\/04\/2014<\/li>\n<\/ul>\n<ul>\n<li><a href=\"https:\/\/consejoderectores.cl\/en\/2014\/01\/12\/603c6d8077a5a\/\">More than 95 thousand young people were selected in a career in this Admission Process 2014<\/a><br \/>\n12\/01\/2014<\/li>\n<\/ul>","protected":false},"excerpt":{"rendered":"<p>Revisa AQU\u00cd las noticias relacionadas a Admisi\u00f3n Universitaria y al CRUCH: &nbsp; Compendio \u201cEl Sistema de Admisi\u00f3n Universitario: Compromiso y Aporte del Consejo de Rectores de las Universidades Chilenas a la Educaci\u00f3n Superior\u201d, elaborado por el Sistema \u00danico de Admisi\u00f3n (SUA) del CRUCH (mayo de 2020). Ver en: https:\/\/www.consejoderectores.cl\/wp-content\/uploads\/publicaciones\/Compendio_Sistema_Unico_de_%20Admision__CRUCH_Abril2020.pdf Admisi\u00f3n 2024: Universidades del CRUCH ofrecer\u00e1n [&hellip;]<\/p>\n","protected":false},"author":1,"featured_media":11604,"comment_status":"open","ping_status":"open","sticky":false,"template":"","format":"standard","meta":{"_acf_changed":false,"footnotes":""},"categories":[3],"tags":[],"class_list":["post-11490","post","type-post","status-publish","format-standard","has-post-thumbnail","hentry","category-noticias"],"acf":[],"yoast_head":"<!-- This site is optimized with the Yoast SEO plugin v27.1.1 - https:\/\/yoast.com\/product\/yoast-seo-wordpress\/ -->\n<title>Admisi\u00f3n Universitaria - Consejo de Rectoras y Rectores de las Universidades Chilenas<\/title>\n<meta name=\"robots\" content=\"index, follow, max-snippet:-1, max-image-preview:large, max-video-preview:-1\" \/>\n<link rel=\"canonical\" href=\"https:\/\/consejoderectores.cl\/en\/2024\/08\/13\/admision-universitaria\/\" \/>\n<meta property=\"og:locale\" content=\"en_US\" \/>\n<meta property=\"og:type\" content=\"article\" \/>\n<meta property=\"og:title\" content=\"Admisi\u00f3n Universitaria - Consejo de Rectoras y Rectores de las Universidades Chilenas\" \/>\n<meta property=\"og:description\" content=\"Revisa AQU\u00cd las noticias relacionadas a Admisi\u00f3n Universitaria y al CRUCH: &nbsp; Compendio \u201cEl Sistema de Admisi\u00f3n Universitario: Compromiso y Aporte del Consejo de Rectores de las Universidades Chilenas a la Educaci\u00f3n Superior\u201d, elaborado por el Sistema \u00danico de Admisi\u00f3n (SUA) del CRUCH (mayo de 2020). Ver en: https:\/\/www.consejoderectores.cl\/wp-content\/uploads\/publicaciones\/Compendio_Sistema_Unico_de_%20Admision__CRUCH_Abril2020.pdf Admisi\u00f3n 2024: Universidades del CRUCH ofrecer\u00e1n [&hellip;]\" \/>\n<meta property=\"og:url\" content=\"https:\/\/consejoderectores.cl\/en\/2024\/08\/13\/admision-universitaria\/\" \/>\n<meta property=\"og:site_name\" content=\"Consejo de Rectoras y Rectores de las Universidades Chilenas\" \/>\n<meta property=\"article:published_time\" content=\"2024-08-13T15:09:03+00:00\" \/>\n<meta property=\"article:modified_time\" content=\"2024-08-14T03:46:57+00:00\" \/>\n<meta property=\"og:image\" content=\"https:\/\/consejoderectores.cl\/wp-content\/uploads\/2024\/08\/Fotos-Landing-2150-x-1080-px-7-1-1024x514.png\" \/>\n\t<meta property=\"og:image:width\" content=\"1024\" \/>\n\t<meta property=\"og:image:height\" content=\"514\" \/>\n\t<meta property=\"og:image:type\" content=\"image\/png\" \/>\n<meta name=\"author\" content=\"Consejo de Rectores de las Universidades Chilenas\" \/>\n<meta name=\"twitter:card\" content=\"summary_large_image\" \/>\n<meta name=\"twitter:creator\" content=\"@CRUCH_cl\" \/>\n<meta name=\"twitter:site\" content=\"@CRUCH_cl\" \/>\n<meta name=\"twitter:label1\" content=\"Written by\" \/>\n\t<meta name=\"twitter:data1\" content=\"Consejo de Rectores de las Universidades Chilenas\" \/>\n\t<meta name=\"twitter:label2\" content=\"Est. reading time\" \/>\n\t<meta name=\"twitter:data2\" content=\"2 minutes\" \/>\n<script type=\"application\/ld+json\" class=\"yoast-schema-graph\">{\"@context\":\"https:\/\/schema.org\",\"@graph\":[{\"@type\":\"Article\",\"@id\":\"https:\/\/consejoderectores.cl\/2024\/08\/13\/admision-universitaria\/#article\",\"isPartOf\":{\"@id\":\"https:\/\/consejoderectores.cl\/2024\/08\/13\/admision-universitaria\/\"},\"author\":{\"name\":\"Consejo de Rectores de las Universidades Chilenas\",\"@id\":\"https:\/\/consejoderectores.cl\/en\/#\/schema\/person\/d863e44afde067fd4b57fac66ced709e\"},\"headline\":\"Admisi\u00f3n Universitaria\",\"datePublished\":\"2024-08-13T15:09:03+00:00\",\"dateModified\":\"2024-08-14T03:46:57+00:00\",\"mainEntityOfPage\":{\"@id\":\"https:\/\/consejoderectores.cl\/2024\/08\/13\/admision-universitaria\/\"},\"wordCount\":464,\"commentCount\":0,\"publisher\":{\"@id\":\"https:\/\/consejoderectores.cl\/en\/#organization\"},\"image\":{\"@id\":\"https:\/\/consejoderectores.cl\/2024\/08\/13\/admision-universitaria\/#primaryimage\"},\"thumbnailUrl\":\"https:\/\/consejoderectores.cl\/wp-content\/uploads\/2024\/08\/Fotos-Landing-2150-x-1080-px-7-1.png\",\"articleSection\":[\"Noticias\"],\"inLanguage\":\"en-US\",\"potentialAction\":[{\"@type\":\"CommentAction\",\"name\":\"Comment\",\"target\":[\"https:\/\/consejoderectores.cl\/2024\/08\/13\/admision-universitaria\/#respond\"]}]},{\"@type\":\"WebPage\",\"@id\":\"https:\/\/consejoderectores.cl\/2024\/08\/13\/admision-universitaria\/\",\"url\":\"https:\/\/consejoderectores.cl\/2024\/08\/13\/admision-universitaria\/\",\"name\":\"Admisi\u00f3n Universitaria - Consejo de Rectoras y Rectores de las Universidades Chilenas\",\"isPartOf\":{\"@id\":\"https:\/\/consejoderectores.cl\/en\/#website\"},\"primaryImageOfPage\":{\"@id\":\"https:\/\/consejoderectores.cl\/2024\/08\/13\/admision-universitaria\/#primaryimage\"},\"image\":{\"@id\":\"https:\/\/consejoderectores.cl\/2024\/08\/13\/admision-universitaria\/#primaryimage\"},\"thumbnailUrl\":\"https:\/\/consejoderectores.cl\/wp-content\/uploads\/2024\/08\/Fotos-Landing-2150-x-1080-px-7-1.png\",\"datePublished\":\"2024-08-13T15:09:03+00:00\",\"dateModified\":\"2024-08-14T03:46:57+00:00\",\"breadcrumb\":{\"@id\":\"https:\/\/consejoderectores.cl\/2024\/08\/13\/admision-universitaria\/#breadcrumb\"},\"inLanguage\":\"en-US\",\"potentialAction\":[{\"@type\":\"ReadAction\",\"target\":[\"https:\/\/consejoderectores.cl\/2024\/08\/13\/admision-universitaria\/\"]}]},{\"@type\":\"ImageObject\",\"inLanguage\":\"en-US\",\"@id\":\"https:\/\/consejoderectores.cl\/2024\/08\/13\/admision-universitaria\/#primaryimage\",\"url\":\"https:\/\/consejoderectores.cl\/wp-content\/uploads\/2024\/08\/Fotos-Landing-2150-x-1080-px-7-1.png\",\"contentUrl\":\"https:\/\/consejoderectores.cl\/wp-content\/uploads\/2024\/08\/Fotos-Landing-2150-x-1080-px-7-1.png\",\"width\":2150,\"height\":1080},{\"@type\":\"BreadcrumbList\",\"@id\":\"https:\/\/consejoderectores.cl\/2024\/08\/13\/admision-universitaria\/#breadcrumb\",\"itemListElement\":[{\"@type\":\"ListItem\",\"position\":1,\"name\":\"Home\",\"item\":\"https:\/\/consejoderectores.cl\/\"},{\"@type\":\"ListItem\",\"position\":2,\"name\":\"Admisi\u00f3n Universitaria\"}]},{\"@type\":\"WebSite\",\"@id\":\"https:\/\/consejoderectores.cl\/en\/#website\",\"url\":\"https:\/\/consejoderectores.cl\/en\/\",\"name\":\"Consejo de Rectoras y Rectores de las Universidades Chilenas\",\"description\":\"\",\"publisher\":{\"@id\":\"https:\/\/consejoderectores.cl\/en\/#organization\"},\"potentialAction\":[{\"@type\":\"SearchAction\",\"target\":{\"@type\":\"EntryPoint\",\"urlTemplate\":\"https:\/\/consejoderectores.cl\/en\/?s={search_term_string}\"},\"query-input\":{\"@type\":\"PropertyValueSpecification\",\"valueRequired\":true,\"valueName\":\"search_term_string\"}}],\"inLanguage\":\"en-US\"},{\"@type\":\"Organization\",\"@id\":\"https:\/\/consejoderectores.cl\/en\/#organization\",\"name\":\"Consejo de Rectoras y Rectores de las Universidades Chilenas\",\"url\":\"https:\/\/consejoderectores.cl\/en\/\",\"logo\":{\"@type\":\"ImageObject\",\"inLanguage\":\"en-US\",\"@id\":\"https:\/\/consejoderectores.cl\/en\/#\/schema\/logo\/image\/\",\"url\":\"https:\/\/consejoderectores.cl\/wp-content\/uploads\/2025\/12\/logoheader_2025.png\",\"contentUrl\":\"https:\/\/consejoderectores.cl\/wp-content\/uploads\/2025\/12\/logoheader_2025.png\",\"width\":666,\"height\":305,\"caption\":\"Consejo de Rectoras y Rectores de las Universidades Chilenas\"},\"image\":{\"@id\":\"https:\/\/consejoderectores.cl\/en\/#\/schema\/logo\/image\/\"},\"sameAs\":[\"https:\/\/x.com\/CRUCH_cl\",\"https:\/\/www.instagram.com\/consejoderectores\/\",\"https:\/\/www.linkedin.com\/company\/cruch\/\",\"https:\/\/www.youtube.com\/channel\/UCzgIFRCsDlKoFpimiQmEaOA\"]},{\"@type\":\"Person\",\"@id\":\"https:\/\/consejoderectores.cl\/en\/#\/schema\/person\/d863e44afde067fd4b57fac66ced709e\",\"name\":\"Consejo de Rectores de las Universidades Chilenas\",\"image\":{\"@type\":\"ImageObject\",\"inLanguage\":\"en-US\",\"@id\":\"https:\/\/consejoderectores.cl\/en\/#\/schema\/person\/image\/\",\"url\":\"https:\/\/secure.gravatar.com\/avatar\/c31e2a02401f041926afb8ee21ab666f0925814fe85d25a5c8db80e23722dfc1?s=96&d=mm&r=g\",\"contentUrl\":\"https:\/\/secure.gravatar.com\/avatar\/c31e2a02401f041926afb8ee21ab666f0925814fe85d25a5c8db80e23722dfc1?s=96&d=mm&r=g\",\"caption\":\"Consejo de Rectores de las Universidades Chilenas\"},\"sameAs\":[\"https:\/\/www.consejoderectores.cl\"],\"url\":\"https:\/\/consejoderectores.cl\/en\/author\/cruch\/\"}]}<\/script>\n<!-- \/ Yoast SEO plugin. -->","yoast_head_json":{"title":"University Admission - Council of Rectors of Chilean Universities","robots":{"index":"index","follow":"follow","max-snippet":"max-snippet:-1","max-image-preview":"max-image-preview:large","max-video-preview":"max-video-preview:-1"},"canonical":"https:\/\/consejoderectores.cl\/en\/2024\/08\/13\/admision-universitaria\/","og_locale":"en_US","og_type":"article","og_title":"Admisi\u00f3n Universitaria - Consejo de Rectoras y Rectores de las Universidades Chilenas","og_description":"Revisa AQU\u00cd las noticias relacionadas a Admisi\u00f3n Universitaria y al CRUCH: &nbsp; Compendio \u201cEl Sistema de Admisi\u00f3n Universitario: Compromiso y Aporte del Consejo de Rectores de las Universidades Chilenas a la Educaci\u00f3n Superior\u201d, elaborado por el Sistema \u00danico de Admisi\u00f3n (SUA) del CRUCH (mayo de 2020). Ver en: https:\/\/www.consejoderectores.cl\/wp-content\/uploads\/publicaciones\/Compendio_Sistema_Unico_de_%20Admision__CRUCH_Abril2020.pdf Admisi\u00f3n 2024: Universidades del CRUCH ofrecer\u00e1n [&hellip;]","og_url":"https:\/\/consejoderectores.cl\/en\/2024\/08\/13\/admision-universitaria\/","og_site_name":"Consejo de Rectoras y Rectores de las Universidades Chilenas","article_published_time":"2024-08-13T15:09:03+00:00","article_modified_time":"2024-08-14T03:46:57+00:00","og_image":[{"width":1024,"height":514,"url":"https:\/\/consejoderectores.cl\/wp-content\/uploads\/2024\/08\/Fotos-Landing-2150-x-1080-px-7-1-1024x514.png","type":"image\/png"}],"author":"Consejo de Rectores de las Universidades Chilenas","twitter_card":"summary_large_image","twitter_creator":"@CRUCH_cl","twitter_site":"@CRUCH_cl","twitter_misc":{"Written by":"Consejo de Rectores de las Universidades Chilenas","Est. reading time":"2 minutes"},"schema":{"@context":"https:\/\/schema.org","@graph":[{"@type":"Article","@id":"https:\/\/consejoderectores.cl\/2024\/08\/13\/admision-universitaria\/#article","isPartOf":{"@id":"https:\/\/consejoderectores.cl\/2024\/08\/13\/admision-universitaria\/"},"author":{"name":"Consejo de Rectores de las Universidades Chilenas","@id":"https:\/\/consejoderectores.cl\/en\/#\/schema\/person\/d863e44afde067fd4b57fac66ced709e"},"headline":"Admisi\u00f3n Universitaria","datePublished":"2024-08-13T15:09:03+00:00","dateModified":"2024-08-14T03:46:57+00:00","mainEntityOfPage":{"@id":"https:\/\/consejoderectores.cl\/2024\/08\/13\/admision-universitaria\/"},"wordCount":464,"commentCount":0,"publisher":{"@id":"https:\/\/consejoderectores.cl\/en\/#organization"},"image":{"@id":"https:\/\/consejoderectores.cl\/2024\/08\/13\/admision-universitaria\/#primaryimage"},"thumbnailUrl":"https:\/\/consejoderectores.cl\/wp-content\/uploads\/2024\/08\/Fotos-Landing-2150-x-1080-px-7-1.png","articleSection":["Noticias"],"inLanguage":"en-US","potentialAction":[{"@type":"CommentAction","name":"Comment","target":["https:\/\/consejoderectores.cl\/2024\/08\/13\/admision-universitaria\/#respond"]}]},{"@type":"WebPage","@id":"https:\/\/consejoderectores.cl\/2024\/08\/13\/admision-universitaria\/","url":"https:\/\/consejoderectores.cl\/2024\/08\/13\/admision-universitaria\/","name":"University Admission - Council of Rectors of Chilean Universities","isPartOf":{"@id":"https:\/\/consejoderectores.cl\/en\/#website"},"primaryImageOfPage":{"@id":"https:\/\/consejoderectores.cl\/2024\/08\/13\/admision-universitaria\/#primaryimage"},"image":{"@id":"https:\/\/consejoderectores.cl\/2024\/08\/13\/admision-universitaria\/#primaryimage"},"thumbnailUrl":"https:\/\/consejoderectores.cl\/wp-content\/uploads\/2024\/08\/Fotos-Landing-2150-x-1080-px-7-1.png","datePublished":"2024-08-13T15:09:03+00:00","dateModified":"2024-08-14T03:46:57+00:00","breadcrumb":{"@id":"https:\/\/consejoderectores.cl\/2024\/08\/13\/admision-universitaria\/#breadcrumb"},"inLanguage":"en-US","potentialAction":[{"@type":"ReadAction","target":["https:\/\/consejoderectores.cl\/2024\/08\/13\/admision-universitaria\/"]}]},{"@type":"ImageObject","inLanguage":"en-US","@id":"https:\/\/consejoderectores.cl\/2024\/08\/13\/admision-universitaria\/#primaryimage","url":"https:\/\/consejoderectores.cl\/wp-content\/uploads\/2024\/08\/Fotos-Landing-2150-x-1080-px-7-1.png","contentUrl":"https:\/\/consejoderectores.cl\/wp-content\/uploads\/2024\/08\/Fotos-Landing-2150-x-1080-px-7-1.png","width":2150,"height":1080},{"@type":"BreadcrumbList","@id":"https:\/\/consejoderectores.cl\/2024\/08\/13\/admision-universitaria\/#breadcrumb","itemListElement":[{"@type":"ListItem","position":1,"name":"Home","item":"https:\/\/consejoderectores.cl\/"},{"@type":"ListItem","position":2,"name":"Admisi\u00f3n Universitaria"}]},{"@type":"WebSite","@id":"https:\/\/consejoderectores.cl\/en\/#website","url":"https:\/\/consejoderectores.cl\/en\/","name":"Council of Rectors of Chilean Universities","description":"","publisher":{"@id":"https:\/\/consejoderectores.cl\/en\/#organization"},"potentialAction":[{"@type":"SearchAction","target":{"@type":"EntryPoint","urlTemplate":"https:\/\/consejoderectores.cl\/en\/?s={search_term_string}"},"query-input":{"@type":"PropertyValueSpecification","valueRequired":true,"valueName":"search_term_string"}}],"inLanguage":"en-US"},{"@type":"Organization","@id":"https:\/\/consejoderectores.cl\/en\/#organization","name":"Council of Rectors of Chilean Universities","url":"https:\/\/consejoderectores.cl\/en\/","logo":{"@type":"ImageObject","inLanguage":"en-US","@id":"https:\/\/consejoderectores.cl\/en\/#\/schema\/logo\/image\/","url":"https:\/\/consejoderectores.cl\/wp-content\/uploads\/2025\/12\/logoheader_2025.png","contentUrl":"https:\/\/consejoderectores.cl\/wp-content\/uploads\/2025\/12\/logoheader_2025.png","width":666,"height":305,"caption":"Consejo de Rectoras y Rectores de las Universidades Chilenas"},"image":{"@id":"https:\/\/consejoderectores.cl\/en\/#\/schema\/logo\/image\/"},"sameAs":["https:\/\/x.com\/CRUCH_cl","https:\/\/www.instagram.com\/consejoderectores\/","https:\/\/www.linkedin.com\/company\/cruch\/","https:\/\/www.youtube.com\/channel\/UCzgIFRCsDlKoFpimiQmEaOA"]},{"@type":"Person","@id":"https:\/\/consejoderectores.cl\/en\/#\/schema\/person\/d863e44afde067fd4b57fac66ced709e","name":"Council of Rectors of Chilean Universities","image":{"@type":"ImageObject","inLanguage":"en-US","@id":"https:\/\/consejoderectores.cl\/en\/#\/schema\/person\/image\/","url":"https:\/\/secure.gravatar.com\/avatar\/c31e2a02401f041926afb8ee21ab666f0925814fe85d25a5c8db80e23722dfc1?s=96&d=mm&r=g","contentUrl":"https:\/\/secure.gravatar.com\/avatar\/c31e2a02401f041926afb8ee21ab666f0925814fe85d25a5c8db80e23722dfc1?s=96&d=mm&r=g","caption":"Consejo de Rectores de las Universidades Chilenas"},"sameAs":["https:\/\/www.consejoderectores.cl"],"url":"https:\/\/consejoderectores.cl\/en\/author\/cruch\/"}]}},"_links":{"self":[{"href":"https:\/\/consejoderectores.cl\/en\/wp-json\/wp\/v2\/posts\/11490","targetHints":{"allow":["GET"]}}],"collection":[{"href":"https:\/\/consejoderectores.cl\/en\/wp-json\/wp\/v2\/posts"}],"about":[{"href":"https:\/\/consejoderectores.cl\/en\/wp-json\/wp\/v2\/types\/post"}],"author":[{"embeddable":true,"href":"https:\/\/consejoderectores.cl\/en\/wp-json\/wp\/v2\/users\/1"}],"replies":[{"embeddable":true,"href":"https:\/\/consejoderectores.cl\/en\/wp-json\/wp\/v2\/comments?post=11490"}],"version-history":[{"count":4,"href":"https:\/\/consejoderectores.cl\/en\/wp-json\/wp\/v2\/posts\/11490\/revisions"}],"predecessor-version":[{"id":11600,"href":"https:\/\/consejoderectores.cl\/en\/wp-json\/wp\/v2\/posts\/11490\/revisions\/11600"}],"wp:featuredmedia":[{"embeddable":true,"href":"https:\/\/consejoderectores.cl\/en\/wp-json\/wp\/v2\/media\/11604"}],"wp:attachment":[{"href":"https:\/\/consejoderectores.cl\/en\/wp-json\/wp\/v2\/media?parent=11490"}],"wp:term":[{"taxonomy":"category","embeddable":true,"href":"https:\/\/consejoderectores.cl\/en\/wp-json\/wp\/v2\/categories?post=11490"},{"taxonomy":"post_tag","embeddable":true,"href":"https:\/\/consejoderectores.cl\/en\/wp-json\/wp\/v2\/tags?post=11490"}],"curies":[{"name":"wp","href":"https:\/\/api.w.org\/{rel}","templated":true}]}}