{"id":11487,"date":"2024-08-13T15:08:16","date_gmt":"2024-08-13T15:08:16","guid":{"rendered":"https:\/\/consejoderectores.cl\/?p=11487"},"modified":"2024-08-14T03:37:14","modified_gmt":"2024-08-14T03:37:14","slug":"formacion-de-pre-y-postgrado","status":"publish","type":"post","link":"https:\/\/consejoderectores.cl\/en\/2024\/08\/13\/formacion-de-pre-y-postgrado\/","title":{"rendered":"Undergraduate and Postgraduate Training"},"content":{"rendered":"<h4>Check HERE for news related to Undergraduate and Postgraduate Education and CRUCH:<\/h4>\n<p>&nbsp;<\/p>\n<ul>\n<li><a href=\"https:\/\/consejoderectores.cl\/en\/2023\/11\/10\/resultados-de-encuesta-ence-2022-revela-cambios-en-patrones-de-uso-del-tiempo-de-estudiantes-universitarios\/\">Results of the 2022 ENCE Survey reveal changes in time use patterns of university students<\/a><br \/>\n10\/11\/2023<\/li>\n<\/ul>\n<ul>\n<li><a href=\"https:\/\/consejoderectores.cl\/en\/2023\/10\/19\/nueva-directiva-de-comision-de-vicerrectores-as-academicos-as-presenta-lineamientos-estrategicos-2023-2025\/\">New board of directors of the Commission of Academic Vice-Rectors presents strategic guidelines 2023-2025<\/a><br \/>\n19\/10\/2023<\/li>\n<\/ul>\n<ul>\n<li><a href=\"https:\/\/consejoderectores.cl\/en\/2023\/10\/10\/comision-de-postgrado-cruch-invita-a-cna-a-exponer-nuevos-criterios-y-estandares-de-calidad-para-la-acreditacion-de-programas-de-doctorado\/\">The CRUCH Postgraduate Commission invites CNA to present new criteria and quality standards for the accreditation of doctoral programs<\/a><br \/>\n10\/10\/2023<\/li>\n<\/ul>\n<ul>\n<li><a href=\"https:\/\/consejoderectores.cl\/en\/2023\/05\/22\/vicerrectores-academicos-del-cruch-abordaron-desafios-sobre-diversidad-y-acompanamiento-en-las-universidades\/\">Academic Vice-Rectors of the CRUCH addressed challenges regarding diversity and support in universities<\/a><br \/>\n22\/05\/2023<\/li>\n<\/ul>\n<ul>\n<li><a href=\"https:\/\/consejoderectores.cl\/en\/2022\/07\/14\/vicerrectores-academicos-y-directivos-de-pregrado-analizaron-desafios-en-brecha-e-inclusion\/\">Academic vice-rectors and undergraduate directors analyzed challenges in the gap and inclusion<\/a><br \/>\n14\/07\/2022<\/li>\n<\/ul>\n<ul>\n<li><a href=\"https:\/\/consejoderectores.cl\/en\/2022\/05\/11\/consejo-de-rectores-actualiza-buscadores-online-para-conocer-oferta-de-postgrados-de-sus-universidades\/\">The Council of Rectors updates online search engines to find out about postgraduate programs offered by its universities<\/a><br \/>\n11\/05\/2022<\/li>\n<\/ul>\n<ul>\n<li><a href=\"https:\/\/consejoderectores.cl\/en\/2022\/03\/29\/columna-de-opinion-el-desafio-de-fortalecer-y-diversificar-la-formacion-avanzada-de-personas\/\">Opinion column: The challenge of strengthening and diversifying advanced training for people<\/a><br \/>\n29\/03\/2022<\/li>\n<\/ul>\n<ul>\n<li><a href=\"https:\/\/consejoderectores.cl\/en\/2021\/08\/10\/resultados-de-encuesta-a-estudiantes-universitarios-del-cruch-da-cuenta-de-su-experiencia-formativa-durante-la-pandemia\/\">Survey results of university students from CRUCH reveal their educational experience during the pandemic<\/a><br \/>\n10\/08\/2021<\/li>\n<\/ul>\n<ul>\n<li><a href=\"https:\/\/consejoderectores.cl\/en\/2019\/05\/10\/6152dadbcd0d4\/\">ENCE survey of CRUCH universities reveals how their students experience academic life and learning processes<\/a><br \/>\n10\/05\/2019<\/li>\n<\/ul>\n<ul>\n<li><a href=\"https:\/\/consejoderectores.cl\/en\/2015\/10\/01\/603c6d808031a\/\">The 4th International Postgraduate Conference of the CRUCH universities concludes successfully and with high attendance<\/a><br \/>\n01\/10\/2015<\/li>\n<\/ul>\n<ul>\n<li><a href=\"https:\/\/consejoderectores.cl\/en\/2015\/04\/14\/603c6d807e5b1\/\">Academic Vice-Rectors of CRUCH meet to analyze quality assurance and the admission system<\/a><br \/>\n14\/04\/2015<\/li>\n<\/ul>\n<ul>\n<li><a href=\"https:\/\/consejoderectores.cl\/en\/2014\/11\/10\/603c6d807bf41\/\">Academic Vice-Rectors analyze equity strategies related to access, retention and academic success of their students<\/a><br \/>\n10\/11\/2014<\/li>\n<\/ul>\n<ul>\n<li><a href=\"https:\/\/consejoderectores.cl\/en\/2014\/09\/04\/603c6d807e931\/\">Joint Work Stay of the SCT-Chile of the CRUCH Universities<\/a><br \/>\n04\/09\/2014<\/li>\n<\/ul>","protected":false},"excerpt":{"rendered":"<p>Revisa AQU\u00cd las noticias relacionadas a Formaci\u00f3n de Pre y Postgrado y al CRUCH: &nbsp; Resultados de Encuesta ENCE 2022 revela cambios en patrones de uso del tiempo de estudiantes universitarios 10\/11\/2023 Nueva directiva de Comisi\u00f3n de Vicerrectores\/as Acad\u00e9micos\/as presenta lineamientos estrat\u00e9gicos 2023-2025 19\/10\/2023 Comisi\u00f3n de Postgrado CRUCH invita a CNA a exponer nuevos criterios [&hellip;]<\/p>\n","protected":false},"author":1,"featured_media":11595,"comment_status":"open","ping_status":"open","sticky":false,"template":"","format":"standard","meta":{"_acf_changed":false,"footnotes":""},"categories":[3],"tags":[],"class_list":["post-11487","post","type-post","status-publish","format-standard","has-post-thumbnail","hentry","category-noticias"],"acf":[],"yoast_head":"<!-- This site is optimized with the Yoast SEO plugin v27.1.1 - https:\/\/yoast.com\/product\/yoast-seo-wordpress\/ -->\n<title>Formaci\u00f3n de Pre y Postgrado - Consejo de Rectoras y Rectores de las Universidades Chilenas<\/title>\n<meta name=\"robots\" content=\"index, follow, max-snippet:-1, max-image-preview:large, max-video-preview:-1\" \/>\n<link rel=\"canonical\" href=\"https:\/\/consejoderectores.cl\/en\/2024\/08\/13\/formacion-de-pre-y-postgrado\/\" \/>\n<meta property=\"og:locale\" content=\"en_US\" \/>\n<meta property=\"og:type\" content=\"article\" \/>\n<meta property=\"og:title\" content=\"Formaci\u00f3n de Pre y Postgrado - Consejo de Rectoras y Rectores de las Universidades Chilenas\" \/>\n<meta property=\"og:description\" content=\"Revisa AQU\u00cd las noticias relacionadas a Formaci\u00f3n de Pre y Postgrado y al CRUCH: &nbsp; Resultados de Encuesta ENCE 2022 revela cambios en patrones de uso del tiempo de estudiantes universitarios 10\/11\/2023 Nueva directiva de Comisi\u00f3n de Vicerrectores\/as Acad\u00e9micos\/as presenta lineamientos estrat\u00e9gicos 2023-2025 19\/10\/2023 Comisi\u00f3n de Postgrado CRUCH invita a CNA a exponer nuevos criterios [&hellip;]\" \/>\n<meta property=\"og:url\" content=\"https:\/\/consejoderectores.cl\/en\/2024\/08\/13\/formacion-de-pre-y-postgrado\/\" \/>\n<meta property=\"og:site_name\" content=\"Consejo de Rectoras y Rectores de las Universidades Chilenas\" \/>\n<meta property=\"article:published_time\" content=\"2024-08-13T15:08:16+00:00\" \/>\n<meta property=\"article:modified_time\" content=\"2024-08-14T03:37:14+00:00\" \/>\n<meta property=\"og:image\" content=\"https:\/\/consejoderectores.cl\/wp-content\/uploads\/2024\/08\/Fotos-Landing-2150-x-1080-px-6-1024x514.png\" \/>\n\t<meta property=\"og:image:width\" content=\"1024\" \/>\n\t<meta property=\"og:image:height\" content=\"514\" \/>\n\t<meta property=\"og:image:type\" content=\"image\/png\" \/>\n<meta name=\"author\" content=\"Consejo de Rectores de las Universidades Chilenas\" \/>\n<meta name=\"twitter:card\" content=\"summary_large_image\" \/>\n<meta name=\"twitter:creator\" content=\"@CRUCH_cl\" \/>\n<meta name=\"twitter:site\" content=\"@CRUCH_cl\" \/>\n<meta name=\"twitter:label1\" content=\"Written by\" \/>\n\t<meta name=\"twitter:data1\" content=\"Consejo de Rectores de las Universidades Chilenas\" \/>\n\t<meta name=\"twitter:label2\" content=\"Est. reading time\" \/>\n\t<meta name=\"twitter:data2\" content=\"2 minutes\" \/>\n<script type=\"application\/ld+json\" class=\"yoast-schema-graph\">{\"@context\":\"https:\/\/schema.org\",\"@graph\":[{\"@type\":\"Article\",\"@id\":\"https:\/\/consejoderectores.cl\/en\/2024\/08\/13\/formacion-de-pre-y-postgrado\/#article\",\"isPartOf\":{\"@id\":\"https:\/\/consejoderectores.cl\/en\/2024\/08\/13\/formacion-de-pre-y-postgrado\/\"},\"author\":{\"name\":\"Consejo de Rectores de las Universidades Chilenas\",\"@id\":\"https:\/\/consejoderectores.cl\/en\/#\/schema\/person\/d863e44afde067fd4b57fac66ced709e\"},\"headline\":\"Formaci\u00f3n de Pre y Postgrado\",\"datePublished\":\"2024-08-13T15:08:16+00:00\",\"dateModified\":\"2024-08-14T03:37:14+00:00\",\"mainEntityOfPage\":{\"@id\":\"https:\/\/consejoderectores.cl\/en\/2024\/08\/13\/formacion-de-pre-y-postgrado\/\"},\"wordCount\":247,\"commentCount\":0,\"publisher\":{\"@id\":\"https:\/\/consejoderectores.cl\/en\/#organization\"},\"image\":{\"@id\":\"https:\/\/consejoderectores.cl\/en\/2024\/08\/13\/formacion-de-pre-y-postgrado\/#primaryimage\"},\"thumbnailUrl\":\"https:\/\/consejoderectores.cl\/wp-content\/uploads\/2024\/08\/Fotos-Landing-2150-x-1080-px-6.png\",\"articleSection\":[\"Noticias\"],\"inLanguage\":\"en-US\",\"potentialAction\":[{\"@type\":\"CommentAction\",\"name\":\"Comment\",\"target\":[\"https:\/\/consejoderectores.cl\/en\/2024\/08\/13\/formacion-de-pre-y-postgrado\/#respond\"]}]},{\"@type\":\"WebPage\",\"@id\":\"https:\/\/consejoderectores.cl\/en\/2024\/08\/13\/formacion-de-pre-y-postgrado\/\",\"url\":\"https:\/\/consejoderectores.cl\/en\/2024\/08\/13\/formacion-de-pre-y-postgrado\/\",\"name\":\"Formaci\u00f3n de Pre y Postgrado - Consejo de Rectoras y Rectores de las Universidades Chilenas\",\"isPartOf\":{\"@id\":\"https:\/\/consejoderectores.cl\/en\/#website\"},\"primaryImageOfPage\":{\"@id\":\"https:\/\/consejoderectores.cl\/en\/2024\/08\/13\/formacion-de-pre-y-postgrado\/#primaryimage\"},\"image\":{\"@id\":\"https:\/\/consejoderectores.cl\/en\/2024\/08\/13\/formacion-de-pre-y-postgrado\/#primaryimage\"},\"thumbnailUrl\":\"https:\/\/consejoderectores.cl\/wp-content\/uploads\/2024\/08\/Fotos-Landing-2150-x-1080-px-6.png\",\"datePublished\":\"2024-08-13T15:08:16+00:00\",\"dateModified\":\"2024-08-14T03:37:14+00:00\",\"breadcrumb\":{\"@id\":\"https:\/\/consejoderectores.cl\/en\/2024\/08\/13\/formacion-de-pre-y-postgrado\/#breadcrumb\"},\"inLanguage\":\"en-US\",\"potentialAction\":[{\"@type\":\"ReadAction\",\"target\":[\"https:\/\/consejoderectores.cl\/en\/2024\/08\/13\/formacion-de-pre-y-postgrado\/\"]}]},{\"@type\":\"ImageObject\",\"inLanguage\":\"en-US\",\"@id\":\"https:\/\/consejoderectores.cl\/en\/2024\/08\/13\/formacion-de-pre-y-postgrado\/#primaryimage\",\"url\":\"https:\/\/consejoderectores.cl\/wp-content\/uploads\/2024\/08\/Fotos-Landing-2150-x-1080-px-6.png\",\"contentUrl\":\"https:\/\/consejoderectores.cl\/wp-content\/uploads\/2024\/08\/Fotos-Landing-2150-x-1080-px-6.png\",\"width\":2150,\"height\":1080},{\"@type\":\"BreadcrumbList\",\"@id\":\"https:\/\/consejoderectores.cl\/en\/2024\/08\/13\/formacion-de-pre-y-postgrado\/#breadcrumb\",\"itemListElement\":[{\"@type\":\"ListItem\",\"position\":1,\"name\":\"Home\",\"item\":\"https:\/\/consejoderectores.cl\/\"},{\"@type\":\"ListItem\",\"position\":2,\"name\":\"Formaci\u00f3n de Pre y Postgrado\"}]},{\"@type\":\"WebSite\",\"@id\":\"https:\/\/consejoderectores.cl\/en\/#website\",\"url\":\"https:\/\/consejoderectores.cl\/en\/\",\"name\":\"Consejo de Rectoras y Rectores de las Universidades Chilenas\",\"description\":\"\",\"publisher\":{\"@id\":\"https:\/\/consejoderectores.cl\/en\/#organization\"},\"potentialAction\":[{\"@type\":\"SearchAction\",\"target\":{\"@type\":\"EntryPoint\",\"urlTemplate\":\"https:\/\/consejoderectores.cl\/en\/?s={search_term_string}\"},\"query-input\":{\"@type\":\"PropertyValueSpecification\",\"valueRequired\":true,\"valueName\":\"search_term_string\"}}],\"inLanguage\":\"en-US\"},{\"@type\":\"Organization\",\"@id\":\"https:\/\/consejoderectores.cl\/en\/#organization\",\"name\":\"Consejo de Rectoras y Rectores de las Universidades Chilenas\",\"url\":\"https:\/\/consejoderectores.cl\/en\/\",\"logo\":{\"@type\":\"ImageObject\",\"inLanguage\":\"en-US\",\"@id\":\"https:\/\/consejoderectores.cl\/en\/#\/schema\/logo\/image\/\",\"url\":\"https:\/\/consejoderectores.cl\/wp-content\/uploads\/2025\/12\/logoheader_2025.png\",\"contentUrl\":\"https:\/\/consejoderectores.cl\/wp-content\/uploads\/2025\/12\/logoheader_2025.png\",\"width\":666,\"height\":305,\"caption\":\"Consejo de Rectoras y Rectores de las Universidades Chilenas\"},\"image\":{\"@id\":\"https:\/\/consejoderectores.cl\/en\/#\/schema\/logo\/image\/\"},\"sameAs\":[\"https:\/\/x.com\/CRUCH_cl\",\"https:\/\/www.instagram.com\/consejoderectores\/\",\"https:\/\/www.linkedin.com\/company\/cruch\/\",\"https:\/\/www.youtube.com\/channel\/UCzgIFRCsDlKoFpimiQmEaOA\"]},{\"@type\":\"Person\",\"@id\":\"https:\/\/consejoderectores.cl\/en\/#\/schema\/person\/d863e44afde067fd4b57fac66ced709e\",\"name\":\"Consejo de Rectores de las Universidades Chilenas\",\"image\":{\"@type\":\"ImageObject\",\"inLanguage\":\"en-US\",\"@id\":\"https:\/\/consejoderectores.cl\/en\/#\/schema\/person\/image\/\",\"url\":\"https:\/\/secure.gravatar.com\/avatar\/c31e2a02401f041926afb8ee21ab666f0925814fe85d25a5c8db80e23722dfc1?s=96&d=mm&r=g\",\"contentUrl\":\"https:\/\/secure.gravatar.com\/avatar\/c31e2a02401f041926afb8ee21ab666f0925814fe85d25a5c8db80e23722dfc1?s=96&d=mm&r=g\",\"caption\":\"Consejo de Rectores de las Universidades Chilenas\"},\"sameAs\":[\"https:\/\/www.consejoderectores.cl\"],\"url\":\"https:\/\/consejoderectores.cl\/en\/author\/cruch\/\"}]}<\/script>\n<!-- \/ Yoast SEO plugin. -->","yoast_head_json":{"title":"Formaci\u00f3n de Pre y Postgrado - Consejo de Rectoras y Rectores de las Universidades Chilenas","robots":{"index":"index","follow":"follow","max-snippet":"max-snippet:-1","max-image-preview":"max-image-preview:large","max-video-preview":"max-video-preview:-1"},"canonical":"https:\/\/consejoderectores.cl\/en\/2024\/08\/13\/formacion-de-pre-y-postgrado\/","og_locale":"en_US","og_type":"article","og_title":"Formaci\u00f3n de Pre y Postgrado - Consejo de Rectoras y Rectores de las Universidades Chilenas","og_description":"Revisa AQU\u00cd las noticias relacionadas a Formaci\u00f3n de Pre y Postgrado y al CRUCH: &nbsp; Resultados de Encuesta ENCE 2022 revela cambios en patrones de uso del tiempo de estudiantes universitarios 10\/11\/2023 Nueva directiva de Comisi\u00f3n de Vicerrectores\/as Acad\u00e9micos\/as presenta lineamientos estrat\u00e9gicos 2023-2025 19\/10\/2023 Comisi\u00f3n de Postgrado CRUCH invita a CNA a exponer nuevos criterios [&hellip;]","og_url":"https:\/\/consejoderectores.cl\/en\/2024\/08\/13\/formacion-de-pre-y-postgrado\/","og_site_name":"Consejo de Rectoras y Rectores de las Universidades Chilenas","article_published_time":"2024-08-13T15:08:16+00:00","article_modified_time":"2024-08-14T03:37:14+00:00","og_image":[{"width":1024,"height":514,"url":"https:\/\/consejoderectores.cl\/wp-content\/uploads\/2024\/08\/Fotos-Landing-2150-x-1080-px-6-1024x514.png","type":"image\/png"}],"author":"Consejo de Rectores de las Universidades Chilenas","twitter_card":"summary_large_image","twitter_creator":"@CRUCH_cl","twitter_site":"@CRUCH_cl","twitter_misc":{"Written by":"Consejo de Rectores de las Universidades Chilenas","Est. reading time":"2 minutes"},"schema":{"@context":"https:\/\/schema.org","@graph":[{"@type":"Article","@id":"https:\/\/consejoderectores.cl\/en\/2024\/08\/13\/formacion-de-pre-y-postgrado\/#article","isPartOf":{"@id":"https:\/\/consejoderectores.cl\/en\/2024\/08\/13\/formacion-de-pre-y-postgrado\/"},"author":{"name":"Consejo de Rectores de las Universidades Chilenas","@id":"https:\/\/consejoderectores.cl\/en\/#\/schema\/person\/d863e44afde067fd4b57fac66ced709e"},"headline":"Formaci\u00f3n de Pre y Postgrado","datePublished":"2024-08-13T15:08:16+00:00","dateModified":"2024-08-14T03:37:14+00:00","mainEntityOfPage":{"@id":"https:\/\/consejoderectores.cl\/en\/2024\/08\/13\/formacion-de-pre-y-postgrado\/"},"wordCount":247,"commentCount":0,"publisher":{"@id":"https:\/\/consejoderectores.cl\/en\/#organization"},"image":{"@id":"https:\/\/consejoderectores.cl\/en\/2024\/08\/13\/formacion-de-pre-y-postgrado\/#primaryimage"},"thumbnailUrl":"https:\/\/consejoderectores.cl\/wp-content\/uploads\/2024\/08\/Fotos-Landing-2150-x-1080-px-6.png","articleSection":["Noticias"],"inLanguage":"en-US","potentialAction":[{"@type":"CommentAction","name":"Comment","target":["https:\/\/consejoderectores.cl\/en\/2024\/08\/13\/formacion-de-pre-y-postgrado\/#respond"]}]},{"@type":"WebPage","@id":"https:\/\/consejoderectores.cl\/en\/2024\/08\/13\/formacion-de-pre-y-postgrado\/","url":"https:\/\/consejoderectores.cl\/en\/2024\/08\/13\/formacion-de-pre-y-postgrado\/","name":"Formaci\u00f3n de Pre y Postgrado - Consejo de Rectoras y Rectores de las Universidades Chilenas","isPartOf":{"@id":"https:\/\/consejoderectores.cl\/en\/#website"},"primaryImageOfPage":{"@id":"https:\/\/consejoderectores.cl\/en\/2024\/08\/13\/formacion-de-pre-y-postgrado\/#primaryimage"},"image":{"@id":"https:\/\/consejoderectores.cl\/en\/2024\/08\/13\/formacion-de-pre-y-postgrado\/#primaryimage"},"thumbnailUrl":"https:\/\/consejoderectores.cl\/wp-content\/uploads\/2024\/08\/Fotos-Landing-2150-x-1080-px-6.png","datePublished":"2024-08-13T15:08:16+00:00","dateModified":"2024-08-14T03:37:14+00:00","breadcrumb":{"@id":"https:\/\/consejoderectores.cl\/en\/2024\/08\/13\/formacion-de-pre-y-postgrado\/#breadcrumb"},"inLanguage":"en-US","potentialAction":[{"@type":"ReadAction","target":["https:\/\/consejoderectores.cl\/en\/2024\/08\/13\/formacion-de-pre-y-postgrado\/"]}]},{"@type":"ImageObject","inLanguage":"en-US","@id":"https:\/\/consejoderectores.cl\/en\/2024\/08\/13\/formacion-de-pre-y-postgrado\/#primaryimage","url":"https:\/\/consejoderectores.cl\/wp-content\/uploads\/2024\/08\/Fotos-Landing-2150-x-1080-px-6.png","contentUrl":"https:\/\/consejoderectores.cl\/wp-content\/uploads\/2024\/08\/Fotos-Landing-2150-x-1080-px-6.png","width":2150,"height":1080},{"@type":"BreadcrumbList","@id":"https:\/\/consejoderectores.cl\/en\/2024\/08\/13\/formacion-de-pre-y-postgrado\/#breadcrumb","itemListElement":[{"@type":"ListItem","position":1,"name":"Home","item":"https:\/\/consejoderectores.cl\/"},{"@type":"ListItem","position":2,"name":"Formaci\u00f3n de Pre y Postgrado"}]},{"@type":"WebSite","@id":"https:\/\/consejoderectores.cl\/en\/#website","url":"https:\/\/consejoderectores.cl\/en\/","name":"Council of Rectors of Chilean Universities","description":"","publisher":{"@id":"https:\/\/consejoderectores.cl\/en\/#organization"},"potentialAction":[{"@type":"SearchAction","target":{"@type":"EntryPoint","urlTemplate":"https:\/\/consejoderectores.cl\/en\/?s={search_term_string}"},"query-input":{"@type":"PropertyValueSpecification","valueRequired":true,"valueName":"search_term_string"}}],"inLanguage":"en-US"},{"@type":"Organization","@id":"https:\/\/consejoderectores.cl\/en\/#organization","name":"Council of Rectors of Chilean Universities","url":"https:\/\/consejoderectores.cl\/en\/","logo":{"@type":"ImageObject","inLanguage":"en-US","@id":"https:\/\/consejoderectores.cl\/en\/#\/schema\/logo\/image\/","url":"https:\/\/consejoderectores.cl\/wp-content\/uploads\/2025\/12\/logoheader_2025.png","contentUrl":"https:\/\/consejoderectores.cl\/wp-content\/uploads\/2025\/12\/logoheader_2025.png","width":666,"height":305,"caption":"Consejo de Rectoras y Rectores de las Universidades Chilenas"},"image":{"@id":"https:\/\/consejoderectores.cl\/en\/#\/schema\/logo\/image\/"},"sameAs":["https:\/\/x.com\/CRUCH_cl","https:\/\/www.instagram.com\/consejoderectores\/","https:\/\/www.linkedin.com\/company\/cruch\/","https:\/\/www.youtube.com\/channel\/UCzgIFRCsDlKoFpimiQmEaOA"]},{"@type":"Person","@id":"https:\/\/consejoderectores.cl\/en\/#\/schema\/person\/d863e44afde067fd4b57fac66ced709e","name":"Council of Rectors of Chilean Universities","image":{"@type":"ImageObject","inLanguage":"en-US","@id":"https:\/\/consejoderectores.cl\/en\/#\/schema\/person\/image\/","url":"https:\/\/secure.gravatar.com\/avatar\/c31e2a02401f041926afb8ee21ab666f0925814fe85d25a5c8db80e23722dfc1?s=96&d=mm&r=g","contentUrl":"https:\/\/secure.gravatar.com\/avatar\/c31e2a02401f041926afb8ee21ab666f0925814fe85d25a5c8db80e23722dfc1?s=96&d=mm&r=g","caption":"Consejo de Rectores de las Universidades Chilenas"},"sameAs":["https:\/\/www.consejoderectores.cl"],"url":"https:\/\/consejoderectores.cl\/en\/author\/cruch\/"}]}},"_links":{"self":[{"href":"https:\/\/consejoderectores.cl\/en\/wp-json\/wp\/v2\/posts\/11487","targetHints":{"allow":["GET"]}}],"collection":[{"href":"https:\/\/consejoderectores.cl\/en\/wp-json\/wp\/v2\/posts"}],"about":[{"href":"https:\/\/consejoderectores.cl\/en\/wp-json\/wp\/v2\/types\/post"}],"author":[{"embeddable":true,"href":"https:\/\/consejoderectores.cl\/en\/wp-json\/wp\/v2\/users\/1"}],"replies":[{"embeddable":true,"href":"https:\/\/consejoderectores.cl\/en\/wp-json\/wp\/v2\/comments?post=11487"}],"version-history":[{"count":4,"href":"https:\/\/consejoderectores.cl\/en\/wp-json\/wp\/v2\/posts\/11487\/revisions"}],"predecessor-version":[{"id":11593,"href":"https:\/\/consejoderectores.cl\/en\/wp-json\/wp\/v2\/posts\/11487\/revisions\/11593"}],"wp:featuredmedia":[{"embeddable":true,"href":"https:\/\/consejoderectores.cl\/en\/wp-json\/wp\/v2\/media\/11595"}],"wp:attachment":[{"href":"https:\/\/consejoderectores.cl\/en\/wp-json\/wp\/v2\/media?parent=11487"}],"wp:term":[{"taxonomy":"category","embeddable":true,"href":"https:\/\/consejoderectores.cl\/en\/wp-json\/wp\/v2\/categories?post=11487"},{"taxonomy":"post_tag","embeddable":true,"href":"https:\/\/consejoderectores.cl\/en\/wp-json\/wp\/v2\/tags?post=11487"}],"curies":[{"name":"wp","href":"https:\/\/api.w.org\/{rel}","templated":true}]}}