{"id":11472,"date":"2024-08-13T12:34:04","date_gmt":"2024-08-13T12:34:04","guid":{"rendered":"https:\/\/consejoderectores.cl\/?p=11472"},"modified":"2024-08-14T03:00:39","modified_gmt":"2024-08-14T03:00:39","slug":"fortalecimiento-de-pedagogias","status":"publish","type":"post","link":"https:\/\/consejoderectores.cl\/en\/2024\/08\/13\/fortalecimiento-de-pedagogias\/","title":{"rendered":"Strengthening Pedagogies"},"content":{"rendered":"<h4><strong>Check HERE for news related to Strengthening Pedagogies and CRUCH:<\/strong><\/h4>\n<p>&nbsp;<\/p>\n<ul>\n<li><a href=\"https:\/\/consejoderectores.cl\/en\/2024\/06\/27\/presidenta-s-del-cruch-rosa-deves-debemos-apoyar-la-admision-a-las-pedagogias-en-nuestras-universidades-eso-es-clave\/\">Acting President of CRUCH, Rosa Dev\u00e9s: \u201cWe must support admission to teacher training programs at our universities, that is key\u201d<\/a><br \/>\n27\/06\/2024<\/li>\n<\/ul>\n<ul>\n<li><a href=\"https:\/\/consejoderectores.cl\/en\/2024\/03\/22\/rectoras-y-rectores-del-cruch-entregaron-a-ministro-de-educacion-informe-de-fortalecimiento-de-pedagogias-la-docencia-cambia-vidas\/\">Rectors and rectors of CRUCH delivered to the Minister of Education a report on strengthening pedagogies \u201cTeaching Changes Lives\u201d<\/a><br \/>\n22\/03\/2024<\/li>\n<\/ul>\n<ul>\n<li><a href=\"https:\/\/consejoderectores.cl\/en\/2024\/03\/20\/cruch-entregara-al-ministerio-de-educacion-informe-la-docencia-cambia-vidas\/\">CRUCH will deliver the report \u201cTeaching Changes Lives\u201d to the Ministry of Education\u201d<\/a><br \/>\n20\/03\/2024<\/li>\n<\/ul>\n<ul>\n<li><a href=\"https:\/\/consejoderectores.cl\/en\/2023\/10\/17\/comision-de-fortalecimiento-de-pedagogias-del-cruch-prepara-informe-final-con-recomendaciones-para-impulsar-mejoras-y-transformaciones-en-el-ambito-de-formacion-inicial-y-continua-docente\/\">The CRUCH Commission for Strengthening Pedagogies is preparing a final report with recommendations to promote improvements and transformations in the field of initial and continuing teacher training.<\/a><br \/>\n17\/10\/2023<\/li>\n<\/ul>\n<ul>\n<li><a href=\"https:\/\/consejoderectores.cl\/en\/2023\/08\/28\/comision-de-fortalecimiento-de-pedagogias-cruch-comparte-sus-avances-con-mesa-de-trabajo-mineduc\/\">CRUCH Pedagogy Strengthening Commission shares its progress with MINEDUC working group<\/a><br \/>\n28\/08\/2023<\/li>\n<\/ul>\n<ul>\n<li><a href=\"https:\/\/consejoderectores.cl\/en\/2023\/04\/27\/comision-de-fortalecimiento-de-pedagogias-del-cruch-realizo-plenaria-en-sede-de-la-pontificia-universidad-catolica-de-valparaiso-en-santiago\/\">Commission for the Strengthening of Pedagogies of the CRUCH held a plenary session at the headquarters of the Pontifical Catholic University of Valpara\u00edso in Santiago<\/a><br \/>\n27\/04\/2023<\/li>\n<\/ul>\n<ul>\n<li><a href=\"https:\/\/consejoderectores.cl\/en\/2021\/09\/01\/vicepresidente-ejecutivo-del-cruch-la-baja-en-las-vocaciones-para-ingresar-a-programas-de-pedagogia-se-ha-vuelto-sistematica-y-sistemica\/\">Executive Vice President of CRUCH: &quot;The drop in vocations to enter pedagogy programs has become systematic and systemic&quot;<\/a><br \/>\n01\/09\/2021<\/li>\n<\/ul>","protected":false},"excerpt":{"rendered":"<p>Revisa AQU\u00cd las noticias relacionadas a Fortalecimiento de Pedagog\u00edas y al CRUCH: &nbsp; Presidenta (s) del CRUCH, Rosa Dev\u00e9s: \u201cDebemos apoyar la admisi\u00f3n a las pedagog\u00edas en nuestras universidades, eso es clave\u201d 27\/06\/2024 Rectoras y rectores del CRUCH entregaron a Ministro de Educaci\u00f3n informe de fortalecimiento de pedagog\u00edas \u201cLa Docencia Cambia Vidas\u201d 22\/03\/2024 CRUCH entregar\u00e1 [&hellip;]<\/p>\n","protected":false},"author":1,"featured_media":11577,"comment_status":"open","ping_status":"open","sticky":false,"template":"","format":"standard","meta":{"_acf_changed":false,"footnotes":""},"categories":[3],"tags":[],"class_list":["post-11472","post","type-post","status-publish","format-standard","has-post-thumbnail","hentry","category-noticias"],"acf":[],"yoast_head":"<!-- This site is optimized with the Yoast SEO plugin v27.1.1 - https:\/\/yoast.com\/product\/yoast-seo-wordpress\/ -->\n<title>Fortalecimiento de Pedagog\u00edas - Consejo de Rectoras y Rectores de las Universidades Chilenas<\/title>\n<meta name=\"robots\" content=\"index, follow, max-snippet:-1, max-image-preview:large, max-video-preview:-1\" \/>\n<link rel=\"canonical\" href=\"https:\/\/consejoderectores.cl\/en\/2024\/08\/13\/fortalecimiento-de-pedagogias\/\" \/>\n<meta property=\"og:locale\" content=\"en_US\" \/>\n<meta property=\"og:type\" content=\"article\" \/>\n<meta property=\"og:title\" content=\"Fortalecimiento de Pedagog\u00edas - Consejo de Rectoras y Rectores de las Universidades Chilenas\" \/>\n<meta property=\"og:description\" content=\"Revisa AQU\u00cd las noticias relacionadas a Fortalecimiento de Pedagog\u00edas y al CRUCH: &nbsp; Presidenta (s) del CRUCH, Rosa Dev\u00e9s: \u201cDebemos apoyar la admisi\u00f3n a las pedagog\u00edas en nuestras universidades, eso es clave\u201d 27\/06\/2024 Rectoras y rectores del CRUCH entregaron a Ministro de Educaci\u00f3n informe de fortalecimiento de pedagog\u00edas \u201cLa Docencia Cambia Vidas\u201d 22\/03\/2024 CRUCH entregar\u00e1 [&hellip;]\" \/>\n<meta property=\"og:url\" content=\"https:\/\/consejoderectores.cl\/en\/2024\/08\/13\/fortalecimiento-de-pedagogias\/\" \/>\n<meta property=\"og:site_name\" content=\"Consejo de Rectoras y Rectores de las Universidades Chilenas\" \/>\n<meta property=\"article:published_time\" content=\"2024-08-13T12:34:04+00:00\" \/>\n<meta property=\"article:modified_time\" content=\"2024-08-14T03:00:39+00:00\" \/>\n<meta property=\"og:image\" content=\"https:\/\/consejoderectores.cl\/wp-content\/uploads\/2024\/08\/Fotos-Landing-2150-x-1080-px-3-1-1024x514.png\" \/>\n\t<meta property=\"og:image:width\" content=\"1024\" \/>\n\t<meta property=\"og:image:height\" content=\"514\" \/>\n\t<meta property=\"og:image:type\" content=\"image\/png\" \/>\n<meta name=\"author\" content=\"Consejo de Rectores de las Universidades Chilenas\" \/>\n<meta name=\"twitter:card\" content=\"summary_large_image\" \/>\n<meta name=\"twitter:creator\" content=\"@CRUCH_cl\" \/>\n<meta name=\"twitter:site\" content=\"@CRUCH_cl\" \/>\n<meta name=\"twitter:label1\" content=\"Written by\" \/>\n\t<meta name=\"twitter:data1\" content=\"Consejo de Rectores de las Universidades Chilenas\" \/>\n\t<meta name=\"twitter:label2\" content=\"Est. reading time\" \/>\n\t<meta name=\"twitter:data2\" content=\"1 minute\" \/>\n<script type=\"application\/ld+json\" class=\"yoast-schema-graph\">{\"@context\":\"https:\/\/schema.org\",\"@graph\":[{\"@type\":\"Article\",\"@id\":\"https:\/\/consejoderectores.cl\/en\/2024\/08\/13\/fortalecimiento-de-pedagogias\/#article\",\"isPartOf\":{\"@id\":\"https:\/\/consejoderectores.cl\/en\/2024\/08\/13\/fortalecimiento-de-pedagogias\/\"},\"author\":{\"name\":\"Consejo de Rectores de las Universidades Chilenas\",\"@id\":\"https:\/\/consejoderectores.cl\/en\/#\/schema\/person\/d863e44afde067fd4b57fac66ced709e\"},\"headline\":\"Fortalecimiento de Pedagog\u00edas\",\"datePublished\":\"2024-08-13T12:34:04+00:00\",\"dateModified\":\"2024-08-14T03:00:39+00:00\",\"mainEntityOfPage\":{\"@id\":\"https:\/\/consejoderectores.cl\/en\/2024\/08\/13\/fortalecimiento-de-pedagogias\/\"},\"wordCount\":166,\"commentCount\":0,\"publisher\":{\"@id\":\"https:\/\/consejoderectores.cl\/en\/#organization\"},\"image\":{\"@id\":\"https:\/\/consejoderectores.cl\/en\/2024\/08\/13\/fortalecimiento-de-pedagogias\/#primaryimage\"},\"thumbnailUrl\":\"https:\/\/consejoderectores.cl\/wp-content\/uploads\/2024\/08\/Fotos-Landing-2150-x-1080-px-3-1.png\",\"articleSection\":[\"Noticias\"],\"inLanguage\":\"en-US\",\"potentialAction\":[{\"@type\":\"CommentAction\",\"name\":\"Comment\",\"target\":[\"https:\/\/consejoderectores.cl\/en\/2024\/08\/13\/fortalecimiento-de-pedagogias\/#respond\"]}]},{\"@type\":\"WebPage\",\"@id\":\"https:\/\/consejoderectores.cl\/en\/2024\/08\/13\/fortalecimiento-de-pedagogias\/\",\"url\":\"https:\/\/consejoderectores.cl\/en\/2024\/08\/13\/fortalecimiento-de-pedagogias\/\",\"name\":\"Fortalecimiento de Pedagog\u00edas - Consejo de Rectoras y Rectores de las Universidades Chilenas\",\"isPartOf\":{\"@id\":\"https:\/\/consejoderectores.cl\/en\/#website\"},\"primaryImageOfPage\":{\"@id\":\"https:\/\/consejoderectores.cl\/en\/2024\/08\/13\/fortalecimiento-de-pedagogias\/#primaryimage\"},\"image\":{\"@id\":\"https:\/\/consejoderectores.cl\/en\/2024\/08\/13\/fortalecimiento-de-pedagogias\/#primaryimage\"},\"thumbnailUrl\":\"https:\/\/consejoderectores.cl\/wp-content\/uploads\/2024\/08\/Fotos-Landing-2150-x-1080-px-3-1.png\",\"datePublished\":\"2024-08-13T12:34:04+00:00\",\"dateModified\":\"2024-08-14T03:00:39+00:00\",\"breadcrumb\":{\"@id\":\"https:\/\/consejoderectores.cl\/en\/2024\/08\/13\/fortalecimiento-de-pedagogias\/#breadcrumb\"},\"inLanguage\":\"en-US\",\"potentialAction\":[{\"@type\":\"ReadAction\",\"target\":[\"https:\/\/consejoderectores.cl\/en\/2024\/08\/13\/fortalecimiento-de-pedagogias\/\"]}]},{\"@type\":\"ImageObject\",\"inLanguage\":\"en-US\",\"@id\":\"https:\/\/consejoderectores.cl\/en\/2024\/08\/13\/fortalecimiento-de-pedagogias\/#primaryimage\",\"url\":\"https:\/\/consejoderectores.cl\/wp-content\/uploads\/2024\/08\/Fotos-Landing-2150-x-1080-px-3-1.png\",\"contentUrl\":\"https:\/\/consejoderectores.cl\/wp-content\/uploads\/2024\/08\/Fotos-Landing-2150-x-1080-px-3-1.png\",\"width\":2150,\"height\":1080},{\"@type\":\"BreadcrumbList\",\"@id\":\"https:\/\/consejoderectores.cl\/en\/2024\/08\/13\/fortalecimiento-de-pedagogias\/#breadcrumb\",\"itemListElement\":[{\"@type\":\"ListItem\",\"position\":1,\"name\":\"Home\",\"item\":\"https:\/\/consejoderectores.cl\/\"},{\"@type\":\"ListItem\",\"position\":2,\"name\":\"Fortalecimiento de Pedagog\u00edas\"}]},{\"@type\":\"WebSite\",\"@id\":\"https:\/\/consejoderectores.cl\/en\/#website\",\"url\":\"https:\/\/consejoderectores.cl\/en\/\",\"name\":\"Consejo de Rectoras y Rectores de las Universidades Chilenas\",\"description\":\"\",\"publisher\":{\"@id\":\"https:\/\/consejoderectores.cl\/en\/#organization\"},\"potentialAction\":[{\"@type\":\"SearchAction\",\"target\":{\"@type\":\"EntryPoint\",\"urlTemplate\":\"https:\/\/consejoderectores.cl\/en\/?s={search_term_string}\"},\"query-input\":{\"@type\":\"PropertyValueSpecification\",\"valueRequired\":true,\"valueName\":\"search_term_string\"}}],\"inLanguage\":\"en-US\"},{\"@type\":\"Organization\",\"@id\":\"https:\/\/consejoderectores.cl\/en\/#organization\",\"name\":\"Consejo de Rectoras y Rectores de las Universidades Chilenas\",\"url\":\"https:\/\/consejoderectores.cl\/en\/\",\"logo\":{\"@type\":\"ImageObject\",\"inLanguage\":\"en-US\",\"@id\":\"https:\/\/consejoderectores.cl\/en\/#\/schema\/logo\/image\/\",\"url\":\"https:\/\/consejoderectores.cl\/wp-content\/uploads\/2025\/12\/logoheader_2025.png\",\"contentUrl\":\"https:\/\/consejoderectores.cl\/wp-content\/uploads\/2025\/12\/logoheader_2025.png\",\"width\":666,\"height\":305,\"caption\":\"Consejo de Rectoras y Rectores de las Universidades Chilenas\"},\"image\":{\"@id\":\"https:\/\/consejoderectores.cl\/en\/#\/schema\/logo\/image\/\"},\"sameAs\":[\"https:\/\/x.com\/CRUCH_cl\",\"https:\/\/www.instagram.com\/consejoderectores\/\",\"https:\/\/www.linkedin.com\/company\/cruch\/\",\"https:\/\/www.youtube.com\/channel\/UCzgIFRCsDlKoFpimiQmEaOA\"]},{\"@type\":\"Person\",\"@id\":\"https:\/\/consejoderectores.cl\/en\/#\/schema\/person\/d863e44afde067fd4b57fac66ced709e\",\"name\":\"Consejo de Rectores de las Universidades Chilenas\",\"image\":{\"@type\":\"ImageObject\",\"inLanguage\":\"en-US\",\"@id\":\"https:\/\/consejoderectores.cl\/en\/#\/schema\/person\/image\/\",\"url\":\"https:\/\/secure.gravatar.com\/avatar\/c31e2a02401f041926afb8ee21ab666f0925814fe85d25a5c8db80e23722dfc1?s=96&d=mm&r=g\",\"contentUrl\":\"https:\/\/secure.gravatar.com\/avatar\/c31e2a02401f041926afb8ee21ab666f0925814fe85d25a5c8db80e23722dfc1?s=96&d=mm&r=g\",\"caption\":\"Consejo de Rectores de las Universidades Chilenas\"},\"sameAs\":[\"https:\/\/www.consejoderectores.cl\"],\"url\":\"https:\/\/consejoderectores.cl\/en\/author\/cruch\/\"}]}<\/script>\n<!-- \/ Yoast SEO plugin. -->","yoast_head_json":{"title":"Fortalecimiento de Pedagog\u00edas - Consejo de Rectoras y Rectores de las Universidades Chilenas","robots":{"index":"index","follow":"follow","max-snippet":"max-snippet:-1","max-image-preview":"max-image-preview:large","max-video-preview":"max-video-preview:-1"},"canonical":"https:\/\/consejoderectores.cl\/en\/2024\/08\/13\/fortalecimiento-de-pedagogias\/","og_locale":"en_US","og_type":"article","og_title":"Fortalecimiento de Pedagog\u00edas - Consejo de Rectoras y Rectores de las Universidades Chilenas","og_description":"Revisa AQU\u00cd las noticias relacionadas a Fortalecimiento de Pedagog\u00edas y al CRUCH: &nbsp; Presidenta (s) del CRUCH, Rosa Dev\u00e9s: \u201cDebemos apoyar la admisi\u00f3n a las pedagog\u00edas en nuestras universidades, eso es clave\u201d 27\/06\/2024 Rectoras y rectores del CRUCH entregaron a Ministro de Educaci\u00f3n informe de fortalecimiento de pedagog\u00edas \u201cLa Docencia Cambia Vidas\u201d 22\/03\/2024 CRUCH entregar\u00e1 [&hellip;]","og_url":"https:\/\/consejoderectores.cl\/en\/2024\/08\/13\/fortalecimiento-de-pedagogias\/","og_site_name":"Consejo de Rectoras y Rectores de las Universidades Chilenas","article_published_time":"2024-08-13T12:34:04+00:00","article_modified_time":"2024-08-14T03:00:39+00:00","og_image":[{"width":1024,"height":514,"url":"https:\/\/consejoderectores.cl\/wp-content\/uploads\/2024\/08\/Fotos-Landing-2150-x-1080-px-3-1-1024x514.png","type":"image\/png"}],"author":"Consejo de Rectores de las Universidades Chilenas","twitter_card":"summary_large_image","twitter_creator":"@CRUCH_cl","twitter_site":"@CRUCH_cl","twitter_misc":{"Written by":"Consejo de Rectores de las Universidades Chilenas","Est. reading time":"1 minute"},"schema":{"@context":"https:\/\/schema.org","@graph":[{"@type":"Article","@id":"https:\/\/consejoderectores.cl\/en\/2024\/08\/13\/fortalecimiento-de-pedagogias\/#article","isPartOf":{"@id":"https:\/\/consejoderectores.cl\/en\/2024\/08\/13\/fortalecimiento-de-pedagogias\/"},"author":{"name":"Consejo de Rectores de las Universidades Chilenas","@id":"https:\/\/consejoderectores.cl\/en\/#\/schema\/person\/d863e44afde067fd4b57fac66ced709e"},"headline":"Fortalecimiento de Pedagog\u00edas","datePublished":"2024-08-13T12:34:04+00:00","dateModified":"2024-08-14T03:00:39+00:00","mainEntityOfPage":{"@id":"https:\/\/consejoderectores.cl\/en\/2024\/08\/13\/fortalecimiento-de-pedagogias\/"},"wordCount":166,"commentCount":0,"publisher":{"@id":"https:\/\/consejoderectores.cl\/en\/#organization"},"image":{"@id":"https:\/\/consejoderectores.cl\/en\/2024\/08\/13\/fortalecimiento-de-pedagogias\/#primaryimage"},"thumbnailUrl":"https:\/\/consejoderectores.cl\/wp-content\/uploads\/2024\/08\/Fotos-Landing-2150-x-1080-px-3-1.png","articleSection":["Noticias"],"inLanguage":"en-US","potentialAction":[{"@type":"CommentAction","name":"Comment","target":["https:\/\/consejoderectores.cl\/en\/2024\/08\/13\/fortalecimiento-de-pedagogias\/#respond"]}]},{"@type":"WebPage","@id":"https:\/\/consejoderectores.cl\/en\/2024\/08\/13\/fortalecimiento-de-pedagogias\/","url":"https:\/\/consejoderectores.cl\/en\/2024\/08\/13\/fortalecimiento-de-pedagogias\/","name":"Fortalecimiento de Pedagog\u00edas - Consejo de Rectoras y Rectores de las Universidades Chilenas","isPartOf":{"@id":"https:\/\/consejoderectores.cl\/en\/#website"},"primaryImageOfPage":{"@id":"https:\/\/consejoderectores.cl\/en\/2024\/08\/13\/fortalecimiento-de-pedagogias\/#primaryimage"},"image":{"@id":"https:\/\/consejoderectores.cl\/en\/2024\/08\/13\/fortalecimiento-de-pedagogias\/#primaryimage"},"thumbnailUrl":"https:\/\/consejoderectores.cl\/wp-content\/uploads\/2024\/08\/Fotos-Landing-2150-x-1080-px-3-1.png","datePublished":"2024-08-13T12:34:04+00:00","dateModified":"2024-08-14T03:00:39+00:00","breadcrumb":{"@id":"https:\/\/consejoderectores.cl\/en\/2024\/08\/13\/fortalecimiento-de-pedagogias\/#breadcrumb"},"inLanguage":"en-US","potentialAction":[{"@type":"ReadAction","target":["https:\/\/consejoderectores.cl\/en\/2024\/08\/13\/fortalecimiento-de-pedagogias\/"]}]},{"@type":"ImageObject","inLanguage":"en-US","@id":"https:\/\/consejoderectores.cl\/en\/2024\/08\/13\/fortalecimiento-de-pedagogias\/#primaryimage","url":"https:\/\/consejoderectores.cl\/wp-content\/uploads\/2024\/08\/Fotos-Landing-2150-x-1080-px-3-1.png","contentUrl":"https:\/\/consejoderectores.cl\/wp-content\/uploads\/2024\/08\/Fotos-Landing-2150-x-1080-px-3-1.png","width":2150,"height":1080},{"@type":"BreadcrumbList","@id":"https:\/\/consejoderectores.cl\/en\/2024\/08\/13\/fortalecimiento-de-pedagogias\/#breadcrumb","itemListElement":[{"@type":"ListItem","position":1,"name":"Home","item":"https:\/\/consejoderectores.cl\/"},{"@type":"ListItem","position":2,"name":"Fortalecimiento de Pedagog\u00edas"}]},{"@type":"WebSite","@id":"https:\/\/consejoderectores.cl\/en\/#website","url":"https:\/\/consejoderectores.cl\/en\/","name":"Council of Rectors of Chilean Universities","description":"","publisher":{"@id":"https:\/\/consejoderectores.cl\/en\/#organization"},"potentialAction":[{"@type":"SearchAction","target":{"@type":"EntryPoint","urlTemplate":"https:\/\/consejoderectores.cl\/en\/?s={search_term_string}"},"query-input":{"@type":"PropertyValueSpecification","valueRequired":true,"valueName":"search_term_string"}}],"inLanguage":"en-US"},{"@type":"Organization","@id":"https:\/\/consejoderectores.cl\/en\/#organization","name":"Council of Rectors of Chilean Universities","url":"https:\/\/consejoderectores.cl\/en\/","logo":{"@type":"ImageObject","inLanguage":"en-US","@id":"https:\/\/consejoderectores.cl\/en\/#\/schema\/logo\/image\/","url":"https:\/\/consejoderectores.cl\/wp-content\/uploads\/2025\/12\/logoheader_2025.png","contentUrl":"https:\/\/consejoderectores.cl\/wp-content\/uploads\/2025\/12\/logoheader_2025.png","width":666,"height":305,"caption":"Consejo de Rectoras y Rectores de las Universidades Chilenas"},"image":{"@id":"https:\/\/consejoderectores.cl\/en\/#\/schema\/logo\/image\/"},"sameAs":["https:\/\/x.com\/CRUCH_cl","https:\/\/www.instagram.com\/consejoderectores\/","https:\/\/www.linkedin.com\/company\/cruch\/","https:\/\/www.youtube.com\/channel\/UCzgIFRCsDlKoFpimiQmEaOA"]},{"@type":"Person","@id":"https:\/\/consejoderectores.cl\/en\/#\/schema\/person\/d863e44afde067fd4b57fac66ced709e","name":"Council of Rectors of Chilean Universities","image":{"@type":"ImageObject","inLanguage":"en-US","@id":"https:\/\/consejoderectores.cl\/en\/#\/schema\/person\/image\/","url":"https:\/\/secure.gravatar.com\/avatar\/c31e2a02401f041926afb8ee21ab666f0925814fe85d25a5c8db80e23722dfc1?s=96&d=mm&r=g","contentUrl":"https:\/\/secure.gravatar.com\/avatar\/c31e2a02401f041926afb8ee21ab666f0925814fe85d25a5c8db80e23722dfc1?s=96&d=mm&r=g","caption":"Consejo de Rectores de las Universidades Chilenas"},"sameAs":["https:\/\/www.consejoderectores.cl"],"url":"https:\/\/consejoderectores.cl\/en\/author\/cruch\/"}]}},"_links":{"self":[{"href":"https:\/\/consejoderectores.cl\/en\/wp-json\/wp\/v2\/posts\/11472","targetHints":{"allow":["GET"]}}],"collection":[{"href":"https:\/\/consejoderectores.cl\/en\/wp-json\/wp\/v2\/posts"}],"about":[{"href":"https:\/\/consejoderectores.cl\/en\/wp-json\/wp\/v2\/types\/post"}],"author":[{"embeddable":true,"href":"https:\/\/consejoderectores.cl\/en\/wp-json\/wp\/v2\/users\/1"}],"replies":[{"embeddable":true,"href":"https:\/\/consejoderectores.cl\/en\/wp-json\/wp\/v2\/comments?post=11472"}],"version-history":[{"count":3,"href":"https:\/\/consejoderectores.cl\/en\/wp-json\/wp\/v2\/posts\/11472\/revisions"}],"predecessor-version":[{"id":11574,"href":"https:\/\/consejoderectores.cl\/en\/wp-json\/wp\/v2\/posts\/11472\/revisions\/11574"}],"wp:featuredmedia":[{"embeddable":true,"href":"https:\/\/consejoderectores.cl\/en\/wp-json\/wp\/v2\/media\/11577"}],"wp:attachment":[{"href":"https:\/\/consejoderectores.cl\/en\/wp-json\/wp\/v2\/media?parent=11472"}],"wp:term":[{"taxonomy":"category","embeddable":true,"href":"https:\/\/consejoderectores.cl\/en\/wp-json\/wp\/v2\/categories?post=11472"},{"taxonomy":"post_tag","embeddable":true,"href":"https:\/\/consejoderectores.cl\/en\/wp-json\/wp\/v2\/tags?post=11472"}],"curies":[{"name":"wp","href":"https:\/\/api.w.org\/{rel}","templated":true}]}}