{"id":11470,"date":"2024-08-13T12:32:53","date_gmt":"2024-08-13T12:32:53","guid":{"rendered":"https:\/\/consejoderectores.cl\/?p=11470"},"modified":"2024-08-14T02:52:22","modified_gmt":"2024-08-14T02:52:22","slug":"convivencia-universitaria-y-salud-mental","status":"publish","type":"post","link":"https:\/\/consejoderectores.cl\/en\/2024\/08\/13\/convivencia-universitaria-y-salud-mental\/","title":{"rendered":"University Life and Mental Health"},"content":{"rendered":"<h4><strong>Check HERE for news related to University Coexistence and Mental Health and to CRUCH:<\/strong><\/h4>\n<p>&nbsp;<\/p>\n<ul>\n<li><a href=\"https:\/\/consejoderectores.cl\/en\/2024\/01\/12\/finalizan-1ras-jornadas-formativas-cruch-con-el-desafio-de-avanzar-en-el-diseno-de-una-politica-universitaria-en-convivencia-y-salud-mental\/\">The first CRUCH Training Days conclude with the challenge of advancing the design of a university policy on coexistence and mental health.<\/a><br \/>\n12\/01\/2024<\/li>\n<\/ul>\n<ul>\n<li><a href=\"https:\/\/consejoderectores.cl\/en\/2023\/12\/19\/dialogo-y-transformacion-de-conflictos-en-comunidad-seran-los-ejes-de-las-primeras-jornadas-formativas-cruch-en-convivencia-universitaria-y-salud-mental-el-9-10-y-11-de-enero-de-20\/\">Dialogue and conflict transformation in the community will be the focus of the \u201cFirst CRUCH Training Days on University Coexistence and Mental Health\u201d on January 9, 10 and 11, 2024<\/a><br \/>\n19\/12\/2023<\/li>\n<\/ul>\n<ul>\n<li><a href=\"https:\/\/consejoderectores.cl\/en\/2023\/10\/31\/comision-de-convivencia-universitaria-y-salud-mental-del-cruch-define-plan-de-trabajo-2024\/\">CRUCH&#039;s Commission on University Coexistence and Mental Health defines its 2024 work plan<\/a><br \/>\n31\/10\/2023<\/li>\n<\/ul>\n<ul>\n<li><a href=\"https:\/\/consejoderectores.cl\/en\/2023\/10\/16\/convivencia-universitaria-y-salud-mental-rectores-y-rectoras-cruch-coinciden-en-la-importancia-de-abordar-estas-problematicas-a-nivel-institucional-e-integralmente\/\">University life and mental health: Rectors from CRUCH universities agree on the importance of addressing these issues at an institutional and comprehensive level<\/a><br \/>\n16\/10\/2023<\/li>\n<\/ul>\n<ul>\n<li><a href=\"https:\/\/consejoderectores.cl\/en\/2023\/10\/10\/cruch-y-sus-universidades-conmemoran-dia-mundial-de-la-salud-mental\/\">CRUCH and its universities commemorate World Mental Health Day<\/a><br \/>\n10\/10\/2023<\/li>\n<\/ul>\n<ul>\n<li><a href=\"https:\/\/consejoderectores.cl\/en\/2023\/10\/05\/estudiantes-y-egresados-as-de-universidades-del-cruch-presentaron-iniciativas-en-salud-mental-y-convivencia\/\">Students and graduates from CRUCH universities presented initiatives on mental health and coexistence<\/a><br \/>\n05\/10\/2023<\/li>\n<\/ul>\n<ul>\n<li><a href=\"https:\/\/consejoderectores.cl\/en\/2023\/09\/15\/primer-seminario-de-convivencia-universitaria-busca-marcar-un-hito-en-la-educacion-superior-del-pais\/\">The first University Coexistence Seminar seeks to mark a milestone in Higher Education in the country<\/a><br \/>\n15\/09\/2023<\/li>\n<\/ul>\n<ul>\n<li><a href=\"https:\/\/consejoderectores.cl\/en\/2023\/09\/13\/estudiantes-y-egresados-de-universidades-cruch-presentan-propuestas-solidarias-en-el-ambito-de-la-salud-mental-y-convivencia-universitaria\/\">Students and graduates from CRUCH universities present solidarity proposals in the field of mental health and university coexistence<\/a><br \/>\n13\/09\/2023<\/li>\n<\/ul>\n<ul>\n<li><a href=\"https:\/\/consejoderectores.cl\/en\/2023\/09\/12\/universidades-cruch-conmemoran-50-anos-del-golpe-de-estado-con-iniciativas-centradas-en-la-memoria-derechos-humanos-dialogo-y-democracia\/\">CRUCH universities commemorate 50 years since the coup d&#039;\u00e9tat with initiatives focused on memory, human rights, dialogue and democracy<\/a><br \/>\n12\/09\/2023<\/li>\n<\/ul>\n<ul>\n<li><a href=\"https:\/\/consejoderectores.cl\/en\/2023\/08\/17\/comision-cruch-de-convivencia-universitaria-y-salud-mental-abre-convocatoria-de-buenas-practicas-dirigida-a-estudiantes\/\">The CRUCH Commission on University Coexistence and Mental Health opens a call for best practices aimed at students<\/a><br \/>\n17\/08\/2023<\/li>\n<\/ul>\n<ul>\n<li><a href=\"https:\/\/consejoderectores.cl\/en\/2023\/07\/06\/estudio-plantea-desafios-en-prevencion-y-promocion-de-salud-mental-para-comunidades-universitarias-cruch\/\">Study raises challenges in mental health prevention and promotion for CRUCH university communities<\/a><br \/>\n06\/07\/2023<\/li>\n<\/ul>\n<ul>\n<li><a href=\"https:\/\/consejoderectores.cl\/en\/2023\/06\/15\/cruch-inicia-ciclo-de-conversacion-acerca-de-convivencia-estudiantil-y-salud-mental\/\">CRUCH begins a series of conversations about student coexistence and mental health<\/a><br \/>\n15\/06\/2023<\/li>\n<\/ul>\n<ul>\n<li><a href=\"https:\/\/consejoderectores.cl\/en\/2022\/11\/03\/dr-ricardo-araya-premio-nacional-de-ciencias-aplicadas-y-tecnologicas-2022-tenemos-que-ampliar-nuestro-conocimiento-de-los-problemas-de-los-jovenes-y-aprender-a-escuchar-tambien\/\">Dr. Ricardo Araya, National Prize for Applied Sciences and Technologies 2022: \u201cWe need to broaden our understanding of the problems young people face and learn to listen as well.\u201d<\/a><br \/>\n03\/11\/2022<\/li>\n<\/ul>\n<ul>\n<li><a href=\"https:\/\/consejoderectores.cl\/en\/2022\/09\/02\/consejo-de-rectores-y-rectoras-promueve-el-bienestar-estudiantil-a-traves-de-nueva-comision-de-convivencia-universitaria-de-salud-mental\/\">The Council of Rectors promotes student well-being through a new University Mental Health and Coexistence Commission<\/a><br \/>\n02\/09\/2022<\/li>\n<\/ul>","protected":false},"excerpt":{"rendered":"<p>Revisa AQU\u00cd las noticias relacionadas a Convivencia Universitaria y Salud Mental y al CRUCH: &nbsp; Finalizan 1ras. Jornadas Formativas CRUCH con el desaf\u00edo de avanzar en el dise\u00f1o de una pol\u00edtica universitaria en convivencia y salud mental 12\/01\/2024 Di\u00e1logo y transformaci\u00f3n de conflictos en comunidad ser\u00e1n los ejes de las \u201cPrimeras Jornadas Formativas CRUCH en [&hellip;]<\/p>\n","protected":false},"author":1,"featured_media":11573,"comment_status":"open","ping_status":"open","sticky":false,"template":"","format":"standard","meta":{"_acf_changed":false,"footnotes":""},"categories":[3],"tags":[],"class_list":["post-11470","post","type-post","status-publish","format-standard","has-post-thumbnail","hentry","category-noticias"],"acf":[],"yoast_head":"<!-- This site is optimized with the Yoast SEO plugin v27.1.1 - https:\/\/yoast.com\/product\/yoast-seo-wordpress\/ -->\n<title>Convivencia Universitaria y Salud Mental - Consejo de Rectoras y Rectores de las Universidades Chilenas<\/title>\n<meta name=\"robots\" content=\"index, follow, max-snippet:-1, max-image-preview:large, max-video-preview:-1\" \/>\n<link rel=\"canonical\" href=\"https:\/\/consejoderectores.cl\/en\/2024\/08\/13\/convivencia-universitaria-y-salud-mental\/\" \/>\n<meta property=\"og:locale\" content=\"en_US\" \/>\n<meta property=\"og:type\" content=\"article\" \/>\n<meta property=\"og:title\" content=\"Convivencia Universitaria y Salud Mental - Consejo de Rectoras y Rectores de las Universidades Chilenas\" \/>\n<meta property=\"og:description\" content=\"Revisa AQU\u00cd las noticias relacionadas a Convivencia Universitaria y Salud Mental y al CRUCH: &nbsp; Finalizan 1ras. Jornadas Formativas CRUCH con el desaf\u00edo de avanzar en el dise\u00f1o de una pol\u00edtica universitaria en convivencia y salud mental 12\/01\/2024 Di\u00e1logo y transformaci\u00f3n de conflictos en comunidad ser\u00e1n los ejes de las \u201cPrimeras Jornadas Formativas CRUCH en [&hellip;]\" \/>\n<meta property=\"og:url\" content=\"https:\/\/consejoderectores.cl\/en\/2024\/08\/13\/convivencia-universitaria-y-salud-mental\/\" \/>\n<meta property=\"og:site_name\" content=\"Consejo de Rectoras y Rectores de las Universidades Chilenas\" \/>\n<meta property=\"article:published_time\" content=\"2024-08-13T12:32:53+00:00\" \/>\n<meta property=\"article:modified_time\" content=\"2024-08-14T02:52:22+00:00\" \/>\n<meta property=\"og:image\" content=\"https:\/\/consejoderectores.cl\/wp-content\/uploads\/2024\/08\/Fotos-Landing-2150-x-1080-px-2-1024x514.png\" \/>\n\t<meta property=\"og:image:width\" content=\"1024\" \/>\n\t<meta property=\"og:image:height\" content=\"514\" \/>\n\t<meta property=\"og:image:type\" content=\"image\/png\" \/>\n<meta name=\"author\" content=\"Consejo de Rectores de las Universidades Chilenas\" \/>\n<meta name=\"twitter:card\" content=\"summary_large_image\" \/>\n<meta name=\"twitter:creator\" content=\"@CRUCH_cl\" \/>\n<meta name=\"twitter:site\" content=\"@CRUCH_cl\" \/>\n<meta name=\"twitter:label1\" content=\"Written by\" \/>\n\t<meta name=\"twitter:data1\" content=\"Consejo de Rectores de las Universidades Chilenas\" \/>\n\t<meta name=\"twitter:label2\" content=\"Est. reading time\" \/>\n\t<meta name=\"twitter:data2\" content=\"2 minutes\" \/>\n<script type=\"application\/ld+json\" class=\"yoast-schema-graph\">{\"@context\":\"https:\/\/schema.org\",\"@graph\":[{\"@type\":\"Article\",\"@id\":\"https:\/\/consejoderectores.cl\/en\/2024\/08\/13\/convivencia-universitaria-y-salud-mental\/#article\",\"isPartOf\":{\"@id\":\"https:\/\/consejoderectores.cl\/en\/2024\/08\/13\/convivencia-universitaria-y-salud-mental\/\"},\"author\":{\"name\":\"Consejo de Rectores de las Universidades Chilenas\",\"@id\":\"https:\/\/consejoderectores.cl\/en\/#\/schema\/person\/d863e44afde067fd4b57fac66ced709e\"},\"headline\":\"Convivencia Universitaria y Salud Mental\",\"datePublished\":\"2024-08-13T12:32:53+00:00\",\"dateModified\":\"2024-08-14T02:52:22+00:00\",\"mainEntityOfPage\":{\"@id\":\"https:\/\/consejoderectores.cl\/en\/2024\/08\/13\/convivencia-universitaria-y-salud-mental\/\"},\"wordCount\":294,\"commentCount\":0,\"publisher\":{\"@id\":\"https:\/\/consejoderectores.cl\/en\/#organization\"},\"image\":{\"@id\":\"https:\/\/consejoderectores.cl\/en\/2024\/08\/13\/convivencia-universitaria-y-salud-mental\/#primaryimage\"},\"thumbnailUrl\":\"https:\/\/consejoderectores.cl\/wp-content\/uploads\/2024\/08\/Fotos-Landing-2150-x-1080-px-2.png\",\"articleSection\":[\"Noticias\"],\"inLanguage\":\"en-US\",\"potentialAction\":[{\"@type\":\"CommentAction\",\"name\":\"Comment\",\"target\":[\"https:\/\/consejoderectores.cl\/en\/2024\/08\/13\/convivencia-universitaria-y-salud-mental\/#respond\"]}]},{\"@type\":\"WebPage\",\"@id\":\"https:\/\/consejoderectores.cl\/en\/2024\/08\/13\/convivencia-universitaria-y-salud-mental\/\",\"url\":\"https:\/\/consejoderectores.cl\/en\/2024\/08\/13\/convivencia-universitaria-y-salud-mental\/\",\"name\":\"Convivencia Universitaria y Salud Mental - Consejo de Rectoras y Rectores de las Universidades Chilenas\",\"isPartOf\":{\"@id\":\"https:\/\/consejoderectores.cl\/en\/#website\"},\"primaryImageOfPage\":{\"@id\":\"https:\/\/consejoderectores.cl\/en\/2024\/08\/13\/convivencia-universitaria-y-salud-mental\/#primaryimage\"},\"image\":{\"@id\":\"https:\/\/consejoderectores.cl\/en\/2024\/08\/13\/convivencia-universitaria-y-salud-mental\/#primaryimage\"},\"thumbnailUrl\":\"https:\/\/consejoderectores.cl\/wp-content\/uploads\/2024\/08\/Fotos-Landing-2150-x-1080-px-2.png\",\"datePublished\":\"2024-08-13T12:32:53+00:00\",\"dateModified\":\"2024-08-14T02:52:22+00:00\",\"breadcrumb\":{\"@id\":\"https:\/\/consejoderectores.cl\/en\/2024\/08\/13\/convivencia-universitaria-y-salud-mental\/#breadcrumb\"},\"inLanguage\":\"en-US\",\"potentialAction\":[{\"@type\":\"ReadAction\",\"target\":[\"https:\/\/consejoderectores.cl\/en\/2024\/08\/13\/convivencia-universitaria-y-salud-mental\/\"]}]},{\"@type\":\"ImageObject\",\"inLanguage\":\"en-US\",\"@id\":\"https:\/\/consejoderectores.cl\/en\/2024\/08\/13\/convivencia-universitaria-y-salud-mental\/#primaryimage\",\"url\":\"https:\/\/consejoderectores.cl\/wp-content\/uploads\/2024\/08\/Fotos-Landing-2150-x-1080-px-2.png\",\"contentUrl\":\"https:\/\/consejoderectores.cl\/wp-content\/uploads\/2024\/08\/Fotos-Landing-2150-x-1080-px-2.png\",\"width\":2150,\"height\":1080},{\"@type\":\"BreadcrumbList\",\"@id\":\"https:\/\/consejoderectores.cl\/en\/2024\/08\/13\/convivencia-universitaria-y-salud-mental\/#breadcrumb\",\"itemListElement\":[{\"@type\":\"ListItem\",\"position\":1,\"name\":\"Home\",\"item\":\"https:\/\/consejoderectores.cl\/\"},{\"@type\":\"ListItem\",\"position\":2,\"name\":\"Convivencia Universitaria y Salud Mental\"}]},{\"@type\":\"WebSite\",\"@id\":\"https:\/\/consejoderectores.cl\/en\/#website\",\"url\":\"https:\/\/consejoderectores.cl\/en\/\",\"name\":\"Consejo de Rectoras y Rectores de las Universidades Chilenas\",\"description\":\"\",\"publisher\":{\"@id\":\"https:\/\/consejoderectores.cl\/en\/#organization\"},\"potentialAction\":[{\"@type\":\"SearchAction\",\"target\":{\"@type\":\"EntryPoint\",\"urlTemplate\":\"https:\/\/consejoderectores.cl\/en\/?s={search_term_string}\"},\"query-input\":{\"@type\":\"PropertyValueSpecification\",\"valueRequired\":true,\"valueName\":\"search_term_string\"}}],\"inLanguage\":\"en-US\"},{\"@type\":\"Organization\",\"@id\":\"https:\/\/consejoderectores.cl\/en\/#organization\",\"name\":\"Consejo de Rectoras y Rectores de las Universidades Chilenas\",\"url\":\"https:\/\/consejoderectores.cl\/en\/\",\"logo\":{\"@type\":\"ImageObject\",\"inLanguage\":\"en-US\",\"@id\":\"https:\/\/consejoderectores.cl\/en\/#\/schema\/logo\/image\/\",\"url\":\"https:\/\/consejoderectores.cl\/wp-content\/uploads\/2025\/12\/logoheader_2025.png\",\"contentUrl\":\"https:\/\/consejoderectores.cl\/wp-content\/uploads\/2025\/12\/logoheader_2025.png\",\"width\":666,\"height\":305,\"caption\":\"Consejo de Rectoras y Rectores de las Universidades Chilenas\"},\"image\":{\"@id\":\"https:\/\/consejoderectores.cl\/en\/#\/schema\/logo\/image\/\"},\"sameAs\":[\"https:\/\/x.com\/CRUCH_cl\",\"https:\/\/www.instagram.com\/consejoderectores\/\",\"https:\/\/www.linkedin.com\/company\/cruch\/\",\"https:\/\/www.youtube.com\/channel\/UCzgIFRCsDlKoFpimiQmEaOA\"]},{\"@type\":\"Person\",\"@id\":\"https:\/\/consejoderectores.cl\/en\/#\/schema\/person\/d863e44afde067fd4b57fac66ced709e\",\"name\":\"Consejo de Rectores de las Universidades Chilenas\",\"image\":{\"@type\":\"ImageObject\",\"inLanguage\":\"en-US\",\"@id\":\"https:\/\/consejoderectores.cl\/en\/#\/schema\/person\/image\/\",\"url\":\"https:\/\/secure.gravatar.com\/avatar\/c31e2a02401f041926afb8ee21ab666f0925814fe85d25a5c8db80e23722dfc1?s=96&d=mm&r=g\",\"contentUrl\":\"https:\/\/secure.gravatar.com\/avatar\/c31e2a02401f041926afb8ee21ab666f0925814fe85d25a5c8db80e23722dfc1?s=96&d=mm&r=g\",\"caption\":\"Consejo de Rectores de las Universidades Chilenas\"},\"sameAs\":[\"https:\/\/www.consejoderectores.cl\"],\"url\":\"https:\/\/consejoderectores.cl\/en\/author\/cruch\/\"}]}<\/script>\n<!-- \/ Yoast SEO plugin. -->","yoast_head_json":{"title":"Convivencia Universitaria y Salud Mental - Consejo de Rectoras y Rectores de las Universidades Chilenas","robots":{"index":"index","follow":"follow","max-snippet":"max-snippet:-1","max-image-preview":"max-image-preview:large","max-video-preview":"max-video-preview:-1"},"canonical":"https:\/\/consejoderectores.cl\/en\/2024\/08\/13\/convivencia-universitaria-y-salud-mental\/","og_locale":"en_US","og_type":"article","og_title":"Convivencia Universitaria y Salud Mental - Consejo de Rectoras y Rectores de las Universidades Chilenas","og_description":"Revisa AQU\u00cd las noticias relacionadas a Convivencia Universitaria y Salud Mental y al CRUCH: &nbsp; Finalizan 1ras. Jornadas Formativas CRUCH con el desaf\u00edo de avanzar en el dise\u00f1o de una pol\u00edtica universitaria en convivencia y salud mental 12\/01\/2024 Di\u00e1logo y transformaci\u00f3n de conflictos en comunidad ser\u00e1n los ejes de las \u201cPrimeras Jornadas Formativas CRUCH en [&hellip;]","og_url":"https:\/\/consejoderectores.cl\/en\/2024\/08\/13\/convivencia-universitaria-y-salud-mental\/","og_site_name":"Consejo de Rectoras y Rectores de las Universidades Chilenas","article_published_time":"2024-08-13T12:32:53+00:00","article_modified_time":"2024-08-14T02:52:22+00:00","og_image":[{"width":1024,"height":514,"url":"https:\/\/consejoderectores.cl\/wp-content\/uploads\/2024\/08\/Fotos-Landing-2150-x-1080-px-2-1024x514.png","type":"image\/png"}],"author":"Consejo de Rectores de las Universidades Chilenas","twitter_card":"summary_large_image","twitter_creator":"@CRUCH_cl","twitter_site":"@CRUCH_cl","twitter_misc":{"Written by":"Consejo de Rectores de las Universidades Chilenas","Est. reading time":"2 minutes"},"schema":{"@context":"https:\/\/schema.org","@graph":[{"@type":"Article","@id":"https:\/\/consejoderectores.cl\/en\/2024\/08\/13\/convivencia-universitaria-y-salud-mental\/#article","isPartOf":{"@id":"https:\/\/consejoderectores.cl\/en\/2024\/08\/13\/convivencia-universitaria-y-salud-mental\/"},"author":{"name":"Consejo de Rectores de las Universidades Chilenas","@id":"https:\/\/consejoderectores.cl\/en\/#\/schema\/person\/d863e44afde067fd4b57fac66ced709e"},"headline":"Convivencia Universitaria y Salud Mental","datePublished":"2024-08-13T12:32:53+00:00","dateModified":"2024-08-14T02:52:22+00:00","mainEntityOfPage":{"@id":"https:\/\/consejoderectores.cl\/en\/2024\/08\/13\/convivencia-universitaria-y-salud-mental\/"},"wordCount":294,"commentCount":0,"publisher":{"@id":"https:\/\/consejoderectores.cl\/en\/#organization"},"image":{"@id":"https:\/\/consejoderectores.cl\/en\/2024\/08\/13\/convivencia-universitaria-y-salud-mental\/#primaryimage"},"thumbnailUrl":"https:\/\/consejoderectores.cl\/wp-content\/uploads\/2024\/08\/Fotos-Landing-2150-x-1080-px-2.png","articleSection":["Noticias"],"inLanguage":"en-US","potentialAction":[{"@type":"CommentAction","name":"Comment","target":["https:\/\/consejoderectores.cl\/en\/2024\/08\/13\/convivencia-universitaria-y-salud-mental\/#respond"]}]},{"@type":"WebPage","@id":"https:\/\/consejoderectores.cl\/en\/2024\/08\/13\/convivencia-universitaria-y-salud-mental\/","url":"https:\/\/consejoderectores.cl\/en\/2024\/08\/13\/convivencia-universitaria-y-salud-mental\/","name":"Convivencia Universitaria y Salud Mental - Consejo de Rectoras y Rectores de las Universidades Chilenas","isPartOf":{"@id":"https:\/\/consejoderectores.cl\/en\/#website"},"primaryImageOfPage":{"@id":"https:\/\/consejoderectores.cl\/en\/2024\/08\/13\/convivencia-universitaria-y-salud-mental\/#primaryimage"},"image":{"@id":"https:\/\/consejoderectores.cl\/en\/2024\/08\/13\/convivencia-universitaria-y-salud-mental\/#primaryimage"},"thumbnailUrl":"https:\/\/consejoderectores.cl\/wp-content\/uploads\/2024\/08\/Fotos-Landing-2150-x-1080-px-2.png","datePublished":"2024-08-13T12:32:53+00:00","dateModified":"2024-08-14T02:52:22+00:00","breadcrumb":{"@id":"https:\/\/consejoderectores.cl\/en\/2024\/08\/13\/convivencia-universitaria-y-salud-mental\/#breadcrumb"},"inLanguage":"en-US","potentialAction":[{"@type":"ReadAction","target":["https:\/\/consejoderectores.cl\/en\/2024\/08\/13\/convivencia-universitaria-y-salud-mental\/"]}]},{"@type":"ImageObject","inLanguage":"en-US","@id":"https:\/\/consejoderectores.cl\/en\/2024\/08\/13\/convivencia-universitaria-y-salud-mental\/#primaryimage","url":"https:\/\/consejoderectores.cl\/wp-content\/uploads\/2024\/08\/Fotos-Landing-2150-x-1080-px-2.png","contentUrl":"https:\/\/consejoderectores.cl\/wp-content\/uploads\/2024\/08\/Fotos-Landing-2150-x-1080-px-2.png","width":2150,"height":1080},{"@type":"BreadcrumbList","@id":"https:\/\/consejoderectores.cl\/en\/2024\/08\/13\/convivencia-universitaria-y-salud-mental\/#breadcrumb","itemListElement":[{"@type":"ListItem","position":1,"name":"Home","item":"https:\/\/consejoderectores.cl\/"},{"@type":"ListItem","position":2,"name":"Convivencia Universitaria y Salud Mental"}]},{"@type":"WebSite","@id":"https:\/\/consejoderectores.cl\/en\/#website","url":"https:\/\/consejoderectores.cl\/en\/","name":"Council of Rectors of Chilean Universities","description":"","publisher":{"@id":"https:\/\/consejoderectores.cl\/en\/#organization"},"potentialAction":[{"@type":"SearchAction","target":{"@type":"EntryPoint","urlTemplate":"https:\/\/consejoderectores.cl\/en\/?s={search_term_string}"},"query-input":{"@type":"PropertyValueSpecification","valueRequired":true,"valueName":"search_term_string"}}],"inLanguage":"en-US"},{"@type":"Organization","@id":"https:\/\/consejoderectores.cl\/en\/#organization","name":"Council of Rectors of Chilean Universities","url":"https:\/\/consejoderectores.cl\/en\/","logo":{"@type":"ImageObject","inLanguage":"en-US","@id":"https:\/\/consejoderectores.cl\/en\/#\/schema\/logo\/image\/","url":"https:\/\/consejoderectores.cl\/wp-content\/uploads\/2025\/12\/logoheader_2025.png","contentUrl":"https:\/\/consejoderectores.cl\/wp-content\/uploads\/2025\/12\/logoheader_2025.png","width":666,"height":305,"caption":"Consejo de Rectoras y Rectores de las Universidades Chilenas"},"image":{"@id":"https:\/\/consejoderectores.cl\/en\/#\/schema\/logo\/image\/"},"sameAs":["https:\/\/x.com\/CRUCH_cl","https:\/\/www.instagram.com\/consejoderectores\/","https:\/\/www.linkedin.com\/company\/cruch\/","https:\/\/www.youtube.com\/channel\/UCzgIFRCsDlKoFpimiQmEaOA"]},{"@type":"Person","@id":"https:\/\/consejoderectores.cl\/en\/#\/schema\/person\/d863e44afde067fd4b57fac66ced709e","name":"Council of Rectors of Chilean Universities","image":{"@type":"ImageObject","inLanguage":"en-US","@id":"https:\/\/consejoderectores.cl\/en\/#\/schema\/person\/image\/","url":"https:\/\/secure.gravatar.com\/avatar\/c31e2a02401f041926afb8ee21ab666f0925814fe85d25a5c8db80e23722dfc1?s=96&d=mm&r=g","contentUrl":"https:\/\/secure.gravatar.com\/avatar\/c31e2a02401f041926afb8ee21ab666f0925814fe85d25a5c8db80e23722dfc1?s=96&d=mm&r=g","caption":"Consejo de Rectores de las Universidades Chilenas"},"sameAs":["https:\/\/www.consejoderectores.cl"],"url":"https:\/\/consejoderectores.cl\/en\/author\/cruch\/"}]}},"_links":{"self":[{"href":"https:\/\/consejoderectores.cl\/en\/wp-json\/wp\/v2\/posts\/11470","targetHints":{"allow":["GET"]}}],"collection":[{"href":"https:\/\/consejoderectores.cl\/en\/wp-json\/wp\/v2\/posts"}],"about":[{"href":"https:\/\/consejoderectores.cl\/en\/wp-json\/wp\/v2\/types\/post"}],"author":[{"embeddable":true,"href":"https:\/\/consejoderectores.cl\/en\/wp-json\/wp\/v2\/users\/1"}],"replies":[{"embeddable":true,"href":"https:\/\/consejoderectores.cl\/en\/wp-json\/wp\/v2\/comments?post=11470"}],"version-history":[{"count":2,"href":"https:\/\/consejoderectores.cl\/en\/wp-json\/wp\/v2\/posts\/11470\/revisions"}],"predecessor-version":[{"id":11572,"href":"https:\/\/consejoderectores.cl\/en\/wp-json\/wp\/v2\/posts\/11470\/revisions\/11572"}],"wp:featuredmedia":[{"embeddable":true,"href":"https:\/\/consejoderectores.cl\/en\/wp-json\/wp\/v2\/media\/11573"}],"wp:attachment":[{"href":"https:\/\/consejoderectores.cl\/en\/wp-json\/wp\/v2\/media?parent=11470"}],"wp:term":[{"taxonomy":"category","embeddable":true,"href":"https:\/\/consejoderectores.cl\/en\/wp-json\/wp\/v2\/categories?post=11470"},{"taxonomy":"post_tag","embeddable":true,"href":"https:\/\/consejoderectores.cl\/en\/wp-json\/wp\/v2\/tags?post=11470"}],"curies":[{"name":"wp","href":"https:\/\/api.w.org\/{rel}","templated":true}]}}