{"id":1147,"date":"2012-01-20T00:00:00","date_gmt":"2012-01-20T00:00:00","guid":{"rendered":""},"modified":"2022-01-26T17:53:24","modified_gmt":"2022-01-26T17:53:24","slug":"603c6d806fb88","status":"publish","type":"post","link":"https:\/\/consejoderectores.cl\/en\/2012\/01\/20\/603c6d806fb88\/","title":{"rendered":"Rectors analyze draft laws on Higher Education"},"content":{"rendered":"<blockquote><p>The meeting included the participation of Alberto Mayol, sociologist and academic from the University of Chile, who conducted an analysis of the significance and legacy of the student movement and the work carried out by the rectors in the educational debate.<\/p><\/blockquote>\n<p>In a monthly plenary session held at the Austral University of Chile in Valdivia, the 25 rectors of public universities took stock of the work carried out in 2011 by the Council of Rectors and reviewed the bills on Higher Education that are currently being worked on in Congress.<\/p>\n<div>\u201cWe were talking about the bills that are in Parliament, we also had a presentation on the issues of the loan with State guarantee, the renegotiation of the Solidarity Fund, the issue of the Superintendency and on issues specific to the Council of Rectors, our meetings with Confech, and the work towards the future and our challenges,\u201d detailed Rector Zolezzi, Executive Vice President of the Council of Rectors.<\/div>\n<div><\/div>\n<div>The meeting began with a presentation by the distinguished sociologist and professor at the University of Chile, Alberto Mayol, who analyzed the significance and legacy of the student movement and the work carried out by the rectors in the educational debate. \u201cWe believe it is very important that, as university authorities, we have an external and critical perspective on what the student movement meant,\u201d Rector Zolezzi emphasized.<\/div>\n<div><\/div>\n<div>In the plenary session, the rectors agreed that next Wednesday the 25th they will meet with the students to finalize and work on a common agenda for 2012.<\/div>","protected":false},"excerpt":{"rendered":"<p>En la reuni\u00f3n particip\u00f3 el soci\u00f3logo y acad\u00e9mico de e la Universidad de Chile, Alberto Mayol, quien realiz\u00f3 un an\u00e1lisis sobre la trascendencia y legado del movimiento estudiantil y el trabajo efectuado por los rectores en el debate educacional. En sesi\u00f3n plenaria mensual, realizada en la Universidad Austral de Chile en Valdivia, los 25 rectores [&hellip;]<\/p>\n","protected":false},"author":1,"featured_media":3592,"comment_status":"open","ping_status":"open","sticky":false,"template":"","format":"standard","meta":{"_acf_changed":false,"footnotes":""},"categories":[3],"tags":[],"class_list":["post-1147","post","type-post","status-publish","format-standard","has-post-thumbnail","hentry","category-noticias"],"acf":[],"yoast_head":"<!-- This site is optimized with the Yoast SEO plugin v27.1.1 - https:\/\/yoast.com\/product\/yoast-seo-wordpress\/ -->\n<title>Rectores analizan proyectos de ley sobre Educaci\u00f3n Superior - Consejo de Rectoras y Rectores de las Universidades Chilenas<\/title>\n<meta name=\"robots\" content=\"index, follow, max-snippet:-1, max-image-preview:large, max-video-preview:-1\" \/>\n<link rel=\"canonical\" href=\"https:\/\/consejoderectores.cl\/en\/2012\/01\/20\/603c6d806fb88\/\" \/>\n<meta property=\"og:locale\" content=\"en_US\" \/>\n<meta property=\"og:type\" content=\"article\" \/>\n<meta property=\"og:title\" content=\"Rectores analizan proyectos de ley sobre Educaci\u00f3n Superior - Consejo de Rectoras y Rectores de las Universidades Chilenas\" \/>\n<meta property=\"og:description\" content=\"En la reuni\u00f3n particip\u00f3 el soci\u00f3logo y acad\u00e9mico de e la Universidad de Chile, Alberto Mayol, quien realiz\u00f3 un an\u00e1lisis sobre la trascendencia y legado del movimiento estudiantil y el trabajo efectuado por los rectores en el debate educacional. En sesi\u00f3n plenaria mensual, realizada en la Universidad Austral de Chile en Valdivia, los 25 rectores [&hellip;]\" \/>\n<meta property=\"og:url\" content=\"https:\/\/consejoderectores.cl\/en\/2012\/01\/20\/603c6d806fb88\/\" \/>\n<meta property=\"og:site_name\" content=\"Consejo de Rectoras y Rectores de las Universidades Chilenas\" \/>\n<meta property=\"article:published_time\" content=\"2012-01-20T00:00:00+00:00\" \/>\n<meta property=\"article:modified_time\" content=\"2022-01-26T17:53:24+00:00\" \/>\n<meta property=\"og:image\" content=\"https:\/\/consejoderectores.cl\/wp-content\/uploads\/2021\/10\/declaraciones-publicas.jpg\" \/>\n\t<meta property=\"og:image:width\" content=\"1024\" \/>\n\t<meta property=\"og:image:height\" content=\"500\" \/>\n\t<meta property=\"og:image:type\" content=\"image\/jpeg\" \/>\n<meta name=\"author\" content=\"Consejo de Rectores de las Universidades Chilenas\" \/>\n<meta name=\"twitter:card\" content=\"summary_large_image\" \/>\n<meta name=\"twitter:creator\" content=\"@CRUCH_cl\" \/>\n<meta name=\"twitter:site\" content=\"@CRUCH_cl\" \/>\n<meta name=\"twitter:label1\" content=\"Written by\" \/>\n\t<meta name=\"twitter:data1\" content=\"Consejo de Rectores de las Universidades Chilenas\" \/>\n\t<meta name=\"twitter:label2\" content=\"Est. reading time\" \/>\n\t<meta name=\"twitter:data2\" content=\"1 minute\" \/>\n<script type=\"application\/ld+json\" class=\"yoast-schema-graph\">{\"@context\":\"https:\/\/schema.org\",\"@graph\":[{\"@type\":\"Article\",\"@id\":\"https:\/\/consejoderectores.cl\/2012\/01\/20\/603c6d806fb88\/#article\",\"isPartOf\":{\"@id\":\"https:\/\/consejoderectores.cl\/2012\/01\/20\/603c6d806fb88\/\"},\"author\":{\"name\":\"Consejo de Rectores de las Universidades Chilenas\",\"@id\":\"https:\/\/consejoderectores.cl\/en\/#\/schema\/person\/d863e44afde067fd4b57fac66ced709e\"},\"headline\":\"Rectores analizan proyectos de ley sobre Educaci\u00f3n Superior\",\"datePublished\":\"2012-01-20T00:00:00+00:00\",\"dateModified\":\"2022-01-26T17:53:24+00:00\",\"mainEntityOfPage\":{\"@id\":\"https:\/\/consejoderectores.cl\/2012\/01\/20\/603c6d806fb88\/\"},\"wordCount\":279,\"commentCount\":0,\"publisher\":{\"@id\":\"https:\/\/consejoderectores.cl\/en\/#organization\"},\"image\":{\"@id\":\"https:\/\/consejoderectores.cl\/2012\/01\/20\/603c6d806fb88\/#primaryimage\"},\"thumbnailUrl\":\"https:\/\/consejoderectores.cl\/wp-content\/uploads\/2021\/10\/declaraciones-publicas.jpg\",\"articleSection\":[\"Noticias\"],\"inLanguage\":\"en-US\",\"potentialAction\":[{\"@type\":\"CommentAction\",\"name\":\"Comment\",\"target\":[\"https:\/\/consejoderectores.cl\/2012\/01\/20\/603c6d806fb88\/#respond\"]}]},{\"@type\":\"WebPage\",\"@id\":\"https:\/\/consejoderectores.cl\/2012\/01\/20\/603c6d806fb88\/\",\"url\":\"https:\/\/consejoderectores.cl\/2012\/01\/20\/603c6d806fb88\/\",\"name\":\"Rectores analizan proyectos de ley sobre Educaci\u00f3n Superior - Consejo de Rectoras y Rectores de las Universidades Chilenas\",\"isPartOf\":{\"@id\":\"https:\/\/consejoderectores.cl\/en\/#website\"},\"primaryImageOfPage\":{\"@id\":\"https:\/\/consejoderectores.cl\/2012\/01\/20\/603c6d806fb88\/#primaryimage\"},\"image\":{\"@id\":\"https:\/\/consejoderectores.cl\/2012\/01\/20\/603c6d806fb88\/#primaryimage\"},\"thumbnailUrl\":\"https:\/\/consejoderectores.cl\/wp-content\/uploads\/2021\/10\/declaraciones-publicas.jpg\",\"datePublished\":\"2012-01-20T00:00:00+00:00\",\"dateModified\":\"2022-01-26T17:53:24+00:00\",\"breadcrumb\":{\"@id\":\"https:\/\/consejoderectores.cl\/2012\/01\/20\/603c6d806fb88\/#breadcrumb\"},\"inLanguage\":\"en-US\",\"potentialAction\":[{\"@type\":\"ReadAction\",\"target\":[\"https:\/\/consejoderectores.cl\/2012\/01\/20\/603c6d806fb88\/\"]}]},{\"@type\":\"ImageObject\",\"inLanguage\":\"en-US\",\"@id\":\"https:\/\/consejoderectores.cl\/2012\/01\/20\/603c6d806fb88\/#primaryimage\",\"url\":\"https:\/\/consejoderectores.cl\/wp-content\/uploads\/2021\/10\/declaraciones-publicas.jpg\",\"contentUrl\":\"https:\/\/consejoderectores.cl\/wp-content\/uploads\/2021\/10\/declaraciones-publicas.jpg\",\"width\":1024,\"height\":500},{\"@type\":\"BreadcrumbList\",\"@id\":\"https:\/\/consejoderectores.cl\/2012\/01\/20\/603c6d806fb88\/#breadcrumb\",\"itemListElement\":[{\"@type\":\"ListItem\",\"position\":1,\"name\":\"Home\",\"item\":\"https:\/\/consejoderectores.cl\/\"},{\"@type\":\"ListItem\",\"position\":2,\"name\":\"Rectores analizan proyectos de ley sobre Educaci\u00f3n Superior\"}]},{\"@type\":\"WebSite\",\"@id\":\"https:\/\/consejoderectores.cl\/en\/#website\",\"url\":\"https:\/\/consejoderectores.cl\/en\/\",\"name\":\"Consejo de Rectoras y Rectores de las Universidades Chilenas\",\"description\":\"\",\"publisher\":{\"@id\":\"https:\/\/consejoderectores.cl\/en\/#organization\"},\"potentialAction\":[{\"@type\":\"SearchAction\",\"target\":{\"@type\":\"EntryPoint\",\"urlTemplate\":\"https:\/\/consejoderectores.cl\/en\/?s={search_term_string}\"},\"query-input\":{\"@type\":\"PropertyValueSpecification\",\"valueRequired\":true,\"valueName\":\"search_term_string\"}}],\"inLanguage\":\"en-US\"},{\"@type\":\"Organization\",\"@id\":\"https:\/\/consejoderectores.cl\/en\/#organization\",\"name\":\"Consejo de Rectoras y Rectores de las Universidades Chilenas\",\"url\":\"https:\/\/consejoderectores.cl\/en\/\",\"logo\":{\"@type\":\"ImageObject\",\"inLanguage\":\"en-US\",\"@id\":\"https:\/\/consejoderectores.cl\/en\/#\/schema\/logo\/image\/\",\"url\":\"https:\/\/consejoderectores.cl\/wp-content\/uploads\/2025\/12\/logoheader_2025.png\",\"contentUrl\":\"https:\/\/consejoderectores.cl\/wp-content\/uploads\/2025\/12\/logoheader_2025.png\",\"width\":666,\"height\":305,\"caption\":\"Consejo de Rectoras y Rectores de las Universidades Chilenas\"},\"image\":{\"@id\":\"https:\/\/consejoderectores.cl\/en\/#\/schema\/logo\/image\/\"},\"sameAs\":[\"https:\/\/x.com\/CRUCH_cl\",\"https:\/\/www.instagram.com\/consejoderectores\/\",\"https:\/\/www.linkedin.com\/company\/cruch\/\",\"https:\/\/www.youtube.com\/channel\/UCzgIFRCsDlKoFpimiQmEaOA\"]},{\"@type\":\"Person\",\"@id\":\"https:\/\/consejoderectores.cl\/en\/#\/schema\/person\/d863e44afde067fd4b57fac66ced709e\",\"name\":\"Consejo de Rectores de las Universidades Chilenas\",\"image\":{\"@type\":\"ImageObject\",\"inLanguage\":\"en-US\",\"@id\":\"https:\/\/consejoderectores.cl\/en\/#\/schema\/person\/image\/\",\"url\":\"https:\/\/secure.gravatar.com\/avatar\/c31e2a02401f041926afb8ee21ab666f0925814fe85d25a5c8db80e23722dfc1?s=96&d=mm&r=g\",\"contentUrl\":\"https:\/\/secure.gravatar.com\/avatar\/c31e2a02401f041926afb8ee21ab666f0925814fe85d25a5c8db80e23722dfc1?s=96&d=mm&r=g\",\"caption\":\"Consejo de Rectores de las Universidades Chilenas\"},\"sameAs\":[\"https:\/\/www.consejoderectores.cl\"],\"url\":\"https:\/\/consejoderectores.cl\/en\/author\/cruch\/\"}]}<\/script>\n<!-- \/ Yoast SEO plugin. -->","yoast_head_json":{"title":"Rectores analizan proyectos de ley sobre Educaci\u00f3n Superior - Consejo de Rectoras y Rectores de las Universidades Chilenas","robots":{"index":"index","follow":"follow","max-snippet":"max-snippet:-1","max-image-preview":"max-image-preview:large","max-video-preview":"max-video-preview:-1"},"canonical":"https:\/\/consejoderectores.cl\/en\/2012\/01\/20\/603c6d806fb88\/","og_locale":"en_US","og_type":"article","og_title":"Rectores analizan proyectos de ley sobre Educaci\u00f3n Superior - Consejo de Rectoras y Rectores de las Universidades Chilenas","og_description":"En la reuni\u00f3n particip\u00f3 el soci\u00f3logo y acad\u00e9mico de e la Universidad de Chile, Alberto Mayol, quien realiz\u00f3 un an\u00e1lisis sobre la trascendencia y legado del movimiento estudiantil y el trabajo efectuado por los rectores en el debate educacional. En sesi\u00f3n plenaria mensual, realizada en la Universidad Austral de Chile en Valdivia, los 25 rectores [&hellip;]","og_url":"https:\/\/consejoderectores.cl\/en\/2012\/01\/20\/603c6d806fb88\/","og_site_name":"Consejo de Rectoras y Rectores de las Universidades Chilenas","article_published_time":"2012-01-20T00:00:00+00:00","article_modified_time":"2022-01-26T17:53:24+00:00","og_image":[{"width":1024,"height":500,"url":"https:\/\/consejoderectores.cl\/wp-content\/uploads\/2021\/10\/declaraciones-publicas.jpg","type":"image\/jpeg"}],"author":"Consejo de Rectores de las Universidades Chilenas","twitter_card":"summary_large_image","twitter_creator":"@CRUCH_cl","twitter_site":"@CRUCH_cl","twitter_misc":{"Written by":"Consejo de Rectores de las Universidades Chilenas","Est. reading time":"1 minute"},"schema":{"@context":"https:\/\/schema.org","@graph":[{"@type":"Article","@id":"https:\/\/consejoderectores.cl\/2012\/01\/20\/603c6d806fb88\/#article","isPartOf":{"@id":"https:\/\/consejoderectores.cl\/2012\/01\/20\/603c6d806fb88\/"},"author":{"name":"Consejo de Rectores de las Universidades Chilenas","@id":"https:\/\/consejoderectores.cl\/en\/#\/schema\/person\/d863e44afde067fd4b57fac66ced709e"},"headline":"Rectores analizan proyectos de ley sobre Educaci\u00f3n Superior","datePublished":"2012-01-20T00:00:00+00:00","dateModified":"2022-01-26T17:53:24+00:00","mainEntityOfPage":{"@id":"https:\/\/consejoderectores.cl\/2012\/01\/20\/603c6d806fb88\/"},"wordCount":279,"commentCount":0,"publisher":{"@id":"https:\/\/consejoderectores.cl\/en\/#organization"},"image":{"@id":"https:\/\/consejoderectores.cl\/2012\/01\/20\/603c6d806fb88\/#primaryimage"},"thumbnailUrl":"https:\/\/consejoderectores.cl\/wp-content\/uploads\/2021\/10\/declaraciones-publicas.jpg","articleSection":["Noticias"],"inLanguage":"en-US","potentialAction":[{"@type":"CommentAction","name":"Comment","target":["https:\/\/consejoderectores.cl\/2012\/01\/20\/603c6d806fb88\/#respond"]}]},{"@type":"WebPage","@id":"https:\/\/consejoderectores.cl\/2012\/01\/20\/603c6d806fb88\/","url":"https:\/\/consejoderectores.cl\/2012\/01\/20\/603c6d806fb88\/","name":"Rectores analizan proyectos de ley sobre Educaci\u00f3n Superior - Consejo de Rectoras y Rectores de las Universidades Chilenas","isPartOf":{"@id":"https:\/\/consejoderectores.cl\/en\/#website"},"primaryImageOfPage":{"@id":"https:\/\/consejoderectores.cl\/2012\/01\/20\/603c6d806fb88\/#primaryimage"},"image":{"@id":"https:\/\/consejoderectores.cl\/2012\/01\/20\/603c6d806fb88\/#primaryimage"},"thumbnailUrl":"https:\/\/consejoderectores.cl\/wp-content\/uploads\/2021\/10\/declaraciones-publicas.jpg","datePublished":"2012-01-20T00:00:00+00:00","dateModified":"2022-01-26T17:53:24+00:00","breadcrumb":{"@id":"https:\/\/consejoderectores.cl\/2012\/01\/20\/603c6d806fb88\/#breadcrumb"},"inLanguage":"en-US","potentialAction":[{"@type":"ReadAction","target":["https:\/\/consejoderectores.cl\/2012\/01\/20\/603c6d806fb88\/"]}]},{"@type":"ImageObject","inLanguage":"en-US","@id":"https:\/\/consejoderectores.cl\/2012\/01\/20\/603c6d806fb88\/#primaryimage","url":"https:\/\/consejoderectores.cl\/wp-content\/uploads\/2021\/10\/declaraciones-publicas.jpg","contentUrl":"https:\/\/consejoderectores.cl\/wp-content\/uploads\/2021\/10\/declaraciones-publicas.jpg","width":1024,"height":500},{"@type":"BreadcrumbList","@id":"https:\/\/consejoderectores.cl\/2012\/01\/20\/603c6d806fb88\/#breadcrumb","itemListElement":[{"@type":"ListItem","position":1,"name":"Home","item":"https:\/\/consejoderectores.cl\/"},{"@type":"ListItem","position":2,"name":"Rectores analizan proyectos de ley sobre Educaci\u00f3n Superior"}]},{"@type":"WebSite","@id":"https:\/\/consejoderectores.cl\/en\/#website","url":"https:\/\/consejoderectores.cl\/en\/","name":"Council of Rectors of Chilean Universities","description":"","publisher":{"@id":"https:\/\/consejoderectores.cl\/en\/#organization"},"potentialAction":[{"@type":"SearchAction","target":{"@type":"EntryPoint","urlTemplate":"https:\/\/consejoderectores.cl\/en\/?s={search_term_string}"},"query-input":{"@type":"PropertyValueSpecification","valueRequired":true,"valueName":"search_term_string"}}],"inLanguage":"en-US"},{"@type":"Organization","@id":"https:\/\/consejoderectores.cl\/en\/#organization","name":"Council of Rectors of Chilean Universities","url":"https:\/\/consejoderectores.cl\/en\/","logo":{"@type":"ImageObject","inLanguage":"en-US","@id":"https:\/\/consejoderectores.cl\/en\/#\/schema\/logo\/image\/","url":"https:\/\/consejoderectores.cl\/wp-content\/uploads\/2025\/12\/logoheader_2025.png","contentUrl":"https:\/\/consejoderectores.cl\/wp-content\/uploads\/2025\/12\/logoheader_2025.png","width":666,"height":305,"caption":"Consejo de Rectoras y Rectores de las Universidades Chilenas"},"image":{"@id":"https:\/\/consejoderectores.cl\/en\/#\/schema\/logo\/image\/"},"sameAs":["https:\/\/x.com\/CRUCH_cl","https:\/\/www.instagram.com\/consejoderectores\/","https:\/\/www.linkedin.com\/company\/cruch\/","https:\/\/www.youtube.com\/channel\/UCzgIFRCsDlKoFpimiQmEaOA"]},{"@type":"Person","@id":"https:\/\/consejoderectores.cl\/en\/#\/schema\/person\/d863e44afde067fd4b57fac66ced709e","name":"Council of Rectors of Chilean Universities","image":{"@type":"ImageObject","inLanguage":"en-US","@id":"https:\/\/consejoderectores.cl\/en\/#\/schema\/person\/image\/","url":"https:\/\/secure.gravatar.com\/avatar\/c31e2a02401f041926afb8ee21ab666f0925814fe85d25a5c8db80e23722dfc1?s=96&d=mm&r=g","contentUrl":"https:\/\/secure.gravatar.com\/avatar\/c31e2a02401f041926afb8ee21ab666f0925814fe85d25a5c8db80e23722dfc1?s=96&d=mm&r=g","caption":"Consejo de Rectores de las Universidades Chilenas"},"sameAs":["https:\/\/www.consejoderectores.cl"],"url":"https:\/\/consejoderectores.cl\/en\/author\/cruch\/"}]}},"_links":{"self":[{"href":"https:\/\/consejoderectores.cl\/en\/wp-json\/wp\/v2\/posts\/1147","targetHints":{"allow":["GET"]}}],"collection":[{"href":"https:\/\/consejoderectores.cl\/en\/wp-json\/wp\/v2\/posts"}],"about":[{"href":"https:\/\/consejoderectores.cl\/en\/wp-json\/wp\/v2\/types\/post"}],"author":[{"embeddable":true,"href":"https:\/\/consejoderectores.cl\/en\/wp-json\/wp\/v2\/users\/1"}],"replies":[{"embeddable":true,"href":"https:\/\/consejoderectores.cl\/en\/wp-json\/wp\/v2\/comments?post=1147"}],"version-history":[{"count":2,"href":"https:\/\/consejoderectores.cl\/en\/wp-json\/wp\/v2\/posts\/1147\/revisions"}],"predecessor-version":[{"id":5967,"href":"https:\/\/consejoderectores.cl\/en\/wp-json\/wp\/v2\/posts\/1147\/revisions\/5967"}],"wp:featuredmedia":[{"embeddable":true,"href":"https:\/\/consejoderectores.cl\/en\/wp-json\/wp\/v2\/media\/3592"}],"wp:attachment":[{"href":"https:\/\/consejoderectores.cl\/en\/wp-json\/wp\/v2\/media?parent=1147"}],"wp:term":[{"taxonomy":"category","embeddable":true,"href":"https:\/\/consejoderectores.cl\/en\/wp-json\/wp\/v2\/categories?post=1147"},{"taxonomy":"post_tag","embeddable":true,"href":"https:\/\/consejoderectores.cl\/en\/wp-json\/wp\/v2\/tags?post=1147"}],"curies":[{"name":"wp","href":"https:\/\/api.w.org\/{rel}","templated":true}]}}