{"id":11468,"date":"2024-08-13T12:31:31","date_gmt":"2024-08-13T12:31:31","guid":{"rendered":"https:\/\/consejoderectores.cl\/?p=11468"},"modified":"2024-08-14T02:12:28","modified_gmt":"2024-08-14T02:12:28","slug":"institucionalidad-cruch","status":"publish","type":"post","link":"https:\/\/consejoderectores.cl\/en\/2024\/08\/13\/institucionalidad-cruch\/","title":{"rendered":"CRUCH Institutional Framework"},"content":{"rendered":"<h4><strong>Check HERE for news related to CRUCH Institutionality in the last decade:<\/strong><\/h4>\n<p>&nbsp;<\/p>\n<ul>\n<li><a href=\"https:\/\/consejoderectores.cl\/en\/2024\/06\/18\/convocatoria-cruch-para-inedito-reconocimiento-a-la-contribucion-en-educacion-superior\/\">CRUCH Call for Applications for Unprecedented Recognition of Contributions to Higher Education<\/a><br \/>\n18\/06\/2024<\/li>\n<\/ul>\n<ul>\n<li><a href=\"https:\/\/consejoderectores.cl\/en\/2023\/09\/07\/cruch-presenta-lineamientos-y-compromisos-para-la-proxima-decada-orientados-al-desarrollo-de-la-educacion-superior-y-del-pais\/\">CRUCH presents guidelines and commitments for the next decade aimed at the development of Higher Education and the country<\/a><br \/>\n07\/09\/2023<\/li>\n<\/ul>\n<ul>\n<li><a href=\"https:\/\/consejoderectores.cl\/en\/2023\/12\/07\/comision-de-vinculacion-con-el-medio-cruch-proyecto-lineas-de-trabajo-para-el-periodo-2024-2025-y-eligio-nueva-directiva\/\">The CRUCH Community Engagement Commission outlined its work plans for the 2024-2025 period and elected a new board.<\/a><br \/>\n07\/12\/2023<\/li>\n<\/ul>\n<ul>\n<li><a href=\"https:\/\/consejoderectores.cl\/en\/2023\/07\/28\/comision-de-vinculacion-con-el-medio-del-cruch-levanto-principales-avances-y-desafios-del-area\/\">The CRUCH Community Engagement Commission highlighted the main advances and challenges in the area<\/a><br \/>\n28\/07\/2023<\/li>\n<\/ul>\n<ul>\n<li><a href=\"https:\/\/consejoderectores.cl\/en\/2023\/05\/23\/nueva-comision-de-vinculacion-con-el-medio-trabajara-para-reafirmar-el-compromiso-con-el-servicio-publico-de-las-universidades-cruch\/\">The new Community Engagement Commission will work to reaffirm the commitment to public service of the CRUCH universities.<\/a><br \/>\n23\/05\/2023<\/li>\n<\/ul>\n<ul>\n<li><a href=\"https:\/\/consejoderectores.cl\/en\/2023\/04\/28\/pleno-de-rectoras-y-rectores-aprobo-en-general-lineamientos-de-desarrollo-estrategico-2023-2030-del-cruch-en-sesion-ordinaria-n642\/\">Plenary of rectors approved in general CRUCH strategic development guidelines 2023-2030 in ordinary session No. 642<\/a><br \/>\n28\/04\/2023<\/li>\n<\/ul>\n<ul>\n<li><a href=\"https:\/\/consejoderectores.cl\/en\/2023\/01\/12\/cruch-aprueba-de-forma-unanime-cambio-de-nombre-a-consejo-de-rectoras-y-rectores\/\">CRUCH unanimously approves name change to Council of Rectors<\/a><br \/>\n12\/01\/2023<\/li>\n<\/ul>\n<ul>\n<li><a href=\"https:\/\/consejoderectores.cl\/en\/2022\/08\/31\/desde-ministerios-y-universidades-reconocen-aportes-de-consejo-de-rectores-y-rectoras-en-su-mes-de-aniversario\/\">Ministries and universities acknowledge the contributions of the Council of Rectors and Rectresses during its anniversary month<\/a><br \/>\n31\/08\/2022<\/li>\n<\/ul>\n<ul>\n<li><a href=\"https:\/\/consejoderectores.cl\/en\/2022\/08\/24\/rector-emilio-rodriguez-el-fortalecimiento-de-un-sistema-educativo-de-alta-calidad-y-equidad-es-una-obligacion-moral-y-el-cruch-puede-contribuir-decisivamente-al-debate\/\">Rector Emilio Rodr\u00edguez: \u201cStrengthening a high-quality and equitable education system is a moral obligation, and CRUCH can make a decisive contribution to the debate.\u201d<\/a><br \/>\n24\/08\/2022<\/li>\n<\/ul>\n<ul>\n<li><a href=\"https:\/\/consejoderectores.cl\/en\/2022\/08\/22\/68-anos-del-cruch-algunos-desafios-estrategicos\/\">68 years of CRUCH: Some strategic challenges<\/a><br \/>\n22\/08\/2022<\/li>\n<\/ul>\n<ul>\n<li><a href=\"https:\/\/consejoderectores.cl\/en\/2022\/08\/02\/juan-manuel-zolezzi-el-cruch-debe-seguir-ejerciendo-con-conviccion-su-rol-de-organo-asesor-en-la-elaboracion-de-politicas-publicas\/\">Juan Manuel Zolezzi: \u201cCRUCH must continue to exercise its role as an advisory body in the development of public policies with conviction.\u201d<\/a><br \/>\n02\/08\/2022<\/li>\n<\/ul>\n<ul>\n<li><a href=\"https:\/\/consejoderectores.cl\/en\/2022\/07\/28\/cruch-elige-a-rector-emilio-rodriguez-como-vicepresidente-ejecutivo-para-el-periodo-2022-2024\/\">CRUCH elects Rector Emilio Rodr\u00edguez as Executive Vice President for the 2022-2024 term<\/a><br \/>\n28\/07\/2022<\/li>\n<\/ul>\n<ul>\n<li><a href=\"https:\/\/consejoderectores.cl\/en\/2022\/06\/13\/maria-angelica-bosch-asume-como-secretaria-general-del-consejo-de-rectores\/\">Mar\u00eda Ang\u00e9lica Bosch assumes the role of general secretary of the Council of Rectors<\/a><br \/>\n13\/06\/2022<\/li>\n<\/ul>\n<ul>\n<li><a href=\"https:\/\/consejoderectores.cl\/en\/2022\/03\/31\/reconocimiento-de-rol-publico-del-cruch-marca-primer-encuentro-de-autoridades-del-ministerio-de-educacion-con-el-pleno-de-rectores-y-rectoras\/\">Recognition of CRUCH&#039;s public role marks first meeting between Ministry of Education authorities and the full assembly of university presidents<\/a><br \/>\n31\/03\/2022<\/li>\n<\/ul>\n<ul>\n<li><a href=\"https:\/\/consejoderectores.cl\/en\/2021\/07\/29\/rectoras-de-la-utem-y-la-umce-se-incorporan-al-consejo-de-rectores\/\">Rectors of the UTEM and the UMCE join the Council of Rectors<\/a><br \/>\n29\/07\/2021<\/li>\n<\/ul>\n<ul>\n<li><a href=\"https:\/\/consejoderectores.cl\/en\/2021\/06\/24\/consejo-de-rectores-da-la-bienvenida-a-las-nuevas-autoridades-de-la-u-catolica-de-la-santisima-concepcion-y-la-u-austral-de-chile\/\">Council of Rectors welcomes the new authorities of the U. Cat\u00f3lica de la Sant\u00edsima Concepci\u00f3n and the U. Austral de Chile<\/a><br \/>\n24\/06\/2021<\/li>\n<\/ul>\n<ul>\n<li><a href=\"https:\/\/consejoderectores.cl\/en\/2020\/04\/30\/6089358680f00\/\">USACH Rector Juan Manuel Zolezzi was elected as the new Executive Vice President of the Council of Rectors<\/a><br \/>\n30\/04\/2020<\/li>\n<\/ul>\n<ul>\n<li><a href=\"https:\/\/consejoderectores.cl\/en\/2019\/12\/17\/comite-ejecutivo-del-cruch-da-la-bienvenida-al-rector-de-la-universidad-de-los-andes\/\">Executive Committee of CRUCH welcomes the rector of the Universidad de Los Andes<\/a><br \/>\n17\/12\/2019<\/li>\n<\/ul>\n<ul>\n<li><a href=\"https:\/\/consejoderectores.cl\/en\/2019\/08\/21\/6152daa191590\/\">Executive Vice President of CRUCH: &quot;We must contribute to enrich the imagination we need for the development of the country&quot;<\/a><br \/>\n21\/08\/2019<\/li>\n<\/ul>\n<ul>\n<li><a href=\"https:\/\/consejoderectores.cl\/en\/2019\/08\/14\/6152daa191511\/\">Rector Aldo Valle for the 65 years of CRUCH: &quot;The most substantive and significant role played by the Council of Rectors is to be an independent interlocutor in public policies of higher education, with respect to the Government and other types of corporations&quot;<\/a><br \/>\n14\/08\/2019<\/li>\n<\/ul>\n<ul>\n<li><a href=\"https:\/\/consejoderectores.cl\/en\/2019\/03\/21\/6152daa190c95\/\">CRUCH authorities receive the rectors of the Diego Portales and Alberto Hurtado universities who join the Council<\/a><br \/>\n21\/03\/2019<\/li>\n<\/ul>","protected":false},"excerpt":{"rendered":"<p>Revisa AQU\u00cd las noticias relacionadas a Institucionalidad CRUCH en la \u00faltima d\u00e9cada: &nbsp; Convocatoria CRUCH para in\u00e9dito reconocimiento a la contribuci\u00f3n en Educaci\u00f3n Superior 18\/06\/2024 CRUCH presenta lineamientos y compromisos para la pr\u00f3xima d\u00e9cada orientados al desarrollo de la Educaci\u00f3n Superior y del pa\u00eds 07\/09\/2023 Comisi\u00f3n de Vinculaci\u00f3n con el Medio CRUCH proyect\u00f3 l\u00edneas de [&hellip;]<\/p>\n","protected":false},"author":1,"featured_media":11560,"comment_status":"open","ping_status":"open","sticky":false,"template":"","format":"standard","meta":{"_acf_changed":false,"footnotes":""},"categories":[3],"tags":[],"class_list":["post-11468","post","type-post","status-publish","format-standard","has-post-thumbnail","hentry","category-noticias"],"acf":[],"yoast_head":"<!-- This site is optimized with the Yoast SEO plugin v27.1.1 - https:\/\/yoast.com\/product\/yoast-seo-wordpress\/ -->\n<title>Institucionalidad CRUCH - Consejo de Rectoras y Rectores de las Universidades Chilenas<\/title>\n<meta name=\"robots\" content=\"index, follow, max-snippet:-1, max-image-preview:large, max-video-preview:-1\" \/>\n<link rel=\"canonical\" href=\"http:\/\/consejoderectores.cl\/en\/2024\/08\/13\/institucionalidad-cruch\/\" \/>\n<meta property=\"og:locale\" content=\"en_US\" \/>\n<meta property=\"og:type\" content=\"article\" \/>\n<meta property=\"og:title\" content=\"Institucionalidad CRUCH - Consejo de Rectoras y Rectores de las Universidades Chilenas\" \/>\n<meta property=\"og:description\" content=\"Revisa AQU\u00cd las noticias relacionadas a Institucionalidad CRUCH en la \u00faltima d\u00e9cada: &nbsp; Convocatoria CRUCH para in\u00e9dito reconocimiento a la contribuci\u00f3n en Educaci\u00f3n Superior 18\/06\/2024 CRUCH presenta lineamientos y compromisos para la pr\u00f3xima d\u00e9cada orientados al desarrollo de la Educaci\u00f3n Superior y del pa\u00eds 07\/09\/2023 Comisi\u00f3n de Vinculaci\u00f3n con el Medio CRUCH proyect\u00f3 l\u00edneas de [&hellip;]\" \/>\n<meta property=\"og:url\" content=\"http:\/\/consejoderectores.cl\/en\/2024\/08\/13\/institucionalidad-cruch\/\" \/>\n<meta property=\"og:site_name\" content=\"Consejo de Rectoras y Rectores de las Universidades Chilenas\" \/>\n<meta property=\"article:published_time\" content=\"2024-08-13T12:31:31+00:00\" \/>\n<meta property=\"article:modified_time\" content=\"2024-08-14T02:12:28+00:00\" \/>\n<meta property=\"og:image\" content=\"https:\/\/consejoderectores.cl\/wp-content\/uploads\/2024\/08\/Fotos-Landing-2150-x-1080-px-1.png\" \/>\n\t<meta property=\"og:image:width\" content=\"2150\" \/>\n\t<meta property=\"og:image:height\" content=\"1080\" \/>\n\t<meta property=\"og:image:type\" content=\"image\/png\" \/>\n<meta name=\"author\" content=\"Consejo de Rectores de las Universidades Chilenas\" \/>\n<meta name=\"twitter:card\" content=\"summary_large_image\" \/>\n<meta name=\"twitter:creator\" content=\"@CRUCH_cl\" \/>\n<meta name=\"twitter:site\" content=\"@CRUCH_cl\" \/>\n<meta name=\"twitter:label1\" content=\"Written by\" \/>\n\t<meta name=\"twitter:data1\" content=\"Consejo de Rectores de las Universidades Chilenas\" \/>\n\t<meta name=\"twitter:label2\" content=\"Est. reading time\" \/>\n\t<meta name=\"twitter:data2\" content=\"3 minutes\" \/>\n<script type=\"application\/ld+json\" class=\"yoast-schema-graph\">{\"@context\":\"https:\/\/schema.org\",\"@graph\":[{\"@type\":\"Article\",\"@id\":\"http:\/\/consejoderectores.cl\/en\/2024\/08\/13\/institucionalidad-cruch\/#article\",\"isPartOf\":{\"@id\":\"http:\/\/consejoderectores.cl\/en\/2024\/08\/13\/institucionalidad-cruch\/\"},\"author\":{\"name\":\"Consejo de Rectores de las Universidades Chilenas\",\"@id\":\"https:\/\/consejoderectores.cl\/en\/#\/schema\/person\/d863e44afde067fd4b57fac66ced709e\"},\"headline\":\"Institucionalidad CRUCH\",\"datePublished\":\"2024-08-13T12:31:31+00:00\",\"dateModified\":\"2024-08-14T02:12:28+00:00\",\"mainEntityOfPage\":{\"@id\":\"http:\/\/consejoderectores.cl\/en\/2024\/08\/13\/institucionalidad-cruch\/\"},\"wordCount\":438,\"commentCount\":0,\"publisher\":{\"@id\":\"https:\/\/consejoderectores.cl\/en\/#organization\"},\"image\":{\"@id\":\"http:\/\/consejoderectores.cl\/en\/2024\/08\/13\/institucionalidad-cruch\/#primaryimage\"},\"thumbnailUrl\":\"https:\/\/consejoderectores.cl\/wp-content\/uploads\/2024\/08\/Fotos-Landing-2150-x-1080-px-1.png\",\"articleSection\":[\"Noticias\"],\"inLanguage\":\"en-US\",\"potentialAction\":[{\"@type\":\"CommentAction\",\"name\":\"Comment\",\"target\":[\"http:\/\/consejoderectores.cl\/en\/2024\/08\/13\/institucionalidad-cruch\/#respond\"]}]},{\"@type\":\"WebPage\",\"@id\":\"http:\/\/consejoderectores.cl\/en\/2024\/08\/13\/institucionalidad-cruch\/\",\"url\":\"http:\/\/consejoderectores.cl\/en\/2024\/08\/13\/institucionalidad-cruch\/\",\"name\":\"Institucionalidad CRUCH - Consejo de Rectoras y Rectores de las Universidades Chilenas\",\"isPartOf\":{\"@id\":\"https:\/\/consejoderectores.cl\/en\/#website\"},\"primaryImageOfPage\":{\"@id\":\"http:\/\/consejoderectores.cl\/en\/2024\/08\/13\/institucionalidad-cruch\/#primaryimage\"},\"image\":{\"@id\":\"http:\/\/consejoderectores.cl\/en\/2024\/08\/13\/institucionalidad-cruch\/#primaryimage\"},\"thumbnailUrl\":\"https:\/\/consejoderectores.cl\/wp-content\/uploads\/2024\/08\/Fotos-Landing-2150-x-1080-px-1.png\",\"datePublished\":\"2024-08-13T12:31:31+00:00\",\"dateModified\":\"2024-08-14T02:12:28+00:00\",\"breadcrumb\":{\"@id\":\"http:\/\/consejoderectores.cl\/en\/2024\/08\/13\/institucionalidad-cruch\/#breadcrumb\"},\"inLanguage\":\"en-US\",\"potentialAction\":[{\"@type\":\"ReadAction\",\"target\":[\"http:\/\/consejoderectores.cl\/en\/2024\/08\/13\/institucionalidad-cruch\/\"]}]},{\"@type\":\"ImageObject\",\"inLanguage\":\"en-US\",\"@id\":\"http:\/\/consejoderectores.cl\/en\/2024\/08\/13\/institucionalidad-cruch\/#primaryimage\",\"url\":\"https:\/\/consejoderectores.cl\/wp-content\/uploads\/2024\/08\/Fotos-Landing-2150-x-1080-px-1.png\",\"contentUrl\":\"https:\/\/consejoderectores.cl\/wp-content\/uploads\/2024\/08\/Fotos-Landing-2150-x-1080-px-1.png\",\"width\":2150,\"height\":1080},{\"@type\":\"BreadcrumbList\",\"@id\":\"http:\/\/consejoderectores.cl\/en\/2024\/08\/13\/institucionalidad-cruch\/#breadcrumb\",\"itemListElement\":[{\"@type\":\"ListItem\",\"position\":1,\"name\":\"Home\",\"item\":\"https:\/\/consejoderectores.cl\/\"},{\"@type\":\"ListItem\",\"position\":2,\"name\":\"Institucionalidad CRUCH\"}]},{\"@type\":\"WebSite\",\"@id\":\"https:\/\/consejoderectores.cl\/en\/#website\",\"url\":\"https:\/\/consejoderectores.cl\/en\/\",\"name\":\"Consejo de Rectoras y Rectores de las Universidades Chilenas\",\"description\":\"\",\"publisher\":{\"@id\":\"https:\/\/consejoderectores.cl\/en\/#organization\"},\"potentialAction\":[{\"@type\":\"SearchAction\",\"target\":{\"@type\":\"EntryPoint\",\"urlTemplate\":\"https:\/\/consejoderectores.cl\/en\/?s={search_term_string}\"},\"query-input\":{\"@type\":\"PropertyValueSpecification\",\"valueRequired\":true,\"valueName\":\"search_term_string\"}}],\"inLanguage\":\"en-US\"},{\"@type\":\"Organization\",\"@id\":\"https:\/\/consejoderectores.cl\/en\/#organization\",\"name\":\"Consejo de Rectoras y Rectores de las Universidades Chilenas\",\"url\":\"https:\/\/consejoderectores.cl\/en\/\",\"logo\":{\"@type\":\"ImageObject\",\"inLanguage\":\"en-US\",\"@id\":\"https:\/\/consejoderectores.cl\/en\/#\/schema\/logo\/image\/\",\"url\":\"https:\/\/consejoderectores.cl\/wp-content\/uploads\/2025\/12\/logoheader_2025.png\",\"contentUrl\":\"https:\/\/consejoderectores.cl\/wp-content\/uploads\/2025\/12\/logoheader_2025.png\",\"width\":666,\"height\":305,\"caption\":\"Consejo de Rectoras y Rectores de las Universidades Chilenas\"},\"image\":{\"@id\":\"https:\/\/consejoderectores.cl\/en\/#\/schema\/logo\/image\/\"},\"sameAs\":[\"https:\/\/x.com\/CRUCH_cl\",\"https:\/\/www.instagram.com\/consejoderectores\/\",\"https:\/\/www.linkedin.com\/company\/cruch\/\",\"https:\/\/www.youtube.com\/channel\/UCzgIFRCsDlKoFpimiQmEaOA\"]},{\"@type\":\"Person\",\"@id\":\"https:\/\/consejoderectores.cl\/en\/#\/schema\/person\/d863e44afde067fd4b57fac66ced709e\",\"name\":\"Consejo de Rectores de las Universidades Chilenas\",\"image\":{\"@type\":\"ImageObject\",\"inLanguage\":\"en-US\",\"@id\":\"https:\/\/consejoderectores.cl\/en\/#\/schema\/person\/image\/\",\"url\":\"https:\/\/secure.gravatar.com\/avatar\/c31e2a02401f041926afb8ee21ab666f0925814fe85d25a5c8db80e23722dfc1?s=96&d=mm&r=g\",\"contentUrl\":\"https:\/\/secure.gravatar.com\/avatar\/c31e2a02401f041926afb8ee21ab666f0925814fe85d25a5c8db80e23722dfc1?s=96&d=mm&r=g\",\"caption\":\"Consejo de Rectores de las Universidades Chilenas\"},\"sameAs\":[\"https:\/\/www.consejoderectores.cl\"],\"url\":\"https:\/\/consejoderectores.cl\/en\/author\/cruch\/\"}]}<\/script>\n<!-- \/ Yoast SEO plugin. -->","yoast_head_json":{"title":"Institucionalidad CRUCH - Consejo de Rectoras y Rectores de las Universidades Chilenas","robots":{"index":"index","follow":"follow","max-snippet":"max-snippet:-1","max-image-preview":"max-image-preview:large","max-video-preview":"max-video-preview:-1"},"canonical":"http:\/\/consejoderectores.cl\/en\/2024\/08\/13\/institucionalidad-cruch\/","og_locale":"en_US","og_type":"article","og_title":"Institucionalidad CRUCH - Consejo de Rectoras y Rectores de las Universidades Chilenas","og_description":"Revisa AQU\u00cd las noticias relacionadas a Institucionalidad CRUCH en la \u00faltima d\u00e9cada: &nbsp; Convocatoria CRUCH para in\u00e9dito reconocimiento a la contribuci\u00f3n en Educaci\u00f3n Superior 18\/06\/2024 CRUCH presenta lineamientos y compromisos para la pr\u00f3xima d\u00e9cada orientados al desarrollo de la Educaci\u00f3n Superior y del pa\u00eds 07\/09\/2023 Comisi\u00f3n de Vinculaci\u00f3n con el Medio CRUCH proyect\u00f3 l\u00edneas de [&hellip;]","og_url":"http:\/\/consejoderectores.cl\/en\/2024\/08\/13\/institucionalidad-cruch\/","og_site_name":"Consejo de Rectoras y Rectores de las Universidades Chilenas","article_published_time":"2024-08-13T12:31:31+00:00","article_modified_time":"2024-08-14T02:12:28+00:00","og_image":[{"width":2150,"height":1080,"url":"https:\/\/consejoderectores.cl\/wp-content\/uploads\/2024\/08\/Fotos-Landing-2150-x-1080-px-1.png","type":"image\/png"}],"author":"Consejo de Rectores de las Universidades Chilenas","twitter_card":"summary_large_image","twitter_creator":"@CRUCH_cl","twitter_site":"@CRUCH_cl","twitter_misc":{"Written by":"Consejo de Rectores de las Universidades Chilenas","Est. reading time":"3 minutes"},"schema":{"@context":"https:\/\/schema.org","@graph":[{"@type":"Article","@id":"http:\/\/consejoderectores.cl\/en\/2024\/08\/13\/institucionalidad-cruch\/#article","isPartOf":{"@id":"http:\/\/consejoderectores.cl\/en\/2024\/08\/13\/institucionalidad-cruch\/"},"author":{"name":"Consejo de Rectores de las Universidades Chilenas","@id":"https:\/\/consejoderectores.cl\/en\/#\/schema\/person\/d863e44afde067fd4b57fac66ced709e"},"headline":"Institucionalidad CRUCH","datePublished":"2024-08-13T12:31:31+00:00","dateModified":"2024-08-14T02:12:28+00:00","mainEntityOfPage":{"@id":"http:\/\/consejoderectores.cl\/en\/2024\/08\/13\/institucionalidad-cruch\/"},"wordCount":438,"commentCount":0,"publisher":{"@id":"https:\/\/consejoderectores.cl\/en\/#organization"},"image":{"@id":"http:\/\/consejoderectores.cl\/en\/2024\/08\/13\/institucionalidad-cruch\/#primaryimage"},"thumbnailUrl":"https:\/\/consejoderectores.cl\/wp-content\/uploads\/2024\/08\/Fotos-Landing-2150-x-1080-px-1.png","articleSection":["Noticias"],"inLanguage":"en-US","potentialAction":[{"@type":"CommentAction","name":"Comment","target":["http:\/\/consejoderectores.cl\/en\/2024\/08\/13\/institucionalidad-cruch\/#respond"]}]},{"@type":"WebPage","@id":"http:\/\/consejoderectores.cl\/en\/2024\/08\/13\/institucionalidad-cruch\/","url":"http:\/\/consejoderectores.cl\/en\/2024\/08\/13\/institucionalidad-cruch\/","name":"Institucionalidad CRUCH - Consejo de Rectoras y Rectores de las Universidades Chilenas","isPartOf":{"@id":"https:\/\/consejoderectores.cl\/en\/#website"},"primaryImageOfPage":{"@id":"http:\/\/consejoderectores.cl\/en\/2024\/08\/13\/institucionalidad-cruch\/#primaryimage"},"image":{"@id":"http:\/\/consejoderectores.cl\/en\/2024\/08\/13\/institucionalidad-cruch\/#primaryimage"},"thumbnailUrl":"https:\/\/consejoderectores.cl\/wp-content\/uploads\/2024\/08\/Fotos-Landing-2150-x-1080-px-1.png","datePublished":"2024-08-13T12:31:31+00:00","dateModified":"2024-08-14T02:12:28+00:00","breadcrumb":{"@id":"http:\/\/consejoderectores.cl\/en\/2024\/08\/13\/institucionalidad-cruch\/#breadcrumb"},"inLanguage":"en-US","potentialAction":[{"@type":"ReadAction","target":["http:\/\/consejoderectores.cl\/en\/2024\/08\/13\/institucionalidad-cruch\/"]}]},{"@type":"ImageObject","inLanguage":"en-US","@id":"http:\/\/consejoderectores.cl\/en\/2024\/08\/13\/institucionalidad-cruch\/#primaryimage","url":"https:\/\/consejoderectores.cl\/wp-content\/uploads\/2024\/08\/Fotos-Landing-2150-x-1080-px-1.png","contentUrl":"https:\/\/consejoderectores.cl\/wp-content\/uploads\/2024\/08\/Fotos-Landing-2150-x-1080-px-1.png","width":2150,"height":1080},{"@type":"BreadcrumbList","@id":"http:\/\/consejoderectores.cl\/en\/2024\/08\/13\/institucionalidad-cruch\/#breadcrumb","itemListElement":[{"@type":"ListItem","position":1,"name":"Home","item":"https:\/\/consejoderectores.cl\/"},{"@type":"ListItem","position":2,"name":"Institucionalidad CRUCH"}]},{"@type":"WebSite","@id":"https:\/\/consejoderectores.cl\/en\/#website","url":"https:\/\/consejoderectores.cl\/en\/","name":"Council of Rectors of Chilean Universities","description":"","publisher":{"@id":"https:\/\/consejoderectores.cl\/en\/#organization"},"potentialAction":[{"@type":"SearchAction","target":{"@type":"EntryPoint","urlTemplate":"https:\/\/consejoderectores.cl\/en\/?s={search_term_string}"},"query-input":{"@type":"PropertyValueSpecification","valueRequired":true,"valueName":"search_term_string"}}],"inLanguage":"en-US"},{"@type":"Organization","@id":"https:\/\/consejoderectores.cl\/en\/#organization","name":"Council of Rectors of Chilean Universities","url":"https:\/\/consejoderectores.cl\/en\/","logo":{"@type":"ImageObject","inLanguage":"en-US","@id":"https:\/\/consejoderectores.cl\/en\/#\/schema\/logo\/image\/","url":"https:\/\/consejoderectores.cl\/wp-content\/uploads\/2025\/12\/logoheader_2025.png","contentUrl":"https:\/\/consejoderectores.cl\/wp-content\/uploads\/2025\/12\/logoheader_2025.png","width":666,"height":305,"caption":"Consejo de Rectoras y Rectores de las Universidades Chilenas"},"image":{"@id":"https:\/\/consejoderectores.cl\/en\/#\/schema\/logo\/image\/"},"sameAs":["https:\/\/x.com\/CRUCH_cl","https:\/\/www.instagram.com\/consejoderectores\/","https:\/\/www.linkedin.com\/company\/cruch\/","https:\/\/www.youtube.com\/channel\/UCzgIFRCsDlKoFpimiQmEaOA"]},{"@type":"Person","@id":"https:\/\/consejoderectores.cl\/en\/#\/schema\/person\/d863e44afde067fd4b57fac66ced709e","name":"Council of Rectors of Chilean Universities","image":{"@type":"ImageObject","inLanguage":"en-US","@id":"https:\/\/consejoderectores.cl\/en\/#\/schema\/person\/image\/","url":"https:\/\/secure.gravatar.com\/avatar\/c31e2a02401f041926afb8ee21ab666f0925814fe85d25a5c8db80e23722dfc1?s=96&d=mm&r=g","contentUrl":"https:\/\/secure.gravatar.com\/avatar\/c31e2a02401f041926afb8ee21ab666f0925814fe85d25a5c8db80e23722dfc1?s=96&d=mm&r=g","caption":"Consejo de Rectores de las Universidades Chilenas"},"sameAs":["https:\/\/www.consejoderectores.cl"],"url":"https:\/\/consejoderectores.cl\/en\/author\/cruch\/"}]}},"_links":{"self":[{"href":"https:\/\/consejoderectores.cl\/en\/wp-json\/wp\/v2\/posts\/11468","targetHints":{"allow":["GET"]}}],"collection":[{"href":"https:\/\/consejoderectores.cl\/en\/wp-json\/wp\/v2\/posts"}],"about":[{"href":"https:\/\/consejoderectores.cl\/en\/wp-json\/wp\/v2\/types\/post"}],"author":[{"embeddable":true,"href":"https:\/\/consejoderectores.cl\/en\/wp-json\/wp\/v2\/users\/1"}],"replies":[{"embeddable":true,"href":"https:\/\/consejoderectores.cl\/en\/wp-json\/wp\/v2\/comments?post=11468"}],"version-history":[{"count":4,"href":"https:\/\/consejoderectores.cl\/en\/wp-json\/wp\/v2\/posts\/11468\/revisions"}],"predecessor-version":[{"id":11557,"href":"https:\/\/consejoderectores.cl\/en\/wp-json\/wp\/v2\/posts\/11468\/revisions\/11557"}],"wp:featuredmedia":[{"embeddable":true,"href":"https:\/\/consejoderectores.cl\/en\/wp-json\/wp\/v2\/media\/11560"}],"wp:attachment":[{"href":"https:\/\/consejoderectores.cl\/en\/wp-json\/wp\/v2\/media?parent=11468"}],"wp:term":[{"taxonomy":"category","embeddable":true,"href":"https:\/\/consejoderectores.cl\/en\/wp-json\/wp\/v2\/categories?post=11468"},{"taxonomy":"post_tag","embeddable":true,"href":"https:\/\/consejoderectores.cl\/en\/wp-json\/wp\/v2\/tags?post=11468"}],"curies":[{"name":"wp","href":"https:\/\/api.w.org\/{rel}","templated":true}]}}