{"id":11466,"date":"2024-08-13T12:30:08","date_gmt":"2024-08-13T12:30:08","guid":{"rendered":"https:\/\/consejoderectores.cl\/?p=11466"},"modified":"2024-08-14T02:45:19","modified_gmt":"2024-08-14T02:45:19","slug":"igualdad-de-genero","status":"publish","type":"post","link":"https:\/\/consejoderectores.cl\/en\/2024\/08\/13\/igualdad-de-genero\/","title":{"rendered":"Gender Equality"},"content":{"rendered":"<h4><strong>Check HERE for news related to Gender Equality and CRUCH:<\/strong><\/h4>\n<p>&nbsp;<\/p>\n<ul>\n<li><a href=\"https:\/\/consejoderectores.cl\/en\/2024\/05\/17\/comision-de-igualdad-de-genero-cruch-prepara-seminario-de-transversalizacion-de-genero-en-los-procesos-formativos-de-las-universidades\/\">The CRUCH Gender Equality Commission is preparing a seminar on mainstreaming gender in university training processes.<\/a><br \/>\n17\/05\/2024<\/li>\n<\/ul>\n<ul>\n<li><a href=\"https:\/\/consejoderectores.cl\/en\/2024\/04\/04\/nueva-publicacion-de-la-comision-de-igualdad-de-genero-recomendaciones-para-el-cuidado-de-equipos-y-reflexionar-acerca-de-su-aplicacion\/\">New publication from the Gender Equality Commission: \u201cRecommendations for the care of equipment and reflecting on its application\u201d<\/a><br \/>\n04\/04\/2024<\/li>\n<\/ul>\n<ul>\n<li><a href=\"https:\/\/consejoderectores.cl\/en\/2024\/03\/25\/cruch-apoya-inciso-sobre-educacion-no-sexista-en-ley-sobre-el-derecho-de-las-mujeres-a-una-vida-libre-de-violencia\/\">CRUCH supports the clause on \u201cnon-sexist education\u201d in the law on Women&#039;s Right to a Life Free of Violence<\/a><br \/>\n25\/03\/2024<\/li>\n<\/ul>\n<ul>\n<li><a href=\"https:\/\/consejoderectores.cl\/en\/2024\/01\/26\/avanzar-en-la-transversalizacion-del-enfoque-de-genero-en-los-procesos-formativos-sera-prioridad-en-el-2024-para-la-comision-de-igualdad-de-genero-del-cruch\/\">Advancing the mainstreaming of the gender approach in training processes will be a priority in 2024 for the CRUCH Gender Equality Commission<\/a><br \/>\n26\/01\/2024<\/li>\n<\/ul>\n<ul>\n<li><a href=\"https:\/\/consejoderectores.cl\/en\/2023\/12\/15\/cruch-da-a-conocer-avances-en-materia-de-igualdad-de-genero-en-el-marco-de-la-discusion-del-proyecto-de-ley-de-paridad-en-areas-stem\/\">CRUCH announces progress on gender equality within the framework of the discussion of the bill on parity in STEM areas<\/a><br \/>\n15\/12\/2023<\/li>\n<\/ul>\n<ul>\n<li><a href=\"https:\/\/consejoderectores.cl\/en\/2023\/11\/23\/ues-sin-violencia-de-genero-universidades-cruch-lanzan-video-conjunto-para-conmemorar-25n\/\">\u201cUniversities without gender violence\u201d: CRUCH universities launch joint video to commemorate November 25<\/a><br \/>\n23\/11\/2023<\/li>\n<\/ul>\n<ul>\n<li><a href=\"https:\/\/consejoderectores.cl\/en\/2023\/08\/01\/inedito-encuentro-de-equipos-de-direcciones-de-genero-de-universidades-cruch-se-desarrollara-este-2-y-3-de-agosto\/\">A groundbreaking meeting of gender management teams from CRUCH universities will take place on August 2nd and 3rd.<\/a><br \/>\n01\/08\/2023<\/li>\n<\/ul>\n<ul>\n<li><a href=\"https:\/\/consejoderectores.cl\/en\/2023\/03\/08\/balance-en-8m-comision-de-igualdad-de-genero-del-cruch-destaca-avances-en-la-eliminacion-de-brechas-de-genero-en-las-universidades\/\">March 8th Assessment: CRUCH Gender Equality Commission Highlights Progress in Eliminating Gender Gaps in Universities<\/a><br \/>\n08\/03\/2023<\/li>\n<\/ul>\n<ul>\n<li><a href=\"https:\/\/consejoderectores.cl\/en\/2022\/11\/23\/coordinadora-de-la-comision-de-igualdad-de-genero-del-cruch-la-erradicacion-de-la-violencia-de-genero-es-una-tarea-de-toda-la-comunidad-universitaria\/\">Coordinator of the CRUCH Gender Equality Commission: \u201cEradicating gender violence is a task for the entire university community\u201d<\/a><br \/>\n23\/11\/2022<\/li>\n<\/ul>\n<ul>\n<li><a href=\"https:\/\/consejoderectores.cl\/en\/2022\/10\/26\/universidades-del-cruch-sesionan-en-la-unap-y-aseguran-estar-bien-preparadas-para-cumplir-ley-sobre-acoso-y-discriminacion\/\">CRUCH universities meet at UNAP and assure they are well prepared to comply with the law on harassment and discrimination<\/a><br \/>\n26\/10\/2022<\/li>\n<\/ul>\n<ul>\n<li><a href=\"https:\/\/consejoderectores.cl\/en\/2022\/08\/25\/universidades-del-cruch-evaluan-el-estado-de-implementacion-de-la-ley-n-21-369\/\">CRUCH universities evaluate the state of implementation of Law No. 21,369<\/a><br \/>\n25\/08\/2022<\/li>\n<\/ul>\n<ul>\n<li><a href=\"https:\/\/consejoderectores.cl\/en\/2022\/05\/12\/comision-de-igualdad-de-genero-del-cruch-publica-documento-modelo-caleidoscopio-una-propuesta-de-abordaje-de-la-violencia-de-genero-en-el-contexto-universitario\/\">CRUCH Gender Equality Commission publishes document \u201cKaleidoscope Model: a proposal to address gender violence in the university context\u201d<\/a><br \/>\n12\/05\/2022<\/li>\n<\/ul>\n<ul>\n<li><a href=\"https:\/\/consejoderectores.cl\/en\/2022\/03\/23\/rectora-natacha-pino-reducir-las-brechas-de-genero-nos-hace-bien-y-es-muy-necesario\/\">Rector Natacha Pino: \u201cReducing the gender gap is good for us and is very necessary\u201d<\/a><br \/>\n23\/03\/2022<\/li>\n<\/ul>\n<ul>\n<li><a href=\"https:\/\/consejoderectores.cl\/en\/2022\/03\/21\/equidad-de-genero-se-reunen-las-directoras-del-cruch-para-evaluar-el-escenario-que-hara-cumplir-la-ley-21-369\/\">Gender Equity: The directors of CRUCH meet to evaluate the scenario that will enforce Law 21.369<\/a><br \/>\n21\/03\/2022<\/li>\n<\/ul>\n<ul>\n<li><a href=\"https:\/\/consejoderectores.cl\/en\/2022\/03\/08\/consejo-de-rectores-conmemora-dia-internacional-de-la-mujer-destacando-los-aportes-de-su-comision-de-igualdad-de-genero\/\">Council of Rectors commemorates International Women&#039;s Day by highlighting the contributions of its Gender Equality Commission<\/a><br \/>\n08\/03\/2022<\/li>\n<\/ul>\n<ul>\n<li><a href=\"https:\/\/consejoderectores.cl\/en\/2021\/09\/30\/situacion-de-la-secretaria-general-politicas-de-genero-y-costos-de-la-pandemia-en-las-universidades-marcaron-sesion-del-consejo-de-rectores\/\">Situation of the General Secretariat, gender policies and costs of the pandemic in the universities marked the session of the Council of Rectors<\/a><br \/>\n30\/09\/2021<\/li>\n<\/ul>\n<ul>\n<li><a href=\"https:\/\/consejoderectores.cl\/en\/2019\/04\/25\/6152dadbccfd6\/\">Council of Rectors assesses advances in Gender Equality policies in its universities<\/a><br \/>\n25\/04\/2019<\/li>\n<\/ul>\n<ul>\n<li><a href=\"https:\/\/consejoderectores.cl\/en\/2020\/11\/11\/6089358680240\/\">Universities of the Council of Rectors come together to eradicate violence against women<\/a><br \/>\n11\/11\/2020<\/li>\n<\/ul>","protected":false},"excerpt":{"rendered":"<p>Revisa AQU\u00cd las noticias relacionadas a Igualdad de G\u00e9nero y al CRUCH: &nbsp; Comisi\u00f3n de Igualdad de G\u00e9nero CRUCH prepara seminario de transversalizaci\u00f3n de g\u00e9nero en los procesos formativos de las universidades 17\/05\/2024 Nueva publicaci\u00f3n de Comisi\u00f3n de Igualdad de G\u00e9nero: \u201cRecomendaciones para el cuidado de equipos y reflexionar acerca de su aplicaci\u00f3n\u201d 04\/04\/2024 CRUCH [&hellip;]<\/p>\n","protected":false},"author":1,"featured_media":11567,"comment_status":"open","ping_status":"open","sticky":false,"template":"","format":"standard","meta":{"_acf_changed":false,"footnotes":""},"categories":[3],"tags":[],"class_list":["post-11466","post","type-post","status-publish","format-standard","has-post-thumbnail","hentry","category-noticias"],"acf":[],"yoast_head":"<!-- This site is optimized with the Yoast SEO plugin v27.1.1 - https:\/\/yoast.com\/product\/yoast-seo-wordpress\/ -->\n<title>Igualdad de G\u00e9nero - Consejo de Rectoras y Rectores de las Universidades Chilenas<\/title>\n<meta name=\"robots\" content=\"index, follow, max-snippet:-1, max-image-preview:large, max-video-preview:-1\" \/>\n<link rel=\"canonical\" href=\"https:\/\/consejoderectores.cl\/en\/2024\/08\/13\/igualdad-de-genero\/\" \/>\n<meta property=\"og:locale\" content=\"en_US\" \/>\n<meta property=\"og:type\" content=\"article\" \/>\n<meta property=\"og:title\" content=\"Igualdad de G\u00e9nero - Consejo de Rectoras y Rectores de las Universidades Chilenas\" \/>\n<meta property=\"og:description\" content=\"Revisa AQU\u00cd las noticias relacionadas a Igualdad de G\u00e9nero y al CRUCH: &nbsp; Comisi\u00f3n de Igualdad de G\u00e9nero CRUCH prepara seminario de transversalizaci\u00f3n de g\u00e9nero en los procesos formativos de las universidades 17\/05\/2024 Nueva publicaci\u00f3n de Comisi\u00f3n de Igualdad de G\u00e9nero: \u201cRecomendaciones para el cuidado de equipos y reflexionar acerca de su aplicaci\u00f3n\u201d 04\/04\/2024 CRUCH [&hellip;]\" \/>\n<meta property=\"og:url\" content=\"https:\/\/consejoderectores.cl\/en\/2024\/08\/13\/igualdad-de-genero\/\" \/>\n<meta property=\"og:site_name\" content=\"Consejo de Rectoras y Rectores de las Universidades Chilenas\" \/>\n<meta property=\"article:published_time\" content=\"2024-08-13T12:30:08+00:00\" \/>\n<meta property=\"article:modified_time\" content=\"2024-08-14T02:45:19+00:00\" \/>\n<meta property=\"og:image\" content=\"https:\/\/consejoderectores.cl\/wp-content\/uploads\/2024\/08\/Fotos-Landing-2150-x-1080-px-1-1.png\" \/>\n\t<meta property=\"og:image:width\" content=\"2150\" \/>\n\t<meta property=\"og:image:height\" content=\"1080\" \/>\n\t<meta property=\"og:image:type\" content=\"image\/png\" \/>\n<meta name=\"author\" content=\"Consejo de Rectores de las Universidades Chilenas\" \/>\n<meta name=\"twitter:card\" content=\"summary_large_image\" \/>\n<meta name=\"twitter:creator\" content=\"@CRUCH_cl\" \/>\n<meta name=\"twitter:site\" content=\"@CRUCH_cl\" \/>\n<meta name=\"twitter:label1\" content=\"Written by\" \/>\n\t<meta name=\"twitter:data1\" content=\"Consejo de Rectores de las Universidades Chilenas\" \/>\n\t<meta name=\"twitter:label2\" content=\"Est. reading time\" \/>\n\t<meta name=\"twitter:data2\" content=\"2 minutes\" \/>\n<script type=\"application\/ld+json\" class=\"yoast-schema-graph\">{\"@context\":\"https:\/\/schema.org\",\"@graph\":[{\"@type\":\"Article\",\"@id\":\"https:\/\/consejoderectores.cl\/2024\/08\/13\/igualdad-de-genero\/#article\",\"isPartOf\":{\"@id\":\"https:\/\/consejoderectores.cl\/2024\/08\/13\/igualdad-de-genero\/\"},\"author\":{\"name\":\"Consejo de Rectores de las Universidades Chilenas\",\"@id\":\"https:\/\/consejoderectores.cl\/en\/#\/schema\/person\/d863e44afde067fd4b57fac66ced709e\"},\"headline\":\"Igualdad de G\u00e9nero\",\"datePublished\":\"2024-08-13T12:30:08+00:00\",\"dateModified\":\"2024-08-14T02:45:19+00:00\",\"mainEntityOfPage\":{\"@id\":\"https:\/\/consejoderectores.cl\/2024\/08\/13\/igualdad-de-genero\/\"},\"wordCount\":407,\"commentCount\":0,\"publisher\":{\"@id\":\"https:\/\/consejoderectores.cl\/en\/#organization\"},\"image\":{\"@id\":\"https:\/\/consejoderectores.cl\/2024\/08\/13\/igualdad-de-genero\/#primaryimage\"},\"thumbnailUrl\":\"https:\/\/consejoderectores.cl\/wp-content\/uploads\/2024\/08\/Fotos-Landing-2150-x-1080-px-1-1.png\",\"articleSection\":[\"Noticias\"],\"inLanguage\":\"en-US\",\"potentialAction\":[{\"@type\":\"CommentAction\",\"name\":\"Comment\",\"target\":[\"https:\/\/consejoderectores.cl\/2024\/08\/13\/igualdad-de-genero\/#respond\"]}]},{\"@type\":\"WebPage\",\"@id\":\"https:\/\/consejoderectores.cl\/2024\/08\/13\/igualdad-de-genero\/\",\"url\":\"https:\/\/consejoderectores.cl\/2024\/08\/13\/igualdad-de-genero\/\",\"name\":\"Igualdad de G\u00e9nero - Consejo de Rectoras y Rectores de las Universidades Chilenas\",\"isPartOf\":{\"@id\":\"https:\/\/consejoderectores.cl\/en\/#website\"},\"primaryImageOfPage\":{\"@id\":\"https:\/\/consejoderectores.cl\/2024\/08\/13\/igualdad-de-genero\/#primaryimage\"},\"image\":{\"@id\":\"https:\/\/consejoderectores.cl\/2024\/08\/13\/igualdad-de-genero\/#primaryimage\"},\"thumbnailUrl\":\"https:\/\/consejoderectores.cl\/wp-content\/uploads\/2024\/08\/Fotos-Landing-2150-x-1080-px-1-1.png\",\"datePublished\":\"2024-08-13T12:30:08+00:00\",\"dateModified\":\"2024-08-14T02:45:19+00:00\",\"breadcrumb\":{\"@id\":\"https:\/\/consejoderectores.cl\/2024\/08\/13\/igualdad-de-genero\/#breadcrumb\"},\"inLanguage\":\"en-US\",\"potentialAction\":[{\"@type\":\"ReadAction\",\"target\":[\"https:\/\/consejoderectores.cl\/2024\/08\/13\/igualdad-de-genero\/\"]}]},{\"@type\":\"ImageObject\",\"inLanguage\":\"en-US\",\"@id\":\"https:\/\/consejoderectores.cl\/2024\/08\/13\/igualdad-de-genero\/#primaryimage\",\"url\":\"https:\/\/consejoderectores.cl\/wp-content\/uploads\/2024\/08\/Fotos-Landing-2150-x-1080-px-1-1.png\",\"contentUrl\":\"https:\/\/consejoderectores.cl\/wp-content\/uploads\/2024\/08\/Fotos-Landing-2150-x-1080-px-1-1.png\",\"width\":2150,\"height\":1080},{\"@type\":\"BreadcrumbList\",\"@id\":\"https:\/\/consejoderectores.cl\/2024\/08\/13\/igualdad-de-genero\/#breadcrumb\",\"itemListElement\":[{\"@type\":\"ListItem\",\"position\":1,\"name\":\"Home\",\"item\":\"https:\/\/consejoderectores.cl\/\"},{\"@type\":\"ListItem\",\"position\":2,\"name\":\"Igualdad de G\u00e9nero\"}]},{\"@type\":\"WebSite\",\"@id\":\"https:\/\/consejoderectores.cl\/en\/#website\",\"url\":\"https:\/\/consejoderectores.cl\/en\/\",\"name\":\"Consejo de Rectoras y Rectores de las Universidades Chilenas\",\"description\":\"\",\"publisher\":{\"@id\":\"https:\/\/consejoderectores.cl\/en\/#organization\"},\"potentialAction\":[{\"@type\":\"SearchAction\",\"target\":{\"@type\":\"EntryPoint\",\"urlTemplate\":\"https:\/\/consejoderectores.cl\/en\/?s={search_term_string}\"},\"query-input\":{\"@type\":\"PropertyValueSpecification\",\"valueRequired\":true,\"valueName\":\"search_term_string\"}}],\"inLanguage\":\"en-US\"},{\"@type\":\"Organization\",\"@id\":\"https:\/\/consejoderectores.cl\/en\/#organization\",\"name\":\"Consejo de Rectoras y Rectores de las Universidades Chilenas\",\"url\":\"https:\/\/consejoderectores.cl\/en\/\",\"logo\":{\"@type\":\"ImageObject\",\"inLanguage\":\"en-US\",\"@id\":\"https:\/\/consejoderectores.cl\/en\/#\/schema\/logo\/image\/\",\"url\":\"https:\/\/consejoderectores.cl\/wp-content\/uploads\/2025\/12\/logoheader_2025.png\",\"contentUrl\":\"https:\/\/consejoderectores.cl\/wp-content\/uploads\/2025\/12\/logoheader_2025.png\",\"width\":666,\"height\":305,\"caption\":\"Consejo de Rectoras y Rectores de las Universidades Chilenas\"},\"image\":{\"@id\":\"https:\/\/consejoderectores.cl\/en\/#\/schema\/logo\/image\/\"},\"sameAs\":[\"https:\/\/x.com\/CRUCH_cl\",\"https:\/\/www.instagram.com\/consejoderectores\/\",\"https:\/\/www.linkedin.com\/company\/cruch\/\",\"https:\/\/www.youtube.com\/channel\/UCzgIFRCsDlKoFpimiQmEaOA\"]},{\"@type\":\"Person\",\"@id\":\"https:\/\/consejoderectores.cl\/en\/#\/schema\/person\/d863e44afde067fd4b57fac66ced709e\",\"name\":\"Consejo de Rectores de las Universidades Chilenas\",\"image\":{\"@type\":\"ImageObject\",\"inLanguage\":\"en-US\",\"@id\":\"https:\/\/consejoderectores.cl\/en\/#\/schema\/person\/image\/\",\"url\":\"https:\/\/secure.gravatar.com\/avatar\/c31e2a02401f041926afb8ee21ab666f0925814fe85d25a5c8db80e23722dfc1?s=96&d=mm&r=g\",\"contentUrl\":\"https:\/\/secure.gravatar.com\/avatar\/c31e2a02401f041926afb8ee21ab666f0925814fe85d25a5c8db80e23722dfc1?s=96&d=mm&r=g\",\"caption\":\"Consejo de Rectores de las Universidades Chilenas\"},\"sameAs\":[\"https:\/\/www.consejoderectores.cl\"],\"url\":\"https:\/\/consejoderectores.cl\/en\/author\/cruch\/\"}]}<\/script>\n<!-- \/ Yoast SEO plugin. -->","yoast_head_json":{"title":"Igualdad de G\u00e9nero - Consejo de Rectoras y Rectores de las Universidades Chilenas","robots":{"index":"index","follow":"follow","max-snippet":"max-snippet:-1","max-image-preview":"max-image-preview:large","max-video-preview":"max-video-preview:-1"},"canonical":"https:\/\/consejoderectores.cl\/en\/2024\/08\/13\/igualdad-de-genero\/","og_locale":"en_US","og_type":"article","og_title":"Igualdad de G\u00e9nero - Consejo de Rectoras y Rectores de las Universidades Chilenas","og_description":"Revisa AQU\u00cd las noticias relacionadas a Igualdad de G\u00e9nero y al CRUCH: &nbsp; Comisi\u00f3n de Igualdad de G\u00e9nero CRUCH prepara seminario de transversalizaci\u00f3n de g\u00e9nero en los procesos formativos de las universidades 17\/05\/2024 Nueva publicaci\u00f3n de Comisi\u00f3n de Igualdad de G\u00e9nero: \u201cRecomendaciones para el cuidado de equipos y reflexionar acerca de su aplicaci\u00f3n\u201d 04\/04\/2024 CRUCH [&hellip;]","og_url":"https:\/\/consejoderectores.cl\/en\/2024\/08\/13\/igualdad-de-genero\/","og_site_name":"Consejo de Rectoras y Rectores de las Universidades Chilenas","article_published_time":"2024-08-13T12:30:08+00:00","article_modified_time":"2024-08-14T02:45:19+00:00","og_image":[{"width":2150,"height":1080,"url":"https:\/\/consejoderectores.cl\/wp-content\/uploads\/2024\/08\/Fotos-Landing-2150-x-1080-px-1-1.png","type":"image\/png"}],"author":"Consejo de Rectores de las Universidades Chilenas","twitter_card":"summary_large_image","twitter_creator":"@CRUCH_cl","twitter_site":"@CRUCH_cl","twitter_misc":{"Written by":"Consejo de Rectores de las Universidades Chilenas","Est. reading time":"2 minutes"},"schema":{"@context":"https:\/\/schema.org","@graph":[{"@type":"Article","@id":"https:\/\/consejoderectores.cl\/2024\/08\/13\/igualdad-de-genero\/#article","isPartOf":{"@id":"https:\/\/consejoderectores.cl\/2024\/08\/13\/igualdad-de-genero\/"},"author":{"name":"Consejo de Rectores de las Universidades Chilenas","@id":"https:\/\/consejoderectores.cl\/en\/#\/schema\/person\/d863e44afde067fd4b57fac66ced709e"},"headline":"Igualdad de G\u00e9nero","datePublished":"2024-08-13T12:30:08+00:00","dateModified":"2024-08-14T02:45:19+00:00","mainEntityOfPage":{"@id":"https:\/\/consejoderectores.cl\/2024\/08\/13\/igualdad-de-genero\/"},"wordCount":407,"commentCount":0,"publisher":{"@id":"https:\/\/consejoderectores.cl\/en\/#organization"},"image":{"@id":"https:\/\/consejoderectores.cl\/2024\/08\/13\/igualdad-de-genero\/#primaryimage"},"thumbnailUrl":"https:\/\/consejoderectores.cl\/wp-content\/uploads\/2024\/08\/Fotos-Landing-2150-x-1080-px-1-1.png","articleSection":["Noticias"],"inLanguage":"en-US","potentialAction":[{"@type":"CommentAction","name":"Comment","target":["https:\/\/consejoderectores.cl\/2024\/08\/13\/igualdad-de-genero\/#respond"]}]},{"@type":"WebPage","@id":"https:\/\/consejoderectores.cl\/2024\/08\/13\/igualdad-de-genero\/","url":"https:\/\/consejoderectores.cl\/2024\/08\/13\/igualdad-de-genero\/","name":"Igualdad de G\u00e9nero - Consejo de Rectoras y Rectores de las Universidades Chilenas","isPartOf":{"@id":"https:\/\/consejoderectores.cl\/en\/#website"},"primaryImageOfPage":{"@id":"https:\/\/consejoderectores.cl\/2024\/08\/13\/igualdad-de-genero\/#primaryimage"},"image":{"@id":"https:\/\/consejoderectores.cl\/2024\/08\/13\/igualdad-de-genero\/#primaryimage"},"thumbnailUrl":"https:\/\/consejoderectores.cl\/wp-content\/uploads\/2024\/08\/Fotos-Landing-2150-x-1080-px-1-1.png","datePublished":"2024-08-13T12:30:08+00:00","dateModified":"2024-08-14T02:45:19+00:00","breadcrumb":{"@id":"https:\/\/consejoderectores.cl\/2024\/08\/13\/igualdad-de-genero\/#breadcrumb"},"inLanguage":"en-US","potentialAction":[{"@type":"ReadAction","target":["https:\/\/consejoderectores.cl\/2024\/08\/13\/igualdad-de-genero\/"]}]},{"@type":"ImageObject","inLanguage":"en-US","@id":"https:\/\/consejoderectores.cl\/2024\/08\/13\/igualdad-de-genero\/#primaryimage","url":"https:\/\/consejoderectores.cl\/wp-content\/uploads\/2024\/08\/Fotos-Landing-2150-x-1080-px-1-1.png","contentUrl":"https:\/\/consejoderectores.cl\/wp-content\/uploads\/2024\/08\/Fotos-Landing-2150-x-1080-px-1-1.png","width":2150,"height":1080},{"@type":"BreadcrumbList","@id":"https:\/\/consejoderectores.cl\/2024\/08\/13\/igualdad-de-genero\/#breadcrumb","itemListElement":[{"@type":"ListItem","position":1,"name":"Home","item":"https:\/\/consejoderectores.cl\/"},{"@type":"ListItem","position":2,"name":"Igualdad de G\u00e9nero"}]},{"@type":"WebSite","@id":"https:\/\/consejoderectores.cl\/en\/#website","url":"https:\/\/consejoderectores.cl\/en\/","name":"Council of Rectors of Chilean Universities","description":"","publisher":{"@id":"https:\/\/consejoderectores.cl\/en\/#organization"},"potentialAction":[{"@type":"SearchAction","target":{"@type":"EntryPoint","urlTemplate":"https:\/\/consejoderectores.cl\/en\/?s={search_term_string}"},"query-input":{"@type":"PropertyValueSpecification","valueRequired":true,"valueName":"search_term_string"}}],"inLanguage":"en-US"},{"@type":"Organization","@id":"https:\/\/consejoderectores.cl\/en\/#organization","name":"Council of Rectors of Chilean Universities","url":"https:\/\/consejoderectores.cl\/en\/","logo":{"@type":"ImageObject","inLanguage":"en-US","@id":"https:\/\/consejoderectores.cl\/en\/#\/schema\/logo\/image\/","url":"https:\/\/consejoderectores.cl\/wp-content\/uploads\/2025\/12\/logoheader_2025.png","contentUrl":"https:\/\/consejoderectores.cl\/wp-content\/uploads\/2025\/12\/logoheader_2025.png","width":666,"height":305,"caption":"Consejo de Rectoras y Rectores de las Universidades Chilenas"},"image":{"@id":"https:\/\/consejoderectores.cl\/en\/#\/schema\/logo\/image\/"},"sameAs":["https:\/\/x.com\/CRUCH_cl","https:\/\/www.instagram.com\/consejoderectores\/","https:\/\/www.linkedin.com\/company\/cruch\/","https:\/\/www.youtube.com\/channel\/UCzgIFRCsDlKoFpimiQmEaOA"]},{"@type":"Person","@id":"https:\/\/consejoderectores.cl\/en\/#\/schema\/person\/d863e44afde067fd4b57fac66ced709e","name":"Council of Rectors of Chilean Universities","image":{"@type":"ImageObject","inLanguage":"en-US","@id":"https:\/\/consejoderectores.cl\/en\/#\/schema\/person\/image\/","url":"https:\/\/secure.gravatar.com\/avatar\/c31e2a02401f041926afb8ee21ab666f0925814fe85d25a5c8db80e23722dfc1?s=96&d=mm&r=g","contentUrl":"https:\/\/secure.gravatar.com\/avatar\/c31e2a02401f041926afb8ee21ab666f0925814fe85d25a5c8db80e23722dfc1?s=96&d=mm&r=g","caption":"Consejo de Rectores de las Universidades Chilenas"},"sameAs":["https:\/\/www.consejoderectores.cl"],"url":"https:\/\/consejoderectores.cl\/en\/author\/cruch\/"}]}},"_links":{"self":[{"href":"https:\/\/consejoderectores.cl\/en\/wp-json\/wp\/v2\/posts\/11466","targetHints":{"allow":["GET"]}}],"collection":[{"href":"https:\/\/consejoderectores.cl\/en\/wp-json\/wp\/v2\/posts"}],"about":[{"href":"https:\/\/consejoderectores.cl\/en\/wp-json\/wp\/v2\/types\/post"}],"author":[{"embeddable":true,"href":"https:\/\/consejoderectores.cl\/en\/wp-json\/wp\/v2\/users\/1"}],"replies":[{"embeddable":true,"href":"https:\/\/consejoderectores.cl\/en\/wp-json\/wp\/v2\/comments?post=11466"}],"version-history":[{"count":6,"href":"https:\/\/consejoderectores.cl\/en\/wp-json\/wp\/v2\/posts\/11466\/revisions"}],"predecessor-version":[{"id":11570,"href":"https:\/\/consejoderectores.cl\/en\/wp-json\/wp\/v2\/posts\/11466\/revisions\/11570"}],"wp:featuredmedia":[{"embeddable":true,"href":"https:\/\/consejoderectores.cl\/en\/wp-json\/wp\/v2\/media\/11567"}],"wp:attachment":[{"href":"https:\/\/consejoderectores.cl\/en\/wp-json\/wp\/v2\/media?parent=11466"}],"wp:term":[{"taxonomy":"category","embeddable":true,"href":"https:\/\/consejoderectores.cl\/en\/wp-json\/wp\/v2\/categories?post=11466"},{"taxonomy":"post_tag","embeddable":true,"href":"https:\/\/consejoderectores.cl\/en\/wp-json\/wp\/v2\/tags?post=11466"}],"curies":[{"name":"wp","href":"https:\/\/api.w.org\/{rel}","templated":true}]}}