{"id":11462,"date":"2024-08-13T12:24:56","date_gmt":"2024-08-13T12:24:56","guid":{"rendered":"https:\/\/consejoderectores.cl\/?p=11462"},"modified":"2024-08-13T19:01:42","modified_gmt":"2024-08-13T19:01:42","slug":"sobre-el-cruch","status":"publish","type":"post","link":"https:\/\/consejoderectores.cl\/en\/2024\/08\/13\/sobre-el-cruch\/","title":{"rendered":"About the CRUCH"},"content":{"rendered":"<p><strong>Mandate by law<\/strong><\/p>\n<p>The CRUCH is a public legal entity that acts as a collegiate body. In accordance with the provisions of Law 21.091 on Higher Education and Decree with Force of Law No. 2 of 1985, the CRUCH is responsible for advising and formulating proposals to the Ministry of Education on public policies related to higher education.<\/p>\n<p>It also has the function of coordinating the institutions that comprise it, promoting collaboration between them, proposing to the entities that comprise it, the initiatives and solutions aimed at coordinating their activities, in all aspects, to ensure a better performance and quality of higher education.<img loading=\"lazy\" decoding=\"async\" class=\"aligncenter wp-image-9491\" src=\"https:\/\/consejoderectores.cl\/wp-content\/uploads\/2024\/02\/Mandato-por-ley-1-1024x566.jpg\" alt=\"\" width=\"665\" height=\"368\" srcset=\"https:\/\/consejoderectores.cl\/wp-content\/uploads\/2024\/02\/Mandato-por-ley-1-1024x566.jpg 1024w, https:\/\/consejoderectores.cl\/wp-content\/uploads\/2024\/02\/Mandato-por-ley-1-300x166.jpg 300w, https:\/\/consejoderectores.cl\/wp-content\/uploads\/2024\/02\/Mandato-por-ley-1-768x424.jpg 768w, https:\/\/consejoderectores.cl\/wp-content\/uploads\/2024\/02\/Mandato-por-ley-1-1536x848.jpg 1536w, https:\/\/consejoderectores.cl\/wp-content\/uploads\/2024\/02\/Mandato-por-ley-1-2048x1131.jpg 2048w, https:\/\/consejoderectores.cl\/wp-content\/uploads\/2024\/02\/Mandato-por-ley-1-18x10.jpg 18w, https:\/\/consejoderectores.cl\/wp-content\/uploads\/2024\/02\/Mandato-por-ley-1-320x177.jpg 320w, https:\/\/consejoderectores.cl\/wp-content\/uploads\/2024\/02\/Mandato-por-ley-1-480x265.jpg 480w, https:\/\/consejoderectores.cl\/wp-content\/uploads\/2024\/02\/Mandato-por-ley-1-800x442.jpg 800w, https:\/\/consejoderectores.cl\/wp-content\/uploads\/2024\/02\/Mandato-por-ley-1-848x468.jpg 848w, https:\/\/consejoderectores.cl\/wp-content\/uploads\/2024\/02\/Mandato-por-ley-1-1140x630.jpg 1140w, https:\/\/consejoderectores.cl\/wp-content\/uploads\/2024\/02\/Mandato-por-ley-1-1170x646.jpg 1170w, https:\/\/consejoderectores.cl\/wp-content\/uploads\/2024\/02\/Mandato-por-ley-1-1920x1061.jpg 1920w\" sizes=\"auto, (max-width: 665px) 100vw, 665px\" \/><\/p>\n<p><strong>CRUCH Milestones\u00a0<\/strong><\/p>\n<p><img loading=\"lazy\" decoding=\"async\" class=\"aligncenter size-full wp-image-11542\" src=\"https:\/\/consejoderectores.cl\/wp-content\/uploads\/2024\/08\/Historia-CRUCH-OK.jpg\" alt=\"\" width=\"2125\" height=\"814\" srcset=\"https:\/\/consejoderectores.cl\/wp-content\/uploads\/2024\/08\/Historia-CRUCH-OK.jpg 2125w, https:\/\/consejoderectores.cl\/wp-content\/uploads\/2024\/08\/Historia-CRUCH-OK-300x115.jpg 300w, https:\/\/consejoderectores.cl\/wp-content\/uploads\/2024\/08\/Historia-CRUCH-OK-1024x392.jpg 1024w, https:\/\/consejoderectores.cl\/wp-content\/uploads\/2024\/08\/Historia-CRUCH-OK-768x294.jpg 768w, https:\/\/consejoderectores.cl\/wp-content\/uploads\/2024\/08\/Historia-CRUCH-OK-1536x588.jpg 1536w, https:\/\/consejoderectores.cl\/wp-content\/uploads\/2024\/08\/Historia-CRUCH-OK-2048x785.jpg 2048w, https:\/\/consejoderectores.cl\/wp-content\/uploads\/2024\/08\/Historia-CRUCH-OK-18x7.jpg 18w, https:\/\/consejoderectores.cl\/wp-content\/uploads\/2024\/08\/Historia-CRUCH-OK-320x123.jpg 320w, https:\/\/consejoderectores.cl\/wp-content\/uploads\/2024\/08\/Historia-CRUCH-OK-480x184.jpg 480w, https:\/\/consejoderectores.cl\/wp-content\/uploads\/2024\/08\/Historia-CRUCH-OK-800x306.jpg 800w, https:\/\/consejoderectores.cl\/wp-content\/uploads\/2024\/08\/Historia-CRUCH-OK-848x325.jpg 848w, https:\/\/consejoderectores.cl\/wp-content\/uploads\/2024\/08\/Historia-CRUCH-OK-1140x437.jpg 1140w, https:\/\/consejoderectores.cl\/wp-content\/uploads\/2024\/08\/Historia-CRUCH-OK-1170x448.jpg 1170w, https:\/\/consejoderectores.cl\/wp-content\/uploads\/2024\/08\/Historia-CRUCH-OK-1920x735.jpg 1920w\" sizes=\"auto, (max-width: 2125px) 100vw, 2125px\" \/><\/p>\n<p><strong>Presidents and Executive Presidents of CRUCH since 2001<\/strong><\/p>\n<ul>\n<li><strong>2001 to 2002:<\/strong> Minister Mariana Aylwin Oyarz\u00fan<\/li>\n<li><strong>2003 to 2005:<\/strong> Minister Sergio Bitar Chacra<\/li>\n<li><strong>2006:<\/strong> Minister Mart\u00edn Ziliec Hrepic<\/li>\n<li><strong>2007:<\/strong> Minister Yasna Provoste Campillay<\/li>\n<li><strong>2008 to 2009:<\/strong> Minister M\u00f3nica Jim\u00e9nez<\/li>\n<li><strong>2010:<\/strong> Minister Joaqu\u00edn Lav\u00edn Infante<\/li>\n<li><strong>2011:<\/strong> Minister Felipe Bulnes Serrano<\/li>\n<li><strong>2012:<\/strong> Harald Beyer Burgos<\/li>\n<li><strong>2013:<\/strong> Carolina Schmidt Zald\u00edvar<\/li>\n<li><strong>2014 to 2015:<\/strong> Minister Nicol\u00e1s Eyzaguirre Guzm\u00e1n<\/li>\n<li><strong>2016 to 2017:<\/strong> Minister Adriana del Piano<\/li>\n<li><strong>2018:<\/strong> Minister Gerardo Varela Alfonso<\/li>\n<li><strong>2019:<\/strong> Marcela Cubillos Sigall<\/li>\n<li><strong>2020 to 2021:<\/strong> Minister Ra\u00fal Figueroa Salas<\/li>\n<li><strong>2022:<\/strong> Minister Marco Antonio \u00c1vila<\/li>\n<li><strong>2023 to present:<\/strong> Minister Nicol\u00e1s Cataldo Astorga<\/li>\n<\/ul>\n<p><strong>Executive Vice Presidents of CRUCH since 2001<\/strong><\/p>\n<ul>\n<li><strong>2001 to 2003:<\/strong> Rector Sergio Lavanchy Merino<\/li>\n<li><strong>2004 to 2005:<\/strong> Rector Luis Riveros Cornejo<\/li>\n<li><strong>2006:<\/strong> Rector Jaime Pozo Cisternas<\/li>\n<li><strong>2007 to 2010:<\/strong> Rector Victor Perez Vera<\/li>\n<li><strong>2011 to 2014:<\/strong> Rector Juan Zolezzi Cid<\/li>\n<li><strong>2015 to 2018:<\/strong> Rector Aldo Valle Acevedo<\/li>\n<li><strong>2019 to 2021:<\/strong> Rector Juan Zolezzi Cid<\/li>\n<li><strong>2022 to present:<\/strong> Rector Emilio Rodr\u00edguez Ponce<\/li>\n<\/ul>\n<p><strong>Alternate Executive Vice Presidents CRUCH since 2001<\/strong><\/p>\n<ul>\n<li><strong>2001 to 2003:<\/strong> Rector Ubaldo Zu\u00f1iga Quintanilla<\/li>\n<li><strong>2004 to 2006:<\/strong> There is no appointment<\/li>\n<li><strong>2007 to 2009:<\/strong> Rector Alfonso Muga Naredo<\/li>\n<li><strong>2010:<\/strong> Rector Ignacio S\u00e1nchez D\u00edaz<\/li>\n<li><strong>2011 to 2013:<\/strong> Rector Sergio Lavanchy Merino<\/li>\n<li><strong>2014 to 2016:<\/strong> Rector Diego Duran Jara<\/li>\n<li><strong>2017:<\/strong> Rector Sergio Lavanchy Merino<\/li>\n<li><strong>2018:<\/strong> Rector Darcy Fuenzalida<\/li>\n<li><strong>2019 to 2021:<\/strong> Rector Ignacio S\u00e1nchez D\u00edaz<\/li>\n<li><strong>2022 to 2023<\/strong>Rector Hans Richter Becerra<\/li>\n<li><strong>2024 to present:<\/strong> Rector Carlos Saavedra Rubilar<\/li>\n<\/ul>","protected":false},"excerpt":{"rendered":"<p>Mandato por ley El CRUCH es una persona jur\u00eddica de derecho p\u00fablico que act\u00faa como organismo colegiado. De acuerdo a lo dispuesto en la Ley 21.091 Sobre Educaci\u00f3n Superior y el Decreto con fuerza de ley N\u00b02 de 1985, al CRUCH le corresponde asesorar y formular propuestas al Ministerio de Educaci\u00f3n en las pol\u00edticas p\u00fablicas [&hellip;]<\/p>\n","protected":false},"author":1,"featured_media":11535,"comment_status":"open","ping_status":"open","sticky":false,"template":"","format":"standard","meta":{"_acf_changed":false,"footnotes":""},"categories":[3],"tags":[],"class_list":["post-11462","post","type-post","status-publish","format-standard","has-post-thumbnail","hentry","category-noticias"],"acf":[],"yoast_head":"<!-- This site is optimized with the Yoast SEO plugin v27.1.1 - https:\/\/yoast.com\/product\/yoast-seo-wordpress\/ -->\n<title>Sobre el CRUCH - Consejo de Rectoras y Rectores de las Universidades Chilenas<\/title>\n<meta name=\"robots\" content=\"index, follow, max-snippet:-1, max-image-preview:large, max-video-preview:-1\" \/>\n<link rel=\"canonical\" href=\"https:\/\/consejoderectores.cl\/en\/2024\/08\/13\/sobre-el-cruch\/\" \/>\n<meta property=\"og:locale\" content=\"en_US\" \/>\n<meta property=\"og:type\" content=\"article\" \/>\n<meta property=\"og:title\" content=\"Sobre el CRUCH - Consejo de Rectoras y Rectores de las Universidades Chilenas\" \/>\n<meta property=\"og:description\" content=\"Mandato por ley El CRUCH es una persona jur\u00eddica de derecho p\u00fablico que act\u00faa como organismo colegiado. De acuerdo a lo dispuesto en la Ley 21.091 Sobre Educaci\u00f3n Superior y el Decreto con fuerza de ley N\u00b02 de 1985, al CRUCH le corresponde asesorar y formular propuestas al Ministerio de Educaci\u00f3n en las pol\u00edticas p\u00fablicas [&hellip;]\" \/>\n<meta property=\"og:url\" content=\"https:\/\/consejoderectores.cl\/en\/2024\/08\/13\/sobre-el-cruch\/\" \/>\n<meta property=\"og:site_name\" content=\"Consejo de Rectoras y Rectores de las Universidades Chilenas\" \/>\n<meta property=\"article:published_time\" content=\"2024-08-13T12:24:56+00:00\" \/>\n<meta property=\"article:modified_time\" content=\"2024-08-13T19:01:42+00:00\" \/>\n<meta property=\"og:image\" content=\"https:\/\/consejoderectores.cl\/wp-content\/uploads\/2024\/08\/Imegenes-para-noticias-6.png\" \/>\n\t<meta property=\"og:image:width\" content=\"1900\" \/>\n\t<meta property=\"og:image:height\" content=\"600\" \/>\n\t<meta property=\"og:image:type\" content=\"image\/png\" \/>\n<meta name=\"author\" content=\"Consejo de Rectores de las Universidades Chilenas\" \/>\n<meta name=\"twitter:card\" content=\"summary_large_image\" \/>\n<meta name=\"twitter:creator\" content=\"@CRUCH_cl\" \/>\n<meta name=\"twitter:site\" content=\"@CRUCH_cl\" \/>\n<meta name=\"twitter:label1\" content=\"Written by\" \/>\n\t<meta name=\"twitter:data1\" content=\"Consejo de Rectores de las Universidades Chilenas\" \/>\n\t<meta name=\"twitter:label2\" content=\"Est. reading time\" \/>\n\t<meta name=\"twitter:data2\" content=\"3 minutes\" \/>\n<script type=\"application\/ld+json\" class=\"yoast-schema-graph\">{\"@context\":\"https:\/\/schema.org\",\"@graph\":[{\"@type\":\"Article\",\"@id\":\"https:\/\/consejoderectores.cl\/2024\/08\/13\/sobre-el-cruch\/#article\",\"isPartOf\":{\"@id\":\"https:\/\/consejoderectores.cl\/2024\/08\/13\/sobre-el-cruch\/\"},\"author\":{\"name\":\"Consejo de Rectores de las Universidades Chilenas\",\"@id\":\"https:\/\/consejoderectores.cl\/en\/#\/schema\/person\/d863e44afde067fd4b57fac66ced709e\"},\"headline\":\"Sobre el CRUCH\",\"datePublished\":\"2024-08-13T12:24:56+00:00\",\"dateModified\":\"2024-08-13T19:01:42+00:00\",\"mainEntityOfPage\":{\"@id\":\"https:\/\/consejoderectores.cl\/2024\/08\/13\/sobre-el-cruch\/\"},\"wordCount\":312,\"commentCount\":0,\"publisher\":{\"@id\":\"https:\/\/consejoderectores.cl\/en\/#organization\"},\"image\":{\"@id\":\"https:\/\/consejoderectores.cl\/2024\/08\/13\/sobre-el-cruch\/#primaryimage\"},\"thumbnailUrl\":\"https:\/\/consejoderectores.cl\/wp-content\/uploads\/2024\/08\/Imegenes-para-noticias-6.png\",\"articleSection\":[\"Noticias\"],\"inLanguage\":\"en-US\",\"potentialAction\":[{\"@type\":\"CommentAction\",\"name\":\"Comment\",\"target\":[\"https:\/\/consejoderectores.cl\/2024\/08\/13\/sobre-el-cruch\/#respond\"]}]},{\"@type\":\"WebPage\",\"@id\":\"https:\/\/consejoderectores.cl\/2024\/08\/13\/sobre-el-cruch\/\",\"url\":\"https:\/\/consejoderectores.cl\/2024\/08\/13\/sobre-el-cruch\/\",\"name\":\"Sobre el CRUCH - Consejo de Rectoras y Rectores de las Universidades Chilenas\",\"isPartOf\":{\"@id\":\"https:\/\/consejoderectores.cl\/en\/#website\"},\"primaryImageOfPage\":{\"@id\":\"https:\/\/consejoderectores.cl\/2024\/08\/13\/sobre-el-cruch\/#primaryimage\"},\"image\":{\"@id\":\"https:\/\/consejoderectores.cl\/2024\/08\/13\/sobre-el-cruch\/#primaryimage\"},\"thumbnailUrl\":\"https:\/\/consejoderectores.cl\/wp-content\/uploads\/2024\/08\/Imegenes-para-noticias-6.png\",\"datePublished\":\"2024-08-13T12:24:56+00:00\",\"dateModified\":\"2024-08-13T19:01:42+00:00\",\"breadcrumb\":{\"@id\":\"https:\/\/consejoderectores.cl\/2024\/08\/13\/sobre-el-cruch\/#breadcrumb\"},\"inLanguage\":\"en-US\",\"potentialAction\":[{\"@type\":\"ReadAction\",\"target\":[\"https:\/\/consejoderectores.cl\/2024\/08\/13\/sobre-el-cruch\/\"]}]},{\"@type\":\"ImageObject\",\"inLanguage\":\"en-US\",\"@id\":\"https:\/\/consejoderectores.cl\/2024\/08\/13\/sobre-el-cruch\/#primaryimage\",\"url\":\"https:\/\/consejoderectores.cl\/wp-content\/uploads\/2024\/08\/Imegenes-para-noticias-6.png\",\"contentUrl\":\"https:\/\/consejoderectores.cl\/wp-content\/uploads\/2024\/08\/Imegenes-para-noticias-6.png\",\"width\":1900,\"height\":600},{\"@type\":\"BreadcrumbList\",\"@id\":\"https:\/\/consejoderectores.cl\/2024\/08\/13\/sobre-el-cruch\/#breadcrumb\",\"itemListElement\":[{\"@type\":\"ListItem\",\"position\":1,\"name\":\"Home\",\"item\":\"https:\/\/consejoderectores.cl\/\"},{\"@type\":\"ListItem\",\"position\":2,\"name\":\"Sobre el CRUCH\"}]},{\"@type\":\"WebSite\",\"@id\":\"https:\/\/consejoderectores.cl\/en\/#website\",\"url\":\"https:\/\/consejoderectores.cl\/en\/\",\"name\":\"Consejo de Rectoras y Rectores de las Universidades Chilenas\",\"description\":\"\",\"publisher\":{\"@id\":\"https:\/\/consejoderectores.cl\/en\/#organization\"},\"potentialAction\":[{\"@type\":\"SearchAction\",\"target\":{\"@type\":\"EntryPoint\",\"urlTemplate\":\"https:\/\/consejoderectores.cl\/en\/?s={search_term_string}\"},\"query-input\":{\"@type\":\"PropertyValueSpecification\",\"valueRequired\":true,\"valueName\":\"search_term_string\"}}],\"inLanguage\":\"en-US\"},{\"@type\":\"Organization\",\"@id\":\"https:\/\/consejoderectores.cl\/en\/#organization\",\"name\":\"Consejo de Rectoras y Rectores de las Universidades Chilenas\",\"url\":\"https:\/\/consejoderectores.cl\/en\/\",\"logo\":{\"@type\":\"ImageObject\",\"inLanguage\":\"en-US\",\"@id\":\"https:\/\/consejoderectores.cl\/en\/#\/schema\/logo\/image\/\",\"url\":\"https:\/\/consejoderectores.cl\/wp-content\/uploads\/2025\/12\/logoheader_2025.png\",\"contentUrl\":\"https:\/\/consejoderectores.cl\/wp-content\/uploads\/2025\/12\/logoheader_2025.png\",\"width\":666,\"height\":305,\"caption\":\"Consejo de Rectoras y Rectores de las Universidades Chilenas\"},\"image\":{\"@id\":\"https:\/\/consejoderectores.cl\/en\/#\/schema\/logo\/image\/\"},\"sameAs\":[\"https:\/\/x.com\/CRUCH_cl\",\"https:\/\/www.instagram.com\/consejoderectores\/\",\"https:\/\/www.linkedin.com\/company\/cruch\/\",\"https:\/\/www.youtube.com\/channel\/UCzgIFRCsDlKoFpimiQmEaOA\"]},{\"@type\":\"Person\",\"@id\":\"https:\/\/consejoderectores.cl\/en\/#\/schema\/person\/d863e44afde067fd4b57fac66ced709e\",\"name\":\"Consejo de Rectores de las Universidades Chilenas\",\"image\":{\"@type\":\"ImageObject\",\"inLanguage\":\"en-US\",\"@id\":\"https:\/\/consejoderectores.cl\/en\/#\/schema\/person\/image\/\",\"url\":\"https:\/\/secure.gravatar.com\/avatar\/c31e2a02401f041926afb8ee21ab666f0925814fe85d25a5c8db80e23722dfc1?s=96&d=mm&r=g\",\"contentUrl\":\"https:\/\/secure.gravatar.com\/avatar\/c31e2a02401f041926afb8ee21ab666f0925814fe85d25a5c8db80e23722dfc1?s=96&d=mm&r=g\",\"caption\":\"Consejo de Rectores de las Universidades Chilenas\"},\"sameAs\":[\"https:\/\/www.consejoderectores.cl\"],\"url\":\"https:\/\/consejoderectores.cl\/en\/author\/cruch\/\"}]}<\/script>\n<!-- \/ Yoast SEO plugin. -->","yoast_head_json":{"title":"Sobre el CRUCH - Consejo de Rectoras y Rectores de las Universidades Chilenas","robots":{"index":"index","follow":"follow","max-snippet":"max-snippet:-1","max-image-preview":"max-image-preview:large","max-video-preview":"max-video-preview:-1"},"canonical":"https:\/\/consejoderectores.cl\/en\/2024\/08\/13\/sobre-el-cruch\/","og_locale":"en_US","og_type":"article","og_title":"Sobre el CRUCH - Consejo de Rectoras y Rectores de las Universidades Chilenas","og_description":"Mandato por ley El CRUCH es una persona jur\u00eddica de derecho p\u00fablico que act\u00faa como organismo colegiado. De acuerdo a lo dispuesto en la Ley 21.091 Sobre Educaci\u00f3n Superior y el Decreto con fuerza de ley N\u00b02 de 1985, al CRUCH le corresponde asesorar y formular propuestas al Ministerio de Educaci\u00f3n en las pol\u00edticas p\u00fablicas [&hellip;]","og_url":"https:\/\/consejoderectores.cl\/en\/2024\/08\/13\/sobre-el-cruch\/","og_site_name":"Consejo de Rectoras y Rectores de las Universidades Chilenas","article_published_time":"2024-08-13T12:24:56+00:00","article_modified_time":"2024-08-13T19:01:42+00:00","og_image":[{"width":1900,"height":600,"url":"https:\/\/consejoderectores.cl\/wp-content\/uploads\/2024\/08\/Imegenes-para-noticias-6.png","type":"image\/png"}],"author":"Consejo de Rectores de las Universidades Chilenas","twitter_card":"summary_large_image","twitter_creator":"@CRUCH_cl","twitter_site":"@CRUCH_cl","twitter_misc":{"Written by":"Consejo de Rectores de las Universidades Chilenas","Est. reading time":"3 minutes"},"schema":{"@context":"https:\/\/schema.org","@graph":[{"@type":"Article","@id":"https:\/\/consejoderectores.cl\/2024\/08\/13\/sobre-el-cruch\/#article","isPartOf":{"@id":"https:\/\/consejoderectores.cl\/2024\/08\/13\/sobre-el-cruch\/"},"author":{"name":"Consejo de Rectores de las Universidades Chilenas","@id":"https:\/\/consejoderectores.cl\/en\/#\/schema\/person\/d863e44afde067fd4b57fac66ced709e"},"headline":"Sobre el CRUCH","datePublished":"2024-08-13T12:24:56+00:00","dateModified":"2024-08-13T19:01:42+00:00","mainEntityOfPage":{"@id":"https:\/\/consejoderectores.cl\/2024\/08\/13\/sobre-el-cruch\/"},"wordCount":312,"commentCount":0,"publisher":{"@id":"https:\/\/consejoderectores.cl\/en\/#organization"},"image":{"@id":"https:\/\/consejoderectores.cl\/2024\/08\/13\/sobre-el-cruch\/#primaryimage"},"thumbnailUrl":"https:\/\/consejoderectores.cl\/wp-content\/uploads\/2024\/08\/Imegenes-para-noticias-6.png","articleSection":["Noticias"],"inLanguage":"en-US","potentialAction":[{"@type":"CommentAction","name":"Comment","target":["https:\/\/consejoderectores.cl\/2024\/08\/13\/sobre-el-cruch\/#respond"]}]},{"@type":"WebPage","@id":"https:\/\/consejoderectores.cl\/2024\/08\/13\/sobre-el-cruch\/","url":"https:\/\/consejoderectores.cl\/2024\/08\/13\/sobre-el-cruch\/","name":"Sobre el CRUCH - Consejo de Rectoras y Rectores de las Universidades Chilenas","isPartOf":{"@id":"https:\/\/consejoderectores.cl\/en\/#website"},"primaryImageOfPage":{"@id":"https:\/\/consejoderectores.cl\/2024\/08\/13\/sobre-el-cruch\/#primaryimage"},"image":{"@id":"https:\/\/consejoderectores.cl\/2024\/08\/13\/sobre-el-cruch\/#primaryimage"},"thumbnailUrl":"https:\/\/consejoderectores.cl\/wp-content\/uploads\/2024\/08\/Imegenes-para-noticias-6.png","datePublished":"2024-08-13T12:24:56+00:00","dateModified":"2024-08-13T19:01:42+00:00","breadcrumb":{"@id":"https:\/\/consejoderectores.cl\/2024\/08\/13\/sobre-el-cruch\/#breadcrumb"},"inLanguage":"en-US","potentialAction":[{"@type":"ReadAction","target":["https:\/\/consejoderectores.cl\/2024\/08\/13\/sobre-el-cruch\/"]}]},{"@type":"ImageObject","inLanguage":"en-US","@id":"https:\/\/consejoderectores.cl\/2024\/08\/13\/sobre-el-cruch\/#primaryimage","url":"https:\/\/consejoderectores.cl\/wp-content\/uploads\/2024\/08\/Imegenes-para-noticias-6.png","contentUrl":"https:\/\/consejoderectores.cl\/wp-content\/uploads\/2024\/08\/Imegenes-para-noticias-6.png","width":1900,"height":600},{"@type":"BreadcrumbList","@id":"https:\/\/consejoderectores.cl\/2024\/08\/13\/sobre-el-cruch\/#breadcrumb","itemListElement":[{"@type":"ListItem","position":1,"name":"Home","item":"https:\/\/consejoderectores.cl\/"},{"@type":"ListItem","position":2,"name":"Sobre el CRUCH"}]},{"@type":"WebSite","@id":"https:\/\/consejoderectores.cl\/en\/#website","url":"https:\/\/consejoderectores.cl\/en\/","name":"Council of Rectors of Chilean Universities","description":"","publisher":{"@id":"https:\/\/consejoderectores.cl\/en\/#organization"},"potentialAction":[{"@type":"SearchAction","target":{"@type":"EntryPoint","urlTemplate":"https:\/\/consejoderectores.cl\/en\/?s={search_term_string}"},"query-input":{"@type":"PropertyValueSpecification","valueRequired":true,"valueName":"search_term_string"}}],"inLanguage":"en-US"},{"@type":"Organization","@id":"https:\/\/consejoderectores.cl\/en\/#organization","name":"Council of Rectors of Chilean Universities","url":"https:\/\/consejoderectores.cl\/en\/","logo":{"@type":"ImageObject","inLanguage":"en-US","@id":"https:\/\/consejoderectores.cl\/en\/#\/schema\/logo\/image\/","url":"https:\/\/consejoderectores.cl\/wp-content\/uploads\/2025\/12\/logoheader_2025.png","contentUrl":"https:\/\/consejoderectores.cl\/wp-content\/uploads\/2025\/12\/logoheader_2025.png","width":666,"height":305,"caption":"Consejo de Rectoras y Rectores de las Universidades Chilenas"},"image":{"@id":"https:\/\/consejoderectores.cl\/en\/#\/schema\/logo\/image\/"},"sameAs":["https:\/\/x.com\/CRUCH_cl","https:\/\/www.instagram.com\/consejoderectores\/","https:\/\/www.linkedin.com\/company\/cruch\/","https:\/\/www.youtube.com\/channel\/UCzgIFRCsDlKoFpimiQmEaOA"]},{"@type":"Person","@id":"https:\/\/consejoderectores.cl\/en\/#\/schema\/person\/d863e44afde067fd4b57fac66ced709e","name":"Council of Rectors of Chilean Universities","image":{"@type":"ImageObject","inLanguage":"en-US","@id":"https:\/\/consejoderectores.cl\/en\/#\/schema\/person\/image\/","url":"https:\/\/secure.gravatar.com\/avatar\/c31e2a02401f041926afb8ee21ab666f0925814fe85d25a5c8db80e23722dfc1?s=96&d=mm&r=g","contentUrl":"https:\/\/secure.gravatar.com\/avatar\/c31e2a02401f041926afb8ee21ab666f0925814fe85d25a5c8db80e23722dfc1?s=96&d=mm&r=g","caption":"Consejo de Rectores de las Universidades Chilenas"},"sameAs":["https:\/\/www.consejoderectores.cl"],"url":"https:\/\/consejoderectores.cl\/en\/author\/cruch\/"}]}},"_links":{"self":[{"href":"https:\/\/consejoderectores.cl\/en\/wp-json\/wp\/v2\/posts\/11462","targetHints":{"allow":["GET"]}}],"collection":[{"href":"https:\/\/consejoderectores.cl\/en\/wp-json\/wp\/v2\/posts"}],"about":[{"href":"https:\/\/consejoderectores.cl\/en\/wp-json\/wp\/v2\/types\/post"}],"author":[{"embeddable":true,"href":"https:\/\/consejoderectores.cl\/en\/wp-json\/wp\/v2\/users\/1"}],"replies":[{"embeddable":true,"href":"https:\/\/consejoderectores.cl\/en\/wp-json\/wp\/v2\/comments?post=11462"}],"version-history":[{"count":4,"href":"https:\/\/consejoderectores.cl\/en\/wp-json\/wp\/v2\/posts\/11462\/revisions"}],"predecessor-version":[{"id":11536,"href":"https:\/\/consejoderectores.cl\/en\/wp-json\/wp\/v2\/posts\/11462\/revisions\/11536"}],"wp:featuredmedia":[{"embeddable":true,"href":"https:\/\/consejoderectores.cl\/en\/wp-json\/wp\/v2\/media\/11535"}],"wp:attachment":[{"href":"https:\/\/consejoderectores.cl\/en\/wp-json\/wp\/v2\/media?parent=11462"}],"wp:term":[{"taxonomy":"category","embeddable":true,"href":"https:\/\/consejoderectores.cl\/en\/wp-json\/wp\/v2\/categories?post=11462"},{"taxonomy":"post_tag","embeddable":true,"href":"https:\/\/consejoderectores.cl\/en\/wp-json\/wp\/v2\/tags?post=11462"}],"curies":[{"name":"wp","href":"https:\/\/api.w.org\/{rel}","templated":true}]}}