{"id":11460,"date":"2024-08-13T12:23:21","date_gmt":"2024-08-13T12:23:21","guid":{"rendered":"https:\/\/consejoderectores.cl\/?p=11460"},"modified":"2024-08-13T18:16:30","modified_gmt":"2024-08-13T18:16:30","slug":"seminarios-tematicos-70-anos-cruch","status":"publish","type":"post","link":"https:\/\/consejoderectores.cl\/en\/2024\/08\/13\/seminarios-tematicos-70-anos-cruch\/","title":{"rendered":"Thematic Seminars 70 years CRUCH"},"content":{"rendered":"<p>Throughout 2024, CRUCH has been carrying out various activities to commemorate its 70th anniversary. An event was held in January at the University of Tarapac\u00e1, in March at the Catholic University of Chile, and in August at the Metropolitan University of Educational Sciences. Additional events are planned for the coming months and will be announced through this platform.<\/p>\n<p><strong>CRUCH activities within the framework of the 70th anniversary<\/strong><\/p>\n<p><img loading=\"lazy\" decoding=\"async\" class=\"size-medium wp-image-11521 alignleft\" src=\"https:\/\/consejoderectores.cl\/wp-content\/uploads\/2024\/08\/workshop-1-300x200.jpeg\" alt=\"\" width=\"300\" height=\"200\" srcset=\"https:\/\/consejoderectores.cl\/wp-content\/uploads\/2024\/08\/workshop-1-300x200.jpeg 300w, https:\/\/consejoderectores.cl\/wp-content\/uploads\/2024\/08\/workshop-1-768x512.jpeg 768w, https:\/\/consejoderectores.cl\/wp-content\/uploads\/2024\/08\/workshop-1-18x12.jpeg 18w, https:\/\/consejoderectores.cl\/wp-content\/uploads\/2024\/08\/workshop-1-320x213.jpeg 320w, https:\/\/consejoderectores.cl\/wp-content\/uploads\/2024\/08\/workshop-1-480x320.jpeg 480w, https:\/\/consejoderectores.cl\/wp-content\/uploads\/2024\/08\/workshop-1-800x534.jpeg 800w, https:\/\/consejoderectores.cl\/wp-content\/uploads\/2024\/08\/workshop-1-848x566.jpeg 848w, https:\/\/consejoderectores.cl\/wp-content\/uploads\/2024\/08\/workshop-1.jpeg 1024w\" sizes=\"auto, (max-width: 300px) 100vw, 300px\" \/><\/p>\n<p><strong>Activity name:<\/strong> Workshop \u201cChallenges of Higher Education\u00bb.<\/p>\n<p><strong>Place:<\/strong> University of Tarapac\u00e1, Arica.<\/p>\n<p><strong>Date:<\/strong> January 19, 2024.<\/p>\n<p><strong><a href=\"https:\/\/www.uta.cl\/index.php\/2024\/01\/17\/en-arica-expertos-internacionales-abordaran-los-desafios-de-la-educacion-superior\/\">More information<\/a><\/strong><\/p>\n<p>&nbsp;<\/p>\n<p>&nbsp;<\/p>\n<p><strong><img loading=\"lazy\" decoding=\"async\" class=\"size-medium wp-image-10346 alignleft\" src=\"https:\/\/consejoderectores.cl\/wp-content\/uploads\/2024\/03\/Captura-de-pantalla-2024-03-11-165131-e1710188218332-300x160.png\" alt=\"\" width=\"300\" height=\"160\" srcset=\"https:\/\/consejoderectores.cl\/wp-content\/uploads\/2024\/03\/Captura-de-pantalla-2024-03-11-165131-e1710188218332-300x160.png 300w, https:\/\/consejoderectores.cl\/wp-content\/uploads\/2024\/03\/Captura-de-pantalla-2024-03-11-165131-e1710188218332-1024x545.png 1024w, https:\/\/consejoderectores.cl\/wp-content\/uploads\/2024\/03\/Captura-de-pantalla-2024-03-11-165131-e1710188218332-768x409.png 768w, https:\/\/consejoderectores.cl\/wp-content\/uploads\/2024\/03\/Captura-de-pantalla-2024-03-11-165131-e1710188218332-1536x818.png 1536w, https:\/\/consejoderectores.cl\/wp-content\/uploads\/2024\/03\/Captura-de-pantalla-2024-03-11-165131-e1710188218332-18x10.png 18w, https:\/\/consejoderectores.cl\/wp-content\/uploads\/2024\/03\/Captura-de-pantalla-2024-03-11-165131-e1710188218332-320x170.png 320w, https:\/\/consejoderectores.cl\/wp-content\/uploads\/2024\/03\/Captura-de-pantalla-2024-03-11-165131-e1710188218332-480x255.png 480w, https:\/\/consejoderectores.cl\/wp-content\/uploads\/2024\/03\/Captura-de-pantalla-2024-03-11-165131-e1710188218332-800x426.png 800w, https:\/\/consejoderectores.cl\/wp-content\/uploads\/2024\/03\/Captura-de-pantalla-2024-03-11-165131-e1710188218332-848x451.png 848w, https:\/\/consejoderectores.cl\/wp-content\/uploads\/2024\/03\/Captura-de-pantalla-2024-03-11-165131-e1710188218332-1140x607.png 1140w, https:\/\/consejoderectores.cl\/wp-content\/uploads\/2024\/03\/Captura-de-pantalla-2024-03-11-165131-e1710188218332-1170x623.png 1170w, https:\/\/consejoderectores.cl\/wp-content\/uploads\/2024\/03\/Captura-de-pantalla-2024-03-11-165131-e1710188218332.png 1704w\" sizes=\"auto, (max-width: 300px) 100vw, 300px\" \/>Activity name:<\/strong> CRUCH launches new website.<\/p>\n<p><strong>Place:<\/strong> On-line.<\/p>\n<p><strong>Date:<\/strong> March 12, 2024.<\/p>\n<p><a href=\"https:\/\/consejoderectores.cl\/en\/2024\/03\/12\/cruch-renueva-web-institucional-en-el-marco-de-sus-70-anos-al-servicio-de-la-educacion-superior-en-chile\/\"><strong>More information<\/strong><\/a><\/p>\n<p>&nbsp;<\/p>\n<p><strong><img loading=\"lazy\" decoding=\"async\" class=\"size-medium wp-image-10431 alignleft\" src=\"https:\/\/consejoderectores.cl\/wp-content\/uploads\/2024\/03\/WhatsApp-Image-2024-03-22-at-10.40.08-1-300x200.jpeg\" alt=\"\" width=\"300\" height=\"200\" srcset=\"https:\/\/consejoderectores.cl\/wp-content\/uploads\/2024\/03\/WhatsApp-Image-2024-03-22-at-10.40.08-1-300x200.jpeg 300w, https:\/\/consejoderectores.cl\/wp-content\/uploads\/2024\/03\/WhatsApp-Image-2024-03-22-at-10.40.08-1-1024x683.jpeg 1024w, https:\/\/consejoderectores.cl\/wp-content\/uploads\/2024\/03\/WhatsApp-Image-2024-03-22-at-10.40.08-1-768x512.jpeg 768w, https:\/\/consejoderectores.cl\/wp-content\/uploads\/2024\/03\/WhatsApp-Image-2024-03-22-at-10.40.08-1-1536x1024.jpeg 1536w, https:\/\/consejoderectores.cl\/wp-content\/uploads\/2024\/03\/WhatsApp-Image-2024-03-22-at-10.40.08-1-18x12.jpeg 18w, https:\/\/consejoderectores.cl\/wp-content\/uploads\/2024\/03\/WhatsApp-Image-2024-03-22-at-10.40.08-1-320x213.jpeg 320w, https:\/\/consejoderectores.cl\/wp-content\/uploads\/2024\/03\/WhatsApp-Image-2024-03-22-at-10.40.08-1-480x320.jpeg 480w, https:\/\/consejoderectores.cl\/wp-content\/uploads\/2024\/03\/WhatsApp-Image-2024-03-22-at-10.40.08-1-800x533.jpeg 800w, https:\/\/consejoderectores.cl\/wp-content\/uploads\/2024\/03\/WhatsApp-Image-2024-03-22-at-10.40.08-1-848x565.jpeg 848w, https:\/\/consejoderectores.cl\/wp-content\/uploads\/2024\/03\/WhatsApp-Image-2024-03-22-at-10.40.08-1-1140x760.jpeg 1140w, https:\/\/consejoderectores.cl\/wp-content\/uploads\/2024\/03\/WhatsApp-Image-2024-03-22-at-10.40.08-1-1170x780.jpeg 1170w, https:\/\/consejoderectores.cl\/wp-content\/uploads\/2024\/03\/WhatsApp-Image-2024-03-22-at-10.40.08-1.jpeg 1599w\" sizes=\"auto, (max-width: 300px) 100vw, 300px\" \/><\/strong><\/p>\n<p><strong>Activity name:<\/strong> Presentation of the report on strengthening pedagogies \u201cTeaching Changes Lives\u201d and delivery to the Minister of Education.<\/p>\n<p><strong>Place:<\/strong> Catholic University of Chile, Santiago.<\/p>\n<p><strong>Date:<\/strong> March 21, 2024.<\/p>\n<p><a href=\"https:\/\/consejoderectores.cl\/en\/2024\/03\/22\/rectoras-y-rectores-del-cruch-entregaron-a-ministro-de-educacion-informe-de-fortalecimiento-de-pedagogias-la-docencia-cambia-vidas\/\"><strong>More information<\/strong><\/a><\/p>\n<p>&nbsp;<\/p>\n<p>&nbsp;<\/p>\n<p><strong><img loading=\"lazy\" decoding=\"async\" class=\"size-medium wp-image-11522 alignleft\" src=\"https:\/\/consejoderectores.cl\/wp-content\/uploads\/2024\/08\/seminario-CoVra-300x219.jpg\" alt=\"\" width=\"300\" height=\"219\" srcset=\"https:\/\/consejoderectores.cl\/wp-content\/uploads\/2024\/08\/seminario-CoVra-300x219.jpg 300w, https:\/\/consejoderectores.cl\/wp-content\/uploads\/2024\/08\/seminario-CoVra-768x560.jpg 768w, https:\/\/consejoderectores.cl\/wp-content\/uploads\/2024\/08\/seminario-CoVra-16x12.jpg 16w, https:\/\/consejoderectores.cl\/wp-content\/uploads\/2024\/08\/seminario-CoVra-320x233.jpg 320w, https:\/\/consejoderectores.cl\/wp-content\/uploads\/2024\/08\/seminario-CoVra-480x350.jpg 480w, https:\/\/consejoderectores.cl\/wp-content\/uploads\/2024\/08\/seminario-CoVra-800x583.jpg 800w, https:\/\/consejoderectores.cl\/wp-content\/uploads\/2024\/08\/seminario-CoVra-848x618.jpg 848w, https:\/\/consejoderectores.cl\/wp-content\/uploads\/2024\/08\/seminario-CoVra.jpg 900w\" sizes=\"auto, (max-width: 300px) 100vw, 300px\" \/><\/strong><\/p>\n<p><strong>Activity name:<\/strong> First Seminar on University Coexistence and Academic Integrity CRUCH.<\/p>\n<p><strong>Place:<\/strong> Metropolitan University of Educational Sciences, Santiago.<\/p>\n<p><strong>Date:<\/strong> August 8, 2024.<\/p>\n<p><strong><a href=\"https:\/\/www.umce.cl\/index.php\/noticias-universidad\/item\/4868-seminario-convivencia-covra-cruch-umce\">More information<\/a><\/strong><\/p>\n<p>&nbsp;<\/p>\n<p>&nbsp;<\/p>\n<p>&nbsp;<\/p>\n<p>&nbsp;<\/p>","protected":false},"excerpt":{"rendered":"<p>Durante el 2024 el CRUCH ha estado realizando distintas actividades en el marco de los 70 a\u00f1os. En enero se desarrollo un evento en la Universidad de Tarapac\u00e1, en marzo en la Universidad Cat\u00f3lica de Chile y en agosto en la Universidad Metropolitana de Ciencias de la Educaci\u00f3n. Para los pr\u00f3ximos meses se contemplan otros [&hellip;]<\/p>\n","protected":false},"author":1,"featured_media":11518,"comment_status":"open","ping_status":"open","sticky":false,"template":"","format":"standard","meta":{"_acf_changed":false,"footnotes":""},"categories":[3],"tags":[],"class_list":["post-11460","post","type-post","status-publish","format-standard","has-post-thumbnail","hentry","category-noticias"],"acf":[],"yoast_head":"<!-- This site is optimized with the Yoast SEO plugin v27.1.1 - https:\/\/yoast.com\/product\/yoast-seo-wordpress\/ -->\n<title>Seminarios Tem\u00e1ticos 70 a\u00f1os CRUCH - Consejo de Rectoras y Rectores de las Universidades Chilenas<\/title>\n<meta name=\"robots\" content=\"index, follow, max-snippet:-1, max-image-preview:large, max-video-preview:-1\" \/>\n<link rel=\"canonical\" href=\"https:\/\/consejoderectores.cl\/en\/2024\/08\/13\/seminarios-tematicos-70-anos-cruch\/\" \/>\n<meta property=\"og:locale\" content=\"en_US\" \/>\n<meta property=\"og:type\" content=\"article\" \/>\n<meta property=\"og:title\" content=\"Seminarios Tem\u00e1ticos 70 a\u00f1os CRUCH - Consejo de Rectoras y Rectores de las Universidades Chilenas\" \/>\n<meta property=\"og:description\" content=\"Durante el 2024 el CRUCH ha estado realizando distintas actividades en el marco de los 70 a\u00f1os. En enero se desarrollo un evento en la Universidad de Tarapac\u00e1, en marzo en la Universidad Cat\u00f3lica de Chile y en agosto en la Universidad Metropolitana de Ciencias de la Educaci\u00f3n. Para los pr\u00f3ximos meses se contemplan otros [&hellip;]\" \/>\n<meta property=\"og:url\" content=\"https:\/\/consejoderectores.cl\/en\/2024\/08\/13\/seminarios-tematicos-70-anos-cruch\/\" \/>\n<meta property=\"og:site_name\" content=\"Consejo de Rectoras y Rectores de las Universidades Chilenas\" \/>\n<meta property=\"article:published_time\" content=\"2024-08-13T12:23:21+00:00\" \/>\n<meta property=\"article:modified_time\" content=\"2024-08-13T18:16:30+00:00\" \/>\n<meta property=\"og:image\" content=\"https:\/\/consejoderectores.cl\/wp-content\/uploads\/2024\/08\/Imegenes-para-noticias-5.png\" \/>\n\t<meta property=\"og:image:width\" content=\"1900\" \/>\n\t<meta property=\"og:image:height\" content=\"600\" \/>\n\t<meta property=\"og:image:type\" content=\"image\/png\" \/>\n<meta name=\"author\" content=\"Consejo de Rectores de las Universidades Chilenas\" \/>\n<meta name=\"twitter:card\" content=\"summary_large_image\" \/>\n<meta name=\"twitter:creator\" content=\"@CRUCH_cl\" \/>\n<meta name=\"twitter:site\" content=\"@CRUCH_cl\" \/>\n<meta name=\"twitter:label1\" content=\"Written by\" \/>\n\t<meta name=\"twitter:data1\" content=\"Consejo de Rectores de las Universidades Chilenas\" \/>\n\t<meta name=\"twitter:label2\" content=\"Est. reading time\" \/>\n\t<meta name=\"twitter:data2\" content=\"2 minutes\" \/>\n<script type=\"application\/ld+json\" class=\"yoast-schema-graph\">{\"@context\":\"https:\/\/schema.org\",\"@graph\":[{\"@type\":\"Article\",\"@id\":\"https:\/\/consejoderectores.cl\/en\/2024\/08\/13\/seminarios-tematicos-70-anos-cruch\/#article\",\"isPartOf\":{\"@id\":\"https:\/\/consejoderectores.cl\/en\/2024\/08\/13\/seminarios-tematicos-70-anos-cruch\/\"},\"author\":{\"name\":\"Consejo de Rectores de las Universidades Chilenas\",\"@id\":\"https:\/\/consejoderectores.cl\/en\/#\/schema\/person\/d863e44afde067fd4b57fac66ced709e\"},\"headline\":\"Seminarios Tem\u00e1ticos 70 a\u00f1os CRUCH\",\"datePublished\":\"2024-08-13T12:23:21+00:00\",\"dateModified\":\"2024-08-13T18:16:30+00:00\",\"mainEntityOfPage\":{\"@id\":\"https:\/\/consejoderectores.cl\/en\/2024\/08\/13\/seminarios-tematicos-70-anos-cruch\/\"},\"wordCount\":209,\"commentCount\":0,\"publisher\":{\"@id\":\"https:\/\/consejoderectores.cl\/en\/#organization\"},\"image\":{\"@id\":\"https:\/\/consejoderectores.cl\/en\/2024\/08\/13\/seminarios-tematicos-70-anos-cruch\/#primaryimage\"},\"thumbnailUrl\":\"https:\/\/consejoderectores.cl\/wp-content\/uploads\/2024\/08\/Imegenes-para-noticias-5.png\",\"articleSection\":[\"Noticias\"],\"inLanguage\":\"en-US\",\"potentialAction\":[{\"@type\":\"CommentAction\",\"name\":\"Comment\",\"target\":[\"https:\/\/consejoderectores.cl\/en\/2024\/08\/13\/seminarios-tematicos-70-anos-cruch\/#respond\"]}]},{\"@type\":\"WebPage\",\"@id\":\"https:\/\/consejoderectores.cl\/en\/2024\/08\/13\/seminarios-tematicos-70-anos-cruch\/\",\"url\":\"https:\/\/consejoderectores.cl\/en\/2024\/08\/13\/seminarios-tematicos-70-anos-cruch\/\",\"name\":\"Seminarios Tem\u00e1ticos 70 a\u00f1os CRUCH - Consejo de Rectoras y Rectores de las Universidades Chilenas\",\"isPartOf\":{\"@id\":\"https:\/\/consejoderectores.cl\/en\/#website\"},\"primaryImageOfPage\":{\"@id\":\"https:\/\/consejoderectores.cl\/en\/2024\/08\/13\/seminarios-tematicos-70-anos-cruch\/#primaryimage\"},\"image\":{\"@id\":\"https:\/\/consejoderectores.cl\/en\/2024\/08\/13\/seminarios-tematicos-70-anos-cruch\/#primaryimage\"},\"thumbnailUrl\":\"https:\/\/consejoderectores.cl\/wp-content\/uploads\/2024\/08\/Imegenes-para-noticias-5.png\",\"datePublished\":\"2024-08-13T12:23:21+00:00\",\"dateModified\":\"2024-08-13T18:16:30+00:00\",\"breadcrumb\":{\"@id\":\"https:\/\/consejoderectores.cl\/en\/2024\/08\/13\/seminarios-tematicos-70-anos-cruch\/#breadcrumb\"},\"inLanguage\":\"en-US\",\"potentialAction\":[{\"@type\":\"ReadAction\",\"target\":[\"https:\/\/consejoderectores.cl\/en\/2024\/08\/13\/seminarios-tematicos-70-anos-cruch\/\"]}]},{\"@type\":\"ImageObject\",\"inLanguage\":\"en-US\",\"@id\":\"https:\/\/consejoderectores.cl\/en\/2024\/08\/13\/seminarios-tematicos-70-anos-cruch\/#primaryimage\",\"url\":\"https:\/\/consejoderectores.cl\/wp-content\/uploads\/2024\/08\/Imegenes-para-noticias-5.png\",\"contentUrl\":\"https:\/\/consejoderectores.cl\/wp-content\/uploads\/2024\/08\/Imegenes-para-noticias-5.png\",\"width\":1900,\"height\":600},{\"@type\":\"BreadcrumbList\",\"@id\":\"https:\/\/consejoderectores.cl\/en\/2024\/08\/13\/seminarios-tematicos-70-anos-cruch\/#breadcrumb\",\"itemListElement\":[{\"@type\":\"ListItem\",\"position\":1,\"name\":\"Home\",\"item\":\"https:\/\/consejoderectores.cl\/\"},{\"@type\":\"ListItem\",\"position\":2,\"name\":\"Seminarios Tem\u00e1ticos 70 a\u00f1os CRUCH\"}]},{\"@type\":\"WebSite\",\"@id\":\"https:\/\/consejoderectores.cl\/en\/#website\",\"url\":\"https:\/\/consejoderectores.cl\/en\/\",\"name\":\"Consejo de Rectoras y Rectores de las Universidades Chilenas\",\"description\":\"\",\"publisher\":{\"@id\":\"https:\/\/consejoderectores.cl\/en\/#organization\"},\"potentialAction\":[{\"@type\":\"SearchAction\",\"target\":{\"@type\":\"EntryPoint\",\"urlTemplate\":\"https:\/\/consejoderectores.cl\/en\/?s={search_term_string}\"},\"query-input\":{\"@type\":\"PropertyValueSpecification\",\"valueRequired\":true,\"valueName\":\"search_term_string\"}}],\"inLanguage\":\"en-US\"},{\"@type\":\"Organization\",\"@id\":\"https:\/\/consejoderectores.cl\/en\/#organization\",\"name\":\"Consejo de Rectoras y Rectores de las Universidades Chilenas\",\"url\":\"https:\/\/consejoderectores.cl\/en\/\",\"logo\":{\"@type\":\"ImageObject\",\"inLanguage\":\"en-US\",\"@id\":\"https:\/\/consejoderectores.cl\/en\/#\/schema\/logo\/image\/\",\"url\":\"https:\/\/consejoderectores.cl\/wp-content\/uploads\/2025\/12\/logoheader_2025.png\",\"contentUrl\":\"https:\/\/consejoderectores.cl\/wp-content\/uploads\/2025\/12\/logoheader_2025.png\",\"width\":666,\"height\":305,\"caption\":\"Consejo de Rectoras y Rectores de las Universidades Chilenas\"},\"image\":{\"@id\":\"https:\/\/consejoderectores.cl\/en\/#\/schema\/logo\/image\/\"},\"sameAs\":[\"https:\/\/x.com\/CRUCH_cl\",\"https:\/\/www.instagram.com\/consejoderectores\/\",\"https:\/\/www.linkedin.com\/company\/cruch\/\",\"https:\/\/www.youtube.com\/channel\/UCzgIFRCsDlKoFpimiQmEaOA\"]},{\"@type\":\"Person\",\"@id\":\"https:\/\/consejoderectores.cl\/en\/#\/schema\/person\/d863e44afde067fd4b57fac66ced709e\",\"name\":\"Consejo de Rectores de las Universidades Chilenas\",\"image\":{\"@type\":\"ImageObject\",\"inLanguage\":\"en-US\",\"@id\":\"https:\/\/consejoderectores.cl\/en\/#\/schema\/person\/image\/\",\"url\":\"https:\/\/secure.gravatar.com\/avatar\/c31e2a02401f041926afb8ee21ab666f0925814fe85d25a5c8db80e23722dfc1?s=96&d=mm&r=g\",\"contentUrl\":\"https:\/\/secure.gravatar.com\/avatar\/c31e2a02401f041926afb8ee21ab666f0925814fe85d25a5c8db80e23722dfc1?s=96&d=mm&r=g\",\"caption\":\"Consejo de Rectores de las Universidades Chilenas\"},\"sameAs\":[\"https:\/\/www.consejoderectores.cl\"],\"url\":\"https:\/\/consejoderectores.cl\/en\/author\/cruch\/\"}]}<\/script>\n<!-- \/ Yoast SEO plugin. -->","yoast_head_json":{"title":"Seminarios Tem\u00e1ticos 70 a\u00f1os CRUCH - Consejo de Rectoras y Rectores de las Universidades Chilenas","robots":{"index":"index","follow":"follow","max-snippet":"max-snippet:-1","max-image-preview":"max-image-preview:large","max-video-preview":"max-video-preview:-1"},"canonical":"https:\/\/consejoderectores.cl\/en\/2024\/08\/13\/seminarios-tematicos-70-anos-cruch\/","og_locale":"en_US","og_type":"article","og_title":"Seminarios Tem\u00e1ticos 70 a\u00f1os CRUCH - Consejo de Rectoras y Rectores de las Universidades Chilenas","og_description":"Durante el 2024 el CRUCH ha estado realizando distintas actividades en el marco de los 70 a\u00f1os. En enero se desarrollo un evento en la Universidad de Tarapac\u00e1, en marzo en la Universidad Cat\u00f3lica de Chile y en agosto en la Universidad Metropolitana de Ciencias de la Educaci\u00f3n. Para los pr\u00f3ximos meses se contemplan otros [&hellip;]","og_url":"https:\/\/consejoderectores.cl\/en\/2024\/08\/13\/seminarios-tematicos-70-anos-cruch\/","og_site_name":"Consejo de Rectoras y Rectores de las Universidades Chilenas","article_published_time":"2024-08-13T12:23:21+00:00","article_modified_time":"2024-08-13T18:16:30+00:00","og_image":[{"width":1900,"height":600,"url":"https:\/\/consejoderectores.cl\/wp-content\/uploads\/2024\/08\/Imegenes-para-noticias-5.png","type":"image\/png"}],"author":"Consejo de Rectores de las Universidades Chilenas","twitter_card":"summary_large_image","twitter_creator":"@CRUCH_cl","twitter_site":"@CRUCH_cl","twitter_misc":{"Written by":"Consejo de Rectores de las Universidades Chilenas","Est. reading time":"2 minutes"},"schema":{"@context":"https:\/\/schema.org","@graph":[{"@type":"Article","@id":"https:\/\/consejoderectores.cl\/en\/2024\/08\/13\/seminarios-tematicos-70-anos-cruch\/#article","isPartOf":{"@id":"https:\/\/consejoderectores.cl\/en\/2024\/08\/13\/seminarios-tematicos-70-anos-cruch\/"},"author":{"name":"Consejo de Rectores de las Universidades Chilenas","@id":"https:\/\/consejoderectores.cl\/en\/#\/schema\/person\/d863e44afde067fd4b57fac66ced709e"},"headline":"Seminarios Tem\u00e1ticos 70 a\u00f1os CRUCH","datePublished":"2024-08-13T12:23:21+00:00","dateModified":"2024-08-13T18:16:30+00:00","mainEntityOfPage":{"@id":"https:\/\/consejoderectores.cl\/en\/2024\/08\/13\/seminarios-tematicos-70-anos-cruch\/"},"wordCount":209,"commentCount":0,"publisher":{"@id":"https:\/\/consejoderectores.cl\/en\/#organization"},"image":{"@id":"https:\/\/consejoderectores.cl\/en\/2024\/08\/13\/seminarios-tematicos-70-anos-cruch\/#primaryimage"},"thumbnailUrl":"https:\/\/consejoderectores.cl\/wp-content\/uploads\/2024\/08\/Imegenes-para-noticias-5.png","articleSection":["Noticias"],"inLanguage":"en-US","potentialAction":[{"@type":"CommentAction","name":"Comment","target":["https:\/\/consejoderectores.cl\/en\/2024\/08\/13\/seminarios-tematicos-70-anos-cruch\/#respond"]}]},{"@type":"WebPage","@id":"https:\/\/consejoderectores.cl\/en\/2024\/08\/13\/seminarios-tematicos-70-anos-cruch\/","url":"https:\/\/consejoderectores.cl\/en\/2024\/08\/13\/seminarios-tematicos-70-anos-cruch\/","name":"Seminarios Tem\u00e1ticos 70 a\u00f1os CRUCH - Consejo de Rectoras y Rectores de las Universidades Chilenas","isPartOf":{"@id":"https:\/\/consejoderectores.cl\/en\/#website"},"primaryImageOfPage":{"@id":"https:\/\/consejoderectores.cl\/en\/2024\/08\/13\/seminarios-tematicos-70-anos-cruch\/#primaryimage"},"image":{"@id":"https:\/\/consejoderectores.cl\/en\/2024\/08\/13\/seminarios-tematicos-70-anos-cruch\/#primaryimage"},"thumbnailUrl":"https:\/\/consejoderectores.cl\/wp-content\/uploads\/2024\/08\/Imegenes-para-noticias-5.png","datePublished":"2024-08-13T12:23:21+00:00","dateModified":"2024-08-13T18:16:30+00:00","breadcrumb":{"@id":"https:\/\/consejoderectores.cl\/en\/2024\/08\/13\/seminarios-tematicos-70-anos-cruch\/#breadcrumb"},"inLanguage":"en-US","potentialAction":[{"@type":"ReadAction","target":["https:\/\/consejoderectores.cl\/en\/2024\/08\/13\/seminarios-tematicos-70-anos-cruch\/"]}]},{"@type":"ImageObject","inLanguage":"en-US","@id":"https:\/\/consejoderectores.cl\/en\/2024\/08\/13\/seminarios-tematicos-70-anos-cruch\/#primaryimage","url":"https:\/\/consejoderectores.cl\/wp-content\/uploads\/2024\/08\/Imegenes-para-noticias-5.png","contentUrl":"https:\/\/consejoderectores.cl\/wp-content\/uploads\/2024\/08\/Imegenes-para-noticias-5.png","width":1900,"height":600},{"@type":"BreadcrumbList","@id":"https:\/\/consejoderectores.cl\/en\/2024\/08\/13\/seminarios-tematicos-70-anos-cruch\/#breadcrumb","itemListElement":[{"@type":"ListItem","position":1,"name":"Home","item":"https:\/\/consejoderectores.cl\/"},{"@type":"ListItem","position":2,"name":"Seminarios Tem\u00e1ticos 70 a\u00f1os CRUCH"}]},{"@type":"WebSite","@id":"https:\/\/consejoderectores.cl\/en\/#website","url":"https:\/\/consejoderectores.cl\/en\/","name":"Council of Rectors of Chilean Universities","description":"","publisher":{"@id":"https:\/\/consejoderectores.cl\/en\/#organization"},"potentialAction":[{"@type":"SearchAction","target":{"@type":"EntryPoint","urlTemplate":"https:\/\/consejoderectores.cl\/en\/?s={search_term_string}"},"query-input":{"@type":"PropertyValueSpecification","valueRequired":true,"valueName":"search_term_string"}}],"inLanguage":"en-US"},{"@type":"Organization","@id":"https:\/\/consejoderectores.cl\/en\/#organization","name":"Council of Rectors of Chilean Universities","url":"https:\/\/consejoderectores.cl\/en\/","logo":{"@type":"ImageObject","inLanguage":"en-US","@id":"https:\/\/consejoderectores.cl\/en\/#\/schema\/logo\/image\/","url":"https:\/\/consejoderectores.cl\/wp-content\/uploads\/2025\/12\/logoheader_2025.png","contentUrl":"https:\/\/consejoderectores.cl\/wp-content\/uploads\/2025\/12\/logoheader_2025.png","width":666,"height":305,"caption":"Consejo de Rectoras y Rectores de las Universidades Chilenas"},"image":{"@id":"https:\/\/consejoderectores.cl\/en\/#\/schema\/logo\/image\/"},"sameAs":["https:\/\/x.com\/CRUCH_cl","https:\/\/www.instagram.com\/consejoderectores\/","https:\/\/www.linkedin.com\/company\/cruch\/","https:\/\/www.youtube.com\/channel\/UCzgIFRCsDlKoFpimiQmEaOA"]},{"@type":"Person","@id":"https:\/\/consejoderectores.cl\/en\/#\/schema\/person\/d863e44afde067fd4b57fac66ced709e","name":"Council of Rectors of Chilean Universities","image":{"@type":"ImageObject","inLanguage":"en-US","@id":"https:\/\/consejoderectores.cl\/en\/#\/schema\/person\/image\/","url":"https:\/\/secure.gravatar.com\/avatar\/c31e2a02401f041926afb8ee21ab666f0925814fe85d25a5c8db80e23722dfc1?s=96&d=mm&r=g","contentUrl":"https:\/\/secure.gravatar.com\/avatar\/c31e2a02401f041926afb8ee21ab666f0925814fe85d25a5c8db80e23722dfc1?s=96&d=mm&r=g","caption":"Consejo de Rectores de las Universidades Chilenas"},"sameAs":["https:\/\/www.consejoderectores.cl"],"url":"https:\/\/consejoderectores.cl\/en\/author\/cruch\/"}]}},"_links":{"self":[{"href":"https:\/\/consejoderectores.cl\/en\/wp-json\/wp\/v2\/posts\/11460","targetHints":{"allow":["GET"]}}],"collection":[{"href":"https:\/\/consejoderectores.cl\/en\/wp-json\/wp\/v2\/posts"}],"about":[{"href":"https:\/\/consejoderectores.cl\/en\/wp-json\/wp\/v2\/types\/post"}],"author":[{"embeddable":true,"href":"https:\/\/consejoderectores.cl\/en\/wp-json\/wp\/v2\/users\/1"}],"replies":[{"embeddable":true,"href":"https:\/\/consejoderectores.cl\/en\/wp-json\/wp\/v2\/comments?post=11460"}],"version-history":[{"count":10,"href":"https:\/\/consejoderectores.cl\/en\/wp-json\/wp\/v2\/posts\/11460\/revisions"}],"predecessor-version":[{"id":11519,"href":"https:\/\/consejoderectores.cl\/en\/wp-json\/wp\/v2\/posts\/11460\/revisions\/11519"}],"wp:featuredmedia":[{"embeddable":true,"href":"https:\/\/consejoderectores.cl\/en\/wp-json\/wp\/v2\/media\/11518"}],"wp:attachment":[{"href":"https:\/\/consejoderectores.cl\/en\/wp-json\/wp\/v2\/media?parent=11460"}],"wp:term":[{"taxonomy":"category","embeddable":true,"href":"https:\/\/consejoderectores.cl\/en\/wp-json\/wp\/v2\/categories?post=11460"},{"taxonomy":"post_tag","embeddable":true,"href":"https:\/\/consejoderectores.cl\/en\/wp-json\/wp\/v2\/tags?post=11460"}],"curies":[{"name":"wp","href":"https:\/\/api.w.org\/{rel}","templated":true}]}}