{"id":11458,"date":"2024-08-13T12:21:35","date_gmt":"2024-08-13T12:21:35","guid":{"rendered":"https:\/\/consejoderectores.cl\/?p=11458"},"modified":"2024-08-19T13:54:29","modified_gmt":"2024-08-19T13:54:29","slug":"sesion-conmemorativa-70-anos-cruch","status":"publish","type":"post","link":"https:\/\/consejoderectores.cl\/en\/2024\/08\/13\/sesion-conmemorativa-70-anos-cruch\/","title":{"rendered":"70th Anniversary Commemorative Session of CRUCH"},"content":{"rendered":"<p><strong>Commemorative Session<\/strong><\/p>\n<p>To commemorate the 70th anniversary of the Council of Rectors of Chilean Universities, one of the main milestones will be the Commemorative Session, a space in which the work of CRUCH in these seven decades and future prospects will be recognized.<\/p>\n<p>With the participation of government authorities and members of the 30 universities that make up the Council, the ceremony will take place on Monday, August 19, starting at 12:15 p.m. at the Central House of the University of Chile, where the first CRUCH meeting was held 70 years ago.<\/p>\n<p>Join us on this important day through the LIVE broadcast on the University of Chile&#039;s YouTube channel.<\/p>\n<p><iframe loading=\"lazy\" title=\"YouTube video player\" src=\"https:\/\/www.youtube.com\/embed\/3A7JcTlZH3U?si=Gnpg2P-KFWNcHjD9\" width=\"560\" height=\"315\" frameborder=\"0\" allowfullscreen=\"allowfullscreen\"><\/iframe><\/p>\n<p>&nbsp;<\/p>\n<p><strong>Anniversary Concert<\/strong><\/p>\n<p>In addition to the commemorative session, the University of Chile will offer a free concert for the 70th anniversary of CRUCH, with piano performances by Mahini Teave and Valeria Prado.<\/p>\n<p>The event will take place on Monday, August 19th at 6:30 pm at the University of Chile Theater (Av. Providencia 43, Providencia).<\/p>\n<p>Registrations at <a href=\"https:\/\/rb.gy\/bznfup\">https:\/\/rb.gy\/bznfup<\/a><\/p>\n<p><img loading=\"lazy\" decoding=\"async\" class=\"wp-image-11654 alignleft\" src=\"https:\/\/consejoderectores.cl\/wp-content\/uploads\/2024\/08\/concierto-de-aniversario.jpeg\" alt=\"\" width=\"794\" height=\"844\" \/><\/p>\n<p>&nbsp;<\/p>\n<p>&nbsp;<\/p>\n<p>&nbsp;<\/p>\n<p>&nbsp;<\/p>","protected":false},"excerpt":{"rendered":"<p>Sesi\u00f3n Conmemorativa Para conmemorar los 70 a\u00f1os del Consejo de Rectoras y Rectores de las Universidades Chilenas, uno de los principales hitos ser\u00e1 la Sesi\u00f3n Conmemorativa, espacio en el que se reconocer\u00e1 la labor del CRUCH en estas siete d\u00e9cadas y las perspectivas de futuro. Con la participaci\u00f3n de autoridades gubernamentales y de miembros de [&hellip;]<\/p>\n","protected":false},"author":1,"featured_media":11517,"comment_status":"open","ping_status":"open","sticky":false,"template":"","format":"standard","meta":{"_acf_changed":false,"footnotes":""},"categories":[3],"tags":[],"class_list":["post-11458","post","type-post","status-publish","format-standard","has-post-thumbnail","hentry","category-noticias"],"acf":[],"yoast_head":"<!-- This site is optimized with the Yoast SEO plugin v27.1.1 - https:\/\/yoast.com\/product\/yoast-seo-wordpress\/ -->\n<title>Sesi\u00f3n Conmemorativa 70 a\u00f1os CRUCH - Consejo de Rectoras y Rectores de las Universidades Chilenas<\/title>\n<meta name=\"robots\" content=\"index, follow, max-snippet:-1, max-image-preview:large, max-video-preview:-1\" \/>\n<link rel=\"canonical\" href=\"https:\/\/consejoderectores.cl\/en\/2024\/08\/13\/sesion-conmemorativa-70-anos-cruch\/\" \/>\n<meta property=\"og:locale\" content=\"en_US\" \/>\n<meta property=\"og:type\" content=\"article\" \/>\n<meta property=\"og:title\" content=\"Sesi\u00f3n Conmemorativa 70 a\u00f1os CRUCH - Consejo de Rectoras y Rectores de las Universidades Chilenas\" \/>\n<meta property=\"og:description\" content=\"Sesi\u00f3n Conmemorativa Para conmemorar los 70 a\u00f1os del Consejo de Rectoras y Rectores de las Universidades Chilenas, uno de los principales hitos ser\u00e1 la Sesi\u00f3n Conmemorativa, espacio en el que se reconocer\u00e1 la labor del CRUCH en estas siete d\u00e9cadas y las perspectivas de futuro. Con la participaci\u00f3n de autoridades gubernamentales y de miembros de [&hellip;]\" \/>\n<meta property=\"og:url\" content=\"https:\/\/consejoderectores.cl\/en\/2024\/08\/13\/sesion-conmemorativa-70-anos-cruch\/\" \/>\n<meta property=\"og:site_name\" content=\"Consejo de Rectoras y Rectores de las Universidades Chilenas\" \/>\n<meta property=\"article:published_time\" content=\"2024-08-13T12:21:35+00:00\" \/>\n<meta property=\"article:modified_time\" content=\"2024-08-19T13:54:29+00:00\" \/>\n<meta property=\"og:image\" content=\"https:\/\/consejoderectores.cl\/wp-content\/uploads\/2024\/08\/Imegenes-para-noticias-4.png\" \/>\n\t<meta property=\"og:image:width\" content=\"1900\" \/>\n\t<meta property=\"og:image:height\" content=\"600\" \/>\n\t<meta property=\"og:image:type\" content=\"image\/png\" \/>\n<meta name=\"author\" content=\"Consejo de Rectores de las Universidades Chilenas\" \/>\n<meta name=\"twitter:card\" content=\"summary_large_image\" \/>\n<meta name=\"twitter:creator\" content=\"@CRUCH_cl\" \/>\n<meta name=\"twitter:site\" content=\"@CRUCH_cl\" \/>\n<meta name=\"twitter:label1\" content=\"Written by\" \/>\n\t<meta name=\"twitter:data1\" content=\"Consejo de Rectores de las Universidades Chilenas\" \/>\n\t<meta name=\"twitter:label2\" content=\"Est. reading time\" \/>\n\t<meta name=\"twitter:data2\" content=\"2 minutes\" \/>\n<script type=\"application\/ld+json\" class=\"yoast-schema-graph\">{\"@context\":\"https:\/\/schema.org\",\"@graph\":[{\"@type\":\"Article\",\"@id\":\"https:\/\/consejoderectores.cl\/en\/2024\/08\/13\/sesion-conmemorativa-70-anos-cruch\/#article\",\"isPartOf\":{\"@id\":\"https:\/\/consejoderectores.cl\/en\/2024\/08\/13\/sesion-conmemorativa-70-anos-cruch\/\"},\"author\":{\"name\":\"Consejo de Rectores de las Universidades Chilenas\",\"@id\":\"https:\/\/consejoderectores.cl\/en\/#\/schema\/person\/d863e44afde067fd4b57fac66ced709e\"},\"headline\":\"Sesi\u00f3n Conmemorativa 70 a\u00f1os CRUCH\",\"datePublished\":\"2024-08-13T12:21:35+00:00\",\"dateModified\":\"2024-08-19T13:54:29+00:00\",\"mainEntityOfPage\":{\"@id\":\"https:\/\/consejoderectores.cl\/en\/2024\/08\/13\/sesion-conmemorativa-70-anos-cruch\/\"},\"wordCount\":200,\"commentCount\":0,\"publisher\":{\"@id\":\"https:\/\/consejoderectores.cl\/en\/#organization\"},\"image\":{\"@id\":\"https:\/\/consejoderectores.cl\/en\/2024\/08\/13\/sesion-conmemorativa-70-anos-cruch\/#primaryimage\"},\"thumbnailUrl\":\"https:\/\/consejoderectores.cl\/wp-content\/uploads\/2024\/08\/Imegenes-para-noticias-4.png\",\"articleSection\":[\"Noticias\"],\"inLanguage\":\"en-US\",\"potentialAction\":[{\"@type\":\"CommentAction\",\"name\":\"Comment\",\"target\":[\"https:\/\/consejoderectores.cl\/en\/2024\/08\/13\/sesion-conmemorativa-70-anos-cruch\/#respond\"]}]},{\"@type\":\"WebPage\",\"@id\":\"https:\/\/consejoderectores.cl\/en\/2024\/08\/13\/sesion-conmemorativa-70-anos-cruch\/\",\"url\":\"https:\/\/consejoderectores.cl\/en\/2024\/08\/13\/sesion-conmemorativa-70-anos-cruch\/\",\"name\":\"Sesi\u00f3n Conmemorativa 70 a\u00f1os CRUCH - Consejo de Rectoras y Rectores de las Universidades Chilenas\",\"isPartOf\":{\"@id\":\"https:\/\/consejoderectores.cl\/en\/#website\"},\"primaryImageOfPage\":{\"@id\":\"https:\/\/consejoderectores.cl\/en\/2024\/08\/13\/sesion-conmemorativa-70-anos-cruch\/#primaryimage\"},\"image\":{\"@id\":\"https:\/\/consejoderectores.cl\/en\/2024\/08\/13\/sesion-conmemorativa-70-anos-cruch\/#primaryimage\"},\"thumbnailUrl\":\"https:\/\/consejoderectores.cl\/wp-content\/uploads\/2024\/08\/Imegenes-para-noticias-4.png\",\"datePublished\":\"2024-08-13T12:21:35+00:00\",\"dateModified\":\"2024-08-19T13:54:29+00:00\",\"breadcrumb\":{\"@id\":\"https:\/\/consejoderectores.cl\/en\/2024\/08\/13\/sesion-conmemorativa-70-anos-cruch\/#breadcrumb\"},\"inLanguage\":\"en-US\",\"potentialAction\":[{\"@type\":\"ReadAction\",\"target\":[\"https:\/\/consejoderectores.cl\/en\/2024\/08\/13\/sesion-conmemorativa-70-anos-cruch\/\"]}]},{\"@type\":\"ImageObject\",\"inLanguage\":\"en-US\",\"@id\":\"https:\/\/consejoderectores.cl\/en\/2024\/08\/13\/sesion-conmemorativa-70-anos-cruch\/#primaryimage\",\"url\":\"https:\/\/consejoderectores.cl\/wp-content\/uploads\/2024\/08\/Imegenes-para-noticias-4.png\",\"contentUrl\":\"https:\/\/consejoderectores.cl\/wp-content\/uploads\/2024\/08\/Imegenes-para-noticias-4.png\",\"width\":1900,\"height\":600},{\"@type\":\"BreadcrumbList\",\"@id\":\"https:\/\/consejoderectores.cl\/en\/2024\/08\/13\/sesion-conmemorativa-70-anos-cruch\/#breadcrumb\",\"itemListElement\":[{\"@type\":\"ListItem\",\"position\":1,\"name\":\"Home\",\"item\":\"https:\/\/consejoderectores.cl\/\"},{\"@type\":\"ListItem\",\"position\":2,\"name\":\"Sesi\u00f3n Conmemorativa 70 a\u00f1os CRUCH\"}]},{\"@type\":\"WebSite\",\"@id\":\"https:\/\/consejoderectores.cl\/en\/#website\",\"url\":\"https:\/\/consejoderectores.cl\/en\/\",\"name\":\"Consejo de Rectoras y Rectores de las Universidades Chilenas\",\"description\":\"\",\"publisher\":{\"@id\":\"https:\/\/consejoderectores.cl\/en\/#organization\"},\"potentialAction\":[{\"@type\":\"SearchAction\",\"target\":{\"@type\":\"EntryPoint\",\"urlTemplate\":\"https:\/\/consejoderectores.cl\/en\/?s={search_term_string}\"},\"query-input\":{\"@type\":\"PropertyValueSpecification\",\"valueRequired\":true,\"valueName\":\"search_term_string\"}}],\"inLanguage\":\"en-US\"},{\"@type\":\"Organization\",\"@id\":\"https:\/\/consejoderectores.cl\/en\/#organization\",\"name\":\"Consejo de Rectoras y Rectores de las Universidades Chilenas\",\"url\":\"https:\/\/consejoderectores.cl\/en\/\",\"logo\":{\"@type\":\"ImageObject\",\"inLanguage\":\"en-US\",\"@id\":\"https:\/\/consejoderectores.cl\/en\/#\/schema\/logo\/image\/\",\"url\":\"https:\/\/consejoderectores.cl\/wp-content\/uploads\/2025\/12\/logoheader_2025.png\",\"contentUrl\":\"https:\/\/consejoderectores.cl\/wp-content\/uploads\/2025\/12\/logoheader_2025.png\",\"width\":666,\"height\":305,\"caption\":\"Consejo de Rectoras y Rectores de las Universidades Chilenas\"},\"image\":{\"@id\":\"https:\/\/consejoderectores.cl\/en\/#\/schema\/logo\/image\/\"},\"sameAs\":[\"https:\/\/x.com\/CRUCH_cl\",\"https:\/\/www.instagram.com\/consejoderectores\/\",\"https:\/\/www.linkedin.com\/company\/cruch\/\",\"https:\/\/www.youtube.com\/channel\/UCzgIFRCsDlKoFpimiQmEaOA\"]},{\"@type\":\"Person\",\"@id\":\"https:\/\/consejoderectores.cl\/en\/#\/schema\/person\/d863e44afde067fd4b57fac66ced709e\",\"name\":\"Consejo de Rectores de las Universidades Chilenas\",\"image\":{\"@type\":\"ImageObject\",\"inLanguage\":\"en-US\",\"@id\":\"https:\/\/consejoderectores.cl\/en\/#\/schema\/person\/image\/\",\"url\":\"https:\/\/secure.gravatar.com\/avatar\/c31e2a02401f041926afb8ee21ab666f0925814fe85d25a5c8db80e23722dfc1?s=96&d=mm&r=g\",\"contentUrl\":\"https:\/\/secure.gravatar.com\/avatar\/c31e2a02401f041926afb8ee21ab666f0925814fe85d25a5c8db80e23722dfc1?s=96&d=mm&r=g\",\"caption\":\"Consejo de Rectores de las Universidades Chilenas\"},\"sameAs\":[\"https:\/\/www.consejoderectores.cl\"],\"url\":\"https:\/\/consejoderectores.cl\/en\/author\/cruch\/\"}]}<\/script>\n<!-- \/ Yoast SEO plugin. -->","yoast_head_json":{"title":"Sesi\u00f3n Conmemorativa 70 a\u00f1os CRUCH - Consejo de Rectoras y Rectores de las Universidades Chilenas","robots":{"index":"index","follow":"follow","max-snippet":"max-snippet:-1","max-image-preview":"max-image-preview:large","max-video-preview":"max-video-preview:-1"},"canonical":"https:\/\/consejoderectores.cl\/en\/2024\/08\/13\/sesion-conmemorativa-70-anos-cruch\/","og_locale":"en_US","og_type":"article","og_title":"Sesi\u00f3n Conmemorativa 70 a\u00f1os CRUCH - Consejo de Rectoras y Rectores de las Universidades Chilenas","og_description":"Sesi\u00f3n Conmemorativa Para conmemorar los 70 a\u00f1os del Consejo de Rectoras y Rectores de las Universidades Chilenas, uno de los principales hitos ser\u00e1 la Sesi\u00f3n Conmemorativa, espacio en el que se reconocer\u00e1 la labor del CRUCH en estas siete d\u00e9cadas y las perspectivas de futuro. Con la participaci\u00f3n de autoridades gubernamentales y de miembros de [&hellip;]","og_url":"https:\/\/consejoderectores.cl\/en\/2024\/08\/13\/sesion-conmemorativa-70-anos-cruch\/","og_site_name":"Consejo de Rectoras y Rectores de las Universidades Chilenas","article_published_time":"2024-08-13T12:21:35+00:00","article_modified_time":"2024-08-19T13:54:29+00:00","og_image":[{"width":1900,"height":600,"url":"https:\/\/consejoderectores.cl\/wp-content\/uploads\/2024\/08\/Imegenes-para-noticias-4.png","type":"image\/png"}],"author":"Consejo de Rectores de las Universidades Chilenas","twitter_card":"summary_large_image","twitter_creator":"@CRUCH_cl","twitter_site":"@CRUCH_cl","twitter_misc":{"Written by":"Consejo de Rectores de las Universidades Chilenas","Est. reading time":"2 minutes"},"schema":{"@context":"https:\/\/schema.org","@graph":[{"@type":"Article","@id":"https:\/\/consejoderectores.cl\/en\/2024\/08\/13\/sesion-conmemorativa-70-anos-cruch\/#article","isPartOf":{"@id":"https:\/\/consejoderectores.cl\/en\/2024\/08\/13\/sesion-conmemorativa-70-anos-cruch\/"},"author":{"name":"Consejo de Rectores de las Universidades Chilenas","@id":"https:\/\/consejoderectores.cl\/en\/#\/schema\/person\/d863e44afde067fd4b57fac66ced709e"},"headline":"Sesi\u00f3n Conmemorativa 70 a\u00f1os CRUCH","datePublished":"2024-08-13T12:21:35+00:00","dateModified":"2024-08-19T13:54:29+00:00","mainEntityOfPage":{"@id":"https:\/\/consejoderectores.cl\/en\/2024\/08\/13\/sesion-conmemorativa-70-anos-cruch\/"},"wordCount":200,"commentCount":0,"publisher":{"@id":"https:\/\/consejoderectores.cl\/en\/#organization"},"image":{"@id":"https:\/\/consejoderectores.cl\/en\/2024\/08\/13\/sesion-conmemorativa-70-anos-cruch\/#primaryimage"},"thumbnailUrl":"https:\/\/consejoderectores.cl\/wp-content\/uploads\/2024\/08\/Imegenes-para-noticias-4.png","articleSection":["Noticias"],"inLanguage":"en-US","potentialAction":[{"@type":"CommentAction","name":"Comment","target":["https:\/\/consejoderectores.cl\/en\/2024\/08\/13\/sesion-conmemorativa-70-anos-cruch\/#respond"]}]},{"@type":"WebPage","@id":"https:\/\/consejoderectores.cl\/en\/2024\/08\/13\/sesion-conmemorativa-70-anos-cruch\/","url":"https:\/\/consejoderectores.cl\/en\/2024\/08\/13\/sesion-conmemorativa-70-anos-cruch\/","name":"Sesi\u00f3n Conmemorativa 70 a\u00f1os CRUCH - Consejo de Rectoras y Rectores de las Universidades Chilenas","isPartOf":{"@id":"https:\/\/consejoderectores.cl\/en\/#website"},"primaryImageOfPage":{"@id":"https:\/\/consejoderectores.cl\/en\/2024\/08\/13\/sesion-conmemorativa-70-anos-cruch\/#primaryimage"},"image":{"@id":"https:\/\/consejoderectores.cl\/en\/2024\/08\/13\/sesion-conmemorativa-70-anos-cruch\/#primaryimage"},"thumbnailUrl":"https:\/\/consejoderectores.cl\/wp-content\/uploads\/2024\/08\/Imegenes-para-noticias-4.png","datePublished":"2024-08-13T12:21:35+00:00","dateModified":"2024-08-19T13:54:29+00:00","breadcrumb":{"@id":"https:\/\/consejoderectores.cl\/en\/2024\/08\/13\/sesion-conmemorativa-70-anos-cruch\/#breadcrumb"},"inLanguage":"en-US","potentialAction":[{"@type":"ReadAction","target":["https:\/\/consejoderectores.cl\/en\/2024\/08\/13\/sesion-conmemorativa-70-anos-cruch\/"]}]},{"@type":"ImageObject","inLanguage":"en-US","@id":"https:\/\/consejoderectores.cl\/en\/2024\/08\/13\/sesion-conmemorativa-70-anos-cruch\/#primaryimage","url":"https:\/\/consejoderectores.cl\/wp-content\/uploads\/2024\/08\/Imegenes-para-noticias-4.png","contentUrl":"https:\/\/consejoderectores.cl\/wp-content\/uploads\/2024\/08\/Imegenes-para-noticias-4.png","width":1900,"height":600},{"@type":"BreadcrumbList","@id":"https:\/\/consejoderectores.cl\/en\/2024\/08\/13\/sesion-conmemorativa-70-anos-cruch\/#breadcrumb","itemListElement":[{"@type":"ListItem","position":1,"name":"Home","item":"https:\/\/consejoderectores.cl\/"},{"@type":"ListItem","position":2,"name":"Sesi\u00f3n Conmemorativa 70 a\u00f1os CRUCH"}]},{"@type":"WebSite","@id":"https:\/\/consejoderectores.cl\/en\/#website","url":"https:\/\/consejoderectores.cl\/en\/","name":"Council of Rectors of Chilean Universities","description":"","publisher":{"@id":"https:\/\/consejoderectores.cl\/en\/#organization"},"potentialAction":[{"@type":"SearchAction","target":{"@type":"EntryPoint","urlTemplate":"https:\/\/consejoderectores.cl\/en\/?s={search_term_string}"},"query-input":{"@type":"PropertyValueSpecification","valueRequired":true,"valueName":"search_term_string"}}],"inLanguage":"en-US"},{"@type":"Organization","@id":"https:\/\/consejoderectores.cl\/en\/#organization","name":"Council of Rectors of Chilean Universities","url":"https:\/\/consejoderectores.cl\/en\/","logo":{"@type":"ImageObject","inLanguage":"en-US","@id":"https:\/\/consejoderectores.cl\/en\/#\/schema\/logo\/image\/","url":"https:\/\/consejoderectores.cl\/wp-content\/uploads\/2025\/12\/logoheader_2025.png","contentUrl":"https:\/\/consejoderectores.cl\/wp-content\/uploads\/2025\/12\/logoheader_2025.png","width":666,"height":305,"caption":"Consejo de Rectoras y Rectores de las Universidades Chilenas"},"image":{"@id":"https:\/\/consejoderectores.cl\/en\/#\/schema\/logo\/image\/"},"sameAs":["https:\/\/x.com\/CRUCH_cl","https:\/\/www.instagram.com\/consejoderectores\/","https:\/\/www.linkedin.com\/company\/cruch\/","https:\/\/www.youtube.com\/channel\/UCzgIFRCsDlKoFpimiQmEaOA"]},{"@type":"Person","@id":"https:\/\/consejoderectores.cl\/en\/#\/schema\/person\/d863e44afde067fd4b57fac66ced709e","name":"Council of Rectors of Chilean Universities","image":{"@type":"ImageObject","inLanguage":"en-US","@id":"https:\/\/consejoderectores.cl\/en\/#\/schema\/person\/image\/","url":"https:\/\/secure.gravatar.com\/avatar\/c31e2a02401f041926afb8ee21ab666f0925814fe85d25a5c8db80e23722dfc1?s=96&d=mm&r=g","contentUrl":"https:\/\/secure.gravatar.com\/avatar\/c31e2a02401f041926afb8ee21ab666f0925814fe85d25a5c8db80e23722dfc1?s=96&d=mm&r=g","caption":"Consejo de Rectores de las Universidades Chilenas"},"sameAs":["https:\/\/www.consejoderectores.cl"],"url":"https:\/\/consejoderectores.cl\/en\/author\/cruch\/"}]}},"_links":{"self":[{"href":"https:\/\/consejoderectores.cl\/en\/wp-json\/wp\/v2\/posts\/11458","targetHints":{"allow":["GET"]}}],"collection":[{"href":"https:\/\/consejoderectores.cl\/en\/wp-json\/wp\/v2\/posts"}],"about":[{"href":"https:\/\/consejoderectores.cl\/en\/wp-json\/wp\/v2\/types\/post"}],"author":[{"embeddable":true,"href":"https:\/\/consejoderectores.cl\/en\/wp-json\/wp\/v2\/users\/1"}],"replies":[{"embeddable":true,"href":"https:\/\/consejoderectores.cl\/en\/wp-json\/wp\/v2\/comments?post=11458"}],"version-history":[{"count":6,"href":"https:\/\/consejoderectores.cl\/en\/wp-json\/wp\/v2\/posts\/11458\/revisions"}],"predecessor-version":[{"id":11679,"href":"https:\/\/consejoderectores.cl\/en\/wp-json\/wp\/v2\/posts\/11458\/revisions\/11679"}],"wp:featuredmedia":[{"embeddable":true,"href":"https:\/\/consejoderectores.cl\/en\/wp-json\/wp\/v2\/media\/11517"}],"wp:attachment":[{"href":"https:\/\/consejoderectores.cl\/en\/wp-json\/wp\/v2\/media?parent=11458"}],"wp:term":[{"taxonomy":"category","embeddable":true,"href":"https:\/\/consejoderectores.cl\/en\/wp-json\/wp\/v2\/categories?post=11458"},{"taxonomy":"post_tag","embeddable":true,"href":"https:\/\/consejoderectores.cl\/en\/wp-json\/wp\/v2\/tags?post=11458"}],"curies":[{"name":"wp","href":"https:\/\/api.w.org\/{rel}","templated":true}]}}