{"id":11432,"date":"2024-08-12T15:37:30","date_gmt":"2024-08-12T15:37:30","guid":{"rendered":"https:\/\/consejoderectores.cl\/?p=11432"},"modified":"2024-08-12T15:38:13","modified_gmt":"2024-08-12T15:38:13","slug":"consejo-de-rectoras-y-rectores-reafirmo-su-compromiso-con-la-erradicacion-de-violencia-de-genero-tras-caso-de-formalizacion-de-investigador-chileno","status":"publish","type":"post","link":"https:\/\/consejoderectores.cl\/en\/2024\/08\/12\/consejo-de-rectoras-y-rectores-reafirmo-su-compromiso-con-la-erradicacion-de-violencia-de-genero-tras-caso-de-formalizacion-de-investigador-chileno\/","title":{"rendered":"The Council of Rectors reaffirmed its commitment to eradicating gender violence after the formal charges were brought against a Chilean researcher."},"content":{"rendered":"<blockquote><p>\u201cWe trust that the Chilean criminal justice system will take the appropriate actions to determine the occurrence of the events and the corresponding responsibilities,\u201d the Council stated.<\/p>\n<p>The CRUCH expressed its commitment to \u201cstrengthening policies and protocols to prevent and address any type of violence\u201d and noted the importance of \u201ccontinuing to advance in incorporating the gender approach into higher education.\u201d.<\/p><\/blockquote>\n<p>Through a public statement issued this Monday, August 12, the Council of Rectors of Chilean Universities (CRUCH) expressed its position regarding the case of the Chilean researcher formally charged with acts that could constitute a sexual crime against a female scientist, which occurred during an expedition to the Antarctic continent in 2019.<\/p>\n<p>Regarding the formalization announced a few weeks ago, the text states that &quot;we trust that the Chilean criminal procedure system will carry out the pertinent actions to determine the occurrence of the events and the corresponding responsibilities.&quot;.<\/p>\n<p>Furthermore, the declaration makes an \u201curgent call\u201d to all university communities and society in general to collaborate in eradicating gender violence in all its forms, while affirming that both the CRUCH and the universities that comprise it reaffirm their commitment \u201cto strengthening policies and protocols to prevent and address any type of violence within our communities, especially gender violence.\u201d.<\/p>\n<p>Along the same lines, CRUCH mentions that it will continue \u201cpromoting the construction of safe and inclusive academic spaces, through awareness and education of students, teachers and administrative staff.\u201d.<\/p>\n<p>On the other hand, it is highlighted that \u201cfor several years the CRUCH universities have promoted concrete actions in this direction and, more recently, have achieved significant progress with the implementation of Law 21.369 (2021) and Law 21.643 (2024), which are framed within the ratification by the State of Chile of the <em>Bel\u00e9m do Par\u00e1 Convention<\/em> (1998), the <em>Optional Protocol to the Convention on the Elimination of All Forms of Discrimination against Women<\/em> (2020), as well as the <em>Convention on violence and harassment<\/em> of the International Labour Organization (2019).<\/p>\n<p>The CRUCH concludes by referring to the importance of continuing to advance in the incorporation of the gender approach in higher education, &quot;which will allow the creation of a culture where respect for the dignity of all people prevails.&quot;.<\/p>\n<p>Check the <a href=\"https:\/\/consejoderectores.cl\/en\/2024\/08\/12\/consejo-de-rectoras-y-rectores-reafirma-su-compromiso-con-la-erradicacion-de-violencia-de-genero\/\">Full Public Statement HERE<\/a><\/p>","protected":false},"excerpt":{"rendered":"<p>\u201cConfiamos en que el sistema procesal penal chileno llevar\u00e1 a cabo las acciones pertinentes para determinar la ocurrencia de los hechos y las responsabilidades correspondientes\u201d, sostuvo el Consejo. El CRUCH expres\u00f3 su compromiso con el \u201cfortalecimiento de las pol\u00edticas y protocolos para prevenir y abordar cualquier tipo de violencia\u201d y se\u00f1al\u00f3 la importancia de \u201cseguir [&hellip;]<\/p>\n","protected":false},"author":1,"featured_media":8213,"comment_status":"open","ping_status":"open","sticky":false,"template":"","format":"standard","meta":{"_acf_changed":false,"footnotes":""},"categories":[3,13],"tags":[],"class_list":["post-11432","post","type-post","status-publish","format-standard","has-post-thumbnail","hentry","category-noticias","category-noticias-carrusel"],"acf":[],"yoast_head":"<!-- This site is optimized with the Yoast SEO plugin v27.1.1 - https:\/\/yoast.com\/product\/yoast-seo-wordpress\/ -->\n<title>Consejo de Rectoras y Rectores reafirm\u00f3 su compromiso con la erradicaci\u00f3n de violencia de g\u00e9nero tras caso de formalizaci\u00f3n de investigador chileno - Consejo de Rectoras y Rectores de las Universidades Chilenas<\/title>\n<meta name=\"robots\" content=\"index, follow, max-snippet:-1, max-image-preview:large, max-video-preview:-1\" \/>\n<link rel=\"canonical\" href=\"https:\/\/consejoderectores.cl\/en\/2024\/08\/12\/consejo-de-rectoras-y-rectores-reafirmo-su-compromiso-con-la-erradicacion-de-violencia-de-genero-tras-caso-de-formalizacion-de-investigador-chileno\/\" \/>\n<meta property=\"og:locale\" content=\"en_US\" \/>\n<meta property=\"og:type\" content=\"article\" \/>\n<meta property=\"og:title\" content=\"Consejo de Rectoras y Rectores reafirm\u00f3 su compromiso con la erradicaci\u00f3n de violencia de g\u00e9nero tras caso de formalizaci\u00f3n de investigador chileno - Consejo de Rectoras y Rectores de las Universidades Chilenas\" \/>\n<meta property=\"og:description\" content=\"\u201cConfiamos en que el sistema procesal penal chileno llevar\u00e1 a cabo las acciones pertinentes para determinar la ocurrencia de los hechos y las responsabilidades correspondientes\u201d, sostuvo el Consejo. El CRUCH expres\u00f3 su compromiso con el \u201cfortalecimiento de las pol\u00edticas y protocolos para prevenir y abordar cualquier tipo de violencia\u201d y se\u00f1al\u00f3 la importancia de \u201cseguir [&hellip;]\" \/>\n<meta property=\"og:url\" content=\"https:\/\/consejoderectores.cl\/en\/2024\/08\/12\/consejo-de-rectoras-y-rectores-reafirmo-su-compromiso-con-la-erradicacion-de-violencia-de-genero-tras-caso-de-formalizacion-de-investigador-chileno\/\" \/>\n<meta property=\"og:site_name\" content=\"Consejo de Rectoras y Rectores de las Universidades Chilenas\" \/>\n<meta property=\"article:published_time\" content=\"2024-08-12T15:37:30+00:00\" \/>\n<meta property=\"article:modified_time\" content=\"2024-08-12T15:38:13+00:00\" \/>\n<meta property=\"og:image\" content=\"https:\/\/consejoderectores.cl\/wp-content\/uploads\/2023\/10\/logo-CRUCH-declaracion.jpeg\" \/>\n\t<meta property=\"og:image:width\" content=\"1024\" \/>\n\t<meta property=\"og:image:height\" content=\"500\" \/>\n\t<meta property=\"og:image:type\" content=\"image\/jpeg\" \/>\n<meta name=\"author\" content=\"Consejo de Rectores de las Universidades Chilenas\" \/>\n<meta name=\"twitter:card\" content=\"summary_large_image\" \/>\n<meta name=\"twitter:creator\" content=\"@CRUCH_cl\" \/>\n<meta name=\"twitter:site\" content=\"@CRUCH_cl\" \/>\n<meta name=\"twitter:label1\" content=\"Written by\" \/>\n\t<meta name=\"twitter:data1\" content=\"Consejo de Rectores de las Universidades Chilenas\" \/>\n\t<meta name=\"twitter:label2\" content=\"Est. reading time\" \/>\n\t<meta name=\"twitter:data2\" content=\"2 minutes\" \/>\n<script type=\"application\/ld+json\" class=\"yoast-schema-graph\">{\"@context\":\"https:\/\/schema.org\",\"@graph\":[{\"@type\":\"Article\",\"@id\":\"https:\/\/consejoderectores.cl\/2024\/08\/12\/consejo-de-rectoras-y-rectores-reafirmo-su-compromiso-con-la-erradicacion-de-violencia-de-genero-tras-caso-de-formalizacion-de-investigador-chileno\/#article\",\"isPartOf\":{\"@id\":\"https:\/\/consejoderectores.cl\/2024\/08\/12\/consejo-de-rectoras-y-rectores-reafirmo-su-compromiso-con-la-erradicacion-de-violencia-de-genero-tras-caso-de-formalizacion-de-investigador-chileno\/\"},\"author\":{\"name\":\"Consejo de Rectores de las Universidades Chilenas\",\"@id\":\"https:\/\/consejoderectores.cl\/en\/#\/schema\/person\/d863e44afde067fd4b57fac66ced709e\"},\"headline\":\"Consejo de Rectoras y Rectores reafirm\u00f3 su compromiso con la erradicaci\u00f3n de violencia de g\u00e9nero tras caso de formalizaci\u00f3n de investigador chileno\",\"datePublished\":\"2024-08-12T15:37:30+00:00\",\"dateModified\":\"2024-08-12T15:38:13+00:00\",\"mainEntityOfPage\":{\"@id\":\"https:\/\/consejoderectores.cl\/2024\/08\/12\/consejo-de-rectoras-y-rectores-reafirmo-su-compromiso-con-la-erradicacion-de-violencia-de-genero-tras-caso-de-formalizacion-de-investigador-chileno\/\"},\"wordCount\":466,\"commentCount\":0,\"publisher\":{\"@id\":\"https:\/\/consejoderectores.cl\/en\/#organization\"},\"image\":{\"@id\":\"https:\/\/consejoderectores.cl\/2024\/08\/12\/consejo-de-rectoras-y-rectores-reafirmo-su-compromiso-con-la-erradicacion-de-violencia-de-genero-tras-caso-de-formalizacion-de-investigador-chileno\/#primaryimage\"},\"thumbnailUrl\":\"https:\/\/consejoderectores.cl\/wp-content\/uploads\/2023\/10\/logo-CRUCH-declaracion.jpeg\",\"articleSection\":[\"Noticias\",\"Noticias Carrusel\"],\"inLanguage\":\"en-US\",\"potentialAction\":[{\"@type\":\"CommentAction\",\"name\":\"Comment\",\"target\":[\"https:\/\/consejoderectores.cl\/2024\/08\/12\/consejo-de-rectoras-y-rectores-reafirmo-su-compromiso-con-la-erradicacion-de-violencia-de-genero-tras-caso-de-formalizacion-de-investigador-chileno\/#respond\"]}]},{\"@type\":\"WebPage\",\"@id\":\"https:\/\/consejoderectores.cl\/2024\/08\/12\/consejo-de-rectoras-y-rectores-reafirmo-su-compromiso-con-la-erradicacion-de-violencia-de-genero-tras-caso-de-formalizacion-de-investigador-chileno\/\",\"url\":\"https:\/\/consejoderectores.cl\/2024\/08\/12\/consejo-de-rectoras-y-rectores-reafirmo-su-compromiso-con-la-erradicacion-de-violencia-de-genero-tras-caso-de-formalizacion-de-investigador-chileno\/\",\"name\":\"Consejo de Rectoras y Rectores reafirm\u00f3 su compromiso con la erradicaci\u00f3n de violencia de g\u00e9nero tras caso de formalizaci\u00f3n de investigador chileno - Consejo de Rectoras y Rectores de las Universidades Chilenas\",\"isPartOf\":{\"@id\":\"https:\/\/consejoderectores.cl\/en\/#website\"},\"primaryImageOfPage\":{\"@id\":\"https:\/\/consejoderectores.cl\/2024\/08\/12\/consejo-de-rectoras-y-rectores-reafirmo-su-compromiso-con-la-erradicacion-de-violencia-de-genero-tras-caso-de-formalizacion-de-investigador-chileno\/#primaryimage\"},\"image\":{\"@id\":\"https:\/\/consejoderectores.cl\/2024\/08\/12\/consejo-de-rectoras-y-rectores-reafirmo-su-compromiso-con-la-erradicacion-de-violencia-de-genero-tras-caso-de-formalizacion-de-investigador-chileno\/#primaryimage\"},\"thumbnailUrl\":\"https:\/\/consejoderectores.cl\/wp-content\/uploads\/2023\/10\/logo-CRUCH-declaracion.jpeg\",\"datePublished\":\"2024-08-12T15:37:30+00:00\",\"dateModified\":\"2024-08-12T15:38:13+00:00\",\"breadcrumb\":{\"@id\":\"https:\/\/consejoderectores.cl\/2024\/08\/12\/consejo-de-rectoras-y-rectores-reafirmo-su-compromiso-con-la-erradicacion-de-violencia-de-genero-tras-caso-de-formalizacion-de-investigador-chileno\/#breadcrumb\"},\"inLanguage\":\"en-US\",\"potentialAction\":[{\"@type\":\"ReadAction\",\"target\":[\"https:\/\/consejoderectores.cl\/2024\/08\/12\/consejo-de-rectoras-y-rectores-reafirmo-su-compromiso-con-la-erradicacion-de-violencia-de-genero-tras-caso-de-formalizacion-de-investigador-chileno\/\"]}]},{\"@type\":\"ImageObject\",\"inLanguage\":\"en-US\",\"@id\":\"https:\/\/consejoderectores.cl\/2024\/08\/12\/consejo-de-rectoras-y-rectores-reafirmo-su-compromiso-con-la-erradicacion-de-violencia-de-genero-tras-caso-de-formalizacion-de-investigador-chileno\/#primaryimage\",\"url\":\"https:\/\/consejoderectores.cl\/wp-content\/uploads\/2023\/10\/logo-CRUCH-declaracion.jpeg\",\"contentUrl\":\"https:\/\/consejoderectores.cl\/wp-content\/uploads\/2023\/10\/logo-CRUCH-declaracion.jpeg\",\"width\":1024,\"height\":500},{\"@type\":\"BreadcrumbList\",\"@id\":\"https:\/\/consejoderectores.cl\/2024\/08\/12\/consejo-de-rectoras-y-rectores-reafirmo-su-compromiso-con-la-erradicacion-de-violencia-de-genero-tras-caso-de-formalizacion-de-investigador-chileno\/#breadcrumb\",\"itemListElement\":[{\"@type\":\"ListItem\",\"position\":1,\"name\":\"Home\",\"item\":\"https:\/\/consejoderectores.cl\/\"},{\"@type\":\"ListItem\",\"position\":2,\"name\":\"Consejo de Rectoras y Rectores reafirm\u00f3 su compromiso con la erradicaci\u00f3n de violencia de g\u00e9nero tras caso de formalizaci\u00f3n de investigador chileno\"}]},{\"@type\":\"WebSite\",\"@id\":\"https:\/\/consejoderectores.cl\/en\/#website\",\"url\":\"https:\/\/consejoderectores.cl\/en\/\",\"name\":\"Consejo de Rectoras y Rectores de las Universidades Chilenas\",\"description\":\"\",\"publisher\":{\"@id\":\"https:\/\/consejoderectores.cl\/en\/#organization\"},\"potentialAction\":[{\"@type\":\"SearchAction\",\"target\":{\"@type\":\"EntryPoint\",\"urlTemplate\":\"https:\/\/consejoderectores.cl\/en\/?s={search_term_string}\"},\"query-input\":{\"@type\":\"PropertyValueSpecification\",\"valueRequired\":true,\"valueName\":\"search_term_string\"}}],\"inLanguage\":\"en-US\"},{\"@type\":\"Organization\",\"@id\":\"https:\/\/consejoderectores.cl\/en\/#organization\",\"name\":\"Consejo de Rectoras y Rectores de las Universidades Chilenas\",\"url\":\"https:\/\/consejoderectores.cl\/en\/\",\"logo\":{\"@type\":\"ImageObject\",\"inLanguage\":\"en-US\",\"@id\":\"https:\/\/consejoderectores.cl\/en\/#\/schema\/logo\/image\/\",\"url\":\"https:\/\/consejoderectores.cl\/wp-content\/uploads\/2025\/12\/logoheader_2025.png\",\"contentUrl\":\"https:\/\/consejoderectores.cl\/wp-content\/uploads\/2025\/12\/logoheader_2025.png\",\"width\":666,\"height\":305,\"caption\":\"Consejo de Rectoras y Rectores de las Universidades Chilenas\"},\"image\":{\"@id\":\"https:\/\/consejoderectores.cl\/en\/#\/schema\/logo\/image\/\"},\"sameAs\":[\"https:\/\/x.com\/CRUCH_cl\",\"https:\/\/www.instagram.com\/consejoderectores\/\",\"https:\/\/www.linkedin.com\/company\/cruch\/\",\"https:\/\/www.youtube.com\/channel\/UCzgIFRCsDlKoFpimiQmEaOA\"]},{\"@type\":\"Person\",\"@id\":\"https:\/\/consejoderectores.cl\/en\/#\/schema\/person\/d863e44afde067fd4b57fac66ced709e\",\"name\":\"Consejo de Rectores de las Universidades Chilenas\",\"image\":{\"@type\":\"ImageObject\",\"inLanguage\":\"en-US\",\"@id\":\"https:\/\/consejoderectores.cl\/en\/#\/schema\/person\/image\/\",\"url\":\"https:\/\/secure.gravatar.com\/avatar\/c31e2a02401f041926afb8ee21ab666f0925814fe85d25a5c8db80e23722dfc1?s=96&d=mm&r=g\",\"contentUrl\":\"https:\/\/secure.gravatar.com\/avatar\/c31e2a02401f041926afb8ee21ab666f0925814fe85d25a5c8db80e23722dfc1?s=96&d=mm&r=g\",\"caption\":\"Consejo de Rectores de las Universidades Chilenas\"},\"sameAs\":[\"https:\/\/www.consejoderectores.cl\"],\"url\":\"https:\/\/consejoderectores.cl\/en\/author\/cruch\/\"}]}<\/script>\n<!-- \/ Yoast SEO plugin. -->","yoast_head_json":{"title":"Consejo de Rectoras y Rectores reafirm\u00f3 su compromiso con la erradicaci\u00f3n de violencia de g\u00e9nero tras caso de formalizaci\u00f3n de investigador chileno - Consejo de Rectoras y Rectores de las Universidades Chilenas","robots":{"index":"index","follow":"follow","max-snippet":"max-snippet:-1","max-image-preview":"max-image-preview:large","max-video-preview":"max-video-preview:-1"},"canonical":"https:\/\/consejoderectores.cl\/en\/2024\/08\/12\/consejo-de-rectoras-y-rectores-reafirmo-su-compromiso-con-la-erradicacion-de-violencia-de-genero-tras-caso-de-formalizacion-de-investigador-chileno\/","og_locale":"en_US","og_type":"article","og_title":"Consejo de Rectoras y Rectores reafirm\u00f3 su compromiso con la erradicaci\u00f3n de violencia de g\u00e9nero tras caso de formalizaci\u00f3n de investigador chileno - Consejo de Rectoras y Rectores de las Universidades Chilenas","og_description":"\u201cConfiamos en que el sistema procesal penal chileno llevar\u00e1 a cabo las acciones pertinentes para determinar la ocurrencia de los hechos y las responsabilidades correspondientes\u201d, sostuvo el Consejo. El CRUCH expres\u00f3 su compromiso con el \u201cfortalecimiento de las pol\u00edticas y protocolos para prevenir y abordar cualquier tipo de violencia\u201d y se\u00f1al\u00f3 la importancia de \u201cseguir [&hellip;]","og_url":"https:\/\/consejoderectores.cl\/en\/2024\/08\/12\/consejo-de-rectoras-y-rectores-reafirmo-su-compromiso-con-la-erradicacion-de-violencia-de-genero-tras-caso-de-formalizacion-de-investigador-chileno\/","og_site_name":"Consejo de Rectoras y Rectores de las Universidades Chilenas","article_published_time":"2024-08-12T15:37:30+00:00","article_modified_time":"2024-08-12T15:38:13+00:00","og_image":[{"width":1024,"height":500,"url":"https:\/\/consejoderectores.cl\/wp-content\/uploads\/2023\/10\/logo-CRUCH-declaracion.jpeg","type":"image\/jpeg"}],"author":"Consejo de Rectores de las Universidades Chilenas","twitter_card":"summary_large_image","twitter_creator":"@CRUCH_cl","twitter_site":"@CRUCH_cl","twitter_misc":{"Written by":"Consejo de Rectores de las Universidades Chilenas","Est. reading time":"2 minutes"},"schema":{"@context":"https:\/\/schema.org","@graph":[{"@type":"Article","@id":"https:\/\/consejoderectores.cl\/2024\/08\/12\/consejo-de-rectoras-y-rectores-reafirmo-su-compromiso-con-la-erradicacion-de-violencia-de-genero-tras-caso-de-formalizacion-de-investigador-chileno\/#article","isPartOf":{"@id":"https:\/\/consejoderectores.cl\/2024\/08\/12\/consejo-de-rectoras-y-rectores-reafirmo-su-compromiso-con-la-erradicacion-de-violencia-de-genero-tras-caso-de-formalizacion-de-investigador-chileno\/"},"author":{"name":"Consejo de Rectores de las Universidades Chilenas","@id":"https:\/\/consejoderectores.cl\/en\/#\/schema\/person\/d863e44afde067fd4b57fac66ced709e"},"headline":"Consejo de Rectoras y Rectores reafirm\u00f3 su compromiso con la erradicaci\u00f3n de violencia de g\u00e9nero tras caso de formalizaci\u00f3n de investigador chileno","datePublished":"2024-08-12T15:37:30+00:00","dateModified":"2024-08-12T15:38:13+00:00","mainEntityOfPage":{"@id":"https:\/\/consejoderectores.cl\/2024\/08\/12\/consejo-de-rectoras-y-rectores-reafirmo-su-compromiso-con-la-erradicacion-de-violencia-de-genero-tras-caso-de-formalizacion-de-investigador-chileno\/"},"wordCount":466,"commentCount":0,"publisher":{"@id":"https:\/\/consejoderectores.cl\/en\/#organization"},"image":{"@id":"https:\/\/consejoderectores.cl\/2024\/08\/12\/consejo-de-rectoras-y-rectores-reafirmo-su-compromiso-con-la-erradicacion-de-violencia-de-genero-tras-caso-de-formalizacion-de-investigador-chileno\/#primaryimage"},"thumbnailUrl":"https:\/\/consejoderectores.cl\/wp-content\/uploads\/2023\/10\/logo-CRUCH-declaracion.jpeg","articleSection":["Noticias","Noticias Carrusel"],"inLanguage":"en-US","potentialAction":[{"@type":"CommentAction","name":"Comment","target":["https:\/\/consejoderectores.cl\/2024\/08\/12\/consejo-de-rectoras-y-rectores-reafirmo-su-compromiso-con-la-erradicacion-de-violencia-de-genero-tras-caso-de-formalizacion-de-investigador-chileno\/#respond"]}]},{"@type":"WebPage","@id":"https:\/\/consejoderectores.cl\/2024\/08\/12\/consejo-de-rectoras-y-rectores-reafirmo-su-compromiso-con-la-erradicacion-de-violencia-de-genero-tras-caso-de-formalizacion-de-investigador-chileno\/","url":"https:\/\/consejoderectores.cl\/2024\/08\/12\/consejo-de-rectoras-y-rectores-reafirmo-su-compromiso-con-la-erradicacion-de-violencia-de-genero-tras-caso-de-formalizacion-de-investigador-chileno\/","name":"Consejo de Rectoras y Rectores reafirm\u00f3 su compromiso con la erradicaci\u00f3n de violencia de g\u00e9nero tras caso de formalizaci\u00f3n de investigador chileno - Consejo de Rectoras y Rectores de las Universidades Chilenas","isPartOf":{"@id":"https:\/\/consejoderectores.cl\/en\/#website"},"primaryImageOfPage":{"@id":"https:\/\/consejoderectores.cl\/2024\/08\/12\/consejo-de-rectoras-y-rectores-reafirmo-su-compromiso-con-la-erradicacion-de-violencia-de-genero-tras-caso-de-formalizacion-de-investigador-chileno\/#primaryimage"},"image":{"@id":"https:\/\/consejoderectores.cl\/2024\/08\/12\/consejo-de-rectoras-y-rectores-reafirmo-su-compromiso-con-la-erradicacion-de-violencia-de-genero-tras-caso-de-formalizacion-de-investigador-chileno\/#primaryimage"},"thumbnailUrl":"https:\/\/consejoderectores.cl\/wp-content\/uploads\/2023\/10\/logo-CRUCH-declaracion.jpeg","datePublished":"2024-08-12T15:37:30+00:00","dateModified":"2024-08-12T15:38:13+00:00","breadcrumb":{"@id":"https:\/\/consejoderectores.cl\/2024\/08\/12\/consejo-de-rectoras-y-rectores-reafirmo-su-compromiso-con-la-erradicacion-de-violencia-de-genero-tras-caso-de-formalizacion-de-investigador-chileno\/#breadcrumb"},"inLanguage":"en-US","potentialAction":[{"@type":"ReadAction","target":["https:\/\/consejoderectores.cl\/2024\/08\/12\/consejo-de-rectoras-y-rectores-reafirmo-su-compromiso-con-la-erradicacion-de-violencia-de-genero-tras-caso-de-formalizacion-de-investigador-chileno\/"]}]},{"@type":"ImageObject","inLanguage":"en-US","@id":"https:\/\/consejoderectores.cl\/2024\/08\/12\/consejo-de-rectoras-y-rectores-reafirmo-su-compromiso-con-la-erradicacion-de-violencia-de-genero-tras-caso-de-formalizacion-de-investigador-chileno\/#primaryimage","url":"https:\/\/consejoderectores.cl\/wp-content\/uploads\/2023\/10\/logo-CRUCH-declaracion.jpeg","contentUrl":"https:\/\/consejoderectores.cl\/wp-content\/uploads\/2023\/10\/logo-CRUCH-declaracion.jpeg","width":1024,"height":500},{"@type":"BreadcrumbList","@id":"https:\/\/consejoderectores.cl\/2024\/08\/12\/consejo-de-rectoras-y-rectores-reafirmo-su-compromiso-con-la-erradicacion-de-violencia-de-genero-tras-caso-de-formalizacion-de-investigador-chileno\/#breadcrumb","itemListElement":[{"@type":"ListItem","position":1,"name":"Home","item":"https:\/\/consejoderectores.cl\/"},{"@type":"ListItem","position":2,"name":"Consejo de Rectoras y Rectores reafirm\u00f3 su compromiso con la erradicaci\u00f3n de violencia de g\u00e9nero tras caso de formalizaci\u00f3n de investigador chileno"}]},{"@type":"WebSite","@id":"https:\/\/consejoderectores.cl\/en\/#website","url":"https:\/\/consejoderectores.cl\/en\/","name":"Council of Rectors of Chilean Universities","description":"","publisher":{"@id":"https:\/\/consejoderectores.cl\/en\/#organization"},"potentialAction":[{"@type":"SearchAction","target":{"@type":"EntryPoint","urlTemplate":"https:\/\/consejoderectores.cl\/en\/?s={search_term_string}"},"query-input":{"@type":"PropertyValueSpecification","valueRequired":true,"valueName":"search_term_string"}}],"inLanguage":"en-US"},{"@type":"Organization","@id":"https:\/\/consejoderectores.cl\/en\/#organization","name":"Council of Rectors of Chilean Universities","url":"https:\/\/consejoderectores.cl\/en\/","logo":{"@type":"ImageObject","inLanguage":"en-US","@id":"https:\/\/consejoderectores.cl\/en\/#\/schema\/logo\/image\/","url":"https:\/\/consejoderectores.cl\/wp-content\/uploads\/2025\/12\/logoheader_2025.png","contentUrl":"https:\/\/consejoderectores.cl\/wp-content\/uploads\/2025\/12\/logoheader_2025.png","width":666,"height":305,"caption":"Consejo de Rectoras y Rectores de las Universidades Chilenas"},"image":{"@id":"https:\/\/consejoderectores.cl\/en\/#\/schema\/logo\/image\/"},"sameAs":["https:\/\/x.com\/CRUCH_cl","https:\/\/www.instagram.com\/consejoderectores\/","https:\/\/www.linkedin.com\/company\/cruch\/","https:\/\/www.youtube.com\/channel\/UCzgIFRCsDlKoFpimiQmEaOA"]},{"@type":"Person","@id":"https:\/\/consejoderectores.cl\/en\/#\/schema\/person\/d863e44afde067fd4b57fac66ced709e","name":"Council of Rectors of Chilean Universities","image":{"@type":"ImageObject","inLanguage":"en-US","@id":"https:\/\/consejoderectores.cl\/en\/#\/schema\/person\/image\/","url":"https:\/\/secure.gravatar.com\/avatar\/c31e2a02401f041926afb8ee21ab666f0925814fe85d25a5c8db80e23722dfc1?s=96&d=mm&r=g","contentUrl":"https:\/\/secure.gravatar.com\/avatar\/c31e2a02401f041926afb8ee21ab666f0925814fe85d25a5c8db80e23722dfc1?s=96&d=mm&r=g","caption":"Consejo de Rectores de las Universidades Chilenas"},"sameAs":["https:\/\/www.consejoderectores.cl"],"url":"https:\/\/consejoderectores.cl\/en\/author\/cruch\/"}]}},"_links":{"self":[{"href":"https:\/\/consejoderectores.cl\/en\/wp-json\/wp\/v2\/posts\/11432","targetHints":{"allow":["GET"]}}],"collection":[{"href":"https:\/\/consejoderectores.cl\/en\/wp-json\/wp\/v2\/posts"}],"about":[{"href":"https:\/\/consejoderectores.cl\/en\/wp-json\/wp\/v2\/types\/post"}],"author":[{"embeddable":true,"href":"https:\/\/consejoderectores.cl\/en\/wp-json\/wp\/v2\/users\/1"}],"replies":[{"embeddable":true,"href":"https:\/\/consejoderectores.cl\/en\/wp-json\/wp\/v2\/comments?post=11432"}],"version-history":[{"count":1,"href":"https:\/\/consejoderectores.cl\/en\/wp-json\/wp\/v2\/posts\/11432\/revisions"}],"predecessor-version":[{"id":11433,"href":"https:\/\/consejoderectores.cl\/en\/wp-json\/wp\/v2\/posts\/11432\/revisions\/11433"}],"wp:featuredmedia":[{"embeddable":true,"href":"https:\/\/consejoderectores.cl\/en\/wp-json\/wp\/v2\/media\/8213"}],"wp:attachment":[{"href":"https:\/\/consejoderectores.cl\/en\/wp-json\/wp\/v2\/media?parent=11432"}],"wp:term":[{"taxonomy":"category","embeddable":true,"href":"https:\/\/consejoderectores.cl\/en\/wp-json\/wp\/v2\/categories?post=11432"},{"taxonomy":"post_tag","embeddable":true,"href":"https:\/\/consejoderectores.cl\/en\/wp-json\/wp\/v2\/tags?post=11432"}],"curies":[{"name":"wp","href":"https:\/\/api.w.org\/{rel}","templated":true}]}}